{"id":75685,"date":"2022-04-14T07:00:00","date_gmt":"2022-04-14T10:00:00","guid":{"rendered":"http:\/\/patagoniambiental.com.ar\/info\/?p=75685"},"modified":"2022-04-13T08:49:57","modified_gmt":"2022-04-13T11:49:57","slug":"medio-ambiente-municipal-de-ushuaia-capacita-a-los-guardias-ambientales","status":"publish","type":"post","link":"https:\/\/patagoniambiental.com.ar\/info\/medio-ambiente-municipal-de-ushuaia-capacita-a-los-guardias-ambientales\/","title":{"rendered":"Medio Ambiente municipal de Ushuaia capacita a los Guardias Ambientales"},"content":{"rendered":"\n<!--more-->\n\n\n\n<p>Ushuaia.-Las charlas se llevan adelante en el marco de la normativa vigente, con el objetivo de brindarles a los Guardias Ambientales, herramientas que les permitan ampliar sus conocimientos t\u00e9cnicos y sobre normas en las tem\u00e1ticas ambientales, para la conservaci\u00f3n de las Reservas Naturales Municipales. En el marco de las pol\u00edticas ambientales de fortalecimiento y puesta en valor de las \u00e1reas protegidas de la ciudad que lleva a cabo la Municipalidad de Ushuaia, a trav\u00e9s de la Secretar\u00eda de Medio Ambiente y Desarrollo Sustentable, se vienen realizando distintas capacitaciones dictadas a los Guardias Ambientales.<br>Las capacitaciones se llevan adelante en el marco de la normativa vigente, con el objetivo de brindarles a los Guardias Ambientales, herramientas que les permitan ampliar sus conocimientos t\u00e9cnicos y sobre normas en las tem\u00e1ticas ambientales, para la conservaci\u00f3n de las Reservas Naturales Municipales.<br>Estas capacitaciones son obligatorias para los Guardias Ambientales de la Reserva Natural Bah\u00eda Encerrada y Bosque Yatana, las mismas estuvieron a cargo de la licenciada Virginia Rizzo, directora de ambiente y la licenciada Carolina D\u00edaz, del equipo t\u00e9cnico de la Secretaria de Ambiente y Desarrollo Sustentable.<br>La charla se orient\u00f3 en reconocer geogr\u00e1ficamente las ecorregiones argentinas puntualizando sobre aquellas que componen nuestra provincia. Se detall\u00f3 en mayor profundidad respecto a la regi\u00f3n natural en la cual nuestra ciudad est\u00e1 inmersa, compartiendo especies de flora, fauna nativa y definiendo la importancia de humedales y turbales.<br>Las Guardias Ambientales, son las encargadas de controlar el patrimonio natural, evitando su contaminaci\u00f3n, participando en la defensa ecol\u00f3gica de la ciudad; garantizando el cumplimiento de las normas existentes y el derecho de los vecinos y vecinas a un ambiente sano, equilibrado y apto para el desarrollo humano.<br>A trav\u00e9s de estas charlas se fortalece el cuidado de nuestro medio ambiente buscando la concientizaci\u00f3n sobre la conservaci\u00f3n de las reservas naturales, para construir una ciudad m\u00e1s cuidada y sustentable.<\/p>\n\n\n\n<p>Fuente: http:\/\/www.eldiariodelfindelmundo.com\/noticias\/2022\/04\/13\/95979-medio-ambiente-municipal-capacita-a-los-guardias-ambientales<\/p>\n","protected":false},"excerpt":{"rendered":"","protected":false},"author":6,"featured_media":75686,"comment_status":"open","ping_status":"open","sticky":false,"template":"","format":"standard","meta":{"site-sidebar-layout":"default","site-content-layout":"","ast-site-content-layout":"default","site-content-style":"default","site-sidebar-style":"default","ast-global-header-display":"","ast-banner-title-visibility":"","ast-main-header-display":"","ast-hfb-above-header-display":"","ast-hfb-below-header-display":"","ast-hfb-mobile-header-display":"","site-post-title":"","ast-breadcrumbs-content":"","ast-featured-img":"","footer-sml-layout":"","ast-disable-related-posts":"","theme-transparent-header-meta":"","adv-header-id-meta":"","stick-header-meta":"","header-above-stick-meta":"","header-main-stick-meta":"","header-below-stick-meta":"","astra-migrate-meta-layouts":"default","ast-page-background-enabled":"default","ast-page-background-meta":{"desktop":{"background-color":"var(--ast-global-color-5)","background-image":"","background-repeat":"repeat","background-position":"center center","background-size":"auto","background-attachment":"scroll","background-type":"","background-media":"","overlay-type":"","overlay-color":"","overlay-opacity":"","overlay-gradient":""},"tablet":{"background-color":"","background-image":"","background-repeat":"repeat","background-position":"center center","background-size":"auto","background-attachment":"scroll","background-type":"","background-media":"","overlay-type":"","overlay-color":"","overlay-opacity":"","overlay-gradient":""},"mobile":{"background-color":"","background-image":"","background-repeat":"repeat","background-position":"center center","background-size":"auto","background-attachment":"scroll","background-type":"","background-media":"","overlay-type":"","overlay-color":"","overlay-opacity":"","overlay-gradient":""}},"ast-content-background-meta":{"desktop":{"background-color":"var(--ast-global-color-4)","background-image":"","background-repeat":"repeat","background-position":"center center","background-size":"auto","background-attachment":"scroll","background-type":"","background-media":"","overlay-type":"","overlay-color":"","overlay-opacity":"","overlay-gradient":""},"tablet":{"background-color":"var(--ast-global-color-4)","background-image":"","background-repeat":"repeat","background-position":"center center","background-size":"auto","background-attachment":"scroll","background-type":"","background-media":"","overlay-type":"","overlay-color":"","overlay-opacity":"","overlay-gradient":""},"mobile":{"background-color":"var(--ast-global-color-4)","background-image":"","background-repeat":"repeat","background-position":"center center","background-size":"auto","background-attachment":"scroll","background-type":"","background-media":"","overlay-type":"","overlay-color":"","overlay-opacity":"","overlay-gradient":""}},"footnotes":""},"categories":[12,11,1,10],"tags":[],"class_list":["post-75685","post","type-post","status-publish","format-standard","has-post-thumbnail","hentry","category-agenda-ambiental","category-boletin","category-noticias","category-rotador"],"yoast_head":"<!-- This site is optimized with the Yoast SEO Premium plugin v23.0 (Yoast SEO v27.5) - https:\/\/yoast.com\/product\/yoast-seo-premium-wordpress\/ -->\n<title>Medio Ambiente municipal de Ushuaia capacita a los Guardias Ambientales<\/title>\n<meta name=\"robots\" content=\"index, follow, max-snippet:-1, max-image-preview:large, max-video-preview:-1\" \/>\n<link rel=\"canonical\" href=\"https:\/\/patagoniambiental.com.ar\/info\/medio-ambiente-municipal-de-ushuaia-capacita-a-los-guardias-ambientales\/\" \/>\n<meta property=\"og:locale\" content=\"es_ES\" \/>\n<meta property=\"og:type\" content=\"article\" \/>\n<meta property=\"og:title\" content=\"Medio Ambiente municipal de Ushuaia capacita a los Guardias Ambientales\" \/>\n<meta property=\"og:url\" content=\"https:\/\/patagoniambiental.com.ar\/info\/medio-ambiente-municipal-de-ushuaia-capacita-a-los-guardias-ambientales\/\" \/>\n<meta property=\"og:site_name\" content=\"Patagonia Ambiental\" \/>\n<meta property=\"article:publisher\" content=\"https:\/\/www.facebook.com\/patagonia.ambiental\" \/>\n<meta property=\"article:published_time\" content=\"2022-04-14T10:00:00+00:00\" \/>\n<meta property=\"og:image\" content=\"https:\/\/patagoniambiental.com.ar\/info\/wp-content\/uploads\/2022\/04\/202204121026181a08371deb7139f81a3ac4df34855752.jpg\" \/>\n\t<meta property=\"og:image:width\" content=\"1280\" \/>\n\t<meta property=\"og:image:height\" content=\"719\" \/>\n\t<meta property=\"og:image:type\" content=\"image\/jpeg\" \/>\n<meta name=\"author\" content=\"BRAIAN ESTEVEZ\" \/>\n<meta name=\"twitter:card\" content=\"summary_large_image\" \/>\n<meta name=\"twitter:creator\" content=\"@PatAmb\" \/>\n<meta name=\"twitter:site\" content=\"@PatAmb\" \/>\n<script type=\"application\/ld+json\" class=\"yoast-schema-graph\">{\"@context\":\"https:\\\/\\\/schema.org\",\"@graph\":[{\"@type\":\"Article\",\"@id\":\"https:\\\/\\\/patagoniambiental.com.ar\\\/info\\\/medio-ambiente-municipal-de-ushuaia-capacita-a-los-guardias-ambientales\\\/#article\",\"isPartOf\":{\"@id\":\"https:\\\/\\\/patagoniambiental.com.ar\\\/info\\\/medio-ambiente-municipal-de-ushuaia-capacita-a-los-guardias-ambientales\\\/\"},\"author\":{\"name\":\"BRAIAN ESTEVEZ\",\"@id\":\"https:\\\/\\\/patagoniambiental.com.ar\\\/info\\\/#\\\/schema\\\/person\\\/e5af09d700b2e82cb10c6b8800e0c691\"},\"headline\":\"Medio Ambiente municipal de Ushuaia capacita a los Guardias Ambientales\",\"datePublished\":\"2022-04-14T10:00:00+00:00\",\"mainEntityOfPage\":{\"@id\":\"https:\\\/\\\/patagoniambiental.com.ar\\\/info\\\/medio-ambiente-municipal-de-ushuaia-capacita-a-los-guardias-ambientales\\\/\"},\"wordCount\":348,\"commentCount\":0,\"publisher\":{\"@id\":\"https:\\\/\\\/patagoniambiental.com.ar\\\/info\\\/#organization\"},\"image\":{\"@id\":\"https:\\\/\\\/patagoniambiental.com.ar\\\/info\\\/medio-ambiente-municipal-de-ushuaia-capacita-a-los-guardias-ambientales\\\/#primaryimage\"},\"thumbnailUrl\":\"https:\\\/\\\/patagoniambiental.com.ar\\\/info\\\/wp-content\\\/uploads\\\/2022\\\/04\\\/202204121026181a08371deb7139f81a3ac4df34855752.jpg\",\"articleSection\":[\"Agenda Ambiental\",\"Bolet\u00edn\",\"Noticias\",\"Rotador\"],\"inLanguage\":\"es\",\"potentialAction\":[{\"@type\":\"CommentAction\",\"name\":\"Comment\",\"target\":[\"https:\\\/\\\/patagoniambiental.com.ar\\\/info\\\/medio-ambiente-municipal-de-ushuaia-capacita-a-los-guardias-ambientales\\\/#respond\"]}]},{\"@type\":\"WebPage\",\"@id\":\"https:\\\/\\\/patagoniambiental.com.ar\\\/info\\\/medio-ambiente-municipal-de-ushuaia-capacita-a-los-guardias-ambientales\\\/\",\"url\":\"https:\\\/\\\/patagoniambiental.com.ar\\\/info\\\/medio-ambiente-municipal-de-ushuaia-capacita-a-los-guardias-ambientales\\\/\",\"name\":\"Medio Ambiente municipal de Ushuaia capacita a los Guardias Ambientales\",\"isPartOf\":{\"@id\":\"https:\\\/\\\/patagoniambiental.com.ar\\\/info\\\/#website\"},\"primaryImageOfPage\":{\"@id\":\"https:\\\/\\\/patagoniambiental.com.ar\\\/info\\\/medio-ambiente-municipal-de-ushuaia-capacita-a-los-guardias-ambientales\\\/#primaryimage\"},\"image\":{\"@id\":\"https:\\\/\\\/patagoniambiental.com.ar\\\/info\\\/medio-ambiente-municipal-de-ushuaia-capacita-a-los-guardias-ambientales\\\/#primaryimage\"},\"thumbnailUrl\":\"https:\\\/\\\/patagoniambiental.com.ar\\\/info\\\/wp-content\\\/uploads\\\/2022\\\/04\\\/202204121026181a08371deb7139f81a3ac4df34855752.jpg\",\"datePublished\":\"2022-04-14T10:00:00+00:00\",\"breadcrumb\":{\"@id\":\"https:\\\/\\\/patagoniambiental.com.ar\\\/info\\\/medio-ambiente-municipal-de-ushuaia-capacita-a-los-guardias-ambientales\\\/#breadcrumb\"},\"inLanguage\":\"es\",\"potentialAction\":[{\"@type\":\"ReadAction\",\"target\":[\"https:\\\/\\\/patagoniambiental.com.ar\\\/info\\\/medio-ambiente-municipal-de-ushuaia-capacita-a-los-guardias-ambientales\\\/\"]}]},{\"@type\":\"ImageObject\",\"inLanguage\":\"es\",\"@id\":\"https:\\\/\\\/patagoniambiental.com.ar\\\/info\\\/medio-ambiente-municipal-de-ushuaia-capacita-a-los-guardias-ambientales\\\/#primaryimage\",\"url\":\"https:\\\/\\\/patagoniambiental.com.ar\\\/info\\\/wp-content\\\/uploads\\\/2022\\\/04\\\/202204121026181a08371deb7139f81a3ac4df34855752.jpg\",\"contentUrl\":\"https:\\\/\\\/patagoniambiental.com.ar\\\/info\\\/wp-content\\\/uploads\\\/2022\\\/04\\\/202204121026181a08371deb7139f81a3ac4df34855752.jpg\",\"width\":1068,\"height\":600},{\"@type\":\"BreadcrumbList\",\"@id\":\"https:\\\/\\\/patagoniambiental.com.ar\\\/info\\\/medio-ambiente-municipal-de-ushuaia-capacita-a-los-guardias-ambientales\\\/#breadcrumb\",\"itemListElement\":[{\"@type\":\"ListItem\",\"position\":1,\"name\":\"Inicio\",\"item\":\"https:\\\/\\\/patagoniambiental.com.ar\\\/info\\\/\"},{\"@type\":\"ListItem\",\"position\":2,\"name\":\"Medio Ambiente municipal de Ushuaia capacita a los Guardias Ambientales\"}]},{\"@type\":\"WebSite\",\"@id\":\"https:\\\/\\\/patagoniambiental.com.ar\\\/info\\\/#website\",\"url\":\"https:\\\/\\\/patagoniambiental.com.ar\\\/info\\\/\",\"name\":\"Patagonia Ambiental\",\"description\":\"Monitoreo y an\u00e1lisis de la situaci\u00f3n geopol\u00edtica en el mundo y su implicancia en la Patagonia\",\"publisher\":{\"@id\":\"https:\\\/\\\/patagoniambiental.com.ar\\\/info\\\/#organization\"},\"potentialAction\":[{\"@type\":\"SearchAction\",\"target\":{\"@type\":\"EntryPoint\",\"urlTemplate\":\"https:\\\/\\\/patagoniambiental.com.ar\\\/info\\\/?s={search_term_string}\"},\"query-input\":{\"@type\":\"PropertyValueSpecification\",\"valueRequired\":true,\"valueName\":\"search_term_string\"}}],\"inLanguage\":\"es\"},{\"@type\":\"Organization\",\"@id\":\"https:\\\/\\\/patagoniambiental.com.ar\\\/info\\\/#organization\",\"name\":\"Patagonia Ambiental\",\"url\":\"https:\\\/\\\/patagoniambiental.com.ar\\\/info\\\/\",\"logo\":{\"@type\":\"ImageObject\",\"inLanguage\":\"es\",\"@id\":\"https:\\\/\\\/patagoniambiental.com.ar\\\/info\\\/#\\\/schema\\\/logo\\\/image\\\/\",\"url\":\"https:\\\/\\\/patagoniambiental.com.ar\\\/info\\\/wp-content\\\/uploads\\\/2025\\\/05\\\/LOGO-PATAGONIA-AMBIENTAL.png\",\"contentUrl\":\"https:\\\/\\\/patagoniambiental.com.ar\\\/info\\\/wp-content\\\/uploads\\\/2025\\\/05\\\/LOGO-PATAGONIA-AMBIENTAL.png\",\"width\":433,\"height\":250,\"caption\":\"Patagonia Ambiental\"},\"image\":{\"@id\":\"https:\\\/\\\/patagoniambiental.com.ar\\\/info\\\/#\\\/schema\\\/logo\\\/image\\\/\"},\"sameAs\":[\"https:\\\/\\\/www.facebook.com\\\/patagonia.ambiental\",\"https:\\\/\\\/x.com\\\/PatAmb\"]},{\"@type\":\"Person\",\"@id\":\"https:\\\/\\\/patagoniambiental.com.ar\\\/info\\\/#\\\/schema\\\/person\\\/e5af09d700b2e82cb10c6b8800e0c691\",\"name\":\"BRAIAN ESTEVEZ\",\"sameAs\":[\"http:\\\/\\\/www.patagoniambiental.com.ar\"]}]}<\/script>\n<!-- \/ Yoast SEO Premium plugin. -->","yoast_head_json":{"title":"Medio Ambiente municipal de Ushuaia capacita a los Guardias Ambientales","robots":{"index":"index","follow":"follow","max-snippet":"max-snippet:-1","max-image-preview":"max-image-preview:large","max-video-preview":"max-video-preview:-1"},"canonical":"https:\/\/patagoniambiental.com.ar\/info\/medio-ambiente-municipal-de-ushuaia-capacita-a-los-guardias-ambientales\/","og_locale":"es_ES","og_type":"article","og_title":"Medio Ambiente municipal de Ushuaia capacita a los Guardias Ambientales","og_url":"https:\/\/patagoniambiental.com.ar\/info\/medio-ambiente-municipal-de-ushuaia-capacita-a-los-guardias-ambientales\/","og_site_name":"Patagonia Ambiental","article_publisher":"https:\/\/www.facebook.com\/patagonia.ambiental","article_published_time":"2022-04-14T10:00:00+00:00","og_image":[{"width":1280,"height":719,"url":"https:\/\/patagoniambiental.com.ar\/info\/wp-content\/uploads\/2022\/04\/202204121026181a08371deb7139f81a3ac4df34855752.jpg","type":"image\/jpeg"}],"author":"BRAIAN ESTEVEZ","twitter_card":"summary_large_image","twitter_creator":"@PatAmb","twitter_site":"@PatAmb","schema":{"@context":"https:\/\/schema.org","@graph":[{"@type":"Article","@id":"https:\/\/patagoniambiental.com.ar\/info\/medio-ambiente-municipal-de-ushuaia-capacita-a-los-guardias-ambientales\/#article","isPartOf":{"@id":"https:\/\/patagoniambiental.com.ar\/info\/medio-ambiente-municipal-de-ushuaia-capacita-a-los-guardias-ambientales\/"},"author":{"name":"BRAIAN ESTEVEZ","@id":"https:\/\/patagoniambiental.com.ar\/info\/#\/schema\/person\/e5af09d700b2e82cb10c6b8800e0c691"},"headline":"Medio Ambiente municipal de Ushuaia capacita a los Guardias Ambientales","datePublished":"2022-04-14T10:00:00+00:00","mainEntityOfPage":{"@id":"https:\/\/patagoniambiental.com.ar\/info\/medio-ambiente-municipal-de-ushuaia-capacita-a-los-guardias-ambientales\/"},"wordCount":348,"commentCount":0,"publisher":{"@id":"https:\/\/patagoniambiental.com.ar\/info\/#organization"},"image":{"@id":"https:\/\/patagoniambiental.com.ar\/info\/medio-ambiente-municipal-de-ushuaia-capacita-a-los-guardias-ambientales\/#primaryimage"},"thumbnailUrl":"https:\/\/patagoniambiental.com.ar\/info\/wp-content\/uploads\/2022\/04\/202204121026181a08371deb7139f81a3ac4df34855752.jpg","articleSection":["Agenda Ambiental","Bolet\u00edn","Noticias","Rotador"],"inLanguage":"es","potentialAction":[{"@type":"CommentAction","name":"Comment","target":["https:\/\/patagoniambiental.com.ar\/info\/medio-ambiente-municipal-de-ushuaia-capacita-a-los-guardias-ambientales\/#respond"]}]},{"@type":"WebPage","@id":"https:\/\/patagoniambiental.com.ar\/info\/medio-ambiente-municipal-de-ushuaia-capacita-a-los-guardias-ambientales\/","url":"https:\/\/patagoniambiental.com.ar\/info\/medio-ambiente-municipal-de-ushuaia-capacita-a-los-guardias-ambientales\/","name":"Medio Ambiente municipal de Ushuaia capacita a los Guardias Ambientales","isPartOf":{"@id":"https:\/\/patagoniambiental.com.ar\/info\/#website"},"primaryImageOfPage":{"@id":"https:\/\/patagoniambiental.com.ar\/info\/medio-ambiente-municipal-de-ushuaia-capacita-a-los-guardias-ambientales\/#primaryimage"},"image":{"@id":"https:\/\/patagoniambiental.com.ar\/info\/medio-ambiente-municipal-de-ushuaia-capacita-a-los-guardias-ambientales\/#primaryimage"},"thumbnailUrl":"https:\/\/patagoniambiental.com.ar\/info\/wp-content\/uploads\/2022\/04\/202204121026181a08371deb7139f81a3ac4df34855752.jpg","datePublished":"2022-04-14T10:00:00+00:00","breadcrumb":{"@id":"https:\/\/patagoniambiental.com.ar\/info\/medio-ambiente-municipal-de-ushuaia-capacita-a-los-guardias-ambientales\/#breadcrumb"},"inLanguage":"es","potentialAction":[{"@type":"ReadAction","target":["https:\/\/patagoniambiental.com.ar\/info\/medio-ambiente-municipal-de-ushuaia-capacita-a-los-guardias-ambientales\/"]}]},{"@type":"ImageObject","inLanguage":"es","@id":"https:\/\/patagoniambiental.com.ar\/info\/medio-ambiente-municipal-de-ushuaia-capacita-a-los-guardias-ambientales\/#primaryimage","url":"https:\/\/patagoniambiental.com.ar\/info\/wp-content\/uploads\/2022\/04\/202204121026181a08371deb7139f81a3ac4df34855752.jpg","contentUrl":"https:\/\/patagoniambiental.com.ar\/info\/wp-content\/uploads\/2022\/04\/202204121026181a08371deb7139f81a3ac4df34855752.jpg","width":1068,"height":600},{"@type":"BreadcrumbList","@id":"https:\/\/patagoniambiental.com.ar\/info\/medio-ambiente-municipal-de-ushuaia-capacita-a-los-guardias-ambientales\/#breadcrumb","itemListElement":[{"@type":"ListItem","position":1,"name":"Inicio","item":"https:\/\/patagoniambiental.com.ar\/info\/"},{"@type":"ListItem","position":2,"name":"Medio Ambiente municipal de Ushuaia capacita a los Guardias Ambientales"}]},{"@type":"WebSite","@id":"https:\/\/patagoniambiental.com.ar\/info\/#website","url":"https:\/\/patagoniambiental.com.ar\/info\/","name":"Patagonia Ambiental","description":"Monitoreo y an\u00e1lisis de la situaci\u00f3n geopol\u00edtica en el mundo y su implicancia en la Patagonia","publisher":{"@id":"https:\/\/patagoniambiental.com.ar\/info\/#organization"},"potentialAction":[{"@type":"SearchAction","target":{"@type":"EntryPoint","urlTemplate":"https:\/\/patagoniambiental.com.ar\/info\/?s={search_term_string}"},"query-input":{"@type":"PropertyValueSpecification","valueRequired":true,"valueName":"search_term_string"}}],"inLanguage":"es"},{"@type":"Organization","@id":"https:\/\/patagoniambiental.com.ar\/info\/#organization","name":"Patagonia Ambiental","url":"https:\/\/patagoniambiental.com.ar\/info\/","logo":{"@type":"ImageObject","inLanguage":"es","@id":"https:\/\/patagoniambiental.com.ar\/info\/#\/schema\/logo\/image\/","url":"https:\/\/patagoniambiental.com.ar\/info\/wp-content\/uploads\/2025\/05\/LOGO-PATAGONIA-AMBIENTAL.png","contentUrl":"https:\/\/patagoniambiental.com.ar\/info\/wp-content\/uploads\/2025\/05\/LOGO-PATAGONIA-AMBIENTAL.png","width":433,"height":250,"caption":"Patagonia Ambiental"},"image":{"@id":"https:\/\/patagoniambiental.com.ar\/info\/#\/schema\/logo\/image\/"},"sameAs":["https:\/\/www.facebook.com\/patagonia.ambiental","https:\/\/x.com\/PatAmb"]},{"@type":"Person","@id":"https:\/\/patagoniambiental.com.ar\/info\/#\/schema\/person\/e5af09d700b2e82cb10c6b8800e0c691","name":"BRAIAN ESTEVEZ","sameAs":["http:\/\/www.patagoniambiental.com.ar"]}]}},"_links":{"self":[{"href":"https:\/\/patagoniambiental.com.ar\/info\/wp-json\/wp\/v2\/posts\/75685","targetHints":{"allow":["GET"]}}],"collection":[{"href":"https:\/\/patagoniambiental.com.ar\/info\/wp-json\/wp\/v2\/posts"}],"about":[{"href":"https:\/\/patagoniambiental.com.ar\/info\/wp-json\/wp\/v2\/types\/post"}],"author":[{"embeddable":true,"href":"https:\/\/patagoniambiental.com.ar\/info\/wp-json\/wp\/v2\/users\/6"}],"replies":[{"embeddable":true,"href":"https:\/\/patagoniambiental.com.ar\/info\/wp-json\/wp\/v2\/comments?post=75685"}],"version-history":[{"count":0,"href":"https:\/\/patagoniambiental.com.ar\/info\/wp-json\/wp\/v2\/posts\/75685\/revisions"}],"wp:featuredmedia":[{"embeddable":true,"href":"https:\/\/patagoniambiental.com.ar\/info\/wp-json\/wp\/v2\/media\/75686"}],"wp:attachment":[{"href":"https:\/\/patagoniambiental.com.ar\/info\/wp-json\/wp\/v2\/media?parent=75685"}],"wp:term":[{"taxonomy":"category","embeddable":true,"href":"https:\/\/patagoniambiental.com.ar\/info\/wp-json\/wp\/v2\/categories?post=75685"},{"taxonomy":"post_tag","embeddable":true,"href":"https:\/\/patagoniambiental.com.ar\/info\/wp-json\/wp\/v2\/tags?post=75685"}],"curies":[{"name":"wp","href":"https:\/\/api.w.org\/{rel}","templated":true}]}}