{"id":75715,"date":"2022-04-14T00:26:47","date_gmt":"2022-04-14T03:26:47","guid":{"rendered":"http:\/\/patagoniambiental.com.ar\/info\/?p=75715"},"modified":"2022-04-14T00:26:48","modified_gmt":"2022-04-14T03:26:48","slug":"cuestionamiento-mapuche-al-proyecto-de-hidrogeno-verde-en-rio-negro","status":"publish","type":"post","link":"https:\/\/patagoniambiental.com.ar\/info\/cuestionamiento-mapuche-al-proyecto-de-hidrogeno-verde-en-rio-negro\/","title":{"rendered":"Cuestionamiento mapuche al proyecto de hidr\u00f3geno verde en Rio Negro"},"content":{"rendered":"\n<!--more-->\n\n\n\n<p>asta ahora, todo parec\u00eda ser festejo en torno al hidr\u00f3geno verde en la provincia de R\u00edo Negro con el desembarco de la firma australiana Fortescue, pero surgi\u00f3 un cuestionamiento por parte de referentes mapuches a partir de la falta de consulta del Ejecutivo por la utilizaci\u00f3n de un territorio en el que, consideran, de una u otra manera se afectar\u00e1 a personas de origen ind\u00edgena.<\/p>\n\n\n\n<p>En tal sentido, el werken (vocero) de la Coordinadora del Parlamento Mapuche-Tehuelche de R\u00edo Negro, Orlando Carriqueo, expuso: \u201cSe acaba de conocer el proyecto de ley para hidr\u00f3geno verde que plantea la concesi\u00f3n de seiscientas veinticinco mil hect\u00e1reas para la instalaci\u00f3n de infraestructura, entre la cual, por supuesto, est\u00e1n los parques e\u00f3licos; pero eso va a contrapelo de la legalidad, ya que no hubo consulta previa ni se inform\u00f3 al CODECI (Consejo de Desarrollo de Comunidades Ind\u00edgenas) en qu\u00e9 lugar y a qu\u00e9 comunidades se afectar\u00e1\u201d.<\/p>\n\n\n\n<p>&nbsp;\u201cSi bien la concesi\u00f3n es por cincuenta a\u00f1os bajo un canon, eso no significa que no tenga una afectaci\u00f3n sobre gente mapuche, familias que est\u00e1n comprendidas en la norma provincial 2.287 (la denominada Ley Integral del Ind\u00edgena)\u201d, apreci\u00f3 el werken.<\/p>\n\n\n\n<p>Adem\u00e1s, precis\u00f3 que no solo se trata de comunidades, sino que \u201ca los pobladores mapuches dispersos tambi\u00e9n les asiste el derecho ind\u00edgena\u201d.<\/p>\n\n\n\n<p>Al respecto, consider\u00f3 que, en principio, \u201cexiste una afectaci\u00f3n por la extensi\u00f3n territorial del proyecto\u201d.<\/p>\n\n\n\n<p>\u201cEs impensado imaginar que en seiscientas veinticinco mil hect\u00e1reas no va a haber familias mapuches\u201d, apunt\u00f3, para luego a\u00f1adir: \u201cEso es una enormidad, no solo se trata de parques e\u00f3licos, que se pueden poner en cuatrocientas hect\u00e1reas, detr\u00e1s hay algo m\u00e1s\u2026 Debe ser por las plantas que tienen que hacer, con las que se trabajar\u00e1\u2026 Pero hay desconocimiento sobre el tema; no sabemos c\u00f3mo se va a implementar ni qu\u00e9 es espec\u00edficamente lo que la empresa har\u00e1\u201d.<\/p>\n\n\n\n<p>Carriqueo llev\u00f3 la cuesti\u00f3n al ida y vuelta con el Estado en relaci\u00f3n a los conflictos territoriales y asever\u00f3: \u201cHay una mirada diferente con respecto a la tierra. Cuando las pide una comunidad, veinte hect\u00e1reas cuestan una vida, como pas\u00f3 con El\u00edas Garay (asesinado en Cuesta del Ternero); sin embargo, con una empresa, no escatiman en darle todas las posibilidades para que adquiera seiscientas veinticinco mil\u201d.<\/p>\n\n\n\n<p>\u201cUna vez que una firma se instala, despu\u00e9s, termina adue\u00f1\u00e1ndose del territorio. Es parte de la historia de la provincia, \u00bfy por qu\u00e9 deber\u00edamos pensar que esto va a ser distinto?\u201d, cuestion\u00f3.<\/p>\n\n\n\n<p>De tal manera, Carriqueo concluy\u00f3: \u201cSin consulta previa, el proyecto de hidr\u00f3geno verde es dif\u00edcil de llevar adelante; alg\u00fan grado de intervenci\u00f3n tenemos que tener, est\u00e1 contemplado en el derecho internacional, salvo que la provincia se niegue a aplicarlo y, entonces s\u00ed, solo le importe que se llegue a un conflicto\u201d.<\/p>\n\n\n\n<p>Fuente: https:\/\/www.elcordillerano.com.ar\/noticias\/2022\/04\/13\/131875-cuestionamiento-al-proyecto-de-hidrogeno-verde<\/p>\n\n\n\n<p><a rel=\"noreferrer noopener\" href=\"https:\/\/www.facebook.com\/sharer\/sharer.php?u=https%3A%2F%2Fwww.elcordillerano.com.ar%2Fnoticias%2F2022%2F04%2F13%2F131875-cuestionamiento-al-proyecto-de-hidrogeno-verde\" target=\"_blank\"><\/a><\/p>\n","protected":false},"excerpt":{"rendered":"","protected":false},"author":6,"featured_media":75716,"comment_status":"open","ping_status":"open","sticky":false,"template":"","format":"standard","meta":{"site-sidebar-layout":"default","site-content-layout":"","ast-site-content-layout":"default","site-content-style":"default","site-sidebar-style":"default","ast-global-header-display":"","ast-banner-title-visibility":"","ast-main-header-display":"","ast-hfb-above-header-display":"","ast-hfb-below-header-display":"","ast-hfb-mobile-header-display":"","site-post-title":"","ast-breadcrumbs-content":"","ast-featured-img":"","footer-sml-layout":"","ast-disable-related-posts":"","theme-transparent-header-meta":"","adv-header-id-meta":"","stick-header-meta":"","header-above-stick-meta":"","header-main-stick-meta":"","header-below-stick-meta":"","astra-migrate-meta-layouts":"default","ast-page-background-enabled":"default","ast-page-background-meta":{"desktop":{"background-color":"var(--ast-global-color-5)","background-image":"","background-repeat":"repeat","background-position":"center center","background-size":"auto","background-attachment":"scroll","background-type":"","background-media":"","overlay-type":"","overlay-color":"","overlay-opacity":"","overlay-gradient":""},"tablet":{"background-color":"","background-image":"","background-repeat":"repeat","background-position":"center center","background-size":"auto","background-attachment":"scroll","background-type":"","background-media":"","overlay-type":"","overlay-color":"","overlay-opacity":"","overlay-gradient":""},"mobile":{"background-color":"","background-image":"","background-repeat":"repeat","background-position":"center center","background-size":"auto","background-attachment":"scroll","background-type":"","background-media":"","overlay-type":"","overlay-color":"","overlay-opacity":"","overlay-gradient":""}},"ast-content-background-meta":{"desktop":{"background-color":"var(--ast-global-color-4)","background-image":"","background-repeat":"repeat","background-position":"center center","background-size":"auto","background-attachment":"scroll","background-type":"","background-media":"","overlay-type":"","overlay-color":"","overlay-opacity":"","overlay-gradient":""},"tablet":{"background-color":"var(--ast-global-color-4)","background-image":"","background-repeat":"repeat","background-position":"center center","background-size":"auto","background-attachment":"scroll","background-type":"","background-media":"","overlay-type":"","overlay-color":"","overlay-opacity":"","overlay-gradient":""},"mobile":{"background-color":"var(--ast-global-color-4)","background-image":"","background-repeat":"repeat","background-position":"center center","background-size":"auto","background-attachment":"scroll","background-type":"","background-media":"","overlay-type":"","overlay-color":"","overlay-opacity":"","overlay-gradient":""}},"footnotes":""},"categories":[1,13,14],"tags":[],"class_list":["post-75715","post","type-post","status-publish","format-standard","has-post-thumbnail","hentry","category-noticias","category-provinciales","category-rio-negro"],"yoast_head":"<!-- This site is optimized with the Yoast SEO Premium plugin v23.0 (Yoast SEO v27.4) - https:\/\/yoast.com\/product\/yoast-seo-premium-wordpress\/ -->\n<title>Cuestionamiento mapuche al proyecto de hidr\u00f3geno verde en Rio Negro<\/title>\n<meta name=\"robots\" content=\"index, follow, max-snippet:-1, max-image-preview:large, max-video-preview:-1\" \/>\n<link rel=\"canonical\" href=\"https:\/\/patagoniambiental.com.ar\/info\/cuestionamiento-mapuche-al-proyecto-de-hidrogeno-verde-en-rio-negro\/\" \/>\n<meta property=\"og:locale\" content=\"es_ES\" \/>\n<meta property=\"og:type\" content=\"article\" \/>\n<meta property=\"og:title\" content=\"Cuestionamiento mapuche al proyecto de hidr\u00f3geno verde en Rio Negro\" \/>\n<meta property=\"og:url\" content=\"https:\/\/patagoniambiental.com.ar\/info\/cuestionamiento-mapuche-al-proyecto-de-hidrogeno-verde-en-rio-negro\/\" \/>\n<meta property=\"og:site_name\" content=\"Patagonia Ambiental\" \/>\n<meta property=\"article:publisher\" content=\"https:\/\/www.facebook.com\/patagonia.ambiental\" \/>\n<meta property=\"article:published_time\" content=\"2022-04-14T03:26:47+00:00\" \/>\n<meta property=\"article:modified_time\" content=\"2022-04-14T03:26:48+00:00\" \/>\n<meta property=\"og:image\" content=\"https:\/\/patagoniambiental.com.ar\/info\/wp-content\/uploads\/2022\/04\/Sin-titulo-4.jpg\" \/>\n\t<meta property=\"og:image:width\" content=\"873\" \/>\n\t<meta property=\"og:image:height\" content=\"412\" \/>\n\t<meta property=\"og:image:type\" content=\"image\/jpeg\" \/>\n<meta name=\"author\" content=\"BRAIAN ESTEVEZ\" \/>\n<meta name=\"twitter:card\" content=\"summary_large_image\" \/>\n<meta name=\"twitter:creator\" content=\"@PatAmb\" \/>\n<meta name=\"twitter:site\" content=\"@PatAmb\" \/>\n<script type=\"application\/ld+json\" class=\"yoast-schema-graph\">{\"@context\":\"https:\\\/\\\/schema.org\",\"@graph\":[{\"@type\":\"Article\",\"@id\":\"https:\\\/\\\/patagoniambiental.com.ar\\\/info\\\/cuestionamiento-mapuche-al-proyecto-de-hidrogeno-verde-en-rio-negro\\\/#article\",\"isPartOf\":{\"@id\":\"https:\\\/\\\/patagoniambiental.com.ar\\\/info\\\/cuestionamiento-mapuche-al-proyecto-de-hidrogeno-verde-en-rio-negro\\\/\"},\"author\":{\"name\":\"BRAIAN ESTEVEZ\",\"@id\":\"https:\\\/\\\/patagoniambiental.com.ar\\\/info\\\/#\\\/schema\\\/person\\\/e5af09d700b2e82cb10c6b8800e0c691\"},\"headline\":\"Cuestionamiento mapuche al proyecto de hidr\u00f3geno verde en Rio Negro\",\"datePublished\":\"2022-04-14T03:26:47+00:00\",\"dateModified\":\"2022-04-14T03:26:48+00:00\",\"mainEntityOfPage\":{\"@id\":\"https:\\\/\\\/patagoniambiental.com.ar\\\/info\\\/cuestionamiento-mapuche-al-proyecto-de-hidrogeno-verde-en-rio-negro\\\/\"},\"wordCount\":515,\"commentCount\":0,\"publisher\":{\"@id\":\"https:\\\/\\\/patagoniambiental.com.ar\\\/info\\\/#organization\"},\"image\":{\"@id\":\"https:\\\/\\\/patagoniambiental.com.ar\\\/info\\\/cuestionamiento-mapuche-al-proyecto-de-hidrogeno-verde-en-rio-negro\\\/#primaryimage\"},\"thumbnailUrl\":\"https:\\\/\\\/patagoniambiental.com.ar\\\/info\\\/wp-content\\\/uploads\\\/2022\\\/04\\\/Sin-titulo-4.jpg\",\"articleSection\":[\"Noticias\",\"Provinciales\",\"R\u00edo Negro\"],\"inLanguage\":\"es\",\"potentialAction\":[{\"@type\":\"CommentAction\",\"name\":\"Comment\",\"target\":[\"https:\\\/\\\/patagoniambiental.com.ar\\\/info\\\/cuestionamiento-mapuche-al-proyecto-de-hidrogeno-verde-en-rio-negro\\\/#respond\"]}]},{\"@type\":\"WebPage\",\"@id\":\"https:\\\/\\\/patagoniambiental.com.ar\\\/info\\\/cuestionamiento-mapuche-al-proyecto-de-hidrogeno-verde-en-rio-negro\\\/\",\"url\":\"https:\\\/\\\/patagoniambiental.com.ar\\\/info\\\/cuestionamiento-mapuche-al-proyecto-de-hidrogeno-verde-en-rio-negro\\\/\",\"name\":\"Cuestionamiento mapuche al proyecto de hidr\u00f3geno verde en Rio Negro\",\"isPartOf\":{\"@id\":\"https:\\\/\\\/patagoniambiental.com.ar\\\/info\\\/#website\"},\"primaryImageOfPage\":{\"@id\":\"https:\\\/\\\/patagoniambiental.com.ar\\\/info\\\/cuestionamiento-mapuche-al-proyecto-de-hidrogeno-verde-en-rio-negro\\\/#primaryimage\"},\"image\":{\"@id\":\"https:\\\/\\\/patagoniambiental.com.ar\\\/info\\\/cuestionamiento-mapuche-al-proyecto-de-hidrogeno-verde-en-rio-negro\\\/#primaryimage\"},\"thumbnailUrl\":\"https:\\\/\\\/patagoniambiental.com.ar\\\/info\\\/wp-content\\\/uploads\\\/2022\\\/04\\\/Sin-titulo-4.jpg\",\"datePublished\":\"2022-04-14T03:26:47+00:00\",\"dateModified\":\"2022-04-14T03:26:48+00:00\",\"breadcrumb\":{\"@id\":\"https:\\\/\\\/patagoniambiental.com.ar\\\/info\\\/cuestionamiento-mapuche-al-proyecto-de-hidrogeno-verde-en-rio-negro\\\/#breadcrumb\"},\"inLanguage\":\"es\",\"potentialAction\":[{\"@type\":\"ReadAction\",\"target\":[\"https:\\\/\\\/patagoniambiental.com.ar\\\/info\\\/cuestionamiento-mapuche-al-proyecto-de-hidrogeno-verde-en-rio-negro\\\/\"]}]},{\"@type\":\"ImageObject\",\"inLanguage\":\"es\",\"@id\":\"https:\\\/\\\/patagoniambiental.com.ar\\\/info\\\/cuestionamiento-mapuche-al-proyecto-de-hidrogeno-verde-en-rio-negro\\\/#primaryimage\",\"url\":\"https:\\\/\\\/patagoniambiental.com.ar\\\/info\\\/wp-content\\\/uploads\\\/2022\\\/04\\\/Sin-titulo-4.jpg\",\"contentUrl\":\"https:\\\/\\\/patagoniambiental.com.ar\\\/info\\\/wp-content\\\/uploads\\\/2022\\\/04\\\/Sin-titulo-4.jpg\",\"width\":873,\"height\":412},{\"@type\":\"BreadcrumbList\",\"@id\":\"https:\\\/\\\/patagoniambiental.com.ar\\\/info\\\/cuestionamiento-mapuche-al-proyecto-de-hidrogeno-verde-en-rio-negro\\\/#breadcrumb\",\"itemListElement\":[{\"@type\":\"ListItem\",\"position\":1,\"name\":\"Inicio\",\"item\":\"https:\\\/\\\/patagoniambiental.com.ar\\\/info\\\/\"},{\"@type\":\"ListItem\",\"position\":2,\"name\":\"Cuestionamiento mapuche al proyecto de hidr\u00f3geno verde en Rio Negro\"}]},{\"@type\":\"WebSite\",\"@id\":\"https:\\\/\\\/patagoniambiental.com.ar\\\/info\\\/#website\",\"url\":\"https:\\\/\\\/patagoniambiental.com.ar\\\/info\\\/\",\"name\":\"Patagonia Ambiental\",\"description\":\"Monitoreo y an\u00e1lisis de la situaci\u00f3n geopol\u00edtica en el mundo y su implicancia en la Patagonia\",\"publisher\":{\"@id\":\"https:\\\/\\\/patagoniambiental.com.ar\\\/info\\\/#organization\"},\"potentialAction\":[{\"@type\":\"SearchAction\",\"target\":{\"@type\":\"EntryPoint\",\"urlTemplate\":\"https:\\\/\\\/patagoniambiental.com.ar\\\/info\\\/?s={search_term_string}\"},\"query-input\":{\"@type\":\"PropertyValueSpecification\",\"valueRequired\":true,\"valueName\":\"search_term_string\"}}],\"inLanguage\":\"es\"},{\"@type\":\"Organization\",\"@id\":\"https:\\\/\\\/patagoniambiental.com.ar\\\/info\\\/#organization\",\"name\":\"Patagonia Ambiental\",\"url\":\"https:\\\/\\\/patagoniambiental.com.ar\\\/info\\\/\",\"logo\":{\"@type\":\"ImageObject\",\"inLanguage\":\"es\",\"@id\":\"https:\\\/\\\/patagoniambiental.com.ar\\\/info\\\/#\\\/schema\\\/logo\\\/image\\\/\",\"url\":\"https:\\\/\\\/patagoniambiental.com.ar\\\/info\\\/wp-content\\\/uploads\\\/2025\\\/05\\\/LOGO-PATAGONIA-AMBIENTAL.png\",\"contentUrl\":\"https:\\\/\\\/patagoniambiental.com.ar\\\/info\\\/wp-content\\\/uploads\\\/2025\\\/05\\\/LOGO-PATAGONIA-AMBIENTAL.png\",\"width\":433,\"height\":250,\"caption\":\"Patagonia Ambiental\"},\"image\":{\"@id\":\"https:\\\/\\\/patagoniambiental.com.ar\\\/info\\\/#\\\/schema\\\/logo\\\/image\\\/\"},\"sameAs\":[\"https:\\\/\\\/www.facebook.com\\\/patagonia.ambiental\",\"https:\\\/\\\/x.com\\\/PatAmb\"]},{\"@type\":\"Person\",\"@id\":\"https:\\\/\\\/patagoniambiental.com.ar\\\/info\\\/#\\\/schema\\\/person\\\/e5af09d700b2e82cb10c6b8800e0c691\",\"name\":\"BRAIAN ESTEVEZ\",\"sameAs\":[\"http:\\\/\\\/www.patagoniambiental.com.ar\"]}]}<\/script>\n<!-- \/ Yoast SEO Premium plugin. -->","yoast_head_json":{"title":"Cuestionamiento mapuche al proyecto de hidr\u00f3geno verde en Rio Negro","robots":{"index":"index","follow":"follow","max-snippet":"max-snippet:-1","max-image-preview":"max-image-preview:large","max-video-preview":"max-video-preview:-1"},"canonical":"https:\/\/patagoniambiental.com.ar\/info\/cuestionamiento-mapuche-al-proyecto-de-hidrogeno-verde-en-rio-negro\/","og_locale":"es_ES","og_type":"article","og_title":"Cuestionamiento mapuche al proyecto de hidr\u00f3geno verde en Rio Negro","og_url":"https:\/\/patagoniambiental.com.ar\/info\/cuestionamiento-mapuche-al-proyecto-de-hidrogeno-verde-en-rio-negro\/","og_site_name":"Patagonia Ambiental","article_publisher":"https:\/\/www.facebook.com\/patagonia.ambiental","article_published_time":"2022-04-14T03:26:47+00:00","article_modified_time":"2022-04-14T03:26:48+00:00","og_image":[{"width":873,"height":412,"url":"https:\/\/patagoniambiental.com.ar\/info\/wp-content\/uploads\/2022\/04\/Sin-titulo-4.jpg","type":"image\/jpeg"}],"author":"BRAIAN ESTEVEZ","twitter_card":"summary_large_image","twitter_creator":"@PatAmb","twitter_site":"@PatAmb","schema":{"@context":"https:\/\/schema.org","@graph":[{"@type":"Article","@id":"https:\/\/patagoniambiental.com.ar\/info\/cuestionamiento-mapuche-al-proyecto-de-hidrogeno-verde-en-rio-negro\/#article","isPartOf":{"@id":"https:\/\/patagoniambiental.com.ar\/info\/cuestionamiento-mapuche-al-proyecto-de-hidrogeno-verde-en-rio-negro\/"},"author":{"name":"BRAIAN ESTEVEZ","@id":"https:\/\/patagoniambiental.com.ar\/info\/#\/schema\/person\/e5af09d700b2e82cb10c6b8800e0c691"},"headline":"Cuestionamiento mapuche al proyecto de hidr\u00f3geno verde en Rio Negro","datePublished":"2022-04-14T03:26:47+00:00","dateModified":"2022-04-14T03:26:48+00:00","mainEntityOfPage":{"@id":"https:\/\/patagoniambiental.com.ar\/info\/cuestionamiento-mapuche-al-proyecto-de-hidrogeno-verde-en-rio-negro\/"},"wordCount":515,"commentCount":0,"publisher":{"@id":"https:\/\/patagoniambiental.com.ar\/info\/#organization"},"image":{"@id":"https:\/\/patagoniambiental.com.ar\/info\/cuestionamiento-mapuche-al-proyecto-de-hidrogeno-verde-en-rio-negro\/#primaryimage"},"thumbnailUrl":"https:\/\/patagoniambiental.com.ar\/info\/wp-content\/uploads\/2022\/04\/Sin-titulo-4.jpg","articleSection":["Noticias","Provinciales","R\u00edo Negro"],"inLanguage":"es","potentialAction":[{"@type":"CommentAction","name":"Comment","target":["https:\/\/patagoniambiental.com.ar\/info\/cuestionamiento-mapuche-al-proyecto-de-hidrogeno-verde-en-rio-negro\/#respond"]}]},{"@type":"WebPage","@id":"https:\/\/patagoniambiental.com.ar\/info\/cuestionamiento-mapuche-al-proyecto-de-hidrogeno-verde-en-rio-negro\/","url":"https:\/\/patagoniambiental.com.ar\/info\/cuestionamiento-mapuche-al-proyecto-de-hidrogeno-verde-en-rio-negro\/","name":"Cuestionamiento mapuche al proyecto de hidr\u00f3geno verde en Rio Negro","isPartOf":{"@id":"https:\/\/patagoniambiental.com.ar\/info\/#website"},"primaryImageOfPage":{"@id":"https:\/\/patagoniambiental.com.ar\/info\/cuestionamiento-mapuche-al-proyecto-de-hidrogeno-verde-en-rio-negro\/#primaryimage"},"image":{"@id":"https:\/\/patagoniambiental.com.ar\/info\/cuestionamiento-mapuche-al-proyecto-de-hidrogeno-verde-en-rio-negro\/#primaryimage"},"thumbnailUrl":"https:\/\/patagoniambiental.com.ar\/info\/wp-content\/uploads\/2022\/04\/Sin-titulo-4.jpg","datePublished":"2022-04-14T03:26:47+00:00","dateModified":"2022-04-14T03:26:48+00:00","breadcrumb":{"@id":"https:\/\/patagoniambiental.com.ar\/info\/cuestionamiento-mapuche-al-proyecto-de-hidrogeno-verde-en-rio-negro\/#breadcrumb"},"inLanguage":"es","potentialAction":[{"@type":"ReadAction","target":["https:\/\/patagoniambiental.com.ar\/info\/cuestionamiento-mapuche-al-proyecto-de-hidrogeno-verde-en-rio-negro\/"]}]},{"@type":"ImageObject","inLanguage":"es","@id":"https:\/\/patagoniambiental.com.ar\/info\/cuestionamiento-mapuche-al-proyecto-de-hidrogeno-verde-en-rio-negro\/#primaryimage","url":"https:\/\/patagoniambiental.com.ar\/info\/wp-content\/uploads\/2022\/04\/Sin-titulo-4.jpg","contentUrl":"https:\/\/patagoniambiental.com.ar\/info\/wp-content\/uploads\/2022\/04\/Sin-titulo-4.jpg","width":873,"height":412},{"@type":"BreadcrumbList","@id":"https:\/\/patagoniambiental.com.ar\/info\/cuestionamiento-mapuche-al-proyecto-de-hidrogeno-verde-en-rio-negro\/#breadcrumb","itemListElement":[{"@type":"ListItem","position":1,"name":"Inicio","item":"https:\/\/patagoniambiental.com.ar\/info\/"},{"@type":"ListItem","position":2,"name":"Cuestionamiento mapuche al proyecto de hidr\u00f3geno verde en Rio Negro"}]},{"@type":"WebSite","@id":"https:\/\/patagoniambiental.com.ar\/info\/#website","url":"https:\/\/patagoniambiental.com.ar\/info\/","name":"Patagonia Ambiental","description":"Monitoreo y an\u00e1lisis de la situaci\u00f3n geopol\u00edtica en el mundo y su implicancia en la Patagonia","publisher":{"@id":"https:\/\/patagoniambiental.com.ar\/info\/#organization"},"potentialAction":[{"@type":"SearchAction","target":{"@type":"EntryPoint","urlTemplate":"https:\/\/patagoniambiental.com.ar\/info\/?s={search_term_string}"},"query-input":{"@type":"PropertyValueSpecification","valueRequired":true,"valueName":"search_term_string"}}],"inLanguage":"es"},{"@type":"Organization","@id":"https:\/\/patagoniambiental.com.ar\/info\/#organization","name":"Patagonia Ambiental","url":"https:\/\/patagoniambiental.com.ar\/info\/","logo":{"@type":"ImageObject","inLanguage":"es","@id":"https:\/\/patagoniambiental.com.ar\/info\/#\/schema\/logo\/image\/","url":"https:\/\/patagoniambiental.com.ar\/info\/wp-content\/uploads\/2025\/05\/LOGO-PATAGONIA-AMBIENTAL.png","contentUrl":"https:\/\/patagoniambiental.com.ar\/info\/wp-content\/uploads\/2025\/05\/LOGO-PATAGONIA-AMBIENTAL.png","width":433,"height":250,"caption":"Patagonia Ambiental"},"image":{"@id":"https:\/\/patagoniambiental.com.ar\/info\/#\/schema\/logo\/image\/"},"sameAs":["https:\/\/www.facebook.com\/patagonia.ambiental","https:\/\/x.com\/PatAmb"]},{"@type":"Person","@id":"https:\/\/patagoniambiental.com.ar\/info\/#\/schema\/person\/e5af09d700b2e82cb10c6b8800e0c691","name":"BRAIAN ESTEVEZ","sameAs":["http:\/\/www.patagoniambiental.com.ar"]}]}},"_links":{"self":[{"href":"https:\/\/patagoniambiental.com.ar\/info\/wp-json\/wp\/v2\/posts\/75715","targetHints":{"allow":["GET"]}}],"collection":[{"href":"https:\/\/patagoniambiental.com.ar\/info\/wp-json\/wp\/v2\/posts"}],"about":[{"href":"https:\/\/patagoniambiental.com.ar\/info\/wp-json\/wp\/v2\/types\/post"}],"author":[{"embeddable":true,"href":"https:\/\/patagoniambiental.com.ar\/info\/wp-json\/wp\/v2\/users\/6"}],"replies":[{"embeddable":true,"href":"https:\/\/patagoniambiental.com.ar\/info\/wp-json\/wp\/v2\/comments?post=75715"}],"version-history":[{"count":0,"href":"https:\/\/patagoniambiental.com.ar\/info\/wp-json\/wp\/v2\/posts\/75715\/revisions"}],"wp:featuredmedia":[{"embeddable":true,"href":"https:\/\/patagoniambiental.com.ar\/info\/wp-json\/wp\/v2\/media\/75716"}],"wp:attachment":[{"href":"https:\/\/patagoniambiental.com.ar\/info\/wp-json\/wp\/v2\/media?parent=75715"}],"wp:term":[{"taxonomy":"category","embeddable":true,"href":"https:\/\/patagoniambiental.com.ar\/info\/wp-json\/wp\/v2\/categories?post=75715"},{"taxonomy":"post_tag","embeddable":true,"href":"https:\/\/patagoniambiental.com.ar\/info\/wp-json\/wp\/v2\/tags?post=75715"}],"curies":[{"name":"wp","href":"https:\/\/api.w.org\/{rel}","templated":true}]}}