{"id":75767,"date":"2022-04-25T07:00:00","date_gmt":"2022-04-25T10:00:00","guid":{"rendered":"http:\/\/patagoniambiental.com.ar\/info\/?p=75767"},"modified":"2022-04-25T09:26:21","modified_gmt":"2022-04-25T12:26:21","slug":"con-la-pandemia-ciencias-del-mar-duplico-su-matricula-en-dos-anos","status":"publish","type":"post","link":"https:\/\/patagoniambiental.com.ar\/info\/con-la-pandemia-ciencias-del-mar-duplico-su-matricula-en-dos-anos\/","title":{"rendered":"Con la pandemia, Ciencias del Mar duplic\u00f3 su matr\u00edcula en dos a\u00f1os"},"content":{"rendered":"\n<!--more-->\n\n\n\n<p>La sede de la Escuela Superior de Ciencias Marinas de la Universidad Nacional del Comahue en San Antonio Oeste cuenta con 300 estudiantes activos, duplicando actualmente su curr\u00edcula respecto la \u00faltima estad\u00edstica registrada antes de la pandemia.<\/p>\n\n\n\n<p>En di\u00e1logo con LA HUELLA, Paul Osovnikar, director de la Escuela Superior de Ciencias Marinas destac\u00f3 que \u201cnosotros recibimos estudiantes de todas las provincias y tambi\u00e9n del extranjero. Nos sorprende tener estudiantes de Ushuaia, Formosa, Jujuy, Corrientes y de todo el resto del pa\u00eds que se van acercando a nuestra zona, solo por mencionar los lugares m\u00e1s extremos\u201d.<\/p>\n\n\n\n<p>La inversi\u00f3n en la zona atl\u00e1ntica rionegrina del anunciado hidr\u00f3geno verde ha revitalizado y puesto en valor a esta regi\u00f3n de nuestro pa\u00eds y la Universidad Nacional del Comahue se aggiorna a estos nuevos emprendimientos de avanzada.<\/p>\n\n\n\n<p>La instalaci\u00f3n del Nodo de Educaci\u00f3n Profesional Bimodal del Comahue en la Escuela Superior de Ciencias Marinas en San Antonio Oeste, fortalece la actividad de la Universidad Nacional del Comahue, con m\u00e1s de 50 diplomaturas, y contribuye tambi\u00e9n al proceso de despegue regional.<\/p>\n\n\n\n<p>En sentido Osovnikar, remarc\u00f3 que \u201cel Nodo ser\u00e1 sumamente importante para la universidad y sin duda tendr\u00e1 un impacto sumamente positivo para las inversiones de hidr\u00f3geno verde que se vienen en la regi\u00f3n\u201d.<\/p>\n\n\n\n<p>Viendo a la universidad como polo de desarrollo integral de la regi\u00f3n atl\u00e1ntica destac\u00f3 que \u201cestoy convencido que la comunidad de San Antonio Oeste\u00a0 ha venido adoptando a la universidad, conteniendo y adaptando su infraestructura para recibir al n\u00famero de estudiantes que viven en la ciudad. Esto nos exige que haya otras alternativas por eso nosotros desde nuestra unidad acad\u00e9mica hemos realizado en conjunto cortes de distintas carreras en virtud de las solicitudes que nos realizan cotidianamente\u201d, destac\u00f3 Paul Osovnikar, director de\u00a0 la Escuela Superior de Ciencias Marinas (Escimar).<\/p>\n\n\n\n<p>Fuente: Noticias Universitarias<\/p>\n","protected":false},"excerpt":{"rendered":"","protected":false},"author":6,"featured_media":75768,"comment_status":"open","ping_status":"open","sticky":false,"template":"","format":"standard","meta":{"site-sidebar-layout":"default","site-content-layout":"","ast-site-content-layout":"default","site-content-style":"default","site-sidebar-style":"default","ast-global-header-display":"","ast-banner-title-visibility":"","ast-main-header-display":"","ast-hfb-above-header-display":"","ast-hfb-below-header-display":"","ast-hfb-mobile-header-display":"","site-post-title":"","ast-breadcrumbs-content":"","ast-featured-img":"","footer-sml-layout":"","ast-disable-related-posts":"","theme-transparent-header-meta":"","adv-header-id-meta":"","stick-header-meta":"","header-above-stick-meta":"","header-main-stick-meta":"","header-below-stick-meta":"","astra-migrate-meta-layouts":"default","ast-page-background-enabled":"default","ast-page-background-meta":{"desktop":{"background-color":"var(--ast-global-color-5)","background-image":"","background-repeat":"repeat","background-position":"center center","background-size":"auto","background-attachment":"scroll","background-type":"","background-media":"","overlay-type":"","overlay-color":"","overlay-opacity":"","overlay-gradient":""},"tablet":{"background-color":"","background-image":"","background-repeat":"repeat","background-position":"center center","background-size":"auto","background-attachment":"scroll","background-type":"","background-media":"","overlay-type":"","overlay-color":"","overlay-opacity":"","overlay-gradient":""},"mobile":{"background-color":"","background-image":"","background-repeat":"repeat","background-position":"center center","background-size":"auto","background-attachment":"scroll","background-type":"","background-media":"","overlay-type":"","overlay-color":"","overlay-opacity":"","overlay-gradient":""}},"ast-content-background-meta":{"desktop":{"background-color":"var(--ast-global-color-4)","background-image":"","background-repeat":"repeat","background-position":"center center","background-size":"auto","background-attachment":"scroll","background-type":"","background-media":"","overlay-type":"","overlay-color":"","overlay-opacity":"","overlay-gradient":""},"tablet":{"background-color":"var(--ast-global-color-4)","background-image":"","background-repeat":"repeat","background-position":"center center","background-size":"auto","background-attachment":"scroll","background-type":"","background-media":"","overlay-type":"","overlay-color":"","overlay-opacity":"","overlay-gradient":""},"mobile":{"background-color":"var(--ast-global-color-4)","background-image":"","background-repeat":"repeat","background-position":"center center","background-size":"auto","background-attachment":"scroll","background-type":"","background-media":"","overlay-type":"","overlay-color":"","overlay-opacity":"","overlay-gradient":""}},"footnotes":""},"categories":[11,1,13,14,10],"tags":[],"class_list":["post-75767","post","type-post","status-publish","format-standard","has-post-thumbnail","hentry","category-boletin","category-noticias","category-provinciales","category-rio-negro","category-rotador"],"yoast_head":"<!-- This site is optimized with the Yoast SEO Premium plugin v23.0 (Yoast SEO v27.4) - https:\/\/yoast.com\/product\/yoast-seo-premium-wordpress\/ -->\n<title>Con la pandemia, Ciencias del Mar duplic\u00f3 su matr\u00edcula en dos a\u00f1os<\/title>\n<meta name=\"robots\" content=\"index, follow, max-snippet:-1, max-image-preview:large, max-video-preview:-1\" \/>\n<link rel=\"canonical\" href=\"https:\/\/patagoniambiental.com.ar\/info\/con-la-pandemia-ciencias-del-mar-duplico-su-matricula-en-dos-anos\/\" \/>\n<meta property=\"og:locale\" content=\"es_ES\" \/>\n<meta property=\"og:type\" content=\"article\" \/>\n<meta property=\"og:title\" content=\"Con la pandemia, Ciencias del Mar duplic\u00f3 su matr\u00edcula en dos a\u00f1os\" \/>\n<meta property=\"og:url\" content=\"https:\/\/patagoniambiental.com.ar\/info\/con-la-pandemia-ciencias-del-mar-duplico-su-matricula-en-dos-anos\/\" \/>\n<meta property=\"og:site_name\" content=\"Patagonia Ambiental\" \/>\n<meta property=\"article:publisher\" content=\"https:\/\/www.facebook.com\/patagonia.ambiental\" \/>\n<meta property=\"article:published_time\" content=\"2022-04-25T10:00:00+00:00\" \/>\n<meta property=\"article:modified_time\" content=\"2022-04-25T12:26:21+00:00\" \/>\n<meta property=\"og:image\" content=\"https:\/\/patagoniambiental.com.ar\/info\/wp-content\/uploads\/2022\/04\/mar-.jpg\" \/>\n\t<meta property=\"og:image:width\" content=\"1280\" \/>\n\t<meta property=\"og:image:height\" content=\"853\" \/>\n\t<meta property=\"og:image:type\" content=\"image\/jpeg\" \/>\n<meta name=\"author\" content=\"BRAIAN ESTEVEZ\" \/>\n<meta name=\"twitter:card\" content=\"summary_large_image\" \/>\n<meta name=\"twitter:creator\" content=\"@PatAmb\" \/>\n<meta name=\"twitter:site\" content=\"@PatAmb\" \/>\n<script type=\"application\/ld+json\" class=\"yoast-schema-graph\">{\"@context\":\"https:\\\/\\\/schema.org\",\"@graph\":[{\"@type\":\"Article\",\"@id\":\"https:\\\/\\\/patagoniambiental.com.ar\\\/info\\\/con-la-pandemia-ciencias-del-mar-duplico-su-matricula-en-dos-anos\\\/#article\",\"isPartOf\":{\"@id\":\"https:\\\/\\\/patagoniambiental.com.ar\\\/info\\\/con-la-pandemia-ciencias-del-mar-duplico-su-matricula-en-dos-anos\\\/\"},\"author\":{\"name\":\"BRAIAN ESTEVEZ\",\"@id\":\"https:\\\/\\\/patagoniambiental.com.ar\\\/info\\\/#\\\/schema\\\/person\\\/e5af09d700b2e82cb10c6b8800e0c691\"},\"headline\":\"Con la pandemia, Ciencias del Mar duplic\u00f3 su matr\u00edcula en dos a\u00f1os\",\"datePublished\":\"2022-04-25T10:00:00+00:00\",\"dateModified\":\"2022-04-25T12:26:21+00:00\",\"mainEntityOfPage\":{\"@id\":\"https:\\\/\\\/patagoniambiental.com.ar\\\/info\\\/con-la-pandemia-ciencias-del-mar-duplico-su-matricula-en-dos-anos\\\/\"},\"wordCount\":333,\"commentCount\":0,\"publisher\":{\"@id\":\"https:\\\/\\\/patagoniambiental.com.ar\\\/info\\\/#organization\"},\"image\":{\"@id\":\"https:\\\/\\\/patagoniambiental.com.ar\\\/info\\\/con-la-pandemia-ciencias-del-mar-duplico-su-matricula-en-dos-anos\\\/#primaryimage\"},\"thumbnailUrl\":\"https:\\\/\\\/patagoniambiental.com.ar\\\/info\\\/wp-content\\\/uploads\\\/2022\\\/04\\\/mar-.jpg\",\"articleSection\":[\"Bolet\u00edn\",\"Noticias\",\"Provinciales\",\"R\u00edo Negro\",\"Rotador\"],\"inLanguage\":\"es\",\"potentialAction\":[{\"@type\":\"CommentAction\",\"name\":\"Comment\",\"target\":[\"https:\\\/\\\/patagoniambiental.com.ar\\\/info\\\/con-la-pandemia-ciencias-del-mar-duplico-su-matricula-en-dos-anos\\\/#respond\"]}]},{\"@type\":\"WebPage\",\"@id\":\"https:\\\/\\\/patagoniambiental.com.ar\\\/info\\\/con-la-pandemia-ciencias-del-mar-duplico-su-matricula-en-dos-anos\\\/\",\"url\":\"https:\\\/\\\/patagoniambiental.com.ar\\\/info\\\/con-la-pandemia-ciencias-del-mar-duplico-su-matricula-en-dos-anos\\\/\",\"name\":\"Con la pandemia, Ciencias del Mar duplic\u00f3 su matr\u00edcula en dos a\u00f1os\",\"isPartOf\":{\"@id\":\"https:\\\/\\\/patagoniambiental.com.ar\\\/info\\\/#website\"},\"primaryImageOfPage\":{\"@id\":\"https:\\\/\\\/patagoniambiental.com.ar\\\/info\\\/con-la-pandemia-ciencias-del-mar-duplico-su-matricula-en-dos-anos\\\/#primaryimage\"},\"image\":{\"@id\":\"https:\\\/\\\/patagoniambiental.com.ar\\\/info\\\/con-la-pandemia-ciencias-del-mar-duplico-su-matricula-en-dos-anos\\\/#primaryimage\"},\"thumbnailUrl\":\"https:\\\/\\\/patagoniambiental.com.ar\\\/info\\\/wp-content\\\/uploads\\\/2022\\\/04\\\/mar-.jpg\",\"datePublished\":\"2022-04-25T10:00:00+00:00\",\"dateModified\":\"2022-04-25T12:26:21+00:00\",\"breadcrumb\":{\"@id\":\"https:\\\/\\\/patagoniambiental.com.ar\\\/info\\\/con-la-pandemia-ciencias-del-mar-duplico-su-matricula-en-dos-anos\\\/#breadcrumb\"},\"inLanguage\":\"es\",\"potentialAction\":[{\"@type\":\"ReadAction\",\"target\":[\"https:\\\/\\\/patagoniambiental.com.ar\\\/info\\\/con-la-pandemia-ciencias-del-mar-duplico-su-matricula-en-dos-anos\\\/\"]}]},{\"@type\":\"ImageObject\",\"inLanguage\":\"es\",\"@id\":\"https:\\\/\\\/patagoniambiental.com.ar\\\/info\\\/con-la-pandemia-ciencias-del-mar-duplico-su-matricula-en-dos-anos\\\/#primaryimage\",\"url\":\"https:\\\/\\\/patagoniambiental.com.ar\\\/info\\\/wp-content\\\/uploads\\\/2022\\\/04\\\/mar-.jpg\",\"contentUrl\":\"https:\\\/\\\/patagoniambiental.com.ar\\\/info\\\/wp-content\\\/uploads\\\/2022\\\/04\\\/mar-.jpg\",\"width\":900,\"height\":600},{\"@type\":\"BreadcrumbList\",\"@id\":\"https:\\\/\\\/patagoniambiental.com.ar\\\/info\\\/con-la-pandemia-ciencias-del-mar-duplico-su-matricula-en-dos-anos\\\/#breadcrumb\",\"itemListElement\":[{\"@type\":\"ListItem\",\"position\":1,\"name\":\"Inicio\",\"item\":\"https:\\\/\\\/patagoniambiental.com.ar\\\/info\\\/\"},{\"@type\":\"ListItem\",\"position\":2,\"name\":\"Con la pandemia, Ciencias del Mar duplic\u00f3 su matr\u00edcula en dos a\u00f1os\"}]},{\"@type\":\"WebSite\",\"@id\":\"https:\\\/\\\/patagoniambiental.com.ar\\\/info\\\/#website\",\"url\":\"https:\\\/\\\/patagoniambiental.com.ar\\\/info\\\/\",\"name\":\"Patagonia Ambiental\",\"description\":\"Monitoreo y an\u00e1lisis de la situaci\u00f3n geopol\u00edtica en el mundo y su implicancia en la Patagonia\",\"publisher\":{\"@id\":\"https:\\\/\\\/patagoniambiental.com.ar\\\/info\\\/#organization\"},\"potentialAction\":[{\"@type\":\"SearchAction\",\"target\":{\"@type\":\"EntryPoint\",\"urlTemplate\":\"https:\\\/\\\/patagoniambiental.com.ar\\\/info\\\/?s={search_term_string}\"},\"query-input\":{\"@type\":\"PropertyValueSpecification\",\"valueRequired\":true,\"valueName\":\"search_term_string\"}}],\"inLanguage\":\"es\"},{\"@type\":\"Organization\",\"@id\":\"https:\\\/\\\/patagoniambiental.com.ar\\\/info\\\/#organization\",\"name\":\"Patagonia Ambiental\",\"url\":\"https:\\\/\\\/patagoniambiental.com.ar\\\/info\\\/\",\"logo\":{\"@type\":\"ImageObject\",\"inLanguage\":\"es\",\"@id\":\"https:\\\/\\\/patagoniambiental.com.ar\\\/info\\\/#\\\/schema\\\/logo\\\/image\\\/\",\"url\":\"https:\\\/\\\/patagoniambiental.com.ar\\\/info\\\/wp-content\\\/uploads\\\/2025\\\/05\\\/LOGO-PATAGONIA-AMBIENTAL.png\",\"contentUrl\":\"https:\\\/\\\/patagoniambiental.com.ar\\\/info\\\/wp-content\\\/uploads\\\/2025\\\/05\\\/LOGO-PATAGONIA-AMBIENTAL.png\",\"width\":433,\"height\":250,\"caption\":\"Patagonia Ambiental\"},\"image\":{\"@id\":\"https:\\\/\\\/patagoniambiental.com.ar\\\/info\\\/#\\\/schema\\\/logo\\\/image\\\/\"},\"sameAs\":[\"https:\\\/\\\/www.facebook.com\\\/patagonia.ambiental\",\"https:\\\/\\\/x.com\\\/PatAmb\"]},{\"@type\":\"Person\",\"@id\":\"https:\\\/\\\/patagoniambiental.com.ar\\\/info\\\/#\\\/schema\\\/person\\\/e5af09d700b2e82cb10c6b8800e0c691\",\"name\":\"BRAIAN ESTEVEZ\",\"sameAs\":[\"http:\\\/\\\/www.patagoniambiental.com.ar\"]}]}<\/script>\n<!-- \/ Yoast SEO Premium plugin. -->","yoast_head_json":{"title":"Con la pandemia, Ciencias del Mar duplic\u00f3 su matr\u00edcula en dos a\u00f1os","robots":{"index":"index","follow":"follow","max-snippet":"max-snippet:-1","max-image-preview":"max-image-preview:large","max-video-preview":"max-video-preview:-1"},"canonical":"https:\/\/patagoniambiental.com.ar\/info\/con-la-pandemia-ciencias-del-mar-duplico-su-matricula-en-dos-anos\/","og_locale":"es_ES","og_type":"article","og_title":"Con la pandemia, Ciencias del Mar duplic\u00f3 su matr\u00edcula en dos a\u00f1os","og_url":"https:\/\/patagoniambiental.com.ar\/info\/con-la-pandemia-ciencias-del-mar-duplico-su-matricula-en-dos-anos\/","og_site_name":"Patagonia Ambiental","article_publisher":"https:\/\/www.facebook.com\/patagonia.ambiental","article_published_time":"2022-04-25T10:00:00+00:00","article_modified_time":"2022-04-25T12:26:21+00:00","og_image":[{"width":1280,"height":853,"url":"https:\/\/patagoniambiental.com.ar\/info\/wp-content\/uploads\/2022\/04\/mar-.jpg","type":"image\/jpeg"}],"author":"BRAIAN ESTEVEZ","twitter_card":"summary_large_image","twitter_creator":"@PatAmb","twitter_site":"@PatAmb","schema":{"@context":"https:\/\/schema.org","@graph":[{"@type":"Article","@id":"https:\/\/patagoniambiental.com.ar\/info\/con-la-pandemia-ciencias-del-mar-duplico-su-matricula-en-dos-anos\/#article","isPartOf":{"@id":"https:\/\/patagoniambiental.com.ar\/info\/con-la-pandemia-ciencias-del-mar-duplico-su-matricula-en-dos-anos\/"},"author":{"name":"BRAIAN ESTEVEZ","@id":"https:\/\/patagoniambiental.com.ar\/info\/#\/schema\/person\/e5af09d700b2e82cb10c6b8800e0c691"},"headline":"Con la pandemia, Ciencias del Mar duplic\u00f3 su matr\u00edcula en dos a\u00f1os","datePublished":"2022-04-25T10:00:00+00:00","dateModified":"2022-04-25T12:26:21+00:00","mainEntityOfPage":{"@id":"https:\/\/patagoniambiental.com.ar\/info\/con-la-pandemia-ciencias-del-mar-duplico-su-matricula-en-dos-anos\/"},"wordCount":333,"commentCount":0,"publisher":{"@id":"https:\/\/patagoniambiental.com.ar\/info\/#organization"},"image":{"@id":"https:\/\/patagoniambiental.com.ar\/info\/con-la-pandemia-ciencias-del-mar-duplico-su-matricula-en-dos-anos\/#primaryimage"},"thumbnailUrl":"https:\/\/patagoniambiental.com.ar\/info\/wp-content\/uploads\/2022\/04\/mar-.jpg","articleSection":["Bolet\u00edn","Noticias","Provinciales","R\u00edo Negro","Rotador"],"inLanguage":"es","potentialAction":[{"@type":"CommentAction","name":"Comment","target":["https:\/\/patagoniambiental.com.ar\/info\/con-la-pandemia-ciencias-del-mar-duplico-su-matricula-en-dos-anos\/#respond"]}]},{"@type":"WebPage","@id":"https:\/\/patagoniambiental.com.ar\/info\/con-la-pandemia-ciencias-del-mar-duplico-su-matricula-en-dos-anos\/","url":"https:\/\/patagoniambiental.com.ar\/info\/con-la-pandemia-ciencias-del-mar-duplico-su-matricula-en-dos-anos\/","name":"Con la pandemia, Ciencias del Mar duplic\u00f3 su matr\u00edcula en dos a\u00f1os","isPartOf":{"@id":"https:\/\/patagoniambiental.com.ar\/info\/#website"},"primaryImageOfPage":{"@id":"https:\/\/patagoniambiental.com.ar\/info\/con-la-pandemia-ciencias-del-mar-duplico-su-matricula-en-dos-anos\/#primaryimage"},"image":{"@id":"https:\/\/patagoniambiental.com.ar\/info\/con-la-pandemia-ciencias-del-mar-duplico-su-matricula-en-dos-anos\/#primaryimage"},"thumbnailUrl":"https:\/\/patagoniambiental.com.ar\/info\/wp-content\/uploads\/2022\/04\/mar-.jpg","datePublished":"2022-04-25T10:00:00+00:00","dateModified":"2022-04-25T12:26:21+00:00","breadcrumb":{"@id":"https:\/\/patagoniambiental.com.ar\/info\/con-la-pandemia-ciencias-del-mar-duplico-su-matricula-en-dos-anos\/#breadcrumb"},"inLanguage":"es","potentialAction":[{"@type":"ReadAction","target":["https:\/\/patagoniambiental.com.ar\/info\/con-la-pandemia-ciencias-del-mar-duplico-su-matricula-en-dos-anos\/"]}]},{"@type":"ImageObject","inLanguage":"es","@id":"https:\/\/patagoniambiental.com.ar\/info\/con-la-pandemia-ciencias-del-mar-duplico-su-matricula-en-dos-anos\/#primaryimage","url":"https:\/\/patagoniambiental.com.ar\/info\/wp-content\/uploads\/2022\/04\/mar-.jpg","contentUrl":"https:\/\/patagoniambiental.com.ar\/info\/wp-content\/uploads\/2022\/04\/mar-.jpg","width":900,"height":600},{"@type":"BreadcrumbList","@id":"https:\/\/patagoniambiental.com.ar\/info\/con-la-pandemia-ciencias-del-mar-duplico-su-matricula-en-dos-anos\/#breadcrumb","itemListElement":[{"@type":"ListItem","position":1,"name":"Inicio","item":"https:\/\/patagoniambiental.com.ar\/info\/"},{"@type":"ListItem","position":2,"name":"Con la pandemia, Ciencias del Mar duplic\u00f3 su matr\u00edcula en dos a\u00f1os"}]},{"@type":"WebSite","@id":"https:\/\/patagoniambiental.com.ar\/info\/#website","url":"https:\/\/patagoniambiental.com.ar\/info\/","name":"Patagonia Ambiental","description":"Monitoreo y an\u00e1lisis de la situaci\u00f3n geopol\u00edtica en el mundo y su implicancia en la Patagonia","publisher":{"@id":"https:\/\/patagoniambiental.com.ar\/info\/#organization"},"potentialAction":[{"@type":"SearchAction","target":{"@type":"EntryPoint","urlTemplate":"https:\/\/patagoniambiental.com.ar\/info\/?s={search_term_string}"},"query-input":{"@type":"PropertyValueSpecification","valueRequired":true,"valueName":"search_term_string"}}],"inLanguage":"es"},{"@type":"Organization","@id":"https:\/\/patagoniambiental.com.ar\/info\/#organization","name":"Patagonia Ambiental","url":"https:\/\/patagoniambiental.com.ar\/info\/","logo":{"@type":"ImageObject","inLanguage":"es","@id":"https:\/\/patagoniambiental.com.ar\/info\/#\/schema\/logo\/image\/","url":"https:\/\/patagoniambiental.com.ar\/info\/wp-content\/uploads\/2025\/05\/LOGO-PATAGONIA-AMBIENTAL.png","contentUrl":"https:\/\/patagoniambiental.com.ar\/info\/wp-content\/uploads\/2025\/05\/LOGO-PATAGONIA-AMBIENTAL.png","width":433,"height":250,"caption":"Patagonia Ambiental"},"image":{"@id":"https:\/\/patagoniambiental.com.ar\/info\/#\/schema\/logo\/image\/"},"sameAs":["https:\/\/www.facebook.com\/patagonia.ambiental","https:\/\/x.com\/PatAmb"]},{"@type":"Person","@id":"https:\/\/patagoniambiental.com.ar\/info\/#\/schema\/person\/e5af09d700b2e82cb10c6b8800e0c691","name":"BRAIAN ESTEVEZ","sameAs":["http:\/\/www.patagoniambiental.com.ar"]}]}},"_links":{"self":[{"href":"https:\/\/patagoniambiental.com.ar\/info\/wp-json\/wp\/v2\/posts\/75767","targetHints":{"allow":["GET"]}}],"collection":[{"href":"https:\/\/patagoniambiental.com.ar\/info\/wp-json\/wp\/v2\/posts"}],"about":[{"href":"https:\/\/patagoniambiental.com.ar\/info\/wp-json\/wp\/v2\/types\/post"}],"author":[{"embeddable":true,"href":"https:\/\/patagoniambiental.com.ar\/info\/wp-json\/wp\/v2\/users\/6"}],"replies":[{"embeddable":true,"href":"https:\/\/patagoniambiental.com.ar\/info\/wp-json\/wp\/v2\/comments?post=75767"}],"version-history":[{"count":0,"href":"https:\/\/patagoniambiental.com.ar\/info\/wp-json\/wp\/v2\/posts\/75767\/revisions"}],"wp:featuredmedia":[{"embeddable":true,"href":"https:\/\/patagoniambiental.com.ar\/info\/wp-json\/wp\/v2\/media\/75768"}],"wp:attachment":[{"href":"https:\/\/patagoniambiental.com.ar\/info\/wp-json\/wp\/v2\/media?parent=75767"}],"wp:term":[{"taxonomy":"category","embeddable":true,"href":"https:\/\/patagoniambiental.com.ar\/info\/wp-json\/wp\/v2\/categories?post=75767"},{"taxonomy":"post_tag","embeddable":true,"href":"https:\/\/patagoniambiental.com.ar\/info\/wp-json\/wp\/v2\/tags?post=75767"}],"curies":[{"name":"wp","href":"https:\/\/api.w.org\/{rel}","templated":true}]}}