{"id":75792,"date":"2022-05-01T07:00:00","date_gmt":"2022-05-01T10:00:00","guid":{"rendered":"http:\/\/patagoniambiental.com.ar\/info\/?p=75792"},"modified":"2022-04-29T10:40:50","modified_gmt":"2022-04-29T13:40:50","slug":"produccion-participo-de-la-comision-de-medio-ambiente-de-la-legislatura-neuquina","status":"publish","type":"post","link":"https:\/\/patagoniambiental.com.ar\/info\/produccion-participo-de-la-comision-de-medio-ambiente-de-la-legislatura-neuquina\/","title":{"rendered":"Producci\u00f3n particip\u00f3 de la Comisi\u00f3n de Medio Ambiente de la Legislatura neuquina"},"content":{"rendered":"\n<!--more-->\n\n\n\n<figure class=\"wp-block-image\"><img decoding=\"async\" src=\"https:\/\/noticiasnqn.com.ar\/galeria\/fotos\/2022\/04\/28\/l_1651182322.jpg\" alt=\"\" title=\"\"\/><\/figure>\n\n\n\n<figure class=\"wp-block-embed\"><div class=\"wp-block-embed__wrapper\">\nhttps:\/\/googleads.g.doubleclick.net\/pagead\/ads?client=ca-pub-6701243718527398&#038;output=html&#038;h=90&#038;slotname=3628941636&#038;adk=1908088435&#038;adf=3562747487&#038;pi=t.ma~as.3628941636&#038;w=728&#038;lmt=1651239118&#038;psa=1&#038;format=728&#215;90&#038;url=https%3A%2F%2Fnoticiasnqn.com.ar%2Factualidad%2Fproduccion-participo-de-la-comision-de-medio-ambiente-de-la-legislatura.htm&#038;wgl=1&#038;uach=WyJXaW5kb3dzIiwiMC4xLjAiLCJ4ODYiLCIiLCIxMDAuMC40ODk2LjEyNyIsW10sbnVsbCxudWxsLCI2NCIsW1siIE5vdCBBO0JyYW5kIiwiOTkuMC4wLjAiXSxbIkNocm9taXVtIiwiMTAwLjAuNDg5Ni4xMjciXSxbIkdvb2dsZSBDaHJvbWUiLCIxMDAuMC40ODk2LjEyNyJdXSxmYWxzZV0.&#038;tt_state=W3siaXNzdWVyT3JpZ2luIjoiaHR0cHM6Ly9wYWdlYWQyLmdvb2dsZXN5bmRpY2F0aW9uLmNvbSIsInN0YXRlIjoyOSwiaGFzUmVkZW1wdGlvblJlY29yZCI6dHJ1ZX1d&#038;dt=1651239104385&#038;bpp=9&#038;bdt=7348&#038;idt=867&#038;shv=r20220427&#038;mjsv=m202204200101&#038;ptt=9&#038;saldr=aa&#038;abxe=1&#038;cookie=ID%3Db552d36290f33797-22732a1ebf7b00f6%3AT%3D1644533481%3ART%3D1644533481%3AS%3DALNI_MYtzn0lg0jT3eam6rbfatdz4MTiKA&#038;prev_fmts=0x0&#038;nras=1&#038;correlator=2371177353921&#038;frm=20&#038;pv=1&#038;ga_vid=2091629142.1644533476&#038;ga_sid=1651239105&#038;ga_hid=1102855788&#038;ga_fc=1&#038;u_tz=-180&#038;u_his=1&#038;u_h=768&#038;u_w=1366&#038;u_ah=728&#038;u_aw=1366&#038;u_cd=24&#038;u_sd=1&#038;dmc=4&#038;adx=95&#038;ady=1041&#038;biw=1349&#038;bih=600&#038;scr_x=0&#038;scr_y=0&#038;eid=44759876%2C44759927%2C44759837%2C44760911%2C31067068%2C21067496%2C31064019&#038;oid=2&#038;pvsid=2879064818586414&#038;pem=621&#038;tmod=500496314&#038;uas=0&#038;nvt=1&#038;ref=https%3A%2F%2Fwww.google.com%2F&#038;eae=0&#038;fc=1920&#038;brdim=0%2C0%2C0%2C0%2C1366%2C0%2C0%2C0%2C1366%2C600&#038;vis=1&#038;rsz=%7C%7CeoEbr%7C&#038;abl=CS&#038;pfx=0&#038;fu=0&#038;bc=31&#038;ifi=2&#038;uci=a!2&#038;btvi=1&#038;fsb=1&#038;xpc=rkg4eUaq5Q&#038;p=https%3A\/\/noticiasnqn.com.ar&#038;dtd=14591\n<\/div><\/figure>\n\n\n\n<p>Neuqu\u00e9n.- Fue por el proyecto de ley que proh\u00edbe el uso del agroqu\u00edmico clorpirif\u00f3s a nivel provincial. La iniciativa fue presentada por el gobernador Omar Guti\u00e9rrez durante la apertura de sesiones de este a\u00f1o.<\/p>\n\n\n\n<p>La subsecretar\u00eda de Producci\u00f3n particip\u00f3 de la Comisi\u00f3n de Medio Ambiente, Recursos Naturales y Desarrollo Sustentable de la Legislatura, donde se trat\u00f3 el proyecto de ley que proh\u00edbe en todo el territorio provincial la elaboraci\u00f3n, comercializaci\u00f3n y uso de productos fitosanitarios formulados a base de Clorpirif\u00f3s etil o Clorpirif\u00f3s metil.<\/p>\n\n\n\n<p>El clorpirif\u00f3s, tanto el etil como el metil, es un insecticida utilizado en numerosos cultivos agr\u00edcolas y tambi\u00e9n en productos veterinarios y domisanitarios. Por sus efectos negativos al ambiente, su utilizaci\u00f3n a nivel mundial est\u00e1 cada vez m\u00e1s restringido, con prohibici\u00f3n de uso en varios pa\u00edses. En el caso particular de la Argentina, el Senasa ha resuelto prohibir su importaci\u00f3n, elaboraci\u00f3n, fraccionamiento, comercializaci\u00f3n y uso en todo el territorio nacional en forma completa a partir de diciembre de 2022. En el caso de Neuqu\u00e9n, se espera poder anticiparse a la prohibici\u00f3n nacional.<\/p>\n\n\n\n<p>Dicho proyecto fue presentado por el gobernador Omar Guti\u00e9rrez en la apertura de sesiones del 1\u00ba de marzo, luego de un trabajo articulado desde el ministerio de Producci\u00f3n e Industria, en respuesta a las inquietudes presentadas por actores de la sociedad civil.<\/p>\n\n\n\n<p>En una audiencia con el ministro de Producci\u00f3n e Industria, Facundo L\u00f3pez Raggi y un equipo t\u00e9cnico, representantes del Centro de Investigaciones en Toxicolog\u00eda Ambiental y Agrobiotecnolog\u00eda del Comahue (Citaac), de la Universidad Nacional del Comahue y del Foro Ciencia en Acci\u00f3n informaron sobre trastornos y da\u00f1os a la poblaci\u00f3n y a ciertas especies animales.<\/p>\n\n\n\n<p>Participaron de la reuni\u00f3n de Comisi\u00f3n, en representaci\u00f3n del ministerio de Producci\u00f3n e Industria, el director provincial de Producci\u00f3n Agraria y Sanidad Vegetal, Pablo Moratti y el director general de Sanidad Vegetal y Emergencia Agraria, Mariano Bondoni; la doctora Natalia Gui\u00f1az\u00fa y el doctor Miguel \u00c1ngel Valdez, representando al grupo de investigaci\u00f3n del Citaac.<\/p>\n\n\n\n<p>Fuente: https:\/\/noticiasnqn.com.ar\/actualidad\/produccion-participo-de-la-comision-de-medio-ambiente-de-la-legislatura.htm<\/p>\n","protected":false},"excerpt":{"rendered":"","protected":false},"author":6,"featured_media":75793,"comment_status":"open","ping_status":"open","sticky":false,"template":"","format":"standard","meta":{"site-sidebar-layout":"default","site-content-layout":"","ast-site-content-layout":"default","site-content-style":"default","site-sidebar-style":"default","ast-global-header-display":"","ast-banner-title-visibility":"","ast-main-header-display":"","ast-hfb-above-header-display":"","ast-hfb-below-header-display":"","ast-hfb-mobile-header-display":"","site-post-title":"","ast-breadcrumbs-content":"","ast-featured-img":"","footer-sml-layout":"","ast-disable-related-posts":"","theme-transparent-header-meta":"","adv-header-id-meta":"","stick-header-meta":"","header-above-stick-meta":"","header-main-stick-meta":"","header-below-stick-meta":"","astra-migrate-meta-layouts":"default","ast-page-background-enabled":"default","ast-page-background-meta":{"desktop":{"background-color":"var(--ast-global-color-5)","background-image":"","background-repeat":"repeat","background-position":"center center","background-size":"auto","background-attachment":"scroll","background-type":"","background-media":"","overlay-type":"","overlay-color":"","overlay-opacity":"","overlay-gradient":""},"tablet":{"background-color":"","background-image":"","background-repeat":"repeat","background-position":"center center","background-size":"auto","background-attachment":"scroll","background-type":"","background-media":"","overlay-type":"","overlay-color":"","overlay-opacity":"","overlay-gradient":""},"mobile":{"background-color":"","background-image":"","background-repeat":"repeat","background-position":"center center","background-size":"auto","background-attachment":"scroll","background-type":"","background-media":"","overlay-type":"","overlay-color":"","overlay-opacity":"","overlay-gradient":""}},"ast-content-background-meta":{"desktop":{"background-color":"var(--ast-global-color-4)","background-image":"","background-repeat":"repeat","background-position":"center center","background-size":"auto","background-attachment":"scroll","background-type":"","background-media":"","overlay-type":"","overlay-color":"","overlay-opacity":"","overlay-gradient":""},"tablet":{"background-color":"var(--ast-global-color-4)","background-image":"","background-repeat":"repeat","background-position":"center center","background-size":"auto","background-attachment":"scroll","background-type":"","background-media":"","overlay-type":"","overlay-color":"","overlay-opacity":"","overlay-gradient":""},"mobile":{"background-color":"var(--ast-global-color-4)","background-image":"","background-repeat":"repeat","background-position":"center center","background-size":"auto","background-attachment":"scroll","background-type":"","background-media":"","overlay-type":"","overlay-color":"","overlay-opacity":"","overlay-gradient":""}},"footnotes":""},"categories":[18,1,13],"tags":[],"class_list":["post-75792","post","type-post","status-publish","format-standard","has-post-thumbnail","hentry","category-neuquen","category-noticias","category-provinciales"],"yoast_head":"<!-- This site is optimized with the Yoast SEO Premium plugin v23.0 (Yoast SEO v27.4) - https:\/\/yoast.com\/product\/yoast-seo-premium-wordpress\/ -->\n<title>Producci\u00f3n particip\u00f3 de la Comisi\u00f3n de Medio Ambiente de la Legislatura neuquina<\/title>\n<meta name=\"robots\" content=\"index, follow, max-snippet:-1, max-image-preview:large, max-video-preview:-1\" \/>\n<link rel=\"canonical\" href=\"https:\/\/patagoniambiental.com.ar\/info\/produccion-participo-de-la-comision-de-medio-ambiente-de-la-legislatura-neuquina\/\" \/>\n<meta property=\"og:locale\" content=\"es_ES\" \/>\n<meta property=\"og:type\" content=\"article\" \/>\n<meta property=\"og:title\" content=\"Producci\u00f3n particip\u00f3 de la Comisi\u00f3n de Medio Ambiente de la Legislatura neuquina\" \/>\n<meta property=\"og:url\" content=\"https:\/\/patagoniambiental.com.ar\/info\/produccion-participo-de-la-comision-de-medio-ambiente-de-la-legislatura-neuquina\/\" \/>\n<meta property=\"og:site_name\" content=\"Patagonia Ambiental\" \/>\n<meta property=\"article:publisher\" content=\"https:\/\/www.facebook.com\/patagonia.ambiental\" \/>\n<meta property=\"article:published_time\" content=\"2022-05-01T10:00:00+00:00\" \/>\n<meta property=\"og:image\" content=\"https:\/\/patagoniambiental.com.ar\/info\/wp-content\/uploads\/2022\/04\/l_1651182322.jpg\" \/>\n\t<meta property=\"og:image:width\" content=\"900\" \/>\n\t<meta property=\"og:image:height\" content=\"600\" \/>\n\t<meta property=\"og:image:type\" content=\"image\/jpeg\" \/>\n<meta name=\"author\" content=\"BRAIAN ESTEVEZ\" \/>\n<meta name=\"twitter:card\" content=\"summary_large_image\" \/>\n<meta name=\"twitter:creator\" content=\"@PatAmb\" \/>\n<meta name=\"twitter:site\" content=\"@PatAmb\" \/>\n<script type=\"application\/ld+json\" class=\"yoast-schema-graph\">{\"@context\":\"https:\\\/\\\/schema.org\",\"@graph\":[{\"@type\":\"Article\",\"@id\":\"https:\\\/\\\/patagoniambiental.com.ar\\\/info\\\/produccion-participo-de-la-comision-de-medio-ambiente-de-la-legislatura-neuquina\\\/#article\",\"isPartOf\":{\"@id\":\"https:\\\/\\\/patagoniambiental.com.ar\\\/info\\\/produccion-participo-de-la-comision-de-medio-ambiente-de-la-legislatura-neuquina\\\/\"},\"author\":{\"name\":\"BRAIAN ESTEVEZ\",\"@id\":\"https:\\\/\\\/patagoniambiental.com.ar\\\/info\\\/#\\\/schema\\\/person\\\/e5af09d700b2e82cb10c6b8800e0c691\"},\"headline\":\"Producci\u00f3n particip\u00f3 de la Comisi\u00f3n de Medio Ambiente de la Legislatura neuquina\",\"datePublished\":\"2022-05-01T10:00:00+00:00\",\"mainEntityOfPage\":{\"@id\":\"https:\\\/\\\/patagoniambiental.com.ar\\\/info\\\/produccion-participo-de-la-comision-de-medio-ambiente-de-la-legislatura-neuquina\\\/\"},\"wordCount\":673,\"commentCount\":0,\"publisher\":{\"@id\":\"https:\\\/\\\/patagoniambiental.com.ar\\\/info\\\/#organization\"},\"image\":{\"@id\":\"https:\\\/\\\/patagoniambiental.com.ar\\\/info\\\/produccion-participo-de-la-comision-de-medio-ambiente-de-la-legislatura-neuquina\\\/#primaryimage\"},\"thumbnailUrl\":\"https:\\\/\\\/patagoniambiental.com.ar\\\/info\\\/wp-content\\\/uploads\\\/2022\\\/04\\\/l_1651182322.jpg\",\"articleSection\":[\"Neuqu\u00e9n\",\"Noticias\",\"Provinciales\"],\"inLanguage\":\"es\",\"potentialAction\":[{\"@type\":\"CommentAction\",\"name\":\"Comment\",\"target\":[\"https:\\\/\\\/patagoniambiental.com.ar\\\/info\\\/produccion-participo-de-la-comision-de-medio-ambiente-de-la-legislatura-neuquina\\\/#respond\"]}]},{\"@type\":\"WebPage\",\"@id\":\"https:\\\/\\\/patagoniambiental.com.ar\\\/info\\\/produccion-participo-de-la-comision-de-medio-ambiente-de-la-legislatura-neuquina\\\/\",\"url\":\"https:\\\/\\\/patagoniambiental.com.ar\\\/info\\\/produccion-participo-de-la-comision-de-medio-ambiente-de-la-legislatura-neuquina\\\/\",\"name\":\"Producci\u00f3n particip\u00f3 de la Comisi\u00f3n de Medio Ambiente de la Legislatura neuquina\",\"isPartOf\":{\"@id\":\"https:\\\/\\\/patagoniambiental.com.ar\\\/info\\\/#website\"},\"primaryImageOfPage\":{\"@id\":\"https:\\\/\\\/patagoniambiental.com.ar\\\/info\\\/produccion-participo-de-la-comision-de-medio-ambiente-de-la-legislatura-neuquina\\\/#primaryimage\"},\"image\":{\"@id\":\"https:\\\/\\\/patagoniambiental.com.ar\\\/info\\\/produccion-participo-de-la-comision-de-medio-ambiente-de-la-legislatura-neuquina\\\/#primaryimage\"},\"thumbnailUrl\":\"https:\\\/\\\/patagoniambiental.com.ar\\\/info\\\/wp-content\\\/uploads\\\/2022\\\/04\\\/l_1651182322.jpg\",\"datePublished\":\"2022-05-01T10:00:00+00:00\",\"breadcrumb\":{\"@id\":\"https:\\\/\\\/patagoniambiental.com.ar\\\/info\\\/produccion-participo-de-la-comision-de-medio-ambiente-de-la-legislatura-neuquina\\\/#breadcrumb\"},\"inLanguage\":\"es\",\"potentialAction\":[{\"@type\":\"ReadAction\",\"target\":[\"https:\\\/\\\/patagoniambiental.com.ar\\\/info\\\/produccion-participo-de-la-comision-de-medio-ambiente-de-la-legislatura-neuquina\\\/\"]}]},{\"@type\":\"ImageObject\",\"inLanguage\":\"es\",\"@id\":\"https:\\\/\\\/patagoniambiental.com.ar\\\/info\\\/produccion-participo-de-la-comision-de-medio-ambiente-de-la-legislatura-neuquina\\\/#primaryimage\",\"url\":\"https:\\\/\\\/patagoniambiental.com.ar\\\/info\\\/wp-content\\\/uploads\\\/2022\\\/04\\\/l_1651182322.jpg\",\"contentUrl\":\"https:\\\/\\\/patagoniambiental.com.ar\\\/info\\\/wp-content\\\/uploads\\\/2022\\\/04\\\/l_1651182322.jpg\",\"width\":900,\"height\":600},{\"@type\":\"BreadcrumbList\",\"@id\":\"https:\\\/\\\/patagoniambiental.com.ar\\\/info\\\/produccion-participo-de-la-comision-de-medio-ambiente-de-la-legislatura-neuquina\\\/#breadcrumb\",\"itemListElement\":[{\"@type\":\"ListItem\",\"position\":1,\"name\":\"Inicio\",\"item\":\"https:\\\/\\\/patagoniambiental.com.ar\\\/info\\\/\"},{\"@type\":\"ListItem\",\"position\":2,\"name\":\"Producci\u00f3n particip\u00f3 de la Comisi\u00f3n de Medio Ambiente de la Legislatura neuquina\"}]},{\"@type\":\"WebSite\",\"@id\":\"https:\\\/\\\/patagoniambiental.com.ar\\\/info\\\/#website\",\"url\":\"https:\\\/\\\/patagoniambiental.com.ar\\\/info\\\/\",\"name\":\"Patagonia Ambiental\",\"description\":\"Monitoreo y an\u00e1lisis de la situaci\u00f3n geopol\u00edtica en el mundo y su implicancia en la Patagonia\",\"publisher\":{\"@id\":\"https:\\\/\\\/patagoniambiental.com.ar\\\/info\\\/#organization\"},\"potentialAction\":[{\"@type\":\"SearchAction\",\"target\":{\"@type\":\"EntryPoint\",\"urlTemplate\":\"https:\\\/\\\/patagoniambiental.com.ar\\\/info\\\/?s={search_term_string}\"},\"query-input\":{\"@type\":\"PropertyValueSpecification\",\"valueRequired\":true,\"valueName\":\"search_term_string\"}}],\"inLanguage\":\"es\"},{\"@type\":\"Organization\",\"@id\":\"https:\\\/\\\/patagoniambiental.com.ar\\\/info\\\/#organization\",\"name\":\"Patagonia Ambiental\",\"url\":\"https:\\\/\\\/patagoniambiental.com.ar\\\/info\\\/\",\"logo\":{\"@type\":\"ImageObject\",\"inLanguage\":\"es\",\"@id\":\"https:\\\/\\\/patagoniambiental.com.ar\\\/info\\\/#\\\/schema\\\/logo\\\/image\\\/\",\"url\":\"https:\\\/\\\/patagoniambiental.com.ar\\\/info\\\/wp-content\\\/uploads\\\/2025\\\/05\\\/LOGO-PATAGONIA-AMBIENTAL.png\",\"contentUrl\":\"https:\\\/\\\/patagoniambiental.com.ar\\\/info\\\/wp-content\\\/uploads\\\/2025\\\/05\\\/LOGO-PATAGONIA-AMBIENTAL.png\",\"width\":433,\"height\":250,\"caption\":\"Patagonia Ambiental\"},\"image\":{\"@id\":\"https:\\\/\\\/patagoniambiental.com.ar\\\/info\\\/#\\\/schema\\\/logo\\\/image\\\/\"},\"sameAs\":[\"https:\\\/\\\/www.facebook.com\\\/patagonia.ambiental\",\"https:\\\/\\\/x.com\\\/PatAmb\"]},{\"@type\":\"Person\",\"@id\":\"https:\\\/\\\/patagoniambiental.com.ar\\\/info\\\/#\\\/schema\\\/person\\\/e5af09d700b2e82cb10c6b8800e0c691\",\"name\":\"BRAIAN ESTEVEZ\",\"sameAs\":[\"http:\\\/\\\/www.patagoniambiental.com.ar\"]}]}<\/script>\n<!-- \/ Yoast SEO Premium plugin. -->","yoast_head_json":{"title":"Producci\u00f3n particip\u00f3 de la Comisi\u00f3n de Medio Ambiente de la Legislatura neuquina","robots":{"index":"index","follow":"follow","max-snippet":"max-snippet:-1","max-image-preview":"max-image-preview:large","max-video-preview":"max-video-preview:-1"},"canonical":"https:\/\/patagoniambiental.com.ar\/info\/produccion-participo-de-la-comision-de-medio-ambiente-de-la-legislatura-neuquina\/","og_locale":"es_ES","og_type":"article","og_title":"Producci\u00f3n particip\u00f3 de la Comisi\u00f3n de Medio Ambiente de la Legislatura neuquina","og_url":"https:\/\/patagoniambiental.com.ar\/info\/produccion-participo-de-la-comision-de-medio-ambiente-de-la-legislatura-neuquina\/","og_site_name":"Patagonia Ambiental","article_publisher":"https:\/\/www.facebook.com\/patagonia.ambiental","article_published_time":"2022-05-01T10:00:00+00:00","og_image":[{"width":900,"height":600,"url":"https:\/\/patagoniambiental.com.ar\/info\/wp-content\/uploads\/2022\/04\/l_1651182322.jpg","type":"image\/jpeg"}],"author":"BRAIAN ESTEVEZ","twitter_card":"summary_large_image","twitter_creator":"@PatAmb","twitter_site":"@PatAmb","schema":{"@context":"https:\/\/schema.org","@graph":[{"@type":"Article","@id":"https:\/\/patagoniambiental.com.ar\/info\/produccion-participo-de-la-comision-de-medio-ambiente-de-la-legislatura-neuquina\/#article","isPartOf":{"@id":"https:\/\/patagoniambiental.com.ar\/info\/produccion-participo-de-la-comision-de-medio-ambiente-de-la-legislatura-neuquina\/"},"author":{"name":"BRAIAN ESTEVEZ","@id":"https:\/\/patagoniambiental.com.ar\/info\/#\/schema\/person\/e5af09d700b2e82cb10c6b8800e0c691"},"headline":"Producci\u00f3n particip\u00f3 de la Comisi\u00f3n de Medio Ambiente de la Legislatura neuquina","datePublished":"2022-05-01T10:00:00+00:00","mainEntityOfPage":{"@id":"https:\/\/patagoniambiental.com.ar\/info\/produccion-participo-de-la-comision-de-medio-ambiente-de-la-legislatura-neuquina\/"},"wordCount":673,"commentCount":0,"publisher":{"@id":"https:\/\/patagoniambiental.com.ar\/info\/#organization"},"image":{"@id":"https:\/\/patagoniambiental.com.ar\/info\/produccion-participo-de-la-comision-de-medio-ambiente-de-la-legislatura-neuquina\/#primaryimage"},"thumbnailUrl":"https:\/\/patagoniambiental.com.ar\/info\/wp-content\/uploads\/2022\/04\/l_1651182322.jpg","articleSection":["Neuqu\u00e9n","Noticias","Provinciales"],"inLanguage":"es","potentialAction":[{"@type":"CommentAction","name":"Comment","target":["https:\/\/patagoniambiental.com.ar\/info\/produccion-participo-de-la-comision-de-medio-ambiente-de-la-legislatura-neuquina\/#respond"]}]},{"@type":"WebPage","@id":"https:\/\/patagoniambiental.com.ar\/info\/produccion-participo-de-la-comision-de-medio-ambiente-de-la-legislatura-neuquina\/","url":"https:\/\/patagoniambiental.com.ar\/info\/produccion-participo-de-la-comision-de-medio-ambiente-de-la-legislatura-neuquina\/","name":"Producci\u00f3n particip\u00f3 de la Comisi\u00f3n de Medio Ambiente de la Legislatura neuquina","isPartOf":{"@id":"https:\/\/patagoniambiental.com.ar\/info\/#website"},"primaryImageOfPage":{"@id":"https:\/\/patagoniambiental.com.ar\/info\/produccion-participo-de-la-comision-de-medio-ambiente-de-la-legislatura-neuquina\/#primaryimage"},"image":{"@id":"https:\/\/patagoniambiental.com.ar\/info\/produccion-participo-de-la-comision-de-medio-ambiente-de-la-legislatura-neuquina\/#primaryimage"},"thumbnailUrl":"https:\/\/patagoniambiental.com.ar\/info\/wp-content\/uploads\/2022\/04\/l_1651182322.jpg","datePublished":"2022-05-01T10:00:00+00:00","breadcrumb":{"@id":"https:\/\/patagoniambiental.com.ar\/info\/produccion-participo-de-la-comision-de-medio-ambiente-de-la-legislatura-neuquina\/#breadcrumb"},"inLanguage":"es","potentialAction":[{"@type":"ReadAction","target":["https:\/\/patagoniambiental.com.ar\/info\/produccion-participo-de-la-comision-de-medio-ambiente-de-la-legislatura-neuquina\/"]}]},{"@type":"ImageObject","inLanguage":"es","@id":"https:\/\/patagoniambiental.com.ar\/info\/produccion-participo-de-la-comision-de-medio-ambiente-de-la-legislatura-neuquina\/#primaryimage","url":"https:\/\/patagoniambiental.com.ar\/info\/wp-content\/uploads\/2022\/04\/l_1651182322.jpg","contentUrl":"https:\/\/patagoniambiental.com.ar\/info\/wp-content\/uploads\/2022\/04\/l_1651182322.jpg","width":900,"height":600},{"@type":"BreadcrumbList","@id":"https:\/\/patagoniambiental.com.ar\/info\/produccion-participo-de-la-comision-de-medio-ambiente-de-la-legislatura-neuquina\/#breadcrumb","itemListElement":[{"@type":"ListItem","position":1,"name":"Inicio","item":"https:\/\/patagoniambiental.com.ar\/info\/"},{"@type":"ListItem","position":2,"name":"Producci\u00f3n particip\u00f3 de la Comisi\u00f3n de Medio Ambiente de la Legislatura neuquina"}]},{"@type":"WebSite","@id":"https:\/\/patagoniambiental.com.ar\/info\/#website","url":"https:\/\/patagoniambiental.com.ar\/info\/","name":"Patagonia Ambiental","description":"Monitoreo y an\u00e1lisis de la situaci\u00f3n geopol\u00edtica en el mundo y su implicancia en la Patagonia","publisher":{"@id":"https:\/\/patagoniambiental.com.ar\/info\/#organization"},"potentialAction":[{"@type":"SearchAction","target":{"@type":"EntryPoint","urlTemplate":"https:\/\/patagoniambiental.com.ar\/info\/?s={search_term_string}"},"query-input":{"@type":"PropertyValueSpecification","valueRequired":true,"valueName":"search_term_string"}}],"inLanguage":"es"},{"@type":"Organization","@id":"https:\/\/patagoniambiental.com.ar\/info\/#organization","name":"Patagonia Ambiental","url":"https:\/\/patagoniambiental.com.ar\/info\/","logo":{"@type":"ImageObject","inLanguage":"es","@id":"https:\/\/patagoniambiental.com.ar\/info\/#\/schema\/logo\/image\/","url":"https:\/\/patagoniambiental.com.ar\/info\/wp-content\/uploads\/2025\/05\/LOGO-PATAGONIA-AMBIENTAL.png","contentUrl":"https:\/\/patagoniambiental.com.ar\/info\/wp-content\/uploads\/2025\/05\/LOGO-PATAGONIA-AMBIENTAL.png","width":433,"height":250,"caption":"Patagonia Ambiental"},"image":{"@id":"https:\/\/patagoniambiental.com.ar\/info\/#\/schema\/logo\/image\/"},"sameAs":["https:\/\/www.facebook.com\/patagonia.ambiental","https:\/\/x.com\/PatAmb"]},{"@type":"Person","@id":"https:\/\/patagoniambiental.com.ar\/info\/#\/schema\/person\/e5af09d700b2e82cb10c6b8800e0c691","name":"BRAIAN ESTEVEZ","sameAs":["http:\/\/www.patagoniambiental.com.ar"]}]}},"_links":{"self":[{"href":"https:\/\/patagoniambiental.com.ar\/info\/wp-json\/wp\/v2\/posts\/75792","targetHints":{"allow":["GET"]}}],"collection":[{"href":"https:\/\/patagoniambiental.com.ar\/info\/wp-json\/wp\/v2\/posts"}],"about":[{"href":"https:\/\/patagoniambiental.com.ar\/info\/wp-json\/wp\/v2\/types\/post"}],"author":[{"embeddable":true,"href":"https:\/\/patagoniambiental.com.ar\/info\/wp-json\/wp\/v2\/users\/6"}],"replies":[{"embeddable":true,"href":"https:\/\/patagoniambiental.com.ar\/info\/wp-json\/wp\/v2\/comments?post=75792"}],"version-history":[{"count":0,"href":"https:\/\/patagoniambiental.com.ar\/info\/wp-json\/wp\/v2\/posts\/75792\/revisions"}],"wp:featuredmedia":[{"embeddable":true,"href":"https:\/\/patagoniambiental.com.ar\/info\/wp-json\/wp\/v2\/media\/75793"}],"wp:attachment":[{"href":"https:\/\/patagoniambiental.com.ar\/info\/wp-json\/wp\/v2\/media?parent=75792"}],"wp:term":[{"taxonomy":"category","embeddable":true,"href":"https:\/\/patagoniambiental.com.ar\/info\/wp-json\/wp\/v2\/categories?post=75792"},{"taxonomy":"post_tag","embeddable":true,"href":"https:\/\/patagoniambiental.com.ar\/info\/wp-json\/wp\/v2\/tags?post=75792"}],"curies":[{"name":"wp","href":"https:\/\/api.w.org\/{rel}","templated":true}]}}