{"id":75835,"date":"2022-05-09T19:00:00","date_gmt":"2022-05-09T22:00:00","guid":{"rendered":"http:\/\/patagoniambiental.com.ar\/info\/?p=75835"},"modified":"2022-05-09T10:35:09","modified_gmt":"2022-05-09T13:35:09","slug":"ambiente-sur-y-puerto-santa-cruz-avanzan-en-la-conservacion-de-areas-protegidas-locales","status":"publish","type":"post","link":"https:\/\/patagoniambiental.com.ar\/info\/ambiente-sur-y-puerto-santa-cruz-avanzan-en-la-conservacion-de-areas-protegidas-locales\/","title":{"rendered":"Ambiente Sur y Puerto Santa Cruz avanzan en la conservaci\u00f3n de \u00e1reas protegidas locales"},"content":{"rendered":"\n<!--more-->\n\n\n\n<h2 class=\"wp-block-heading\">La Asociaci\u00f3n Ambiente Sur en conjunto con las autoridades de Puerto Santa Cruz desarroll\u00f3 actividades de sensibilizaci\u00f3n ambiental y apoyo para la conservaci\u00f3n del Mac\u00e1 tobiano y el manejo de las Reservas Naturales Urbanas de la localidad.<\/h2>\n\n\n\n<figure class=\"wp-block-image\"><img decoding=\"async\" src=\"https:\/\/www.eldiarionuevodia.com.ar\/u\/fotografias\/m\/2022\/5\/8\/f608x342-209095_238818_0.jpg\" alt=\"\"\/><\/figure>\n\n\n\n<figure class=\"wp-block-image\"><img decoding=\"async\" src=\"https:\/\/www.eldiarionuevodia.com.ar\/u\/fotografias\/m\/2022\/5\/8\/f608x342-209094_238817_142.jpg\" alt=\"\"\/><\/figure>\n\n\n\n<figure class=\"wp-block-image\"><img decoding=\"async\" src=\"https:\/\/www.eldiarionuevodia.com.ar\/u\/aps\/noticias\/fotografias\/autor-1_m.jpg\" alt=\"Nuevo Dia \"\/><\/figure>\n\n\n\n<p><a href=\"https:\/\/www.eldiarionuevodia.com.ar\/autor\/fernando-tornau.html\"><\/a><a href=\"https:\/\/www.eldiarionuevodia.com.ar\/autor\/fernando-tornau.html\">Por Nuevo Dia<\/a> Escrito en REGIONALES el 8\/5\/2022 \u00b7 16:19 hs https:\/\/googleads.g.doubleclick.net\/pagead\/ads?client=ca-pub-1849742651984680&amp;format=620&#215;200&amp;w=620&amp;h=200&amp;ptt=12&amp;iu=2564869653&amp;adk=3756592464&amp;output=html&amp;bc=7&amp;pv=1&amp;wgl=1&amp;asnt=0-1484266164629167649&amp;dff=-apple-system%2C%20BlinkMacSystemFont%2C%20Segoe%20UI%2C%20Oxygen%2C%20Ubuntu%2C%20Cantarell%2C%20Fira%20Sans%2C%20Droid%20Sans%2C%20Helvetica%20Neue%2C%20Arial%2C%20sans-serif&amp;prev_fmts=970&#215;250%2C300x250&amp;prev_slotnames=2564869653%2C2564869653&amp;brdim=0%2C0%2C0%2C0%2C1366%2C0%2C1363%2C696%2C1363%2C558&amp;ifi=3&amp;pfx=0&amp;adf=1664544332&amp;nhd=0&amp;adx=183&amp;ady=1276&amp;oid=2&amp;is_amp=5&amp;amp_v=2204221712000&amp;d_imp=1&amp;c=7000714&amp;ga_cid=amp-ZLKvZORPFYTzomZ7-RzRIA&amp;ga_hid=714&amp;dt=1652103160941&amp;biw=1363&amp;bih=558&amp;u_aw=1366&amp;u_ah=728&amp;u_cd=24&amp;u_w=1366&amp;u_h=768&amp;u_tz=-180&amp;u_his=1&amp;vis=1&amp;scr_x=0&amp;scr_y=0&amp;url=https%3A%2F%2Fwww.eldiarionuevodia.com.ar%2Fregionales%2F2022%2F5%2F8%2Fambiente-sur-puerto-santa-cruz-avanzan-en-la-conservacion-de-areas-protegidas-locales-178656.html&amp;ref=https%3A%2F%2Fwww.google.com%2F&amp;bdt=1338646&amp;dtd=229&amp;__amp_source_origin=https%3A%2F%2Fwww.eldiarionuevodia.com.ar<\/p>\n\n\n\n<p>Durante el 6 y 7 de mayo pasados, el equipo de la Asociaci\u00f3n visit\u00f3 Puerto Santa Cruz a fin de dar continuidad a las acciones que viene desarrollando de apoyo a la creaci\u00f3n del Sistema de Reservas Naturales Urbanas (S.R.N.U.), realizando reuniones t\u00e9cnicas con las autoridades de aplicaci\u00f3n en relaci\u00f3n a las reservas y junto a otras organizaciones, consolidando las acciones de conservaci\u00f3n del Mac\u00e1 tobiano, a lo que se sumar\u00e1n propuestas de sensibilizaci\u00f3n y educaci\u00f3n ambiental para la comunidad a mediados de mayo. https:\/\/d-40337778481557950714.ampproject.net\/2204221712000\/frame.html<\/p>\n\n\n\n<p>En esta oportunidad, junto a Elio Dur\u00e1n, Director de Ambiente Municipal, se coloc\u00f3 carteler\u00eda en los sectores norte y sur del Sistema de Reservas Naturales Urbanas. Respecto al Mac\u00e1 tobiano, el equipo de conservaci\u00f3n realiz\u00f3 monitoreos de la especie en el estuario local y se reuni\u00f3 con la delegaci\u00f3n del Consejo Agrario Provincial.<\/p>\n\n\n\n<p>El trabajo de conservaci\u00f3n se complementa con acciones de sensibilizaci\u00f3n y educaci\u00f3n ambiental y de participaci\u00f3n ciudadana. Durante el fin de semana, se invit\u00f3 a la comunidad a realizar avistajes de Mac\u00e1 tobiano, que permanece en el estuario del r\u00edo Santa Cruz durante el invierno. https:\/\/googleads.g.doubleclick.net\/pagead\/ads?client=ca-pub-1849742651984680&amp;format=300&#215;250&amp;w=300&amp;h=250&amp;ptt=12&amp;iu=2564869653&amp;adk=3102001373&amp;output=html&amp;bc=7&amp;pv=1&amp;wgl=1&amp;asnt=0-39213800043860276537&amp;dff=-apple-system%2C%20BlinkMacSystemFont%2C%20Segoe%20UI%2C%20Oxygen%2C%20Ubuntu%2C%20Cantarell%2C%20Fira%20Sans%2C%20Droid%20Sans%2C%20Helvetica%20Neue%2C%20Arial%2C%20sans-serif&amp;prev_fmts=970&#215;250%2C300x250%2C620x200&amp;prev_slotnames=2564869653%2C2564869653%2C2564869653&amp;brdim=0%2C0%2C0%2C0%2C1366%2C0%2C1363%2C696%2C1363%2C558&amp;ifi=4&amp;pfx=0&amp;adf=3213247395&amp;nhd=0&amp;adx=335&amp;ady=1891&amp;oid=2&amp;is_amp=5&amp;amp_v=2204221712000&amp;d_imp=1&amp;c=7000714&amp;ga_cid=amp-ZLKvZORPFYTzomZ7-RzRIA&amp;ga_hid=714&amp;dt=1652103160941&amp;biw=1363&amp;bih=558&amp;u_aw=1366&amp;u_ah=728&amp;u_cd=24&amp;u_w=1366&amp;u_h=768&amp;u_tz=-180&amp;u_his=1&amp;vis=1&amp;scr_x=0&amp;scr_y=0&amp;url=https%3A%2F%2Fwww.eldiarionuevodia.com.ar%2Fregionales%2F2022%2F5%2F8%2Fambiente-sur-puerto-santa-cruz-avanzan-en-la-conservacion-de-areas-protegidas-locales-178656.html&amp;ref=https%3A%2F%2Fwww.google.com%2F&amp;bdt=1338646&amp;dtd=229&amp;__amp_source_origin=https%3A%2F%2Fwww.eldiarionuevodia.com.ar<\/p>\n\n\n\n<p>Asimismo, el pr\u00f3ximo lunes 16 de mayo, el Equipo de Educaci\u00f3n Ambiental de la ONG realizar\u00e1 en jardines e instituciones educativas de todos los niveles de Puerto Santa Cruz talleres sobre el Mac\u00e1 tobiano, con intervenciones de la mascota \u201cMacanudo\u201d, que representa al ave, para que alumnos y familias puedan tomar fotos en las salidas de los colegios.<\/p>\n\n\n\n<p>Adem\u00e1s, se presentar\u00e1 la aplicaci\u00f3n \u201cA ver Aves\u201d, que permite conocer las aves de las Reservas Naturales Urbanas de ciudades de la Patagonia Sur e iniciarse en su observaci\u00f3n, con descarga libre y gratuita. La App posibilita recorrer las R.N.U. de Puerto Santa Cruz y otras localidades de la Provincia. Los usuarios pueden ingresar a los sitios, reconocer las especies que se encuentran en ellos, ver fotos, aprender sobre sus caracter\u00edsticas principales y escuchar sus vocalizaciones, as\u00ed como conocer algunas especies de flora nativa. https:\/\/googleads.g.doubleclick.net\/pagead\/ads?client=ca-pub-1849742651984680&amp;format=300&#215;250&amp;w=300&amp;h=250&amp;ptt=12&amp;iu=4959932857&amp;adk=471400479&amp;output=html&amp;bc=7&amp;pv=1&amp;wgl=1&amp;asnt=0-20448877914055838035&amp;dff=-apple-system%2C%20BlinkMacSystemFont%2C%20Segoe%20UI%2C%20Oxygen%2C%20Ubuntu%2C%20Cantarell%2C%20Fira%20Sans%2C%20Droid%20Sans%2C%20Helvetica%20Neue%2C%20Arial%2C%20sans-serif&amp;prev_fmts=970&#215;250%2C300x250%2C620x200%2C300x250%2C300x250%2C300x250%2C300x250&amp;prev_slotnames=2564869653%2C2564869653%2C2564869653%2C2564869653%2C2564869653%2C2564869653%2C2564869653&amp;brdim=0%2C0%2C0%2C0%2C1366%2C0%2C1363%2C696%2C1363%2C558&amp;ifi=8&amp;pfx=0&amp;adf=297331360&amp;nhd=0&amp;adx=335&amp;ady=2410&amp;oid=2&amp;is_amp=5&amp;amp_v=2204221712000&amp;d_imp=1&amp;c=7000714&amp;ga_cid=amp-ZLKvZORPFYTzomZ7-RzRIA&amp;ga_hid=714&amp;dt=1652103326530&amp;biw=1363&amp;bih=558&amp;u_aw=1366&amp;u_ah=728&amp;u_cd=24&amp;u_w=1366&amp;u_h=768&amp;u_tz=-180&amp;u_his=1&amp;vis=1&amp;scr_x=0&amp;scr_y=1939&amp;url=https%3A%2F%2Fwww.eldiarionuevodia.com.ar%2Fregionales%2F2022%2F5%2F8%2Fambiente-sur-puerto-santa-cruz-avanzan-en-la-conservacion-de-areas-protegidas-locales-178656.html&amp;ref=https%3A%2F%2Fwww.google.com%2F&amp;bdt=1504235&amp;dtd=15&amp;__amp_source_origin=https%3A%2F%2Fwww.eldiarionuevodia.com.ar<\/p>\n\n\n\n<p><strong>Apoyo a la conservaci\u00f3n del estuario del r\u00edo Santa Cruz<\/strong><\/p>\n\n\n\n<p>Con estas acciones, Ambiente Sur contin\u00faa dando asistencia para la conservaci\u00f3n del ambiente del estuario del r\u00edo Santa Cruz, que alberga una rica biodiversidad, siendo la especie m\u00e1s importante el Mac\u00e1 tobiano, por tratarse de un ave end\u00e9mica de la Provincia de Santa Cruz y en peligro cr\u00edtico de extinci\u00f3n.<\/p>\n\n\n\n<p>En el marco del Proyecto Mac\u00e1 Tobiano que Ambiente Sur desarrolla junto a la ONG Aves Argentinas con el apoyo de International Conservation Fund of Canad\u00e1 (I.C.F.C.), se lleva adelante un trabajo conjunto de la Asociaci\u00f3n con el Municipio, ratificado por un convenio firmado en 2018, que permiti\u00f3 avanzar con los censos de Mac\u00e1 tobiano. El \u201ctobiano\u201d inverna en los tres estuarios atl\u00e1nticos santacruce\u00f1os, de los cuales el estuario del r\u00edo Santa Cruz, seg\u00fan los \u00faltimos relevamientos, concentra el 90% de los individuos observados. Los censos se realizan durante todo el a\u00f1o, durante la invernada de la especie en los estuarios y luego, en forma preventiva.<\/p>\n\n\n\n<p>El Municipio de Puerto Santa Cruz cre\u00f3 en 2019, mediante la Ordenanza N\u00ba 414, un Sistema de Reservas Naturales Urbanas que contempla dos \u00e1reas protegidas, denominadas Norte y Sur, conformadas por 53 has. de tierras municipales que resguardan zonas sensibles del ecosistema del estuario del r\u00edo Santa Cruz, abarcando sectores costeros y contiguos a \u00e9stos.<\/p>\n\n\n\n<p>La ONG implementa en la localidad el Proyecto \u201cConectando Comunidades a trav\u00e9s de Reservas Naturales Urbanas, Educaci\u00f3n Ambiental y Participaci\u00f3n Ciudadana\u201d, financiado por el Servicio de Pesca y Vida Silvestre de los EE.UU, en aplicaci\u00f3n de la Ley de Conservaci\u00f3n de Aves Migratorias Neotropicales de ese pa\u00eds, en cuyo marco fue posible la instalaci\u00f3n de infraestructura en las reservas: la colocaci\u00f3n de alambrado en el sector Norte en 2021 y la reciente instalaci\u00f3n de carteler\u00eda en los sectores Norte y Sur.<\/p>\n\n\n\n<p>El trabajo junto al Municipio para el fortalecimiento de las acciones de conservaci\u00f3n en el Sistema de R.N.U. contempla el dise\u00f1o del Plan de Manejo de ambas Reservas Naturales Urbanas, para lo cual se realizan inventarios de flora, fauna, infraestructura existente, entre otros t\u00f3picos relevantes y necesarios que sirven de insumos para los planes de manejo de cada \u00e1rea.<\/p>\n\n\n\n<p>Fuente: https:\/\/www.eldiarionuevodia.com.ar\/regionales\/2022\/5\/8\/ambiente-sur-puerto-santa-cruz-avanzan-en-la-conservacion-de-areas-protegidas-locales-178656.html<\/p>\n","protected":false},"excerpt":{"rendered":"","protected":false},"author":6,"featured_media":75836,"comment_status":"open","ping_status":"open","sticky":false,"template":"","format":"standard","meta":{"site-sidebar-layout":"default","site-content-layout":"","ast-site-content-layout":"default","site-content-style":"default","site-sidebar-style":"default","ast-global-header-display":"","ast-banner-title-visibility":"","ast-main-header-display":"","ast-hfb-above-header-display":"","ast-hfb-below-header-display":"","ast-hfb-mobile-header-display":"","site-post-title":"","ast-breadcrumbs-content":"","ast-featured-img":"","footer-sml-layout":"","ast-disable-related-posts":"","theme-transparent-header-meta":"","adv-header-id-meta":"","stick-header-meta":"","header-above-stick-meta":"","header-main-stick-meta":"","header-below-stick-meta":"","astra-migrate-meta-layouts":"default","ast-page-background-enabled":"default","ast-page-background-meta":{"desktop":{"background-color":"var(--ast-global-color-5)","background-image":"","background-repeat":"repeat","background-position":"center center","background-size":"auto","background-attachment":"scroll","background-type":"","background-media":"","overlay-type":"","overlay-color":"","overlay-opacity":"","overlay-gradient":""},"tablet":{"background-color":"","background-image":"","background-repeat":"repeat","background-position":"center center","background-size":"auto","background-attachment":"scroll","background-type":"","background-media":"","overlay-type":"","overlay-color":"","overlay-opacity":"","overlay-gradient":""},"mobile":{"background-color":"","background-image":"","background-repeat":"repeat","background-position":"center center","background-size":"auto","background-attachment":"scroll","background-type":"","background-media":"","overlay-type":"","overlay-color":"","overlay-opacity":"","overlay-gradient":""}},"ast-content-background-meta":{"desktop":{"background-color":"var(--ast-global-color-4)","background-image":"","background-repeat":"repeat","background-position":"center center","background-size":"auto","background-attachment":"scroll","background-type":"","background-media":"","overlay-type":"","overlay-color":"","overlay-opacity":"","overlay-gradient":""},"tablet":{"background-color":"var(--ast-global-color-4)","background-image":"","background-repeat":"repeat","background-position":"center center","background-size":"auto","background-attachment":"scroll","background-type":"","background-media":"","overlay-type":"","overlay-color":"","overlay-opacity":"","overlay-gradient":""},"mobile":{"background-color":"var(--ast-global-color-4)","background-image":"","background-repeat":"repeat","background-position":"center center","background-size":"auto","background-attachment":"scroll","background-type":"","background-media":"","overlay-type":"","overlay-color":"","overlay-opacity":"","overlay-gradient":""}},"footnotes":""},"categories":[11,1,3,10],"tags":[],"class_list":["post-75835","post","type-post","status-publish","format-standard","has-post-thumbnail","hentry","category-boletin","category-noticias","category-ong","category-rotador"],"yoast_head":"<!-- This site is optimized with the Yoast SEO Premium plugin v23.0 (Yoast SEO v27.4) - https:\/\/yoast.com\/product\/yoast-seo-premium-wordpress\/ -->\n<title>Ambiente Sur y Puerto Santa Cruz avanzan en la conservaci\u00f3n de \u00e1reas protegidas locales<\/title>\n<meta name=\"robots\" content=\"index, follow, max-snippet:-1, max-image-preview:large, max-video-preview:-1\" \/>\n<link rel=\"canonical\" href=\"https:\/\/patagoniambiental.com.ar\/info\/ambiente-sur-y-puerto-santa-cruz-avanzan-en-la-conservacion-de-areas-protegidas-locales\/\" \/>\n<meta property=\"og:locale\" content=\"es_ES\" \/>\n<meta property=\"og:type\" content=\"article\" \/>\n<meta property=\"og:title\" content=\"Ambiente Sur y Puerto Santa Cruz avanzan en la conservaci\u00f3n de \u00e1reas protegidas locales\" \/>\n<meta property=\"og:url\" content=\"https:\/\/patagoniambiental.com.ar\/info\/ambiente-sur-y-puerto-santa-cruz-avanzan-en-la-conservacion-de-areas-protegidas-locales\/\" \/>\n<meta property=\"og:site_name\" content=\"Patagonia Ambiental\" \/>\n<meta property=\"article:publisher\" content=\"https:\/\/www.facebook.com\/patagonia.ambiental\" \/>\n<meta property=\"article:published_time\" content=\"2022-05-09T22:00:00+00:00\" \/>\n<meta property=\"og:image\" content=\"https:\/\/patagoniambiental.com.ar\/info\/wp-content\/uploads\/2022\/05\/f608x342-209095_238818_0.jpg\" \/>\n\t<meta property=\"og:image:width\" content=\"608\" \/>\n\t<meta property=\"og:image:height\" content=\"342\" \/>\n\t<meta property=\"og:image:type\" content=\"image\/jpeg\" \/>\n<meta name=\"author\" content=\"BRAIAN ESTEVEZ\" \/>\n<meta name=\"twitter:card\" content=\"summary_large_image\" \/>\n<meta name=\"twitter:creator\" content=\"@PatAmb\" \/>\n<meta name=\"twitter:site\" content=\"@PatAmb\" \/>\n<script type=\"application\/ld+json\" class=\"yoast-schema-graph\">{\"@context\":\"https:\\\/\\\/schema.org\",\"@graph\":[{\"@type\":\"Article\",\"@id\":\"https:\\\/\\\/patagoniambiental.com.ar\\\/info\\\/ambiente-sur-y-puerto-santa-cruz-avanzan-en-la-conservacion-de-areas-protegidas-locales\\\/#article\",\"isPartOf\":{\"@id\":\"https:\\\/\\\/patagoniambiental.com.ar\\\/info\\\/ambiente-sur-y-puerto-santa-cruz-avanzan-en-la-conservacion-de-areas-protegidas-locales\\\/\"},\"author\":{\"name\":\"BRAIAN ESTEVEZ\",\"@id\":\"https:\\\/\\\/patagoniambiental.com.ar\\\/info\\\/#\\\/schema\\\/person\\\/e5af09d700b2e82cb10c6b8800e0c691\"},\"headline\":\"Ambiente Sur y Puerto Santa Cruz avanzan en la conservaci\u00f3n de \u00e1reas protegidas locales\",\"datePublished\":\"2022-05-09T22:00:00+00:00\",\"mainEntityOfPage\":{\"@id\":\"https:\\\/\\\/patagoniambiental.com.ar\\\/info\\\/ambiente-sur-y-puerto-santa-cruz-avanzan-en-la-conservacion-de-areas-protegidas-locales\\\/\"},\"wordCount\":1406,\"commentCount\":0,\"publisher\":{\"@id\":\"https:\\\/\\\/patagoniambiental.com.ar\\\/info\\\/#organization\"},\"image\":{\"@id\":\"https:\\\/\\\/patagoniambiental.com.ar\\\/info\\\/ambiente-sur-y-puerto-santa-cruz-avanzan-en-la-conservacion-de-areas-protegidas-locales\\\/#primaryimage\"},\"thumbnailUrl\":\"https:\\\/\\\/patagoniambiental.com.ar\\\/info\\\/wp-content\\\/uploads\\\/2022\\\/05\\\/f608x342-209095_238818_0.jpg\",\"articleSection\":[\"Bolet\u00edn\",\"Noticias\",\"ONG\",\"Rotador\"],\"inLanguage\":\"es\",\"potentialAction\":[{\"@type\":\"CommentAction\",\"name\":\"Comment\",\"target\":[\"https:\\\/\\\/patagoniambiental.com.ar\\\/info\\\/ambiente-sur-y-puerto-santa-cruz-avanzan-en-la-conservacion-de-areas-protegidas-locales\\\/#respond\"]}]},{\"@type\":\"WebPage\",\"@id\":\"https:\\\/\\\/patagoniambiental.com.ar\\\/info\\\/ambiente-sur-y-puerto-santa-cruz-avanzan-en-la-conservacion-de-areas-protegidas-locales\\\/\",\"url\":\"https:\\\/\\\/patagoniambiental.com.ar\\\/info\\\/ambiente-sur-y-puerto-santa-cruz-avanzan-en-la-conservacion-de-areas-protegidas-locales\\\/\",\"name\":\"Ambiente Sur y Puerto Santa Cruz avanzan en la conservaci\u00f3n de \u00e1reas protegidas locales\",\"isPartOf\":{\"@id\":\"https:\\\/\\\/patagoniambiental.com.ar\\\/info\\\/#website\"},\"primaryImageOfPage\":{\"@id\":\"https:\\\/\\\/patagoniambiental.com.ar\\\/info\\\/ambiente-sur-y-puerto-santa-cruz-avanzan-en-la-conservacion-de-areas-protegidas-locales\\\/#primaryimage\"},\"image\":{\"@id\":\"https:\\\/\\\/patagoniambiental.com.ar\\\/info\\\/ambiente-sur-y-puerto-santa-cruz-avanzan-en-la-conservacion-de-areas-protegidas-locales\\\/#primaryimage\"},\"thumbnailUrl\":\"https:\\\/\\\/patagoniambiental.com.ar\\\/info\\\/wp-content\\\/uploads\\\/2022\\\/05\\\/f608x342-209095_238818_0.jpg\",\"datePublished\":\"2022-05-09T22:00:00+00:00\",\"breadcrumb\":{\"@id\":\"https:\\\/\\\/patagoniambiental.com.ar\\\/info\\\/ambiente-sur-y-puerto-santa-cruz-avanzan-en-la-conservacion-de-areas-protegidas-locales\\\/#breadcrumb\"},\"inLanguage\":\"es\",\"potentialAction\":[{\"@type\":\"ReadAction\",\"target\":[\"https:\\\/\\\/patagoniambiental.com.ar\\\/info\\\/ambiente-sur-y-puerto-santa-cruz-avanzan-en-la-conservacion-de-areas-protegidas-locales\\\/\"]}]},{\"@type\":\"ImageObject\",\"inLanguage\":\"es\",\"@id\":\"https:\\\/\\\/patagoniambiental.com.ar\\\/info\\\/ambiente-sur-y-puerto-santa-cruz-avanzan-en-la-conservacion-de-areas-protegidas-locales\\\/#primaryimage\",\"url\":\"https:\\\/\\\/patagoniambiental.com.ar\\\/info\\\/wp-content\\\/uploads\\\/2022\\\/05\\\/f608x342-209095_238818_0.jpg\",\"contentUrl\":\"https:\\\/\\\/patagoniambiental.com.ar\\\/info\\\/wp-content\\\/uploads\\\/2022\\\/05\\\/f608x342-209095_238818_0.jpg\",\"width\":608,\"height\":342},{\"@type\":\"BreadcrumbList\",\"@id\":\"https:\\\/\\\/patagoniambiental.com.ar\\\/info\\\/ambiente-sur-y-puerto-santa-cruz-avanzan-en-la-conservacion-de-areas-protegidas-locales\\\/#breadcrumb\",\"itemListElement\":[{\"@type\":\"ListItem\",\"position\":1,\"name\":\"Inicio\",\"item\":\"https:\\\/\\\/patagoniambiental.com.ar\\\/info\\\/\"},{\"@type\":\"ListItem\",\"position\":2,\"name\":\"Ambiente Sur y Puerto Santa Cruz avanzan en la conservaci\u00f3n de \u00e1reas protegidas locales\"}]},{\"@type\":\"WebSite\",\"@id\":\"https:\\\/\\\/patagoniambiental.com.ar\\\/info\\\/#website\",\"url\":\"https:\\\/\\\/patagoniambiental.com.ar\\\/info\\\/\",\"name\":\"Patagonia Ambiental\",\"description\":\"Monitoreo y an\u00e1lisis de la situaci\u00f3n geopol\u00edtica en el mundo y su implicancia en la Patagonia\",\"publisher\":{\"@id\":\"https:\\\/\\\/patagoniambiental.com.ar\\\/info\\\/#organization\"},\"potentialAction\":[{\"@type\":\"SearchAction\",\"target\":{\"@type\":\"EntryPoint\",\"urlTemplate\":\"https:\\\/\\\/patagoniambiental.com.ar\\\/info\\\/?s={search_term_string}\"},\"query-input\":{\"@type\":\"PropertyValueSpecification\",\"valueRequired\":true,\"valueName\":\"search_term_string\"}}],\"inLanguage\":\"es\"},{\"@type\":\"Organization\",\"@id\":\"https:\\\/\\\/patagoniambiental.com.ar\\\/info\\\/#organization\",\"name\":\"Patagonia Ambiental\",\"url\":\"https:\\\/\\\/patagoniambiental.com.ar\\\/info\\\/\",\"logo\":{\"@type\":\"ImageObject\",\"inLanguage\":\"es\",\"@id\":\"https:\\\/\\\/patagoniambiental.com.ar\\\/info\\\/#\\\/schema\\\/logo\\\/image\\\/\",\"url\":\"https:\\\/\\\/patagoniambiental.com.ar\\\/info\\\/wp-content\\\/uploads\\\/2025\\\/05\\\/LOGO-PATAGONIA-AMBIENTAL.png\",\"contentUrl\":\"https:\\\/\\\/patagoniambiental.com.ar\\\/info\\\/wp-content\\\/uploads\\\/2025\\\/05\\\/LOGO-PATAGONIA-AMBIENTAL.png\",\"width\":433,\"height\":250,\"caption\":\"Patagonia Ambiental\"},\"image\":{\"@id\":\"https:\\\/\\\/patagoniambiental.com.ar\\\/info\\\/#\\\/schema\\\/logo\\\/image\\\/\"},\"sameAs\":[\"https:\\\/\\\/www.facebook.com\\\/patagonia.ambiental\",\"https:\\\/\\\/x.com\\\/PatAmb\"]},{\"@type\":\"Person\",\"@id\":\"https:\\\/\\\/patagoniambiental.com.ar\\\/info\\\/#\\\/schema\\\/person\\\/e5af09d700b2e82cb10c6b8800e0c691\",\"name\":\"BRAIAN ESTEVEZ\",\"sameAs\":[\"http:\\\/\\\/www.patagoniambiental.com.ar\"]}]}<\/script>\n<!-- \/ Yoast SEO Premium plugin. -->","yoast_head_json":{"title":"Ambiente Sur y Puerto Santa Cruz avanzan en la conservaci\u00f3n de \u00e1reas protegidas locales","robots":{"index":"index","follow":"follow","max-snippet":"max-snippet:-1","max-image-preview":"max-image-preview:large","max-video-preview":"max-video-preview:-1"},"canonical":"https:\/\/patagoniambiental.com.ar\/info\/ambiente-sur-y-puerto-santa-cruz-avanzan-en-la-conservacion-de-areas-protegidas-locales\/","og_locale":"es_ES","og_type":"article","og_title":"Ambiente Sur y Puerto Santa Cruz avanzan en la conservaci\u00f3n de \u00e1reas protegidas locales","og_url":"https:\/\/patagoniambiental.com.ar\/info\/ambiente-sur-y-puerto-santa-cruz-avanzan-en-la-conservacion-de-areas-protegidas-locales\/","og_site_name":"Patagonia Ambiental","article_publisher":"https:\/\/www.facebook.com\/patagonia.ambiental","article_published_time":"2022-05-09T22:00:00+00:00","og_image":[{"width":608,"height":342,"url":"https:\/\/patagoniambiental.com.ar\/info\/wp-content\/uploads\/2022\/05\/f608x342-209095_238818_0.jpg","type":"image\/jpeg"}],"author":"BRAIAN ESTEVEZ","twitter_card":"summary_large_image","twitter_creator":"@PatAmb","twitter_site":"@PatAmb","schema":{"@context":"https:\/\/schema.org","@graph":[{"@type":"Article","@id":"https:\/\/patagoniambiental.com.ar\/info\/ambiente-sur-y-puerto-santa-cruz-avanzan-en-la-conservacion-de-areas-protegidas-locales\/#article","isPartOf":{"@id":"https:\/\/patagoniambiental.com.ar\/info\/ambiente-sur-y-puerto-santa-cruz-avanzan-en-la-conservacion-de-areas-protegidas-locales\/"},"author":{"name":"BRAIAN ESTEVEZ","@id":"https:\/\/patagoniambiental.com.ar\/info\/#\/schema\/person\/e5af09d700b2e82cb10c6b8800e0c691"},"headline":"Ambiente Sur y Puerto Santa Cruz avanzan en la conservaci\u00f3n de \u00e1reas protegidas locales","datePublished":"2022-05-09T22:00:00+00:00","mainEntityOfPage":{"@id":"https:\/\/patagoniambiental.com.ar\/info\/ambiente-sur-y-puerto-santa-cruz-avanzan-en-la-conservacion-de-areas-protegidas-locales\/"},"wordCount":1406,"commentCount":0,"publisher":{"@id":"https:\/\/patagoniambiental.com.ar\/info\/#organization"},"image":{"@id":"https:\/\/patagoniambiental.com.ar\/info\/ambiente-sur-y-puerto-santa-cruz-avanzan-en-la-conservacion-de-areas-protegidas-locales\/#primaryimage"},"thumbnailUrl":"https:\/\/patagoniambiental.com.ar\/info\/wp-content\/uploads\/2022\/05\/f608x342-209095_238818_0.jpg","articleSection":["Bolet\u00edn","Noticias","ONG","Rotador"],"inLanguage":"es","potentialAction":[{"@type":"CommentAction","name":"Comment","target":["https:\/\/patagoniambiental.com.ar\/info\/ambiente-sur-y-puerto-santa-cruz-avanzan-en-la-conservacion-de-areas-protegidas-locales\/#respond"]}]},{"@type":"WebPage","@id":"https:\/\/patagoniambiental.com.ar\/info\/ambiente-sur-y-puerto-santa-cruz-avanzan-en-la-conservacion-de-areas-protegidas-locales\/","url":"https:\/\/patagoniambiental.com.ar\/info\/ambiente-sur-y-puerto-santa-cruz-avanzan-en-la-conservacion-de-areas-protegidas-locales\/","name":"Ambiente Sur y Puerto Santa Cruz avanzan en la conservaci\u00f3n de \u00e1reas protegidas locales","isPartOf":{"@id":"https:\/\/patagoniambiental.com.ar\/info\/#website"},"primaryImageOfPage":{"@id":"https:\/\/patagoniambiental.com.ar\/info\/ambiente-sur-y-puerto-santa-cruz-avanzan-en-la-conservacion-de-areas-protegidas-locales\/#primaryimage"},"image":{"@id":"https:\/\/patagoniambiental.com.ar\/info\/ambiente-sur-y-puerto-santa-cruz-avanzan-en-la-conservacion-de-areas-protegidas-locales\/#primaryimage"},"thumbnailUrl":"https:\/\/patagoniambiental.com.ar\/info\/wp-content\/uploads\/2022\/05\/f608x342-209095_238818_0.jpg","datePublished":"2022-05-09T22:00:00+00:00","breadcrumb":{"@id":"https:\/\/patagoniambiental.com.ar\/info\/ambiente-sur-y-puerto-santa-cruz-avanzan-en-la-conservacion-de-areas-protegidas-locales\/#breadcrumb"},"inLanguage":"es","potentialAction":[{"@type":"ReadAction","target":["https:\/\/patagoniambiental.com.ar\/info\/ambiente-sur-y-puerto-santa-cruz-avanzan-en-la-conservacion-de-areas-protegidas-locales\/"]}]},{"@type":"ImageObject","inLanguage":"es","@id":"https:\/\/patagoniambiental.com.ar\/info\/ambiente-sur-y-puerto-santa-cruz-avanzan-en-la-conservacion-de-areas-protegidas-locales\/#primaryimage","url":"https:\/\/patagoniambiental.com.ar\/info\/wp-content\/uploads\/2022\/05\/f608x342-209095_238818_0.jpg","contentUrl":"https:\/\/patagoniambiental.com.ar\/info\/wp-content\/uploads\/2022\/05\/f608x342-209095_238818_0.jpg","width":608,"height":342},{"@type":"BreadcrumbList","@id":"https:\/\/patagoniambiental.com.ar\/info\/ambiente-sur-y-puerto-santa-cruz-avanzan-en-la-conservacion-de-areas-protegidas-locales\/#breadcrumb","itemListElement":[{"@type":"ListItem","position":1,"name":"Inicio","item":"https:\/\/patagoniambiental.com.ar\/info\/"},{"@type":"ListItem","position":2,"name":"Ambiente Sur y Puerto Santa Cruz avanzan en la conservaci\u00f3n de \u00e1reas protegidas locales"}]},{"@type":"WebSite","@id":"https:\/\/patagoniambiental.com.ar\/info\/#website","url":"https:\/\/patagoniambiental.com.ar\/info\/","name":"Patagonia Ambiental","description":"Monitoreo y an\u00e1lisis de la situaci\u00f3n geopol\u00edtica en el mundo y su implicancia en la Patagonia","publisher":{"@id":"https:\/\/patagoniambiental.com.ar\/info\/#organization"},"potentialAction":[{"@type":"SearchAction","target":{"@type":"EntryPoint","urlTemplate":"https:\/\/patagoniambiental.com.ar\/info\/?s={search_term_string}"},"query-input":{"@type":"PropertyValueSpecification","valueRequired":true,"valueName":"search_term_string"}}],"inLanguage":"es"},{"@type":"Organization","@id":"https:\/\/patagoniambiental.com.ar\/info\/#organization","name":"Patagonia Ambiental","url":"https:\/\/patagoniambiental.com.ar\/info\/","logo":{"@type":"ImageObject","inLanguage":"es","@id":"https:\/\/patagoniambiental.com.ar\/info\/#\/schema\/logo\/image\/","url":"https:\/\/patagoniambiental.com.ar\/info\/wp-content\/uploads\/2025\/05\/LOGO-PATAGONIA-AMBIENTAL.png","contentUrl":"https:\/\/patagoniambiental.com.ar\/info\/wp-content\/uploads\/2025\/05\/LOGO-PATAGONIA-AMBIENTAL.png","width":433,"height":250,"caption":"Patagonia Ambiental"},"image":{"@id":"https:\/\/patagoniambiental.com.ar\/info\/#\/schema\/logo\/image\/"},"sameAs":["https:\/\/www.facebook.com\/patagonia.ambiental","https:\/\/x.com\/PatAmb"]},{"@type":"Person","@id":"https:\/\/patagoniambiental.com.ar\/info\/#\/schema\/person\/e5af09d700b2e82cb10c6b8800e0c691","name":"BRAIAN ESTEVEZ","sameAs":["http:\/\/www.patagoniambiental.com.ar"]}]}},"_links":{"self":[{"href":"https:\/\/patagoniambiental.com.ar\/info\/wp-json\/wp\/v2\/posts\/75835","targetHints":{"allow":["GET"]}}],"collection":[{"href":"https:\/\/patagoniambiental.com.ar\/info\/wp-json\/wp\/v2\/posts"}],"about":[{"href":"https:\/\/patagoniambiental.com.ar\/info\/wp-json\/wp\/v2\/types\/post"}],"author":[{"embeddable":true,"href":"https:\/\/patagoniambiental.com.ar\/info\/wp-json\/wp\/v2\/users\/6"}],"replies":[{"embeddable":true,"href":"https:\/\/patagoniambiental.com.ar\/info\/wp-json\/wp\/v2\/comments?post=75835"}],"version-history":[{"count":0,"href":"https:\/\/patagoniambiental.com.ar\/info\/wp-json\/wp\/v2\/posts\/75835\/revisions"}],"wp:featuredmedia":[{"embeddable":true,"href":"https:\/\/patagoniambiental.com.ar\/info\/wp-json\/wp\/v2\/media\/75836"}],"wp:attachment":[{"href":"https:\/\/patagoniambiental.com.ar\/info\/wp-json\/wp\/v2\/media?parent=75835"}],"wp:term":[{"taxonomy":"category","embeddable":true,"href":"https:\/\/patagoniambiental.com.ar\/info\/wp-json\/wp\/v2\/categories?post=75835"},{"taxonomy":"post_tag","embeddable":true,"href":"https:\/\/patagoniambiental.com.ar\/info\/wp-json\/wp\/v2\/tags?post=75835"}],"curies":[{"name":"wp","href":"https:\/\/api.w.org\/{rel}","templated":true}]}}