{"id":75845,"date":"2022-05-11T07:00:00","date_gmt":"2022-05-11T10:00:00","guid":{"rendered":"http:\/\/patagoniambiental.com.ar\/info\/?p=75845"},"modified":"2022-05-11T08:37:42","modified_gmt":"2022-05-11T11:37:42","slug":"anelo-ya-cuenta-con-la-diplomatura-en-energias-renovables","status":"publish","type":"post","link":"https:\/\/patagoniambiental.com.ar\/info\/anelo-ya-cuenta-con-la-diplomatura-en-energias-renovables\/","title":{"rendered":"A\u00f1elo ya cuenta con la Diplomatura en Energ\u00edas Renovables"},"content":{"rendered":"\n<!--more-->\n\n\n\n<p>A\u00f1elo.-La Universidad Nacional del Comahue estren\u00f3 su flamante dispositivo de Educaci\u00f3n Profesional del Comahue (EPC) con la firma de un convenio con el municipio de A\u00f1elo para llevar adelante la Diplomatura en Gesti\u00f3n de Energ\u00edas Renovables Orientada a: Solar T\u00e9rmica, Solar Fotovolt\u00e1ica y E\u00f3lica de Baja Potencia\u201d, en el marco de la ordenanza de Diplomaturas de Extensi\u00f3n Universitaria N\u00ba 491\/2019, que se dictar\u00e1 en el Instituto de Educaci\u00f3n T\u00e9cnico Profesional de A\u00f1elo, con el auspicio de Fundaci\u00f3n YPF. Los firmantes del convenio fueron el Rector de la Universidad, licenciado Gustavo Crisafulli, el intendente de A\u00f1elo Milton Morales y el Secretario de Extensi\u00f3n Universitaria y apoderado de la Fundaci\u00f3n de la Universidad Nacional del Comahue para el Desarrollo Regional, Mg. Gustavo Ferreyra.<\/p>\n\n\n\n<p>La directora del Instituto, Daniela Dietrich, afirm\u00f3 \u201cque es muy importante que la Universidad Nacional del Comahue llegue a A\u00f1elo, con este concepto de territorialidad que tanto sostiene y defiende, y que sea en el Instituto de Formaci\u00f3n Profesional. Estamos esperanzados en que va a ser el puntapi\u00e9 inicial, que nos va a abrir la puerta para nuevos proyectos que podamos traer a la localidad. M\u00e1s en este a\u00f1o en el que la Universidad cumple 50 a\u00f1os, no es menor que extienda su \u00e1mbito de influencia al resto de la provincia. Con esta diplomatura pretendemos llegar a otros puntos estrat\u00e9gicos de la provincia, como Andacollo y San Mart\u00edn de los Andes, para que tambi\u00e9n la gente de zonas aleda\u00f1as tambi\u00e9n la pueda cursar. Vamos a tener tres nodos de pr\u00e1ctica, los que nos permite ampliar el \u00e1mbito de influencia\u201d.<\/p>\n\n\n\n<p>El Secretario de Extensi\u00f3n Universitaria, Mg. Gustavo Ferreyra, afirm\u00f3 que \u201ceste trayecto no curricular, esta diplomatura, ha tenido, como las 50 que se vienen desarrollando, determinados motores, uno de ellos ha sido Daniela Dietrich y junto a los compa\u00f1eros de la Facultad de Ingenier\u00eda y el Consejo de Extensi\u00f3n, que ha dado su aval, hemos podido ponernos de acuerdo en los t\u00e9rminos did\u00e1cticos, de los contenidos y de los destinatarios. Las diplomaturas son trayectos que permiten adaptarlos a quienes van a dictarlos, quienes van a recibirlos. Entonces es la voluntad y la lucidez de llegar a los acuerdos necesarios para que realmente la diplomatura se concrete y sea un moj\u00f3n dentro de una situaci\u00f3n compleja. No se pueden dictar carreras de forma instant\u00e1nea, no se pueden terminar trayectos curriculares de manera inmediata, si no conocemos los interesados en la tem\u00e1tica, cu\u00e1l es su nivel nivel de gimnasia para estudiar, su disponibilidad horaria, su accesibilidad a internet, la disponibilidad para hacer las pr\u00e1cticas\u201d.<\/p>\n\n\n\n<p>Destac\u00f3 adem\u00e1s que \u201ces importante el trabajo microrregional, es importante que se reconozca al capacitador, todo eso forma parte de un dispositivo que est\u00e1 en formaci\u00f3n y que realmente impulsa la creatividad pero que llega de desaf\u00edos cuando hay que plantearlas de manera concreta\u201d.<\/p>\n\n\n\n<p>Ferreyra tambi\u00e9n destac\u00f3 la importancia de \u201cel tema\u201d. Plante\u00f3 que \u201chablar de transici\u00f3n energ\u00e9tica, energ\u00edas renovables, en un lugar en el que hay tanto futuro en la extracci\u00f3n de hidrocarburos, es realmente un paso al frente de acuerdo a la agenda que est\u00e1 marcando el mundo. Todos estamos hablando de emisi\u00f3n, de reducir los gases de efecto invernadero, de transici\u00f3n de la motricidad mec\u00e1nica de f\u00f3siles a renovables, de energ\u00edas alternativas, ahora pocos somos los que tenemos conocimientos para decir qu\u00e9 es, c\u00f3mo se hace, c\u00f3mo se opera y, realmente, esta diplomatura es una oportunidad para que a la vez de la formaci\u00f3n, tener indicadores sobre los efectos no deseados de las energ\u00edas renovables. Los componentes de un panel solar, de un molino e\u00f3lico tienen miner\u00eda, tienen metales, entonces estamos entrando en un canal en el que pareciera que el petr\u00f3leo lo tiene y lo dem\u00e1s no y hay que empezar a prever sobre esas cosas porque hemos dejado de usar papel y los basureros se est\u00e1n llenando de computadoras viejas, es algo que est\u00e1 en curso todav\u00eda\u201d.<\/p>\n\n\n\n<p>El Rector, licenciado Gustavo Crisafulli, afirm\u00f3 que \u201cpara la Universidad es un momento especial\u00edsimo porque a 30 d\u00edas de dejar de ser rector me voy con la alegr\u00eda de cerrar este acuerdo, porque este es el primer paso del dispositivo de Educaci\u00f3n Profesional del Comahue, que fue una construcci\u00f3n que nos llev\u00f3 mucho tiempo, que empez\u00f3 en el borde de la pandemia, que nos complic\u00f3 mucho las decisiones. En el a\u00f1o 2019 logramos que el Consejo Superior aprobara la ordenanza de Diplomaturas como trayectos espec\u00edficos de formaci\u00f3n superior. Es una forma de dar respuestas a una necesidad de la comunidad muy fuerte, que las Universidades puedan contribuir al desarrollo y la formaci\u00f3n profesional por fuera de los dispositivos tradicionales universitarias, que son largas carreras de grado o las tecnicaturas de tres a\u00f1os que tienen una historia corta en el sistema universitario argentino\u201d.<\/p>\n\n\n\n<p>Crisafulli sostuvo que este nuevo esquema \u201capunta a que la superior pueda salir del sistema que tra\u00eda del siglo XIX, que era un sistema de educaci\u00f3n formal que ten\u00eda distintas etapas que no se pod\u00edan saltear y, en realidad, las necesidades de formaci\u00f3n superior, en relaci\u00f3n al mundo del trabajo, requieren otros ritmos, otros formatos, otras temporalidades y, fundamentalmente, otras alianzas, porque significan que no solamente es la Universidad imparte conocimientos, sino que hay conocimientos en la sociedad que tienen que ser reformulados y redise\u00f1ados por la comunidad universitaria\u201d.<\/p>\n\n\n\n<p>El Rector sostuvo tambi\u00e9n que \u201clas universidades deben dar respuestas que impliquen mejoras en la empleabilidad de los j\u00f3venes y que no necesariamente requieran de largos tramos de formaci\u00f3n de las carreras de grado, \u00e9ste es un cambio no s\u00f3lo de c\u00f3mo la Universidad se relaciona con la comunidad, sino de c\u00f3mo la Universidad se piensa a s\u00ed misma y por eso, a veces, genera tensiones dentro de la instituci\u00f3n que hay que encontrar el modo de resolverlas para poder cumplir con nuestro mandato fundamental que es crear conocimiento, pero por otro lado, socializar el conocimiento como creador de mejores condiciones de vida para la mujeres y los hombres de este pa\u00eds, que son quienes sostiene el sistema universitario p\u00fablico\u201d.<\/p>\n\n\n\n<p>En el cierre, el intendente de A\u00f1elo, Milton Morales, agradeci\u00f3 la confianza de la Universidad Nacional del Comahue y el trabajo del Instituto para llegar a firmar este convenio. \u201cAcercar a la Universidad a una localidad como la nuestra no es com\u00fan, el desaf\u00edo es grande, lograr la sinergia entre la Universidad y nuestro Instituto nos va a permitir seguir forjando lazos para trabajar en pos de los vecinos, nos fortalece como sociedad\u201d, concluy\u00f3 el mandatario comunal.<\/p>\n\n\n\n<p>Fuente: Noticias Universitarias Comahue<\/p>\n","protected":false},"excerpt":{"rendered":"","protected":false},"author":6,"featured_media":75846,"comment_status":"open","ping_status":"open","sticky":false,"template":"","format":"standard","meta":{"site-sidebar-layout":"default","site-content-layout":"","ast-site-content-layout":"default","site-content-style":"default","site-sidebar-style":"default","ast-global-header-display":"","ast-banner-title-visibility":"","ast-main-header-display":"","ast-hfb-above-header-display":"","ast-hfb-below-header-display":"","ast-hfb-mobile-header-display":"","site-post-title":"","ast-breadcrumbs-content":"","ast-featured-img":"","footer-sml-layout":"","ast-disable-related-posts":"","theme-transparent-header-meta":"","adv-header-id-meta":"","stick-header-meta":"","header-above-stick-meta":"","header-main-stick-meta":"","header-below-stick-meta":"","astra-migrate-meta-layouts":"default","ast-page-background-enabled":"default","ast-page-background-meta":{"desktop":{"background-color":"var(--ast-global-color-5)","background-image":"","background-repeat":"repeat","background-position":"center center","background-size":"auto","background-attachment":"scroll","background-type":"","background-media":"","overlay-type":"","overlay-color":"","overlay-opacity":"","overlay-gradient":""},"tablet":{"background-color":"","background-image":"","background-repeat":"repeat","background-position":"center center","background-size":"auto","background-attachment":"scroll","background-type":"","background-media":"","overlay-type":"","overlay-color":"","overlay-opacity":"","overlay-gradient":""},"mobile":{"background-color":"","background-image":"","background-repeat":"repeat","background-position":"center center","background-size":"auto","background-attachment":"scroll","background-type":"","background-media":"","overlay-type":"","overlay-color":"","overlay-opacity":"","overlay-gradient":""}},"ast-content-background-meta":{"desktop":{"background-color":"var(--ast-global-color-4)","background-image":"","background-repeat":"repeat","background-position":"center center","background-size":"auto","background-attachment":"scroll","background-type":"","background-media":"","overlay-type":"","overlay-color":"","overlay-opacity":"","overlay-gradient":""},"tablet":{"background-color":"var(--ast-global-color-4)","background-image":"","background-repeat":"repeat","background-position":"center center","background-size":"auto","background-attachment":"scroll","background-type":"","background-media":"","overlay-type":"","overlay-color":"","overlay-opacity":"","overlay-gradient":""},"mobile":{"background-color":"var(--ast-global-color-4)","background-image":"","background-repeat":"repeat","background-position":"center center","background-size":"auto","background-attachment":"scroll","background-type":"","background-media":"","overlay-type":"","overlay-color":"","overlay-opacity":"","overlay-gradient":""}},"footnotes":""},"categories":[11,18,1,13,10],"tags":[],"class_list":["post-75845","post","type-post","status-publish","format-standard","has-post-thumbnail","hentry","category-boletin","category-neuquen","category-noticias","category-provinciales","category-rotador"],"yoast_head":"<!-- This site is optimized with the Yoast SEO Premium plugin v23.0 (Yoast SEO v27.4) - https:\/\/yoast.com\/product\/yoast-seo-premium-wordpress\/ -->\n<title>A\u00f1elo ya cuenta con la Diplomatura en Energ\u00edas Renovables<\/title>\n<meta name=\"robots\" content=\"index, follow, max-snippet:-1, max-image-preview:large, max-video-preview:-1\" \/>\n<link rel=\"canonical\" href=\"https:\/\/patagoniambiental.com.ar\/info\/anelo-ya-cuenta-con-la-diplomatura-en-energias-renovables\/\" \/>\n<meta property=\"og:locale\" content=\"es_ES\" \/>\n<meta property=\"og:type\" content=\"article\" \/>\n<meta property=\"og:title\" content=\"A\u00f1elo ya cuenta con la Diplomatura en Energ\u00edas Renovables\" \/>\n<meta property=\"og:url\" content=\"https:\/\/patagoniambiental.com.ar\/info\/anelo-ya-cuenta-con-la-diplomatura-en-energias-renovables\/\" \/>\n<meta property=\"og:site_name\" content=\"Patagonia Ambiental\" \/>\n<meta property=\"article:publisher\" content=\"https:\/\/www.facebook.com\/patagonia.ambiental\" \/>\n<meta property=\"article:published_time\" content=\"2022-05-11T10:00:00+00:00\" \/>\n<meta property=\"article:modified_time\" content=\"2022-05-11T11:37:42+00:00\" \/>\n<meta property=\"og:image\" content=\"https:\/\/patagoniambiental.com.ar\/info\/wp-content\/uploads\/2022\/05\/thumbnail_Firma-convenio-Anelo-1.jpg\" \/>\n\t<meta property=\"og:image:width\" content=\"1032\" \/>\n\t<meta property=\"og:image:height\" content=\"581\" \/>\n\t<meta property=\"og:image:type\" content=\"image\/jpeg\" \/>\n<meta name=\"author\" content=\"BRAIAN ESTEVEZ\" \/>\n<meta name=\"twitter:card\" content=\"summary_large_image\" \/>\n<meta name=\"twitter:creator\" content=\"@PatAmb\" \/>\n<meta name=\"twitter:site\" content=\"@PatAmb\" \/>\n<script type=\"application\/ld+json\" class=\"yoast-schema-graph\">{\"@context\":\"https:\\\/\\\/schema.org\",\"@graph\":[{\"@type\":\"Article\",\"@id\":\"https:\\\/\\\/patagoniambiental.com.ar\\\/info\\\/anelo-ya-cuenta-con-la-diplomatura-en-energias-renovables\\\/#article\",\"isPartOf\":{\"@id\":\"https:\\\/\\\/patagoniambiental.com.ar\\\/info\\\/anelo-ya-cuenta-con-la-diplomatura-en-energias-renovables\\\/\"},\"author\":{\"name\":\"BRAIAN ESTEVEZ\",\"@id\":\"https:\\\/\\\/patagoniambiental.com.ar\\\/info\\\/#\\\/schema\\\/person\\\/e5af09d700b2e82cb10c6b8800e0c691\"},\"headline\":\"A\u00f1elo ya cuenta con la Diplomatura en Energ\u00edas Renovables\",\"datePublished\":\"2022-05-11T10:00:00+00:00\",\"dateModified\":\"2022-05-11T11:37:42+00:00\",\"mainEntityOfPage\":{\"@id\":\"https:\\\/\\\/patagoniambiental.com.ar\\\/info\\\/anelo-ya-cuenta-con-la-diplomatura-en-energias-renovables\\\/\"},\"wordCount\":1174,\"commentCount\":0,\"publisher\":{\"@id\":\"https:\\\/\\\/patagoniambiental.com.ar\\\/info\\\/#organization\"},\"image\":{\"@id\":\"https:\\\/\\\/patagoniambiental.com.ar\\\/info\\\/anelo-ya-cuenta-con-la-diplomatura-en-energias-renovables\\\/#primaryimage\"},\"thumbnailUrl\":\"https:\\\/\\\/patagoniambiental.com.ar\\\/info\\\/wp-content\\\/uploads\\\/2022\\\/05\\\/thumbnail_Firma-convenio-Anelo-1.jpg\",\"articleSection\":[\"Bolet\u00edn\",\"Neuqu\u00e9n\",\"Noticias\",\"Provinciales\",\"Rotador\"],\"inLanguage\":\"es\",\"potentialAction\":[{\"@type\":\"CommentAction\",\"name\":\"Comment\",\"target\":[\"https:\\\/\\\/patagoniambiental.com.ar\\\/info\\\/anelo-ya-cuenta-con-la-diplomatura-en-energias-renovables\\\/#respond\"]}]},{\"@type\":\"WebPage\",\"@id\":\"https:\\\/\\\/patagoniambiental.com.ar\\\/info\\\/anelo-ya-cuenta-con-la-diplomatura-en-energias-renovables\\\/\",\"url\":\"https:\\\/\\\/patagoniambiental.com.ar\\\/info\\\/anelo-ya-cuenta-con-la-diplomatura-en-energias-renovables\\\/\",\"name\":\"A\u00f1elo ya cuenta con la Diplomatura en Energ\u00edas Renovables\",\"isPartOf\":{\"@id\":\"https:\\\/\\\/patagoniambiental.com.ar\\\/info\\\/#website\"},\"primaryImageOfPage\":{\"@id\":\"https:\\\/\\\/patagoniambiental.com.ar\\\/info\\\/anelo-ya-cuenta-con-la-diplomatura-en-energias-renovables\\\/#primaryimage\"},\"image\":{\"@id\":\"https:\\\/\\\/patagoniambiental.com.ar\\\/info\\\/anelo-ya-cuenta-con-la-diplomatura-en-energias-renovables\\\/#primaryimage\"},\"thumbnailUrl\":\"https:\\\/\\\/patagoniambiental.com.ar\\\/info\\\/wp-content\\\/uploads\\\/2022\\\/05\\\/thumbnail_Firma-convenio-Anelo-1.jpg\",\"datePublished\":\"2022-05-11T10:00:00+00:00\",\"dateModified\":\"2022-05-11T11:37:42+00:00\",\"breadcrumb\":{\"@id\":\"https:\\\/\\\/patagoniambiental.com.ar\\\/info\\\/anelo-ya-cuenta-con-la-diplomatura-en-energias-renovables\\\/#breadcrumb\"},\"inLanguage\":\"es\",\"potentialAction\":[{\"@type\":\"ReadAction\",\"target\":[\"https:\\\/\\\/patagoniambiental.com.ar\\\/info\\\/anelo-ya-cuenta-con-la-diplomatura-en-energias-renovables\\\/\"]}]},{\"@type\":\"ImageObject\",\"inLanguage\":\"es\",\"@id\":\"https:\\\/\\\/patagoniambiental.com.ar\\\/info\\\/anelo-ya-cuenta-con-la-diplomatura-en-energias-renovables\\\/#primaryimage\",\"url\":\"https:\\\/\\\/patagoniambiental.com.ar\\\/info\\\/wp-content\\\/uploads\\\/2022\\\/05\\\/thumbnail_Firma-convenio-Anelo-1.jpg\",\"contentUrl\":\"https:\\\/\\\/patagoniambiental.com.ar\\\/info\\\/wp-content\\\/uploads\\\/2022\\\/05\\\/thumbnail_Firma-convenio-Anelo-1.jpg\",\"width\":1032,\"height\":581},{\"@type\":\"BreadcrumbList\",\"@id\":\"https:\\\/\\\/patagoniambiental.com.ar\\\/info\\\/anelo-ya-cuenta-con-la-diplomatura-en-energias-renovables\\\/#breadcrumb\",\"itemListElement\":[{\"@type\":\"ListItem\",\"position\":1,\"name\":\"Inicio\",\"item\":\"https:\\\/\\\/patagoniambiental.com.ar\\\/info\\\/\"},{\"@type\":\"ListItem\",\"position\":2,\"name\":\"A\u00f1elo ya cuenta con la Diplomatura en Energ\u00edas Renovables\"}]},{\"@type\":\"WebSite\",\"@id\":\"https:\\\/\\\/patagoniambiental.com.ar\\\/info\\\/#website\",\"url\":\"https:\\\/\\\/patagoniambiental.com.ar\\\/info\\\/\",\"name\":\"Patagonia Ambiental\",\"description\":\"Monitoreo y an\u00e1lisis de la situaci\u00f3n geopol\u00edtica en el mundo y su implicancia en la Patagonia\",\"publisher\":{\"@id\":\"https:\\\/\\\/patagoniambiental.com.ar\\\/info\\\/#organization\"},\"potentialAction\":[{\"@type\":\"SearchAction\",\"target\":{\"@type\":\"EntryPoint\",\"urlTemplate\":\"https:\\\/\\\/patagoniambiental.com.ar\\\/info\\\/?s={search_term_string}\"},\"query-input\":{\"@type\":\"PropertyValueSpecification\",\"valueRequired\":true,\"valueName\":\"search_term_string\"}}],\"inLanguage\":\"es\"},{\"@type\":\"Organization\",\"@id\":\"https:\\\/\\\/patagoniambiental.com.ar\\\/info\\\/#organization\",\"name\":\"Patagonia Ambiental\",\"url\":\"https:\\\/\\\/patagoniambiental.com.ar\\\/info\\\/\",\"logo\":{\"@type\":\"ImageObject\",\"inLanguage\":\"es\",\"@id\":\"https:\\\/\\\/patagoniambiental.com.ar\\\/info\\\/#\\\/schema\\\/logo\\\/image\\\/\",\"url\":\"https:\\\/\\\/patagoniambiental.com.ar\\\/info\\\/wp-content\\\/uploads\\\/2025\\\/05\\\/LOGO-PATAGONIA-AMBIENTAL.png\",\"contentUrl\":\"https:\\\/\\\/patagoniambiental.com.ar\\\/info\\\/wp-content\\\/uploads\\\/2025\\\/05\\\/LOGO-PATAGONIA-AMBIENTAL.png\",\"width\":433,\"height\":250,\"caption\":\"Patagonia Ambiental\"},\"image\":{\"@id\":\"https:\\\/\\\/patagoniambiental.com.ar\\\/info\\\/#\\\/schema\\\/logo\\\/image\\\/\"},\"sameAs\":[\"https:\\\/\\\/www.facebook.com\\\/patagonia.ambiental\",\"https:\\\/\\\/x.com\\\/PatAmb\"]},{\"@type\":\"Person\",\"@id\":\"https:\\\/\\\/patagoniambiental.com.ar\\\/info\\\/#\\\/schema\\\/person\\\/e5af09d700b2e82cb10c6b8800e0c691\",\"name\":\"BRAIAN ESTEVEZ\",\"sameAs\":[\"http:\\\/\\\/www.patagoniambiental.com.ar\"]}]}<\/script>\n<!-- \/ Yoast SEO Premium plugin. -->","yoast_head_json":{"title":"A\u00f1elo ya cuenta con la Diplomatura en Energ\u00edas Renovables","robots":{"index":"index","follow":"follow","max-snippet":"max-snippet:-1","max-image-preview":"max-image-preview:large","max-video-preview":"max-video-preview:-1"},"canonical":"https:\/\/patagoniambiental.com.ar\/info\/anelo-ya-cuenta-con-la-diplomatura-en-energias-renovables\/","og_locale":"es_ES","og_type":"article","og_title":"A\u00f1elo ya cuenta con la Diplomatura en Energ\u00edas Renovables","og_url":"https:\/\/patagoniambiental.com.ar\/info\/anelo-ya-cuenta-con-la-diplomatura-en-energias-renovables\/","og_site_name":"Patagonia Ambiental","article_publisher":"https:\/\/www.facebook.com\/patagonia.ambiental","article_published_time":"2022-05-11T10:00:00+00:00","article_modified_time":"2022-05-11T11:37:42+00:00","og_image":[{"width":1032,"height":581,"url":"https:\/\/patagoniambiental.com.ar\/info\/wp-content\/uploads\/2022\/05\/thumbnail_Firma-convenio-Anelo-1.jpg","type":"image\/jpeg"}],"author":"BRAIAN ESTEVEZ","twitter_card":"summary_large_image","twitter_creator":"@PatAmb","twitter_site":"@PatAmb","schema":{"@context":"https:\/\/schema.org","@graph":[{"@type":"Article","@id":"https:\/\/patagoniambiental.com.ar\/info\/anelo-ya-cuenta-con-la-diplomatura-en-energias-renovables\/#article","isPartOf":{"@id":"https:\/\/patagoniambiental.com.ar\/info\/anelo-ya-cuenta-con-la-diplomatura-en-energias-renovables\/"},"author":{"name":"BRAIAN ESTEVEZ","@id":"https:\/\/patagoniambiental.com.ar\/info\/#\/schema\/person\/e5af09d700b2e82cb10c6b8800e0c691"},"headline":"A\u00f1elo ya cuenta con la Diplomatura en Energ\u00edas Renovables","datePublished":"2022-05-11T10:00:00+00:00","dateModified":"2022-05-11T11:37:42+00:00","mainEntityOfPage":{"@id":"https:\/\/patagoniambiental.com.ar\/info\/anelo-ya-cuenta-con-la-diplomatura-en-energias-renovables\/"},"wordCount":1174,"commentCount":0,"publisher":{"@id":"https:\/\/patagoniambiental.com.ar\/info\/#organization"},"image":{"@id":"https:\/\/patagoniambiental.com.ar\/info\/anelo-ya-cuenta-con-la-diplomatura-en-energias-renovables\/#primaryimage"},"thumbnailUrl":"https:\/\/patagoniambiental.com.ar\/info\/wp-content\/uploads\/2022\/05\/thumbnail_Firma-convenio-Anelo-1.jpg","articleSection":["Bolet\u00edn","Neuqu\u00e9n","Noticias","Provinciales","Rotador"],"inLanguage":"es","potentialAction":[{"@type":"CommentAction","name":"Comment","target":["https:\/\/patagoniambiental.com.ar\/info\/anelo-ya-cuenta-con-la-diplomatura-en-energias-renovables\/#respond"]}]},{"@type":"WebPage","@id":"https:\/\/patagoniambiental.com.ar\/info\/anelo-ya-cuenta-con-la-diplomatura-en-energias-renovables\/","url":"https:\/\/patagoniambiental.com.ar\/info\/anelo-ya-cuenta-con-la-diplomatura-en-energias-renovables\/","name":"A\u00f1elo ya cuenta con la Diplomatura en Energ\u00edas Renovables","isPartOf":{"@id":"https:\/\/patagoniambiental.com.ar\/info\/#website"},"primaryImageOfPage":{"@id":"https:\/\/patagoniambiental.com.ar\/info\/anelo-ya-cuenta-con-la-diplomatura-en-energias-renovables\/#primaryimage"},"image":{"@id":"https:\/\/patagoniambiental.com.ar\/info\/anelo-ya-cuenta-con-la-diplomatura-en-energias-renovables\/#primaryimage"},"thumbnailUrl":"https:\/\/patagoniambiental.com.ar\/info\/wp-content\/uploads\/2022\/05\/thumbnail_Firma-convenio-Anelo-1.jpg","datePublished":"2022-05-11T10:00:00+00:00","dateModified":"2022-05-11T11:37:42+00:00","breadcrumb":{"@id":"https:\/\/patagoniambiental.com.ar\/info\/anelo-ya-cuenta-con-la-diplomatura-en-energias-renovables\/#breadcrumb"},"inLanguage":"es","potentialAction":[{"@type":"ReadAction","target":["https:\/\/patagoniambiental.com.ar\/info\/anelo-ya-cuenta-con-la-diplomatura-en-energias-renovables\/"]}]},{"@type":"ImageObject","inLanguage":"es","@id":"https:\/\/patagoniambiental.com.ar\/info\/anelo-ya-cuenta-con-la-diplomatura-en-energias-renovables\/#primaryimage","url":"https:\/\/patagoniambiental.com.ar\/info\/wp-content\/uploads\/2022\/05\/thumbnail_Firma-convenio-Anelo-1.jpg","contentUrl":"https:\/\/patagoniambiental.com.ar\/info\/wp-content\/uploads\/2022\/05\/thumbnail_Firma-convenio-Anelo-1.jpg","width":1032,"height":581},{"@type":"BreadcrumbList","@id":"https:\/\/patagoniambiental.com.ar\/info\/anelo-ya-cuenta-con-la-diplomatura-en-energias-renovables\/#breadcrumb","itemListElement":[{"@type":"ListItem","position":1,"name":"Inicio","item":"https:\/\/patagoniambiental.com.ar\/info\/"},{"@type":"ListItem","position":2,"name":"A\u00f1elo ya cuenta con la Diplomatura en Energ\u00edas Renovables"}]},{"@type":"WebSite","@id":"https:\/\/patagoniambiental.com.ar\/info\/#website","url":"https:\/\/patagoniambiental.com.ar\/info\/","name":"Patagonia Ambiental","description":"Monitoreo y an\u00e1lisis de la situaci\u00f3n geopol\u00edtica en el mundo y su implicancia en la Patagonia","publisher":{"@id":"https:\/\/patagoniambiental.com.ar\/info\/#organization"},"potentialAction":[{"@type":"SearchAction","target":{"@type":"EntryPoint","urlTemplate":"https:\/\/patagoniambiental.com.ar\/info\/?s={search_term_string}"},"query-input":{"@type":"PropertyValueSpecification","valueRequired":true,"valueName":"search_term_string"}}],"inLanguage":"es"},{"@type":"Organization","@id":"https:\/\/patagoniambiental.com.ar\/info\/#organization","name":"Patagonia Ambiental","url":"https:\/\/patagoniambiental.com.ar\/info\/","logo":{"@type":"ImageObject","inLanguage":"es","@id":"https:\/\/patagoniambiental.com.ar\/info\/#\/schema\/logo\/image\/","url":"https:\/\/patagoniambiental.com.ar\/info\/wp-content\/uploads\/2025\/05\/LOGO-PATAGONIA-AMBIENTAL.png","contentUrl":"https:\/\/patagoniambiental.com.ar\/info\/wp-content\/uploads\/2025\/05\/LOGO-PATAGONIA-AMBIENTAL.png","width":433,"height":250,"caption":"Patagonia Ambiental"},"image":{"@id":"https:\/\/patagoniambiental.com.ar\/info\/#\/schema\/logo\/image\/"},"sameAs":["https:\/\/www.facebook.com\/patagonia.ambiental","https:\/\/x.com\/PatAmb"]},{"@type":"Person","@id":"https:\/\/patagoniambiental.com.ar\/info\/#\/schema\/person\/e5af09d700b2e82cb10c6b8800e0c691","name":"BRAIAN ESTEVEZ","sameAs":["http:\/\/www.patagoniambiental.com.ar"]}]}},"_links":{"self":[{"href":"https:\/\/patagoniambiental.com.ar\/info\/wp-json\/wp\/v2\/posts\/75845","targetHints":{"allow":["GET"]}}],"collection":[{"href":"https:\/\/patagoniambiental.com.ar\/info\/wp-json\/wp\/v2\/posts"}],"about":[{"href":"https:\/\/patagoniambiental.com.ar\/info\/wp-json\/wp\/v2\/types\/post"}],"author":[{"embeddable":true,"href":"https:\/\/patagoniambiental.com.ar\/info\/wp-json\/wp\/v2\/users\/6"}],"replies":[{"embeddable":true,"href":"https:\/\/patagoniambiental.com.ar\/info\/wp-json\/wp\/v2\/comments?post=75845"}],"version-history":[{"count":0,"href":"https:\/\/patagoniambiental.com.ar\/info\/wp-json\/wp\/v2\/posts\/75845\/revisions"}],"wp:featuredmedia":[{"embeddable":true,"href":"https:\/\/patagoniambiental.com.ar\/info\/wp-json\/wp\/v2\/media\/75846"}],"wp:attachment":[{"href":"https:\/\/patagoniambiental.com.ar\/info\/wp-json\/wp\/v2\/media?parent=75845"}],"wp:term":[{"taxonomy":"category","embeddable":true,"href":"https:\/\/patagoniambiental.com.ar\/info\/wp-json\/wp\/v2\/categories?post=75845"},{"taxonomy":"post_tag","embeddable":true,"href":"https:\/\/patagoniambiental.com.ar\/info\/wp-json\/wp\/v2\/tags?post=75845"}],"curies":[{"name":"wp","href":"https:\/\/api.w.org\/{rel}","templated":true}]}}