{"id":75860,"date":"2022-05-15T08:33:42","date_gmt":"2022-05-15T11:33:42","guid":{"rendered":"http:\/\/patagoniambiental.com.ar\/info\/?p=75860"},"modified":"2022-05-16T08:36:35","modified_gmt":"2022-05-16T11:36:35","slug":"villa-la-angostura-inaugura-el-sendero-turistico-mas-lindo-del-pais","status":"publish","type":"post","link":"https:\/\/patagoniambiental.com.ar\/info\/villa-la-angostura-inaugura-el-sendero-turistico-mas-lindo-del-pais\/","title":{"rendered":"Villa La Angostura inaugura el sendero tur\u00edstico \u00abm\u00e1s lindo del pa\u00eds\u00bb"},"content":{"rendered":"\n<!--more-->\n\n\n\n<h2 class=\"wp-block-heading\">El gobernador Guti\u00e9rrez lo inaugura este lunes en el circuito Selva Triste junto con autoridades de Turismo de Naci\u00f3n.<\/h2>\n\n\n\n<ul class=\"wp-block-list\"><li><\/li><li><\/li><li><\/li><li><\/li><\/ul>\n\n\n\n<figure class=\"wp-block-image\"><img decoding=\"async\" src=\"https:\/\/media.lmneuquen.com\/p\/4fd86f4632144508a90ed75ca8bddf79\/adjuntos\/195\/imagenes\/007\/151\/0007151743\/770x0\/smart\/sendero_selva_tristejpg.jpg\" alt=\"Villa La Angostura inaugura el sendero tur\u00edstico m\u00e1s lindo del pa\u00eds\" title=\"Villa La Angostura inaugura el sendero tur\u00edstico m\u00e1s lindo del pa\u00eds | LM Neuquen\"\/><\/figure>\n\n\n\n<p>El gobernador Omar Guti\u00e9rrez inaugurar\u00e1 este lunes a las 15 junto a autoridades del ministerio de <a href=\"https:\/\/www.lmneuquen.com\/turismo-a257\">Turismo<\/a> de la Naci\u00f3n la obra tur\u00edstica en el <strong>sendero<\/strong> interpretativo Selva Triste, una reserva natural urbana de aproximadamente 10 hect\u00e1reas con una peque\u00f1a laguna, denominada Laguna Verde, rodeada por un bosque aut\u00f3ctono. Entre los atractivos del lugar se encuentra el Array\u00e1n del Amor, un lugar elegido por las y los turistas para tomarse fotograf\u00edas.<\/p>\n\n\n\n<p>El <a href=\"https:\/\/www.lmneuquen.com\/sendero-a12237\">sendero<\/a> es de dificultad baja y puede demandar hasta dos horas para recorrerlo tranquilamente. Estar\u00e1 abierto todo el a\u00f1o, ya que posee una demanda creciente por parte del turismo.<\/p>\n\n\n\n<p>La obra tur\u00edstica que se desarroll\u00f3 en el circuito interpretativo Selva Triste, dentro de la Reserva Natural Protegida Laguna Verde, es una primera etapa, que consiste en un sendero que rodea a la Laguna Verde, en un recorrido accesible para personas con discapacidad.<\/p>\n\n\n\n<p>Adem\u00e1s del gobernador Guti\u00e9rrez, el ministro de Turismo, Sandro Badilla; y las autoridades locales, de la ceremonia participar\u00e1n tambi\u00e9n la jefa de gabinete del ministerio de Turismo y Deportes de la Naci\u00f3n, Geraldine Oniszczuk; y el subsecretario de Relaciones Institucionales, Leandro Balasini.<\/p>\n\n\n\n<p><strong>Otras actividades<\/strong><\/p>\n\n\n\n<p>A las 16 est\u00e1 previsto que las autoridades realicen una navegaci\u00f3n desde Bah\u00eda Mansa, como parte del proyecto de ruta lacustre <a href=\"https:\/\/www.lmneuquen.com\/villa-la-angostura-a275\">Villa La Angostura<\/a> &#8211; Isla Victoria. A las 18 visitar\u00e1n Cerro Bayo, para conocer el proyecto de inversi\u00f3n de ca\u00f1ones de nieve y de desarrollo centro de esqu\u00ed<\/p>\n\n\n\n<p>El proyecto de la puesta en valor de la \u201cSelva Triste\u201d, tambi\u00e9n incluye un portal de bienvenida, con pasarelas, descansos y carteler\u00eda informativa. La obra es financiada mediante el programa Nacional de Inversiones Tur\u00edsticas 50 Destinos, del Ministerio de Turismo y Deportes de la Naci\u00f3n con una inversi\u00f3n de $13.750.000.<\/p>\n\n\n\n<p>En ese mismo plan ya fueron inauguradas la confiter\u00eda del V\u00eda Christi en Jun\u00edn de los Andes, el parador de la cascada La Fragua en Manzano Amargo; y se har\u00e1 lo propio con el mirador de aves en Villa El Choc\u00f3n.<\/p>\n\n\n\n<p>En cuanto a la accesibilidad, el proyecto tambi\u00e9n incluye se\u00f1alizaci\u00f3n indicativa e interpretativa, tanto en forma tradicional como en sistema braille. Asimismo, los contenidos fueron dise\u00f1ados para percibirse de manera auditiva y t\u00e1ctil.<\/p>\n\n\n\n<p>Fuente: Lm Neuquen<\/p>\n","protected":false},"excerpt":{"rendered":"","protected":false},"author":6,"featured_media":75861,"comment_status":"open","ping_status":"open","sticky":false,"template":"","format":"standard","meta":{"site-sidebar-layout":"default","site-content-layout":"","ast-site-content-layout":"default","site-content-style":"default","site-sidebar-style":"default","ast-global-header-display":"","ast-banner-title-visibility":"","ast-main-header-display":"","ast-hfb-above-header-display":"","ast-hfb-below-header-display":"","ast-hfb-mobile-header-display":"","site-post-title":"","ast-breadcrumbs-content":"","ast-featured-img":"","footer-sml-layout":"","ast-disable-related-posts":"","theme-transparent-header-meta":"","adv-header-id-meta":"","stick-header-meta":"","header-above-stick-meta":"","header-main-stick-meta":"","header-below-stick-meta":"","astra-migrate-meta-layouts":"default","ast-page-background-enabled":"default","ast-page-background-meta":{"desktop":{"background-color":"var(--ast-global-color-5)","background-image":"","background-repeat":"repeat","background-position":"center center","background-size":"auto","background-attachment":"scroll","background-type":"","background-media":"","overlay-type":"","overlay-color":"","overlay-opacity":"","overlay-gradient":""},"tablet":{"background-color":"","background-image":"","background-repeat":"repeat","background-position":"center center","background-size":"auto","background-attachment":"scroll","background-type":"","background-media":"","overlay-type":"","overlay-color":"","overlay-opacity":"","overlay-gradient":""},"mobile":{"background-color":"","background-image":"","background-repeat":"repeat","background-position":"center center","background-size":"auto","background-attachment":"scroll","background-type":"","background-media":"","overlay-type":"","overlay-color":"","overlay-opacity":"","overlay-gradient":""}},"ast-content-background-meta":{"desktop":{"background-color":"var(--ast-global-color-4)","background-image":"","background-repeat":"repeat","background-position":"center center","background-size":"auto","background-attachment":"scroll","background-type":"","background-media":"","overlay-type":"","overlay-color":"","overlay-opacity":"","overlay-gradient":""},"tablet":{"background-color":"var(--ast-global-color-4)","background-image":"","background-repeat":"repeat","background-position":"center center","background-size":"auto","background-attachment":"scroll","background-type":"","background-media":"","overlay-type":"","overlay-color":"","overlay-opacity":"","overlay-gradient":""},"mobile":{"background-color":"var(--ast-global-color-4)","background-image":"","background-repeat":"repeat","background-position":"center center","background-size":"auto","background-attachment":"scroll","background-type":"","background-media":"","overlay-type":"","overlay-color":"","overlay-opacity":"","overlay-gradient":""}},"footnotes":""},"categories":[1],"tags":[],"class_list":["post-75860","post","type-post","status-publish","format-standard","has-post-thumbnail","hentry","category-noticias"],"yoast_head":"<!-- This site is optimized with the Yoast SEO Premium plugin v23.0 (Yoast SEO v27.4) - https:\/\/yoast.com\/product\/yoast-seo-premium-wordpress\/ -->\n<title>Villa La Angostura inaugura el sendero tur\u00edstico &quot;m\u00e1s lindo del pa\u00eds&quot;<\/title>\n<meta name=\"robots\" content=\"index, follow, max-snippet:-1, max-image-preview:large, max-video-preview:-1\" \/>\n<link rel=\"canonical\" href=\"https:\/\/patagoniambiental.com.ar\/info\/villa-la-angostura-inaugura-el-sendero-turistico-mas-lindo-del-pais\/\" \/>\n<meta property=\"og:locale\" content=\"es_ES\" \/>\n<meta property=\"og:type\" content=\"article\" \/>\n<meta property=\"og:title\" content=\"Villa La Angostura inaugura el sendero tur\u00edstico &quot;m\u00e1s lindo del pa\u00eds&quot;\" \/>\n<meta property=\"og:url\" content=\"https:\/\/patagoniambiental.com.ar\/info\/villa-la-angostura-inaugura-el-sendero-turistico-mas-lindo-del-pais\/\" \/>\n<meta property=\"og:site_name\" content=\"Patagonia Ambiental\" \/>\n<meta property=\"article:publisher\" content=\"https:\/\/www.facebook.com\/patagonia.ambiental\" \/>\n<meta property=\"article:published_time\" content=\"2022-05-15T11:33:42+00:00\" \/>\n<meta property=\"article:modified_time\" content=\"2022-05-16T11:36:35+00:00\" \/>\n<meta property=\"og:image\" content=\"https:\/\/patagoniambiental.com.ar\/info\/wp-content\/uploads\/2022\/05\/index.jpeg\" \/>\n\t<meta property=\"og:image:width\" content=\"301\" \/>\n\t<meta property=\"og:image:height\" content=\"167\" \/>\n\t<meta property=\"og:image:type\" content=\"image\/jpeg\" \/>\n<meta name=\"author\" content=\"BRAIAN ESTEVEZ\" \/>\n<meta name=\"twitter:card\" content=\"summary_large_image\" \/>\n<meta name=\"twitter:creator\" content=\"@PatAmb\" \/>\n<meta name=\"twitter:site\" content=\"@PatAmb\" \/>\n<script type=\"application\/ld+json\" class=\"yoast-schema-graph\">{\"@context\":\"https:\\\/\\\/schema.org\",\"@graph\":[{\"@type\":\"Article\",\"@id\":\"https:\\\/\\\/patagoniambiental.com.ar\\\/info\\\/villa-la-angostura-inaugura-el-sendero-turistico-mas-lindo-del-pais\\\/#article\",\"isPartOf\":{\"@id\":\"https:\\\/\\\/patagoniambiental.com.ar\\\/info\\\/villa-la-angostura-inaugura-el-sendero-turistico-mas-lindo-del-pais\\\/\"},\"author\":{\"name\":\"BRAIAN ESTEVEZ\",\"@id\":\"https:\\\/\\\/patagoniambiental.com.ar\\\/info\\\/#\\\/schema\\\/person\\\/e5af09d700b2e82cb10c6b8800e0c691\"},\"headline\":\"Villa La Angostura inaugura el sendero tur\u00edstico \u00abm\u00e1s lindo del pa\u00eds\u00bb\",\"datePublished\":\"2022-05-15T11:33:42+00:00\",\"dateModified\":\"2022-05-16T11:36:35+00:00\",\"mainEntityOfPage\":{\"@id\":\"https:\\\/\\\/patagoniambiental.com.ar\\\/info\\\/villa-la-angostura-inaugura-el-sendero-turistico-mas-lindo-del-pais\\\/\"},\"wordCount\":427,\"commentCount\":0,\"publisher\":{\"@id\":\"https:\\\/\\\/patagoniambiental.com.ar\\\/info\\\/#organization\"},\"image\":{\"@id\":\"https:\\\/\\\/patagoniambiental.com.ar\\\/info\\\/villa-la-angostura-inaugura-el-sendero-turistico-mas-lindo-del-pais\\\/#primaryimage\"},\"thumbnailUrl\":\"https:\\\/\\\/patagoniambiental.com.ar\\\/info\\\/wp-content\\\/uploads\\\/2022\\\/05\\\/index.jpeg\",\"articleSection\":[\"Noticias\"],\"inLanguage\":\"es\",\"potentialAction\":[{\"@type\":\"CommentAction\",\"name\":\"Comment\",\"target\":[\"https:\\\/\\\/patagoniambiental.com.ar\\\/info\\\/villa-la-angostura-inaugura-el-sendero-turistico-mas-lindo-del-pais\\\/#respond\"]}]},{\"@type\":\"WebPage\",\"@id\":\"https:\\\/\\\/patagoniambiental.com.ar\\\/info\\\/villa-la-angostura-inaugura-el-sendero-turistico-mas-lindo-del-pais\\\/\",\"url\":\"https:\\\/\\\/patagoniambiental.com.ar\\\/info\\\/villa-la-angostura-inaugura-el-sendero-turistico-mas-lindo-del-pais\\\/\",\"name\":\"Villa La Angostura inaugura el sendero tur\u00edstico \\\"m\u00e1s lindo del pa\u00eds\\\"\",\"isPartOf\":{\"@id\":\"https:\\\/\\\/patagoniambiental.com.ar\\\/info\\\/#website\"},\"primaryImageOfPage\":{\"@id\":\"https:\\\/\\\/patagoniambiental.com.ar\\\/info\\\/villa-la-angostura-inaugura-el-sendero-turistico-mas-lindo-del-pais\\\/#primaryimage\"},\"image\":{\"@id\":\"https:\\\/\\\/patagoniambiental.com.ar\\\/info\\\/villa-la-angostura-inaugura-el-sendero-turistico-mas-lindo-del-pais\\\/#primaryimage\"},\"thumbnailUrl\":\"https:\\\/\\\/patagoniambiental.com.ar\\\/info\\\/wp-content\\\/uploads\\\/2022\\\/05\\\/index.jpeg\",\"datePublished\":\"2022-05-15T11:33:42+00:00\",\"dateModified\":\"2022-05-16T11:36:35+00:00\",\"breadcrumb\":{\"@id\":\"https:\\\/\\\/patagoniambiental.com.ar\\\/info\\\/villa-la-angostura-inaugura-el-sendero-turistico-mas-lindo-del-pais\\\/#breadcrumb\"},\"inLanguage\":\"es\",\"potentialAction\":[{\"@type\":\"ReadAction\",\"target\":[\"https:\\\/\\\/patagoniambiental.com.ar\\\/info\\\/villa-la-angostura-inaugura-el-sendero-turistico-mas-lindo-del-pais\\\/\"]}]},{\"@type\":\"ImageObject\",\"inLanguage\":\"es\",\"@id\":\"https:\\\/\\\/patagoniambiental.com.ar\\\/info\\\/villa-la-angostura-inaugura-el-sendero-turistico-mas-lindo-del-pais\\\/#primaryimage\",\"url\":\"https:\\\/\\\/patagoniambiental.com.ar\\\/info\\\/wp-content\\\/uploads\\\/2022\\\/05\\\/index.jpeg\",\"contentUrl\":\"https:\\\/\\\/patagoniambiental.com.ar\\\/info\\\/wp-content\\\/uploads\\\/2022\\\/05\\\/index.jpeg\",\"width\":301,\"height\":167},{\"@type\":\"BreadcrumbList\",\"@id\":\"https:\\\/\\\/patagoniambiental.com.ar\\\/info\\\/villa-la-angostura-inaugura-el-sendero-turistico-mas-lindo-del-pais\\\/#breadcrumb\",\"itemListElement\":[{\"@type\":\"ListItem\",\"position\":1,\"name\":\"Inicio\",\"item\":\"https:\\\/\\\/patagoniambiental.com.ar\\\/info\\\/\"},{\"@type\":\"ListItem\",\"position\":2,\"name\":\"Villa La Angostura inaugura el sendero tur\u00edstico \u00abm\u00e1s lindo del pa\u00eds\u00bb\"}]},{\"@type\":\"WebSite\",\"@id\":\"https:\\\/\\\/patagoniambiental.com.ar\\\/info\\\/#website\",\"url\":\"https:\\\/\\\/patagoniambiental.com.ar\\\/info\\\/\",\"name\":\"Patagonia Ambiental\",\"description\":\"Monitoreo y an\u00e1lisis de la situaci\u00f3n geopol\u00edtica en el mundo y su implicancia en la Patagonia\",\"publisher\":{\"@id\":\"https:\\\/\\\/patagoniambiental.com.ar\\\/info\\\/#organization\"},\"potentialAction\":[{\"@type\":\"SearchAction\",\"target\":{\"@type\":\"EntryPoint\",\"urlTemplate\":\"https:\\\/\\\/patagoniambiental.com.ar\\\/info\\\/?s={search_term_string}\"},\"query-input\":{\"@type\":\"PropertyValueSpecification\",\"valueRequired\":true,\"valueName\":\"search_term_string\"}}],\"inLanguage\":\"es\"},{\"@type\":\"Organization\",\"@id\":\"https:\\\/\\\/patagoniambiental.com.ar\\\/info\\\/#organization\",\"name\":\"Patagonia Ambiental\",\"url\":\"https:\\\/\\\/patagoniambiental.com.ar\\\/info\\\/\",\"logo\":{\"@type\":\"ImageObject\",\"inLanguage\":\"es\",\"@id\":\"https:\\\/\\\/patagoniambiental.com.ar\\\/info\\\/#\\\/schema\\\/logo\\\/image\\\/\",\"url\":\"https:\\\/\\\/patagoniambiental.com.ar\\\/info\\\/wp-content\\\/uploads\\\/2025\\\/05\\\/LOGO-PATAGONIA-AMBIENTAL.png\",\"contentUrl\":\"https:\\\/\\\/patagoniambiental.com.ar\\\/info\\\/wp-content\\\/uploads\\\/2025\\\/05\\\/LOGO-PATAGONIA-AMBIENTAL.png\",\"width\":433,\"height\":250,\"caption\":\"Patagonia Ambiental\"},\"image\":{\"@id\":\"https:\\\/\\\/patagoniambiental.com.ar\\\/info\\\/#\\\/schema\\\/logo\\\/image\\\/\"},\"sameAs\":[\"https:\\\/\\\/www.facebook.com\\\/patagonia.ambiental\",\"https:\\\/\\\/x.com\\\/PatAmb\"]},{\"@type\":\"Person\",\"@id\":\"https:\\\/\\\/patagoniambiental.com.ar\\\/info\\\/#\\\/schema\\\/person\\\/e5af09d700b2e82cb10c6b8800e0c691\",\"name\":\"BRAIAN ESTEVEZ\",\"sameAs\":[\"http:\\\/\\\/www.patagoniambiental.com.ar\"]}]}<\/script>\n<!-- \/ Yoast SEO Premium plugin. -->","yoast_head_json":{"title":"Villa La Angostura inaugura el sendero tur\u00edstico \"m\u00e1s lindo del pa\u00eds\"","robots":{"index":"index","follow":"follow","max-snippet":"max-snippet:-1","max-image-preview":"max-image-preview:large","max-video-preview":"max-video-preview:-1"},"canonical":"https:\/\/patagoniambiental.com.ar\/info\/villa-la-angostura-inaugura-el-sendero-turistico-mas-lindo-del-pais\/","og_locale":"es_ES","og_type":"article","og_title":"Villa La Angostura inaugura el sendero tur\u00edstico \"m\u00e1s lindo del pa\u00eds\"","og_url":"https:\/\/patagoniambiental.com.ar\/info\/villa-la-angostura-inaugura-el-sendero-turistico-mas-lindo-del-pais\/","og_site_name":"Patagonia Ambiental","article_publisher":"https:\/\/www.facebook.com\/patagonia.ambiental","article_published_time":"2022-05-15T11:33:42+00:00","article_modified_time":"2022-05-16T11:36:35+00:00","og_image":[{"width":301,"height":167,"url":"https:\/\/patagoniambiental.com.ar\/info\/wp-content\/uploads\/2022\/05\/index.jpeg","type":"image\/jpeg"}],"author":"BRAIAN ESTEVEZ","twitter_card":"summary_large_image","twitter_creator":"@PatAmb","twitter_site":"@PatAmb","schema":{"@context":"https:\/\/schema.org","@graph":[{"@type":"Article","@id":"https:\/\/patagoniambiental.com.ar\/info\/villa-la-angostura-inaugura-el-sendero-turistico-mas-lindo-del-pais\/#article","isPartOf":{"@id":"https:\/\/patagoniambiental.com.ar\/info\/villa-la-angostura-inaugura-el-sendero-turistico-mas-lindo-del-pais\/"},"author":{"name":"BRAIAN ESTEVEZ","@id":"https:\/\/patagoniambiental.com.ar\/info\/#\/schema\/person\/e5af09d700b2e82cb10c6b8800e0c691"},"headline":"Villa La Angostura inaugura el sendero tur\u00edstico \u00abm\u00e1s lindo del pa\u00eds\u00bb","datePublished":"2022-05-15T11:33:42+00:00","dateModified":"2022-05-16T11:36:35+00:00","mainEntityOfPage":{"@id":"https:\/\/patagoniambiental.com.ar\/info\/villa-la-angostura-inaugura-el-sendero-turistico-mas-lindo-del-pais\/"},"wordCount":427,"commentCount":0,"publisher":{"@id":"https:\/\/patagoniambiental.com.ar\/info\/#organization"},"image":{"@id":"https:\/\/patagoniambiental.com.ar\/info\/villa-la-angostura-inaugura-el-sendero-turistico-mas-lindo-del-pais\/#primaryimage"},"thumbnailUrl":"https:\/\/patagoniambiental.com.ar\/info\/wp-content\/uploads\/2022\/05\/index.jpeg","articleSection":["Noticias"],"inLanguage":"es","potentialAction":[{"@type":"CommentAction","name":"Comment","target":["https:\/\/patagoniambiental.com.ar\/info\/villa-la-angostura-inaugura-el-sendero-turistico-mas-lindo-del-pais\/#respond"]}]},{"@type":"WebPage","@id":"https:\/\/patagoniambiental.com.ar\/info\/villa-la-angostura-inaugura-el-sendero-turistico-mas-lindo-del-pais\/","url":"https:\/\/patagoniambiental.com.ar\/info\/villa-la-angostura-inaugura-el-sendero-turistico-mas-lindo-del-pais\/","name":"Villa La Angostura inaugura el sendero tur\u00edstico \"m\u00e1s lindo del pa\u00eds\"","isPartOf":{"@id":"https:\/\/patagoniambiental.com.ar\/info\/#website"},"primaryImageOfPage":{"@id":"https:\/\/patagoniambiental.com.ar\/info\/villa-la-angostura-inaugura-el-sendero-turistico-mas-lindo-del-pais\/#primaryimage"},"image":{"@id":"https:\/\/patagoniambiental.com.ar\/info\/villa-la-angostura-inaugura-el-sendero-turistico-mas-lindo-del-pais\/#primaryimage"},"thumbnailUrl":"https:\/\/patagoniambiental.com.ar\/info\/wp-content\/uploads\/2022\/05\/index.jpeg","datePublished":"2022-05-15T11:33:42+00:00","dateModified":"2022-05-16T11:36:35+00:00","breadcrumb":{"@id":"https:\/\/patagoniambiental.com.ar\/info\/villa-la-angostura-inaugura-el-sendero-turistico-mas-lindo-del-pais\/#breadcrumb"},"inLanguage":"es","potentialAction":[{"@type":"ReadAction","target":["https:\/\/patagoniambiental.com.ar\/info\/villa-la-angostura-inaugura-el-sendero-turistico-mas-lindo-del-pais\/"]}]},{"@type":"ImageObject","inLanguage":"es","@id":"https:\/\/patagoniambiental.com.ar\/info\/villa-la-angostura-inaugura-el-sendero-turistico-mas-lindo-del-pais\/#primaryimage","url":"https:\/\/patagoniambiental.com.ar\/info\/wp-content\/uploads\/2022\/05\/index.jpeg","contentUrl":"https:\/\/patagoniambiental.com.ar\/info\/wp-content\/uploads\/2022\/05\/index.jpeg","width":301,"height":167},{"@type":"BreadcrumbList","@id":"https:\/\/patagoniambiental.com.ar\/info\/villa-la-angostura-inaugura-el-sendero-turistico-mas-lindo-del-pais\/#breadcrumb","itemListElement":[{"@type":"ListItem","position":1,"name":"Inicio","item":"https:\/\/patagoniambiental.com.ar\/info\/"},{"@type":"ListItem","position":2,"name":"Villa La Angostura inaugura el sendero tur\u00edstico \u00abm\u00e1s lindo del pa\u00eds\u00bb"}]},{"@type":"WebSite","@id":"https:\/\/patagoniambiental.com.ar\/info\/#website","url":"https:\/\/patagoniambiental.com.ar\/info\/","name":"Patagonia Ambiental","description":"Monitoreo y an\u00e1lisis de la situaci\u00f3n geopol\u00edtica en el mundo y su implicancia en la Patagonia","publisher":{"@id":"https:\/\/patagoniambiental.com.ar\/info\/#organization"},"potentialAction":[{"@type":"SearchAction","target":{"@type":"EntryPoint","urlTemplate":"https:\/\/patagoniambiental.com.ar\/info\/?s={search_term_string}"},"query-input":{"@type":"PropertyValueSpecification","valueRequired":true,"valueName":"search_term_string"}}],"inLanguage":"es"},{"@type":"Organization","@id":"https:\/\/patagoniambiental.com.ar\/info\/#organization","name":"Patagonia Ambiental","url":"https:\/\/patagoniambiental.com.ar\/info\/","logo":{"@type":"ImageObject","inLanguage":"es","@id":"https:\/\/patagoniambiental.com.ar\/info\/#\/schema\/logo\/image\/","url":"https:\/\/patagoniambiental.com.ar\/info\/wp-content\/uploads\/2025\/05\/LOGO-PATAGONIA-AMBIENTAL.png","contentUrl":"https:\/\/patagoniambiental.com.ar\/info\/wp-content\/uploads\/2025\/05\/LOGO-PATAGONIA-AMBIENTAL.png","width":433,"height":250,"caption":"Patagonia Ambiental"},"image":{"@id":"https:\/\/patagoniambiental.com.ar\/info\/#\/schema\/logo\/image\/"},"sameAs":["https:\/\/www.facebook.com\/patagonia.ambiental","https:\/\/x.com\/PatAmb"]},{"@type":"Person","@id":"https:\/\/patagoniambiental.com.ar\/info\/#\/schema\/person\/e5af09d700b2e82cb10c6b8800e0c691","name":"BRAIAN ESTEVEZ","sameAs":["http:\/\/www.patagoniambiental.com.ar"]}]}},"_links":{"self":[{"href":"https:\/\/patagoniambiental.com.ar\/info\/wp-json\/wp\/v2\/posts\/75860","targetHints":{"allow":["GET"]}}],"collection":[{"href":"https:\/\/patagoniambiental.com.ar\/info\/wp-json\/wp\/v2\/posts"}],"about":[{"href":"https:\/\/patagoniambiental.com.ar\/info\/wp-json\/wp\/v2\/types\/post"}],"author":[{"embeddable":true,"href":"https:\/\/patagoniambiental.com.ar\/info\/wp-json\/wp\/v2\/users\/6"}],"replies":[{"embeddable":true,"href":"https:\/\/patagoniambiental.com.ar\/info\/wp-json\/wp\/v2\/comments?post=75860"}],"version-history":[{"count":0,"href":"https:\/\/patagoniambiental.com.ar\/info\/wp-json\/wp\/v2\/posts\/75860\/revisions"}],"wp:featuredmedia":[{"embeddable":true,"href":"https:\/\/patagoniambiental.com.ar\/info\/wp-json\/wp\/v2\/media\/75861"}],"wp:attachment":[{"href":"https:\/\/patagoniambiental.com.ar\/info\/wp-json\/wp\/v2\/media?parent=75860"}],"wp:term":[{"taxonomy":"category","embeddable":true,"href":"https:\/\/patagoniambiental.com.ar\/info\/wp-json\/wp\/v2\/categories?post=75860"},{"taxonomy":"post_tag","embeddable":true,"href":"https:\/\/patagoniambiental.com.ar\/info\/wp-json\/wp\/v2\/tags?post=75860"}],"curies":[{"name":"wp","href":"https:\/\/api.w.org\/{rel}","templated":true}]}}