{"id":75925,"date":"2022-05-31T07:00:00","date_gmt":"2022-05-31T10:00:00","guid":{"rendered":"http:\/\/patagoniambiental.com.ar\/info\/?p=75925"},"modified":"2022-05-31T22:06:21","modified_gmt":"2022-06-01T01:06:21","slug":"descubriendo-el-increible-mundo-del-reino-fungi-en-el-parque-nacional-alerce-andino","status":"publish","type":"post","link":"https:\/\/patagoniambiental.com.ar\/info\/descubriendo-el-increible-mundo-del-reino-fungi-en-el-parque-nacional-alerce-andino\/","title":{"rendered":"DESCUBRIENDO EL INCRE\u00cdBLE MUNDO DEL REINO FUNGI EN EL PARQUE NACIONAL ALERCE ANDINO"},"content":{"rendered":"\n<!--more-->\n\n\n\n<p>Bajan las temperaturas, caen las hojas, llega el oto\u00f1o y comienza a resplandecer el a\u00fan desconocido reino fungi, que a trav\u00e9s de la descomposici\u00f3n, lleva a cabo un proceso transformativo, permitiendo el renacer de nuevos ciclos. Por lo mismo, en el marco del programa Amigos del Parque Nacional Alerce Andino, que busca fortalecer el v\u00ednculo de las comunidades con los parques nacionales, realizamos un taller virtual y una visita sobre el sorprendente mundo de los hongos junto a las comunidades del sector como R\u00edo Chico, Correntoso, Sargazo y Lago Chapo, entre otras.<\/p>\n\n\n\n<p>Para conocer m\u00e1s sobre su gran valor ecol\u00f3gico, antes de entrar en el bosque templado lluvioso caracter\u00edstico del Parque Nacional Alerce Andino, vimos el documental \u201cDeja que las cosas se pudran\u201d de la Fundaci\u00f3n Fungi, dirigido por Mateo Barrenengoa. \u00a1Un cortometraje clave para conectar con la importancia y belleza del mundo de los hongos!<\/p>\n\n\n\n<div class=\"wp-block-image\"><figure class=\"alignleft\"><img decoding=\"async\" src=\"https:\/\/www.rutadelosparques.org\/web\/wp-content\/uploads\/2022\/05\/f1.jpeg\" alt=\"DESCUBRIENDO EL INCRE\u00cdBLE MUNDO DEL REINO FUNGI EN EL PARQUE NACIONAL ALERCE ANDINO\" class=\"wp-image-6612\"\/><\/figure><\/div>\n\n\n\n<p>Luego, acompa\u00f1ados de guardaparques de Conaf, comenz\u00f3 la aventura en b\u00fasqueda de hongos para aprender sobre las diversas especies que habitan el parque y su rol clave en el ecosistema. \u201cFuimos mirando los distintos estratos vegetales, buscando especies, reconoci\u00e9ndolas, describi\u00e9ndolas, y aprendiendo un poco tambi\u00e9n c\u00f3mo se puede hacer la descripci\u00f3n y el registro de estas\u201d, cuenta Cristi\u00e1n Stuardo, divulgador del reino fungi, quien dirigi\u00f3 la actividad.<\/p>\n\n\n\n<p>\u201cHace un a\u00f1o estamos realizando actividades con las comunidades aleda\u00f1as al Parque Nacional Alerce Andino, conect\u00e1ndolos con diversas tem\u00e1ticas medioambientales con el objetivo de que sean los vecinos los guardianes de su parque\u201d, se\u00f1ala Carolina Cerda, directora de Vinculaci\u00f3n Comunitaria de Fundaci\u00f3n Rewilding Chile, legado de Tompkins Conservation.<\/p>\n\n\n\n<div class=\"wp-block-image\"><figure class=\"alignleft\"><img decoding=\"async\" src=\"https:\/\/www.rutadelosparques.org\/web\/wp-content\/uploads\/2022\/05\/f2-1.jpeg\" alt=\"DESCUBRIENDO EL INCRE\u00cdBLE MUNDO DEL REINO FUNGI EN EL PARQUE NACIONAL ALERCE ANDINO\" class=\"wp-image-6620\"\/><\/figure><\/div>\n\n\n\n<p>Previamente se han desarrollado diversos talleres en torno a la conservaci\u00f3n como, por ejemplo, sobre la importancia de los espacios de agua, de avistamiento de avifauna y su rol clave en el ecosistema, entre otros.<\/p>\n\n\n\n<div class=\"wp-block-image\"><figure class=\"alignleft\"><img decoding=\"async\" src=\"https:\/\/www.rutadelosparques.org\/web\/wp-content\/uploads\/2022\/05\/f3.jpeg\" alt=\"DESCUBRIENDO EL INCRE\u00cdBLE MUNDO DEL REINO FUNGI EN EL PARQUE NACIONAL ALERCE ANDINO\" class=\"wp-image-6614\"\/><\/figure><\/div>\n\n\n\n<h2 class=\"wp-block-heading\">Otras noticias<\/h2>\n\n\n\n<p><a href=\"https:\/\/www.rutadelosparques.org\/amigos-del-parque-nacional-patagonia-aprendiendo-en-comunidad-de-los-ciclos-del-bosque-en-otono\/\">26 mayo, 2022Amigos del Parque Nacional Patagonia: Aprendiendo en comunidad de los ciclos del bosque en oto\u00f1o<\/a><a href=\"https:\/\/www.rutadelosparques.org\/conociendo-la-avifauna-del-parque-nacional-alerce-andino\/\">18 mayo, 2022Conociendo la avifauna del Parque Nacional Alerce Andino<\/a><a href=\"https:\/\/www.rutadelosparques.org\/amigos-del-parque-nacional-patagonia-instalamos-camaras-trampa-con-los-vecinos-de-chile-chico\/\">30 marzo, 2022Amigos del Parque Nacional Patagonia: \u00a1Instalamos c\u00e1maras trampa con los vecinos de Chile Chico!<\/a><a href=\"https:\/\/www.rutadelosparques.org\/exito-total-6-000-nuevos-pasaportes-se-incorporan-a-la-ruta-de-los-parques-de-la-patagonia\/\">09 marzo, 2022\u00a1\u00c9xito total! 6.000 nuevos Pasaportes se incorporan a la Ruta de los Parques de la Patagonia<\/a><a href=\"https:\/\/www.rutadelosparques.org\/aprendiendo-en-comunidad-nuevo-taller-sobre-amenazas-en-el-parque-nacional-alerce-andino\/\">23 febrero, 2022Aprendiendo en comunidad: nuevo taller sobre amenazas en el Parque Nacional Alerce Andino<\/a><a href=\"https:\/\/www.rutadelosparques.org\/gran-interes-de-turistas-genero-el-pasaporte-ruta-de-los-parques-de-la-patagonia-en-sus-primeros-dias-de-lanzamiento\/\">20 enero, 2022Gran inter\u00e9s de turistas gener\u00f3 el Pasaporte Ruta de los Parques de la Patagonia en sus primeros d\u00edas de lanzamiento<\/a><a href=\"https:\/\/www.rutadelosparques.org\/conoce-el-nuevo-pasaporte-que-te-permitira-explorar-la-ruta-de-los-parques-de-la-patagonia\/\">12 enero, 2022Conoce el nuevo Pasaporte que te permitir\u00e1 explorar la Ruta de los Parques de la PatagoniaAl igual que un pasaporte real, los viajeros podr\u00e1n ir timbrando su visita en cada Parque Nacional habilitado de la Ruta.<\/a><a href=\"https:\/\/www.rutadelosparques.org\/con-el-lanzamiento-del-programa-amigos-del-parque-nacional-patagonia-se-celebro-el-3-aniversario-del-parque\/\">23 diciembre, 2021Con el lanzamiento del programa \u201cAmigos del Parque Nacional Patagonia\u201d se celebr\u00f3 el 3\u00b0 aniversario del parque<\/a><\/p>\n\n\n\n<p>Fuente: https:\/\/www.rutadelosparques.org\/descubriendo-el-increible-mundo-del-reino-fungi-en-el-parque-nacional-alerce-andino\/<\/p>\n","protected":false},"excerpt":{"rendered":"","protected":false},"author":6,"featured_media":75926,"comment_status":"open","ping_status":"open","sticky":false,"template":"","format":"standard","meta":{"site-sidebar-layout":"default","site-content-layout":"","ast-site-content-layout":"default","site-content-style":"default","site-sidebar-style":"default","ast-global-header-display":"","ast-banner-title-visibility":"","ast-main-header-display":"","ast-hfb-above-header-display":"","ast-hfb-below-header-display":"","ast-hfb-mobile-header-display":"","site-post-title":"","ast-breadcrumbs-content":"","ast-featured-img":"","footer-sml-layout":"","ast-disable-related-posts":"","theme-transparent-header-meta":"","adv-header-id-meta":"","stick-header-meta":"","header-above-stick-meta":"","header-main-stick-meta":"","header-below-stick-meta":"","astra-migrate-meta-layouts":"default","ast-page-background-enabled":"default","ast-page-background-meta":{"desktop":{"background-color":"var(--ast-global-color-5)","background-image":"","background-repeat":"repeat","background-position":"center center","background-size":"auto","background-attachment":"scroll","background-type":"","background-media":"","overlay-type":"","overlay-color":"","overlay-opacity":"","overlay-gradient":""},"tablet":{"background-color":"","background-image":"","background-repeat":"repeat","background-position":"center center","background-size":"auto","background-attachment":"scroll","background-type":"","background-media":"","overlay-type":"","overlay-color":"","overlay-opacity":"","overlay-gradient":""},"mobile":{"background-color":"","background-image":"","background-repeat":"repeat","background-position":"center center","background-size":"auto","background-attachment":"scroll","background-type":"","background-media":"","overlay-type":"","overlay-color":"","overlay-opacity":"","overlay-gradient":""}},"ast-content-background-meta":{"desktop":{"background-color":"var(--ast-global-color-4)","background-image":"","background-repeat":"repeat","background-position":"center center","background-size":"auto","background-attachment":"scroll","background-type":"","background-media":"","overlay-type":"","overlay-color":"","overlay-opacity":"","overlay-gradient":""},"tablet":{"background-color":"var(--ast-global-color-4)","background-image":"","background-repeat":"repeat","background-position":"center center","background-size":"auto","background-attachment":"scroll","background-type":"","background-media":"","overlay-type":"","overlay-color":"","overlay-opacity":"","overlay-gradient":""},"mobile":{"background-color":"var(--ast-global-color-4)","background-image":"","background-repeat":"repeat","background-position":"center center","background-size":"auto","background-attachment":"scroll","background-type":"","background-media":"","overlay-type":"","overlay-color":"","overlay-opacity":"","overlay-gradient":""}},"footnotes":""},"categories":[11,1,27,10],"tags":[],"class_list":["post-75925","post","type-post","status-publish","format-standard","has-post-thumbnail","hentry","category-boletin","category-noticias","category-patagonia","category-rotador"],"yoast_head":"<!-- This site is optimized with the Yoast SEO Premium plugin v23.0 (Yoast SEO v27.5) - https:\/\/yoast.com\/product\/yoast-seo-premium-wordpress\/ -->\n<title>DESCUBRIENDO EL INCRE\u00cdBLE MUNDO DEL REINO FUNGI EN EL PARQUE NACIONAL ALERCE ANDINO<\/title>\n<meta name=\"robots\" content=\"index, follow, max-snippet:-1, max-image-preview:large, max-video-preview:-1\" \/>\n<link rel=\"canonical\" href=\"https:\/\/patagoniambiental.com.ar\/info\/descubriendo-el-increible-mundo-del-reino-fungi-en-el-parque-nacional-alerce-andino\/\" \/>\n<meta property=\"og:locale\" content=\"es_ES\" \/>\n<meta property=\"og:type\" content=\"article\" \/>\n<meta property=\"og:title\" content=\"DESCUBRIENDO EL INCRE\u00cdBLE MUNDO DEL REINO FUNGI EN EL PARQUE NACIONAL ALERCE ANDINO\" \/>\n<meta property=\"og:url\" content=\"https:\/\/patagoniambiental.com.ar\/info\/descubriendo-el-increible-mundo-del-reino-fungi-en-el-parque-nacional-alerce-andino\/\" \/>\n<meta property=\"og:site_name\" content=\"Patagonia Ambiental\" \/>\n<meta property=\"article:publisher\" content=\"https:\/\/www.facebook.com\/patagonia.ambiental\" \/>\n<meta property=\"article:published_time\" content=\"2022-05-31T10:00:00+00:00\" \/>\n<meta property=\"article:modified_time\" content=\"2022-06-01T01:06:21+00:00\" \/>\n<meta property=\"og:image\" content=\"https:\/\/patagoniambiental.com.ar\/info\/wp-content\/uploads\/2022\/05\/f1.jpeg\" \/>\n\t<meta property=\"og:image:width\" content=\"900\" \/>\n\t<meta property=\"og:image:height\" content=\"601\" \/>\n\t<meta property=\"og:image:type\" content=\"image\/jpeg\" \/>\n<meta name=\"author\" content=\"BRAIAN ESTEVEZ\" \/>\n<meta name=\"twitter:card\" content=\"summary_large_image\" \/>\n<meta name=\"twitter:creator\" content=\"@PatAmb\" \/>\n<meta name=\"twitter:site\" content=\"@PatAmb\" \/>\n<script type=\"application\/ld+json\" class=\"yoast-schema-graph\">{\"@context\":\"https:\\\/\\\/schema.org\",\"@graph\":[{\"@type\":\"Article\",\"@id\":\"https:\\\/\\\/patagoniambiental.com.ar\\\/info\\\/descubriendo-el-increible-mundo-del-reino-fungi-en-el-parque-nacional-alerce-andino\\\/#article\",\"isPartOf\":{\"@id\":\"https:\\\/\\\/patagoniambiental.com.ar\\\/info\\\/descubriendo-el-increible-mundo-del-reino-fungi-en-el-parque-nacional-alerce-andino\\\/\"},\"author\":{\"name\":\"BRAIAN ESTEVEZ\",\"@id\":\"https:\\\/\\\/patagoniambiental.com.ar\\\/info\\\/#\\\/schema\\\/person\\\/e5af09d700b2e82cb10c6b8800e0c691\"},\"headline\":\"DESCUBRIENDO EL INCRE\u00cdBLE MUNDO DEL REINO FUNGI EN EL PARQUE NACIONAL ALERCE ANDINO\",\"datePublished\":\"2022-05-31T10:00:00+00:00\",\"dateModified\":\"2022-06-01T01:06:21+00:00\",\"mainEntityOfPage\":{\"@id\":\"https:\\\/\\\/patagoniambiental.com.ar\\\/info\\\/descubriendo-el-increible-mundo-del-reino-fungi-en-el-parque-nacional-alerce-andino\\\/\"},\"wordCount\":494,\"commentCount\":0,\"publisher\":{\"@id\":\"https:\\\/\\\/patagoniambiental.com.ar\\\/info\\\/#organization\"},\"image\":{\"@id\":\"https:\\\/\\\/patagoniambiental.com.ar\\\/info\\\/descubriendo-el-increible-mundo-del-reino-fungi-en-el-parque-nacional-alerce-andino\\\/#primaryimage\"},\"thumbnailUrl\":\"https:\\\/\\\/patagoniambiental.com.ar\\\/info\\\/wp-content\\\/uploads\\\/2022\\\/05\\\/f1.jpeg\",\"articleSection\":[\"Bolet\u00edn\",\"Noticias\",\"Patagonia\",\"Rotador\"],\"inLanguage\":\"es\",\"potentialAction\":[{\"@type\":\"CommentAction\",\"name\":\"Comment\",\"target\":[\"https:\\\/\\\/patagoniambiental.com.ar\\\/info\\\/descubriendo-el-increible-mundo-del-reino-fungi-en-el-parque-nacional-alerce-andino\\\/#respond\"]}]},{\"@type\":\"WebPage\",\"@id\":\"https:\\\/\\\/patagoniambiental.com.ar\\\/info\\\/descubriendo-el-increible-mundo-del-reino-fungi-en-el-parque-nacional-alerce-andino\\\/\",\"url\":\"https:\\\/\\\/patagoniambiental.com.ar\\\/info\\\/descubriendo-el-increible-mundo-del-reino-fungi-en-el-parque-nacional-alerce-andino\\\/\",\"name\":\"DESCUBRIENDO EL INCRE\u00cdBLE MUNDO DEL REINO FUNGI EN EL PARQUE NACIONAL ALERCE ANDINO\",\"isPartOf\":{\"@id\":\"https:\\\/\\\/patagoniambiental.com.ar\\\/info\\\/#website\"},\"primaryImageOfPage\":{\"@id\":\"https:\\\/\\\/patagoniambiental.com.ar\\\/info\\\/descubriendo-el-increible-mundo-del-reino-fungi-en-el-parque-nacional-alerce-andino\\\/#primaryimage\"},\"image\":{\"@id\":\"https:\\\/\\\/patagoniambiental.com.ar\\\/info\\\/descubriendo-el-increible-mundo-del-reino-fungi-en-el-parque-nacional-alerce-andino\\\/#primaryimage\"},\"thumbnailUrl\":\"https:\\\/\\\/patagoniambiental.com.ar\\\/info\\\/wp-content\\\/uploads\\\/2022\\\/05\\\/f1.jpeg\",\"datePublished\":\"2022-05-31T10:00:00+00:00\",\"dateModified\":\"2022-06-01T01:06:21+00:00\",\"breadcrumb\":{\"@id\":\"https:\\\/\\\/patagoniambiental.com.ar\\\/info\\\/descubriendo-el-increible-mundo-del-reino-fungi-en-el-parque-nacional-alerce-andino\\\/#breadcrumb\"},\"inLanguage\":\"es\",\"potentialAction\":[{\"@type\":\"ReadAction\",\"target\":[\"https:\\\/\\\/patagoniambiental.com.ar\\\/info\\\/descubriendo-el-increible-mundo-del-reino-fungi-en-el-parque-nacional-alerce-andino\\\/\"]}]},{\"@type\":\"ImageObject\",\"inLanguage\":\"es\",\"@id\":\"https:\\\/\\\/patagoniambiental.com.ar\\\/info\\\/descubriendo-el-increible-mundo-del-reino-fungi-en-el-parque-nacional-alerce-andino\\\/#primaryimage\",\"url\":\"https:\\\/\\\/patagoniambiental.com.ar\\\/info\\\/wp-content\\\/uploads\\\/2022\\\/05\\\/f1.jpeg\",\"contentUrl\":\"https:\\\/\\\/patagoniambiental.com.ar\\\/info\\\/wp-content\\\/uploads\\\/2022\\\/05\\\/f1.jpeg\",\"width\":900,\"height\":601},{\"@type\":\"BreadcrumbList\",\"@id\":\"https:\\\/\\\/patagoniambiental.com.ar\\\/info\\\/descubriendo-el-increible-mundo-del-reino-fungi-en-el-parque-nacional-alerce-andino\\\/#breadcrumb\",\"itemListElement\":[{\"@type\":\"ListItem\",\"position\":1,\"name\":\"Inicio\",\"item\":\"https:\\\/\\\/patagoniambiental.com.ar\\\/info\\\/\"},{\"@type\":\"ListItem\",\"position\":2,\"name\":\"DESCUBRIENDO EL INCRE\u00cdBLE MUNDO DEL REINO FUNGI EN EL PARQUE NACIONAL ALERCE ANDINO\"}]},{\"@type\":\"WebSite\",\"@id\":\"https:\\\/\\\/patagoniambiental.com.ar\\\/info\\\/#website\",\"url\":\"https:\\\/\\\/patagoniambiental.com.ar\\\/info\\\/\",\"name\":\"Patagonia Ambiental\",\"description\":\"Monitoreo y an\u00e1lisis de la situaci\u00f3n geopol\u00edtica en el mundo y su implicancia en la Patagonia\",\"publisher\":{\"@id\":\"https:\\\/\\\/patagoniambiental.com.ar\\\/info\\\/#organization\"},\"potentialAction\":[{\"@type\":\"SearchAction\",\"target\":{\"@type\":\"EntryPoint\",\"urlTemplate\":\"https:\\\/\\\/patagoniambiental.com.ar\\\/info\\\/?s={search_term_string}\"},\"query-input\":{\"@type\":\"PropertyValueSpecification\",\"valueRequired\":true,\"valueName\":\"search_term_string\"}}],\"inLanguage\":\"es\"},{\"@type\":\"Organization\",\"@id\":\"https:\\\/\\\/patagoniambiental.com.ar\\\/info\\\/#organization\",\"name\":\"Patagonia Ambiental\",\"url\":\"https:\\\/\\\/patagoniambiental.com.ar\\\/info\\\/\",\"logo\":{\"@type\":\"ImageObject\",\"inLanguage\":\"es\",\"@id\":\"https:\\\/\\\/patagoniambiental.com.ar\\\/info\\\/#\\\/schema\\\/logo\\\/image\\\/\",\"url\":\"https:\\\/\\\/patagoniambiental.com.ar\\\/info\\\/wp-content\\\/uploads\\\/2025\\\/05\\\/LOGO-PATAGONIA-AMBIENTAL.png\",\"contentUrl\":\"https:\\\/\\\/patagoniambiental.com.ar\\\/info\\\/wp-content\\\/uploads\\\/2025\\\/05\\\/LOGO-PATAGONIA-AMBIENTAL.png\",\"width\":433,\"height\":250,\"caption\":\"Patagonia Ambiental\"},\"image\":{\"@id\":\"https:\\\/\\\/patagoniambiental.com.ar\\\/info\\\/#\\\/schema\\\/logo\\\/image\\\/\"},\"sameAs\":[\"https:\\\/\\\/www.facebook.com\\\/patagonia.ambiental\",\"https:\\\/\\\/x.com\\\/PatAmb\"]},{\"@type\":\"Person\",\"@id\":\"https:\\\/\\\/patagoniambiental.com.ar\\\/info\\\/#\\\/schema\\\/person\\\/e5af09d700b2e82cb10c6b8800e0c691\",\"name\":\"BRAIAN ESTEVEZ\",\"sameAs\":[\"http:\\\/\\\/www.patagoniambiental.com.ar\"]}]}<\/script>\n<!-- \/ Yoast SEO Premium plugin. -->","yoast_head_json":{"title":"DESCUBRIENDO EL INCRE\u00cdBLE MUNDO DEL REINO FUNGI EN EL PARQUE NACIONAL ALERCE ANDINO","robots":{"index":"index","follow":"follow","max-snippet":"max-snippet:-1","max-image-preview":"max-image-preview:large","max-video-preview":"max-video-preview:-1"},"canonical":"https:\/\/patagoniambiental.com.ar\/info\/descubriendo-el-increible-mundo-del-reino-fungi-en-el-parque-nacional-alerce-andino\/","og_locale":"es_ES","og_type":"article","og_title":"DESCUBRIENDO EL INCRE\u00cdBLE MUNDO DEL REINO FUNGI EN EL PARQUE NACIONAL ALERCE ANDINO","og_url":"https:\/\/patagoniambiental.com.ar\/info\/descubriendo-el-increible-mundo-del-reino-fungi-en-el-parque-nacional-alerce-andino\/","og_site_name":"Patagonia Ambiental","article_publisher":"https:\/\/www.facebook.com\/patagonia.ambiental","article_published_time":"2022-05-31T10:00:00+00:00","article_modified_time":"2022-06-01T01:06:21+00:00","og_image":[{"width":900,"height":601,"url":"https:\/\/patagoniambiental.com.ar\/info\/wp-content\/uploads\/2022\/05\/f1.jpeg","type":"image\/jpeg"}],"author":"BRAIAN ESTEVEZ","twitter_card":"summary_large_image","twitter_creator":"@PatAmb","twitter_site":"@PatAmb","schema":{"@context":"https:\/\/schema.org","@graph":[{"@type":"Article","@id":"https:\/\/patagoniambiental.com.ar\/info\/descubriendo-el-increible-mundo-del-reino-fungi-en-el-parque-nacional-alerce-andino\/#article","isPartOf":{"@id":"https:\/\/patagoniambiental.com.ar\/info\/descubriendo-el-increible-mundo-del-reino-fungi-en-el-parque-nacional-alerce-andino\/"},"author":{"name":"BRAIAN ESTEVEZ","@id":"https:\/\/patagoniambiental.com.ar\/info\/#\/schema\/person\/e5af09d700b2e82cb10c6b8800e0c691"},"headline":"DESCUBRIENDO EL INCRE\u00cdBLE MUNDO DEL REINO FUNGI EN EL PARQUE NACIONAL ALERCE ANDINO","datePublished":"2022-05-31T10:00:00+00:00","dateModified":"2022-06-01T01:06:21+00:00","mainEntityOfPage":{"@id":"https:\/\/patagoniambiental.com.ar\/info\/descubriendo-el-increible-mundo-del-reino-fungi-en-el-parque-nacional-alerce-andino\/"},"wordCount":494,"commentCount":0,"publisher":{"@id":"https:\/\/patagoniambiental.com.ar\/info\/#organization"},"image":{"@id":"https:\/\/patagoniambiental.com.ar\/info\/descubriendo-el-increible-mundo-del-reino-fungi-en-el-parque-nacional-alerce-andino\/#primaryimage"},"thumbnailUrl":"https:\/\/patagoniambiental.com.ar\/info\/wp-content\/uploads\/2022\/05\/f1.jpeg","articleSection":["Bolet\u00edn","Noticias","Patagonia","Rotador"],"inLanguage":"es","potentialAction":[{"@type":"CommentAction","name":"Comment","target":["https:\/\/patagoniambiental.com.ar\/info\/descubriendo-el-increible-mundo-del-reino-fungi-en-el-parque-nacional-alerce-andino\/#respond"]}]},{"@type":"WebPage","@id":"https:\/\/patagoniambiental.com.ar\/info\/descubriendo-el-increible-mundo-del-reino-fungi-en-el-parque-nacional-alerce-andino\/","url":"https:\/\/patagoniambiental.com.ar\/info\/descubriendo-el-increible-mundo-del-reino-fungi-en-el-parque-nacional-alerce-andino\/","name":"DESCUBRIENDO EL INCRE\u00cdBLE MUNDO DEL REINO FUNGI EN EL PARQUE NACIONAL ALERCE ANDINO","isPartOf":{"@id":"https:\/\/patagoniambiental.com.ar\/info\/#website"},"primaryImageOfPage":{"@id":"https:\/\/patagoniambiental.com.ar\/info\/descubriendo-el-increible-mundo-del-reino-fungi-en-el-parque-nacional-alerce-andino\/#primaryimage"},"image":{"@id":"https:\/\/patagoniambiental.com.ar\/info\/descubriendo-el-increible-mundo-del-reino-fungi-en-el-parque-nacional-alerce-andino\/#primaryimage"},"thumbnailUrl":"https:\/\/patagoniambiental.com.ar\/info\/wp-content\/uploads\/2022\/05\/f1.jpeg","datePublished":"2022-05-31T10:00:00+00:00","dateModified":"2022-06-01T01:06:21+00:00","breadcrumb":{"@id":"https:\/\/patagoniambiental.com.ar\/info\/descubriendo-el-increible-mundo-del-reino-fungi-en-el-parque-nacional-alerce-andino\/#breadcrumb"},"inLanguage":"es","potentialAction":[{"@type":"ReadAction","target":["https:\/\/patagoniambiental.com.ar\/info\/descubriendo-el-increible-mundo-del-reino-fungi-en-el-parque-nacional-alerce-andino\/"]}]},{"@type":"ImageObject","inLanguage":"es","@id":"https:\/\/patagoniambiental.com.ar\/info\/descubriendo-el-increible-mundo-del-reino-fungi-en-el-parque-nacional-alerce-andino\/#primaryimage","url":"https:\/\/patagoniambiental.com.ar\/info\/wp-content\/uploads\/2022\/05\/f1.jpeg","contentUrl":"https:\/\/patagoniambiental.com.ar\/info\/wp-content\/uploads\/2022\/05\/f1.jpeg","width":900,"height":601},{"@type":"BreadcrumbList","@id":"https:\/\/patagoniambiental.com.ar\/info\/descubriendo-el-increible-mundo-del-reino-fungi-en-el-parque-nacional-alerce-andino\/#breadcrumb","itemListElement":[{"@type":"ListItem","position":1,"name":"Inicio","item":"https:\/\/patagoniambiental.com.ar\/info\/"},{"@type":"ListItem","position":2,"name":"DESCUBRIENDO EL INCRE\u00cdBLE MUNDO DEL REINO FUNGI EN EL PARQUE NACIONAL ALERCE ANDINO"}]},{"@type":"WebSite","@id":"https:\/\/patagoniambiental.com.ar\/info\/#website","url":"https:\/\/patagoniambiental.com.ar\/info\/","name":"Patagonia Ambiental","description":"Monitoreo y an\u00e1lisis de la situaci\u00f3n geopol\u00edtica en el mundo y su implicancia en la Patagonia","publisher":{"@id":"https:\/\/patagoniambiental.com.ar\/info\/#organization"},"potentialAction":[{"@type":"SearchAction","target":{"@type":"EntryPoint","urlTemplate":"https:\/\/patagoniambiental.com.ar\/info\/?s={search_term_string}"},"query-input":{"@type":"PropertyValueSpecification","valueRequired":true,"valueName":"search_term_string"}}],"inLanguage":"es"},{"@type":"Organization","@id":"https:\/\/patagoniambiental.com.ar\/info\/#organization","name":"Patagonia Ambiental","url":"https:\/\/patagoniambiental.com.ar\/info\/","logo":{"@type":"ImageObject","inLanguage":"es","@id":"https:\/\/patagoniambiental.com.ar\/info\/#\/schema\/logo\/image\/","url":"https:\/\/patagoniambiental.com.ar\/info\/wp-content\/uploads\/2025\/05\/LOGO-PATAGONIA-AMBIENTAL.png","contentUrl":"https:\/\/patagoniambiental.com.ar\/info\/wp-content\/uploads\/2025\/05\/LOGO-PATAGONIA-AMBIENTAL.png","width":433,"height":250,"caption":"Patagonia Ambiental"},"image":{"@id":"https:\/\/patagoniambiental.com.ar\/info\/#\/schema\/logo\/image\/"},"sameAs":["https:\/\/www.facebook.com\/patagonia.ambiental","https:\/\/x.com\/PatAmb"]},{"@type":"Person","@id":"https:\/\/patagoniambiental.com.ar\/info\/#\/schema\/person\/e5af09d700b2e82cb10c6b8800e0c691","name":"BRAIAN ESTEVEZ","sameAs":["http:\/\/www.patagoniambiental.com.ar"]}]}},"_links":{"self":[{"href":"https:\/\/patagoniambiental.com.ar\/info\/wp-json\/wp\/v2\/posts\/75925","targetHints":{"allow":["GET"]}}],"collection":[{"href":"https:\/\/patagoniambiental.com.ar\/info\/wp-json\/wp\/v2\/posts"}],"about":[{"href":"https:\/\/patagoniambiental.com.ar\/info\/wp-json\/wp\/v2\/types\/post"}],"author":[{"embeddable":true,"href":"https:\/\/patagoniambiental.com.ar\/info\/wp-json\/wp\/v2\/users\/6"}],"replies":[{"embeddable":true,"href":"https:\/\/patagoniambiental.com.ar\/info\/wp-json\/wp\/v2\/comments?post=75925"}],"version-history":[{"count":0,"href":"https:\/\/patagoniambiental.com.ar\/info\/wp-json\/wp\/v2\/posts\/75925\/revisions"}],"wp:featuredmedia":[{"embeddable":true,"href":"https:\/\/patagoniambiental.com.ar\/info\/wp-json\/wp\/v2\/media\/75926"}],"wp:attachment":[{"href":"https:\/\/patagoniambiental.com.ar\/info\/wp-json\/wp\/v2\/media?parent=75925"}],"wp:term":[{"taxonomy":"category","embeddable":true,"href":"https:\/\/patagoniambiental.com.ar\/info\/wp-json\/wp\/v2\/categories?post=75925"},{"taxonomy":"post_tag","embeddable":true,"href":"https:\/\/patagoniambiental.com.ar\/info\/wp-json\/wp\/v2\/tags?post=75925"}],"curies":[{"name":"wp","href":"https:\/\/api.w.org\/{rel}","templated":true}]}}