{"id":75951,"date":"2022-06-08T19:00:00","date_gmt":"2022-06-08T22:00:00","guid":{"rendered":"http:\/\/patagoniambiental.com.ar\/info\/?p=75951"},"modified":"2022-06-08T20:50:09","modified_gmt":"2022-06-08T23:50:09","slug":"se-presento-el-sistema-de-recoleccion-de-residuos-contenerizado","status":"publish","type":"post","link":"https:\/\/patagoniambiental.com.ar\/info\/se-presento-el-sistema-de-recoleccion-de-residuos-contenerizado\/","title":{"rendered":"Se present\u00f3 el sistema de recolecci\u00f3n de residuos contenerizado"},"content":{"rendered":"\n<!--more-->\n\n\n\n<p>Viedma.-El intendente Pedro Pesatti presidi\u00f3 la presentaci\u00f3n de un nuevo componente del sistema de recolecci\u00f3n de residuos, con la utilizaci\u00f3n de contendores antivand\u00e1licos que se colocar\u00e1n en los denominados barrios FONAVI y en \u00e1reas comerciales cr\u00edticas del centro de la ciudad.<br>Los contenedores son de carga bilateral y tienen una capacidad de 3 mil litros de capacidad cada uno.<br>Para hacer m\u00e1s operativa la recolecci\u00f3n, la secretar\u00eda de Servicios, Espacio P\u00fablico y Ambiente del Municipio, adecu\u00f3 un cami\u00f3n con el fin de hacer efectivo el acopio de los residuos contenidos en los nuevos recipientes, y trasladarlos hasta el relleno sanitario.<br>Al respecto, el titular del \u00e1rea Gast\u00f3n Guti\u00e9rrez dijo que \u00abnos va a ayudar a corregir la situaci\u00f3n de los residuos, la higiene urbana y la salubridad de la comunidad en los barrios FONAVI y en el casco c\u00e9ntrico\u00bb.<br>\u00abEs la primera vez que en Viedma se utiliza un sistema de recolecci\u00f3n contenerizada\u00bb, destac\u00f3 Guti\u00e9rrez, y aclar\u00f3 que los contenedores que exist\u00edan de 1100 litros \u00abno representaban un sistema porque estaban distribuidos aleatoriamente y no de manera integral, adem\u00e1s eran f\u00e1cilmente trasladables y vandalizables, y no se complementaban con la obligatoriedad del cesto de residuos domiciliario aprobado por el Concejo Deliberante en 2021\u00bb.<br>\u00abAl existir esta obligatoriedad, las personas no van a tener que recorrer la ciudad para ubicar un cesto donde arrojar sus resididos, y estos contenedores van a abarcar la necesidad de los barrios FONAVI y el caso c\u00e9ntrico\u00bb, continu\u00f3 Guti\u00e9rrez, y agreg\u00f3: \u00abcada zona tiene su sistema particular entre los cestos domiciliarios obligatorios y los contenedores en aquellos lugares de mayor densidad habitacional por la propiedad horizontal\u00bb.<br>Por su parte, el intendente Peatti destac\u00f3 que \u00abse trata de un proceso que nosotros pusimos en marcha cuando nos fijamos el objetivo de convertir a Viedma en la ciudad m\u00e1s limpia de la Patagonia\u00bb.<br>\u00abHemos dado pasos importantes en lo estrat\u00e9gico y en las acciones cotidianas\u00bb, repas\u00f3 el intendente, y ejemplific\u00f3 con la \u00abpuesta en marcha del sistema de separaci\u00f3n y el relleno sanitario\u00bb.<br>\u00abTener una ciudad limpia implica, no solo la responsabilidad ineludible que el gobierno tiene de gestionar esos residuos, sino tambi\u00e9n las obligaciones personales de no ensuciar y de cuidar nuestro espacio, cerr\u00f3 el mandatario.<\/p>\n\n\n\n<p>Fuente: Municipalidad de Viedma <\/p>\n","protected":false},"excerpt":{"rendered":"","protected":false},"author":6,"featured_media":75952,"comment_status":"open","ping_status":"open","sticky":false,"template":"","format":"standard","meta":{"site-sidebar-layout":"default","site-content-layout":"","ast-site-content-layout":"default","site-content-style":"default","site-sidebar-style":"default","ast-global-header-display":"","ast-banner-title-visibility":"","ast-main-header-display":"","ast-hfb-above-header-display":"","ast-hfb-below-header-display":"","ast-hfb-mobile-header-display":"","site-post-title":"","ast-breadcrumbs-content":"","ast-featured-img":"","footer-sml-layout":"","ast-disable-related-posts":"","theme-transparent-header-meta":"","adv-header-id-meta":"","stick-header-meta":"","header-above-stick-meta":"","header-main-stick-meta":"","header-below-stick-meta":"","astra-migrate-meta-layouts":"default","ast-page-background-enabled":"default","ast-page-background-meta":{"desktop":{"background-color":"var(--ast-global-color-5)","background-image":"","background-repeat":"repeat","background-position":"center center","background-size":"auto","background-attachment":"scroll","background-type":"","background-media":"","overlay-type":"","overlay-color":"","overlay-opacity":"","overlay-gradient":""},"tablet":{"background-color":"","background-image":"","background-repeat":"repeat","background-position":"center center","background-size":"auto","background-attachment":"scroll","background-type":"","background-media":"","overlay-type":"","overlay-color":"","overlay-opacity":"","overlay-gradient":""},"mobile":{"background-color":"","background-image":"","background-repeat":"repeat","background-position":"center center","background-size":"auto","background-attachment":"scroll","background-type":"","background-media":"","overlay-type":"","overlay-color":"","overlay-opacity":"","overlay-gradient":""}},"ast-content-background-meta":{"desktop":{"background-color":"var(--ast-global-color-4)","background-image":"","background-repeat":"repeat","background-position":"center center","background-size":"auto","background-attachment":"scroll","background-type":"","background-media":"","overlay-type":"","overlay-color":"","overlay-opacity":"","overlay-gradient":""},"tablet":{"background-color":"var(--ast-global-color-4)","background-image":"","background-repeat":"repeat","background-position":"center center","background-size":"auto","background-attachment":"scroll","background-type":"","background-media":"","overlay-type":"","overlay-color":"","overlay-opacity":"","overlay-gradient":""},"mobile":{"background-color":"var(--ast-global-color-4)","background-image":"","background-repeat":"repeat","background-position":"center center","background-size":"auto","background-attachment":"scroll","background-type":"","background-media":"","overlay-type":"","overlay-color":"","overlay-opacity":"","overlay-gradient":""}},"footnotes":""},"categories":[11,3357,1,10],"tags":[],"class_list":["post-75951","post","type-post","status-publish","format-standard","has-post-thumbnail","hentry","category-boletin","category-girsu","category-noticias","category-rotador"],"yoast_head":"<!-- This site is optimized with the Yoast SEO Premium plugin v23.0 (Yoast SEO v27.4) - https:\/\/yoast.com\/product\/yoast-seo-premium-wordpress\/ -->\n<title>Se present\u00f3 el sistema de recolecci\u00f3n de residuos contenerizado<\/title>\n<meta name=\"robots\" content=\"index, follow, max-snippet:-1, max-image-preview:large, max-video-preview:-1\" \/>\n<link rel=\"canonical\" href=\"https:\/\/patagoniambiental.com.ar\/info\/se-presento-el-sistema-de-recoleccion-de-residuos-contenerizado\/\" \/>\n<meta property=\"og:locale\" content=\"es_ES\" \/>\n<meta property=\"og:type\" content=\"article\" \/>\n<meta property=\"og:title\" content=\"Se present\u00f3 el sistema de recolecci\u00f3n de residuos contenerizado\" \/>\n<meta property=\"og:url\" content=\"https:\/\/patagoniambiental.com.ar\/info\/se-presento-el-sistema-de-recoleccion-de-residuos-contenerizado\/\" \/>\n<meta property=\"og:site_name\" content=\"Patagonia Ambiental\" \/>\n<meta property=\"article:publisher\" content=\"https:\/\/www.facebook.com\/patagonia.ambiental\" \/>\n<meta property=\"article:published_time\" content=\"2022-06-08T22:00:00+00:00\" \/>\n<meta property=\"article:modified_time\" content=\"2022-06-08T23:50:09+00:00\" \/>\n<meta property=\"og:image\" content=\"https:\/\/patagoniambiental.com.ar\/info\/wp-content\/uploads\/2022\/06\/thumbnail_WhatsApp-Image-2022-06-08-at-2.46.37-PM.jpg\" \/>\n\t<meta property=\"og:image:width\" content=\"1440\" \/>\n\t<meta property=\"og:image:height\" content=\"960\" \/>\n\t<meta property=\"og:image:type\" content=\"image\/jpeg\" \/>\n<meta name=\"author\" content=\"BRAIAN ESTEVEZ\" \/>\n<meta name=\"twitter:card\" content=\"summary_large_image\" \/>\n<meta name=\"twitter:creator\" content=\"@PatAmb\" \/>\n<meta name=\"twitter:site\" content=\"@PatAmb\" \/>\n<script type=\"application\/ld+json\" class=\"yoast-schema-graph\">{\"@context\":\"https:\\\/\\\/schema.org\",\"@graph\":[{\"@type\":\"Article\",\"@id\":\"https:\\\/\\\/patagoniambiental.com.ar\\\/info\\\/se-presento-el-sistema-de-recoleccion-de-residuos-contenerizado\\\/#article\",\"isPartOf\":{\"@id\":\"https:\\\/\\\/patagoniambiental.com.ar\\\/info\\\/se-presento-el-sistema-de-recoleccion-de-residuos-contenerizado\\\/\"},\"author\":{\"name\":\"BRAIAN ESTEVEZ\",\"@id\":\"https:\\\/\\\/patagoniambiental.com.ar\\\/info\\\/#\\\/schema\\\/person\\\/e5af09d700b2e82cb10c6b8800e0c691\"},\"headline\":\"Se present\u00f3 el sistema de recolecci\u00f3n de residuos contenerizado\",\"datePublished\":\"2022-06-08T22:00:00+00:00\",\"dateModified\":\"2022-06-08T23:50:09+00:00\",\"mainEntityOfPage\":{\"@id\":\"https:\\\/\\\/patagoniambiental.com.ar\\\/info\\\/se-presento-el-sistema-de-recoleccion-de-residuos-contenerizado\\\/\"},\"wordCount\":407,\"commentCount\":0,\"publisher\":{\"@id\":\"https:\\\/\\\/patagoniambiental.com.ar\\\/info\\\/#organization\"},\"image\":{\"@id\":\"https:\\\/\\\/patagoniambiental.com.ar\\\/info\\\/se-presento-el-sistema-de-recoleccion-de-residuos-contenerizado\\\/#primaryimage\"},\"thumbnailUrl\":\"https:\\\/\\\/patagoniambiental.com.ar\\\/info\\\/wp-content\\\/uploads\\\/2022\\\/06\\\/thumbnail_WhatsApp-Image-2022-06-08-at-2.46.37-PM.jpg\",\"articleSection\":[\"Bolet\u00edn\",\"GIRSU\",\"Noticias\",\"Rotador\"],\"inLanguage\":\"es\",\"potentialAction\":[{\"@type\":\"CommentAction\",\"name\":\"Comment\",\"target\":[\"https:\\\/\\\/patagoniambiental.com.ar\\\/info\\\/se-presento-el-sistema-de-recoleccion-de-residuos-contenerizado\\\/#respond\"]}]},{\"@type\":\"WebPage\",\"@id\":\"https:\\\/\\\/patagoniambiental.com.ar\\\/info\\\/se-presento-el-sistema-de-recoleccion-de-residuos-contenerizado\\\/\",\"url\":\"https:\\\/\\\/patagoniambiental.com.ar\\\/info\\\/se-presento-el-sistema-de-recoleccion-de-residuos-contenerizado\\\/\",\"name\":\"Se present\u00f3 el sistema de recolecci\u00f3n de residuos contenerizado\",\"isPartOf\":{\"@id\":\"https:\\\/\\\/patagoniambiental.com.ar\\\/info\\\/#website\"},\"primaryImageOfPage\":{\"@id\":\"https:\\\/\\\/patagoniambiental.com.ar\\\/info\\\/se-presento-el-sistema-de-recoleccion-de-residuos-contenerizado\\\/#primaryimage\"},\"image\":{\"@id\":\"https:\\\/\\\/patagoniambiental.com.ar\\\/info\\\/se-presento-el-sistema-de-recoleccion-de-residuos-contenerizado\\\/#primaryimage\"},\"thumbnailUrl\":\"https:\\\/\\\/patagoniambiental.com.ar\\\/info\\\/wp-content\\\/uploads\\\/2022\\\/06\\\/thumbnail_WhatsApp-Image-2022-06-08-at-2.46.37-PM.jpg\",\"datePublished\":\"2022-06-08T22:00:00+00:00\",\"dateModified\":\"2022-06-08T23:50:09+00:00\",\"breadcrumb\":{\"@id\":\"https:\\\/\\\/patagoniambiental.com.ar\\\/info\\\/se-presento-el-sistema-de-recoleccion-de-residuos-contenerizado\\\/#breadcrumb\"},\"inLanguage\":\"es\",\"potentialAction\":[{\"@type\":\"ReadAction\",\"target\":[\"https:\\\/\\\/patagoniambiental.com.ar\\\/info\\\/se-presento-el-sistema-de-recoleccion-de-residuos-contenerizado\\\/\"]}]},{\"@type\":\"ImageObject\",\"inLanguage\":\"es\",\"@id\":\"https:\\\/\\\/patagoniambiental.com.ar\\\/info\\\/se-presento-el-sistema-de-recoleccion-de-residuos-contenerizado\\\/#primaryimage\",\"url\":\"https:\\\/\\\/patagoniambiental.com.ar\\\/info\\\/wp-content\\\/uploads\\\/2022\\\/06\\\/thumbnail_WhatsApp-Image-2022-06-08-at-2.46.37-PM.jpg\",\"contentUrl\":\"https:\\\/\\\/patagoniambiental.com.ar\\\/info\\\/wp-content\\\/uploads\\\/2022\\\/06\\\/thumbnail_WhatsApp-Image-2022-06-08-at-2.46.37-PM.jpg\",\"width\":900,\"height\":600},{\"@type\":\"BreadcrumbList\",\"@id\":\"https:\\\/\\\/patagoniambiental.com.ar\\\/info\\\/se-presento-el-sistema-de-recoleccion-de-residuos-contenerizado\\\/#breadcrumb\",\"itemListElement\":[{\"@type\":\"ListItem\",\"position\":1,\"name\":\"Inicio\",\"item\":\"https:\\\/\\\/patagoniambiental.com.ar\\\/info\\\/\"},{\"@type\":\"ListItem\",\"position\":2,\"name\":\"Se present\u00f3 el sistema de recolecci\u00f3n de residuos contenerizado\"}]},{\"@type\":\"WebSite\",\"@id\":\"https:\\\/\\\/patagoniambiental.com.ar\\\/info\\\/#website\",\"url\":\"https:\\\/\\\/patagoniambiental.com.ar\\\/info\\\/\",\"name\":\"Patagonia Ambiental\",\"description\":\"Monitoreo y an\u00e1lisis de la situaci\u00f3n geopol\u00edtica en el mundo y su implicancia en la Patagonia\",\"publisher\":{\"@id\":\"https:\\\/\\\/patagoniambiental.com.ar\\\/info\\\/#organization\"},\"potentialAction\":[{\"@type\":\"SearchAction\",\"target\":{\"@type\":\"EntryPoint\",\"urlTemplate\":\"https:\\\/\\\/patagoniambiental.com.ar\\\/info\\\/?s={search_term_string}\"},\"query-input\":{\"@type\":\"PropertyValueSpecification\",\"valueRequired\":true,\"valueName\":\"search_term_string\"}}],\"inLanguage\":\"es\"},{\"@type\":\"Organization\",\"@id\":\"https:\\\/\\\/patagoniambiental.com.ar\\\/info\\\/#organization\",\"name\":\"Patagonia Ambiental\",\"url\":\"https:\\\/\\\/patagoniambiental.com.ar\\\/info\\\/\",\"logo\":{\"@type\":\"ImageObject\",\"inLanguage\":\"es\",\"@id\":\"https:\\\/\\\/patagoniambiental.com.ar\\\/info\\\/#\\\/schema\\\/logo\\\/image\\\/\",\"url\":\"https:\\\/\\\/patagoniambiental.com.ar\\\/info\\\/wp-content\\\/uploads\\\/2025\\\/05\\\/LOGO-PATAGONIA-AMBIENTAL.png\",\"contentUrl\":\"https:\\\/\\\/patagoniambiental.com.ar\\\/info\\\/wp-content\\\/uploads\\\/2025\\\/05\\\/LOGO-PATAGONIA-AMBIENTAL.png\",\"width\":433,\"height\":250,\"caption\":\"Patagonia Ambiental\"},\"image\":{\"@id\":\"https:\\\/\\\/patagoniambiental.com.ar\\\/info\\\/#\\\/schema\\\/logo\\\/image\\\/\"},\"sameAs\":[\"https:\\\/\\\/www.facebook.com\\\/patagonia.ambiental\",\"https:\\\/\\\/x.com\\\/PatAmb\"]},{\"@type\":\"Person\",\"@id\":\"https:\\\/\\\/patagoniambiental.com.ar\\\/info\\\/#\\\/schema\\\/person\\\/e5af09d700b2e82cb10c6b8800e0c691\",\"name\":\"BRAIAN ESTEVEZ\",\"sameAs\":[\"http:\\\/\\\/www.patagoniambiental.com.ar\"]}]}<\/script>\n<!-- \/ Yoast SEO Premium plugin. -->","yoast_head_json":{"title":"Se present\u00f3 el sistema de recolecci\u00f3n de residuos contenerizado","robots":{"index":"index","follow":"follow","max-snippet":"max-snippet:-1","max-image-preview":"max-image-preview:large","max-video-preview":"max-video-preview:-1"},"canonical":"https:\/\/patagoniambiental.com.ar\/info\/se-presento-el-sistema-de-recoleccion-de-residuos-contenerizado\/","og_locale":"es_ES","og_type":"article","og_title":"Se present\u00f3 el sistema de recolecci\u00f3n de residuos contenerizado","og_url":"https:\/\/patagoniambiental.com.ar\/info\/se-presento-el-sistema-de-recoleccion-de-residuos-contenerizado\/","og_site_name":"Patagonia Ambiental","article_publisher":"https:\/\/www.facebook.com\/patagonia.ambiental","article_published_time":"2022-06-08T22:00:00+00:00","article_modified_time":"2022-06-08T23:50:09+00:00","og_image":[{"width":1440,"height":960,"url":"https:\/\/patagoniambiental.com.ar\/info\/wp-content\/uploads\/2022\/06\/thumbnail_WhatsApp-Image-2022-06-08-at-2.46.37-PM.jpg","type":"image\/jpeg"}],"author":"BRAIAN ESTEVEZ","twitter_card":"summary_large_image","twitter_creator":"@PatAmb","twitter_site":"@PatAmb","schema":{"@context":"https:\/\/schema.org","@graph":[{"@type":"Article","@id":"https:\/\/patagoniambiental.com.ar\/info\/se-presento-el-sistema-de-recoleccion-de-residuos-contenerizado\/#article","isPartOf":{"@id":"https:\/\/patagoniambiental.com.ar\/info\/se-presento-el-sistema-de-recoleccion-de-residuos-contenerizado\/"},"author":{"name":"BRAIAN ESTEVEZ","@id":"https:\/\/patagoniambiental.com.ar\/info\/#\/schema\/person\/e5af09d700b2e82cb10c6b8800e0c691"},"headline":"Se present\u00f3 el sistema de recolecci\u00f3n de residuos contenerizado","datePublished":"2022-06-08T22:00:00+00:00","dateModified":"2022-06-08T23:50:09+00:00","mainEntityOfPage":{"@id":"https:\/\/patagoniambiental.com.ar\/info\/se-presento-el-sistema-de-recoleccion-de-residuos-contenerizado\/"},"wordCount":407,"commentCount":0,"publisher":{"@id":"https:\/\/patagoniambiental.com.ar\/info\/#organization"},"image":{"@id":"https:\/\/patagoniambiental.com.ar\/info\/se-presento-el-sistema-de-recoleccion-de-residuos-contenerizado\/#primaryimage"},"thumbnailUrl":"https:\/\/patagoniambiental.com.ar\/info\/wp-content\/uploads\/2022\/06\/thumbnail_WhatsApp-Image-2022-06-08-at-2.46.37-PM.jpg","articleSection":["Bolet\u00edn","GIRSU","Noticias","Rotador"],"inLanguage":"es","potentialAction":[{"@type":"CommentAction","name":"Comment","target":["https:\/\/patagoniambiental.com.ar\/info\/se-presento-el-sistema-de-recoleccion-de-residuos-contenerizado\/#respond"]}]},{"@type":"WebPage","@id":"https:\/\/patagoniambiental.com.ar\/info\/se-presento-el-sistema-de-recoleccion-de-residuos-contenerizado\/","url":"https:\/\/patagoniambiental.com.ar\/info\/se-presento-el-sistema-de-recoleccion-de-residuos-contenerizado\/","name":"Se present\u00f3 el sistema de recolecci\u00f3n de residuos contenerizado","isPartOf":{"@id":"https:\/\/patagoniambiental.com.ar\/info\/#website"},"primaryImageOfPage":{"@id":"https:\/\/patagoniambiental.com.ar\/info\/se-presento-el-sistema-de-recoleccion-de-residuos-contenerizado\/#primaryimage"},"image":{"@id":"https:\/\/patagoniambiental.com.ar\/info\/se-presento-el-sistema-de-recoleccion-de-residuos-contenerizado\/#primaryimage"},"thumbnailUrl":"https:\/\/patagoniambiental.com.ar\/info\/wp-content\/uploads\/2022\/06\/thumbnail_WhatsApp-Image-2022-06-08-at-2.46.37-PM.jpg","datePublished":"2022-06-08T22:00:00+00:00","dateModified":"2022-06-08T23:50:09+00:00","breadcrumb":{"@id":"https:\/\/patagoniambiental.com.ar\/info\/se-presento-el-sistema-de-recoleccion-de-residuos-contenerizado\/#breadcrumb"},"inLanguage":"es","potentialAction":[{"@type":"ReadAction","target":["https:\/\/patagoniambiental.com.ar\/info\/se-presento-el-sistema-de-recoleccion-de-residuos-contenerizado\/"]}]},{"@type":"ImageObject","inLanguage":"es","@id":"https:\/\/patagoniambiental.com.ar\/info\/se-presento-el-sistema-de-recoleccion-de-residuos-contenerizado\/#primaryimage","url":"https:\/\/patagoniambiental.com.ar\/info\/wp-content\/uploads\/2022\/06\/thumbnail_WhatsApp-Image-2022-06-08-at-2.46.37-PM.jpg","contentUrl":"https:\/\/patagoniambiental.com.ar\/info\/wp-content\/uploads\/2022\/06\/thumbnail_WhatsApp-Image-2022-06-08-at-2.46.37-PM.jpg","width":900,"height":600},{"@type":"BreadcrumbList","@id":"https:\/\/patagoniambiental.com.ar\/info\/se-presento-el-sistema-de-recoleccion-de-residuos-contenerizado\/#breadcrumb","itemListElement":[{"@type":"ListItem","position":1,"name":"Inicio","item":"https:\/\/patagoniambiental.com.ar\/info\/"},{"@type":"ListItem","position":2,"name":"Se present\u00f3 el sistema de recolecci\u00f3n de residuos contenerizado"}]},{"@type":"WebSite","@id":"https:\/\/patagoniambiental.com.ar\/info\/#website","url":"https:\/\/patagoniambiental.com.ar\/info\/","name":"Patagonia Ambiental","description":"Monitoreo y an\u00e1lisis de la situaci\u00f3n geopol\u00edtica en el mundo y su implicancia en la Patagonia","publisher":{"@id":"https:\/\/patagoniambiental.com.ar\/info\/#organization"},"potentialAction":[{"@type":"SearchAction","target":{"@type":"EntryPoint","urlTemplate":"https:\/\/patagoniambiental.com.ar\/info\/?s={search_term_string}"},"query-input":{"@type":"PropertyValueSpecification","valueRequired":true,"valueName":"search_term_string"}}],"inLanguage":"es"},{"@type":"Organization","@id":"https:\/\/patagoniambiental.com.ar\/info\/#organization","name":"Patagonia Ambiental","url":"https:\/\/patagoniambiental.com.ar\/info\/","logo":{"@type":"ImageObject","inLanguage":"es","@id":"https:\/\/patagoniambiental.com.ar\/info\/#\/schema\/logo\/image\/","url":"https:\/\/patagoniambiental.com.ar\/info\/wp-content\/uploads\/2025\/05\/LOGO-PATAGONIA-AMBIENTAL.png","contentUrl":"https:\/\/patagoniambiental.com.ar\/info\/wp-content\/uploads\/2025\/05\/LOGO-PATAGONIA-AMBIENTAL.png","width":433,"height":250,"caption":"Patagonia Ambiental"},"image":{"@id":"https:\/\/patagoniambiental.com.ar\/info\/#\/schema\/logo\/image\/"},"sameAs":["https:\/\/www.facebook.com\/patagonia.ambiental","https:\/\/x.com\/PatAmb"]},{"@type":"Person","@id":"https:\/\/patagoniambiental.com.ar\/info\/#\/schema\/person\/e5af09d700b2e82cb10c6b8800e0c691","name":"BRAIAN ESTEVEZ","sameAs":["http:\/\/www.patagoniambiental.com.ar"]}]}},"_links":{"self":[{"href":"https:\/\/patagoniambiental.com.ar\/info\/wp-json\/wp\/v2\/posts\/75951","targetHints":{"allow":["GET"]}}],"collection":[{"href":"https:\/\/patagoniambiental.com.ar\/info\/wp-json\/wp\/v2\/posts"}],"about":[{"href":"https:\/\/patagoniambiental.com.ar\/info\/wp-json\/wp\/v2\/types\/post"}],"author":[{"embeddable":true,"href":"https:\/\/patagoniambiental.com.ar\/info\/wp-json\/wp\/v2\/users\/6"}],"replies":[{"embeddable":true,"href":"https:\/\/patagoniambiental.com.ar\/info\/wp-json\/wp\/v2\/comments?post=75951"}],"version-history":[{"count":0,"href":"https:\/\/patagoniambiental.com.ar\/info\/wp-json\/wp\/v2\/posts\/75951\/revisions"}],"wp:featuredmedia":[{"embeddable":true,"href":"https:\/\/patagoniambiental.com.ar\/info\/wp-json\/wp\/v2\/media\/75952"}],"wp:attachment":[{"href":"https:\/\/patagoniambiental.com.ar\/info\/wp-json\/wp\/v2\/media?parent=75951"}],"wp:term":[{"taxonomy":"category","embeddable":true,"href":"https:\/\/patagoniambiental.com.ar\/info\/wp-json\/wp\/v2\/categories?post=75951"},{"taxonomy":"post_tag","embeddable":true,"href":"https:\/\/patagoniambiental.com.ar\/info\/wp-json\/wp\/v2\/tags?post=75951"}],"curies":[{"name":"wp","href":"https:\/\/api.w.org\/{rel}","templated":true}]}}