{"id":75960,"date":"2022-06-09T20:28:12","date_gmt":"2022-06-09T23:28:12","guid":{"rendered":"http:\/\/patagoniambiental.com.ar\/info\/?p=75960"},"modified":"2022-06-09T20:28:13","modified_gmt":"2022-06-09T23:28:13","slug":"junto-a-la-unrn-se-creara-el-instituto-de-hidrogeno-verde-y-se-dictara-la-diplomatura","status":"publish","type":"post","link":"https:\/\/patagoniambiental.com.ar\/info\/junto-a-la-unrn-se-creara-el-instituto-de-hidrogeno-verde-y-se-dictara-la-diplomatura\/","title":{"rendered":"Junto a la UNRN se crear\u00e1 el Instituto de Hidr\u00f3geno Verde y se dictar\u00e1 la Diplomatura"},"content":{"rendered":"\n<!--more-->\n\n\n\n<h4 class=\"wp-block-heading\">La Gobernadora Arabela Carreras firm\u00f3 hoy junto al rector de la Universidad Nacional de R\u00edo Negro, Anselmo Torres, un convenio de cooperaci\u00f3n para la creaci\u00f3n el Instituto de Hidr\u00f3geno Verde en R\u00edo Negro y el dictado de la diplomatura universitaria sobre cambio clim\u00e1tico, transici\u00f3n energ\u00e9tica e hidr\u00f3geno verde, que se dictar\u00e1 en la Casa de Altos Estudios.<\/h4>\n\n\n\n<h6 class=\"wp-block-heading\">Fecha:&nbsp;<strong>9 de junio de 2022<\/strong><\/h6>\n\n\n\n<figure class=\"wp-block-image\"><img decoding=\"async\" src=\"https:\/\/rionegro.gov.ar\/_next\/image?url=https%3A%2F%2Fsilvercoder.rionegro.gov.ar%2Ffiles%2F1654801750_6824baf9069b6e625899.jpg&amp;w=3840&amp;q=75\" alt=\"\"\/><\/figure>\n\n\n\n<p>El Instituto de Hidr\u00f3geno Verde en R\u00edo Negro ya es una realidadCr\u00e9dito:&nbsp;Gobierno de R\u00edo Negro<\/p>\n\n\n\n<p>Acompa\u00f1aron la presentaci\u00f3n el vicegobernador, Alejandro Palmieri; el rector de la UNRN, Anselmo Torres; el secretario de Estado de Planificaci\u00f3n, Daniel Sanguinetti, y el director de la Licenciatura en Ciencias del Ambiente, Patricio Solimano.<\/p>\n\n\n\n<p>\u201cEsta pol\u00edtica de largo plazo se tiene que sostener en el tiempo, y conf\u00edo en los gremios para que se a\u00fanan a proyectos comunes entre el sector del trabajo y del conocimiento. Por eso tenemos que transversalizar el debate porque hay que incorporar factores sociales y econ\u00f3micos para que realmente cuando encontremos una oportunidad, podamos tomarla para tener un mundo mejor y nos debe tener a todos dentro\u201d, enfatiz\u00f3 Carreras.<\/p>\n\n\n\n<figure class=\"wp-block-embed is-type-rich is-provider-gestor-del-servicio wp-block-embed-gestor-del-servicio wp-embed-aspect-16-9 wp-has-aspect-ratio\"><div class=\"wp-block-embed__wrapper\">\n<iframe title=\"Junto a la UNRN se crear\u00e1 el Instituto de Hidr\u00f3geno Verde y se dictar\u00e1 la Diplomatura\" width=\"500\" height=\"281\" src=\"https:\/\/www.youtube.com\/embed\/sNXAAVdCmN0?feature=oembed\" frameborder=\"0\" allow=\"accelerometer; autoplay; clipboard-write; encrypted-media; gyroscope; picture-in-picture; web-share\" referrerpolicy=\"strict-origin-when-cross-origin\" allowfullscreen><\/iframe>\n<\/div><\/figure>\n\n\n\n<p>En este marco, y sobre la Ley de Hidr\u00f3geno Verde, destac\u00f3: \u201cR\u00edo Negro ya culmin\u00f3 todas sus tareas para lograr esta gran inversi\u00f3n en hidr\u00f3geno verde y ahora viene la etapa de los diputados y senadores que ser\u00e1n quienes debatan las reglas de juego; hay muchas provincias involucradas, lo hemos hablado con el senador Alberto Weretilneck y con (Mart\u00edn) Do\u00f1ate, es decir que hay que trabajar entre todas las fuerzas pol\u00edticas para lograr la mejor ley que requiere el hidr\u00f3geno para poder desarrollarse en el tiempo\u201d.<\/p>\n\n\n\n<figure class=\"wp-block-image\"><img decoding=\"async\" src=\"https:\/\/silvercoder.rionegro.gov.ar\/files\/1654801777_a19d941563d80c9c45a8.jpg\" alt=\"\"\/><\/figure>\n\n\n\n<p>Sanguinetti tambi\u00e9n resalt\u00f3 la importancia de este proyecto: \u201cEs un gran logro y la Gobernadora lo dijo desde un principio, los que nos tienen que asesorar son los especialistas, por eso buscamos el apoyo de los cient\u00edficos a trav\u00e9s de la mesa provincial de hidr\u00f3geno verde y ahora estamos creando este instituto con la UNRN\u201d.<\/p>\n\n\n\n<figure class=\"wp-block-embed\"><div class=\"wp-block-embed__wrapper\">\nhttps:\/\/w.soundcloud.com\/player\/?url=https:\/\/soundcloud.com\/comunicacionrn\/arabela-carreras-hidrogeno-verde-se-creara-un-instituto-y-la-unrn-dictara-la-diplomatura\n<\/div><\/figure>\n\n\n\n<p>Sobre la creaci\u00f3n del Instituto, Torres resalt\u00f3 que \u201cla transformaci\u00f3n y el cambio de la matriz energ\u00e9tica es importante para el futuro, por eso la formaci\u00f3n de un instituto nos parece clave, y tanto la Provincia como la Universidad estamos a abiertos a incorporar toda instituci\u00f3n que trabaje produciendo conocimiento en torno a esta tem\u00e1tica. Creemos que este instituto puede ser uno de los mejores de la Argentina y ojala llegue a ser el mejor en Latinoam\u00e9rica y el mundo. As\u00ed que hoy estamos constituyendo las bases para que esto se pueda realizar\u201d.<\/p>\n\n\n\n<figure class=\"wp-block-image\"><img decoding=\"async\" src=\"https:\/\/silvercoder.rionegro.gov.ar\/files\/1654801816_587d26085198b2349304.jpg\" alt=\"\"\/><\/figure>\n\n\n\n<p>Ambas propuestas en enmarcan en el fortalecimiento de pol\u00edticas p\u00fablicas enfocadas a fomentar el desarrollo tecnol\u00f3gico que lleva adelante la provincia, a partir del proyecto de producci\u00f3n y desarrollo de hidr\u00f3geno verde en R\u00edo Negro, con la instalaci\u00f3n de una planta en Sierra Grande.<br>En esta l\u00ednea, el instituto tendr\u00e1 por objetivo la formaci\u00f3n de recursos, la comunicaci\u00f3n, la planificaci\u00f3n y puesta en marcha de una carrera sobre la tem\u00e1tica, dando la oportunidad de generar futuros puestos de trabajo, para las y los rionegrinos.<\/p>\n\n\n\n<figure class=\"wp-block-embed\"><div class=\"wp-block-embed__wrapper\">\nhttps:\/\/w.soundcloud.com\/player\/?url=https:\/\/soundcloud.com\/comunicacionrn\/daniel-sanguinetti-hidrogeno-verde-se-creara-un-instituto-y-la-unrn-dictara-la-diplomatura\n<\/div><\/figure>\n\n\n\n<p>En tanto, la diplomatura estar\u00e1 dirigida a quienes desee conocer m\u00e1s en profundidad la problem\u00e1tica de la energ\u00eda, el desarrollo y en particular el Hidr\u00f3geno Verde, tanto desde un punto de vista t\u00e9cnico y estrat\u00e9gico.<br>Se estipula que comenzar\u00e1 en el mes de agosto, y contar\u00e1 con un prestigioso cuerpo docente.<\/p>\n\n\n\n<figure class=\"wp-block-embed\"><div class=\"wp-block-embed__wrapper\">\nhttps:\/\/w.soundcloud.com\/player\/?url=https:\/\/soundcloud.com\/comunicacionrn\/anselmo-torres-hidrogeno-verde-se-creara-un-instituto-y-la-unrn-dictara-la-diplomatura\n<\/div><\/figure>\n\n\n\n<p>Acompa\u00f1aron el intendente de Sierra Grande, Renzo Tamburrini; los ministros de Econom\u00eda, Luis Vaisberg; de Obras y Servicios P\u00fablicos, Carlos Valeri; de Educaci\u00f3n y Derechos Humanos, Pablo Nu\u00f1ez; y de Trabajo, Jorge Stopiello; el secretario de Estado de Cultura, Ariel Avalos; la secretaria de Desarrollo Estrat\u00e9gico, Mercedes Ibero; los legisladores Facundo L\u00f3pez y Marcelo Szczygol y la legisladora Nancy Andaloro.<br>Asimismo, estuvieron presentes por Zoom, el prestigioso cient\u00edfico en investigaci\u00f3n y desarrollo del hidr\u00f3geno verde Juan Carlos Bolsich junto a docentes, integrantes de fundaciones y asociaciones tecnol\u00f3gicas de la provincia y representantes de la Asociaci\u00f3n Argentina de Hidr\u00f3geno Verde.<\/p>\n\n\n\n<p>Fuente: Gobierno de Rio Negro <\/p>\n","protected":false},"excerpt":{"rendered":"","protected":false},"author":6,"featured_media":75962,"comment_status":"open","ping_status":"open","sticky":false,"template":"","format":"standard","meta":{"site-sidebar-layout":"default","site-content-layout":"","ast-site-content-layout":"default","site-content-style":"default","site-sidebar-style":"default","ast-global-header-display":"","ast-banner-title-visibility":"","ast-main-header-display":"","ast-hfb-above-header-display":"","ast-hfb-below-header-display":"","ast-hfb-mobile-header-display":"","site-post-title":"","ast-breadcrumbs-content":"","ast-featured-img":"","footer-sml-layout":"","ast-disable-related-posts":"","theme-transparent-header-meta":"","adv-header-id-meta":"","stick-header-meta":"","header-above-stick-meta":"","header-main-stick-meta":"","header-below-stick-meta":"","astra-migrate-meta-layouts":"default","ast-page-background-enabled":"default","ast-page-background-meta":{"desktop":{"background-color":"var(--ast-global-color-5)","background-image":"","background-repeat":"repeat","background-position":"center center","background-size":"auto","background-attachment":"scroll","background-type":"","background-media":"","overlay-type":"","overlay-color":"","overlay-opacity":"","overlay-gradient":""},"tablet":{"background-color":"","background-image":"","background-repeat":"repeat","background-position":"center center","background-size":"auto","background-attachment":"scroll","background-type":"","background-media":"","overlay-type":"","overlay-color":"","overlay-opacity":"","overlay-gradient":""},"mobile":{"background-color":"","background-image":"","background-repeat":"repeat","background-position":"center center","background-size":"auto","background-attachment":"scroll","background-type":"","background-media":"","overlay-type":"","overlay-color":"","overlay-opacity":"","overlay-gradient":""}},"ast-content-background-meta":{"desktop":{"background-color":"var(--ast-global-color-4)","background-image":"","background-repeat":"repeat","background-position":"center center","background-size":"auto","background-attachment":"scroll","background-type":"","background-media":"","overlay-type":"","overlay-color":"","overlay-opacity":"","overlay-gradient":""},"tablet":{"background-color":"var(--ast-global-color-4)","background-image":"","background-repeat":"repeat","background-position":"center center","background-size":"auto","background-attachment":"scroll","background-type":"","background-media":"","overlay-type":"","overlay-color":"","overlay-opacity":"","overlay-gradient":""},"mobile":{"background-color":"var(--ast-global-color-4)","background-image":"","background-repeat":"repeat","background-position":"center center","background-size":"auto","background-attachment":"scroll","background-type":"","background-media":"","overlay-type":"","overlay-color":"","overlay-opacity":"","overlay-gradient":""}},"footnotes":""},"categories":[11,1,13,14,10],"tags":[],"class_list":["post-75960","post","type-post","status-publish","format-standard","has-post-thumbnail","hentry","category-boletin","category-noticias","category-provinciales","category-rio-negro","category-rotador"],"yoast_head":"<!-- This site is optimized with the Yoast SEO Premium plugin v23.0 (Yoast SEO v27.5) - https:\/\/yoast.com\/product\/yoast-seo-premium-wordpress\/ -->\n<title>Junto a la UNRN se crear\u00e1 el Instituto de Hidr\u00f3geno Verde y se dictar\u00e1 la Diplomatura<\/title>\n<meta name=\"robots\" content=\"index, follow, max-snippet:-1, max-image-preview:large, max-video-preview:-1\" \/>\n<link rel=\"canonical\" href=\"https:\/\/patagoniambiental.com.ar\/info\/junto-a-la-unrn-se-creara-el-instituto-de-hidrogeno-verde-y-se-dictara-la-diplomatura\/\" \/>\n<meta property=\"og:locale\" content=\"es_ES\" \/>\n<meta property=\"og:type\" content=\"article\" \/>\n<meta property=\"og:title\" content=\"Junto a la UNRN se crear\u00e1 el Instituto de Hidr\u00f3geno Verde y se dictar\u00e1 la Diplomatura\" \/>\n<meta property=\"og:url\" content=\"https:\/\/patagoniambiental.com.ar\/info\/junto-a-la-unrn-se-creara-el-instituto-de-hidrogeno-verde-y-se-dictara-la-diplomatura\/\" \/>\n<meta property=\"og:site_name\" content=\"Patagonia Ambiental\" \/>\n<meta property=\"article:publisher\" content=\"https:\/\/www.facebook.com\/patagonia.ambiental\" \/>\n<meta property=\"article:published_time\" content=\"2022-06-09T23:28:12+00:00\" \/>\n<meta property=\"article:modified_time\" content=\"2022-06-09T23:28:13+00:00\" \/>\n<meta property=\"og:image\" content=\"https:\/\/patagoniambiental.com.ar\/info\/wp-content\/uploads\/2022\/06\/Sin-titulo.jpg\" \/>\n\t<meta property=\"og:image:width\" content=\"986\" \/>\n\t<meta property=\"og:image:height\" content=\"522\" \/>\n\t<meta property=\"og:image:type\" content=\"image\/jpeg\" \/>\n<meta name=\"author\" content=\"BRAIAN ESTEVEZ\" \/>\n<meta name=\"twitter:card\" content=\"summary_large_image\" \/>\n<meta name=\"twitter:creator\" content=\"@PatAmb\" \/>\n<meta name=\"twitter:site\" content=\"@PatAmb\" \/>\n<script type=\"application\/ld+json\" class=\"yoast-schema-graph\">{\"@context\":\"https:\\\/\\\/schema.org\",\"@graph\":[{\"@type\":\"Article\",\"@id\":\"https:\\\/\\\/patagoniambiental.com.ar\\\/info\\\/junto-a-la-unrn-se-creara-el-instituto-de-hidrogeno-verde-y-se-dictara-la-diplomatura\\\/#article\",\"isPartOf\":{\"@id\":\"https:\\\/\\\/patagoniambiental.com.ar\\\/info\\\/junto-a-la-unrn-se-creara-el-instituto-de-hidrogeno-verde-y-se-dictara-la-diplomatura\\\/\"},\"author\":{\"name\":\"BRAIAN ESTEVEZ\",\"@id\":\"https:\\\/\\\/patagoniambiental.com.ar\\\/info\\\/#\\\/schema\\\/person\\\/e5af09d700b2e82cb10c6b8800e0c691\"},\"headline\":\"Junto a la UNRN se crear\u00e1 el Instituto de Hidr\u00f3geno Verde y se dictar\u00e1 la Diplomatura\",\"datePublished\":\"2022-06-09T23:28:12+00:00\",\"dateModified\":\"2022-06-09T23:28:13+00:00\",\"mainEntityOfPage\":{\"@id\":\"https:\\\/\\\/patagoniambiental.com.ar\\\/info\\\/junto-a-la-unrn-se-creara-el-instituto-de-hidrogeno-verde-y-se-dictara-la-diplomatura\\\/\"},\"wordCount\":783,\"commentCount\":0,\"publisher\":{\"@id\":\"https:\\\/\\\/patagoniambiental.com.ar\\\/info\\\/#organization\"},\"image\":{\"@id\":\"https:\\\/\\\/patagoniambiental.com.ar\\\/info\\\/junto-a-la-unrn-se-creara-el-instituto-de-hidrogeno-verde-y-se-dictara-la-diplomatura\\\/#primaryimage\"},\"thumbnailUrl\":\"https:\\\/\\\/patagoniambiental.com.ar\\\/info\\\/wp-content\\\/uploads\\\/2022\\\/06\\\/Sin-titulo.jpg\",\"articleSection\":[\"Bolet\u00edn\",\"Noticias\",\"Provinciales\",\"R\u00edo Negro\",\"Rotador\"],\"inLanguage\":\"es\",\"potentialAction\":[{\"@type\":\"CommentAction\",\"name\":\"Comment\",\"target\":[\"https:\\\/\\\/patagoniambiental.com.ar\\\/info\\\/junto-a-la-unrn-se-creara-el-instituto-de-hidrogeno-verde-y-se-dictara-la-diplomatura\\\/#respond\"]}]},{\"@type\":\"WebPage\",\"@id\":\"https:\\\/\\\/patagoniambiental.com.ar\\\/info\\\/junto-a-la-unrn-se-creara-el-instituto-de-hidrogeno-verde-y-se-dictara-la-diplomatura\\\/\",\"url\":\"https:\\\/\\\/patagoniambiental.com.ar\\\/info\\\/junto-a-la-unrn-se-creara-el-instituto-de-hidrogeno-verde-y-se-dictara-la-diplomatura\\\/\",\"name\":\"Junto a la UNRN se crear\u00e1 el Instituto de Hidr\u00f3geno Verde y se dictar\u00e1 la Diplomatura\",\"isPartOf\":{\"@id\":\"https:\\\/\\\/patagoniambiental.com.ar\\\/info\\\/#website\"},\"primaryImageOfPage\":{\"@id\":\"https:\\\/\\\/patagoniambiental.com.ar\\\/info\\\/junto-a-la-unrn-se-creara-el-instituto-de-hidrogeno-verde-y-se-dictara-la-diplomatura\\\/#primaryimage\"},\"image\":{\"@id\":\"https:\\\/\\\/patagoniambiental.com.ar\\\/info\\\/junto-a-la-unrn-se-creara-el-instituto-de-hidrogeno-verde-y-se-dictara-la-diplomatura\\\/#primaryimage\"},\"thumbnailUrl\":\"https:\\\/\\\/patagoniambiental.com.ar\\\/info\\\/wp-content\\\/uploads\\\/2022\\\/06\\\/Sin-titulo.jpg\",\"datePublished\":\"2022-06-09T23:28:12+00:00\",\"dateModified\":\"2022-06-09T23:28:13+00:00\",\"breadcrumb\":{\"@id\":\"https:\\\/\\\/patagoniambiental.com.ar\\\/info\\\/junto-a-la-unrn-se-creara-el-instituto-de-hidrogeno-verde-y-se-dictara-la-diplomatura\\\/#breadcrumb\"},\"inLanguage\":\"es\",\"potentialAction\":[{\"@type\":\"ReadAction\",\"target\":[\"https:\\\/\\\/patagoniambiental.com.ar\\\/info\\\/junto-a-la-unrn-se-creara-el-instituto-de-hidrogeno-verde-y-se-dictara-la-diplomatura\\\/\"]}]},{\"@type\":\"ImageObject\",\"inLanguage\":\"es\",\"@id\":\"https:\\\/\\\/patagoniambiental.com.ar\\\/info\\\/junto-a-la-unrn-se-creara-el-instituto-de-hidrogeno-verde-y-se-dictara-la-diplomatura\\\/#primaryimage\",\"url\":\"https:\\\/\\\/patagoniambiental.com.ar\\\/info\\\/wp-content\\\/uploads\\\/2022\\\/06\\\/Sin-titulo.jpg\",\"contentUrl\":\"https:\\\/\\\/patagoniambiental.com.ar\\\/info\\\/wp-content\\\/uploads\\\/2022\\\/06\\\/Sin-titulo.jpg\",\"width\":986,\"height\":522},{\"@type\":\"BreadcrumbList\",\"@id\":\"https:\\\/\\\/patagoniambiental.com.ar\\\/info\\\/junto-a-la-unrn-se-creara-el-instituto-de-hidrogeno-verde-y-se-dictara-la-diplomatura\\\/#breadcrumb\",\"itemListElement\":[{\"@type\":\"ListItem\",\"position\":1,\"name\":\"Inicio\",\"item\":\"https:\\\/\\\/patagoniambiental.com.ar\\\/info\\\/\"},{\"@type\":\"ListItem\",\"position\":2,\"name\":\"Junto a la UNRN se crear\u00e1 el Instituto de Hidr\u00f3geno Verde y se dictar\u00e1 la Diplomatura\"}]},{\"@type\":\"WebSite\",\"@id\":\"https:\\\/\\\/patagoniambiental.com.ar\\\/info\\\/#website\",\"url\":\"https:\\\/\\\/patagoniambiental.com.ar\\\/info\\\/\",\"name\":\"Patagonia Ambiental\",\"description\":\"Monitoreo y an\u00e1lisis de la situaci\u00f3n geopol\u00edtica en el mundo y su implicancia en la Patagonia\",\"publisher\":{\"@id\":\"https:\\\/\\\/patagoniambiental.com.ar\\\/info\\\/#organization\"},\"potentialAction\":[{\"@type\":\"SearchAction\",\"target\":{\"@type\":\"EntryPoint\",\"urlTemplate\":\"https:\\\/\\\/patagoniambiental.com.ar\\\/info\\\/?s={search_term_string}\"},\"query-input\":{\"@type\":\"PropertyValueSpecification\",\"valueRequired\":true,\"valueName\":\"search_term_string\"}}],\"inLanguage\":\"es\"},{\"@type\":\"Organization\",\"@id\":\"https:\\\/\\\/patagoniambiental.com.ar\\\/info\\\/#organization\",\"name\":\"Patagonia Ambiental\",\"url\":\"https:\\\/\\\/patagoniambiental.com.ar\\\/info\\\/\",\"logo\":{\"@type\":\"ImageObject\",\"inLanguage\":\"es\",\"@id\":\"https:\\\/\\\/patagoniambiental.com.ar\\\/info\\\/#\\\/schema\\\/logo\\\/image\\\/\",\"url\":\"https:\\\/\\\/patagoniambiental.com.ar\\\/info\\\/wp-content\\\/uploads\\\/2025\\\/05\\\/LOGO-PATAGONIA-AMBIENTAL.png\",\"contentUrl\":\"https:\\\/\\\/patagoniambiental.com.ar\\\/info\\\/wp-content\\\/uploads\\\/2025\\\/05\\\/LOGO-PATAGONIA-AMBIENTAL.png\",\"width\":433,\"height\":250,\"caption\":\"Patagonia Ambiental\"},\"image\":{\"@id\":\"https:\\\/\\\/patagoniambiental.com.ar\\\/info\\\/#\\\/schema\\\/logo\\\/image\\\/\"},\"sameAs\":[\"https:\\\/\\\/www.facebook.com\\\/patagonia.ambiental\",\"https:\\\/\\\/x.com\\\/PatAmb\"]},{\"@type\":\"Person\",\"@id\":\"https:\\\/\\\/patagoniambiental.com.ar\\\/info\\\/#\\\/schema\\\/person\\\/e5af09d700b2e82cb10c6b8800e0c691\",\"name\":\"BRAIAN ESTEVEZ\",\"sameAs\":[\"http:\\\/\\\/www.patagoniambiental.com.ar\"]}]}<\/script>\n<!-- \/ Yoast SEO Premium plugin. -->","yoast_head_json":{"title":"Junto a la UNRN se crear\u00e1 el Instituto de Hidr\u00f3geno Verde y se dictar\u00e1 la Diplomatura","robots":{"index":"index","follow":"follow","max-snippet":"max-snippet:-1","max-image-preview":"max-image-preview:large","max-video-preview":"max-video-preview:-1"},"canonical":"https:\/\/patagoniambiental.com.ar\/info\/junto-a-la-unrn-se-creara-el-instituto-de-hidrogeno-verde-y-se-dictara-la-diplomatura\/","og_locale":"es_ES","og_type":"article","og_title":"Junto a la UNRN se crear\u00e1 el Instituto de Hidr\u00f3geno Verde y se dictar\u00e1 la Diplomatura","og_url":"https:\/\/patagoniambiental.com.ar\/info\/junto-a-la-unrn-se-creara-el-instituto-de-hidrogeno-verde-y-se-dictara-la-diplomatura\/","og_site_name":"Patagonia Ambiental","article_publisher":"https:\/\/www.facebook.com\/patagonia.ambiental","article_published_time":"2022-06-09T23:28:12+00:00","article_modified_time":"2022-06-09T23:28:13+00:00","og_image":[{"width":986,"height":522,"url":"https:\/\/patagoniambiental.com.ar\/info\/wp-content\/uploads\/2022\/06\/Sin-titulo.jpg","type":"image\/jpeg"}],"author":"BRAIAN ESTEVEZ","twitter_card":"summary_large_image","twitter_creator":"@PatAmb","twitter_site":"@PatAmb","schema":{"@context":"https:\/\/schema.org","@graph":[{"@type":"Article","@id":"https:\/\/patagoniambiental.com.ar\/info\/junto-a-la-unrn-se-creara-el-instituto-de-hidrogeno-verde-y-se-dictara-la-diplomatura\/#article","isPartOf":{"@id":"https:\/\/patagoniambiental.com.ar\/info\/junto-a-la-unrn-se-creara-el-instituto-de-hidrogeno-verde-y-se-dictara-la-diplomatura\/"},"author":{"name":"BRAIAN ESTEVEZ","@id":"https:\/\/patagoniambiental.com.ar\/info\/#\/schema\/person\/e5af09d700b2e82cb10c6b8800e0c691"},"headline":"Junto a la UNRN se crear\u00e1 el Instituto de Hidr\u00f3geno Verde y se dictar\u00e1 la Diplomatura","datePublished":"2022-06-09T23:28:12+00:00","dateModified":"2022-06-09T23:28:13+00:00","mainEntityOfPage":{"@id":"https:\/\/patagoniambiental.com.ar\/info\/junto-a-la-unrn-se-creara-el-instituto-de-hidrogeno-verde-y-se-dictara-la-diplomatura\/"},"wordCount":783,"commentCount":0,"publisher":{"@id":"https:\/\/patagoniambiental.com.ar\/info\/#organization"},"image":{"@id":"https:\/\/patagoniambiental.com.ar\/info\/junto-a-la-unrn-se-creara-el-instituto-de-hidrogeno-verde-y-se-dictara-la-diplomatura\/#primaryimage"},"thumbnailUrl":"https:\/\/patagoniambiental.com.ar\/info\/wp-content\/uploads\/2022\/06\/Sin-titulo.jpg","articleSection":["Bolet\u00edn","Noticias","Provinciales","R\u00edo Negro","Rotador"],"inLanguage":"es","potentialAction":[{"@type":"CommentAction","name":"Comment","target":["https:\/\/patagoniambiental.com.ar\/info\/junto-a-la-unrn-se-creara-el-instituto-de-hidrogeno-verde-y-se-dictara-la-diplomatura\/#respond"]}]},{"@type":"WebPage","@id":"https:\/\/patagoniambiental.com.ar\/info\/junto-a-la-unrn-se-creara-el-instituto-de-hidrogeno-verde-y-se-dictara-la-diplomatura\/","url":"https:\/\/patagoniambiental.com.ar\/info\/junto-a-la-unrn-se-creara-el-instituto-de-hidrogeno-verde-y-se-dictara-la-diplomatura\/","name":"Junto a la UNRN se crear\u00e1 el Instituto de Hidr\u00f3geno Verde y se dictar\u00e1 la Diplomatura","isPartOf":{"@id":"https:\/\/patagoniambiental.com.ar\/info\/#website"},"primaryImageOfPage":{"@id":"https:\/\/patagoniambiental.com.ar\/info\/junto-a-la-unrn-se-creara-el-instituto-de-hidrogeno-verde-y-se-dictara-la-diplomatura\/#primaryimage"},"image":{"@id":"https:\/\/patagoniambiental.com.ar\/info\/junto-a-la-unrn-se-creara-el-instituto-de-hidrogeno-verde-y-se-dictara-la-diplomatura\/#primaryimage"},"thumbnailUrl":"https:\/\/patagoniambiental.com.ar\/info\/wp-content\/uploads\/2022\/06\/Sin-titulo.jpg","datePublished":"2022-06-09T23:28:12+00:00","dateModified":"2022-06-09T23:28:13+00:00","breadcrumb":{"@id":"https:\/\/patagoniambiental.com.ar\/info\/junto-a-la-unrn-se-creara-el-instituto-de-hidrogeno-verde-y-se-dictara-la-diplomatura\/#breadcrumb"},"inLanguage":"es","potentialAction":[{"@type":"ReadAction","target":["https:\/\/patagoniambiental.com.ar\/info\/junto-a-la-unrn-se-creara-el-instituto-de-hidrogeno-verde-y-se-dictara-la-diplomatura\/"]}]},{"@type":"ImageObject","inLanguage":"es","@id":"https:\/\/patagoniambiental.com.ar\/info\/junto-a-la-unrn-se-creara-el-instituto-de-hidrogeno-verde-y-se-dictara-la-diplomatura\/#primaryimage","url":"https:\/\/patagoniambiental.com.ar\/info\/wp-content\/uploads\/2022\/06\/Sin-titulo.jpg","contentUrl":"https:\/\/patagoniambiental.com.ar\/info\/wp-content\/uploads\/2022\/06\/Sin-titulo.jpg","width":986,"height":522},{"@type":"BreadcrumbList","@id":"https:\/\/patagoniambiental.com.ar\/info\/junto-a-la-unrn-se-creara-el-instituto-de-hidrogeno-verde-y-se-dictara-la-diplomatura\/#breadcrumb","itemListElement":[{"@type":"ListItem","position":1,"name":"Inicio","item":"https:\/\/patagoniambiental.com.ar\/info\/"},{"@type":"ListItem","position":2,"name":"Junto a la UNRN se crear\u00e1 el Instituto de Hidr\u00f3geno Verde y se dictar\u00e1 la Diplomatura"}]},{"@type":"WebSite","@id":"https:\/\/patagoniambiental.com.ar\/info\/#website","url":"https:\/\/patagoniambiental.com.ar\/info\/","name":"Patagonia Ambiental","description":"Monitoreo y an\u00e1lisis de la situaci\u00f3n geopol\u00edtica en el mundo y su implicancia en la Patagonia","publisher":{"@id":"https:\/\/patagoniambiental.com.ar\/info\/#organization"},"potentialAction":[{"@type":"SearchAction","target":{"@type":"EntryPoint","urlTemplate":"https:\/\/patagoniambiental.com.ar\/info\/?s={search_term_string}"},"query-input":{"@type":"PropertyValueSpecification","valueRequired":true,"valueName":"search_term_string"}}],"inLanguage":"es"},{"@type":"Organization","@id":"https:\/\/patagoniambiental.com.ar\/info\/#organization","name":"Patagonia Ambiental","url":"https:\/\/patagoniambiental.com.ar\/info\/","logo":{"@type":"ImageObject","inLanguage":"es","@id":"https:\/\/patagoniambiental.com.ar\/info\/#\/schema\/logo\/image\/","url":"https:\/\/patagoniambiental.com.ar\/info\/wp-content\/uploads\/2025\/05\/LOGO-PATAGONIA-AMBIENTAL.png","contentUrl":"https:\/\/patagoniambiental.com.ar\/info\/wp-content\/uploads\/2025\/05\/LOGO-PATAGONIA-AMBIENTAL.png","width":433,"height":250,"caption":"Patagonia Ambiental"},"image":{"@id":"https:\/\/patagoniambiental.com.ar\/info\/#\/schema\/logo\/image\/"},"sameAs":["https:\/\/www.facebook.com\/patagonia.ambiental","https:\/\/x.com\/PatAmb"]},{"@type":"Person","@id":"https:\/\/patagoniambiental.com.ar\/info\/#\/schema\/person\/e5af09d700b2e82cb10c6b8800e0c691","name":"BRAIAN ESTEVEZ","sameAs":["http:\/\/www.patagoniambiental.com.ar"]}]}},"_links":{"self":[{"href":"https:\/\/patagoniambiental.com.ar\/info\/wp-json\/wp\/v2\/posts\/75960","targetHints":{"allow":["GET"]}}],"collection":[{"href":"https:\/\/patagoniambiental.com.ar\/info\/wp-json\/wp\/v2\/posts"}],"about":[{"href":"https:\/\/patagoniambiental.com.ar\/info\/wp-json\/wp\/v2\/types\/post"}],"author":[{"embeddable":true,"href":"https:\/\/patagoniambiental.com.ar\/info\/wp-json\/wp\/v2\/users\/6"}],"replies":[{"embeddable":true,"href":"https:\/\/patagoniambiental.com.ar\/info\/wp-json\/wp\/v2\/comments?post=75960"}],"version-history":[{"count":0,"href":"https:\/\/patagoniambiental.com.ar\/info\/wp-json\/wp\/v2\/posts\/75960\/revisions"}],"wp:featuredmedia":[{"embeddable":true,"href":"https:\/\/patagoniambiental.com.ar\/info\/wp-json\/wp\/v2\/media\/75962"}],"wp:attachment":[{"href":"https:\/\/patagoniambiental.com.ar\/info\/wp-json\/wp\/v2\/media?parent=75960"}],"wp:term":[{"taxonomy":"category","embeddable":true,"href":"https:\/\/patagoniambiental.com.ar\/info\/wp-json\/wp\/v2\/categories?post=75960"},{"taxonomy":"post_tag","embeddable":true,"href":"https:\/\/patagoniambiental.com.ar\/info\/wp-json\/wp\/v2\/tags?post=75960"}],"curies":[{"name":"wp","href":"https:\/\/api.w.org\/{rel}","templated":true}]}}