{"id":75967,"date":"2022-06-09T07:00:00","date_gmt":"2022-06-09T10:00:00","guid":{"rendered":"http:\/\/patagoniambiental.com.ar\/info\/?p=75967"},"modified":"2022-06-09T20:39:51","modified_gmt":"2022-06-09T23:39:51","slug":"con-lanzamiento-de-guia-de-rios-ong-puelo-patagonia-celebra-sus-9-de-anos-trabajo-en-los-valles-de-puelo-y-cochamo","status":"publish","type":"post","link":"https:\/\/patagoniambiental.com.ar\/info\/con-lanzamiento-de-guia-de-rios-ong-puelo-patagonia-celebra-sus-9-de-anos-trabajo-en-los-valles-de-puelo-y-cochamo\/","title":{"rendered":"Con lanzamiento de Gu\u00eda de R\u00edos ONG Puelo Patagonia celebra sus 9 de a\u00f1os trabajo en los valles de Puelo y Cocham\u00f3"},"content":{"rendered":"\n<!--more-->\n\n\n\n<p>El pasado jueves 2 de junio se realiz\u00f3 en el Galp\u00f3n Negro de Parque Estaci\u00f3n el evento por el noveno aniversario de Puelo Patagonia \u201cR\u00edos Libres, Monta\u00f1as Salvajes\u201d. La instancia cont\u00f3 con una feria de stands y fotograf\u00eda, una exposici\u00f3n para mostrar el trabajo que lleva realizando la ONG Puelo Patagonia y el lanzamiento de la Gu\u00eda de Protecci\u00f3n de R\u00edos de la Patagonia.<\/p>\n\n\n\n<p>Durante la exposici\u00f3n se presentaron las 4 \u00e1reas de trabajo; Fortalecimiento Social, Desarrollo Responsable, Conservaci\u00f3n y Protecci\u00f3n del Territorio. Cada programa contempla el mismo desaf\u00edo \u201cconservar el patrimonio natural y cultural de los valles de Cocham\u00f3 y Puelo\u201d a trav\u00e9s de distintos proyectos apoyados por la comunidad y otras organizaciones. Para finalizar se realiz\u00f3 una invitaci\u00f3n abierta para que nuevas personas se sumaran al sue\u00f1o de conservar y proteger Puelo y Cocham\u00f3 en&nbsp;<a href=\"http:\/\/www.puelopatagonia.cl\/\">www.puelopatagonia.cl<\/a>&nbsp;<\/p>\n\n\n\n<p>El evento reuni\u00f3 cerca de 130 personas, principalmente residentes de la comuna de Puerto Varas y Frutillar y cont\u00f3 con el apoyo de Cerveza Tropera, Kar\u00fcn, Garuga, Parque Estaci\u00f3n, Patagon Journal, The Puerto Varas y El Heraldo Austral.<\/p>\n\n\n\n<p>M\u00e1s informaci\u00f3n para los siguientes encuentros en redes sociales de @puelopatagonia.<\/p>\n\n\n\n<figure class=\"wp-block-image\"><img decoding=\"async\" src=\"https:\/\/puelopatagonia.cl\/puelo\/wp-content\/uploads\/2022\/06\/1.png\" alt=\"\" class=\"wp-image-4322\"\/><\/figure>\n\n\n\n<figure class=\"wp-block-image\"><img decoding=\"async\" src=\"http:\/\/puelopatagonia.cl\/puelo\/wp-content\/uploads\/2022\/06\/2.png\" alt=\"\" class=\"wp-image-4323\"\/><\/figure>\n\n\n\n<figure class=\"wp-block-image\"><img decoding=\"async\" src=\"https:\/\/puelopatagonia.cl\/puelo\/wp-content\/uploads\/2022\/06\/3-1.png\" alt=\"\" class=\"wp-image-4331\"\/><\/figure>\n\n\n\n<figure class=\"wp-block-image\"><img decoding=\"async\" src=\"https:\/\/puelopatagonia.cl\/puelo\/wp-content\/uploads\/2022\/06\/7-1.png\" alt=\"\" class=\"wp-image-4332\"\/><\/figure>\n\n\n\n<figure class=\"wp-block-image\"><img decoding=\"async\" src=\"https:\/\/puelopatagonia.cl\/puelo\/wp-content\/uploads\/2022\/06\/6-1.png\" alt=\"\" class=\"wp-image-4333\"\/><\/figure>\n\n\n\n<figure class=\"wp-block-image\"><img decoding=\"async\" src=\"https:\/\/puelopatagonia.cl\/puelo\/wp-content\/uploads\/2022\/06\/5-1.png\" alt=\"\" class=\"wp-image-4334\"\/><\/figure>\n\n\n\n<figure class=\"wp-block-image\"><img decoding=\"async\" src=\"http:\/\/puelopatagonia.cl\/puelo\/wp-content\/uploads\/2022\/06\/8.png\" alt=\"\" class=\"wp-image-4329\"\/><\/figure>\n\n\n\n<figure class=\"wp-block-image\"><img decoding=\"async\" src=\"https:\/\/puelopatagonia.cl\/puelo\/wp-content\/uploads\/2022\/06\/9-1.png\" alt=\"\" class=\"wp-image-4336\"\/><\/figure>\n\n\n\n<figure class=\"wp-block-image\"><img decoding=\"async\" src=\"http:\/\/puelopatagonia.cl\/puelo\/wp-content\/uploads\/2022\/06\/1-1.png\" alt=\"\" class=\"wp-image-4337\"\/><\/figure>\n\n\n\n<p>Did you find apk for android? You can find new&nbsp;<a href=\"https:\/\/dlandroid24.com\/\">Free Android Games<\/a>&nbsp;and apps.<\/p>\n\n\n\n<h5 class=\"wp-block-heading\">\u00daLTIMAS NOTICIAS<\/h5>\n\n\n\n<p><img decoding=\"async\" src=\"https:\/\/puelopatagonia.cl\/puelo\/wp-content\/uploads\/2022\/06\/2-1-220x80.png\" alt=\"\" srcset=\"https:\/\/puelopatagonia.cl\/puelo\/wp-content\/uploads\/2022\/06\/2-1-440x160.png 1.3x\" width=\"220\" height=\"80\">6 junio, 2022<a href=\"https:\/\/puelopatagonia.cl\/noticias\/con-lanzamiento-de-guia-de-rios-ong-puelo-patagonia-celebra-sus-9-de-anos-trabajo-en-los-valles-de-puelo-y-cochamo\/\">Con lanzamiento de Gu\u00eda de R\u00edos ONG Puelo Patagonia celebra sus 9 de a\u00f1os trabajo en los valles de Puelo y Cocham\u00f3<\/a><img decoding=\"async\" src=\"https:\/\/puelopatagonia.cl\/puelo\/wp-content\/uploads\/2022\/05\/WhatsApp-Image-2022-05-24-at-4.54.08-PM-220x80.jpeg\" alt=\"\" srcset=\"https:\/\/puelopatagonia.cl\/puelo\/wp-content\/uploads\/2022\/05\/WhatsApp-Image-2022-05-24-at-4.54.08-PM-440x160.jpeg 1.3x\" width=\"220\" height=\"80\">24 mayo, 2022<a href=\"https:\/\/puelopatagonia.cl\/noticias\/evento-rios-libres-montanas-salvajes\/\">Evento \u00abR\u00edos Libres Monta\u00f1as Salvajes\u00bb<\/a><img decoding=\"async\" src=\"https:\/\/puelopatagonia.cl\/puelo\/wp-content\/uploads\/2022\/05\/reunion-delegada-cochamo-CEDIDA-220x80.jpeg\" alt=\"\" srcset=\"https:\/\/puelopatagonia.cl\/puelo\/wp-content\/uploads\/2022\/05\/reunion-delegada-cochamo-CEDIDA-440x160.jpeg 1.3x\" width=\"220\" height=\"80\">5 mayo, 2022<a href=\"https:\/\/puelopatagonia.cl\/noticias\/delegada-presidencial-de-los-lagos-visito-cochamo-para-reunirse-con-organizaciones-de-la-sociedad-civil\/\">Delegada Presidencial de Los Lagos visit\u00f3 Cocham\u00f3 para reunirse con organizaciones de la sociedad civil<\/a><img loading=\"lazy\" decoding=\"async\" src=\"https:\/\/puelopatagonia.cl\/puelo\/wp-content\/uploads\/2022\/04\/foto-puente-220x80.jpeg\" alt=\"\" srcset=\"https:\/\/puelopatagonia.cl\/puelo\/wp-content\/uploads\/2022\/04\/foto-puente-440x160.jpeg 1.3x\" width=\"220\" height=\"80\">29 abril, 2022<a href=\"https:\/\/puelopatagonia.cl\/noticias\/comunidad-de-cochamo-se-moviliza-ante-la-llegada-de-proyectos-que-afectan-la-zona\/\">Comunidad de Cocham\u00f3 se moviliza ante la llegada de proyectos que afectan la zona<\/a><img loading=\"lazy\" decoding=\"async\" src=\"https:\/\/puelopatagonia.cl\/puelo\/wp-content\/uploads\/2022\/04\/Disen%CC%83o-sin-ti%CC%81tulo-10-220x80.png\" alt=\"\" srcset=\"https:\/\/puelopatagonia.cl\/puelo\/wp-content\/uploads\/2022\/04\/Dise\u00f1o-sin-t\u00edtulo-10-440x160.png 1.3x\" width=\"220\" height=\"80\">6 abril, 2022<a href=\"https:\/\/puelopatagonia.cl\/noticias\/publican-guia-introductoria-sobre-proteccion-de-rios-de-la-patagonia\/\">Puelo Patagonia publica gu\u00eda introductoria sobre Protecci\u00f3n de R\u00edos de la Patagonia<\/a><\/p>\n\n\n\n<p>Hazte socio y s\u00famate a la protecci\u00f3n de la naturaleza, cultura y vida salvaje<\/p>\n\n\n\n<p>Fuente: https:\/\/puelopatagonia.cl\/noticias\/con-lanzamiento-de-guia-de-rios-ong-puelo-patagonia-celebra-sus-9-de-anos-trabajo-en-los-valles-de-puelo-y-cochamo\/<\/p>\n","protected":false},"excerpt":{"rendered":"","protected":false},"author":6,"featured_media":75968,"comment_status":"open","ping_status":"open","sticky":false,"template":"","format":"standard","meta":{"site-sidebar-layout":"default","site-content-layout":"","ast-site-content-layout":"default","site-content-style":"default","site-sidebar-style":"default","ast-global-header-display":"","ast-banner-title-visibility":"","ast-main-header-display":"","ast-hfb-above-header-display":"","ast-hfb-below-header-display":"","ast-hfb-mobile-header-display":"","site-post-title":"","ast-breadcrumbs-content":"","ast-featured-img":"","footer-sml-layout":"","ast-disable-related-posts":"","theme-transparent-header-meta":"","adv-header-id-meta":"","stick-header-meta":"","header-above-stick-meta":"","header-main-stick-meta":"","header-below-stick-meta":"","astra-migrate-meta-layouts":"default","ast-page-background-enabled":"default","ast-page-background-meta":{"desktop":{"background-color":"var(--ast-global-color-5)","background-image":"","background-repeat":"repeat","background-position":"center center","background-size":"auto","background-attachment":"scroll","background-type":"","background-media":"","overlay-type":"","overlay-color":"","overlay-opacity":"","overlay-gradient":""},"tablet":{"background-color":"","background-image":"","background-repeat":"repeat","background-position":"center center","background-size":"auto","background-attachment":"scroll","background-type":"","background-media":"","overlay-type":"","overlay-color":"","overlay-opacity":"","overlay-gradient":""},"mobile":{"background-color":"","background-image":"","background-repeat":"repeat","background-position":"center center","background-size":"auto","background-attachment":"scroll","background-type":"","background-media":"","overlay-type":"","overlay-color":"","overlay-opacity":"","overlay-gradient":""}},"ast-content-background-meta":{"desktop":{"background-color":"var(--ast-global-color-4)","background-image":"","background-repeat":"repeat","background-position":"center center","background-size":"auto","background-attachment":"scroll","background-type":"","background-media":"","overlay-type":"","overlay-color":"","overlay-opacity":"","overlay-gradient":""},"tablet":{"background-color":"var(--ast-global-color-4)","background-image":"","background-repeat":"repeat","background-position":"center center","background-size":"auto","background-attachment":"scroll","background-type":"","background-media":"","overlay-type":"","overlay-color":"","overlay-opacity":"","overlay-gradient":""},"mobile":{"background-color":"var(--ast-global-color-4)","background-image":"","background-repeat":"repeat","background-position":"center center","background-size":"auto","background-attachment":"scroll","background-type":"","background-media":"","overlay-type":"","overlay-color":"","overlay-opacity":"","overlay-gradient":""}},"footnotes":""},"categories":[1,3],"tags":[],"class_list":["post-75967","post","type-post","status-publish","format-standard","has-post-thumbnail","hentry","category-noticias","category-ong"],"yoast_head":"<!-- This site is optimized with the Yoast SEO Premium plugin v23.0 (Yoast SEO v27.4) - https:\/\/yoast.com\/product\/yoast-seo-premium-wordpress\/ -->\n<title>Con lanzamiento de Gu\u00eda de R\u00edos ONG Puelo Patagonia celebra sus 9 de a\u00f1os trabajo en los valles de Puelo y Cocham\u00f3<\/title>\n<meta name=\"robots\" content=\"index, follow, max-snippet:-1, max-image-preview:large, max-video-preview:-1\" \/>\n<link rel=\"canonical\" href=\"https:\/\/patagoniambiental.com.ar\/info\/con-lanzamiento-de-guia-de-rios-ong-puelo-patagonia-celebra-sus-9-de-anos-trabajo-en-los-valles-de-puelo-y-cochamo\/\" \/>\n<meta property=\"og:locale\" content=\"es_ES\" \/>\n<meta property=\"og:type\" content=\"article\" \/>\n<meta property=\"og:title\" content=\"Con lanzamiento de Gu\u00eda de R\u00edos ONG Puelo Patagonia celebra sus 9 de a\u00f1os trabajo en los valles de Puelo y Cocham\u00f3\" \/>\n<meta property=\"og:url\" content=\"https:\/\/patagoniambiental.com.ar\/info\/con-lanzamiento-de-guia-de-rios-ong-puelo-patagonia-celebra-sus-9-de-anos-trabajo-en-los-valles-de-puelo-y-cochamo\/\" \/>\n<meta property=\"og:site_name\" content=\"Patagonia Ambiental\" \/>\n<meta property=\"article:publisher\" content=\"https:\/\/www.facebook.com\/patagonia.ambiental\" \/>\n<meta property=\"article:published_time\" content=\"2022-06-09T10:00:00+00:00\" \/>\n<meta property=\"article:modified_time\" content=\"2022-06-09T23:39:51+00:00\" \/>\n<meta property=\"og:image\" content=\"https:\/\/patagoniambiental.com.ar\/info\/wp-content\/uploads\/2022\/06\/2-1-915x549-1.png\" \/>\n\t<meta property=\"og:image:width\" content=\"915\" \/>\n\t<meta property=\"og:image:height\" content=\"549\" \/>\n\t<meta property=\"og:image:type\" content=\"image\/png\" \/>\n<meta name=\"author\" content=\"BRAIAN ESTEVEZ\" \/>\n<meta name=\"twitter:card\" content=\"summary_large_image\" \/>\n<meta name=\"twitter:creator\" content=\"@PatAmb\" \/>\n<meta name=\"twitter:site\" content=\"@PatAmb\" \/>\n<script type=\"application\/ld+json\" class=\"yoast-schema-graph\">{\"@context\":\"https:\\\/\\\/schema.org\",\"@graph\":[{\"@type\":\"Article\",\"@id\":\"https:\\\/\\\/patagoniambiental.com.ar\\\/info\\\/con-lanzamiento-de-guia-de-rios-ong-puelo-patagonia-celebra-sus-9-de-anos-trabajo-en-los-valles-de-puelo-y-cochamo\\\/#article\",\"isPartOf\":{\"@id\":\"https:\\\/\\\/patagoniambiental.com.ar\\\/info\\\/con-lanzamiento-de-guia-de-rios-ong-puelo-patagonia-celebra-sus-9-de-anos-trabajo-en-los-valles-de-puelo-y-cochamo\\\/\"},\"author\":{\"name\":\"BRAIAN ESTEVEZ\",\"@id\":\"https:\\\/\\\/patagoniambiental.com.ar\\\/info\\\/#\\\/schema\\\/person\\\/e5af09d700b2e82cb10c6b8800e0c691\"},\"headline\":\"Con lanzamiento de Gu\u00eda de R\u00edos ONG Puelo Patagonia celebra sus 9 de a\u00f1os trabajo en los valles de Puelo y Cocham\u00f3\",\"datePublished\":\"2022-06-09T10:00:00+00:00\",\"dateModified\":\"2022-06-09T23:39:51+00:00\",\"mainEntityOfPage\":{\"@id\":\"https:\\\/\\\/patagoniambiental.com.ar\\\/info\\\/con-lanzamiento-de-guia-de-rios-ong-puelo-patagonia-celebra-sus-9-de-anos-trabajo-en-los-valles-de-puelo-y-cochamo\\\/\"},\"wordCount\":354,\"commentCount\":0,\"publisher\":{\"@id\":\"https:\\\/\\\/patagoniambiental.com.ar\\\/info\\\/#organization\"},\"image\":{\"@id\":\"https:\\\/\\\/patagoniambiental.com.ar\\\/info\\\/con-lanzamiento-de-guia-de-rios-ong-puelo-patagonia-celebra-sus-9-de-anos-trabajo-en-los-valles-de-puelo-y-cochamo\\\/#primaryimage\"},\"thumbnailUrl\":\"https:\\\/\\\/patagoniambiental.com.ar\\\/info\\\/wp-content\\\/uploads\\\/2022\\\/06\\\/2-1-915x549-1.png\",\"articleSection\":[\"Noticias\",\"ONG\"],\"inLanguage\":\"es\",\"potentialAction\":[{\"@type\":\"CommentAction\",\"name\":\"Comment\",\"target\":[\"https:\\\/\\\/patagoniambiental.com.ar\\\/info\\\/con-lanzamiento-de-guia-de-rios-ong-puelo-patagonia-celebra-sus-9-de-anos-trabajo-en-los-valles-de-puelo-y-cochamo\\\/#respond\"]}]},{\"@type\":\"WebPage\",\"@id\":\"https:\\\/\\\/patagoniambiental.com.ar\\\/info\\\/con-lanzamiento-de-guia-de-rios-ong-puelo-patagonia-celebra-sus-9-de-anos-trabajo-en-los-valles-de-puelo-y-cochamo\\\/\",\"url\":\"https:\\\/\\\/patagoniambiental.com.ar\\\/info\\\/con-lanzamiento-de-guia-de-rios-ong-puelo-patagonia-celebra-sus-9-de-anos-trabajo-en-los-valles-de-puelo-y-cochamo\\\/\",\"name\":\"Con lanzamiento de Gu\u00eda de R\u00edos ONG Puelo Patagonia celebra sus 9 de a\u00f1os trabajo en los valles de Puelo y Cocham\u00f3\",\"isPartOf\":{\"@id\":\"https:\\\/\\\/patagoniambiental.com.ar\\\/info\\\/#website\"},\"primaryImageOfPage\":{\"@id\":\"https:\\\/\\\/patagoniambiental.com.ar\\\/info\\\/con-lanzamiento-de-guia-de-rios-ong-puelo-patagonia-celebra-sus-9-de-anos-trabajo-en-los-valles-de-puelo-y-cochamo\\\/#primaryimage\"},\"image\":{\"@id\":\"https:\\\/\\\/patagoniambiental.com.ar\\\/info\\\/con-lanzamiento-de-guia-de-rios-ong-puelo-patagonia-celebra-sus-9-de-anos-trabajo-en-los-valles-de-puelo-y-cochamo\\\/#primaryimage\"},\"thumbnailUrl\":\"https:\\\/\\\/patagoniambiental.com.ar\\\/info\\\/wp-content\\\/uploads\\\/2022\\\/06\\\/2-1-915x549-1.png\",\"datePublished\":\"2022-06-09T10:00:00+00:00\",\"dateModified\":\"2022-06-09T23:39:51+00:00\",\"breadcrumb\":{\"@id\":\"https:\\\/\\\/patagoniambiental.com.ar\\\/info\\\/con-lanzamiento-de-guia-de-rios-ong-puelo-patagonia-celebra-sus-9-de-anos-trabajo-en-los-valles-de-puelo-y-cochamo\\\/#breadcrumb\"},\"inLanguage\":\"es\",\"potentialAction\":[{\"@type\":\"ReadAction\",\"target\":[\"https:\\\/\\\/patagoniambiental.com.ar\\\/info\\\/con-lanzamiento-de-guia-de-rios-ong-puelo-patagonia-celebra-sus-9-de-anos-trabajo-en-los-valles-de-puelo-y-cochamo\\\/\"]}]},{\"@type\":\"ImageObject\",\"inLanguage\":\"es\",\"@id\":\"https:\\\/\\\/patagoniambiental.com.ar\\\/info\\\/con-lanzamiento-de-guia-de-rios-ong-puelo-patagonia-celebra-sus-9-de-anos-trabajo-en-los-valles-de-puelo-y-cochamo\\\/#primaryimage\",\"url\":\"https:\\\/\\\/patagoniambiental.com.ar\\\/info\\\/wp-content\\\/uploads\\\/2022\\\/06\\\/2-1-915x549-1.png\",\"contentUrl\":\"https:\\\/\\\/patagoniambiental.com.ar\\\/info\\\/wp-content\\\/uploads\\\/2022\\\/06\\\/2-1-915x549-1.png\",\"width\":915,\"height\":549},{\"@type\":\"BreadcrumbList\",\"@id\":\"https:\\\/\\\/patagoniambiental.com.ar\\\/info\\\/con-lanzamiento-de-guia-de-rios-ong-puelo-patagonia-celebra-sus-9-de-anos-trabajo-en-los-valles-de-puelo-y-cochamo\\\/#breadcrumb\",\"itemListElement\":[{\"@type\":\"ListItem\",\"position\":1,\"name\":\"Inicio\",\"item\":\"https:\\\/\\\/patagoniambiental.com.ar\\\/info\\\/\"},{\"@type\":\"ListItem\",\"position\":2,\"name\":\"Con lanzamiento de Gu\u00eda de R\u00edos ONG Puelo Patagonia celebra sus 9 de a\u00f1os trabajo en los valles de Puelo y Cocham\u00f3\"}]},{\"@type\":\"WebSite\",\"@id\":\"https:\\\/\\\/patagoniambiental.com.ar\\\/info\\\/#website\",\"url\":\"https:\\\/\\\/patagoniambiental.com.ar\\\/info\\\/\",\"name\":\"Patagonia Ambiental\",\"description\":\"Monitoreo y an\u00e1lisis de la situaci\u00f3n geopol\u00edtica en el mundo y su implicancia en la Patagonia\",\"publisher\":{\"@id\":\"https:\\\/\\\/patagoniambiental.com.ar\\\/info\\\/#organization\"},\"potentialAction\":[{\"@type\":\"SearchAction\",\"target\":{\"@type\":\"EntryPoint\",\"urlTemplate\":\"https:\\\/\\\/patagoniambiental.com.ar\\\/info\\\/?s={search_term_string}\"},\"query-input\":{\"@type\":\"PropertyValueSpecification\",\"valueRequired\":true,\"valueName\":\"search_term_string\"}}],\"inLanguage\":\"es\"},{\"@type\":\"Organization\",\"@id\":\"https:\\\/\\\/patagoniambiental.com.ar\\\/info\\\/#organization\",\"name\":\"Patagonia Ambiental\",\"url\":\"https:\\\/\\\/patagoniambiental.com.ar\\\/info\\\/\",\"logo\":{\"@type\":\"ImageObject\",\"inLanguage\":\"es\",\"@id\":\"https:\\\/\\\/patagoniambiental.com.ar\\\/info\\\/#\\\/schema\\\/logo\\\/image\\\/\",\"url\":\"https:\\\/\\\/patagoniambiental.com.ar\\\/info\\\/wp-content\\\/uploads\\\/2025\\\/05\\\/LOGO-PATAGONIA-AMBIENTAL.png\",\"contentUrl\":\"https:\\\/\\\/patagoniambiental.com.ar\\\/info\\\/wp-content\\\/uploads\\\/2025\\\/05\\\/LOGO-PATAGONIA-AMBIENTAL.png\",\"width\":433,\"height\":250,\"caption\":\"Patagonia Ambiental\"},\"image\":{\"@id\":\"https:\\\/\\\/patagoniambiental.com.ar\\\/info\\\/#\\\/schema\\\/logo\\\/image\\\/\"},\"sameAs\":[\"https:\\\/\\\/www.facebook.com\\\/patagonia.ambiental\",\"https:\\\/\\\/x.com\\\/PatAmb\"]},{\"@type\":\"Person\",\"@id\":\"https:\\\/\\\/patagoniambiental.com.ar\\\/info\\\/#\\\/schema\\\/person\\\/e5af09d700b2e82cb10c6b8800e0c691\",\"name\":\"BRAIAN ESTEVEZ\",\"sameAs\":[\"http:\\\/\\\/www.patagoniambiental.com.ar\"]}]}<\/script>\n<!-- \/ Yoast SEO Premium plugin. -->","yoast_head_json":{"title":"Con lanzamiento de Gu\u00eda de R\u00edos ONG Puelo Patagonia celebra sus 9 de a\u00f1os trabajo en los valles de Puelo y Cocham\u00f3","robots":{"index":"index","follow":"follow","max-snippet":"max-snippet:-1","max-image-preview":"max-image-preview:large","max-video-preview":"max-video-preview:-1"},"canonical":"https:\/\/patagoniambiental.com.ar\/info\/con-lanzamiento-de-guia-de-rios-ong-puelo-patagonia-celebra-sus-9-de-anos-trabajo-en-los-valles-de-puelo-y-cochamo\/","og_locale":"es_ES","og_type":"article","og_title":"Con lanzamiento de Gu\u00eda de R\u00edos ONG Puelo Patagonia celebra sus 9 de a\u00f1os trabajo en los valles de Puelo y Cocham\u00f3","og_url":"https:\/\/patagoniambiental.com.ar\/info\/con-lanzamiento-de-guia-de-rios-ong-puelo-patagonia-celebra-sus-9-de-anos-trabajo-en-los-valles-de-puelo-y-cochamo\/","og_site_name":"Patagonia Ambiental","article_publisher":"https:\/\/www.facebook.com\/patagonia.ambiental","article_published_time":"2022-06-09T10:00:00+00:00","article_modified_time":"2022-06-09T23:39:51+00:00","og_image":[{"width":915,"height":549,"url":"https:\/\/patagoniambiental.com.ar\/info\/wp-content\/uploads\/2022\/06\/2-1-915x549-1.png","type":"image\/png"}],"author":"BRAIAN ESTEVEZ","twitter_card":"summary_large_image","twitter_creator":"@PatAmb","twitter_site":"@PatAmb","schema":{"@context":"https:\/\/schema.org","@graph":[{"@type":"Article","@id":"https:\/\/patagoniambiental.com.ar\/info\/con-lanzamiento-de-guia-de-rios-ong-puelo-patagonia-celebra-sus-9-de-anos-trabajo-en-los-valles-de-puelo-y-cochamo\/#article","isPartOf":{"@id":"https:\/\/patagoniambiental.com.ar\/info\/con-lanzamiento-de-guia-de-rios-ong-puelo-patagonia-celebra-sus-9-de-anos-trabajo-en-los-valles-de-puelo-y-cochamo\/"},"author":{"name":"BRAIAN ESTEVEZ","@id":"https:\/\/patagoniambiental.com.ar\/info\/#\/schema\/person\/e5af09d700b2e82cb10c6b8800e0c691"},"headline":"Con lanzamiento de Gu\u00eda de R\u00edos ONG Puelo Patagonia celebra sus 9 de a\u00f1os trabajo en los valles de Puelo y Cocham\u00f3","datePublished":"2022-06-09T10:00:00+00:00","dateModified":"2022-06-09T23:39:51+00:00","mainEntityOfPage":{"@id":"https:\/\/patagoniambiental.com.ar\/info\/con-lanzamiento-de-guia-de-rios-ong-puelo-patagonia-celebra-sus-9-de-anos-trabajo-en-los-valles-de-puelo-y-cochamo\/"},"wordCount":354,"commentCount":0,"publisher":{"@id":"https:\/\/patagoniambiental.com.ar\/info\/#organization"},"image":{"@id":"https:\/\/patagoniambiental.com.ar\/info\/con-lanzamiento-de-guia-de-rios-ong-puelo-patagonia-celebra-sus-9-de-anos-trabajo-en-los-valles-de-puelo-y-cochamo\/#primaryimage"},"thumbnailUrl":"https:\/\/patagoniambiental.com.ar\/info\/wp-content\/uploads\/2022\/06\/2-1-915x549-1.png","articleSection":["Noticias","ONG"],"inLanguage":"es","potentialAction":[{"@type":"CommentAction","name":"Comment","target":["https:\/\/patagoniambiental.com.ar\/info\/con-lanzamiento-de-guia-de-rios-ong-puelo-patagonia-celebra-sus-9-de-anos-trabajo-en-los-valles-de-puelo-y-cochamo\/#respond"]}]},{"@type":"WebPage","@id":"https:\/\/patagoniambiental.com.ar\/info\/con-lanzamiento-de-guia-de-rios-ong-puelo-patagonia-celebra-sus-9-de-anos-trabajo-en-los-valles-de-puelo-y-cochamo\/","url":"https:\/\/patagoniambiental.com.ar\/info\/con-lanzamiento-de-guia-de-rios-ong-puelo-patagonia-celebra-sus-9-de-anos-trabajo-en-los-valles-de-puelo-y-cochamo\/","name":"Con lanzamiento de Gu\u00eda de R\u00edos ONG Puelo Patagonia celebra sus 9 de a\u00f1os trabajo en los valles de Puelo y Cocham\u00f3","isPartOf":{"@id":"https:\/\/patagoniambiental.com.ar\/info\/#website"},"primaryImageOfPage":{"@id":"https:\/\/patagoniambiental.com.ar\/info\/con-lanzamiento-de-guia-de-rios-ong-puelo-patagonia-celebra-sus-9-de-anos-trabajo-en-los-valles-de-puelo-y-cochamo\/#primaryimage"},"image":{"@id":"https:\/\/patagoniambiental.com.ar\/info\/con-lanzamiento-de-guia-de-rios-ong-puelo-patagonia-celebra-sus-9-de-anos-trabajo-en-los-valles-de-puelo-y-cochamo\/#primaryimage"},"thumbnailUrl":"https:\/\/patagoniambiental.com.ar\/info\/wp-content\/uploads\/2022\/06\/2-1-915x549-1.png","datePublished":"2022-06-09T10:00:00+00:00","dateModified":"2022-06-09T23:39:51+00:00","breadcrumb":{"@id":"https:\/\/patagoniambiental.com.ar\/info\/con-lanzamiento-de-guia-de-rios-ong-puelo-patagonia-celebra-sus-9-de-anos-trabajo-en-los-valles-de-puelo-y-cochamo\/#breadcrumb"},"inLanguage":"es","potentialAction":[{"@type":"ReadAction","target":["https:\/\/patagoniambiental.com.ar\/info\/con-lanzamiento-de-guia-de-rios-ong-puelo-patagonia-celebra-sus-9-de-anos-trabajo-en-los-valles-de-puelo-y-cochamo\/"]}]},{"@type":"ImageObject","inLanguage":"es","@id":"https:\/\/patagoniambiental.com.ar\/info\/con-lanzamiento-de-guia-de-rios-ong-puelo-patagonia-celebra-sus-9-de-anos-trabajo-en-los-valles-de-puelo-y-cochamo\/#primaryimage","url":"https:\/\/patagoniambiental.com.ar\/info\/wp-content\/uploads\/2022\/06\/2-1-915x549-1.png","contentUrl":"https:\/\/patagoniambiental.com.ar\/info\/wp-content\/uploads\/2022\/06\/2-1-915x549-1.png","width":915,"height":549},{"@type":"BreadcrumbList","@id":"https:\/\/patagoniambiental.com.ar\/info\/con-lanzamiento-de-guia-de-rios-ong-puelo-patagonia-celebra-sus-9-de-anos-trabajo-en-los-valles-de-puelo-y-cochamo\/#breadcrumb","itemListElement":[{"@type":"ListItem","position":1,"name":"Inicio","item":"https:\/\/patagoniambiental.com.ar\/info\/"},{"@type":"ListItem","position":2,"name":"Con lanzamiento de Gu\u00eda de R\u00edos ONG Puelo Patagonia celebra sus 9 de a\u00f1os trabajo en los valles de Puelo y Cocham\u00f3"}]},{"@type":"WebSite","@id":"https:\/\/patagoniambiental.com.ar\/info\/#website","url":"https:\/\/patagoniambiental.com.ar\/info\/","name":"Patagonia Ambiental","description":"Monitoreo y an\u00e1lisis de la situaci\u00f3n geopol\u00edtica en el mundo y su implicancia en la Patagonia","publisher":{"@id":"https:\/\/patagoniambiental.com.ar\/info\/#organization"},"potentialAction":[{"@type":"SearchAction","target":{"@type":"EntryPoint","urlTemplate":"https:\/\/patagoniambiental.com.ar\/info\/?s={search_term_string}"},"query-input":{"@type":"PropertyValueSpecification","valueRequired":true,"valueName":"search_term_string"}}],"inLanguage":"es"},{"@type":"Organization","@id":"https:\/\/patagoniambiental.com.ar\/info\/#organization","name":"Patagonia Ambiental","url":"https:\/\/patagoniambiental.com.ar\/info\/","logo":{"@type":"ImageObject","inLanguage":"es","@id":"https:\/\/patagoniambiental.com.ar\/info\/#\/schema\/logo\/image\/","url":"https:\/\/patagoniambiental.com.ar\/info\/wp-content\/uploads\/2025\/05\/LOGO-PATAGONIA-AMBIENTAL.png","contentUrl":"https:\/\/patagoniambiental.com.ar\/info\/wp-content\/uploads\/2025\/05\/LOGO-PATAGONIA-AMBIENTAL.png","width":433,"height":250,"caption":"Patagonia Ambiental"},"image":{"@id":"https:\/\/patagoniambiental.com.ar\/info\/#\/schema\/logo\/image\/"},"sameAs":["https:\/\/www.facebook.com\/patagonia.ambiental","https:\/\/x.com\/PatAmb"]},{"@type":"Person","@id":"https:\/\/patagoniambiental.com.ar\/info\/#\/schema\/person\/e5af09d700b2e82cb10c6b8800e0c691","name":"BRAIAN ESTEVEZ","sameAs":["http:\/\/www.patagoniambiental.com.ar"]}]}},"_links":{"self":[{"href":"https:\/\/patagoniambiental.com.ar\/info\/wp-json\/wp\/v2\/posts\/75967","targetHints":{"allow":["GET"]}}],"collection":[{"href":"https:\/\/patagoniambiental.com.ar\/info\/wp-json\/wp\/v2\/posts"}],"about":[{"href":"https:\/\/patagoniambiental.com.ar\/info\/wp-json\/wp\/v2\/types\/post"}],"author":[{"embeddable":true,"href":"https:\/\/patagoniambiental.com.ar\/info\/wp-json\/wp\/v2\/users\/6"}],"replies":[{"embeddable":true,"href":"https:\/\/patagoniambiental.com.ar\/info\/wp-json\/wp\/v2\/comments?post=75967"}],"version-history":[{"count":0,"href":"https:\/\/patagoniambiental.com.ar\/info\/wp-json\/wp\/v2\/posts\/75967\/revisions"}],"wp:featuredmedia":[{"embeddable":true,"href":"https:\/\/patagoniambiental.com.ar\/info\/wp-json\/wp\/v2\/media\/75968"}],"wp:attachment":[{"href":"https:\/\/patagoniambiental.com.ar\/info\/wp-json\/wp\/v2\/media?parent=75967"}],"wp:term":[{"taxonomy":"category","embeddable":true,"href":"https:\/\/patagoniambiental.com.ar\/info\/wp-json\/wp\/v2\/categories?post=75967"},{"taxonomy":"post_tag","embeddable":true,"href":"https:\/\/patagoniambiental.com.ar\/info\/wp-json\/wp\/v2\/tags?post=75967"}],"curies":[{"name":"wp","href":"https:\/\/api.w.org\/{rel}","templated":true}]}}