{"id":75981,"date":"2022-06-13T07:00:00","date_gmt":"2022-06-13T10:00:00","guid":{"rendered":"http:\/\/patagoniambiental.com.ar\/info\/?p=75981"},"modified":"2022-06-14T09:02:26","modified_gmt":"2022-06-14T12:02:26","slug":"fundacion-de-tompkins-dono-la-propiedad-de-una-isla-al-estado-de-corrientes-y-fue-integrada-al-parque-ibera","status":"publish","type":"post","link":"https:\/\/patagoniambiental.com.ar\/info\/fundacion-de-tompkins-dono-la-propiedad-de-una-isla-al-estado-de-corrientes-y-fue-integrada-al-parque-ibera\/","title":{"rendered":"Fundaci\u00f3n de Tompkins don\u00f3 la propiedad de una isla al estado de Corrientes y fue integrada al Parque Iber\u00e1"},"content":{"rendered":"\n<!--more-->\n\n\n\n<p>La Fundaci\u00f3n Redwilding Argentina don\u00f3 al estado de la provincia de Corrientes la propiedad de una isla en los Esteros del Iber\u00e1, que pas\u00f3 a formar parte del Parque Iber\u00e1, informaron hoy fuentes oficiales.<\/p>\n\n\n\n<p>Rewilding, la fundaci\u00f3n liderada por Kristine McDivitt, viuda del millonario ecologista Douglas Tompkins, entreg\u00f3 el lote de la Isla Tortoni en car\u00e1cter de donaci\u00f3n al Gobierno de Corrientes, en una zona a la que se llega por el portal Carambola, que se encuentra en la localidad de Concepci\u00f3n.<\/p>\n\n\n\n<p>Se trata de una superficie de 1.500 hect\u00e1reas ubicada en la primera secci\u00f3n rural del departamento de Concepci\u00f3n, en el centro de la provincia.<\/p>\n\n\n\n<p>Mediante el decreto N\u00b01622\/22, la Provincia acept\u00f3 la cesi\u00f3n de la propiedad por parte de la Fundaci\u00f3n y el gobernador Gustavo Vald\u00e9s, anunci\u00f3 que el predio pasar\u00e1 a formar parte del Parque Iber\u00e1.<\/p>\n\n\n\n<p>MIR\u00c1 TAMBI\u00c9N<a href=\"https:\/\/www.grupolaprovincia.com\/sociedad\/rescataron-aves-autoctonas-en-peligro-de-extincion-en-el-barrio-porteno-de-villa-devoto-955448\">Rescataron aves aut\u00f3ctonas en peligro de extinci\u00f3n en el barrio porte\u00f1o de Villa Devoto<\/a><\/p>\n\n\n\n<p>Al manifestar su agradecimiento, Vald\u00e9s comunic\u00f3 que Tortoni \u201cpasar\u00e1 a integrar el Parque Provincial Iber\u00e1 en car\u00e1cter perpetuo, ser\u00e1 de acceso p\u00fablico y se destinar\u00e1 a la explotaci\u00f3n tur\u00edstica\u201d.<\/p>\n\n\n\n<p>Rewilding Argentina lleva adelante en la provincia de Corrientes un programa de reintroducci\u00f3n de especies originarias del Iber\u00e1 que se han extinguido, como el yaguaret\u00e9, el guacamayo rojo, el oso hormiguero, la nutria gigante, el muit\u00fa, entre otros. <\/p>\n\n\n\n<p>Fuente: T\u00e9lam<\/p>\n","protected":false},"excerpt":{"rendered":"","protected":false},"author":6,"featured_media":48487,"comment_status":"open","ping_status":"open","sticky":false,"template":"","format":"standard","meta":{"site-sidebar-layout":"default","site-content-layout":"","ast-site-content-layout":"default","site-content-style":"default","site-sidebar-style":"default","ast-global-header-display":"","ast-banner-title-visibility":"","ast-main-header-display":"","ast-hfb-above-header-display":"","ast-hfb-below-header-display":"","ast-hfb-mobile-header-display":"","site-post-title":"","ast-breadcrumbs-content":"","ast-featured-img":"","footer-sml-layout":"","ast-disable-related-posts":"","theme-transparent-header-meta":"","adv-header-id-meta":"","stick-header-meta":"","header-above-stick-meta":"","header-main-stick-meta":"","header-below-stick-meta":"","astra-migrate-meta-layouts":"default","ast-page-background-enabled":"default","ast-page-background-meta":{"desktop":{"background-color":"var(--ast-global-color-5)","background-image":"","background-repeat":"repeat","background-position":"center center","background-size":"auto","background-attachment":"scroll","background-type":"","background-media":"","overlay-type":"","overlay-color":"","overlay-opacity":"","overlay-gradient":""},"tablet":{"background-color":"","background-image":"","background-repeat":"repeat","background-position":"center center","background-size":"auto","background-attachment":"scroll","background-type":"","background-media":"","overlay-type":"","overlay-color":"","overlay-opacity":"","overlay-gradient":""},"mobile":{"background-color":"","background-image":"","background-repeat":"repeat","background-position":"center center","background-size":"auto","background-attachment":"scroll","background-type":"","background-media":"","overlay-type":"","overlay-color":"","overlay-opacity":"","overlay-gradient":""}},"ast-content-background-meta":{"desktop":{"background-color":"var(--ast-global-color-4)","background-image":"","background-repeat":"repeat","background-position":"center center","background-size":"auto","background-attachment":"scroll","background-type":"","background-media":"","overlay-type":"","overlay-color":"","overlay-opacity":"","overlay-gradient":""},"tablet":{"background-color":"var(--ast-global-color-4)","background-image":"","background-repeat":"repeat","background-position":"center center","background-size":"auto","background-attachment":"scroll","background-type":"","background-media":"","overlay-type":"","overlay-color":"","overlay-opacity":"","overlay-gradient":""},"mobile":{"background-color":"var(--ast-global-color-4)","background-image":"","background-repeat":"repeat","background-position":"center center","background-size":"auto","background-attachment":"scroll","background-type":"","background-media":"","overlay-type":"","overlay-color":"","overlay-opacity":"","overlay-gradient":""}},"footnotes":""},"categories":[1,3],"tags":[],"class_list":["post-75981","post","type-post","status-publish","format-standard","has-post-thumbnail","hentry","category-noticias","category-ong"],"yoast_head":"<!-- This site is optimized with the Yoast SEO Premium plugin v23.0 (Yoast SEO v27.4) - https:\/\/yoast.com\/product\/yoast-seo-premium-wordpress\/ -->\n<title>Fundaci\u00f3n de Tompkins don\u00f3 la propiedad de una isla al estado de Corrientes y fue integrada al Parque Iber\u00e1<\/title>\n<meta name=\"robots\" content=\"index, follow, max-snippet:-1, max-image-preview:large, max-video-preview:-1\" \/>\n<link rel=\"canonical\" href=\"https:\/\/patagoniambiental.com.ar\/info\/fundacion-de-tompkins-dono-la-propiedad-de-una-isla-al-estado-de-corrientes-y-fue-integrada-al-parque-ibera\/\" \/>\n<meta property=\"og:locale\" content=\"es_ES\" \/>\n<meta property=\"og:type\" content=\"article\" \/>\n<meta property=\"og:title\" content=\"Fundaci\u00f3n de Tompkins don\u00f3 la propiedad de una isla al estado de Corrientes y fue integrada al Parque Iber\u00e1\" \/>\n<meta property=\"og:url\" content=\"https:\/\/patagoniambiental.com.ar\/info\/fundacion-de-tompkins-dono-la-propiedad-de-una-isla-al-estado-de-corrientes-y-fue-integrada-al-parque-ibera\/\" \/>\n<meta property=\"og:site_name\" content=\"Patagonia Ambiental\" \/>\n<meta property=\"article:publisher\" content=\"https:\/\/www.facebook.com\/patagonia.ambiental\" \/>\n<meta property=\"article:published_time\" content=\"2022-06-13T10:00:00+00:00\" \/>\n<meta property=\"article:modified_time\" content=\"2022-06-14T12:02:26+00:00\" \/>\n<meta property=\"og:image\" content=\"https:\/\/patagoniambiental.com.ar\/info\/wp-content\/uploads\/2018\/06\/Kristine-4-Cr\u00e9ditos-Tompkins-Conservation-PPAL-820x500.jpg\" \/>\n\t<meta property=\"og:image:width\" content=\"820\" \/>\n\t<meta property=\"og:image:height\" content=\"500\" \/>\n\t<meta property=\"og:image:type\" content=\"image\/jpeg\" \/>\n<meta name=\"author\" content=\"BRAIAN ESTEVEZ\" \/>\n<meta name=\"twitter:card\" content=\"summary_large_image\" \/>\n<meta name=\"twitter:creator\" content=\"@PatAmb\" \/>\n<meta name=\"twitter:site\" content=\"@PatAmb\" \/>\n<script type=\"application\/ld+json\" class=\"yoast-schema-graph\">{\"@context\":\"https:\\\/\\\/schema.org\",\"@graph\":[{\"@type\":\"Article\",\"@id\":\"https:\\\/\\\/patagoniambiental.com.ar\\\/info\\\/fundacion-de-tompkins-dono-la-propiedad-de-una-isla-al-estado-de-corrientes-y-fue-integrada-al-parque-ibera\\\/#article\",\"isPartOf\":{\"@id\":\"https:\\\/\\\/patagoniambiental.com.ar\\\/info\\\/fundacion-de-tompkins-dono-la-propiedad-de-una-isla-al-estado-de-corrientes-y-fue-integrada-al-parque-ibera\\\/\"},\"author\":{\"name\":\"BRAIAN ESTEVEZ\",\"@id\":\"https:\\\/\\\/patagoniambiental.com.ar\\\/info\\\/#\\\/schema\\\/person\\\/e5af09d700b2e82cb10c6b8800e0c691\"},\"headline\":\"Fundaci\u00f3n de Tompkins don\u00f3 la propiedad de una isla al estado de Corrientes y fue integrada al Parque Iber\u00e1\",\"datePublished\":\"2022-06-13T10:00:00+00:00\",\"dateModified\":\"2022-06-14T12:02:26+00:00\",\"mainEntityOfPage\":{\"@id\":\"https:\\\/\\\/patagoniambiental.com.ar\\\/info\\\/fundacion-de-tompkins-dono-la-propiedad-de-una-isla-al-estado-de-corrientes-y-fue-integrada-al-parque-ibera\\\/\"},\"wordCount\":264,\"commentCount\":0,\"publisher\":{\"@id\":\"https:\\\/\\\/patagoniambiental.com.ar\\\/info\\\/#organization\"},\"image\":{\"@id\":\"https:\\\/\\\/patagoniambiental.com.ar\\\/info\\\/fundacion-de-tompkins-dono-la-propiedad-de-una-isla-al-estado-de-corrientes-y-fue-integrada-al-parque-ibera\\\/#primaryimage\"},\"thumbnailUrl\":\"https:\\\/\\\/patagoniambiental.com.ar\\\/info\\\/wp-content\\\/uploads\\\/2018\\\/06\\\/Kristine-4-Cr\u00e9ditos-Tompkins-Conservation-PPAL-820x500.jpg\",\"articleSection\":[\"Noticias\",\"ONG\"],\"inLanguage\":\"es\",\"potentialAction\":[{\"@type\":\"CommentAction\",\"name\":\"Comment\",\"target\":[\"https:\\\/\\\/patagoniambiental.com.ar\\\/info\\\/fundacion-de-tompkins-dono-la-propiedad-de-una-isla-al-estado-de-corrientes-y-fue-integrada-al-parque-ibera\\\/#respond\"]}]},{\"@type\":\"WebPage\",\"@id\":\"https:\\\/\\\/patagoniambiental.com.ar\\\/info\\\/fundacion-de-tompkins-dono-la-propiedad-de-una-isla-al-estado-de-corrientes-y-fue-integrada-al-parque-ibera\\\/\",\"url\":\"https:\\\/\\\/patagoniambiental.com.ar\\\/info\\\/fundacion-de-tompkins-dono-la-propiedad-de-una-isla-al-estado-de-corrientes-y-fue-integrada-al-parque-ibera\\\/\",\"name\":\"Fundaci\u00f3n de Tompkins don\u00f3 la propiedad de una isla al estado de Corrientes y fue integrada al Parque Iber\u00e1\",\"isPartOf\":{\"@id\":\"https:\\\/\\\/patagoniambiental.com.ar\\\/info\\\/#website\"},\"primaryImageOfPage\":{\"@id\":\"https:\\\/\\\/patagoniambiental.com.ar\\\/info\\\/fundacion-de-tompkins-dono-la-propiedad-de-una-isla-al-estado-de-corrientes-y-fue-integrada-al-parque-ibera\\\/#primaryimage\"},\"image\":{\"@id\":\"https:\\\/\\\/patagoniambiental.com.ar\\\/info\\\/fundacion-de-tompkins-dono-la-propiedad-de-una-isla-al-estado-de-corrientes-y-fue-integrada-al-parque-ibera\\\/#primaryimage\"},\"thumbnailUrl\":\"https:\\\/\\\/patagoniambiental.com.ar\\\/info\\\/wp-content\\\/uploads\\\/2018\\\/06\\\/Kristine-4-Cr\u00e9ditos-Tompkins-Conservation-PPAL-820x500.jpg\",\"datePublished\":\"2022-06-13T10:00:00+00:00\",\"dateModified\":\"2022-06-14T12:02:26+00:00\",\"breadcrumb\":{\"@id\":\"https:\\\/\\\/patagoniambiental.com.ar\\\/info\\\/fundacion-de-tompkins-dono-la-propiedad-de-una-isla-al-estado-de-corrientes-y-fue-integrada-al-parque-ibera\\\/#breadcrumb\"},\"inLanguage\":\"es\",\"potentialAction\":[{\"@type\":\"ReadAction\",\"target\":[\"https:\\\/\\\/patagoniambiental.com.ar\\\/info\\\/fundacion-de-tompkins-dono-la-propiedad-de-una-isla-al-estado-de-corrientes-y-fue-integrada-al-parque-ibera\\\/\"]}]},{\"@type\":\"ImageObject\",\"inLanguage\":\"es\",\"@id\":\"https:\\\/\\\/patagoniambiental.com.ar\\\/info\\\/fundacion-de-tompkins-dono-la-propiedad-de-una-isla-al-estado-de-corrientes-y-fue-integrada-al-parque-ibera\\\/#primaryimage\",\"url\":\"https:\\\/\\\/patagoniambiental.com.ar\\\/info\\\/wp-content\\\/uploads\\\/2018\\\/06\\\/Kristine-4-Cr\u00e9ditos-Tompkins-Conservation-PPAL-820x500.jpg\",\"contentUrl\":\"https:\\\/\\\/patagoniambiental.com.ar\\\/info\\\/wp-content\\\/uploads\\\/2018\\\/06\\\/Kristine-4-Cr\u00e9ditos-Tompkins-Conservation-PPAL-820x500.jpg\",\"width\":820,\"height\":500},{\"@type\":\"BreadcrumbList\",\"@id\":\"https:\\\/\\\/patagoniambiental.com.ar\\\/info\\\/fundacion-de-tompkins-dono-la-propiedad-de-una-isla-al-estado-de-corrientes-y-fue-integrada-al-parque-ibera\\\/#breadcrumb\",\"itemListElement\":[{\"@type\":\"ListItem\",\"position\":1,\"name\":\"Inicio\",\"item\":\"https:\\\/\\\/patagoniambiental.com.ar\\\/info\\\/\"},{\"@type\":\"ListItem\",\"position\":2,\"name\":\"Fundaci\u00f3n de Tompkins don\u00f3 la propiedad de una isla al estado de Corrientes y fue integrada al Parque Iber\u00e1\"}]},{\"@type\":\"WebSite\",\"@id\":\"https:\\\/\\\/patagoniambiental.com.ar\\\/info\\\/#website\",\"url\":\"https:\\\/\\\/patagoniambiental.com.ar\\\/info\\\/\",\"name\":\"Patagonia Ambiental\",\"description\":\"Monitoreo y an\u00e1lisis de la situaci\u00f3n geopol\u00edtica en el mundo y su implicancia en la Patagonia\",\"publisher\":{\"@id\":\"https:\\\/\\\/patagoniambiental.com.ar\\\/info\\\/#organization\"},\"potentialAction\":[{\"@type\":\"SearchAction\",\"target\":{\"@type\":\"EntryPoint\",\"urlTemplate\":\"https:\\\/\\\/patagoniambiental.com.ar\\\/info\\\/?s={search_term_string}\"},\"query-input\":{\"@type\":\"PropertyValueSpecification\",\"valueRequired\":true,\"valueName\":\"search_term_string\"}}],\"inLanguage\":\"es\"},{\"@type\":\"Organization\",\"@id\":\"https:\\\/\\\/patagoniambiental.com.ar\\\/info\\\/#organization\",\"name\":\"Patagonia Ambiental\",\"url\":\"https:\\\/\\\/patagoniambiental.com.ar\\\/info\\\/\",\"logo\":{\"@type\":\"ImageObject\",\"inLanguage\":\"es\",\"@id\":\"https:\\\/\\\/patagoniambiental.com.ar\\\/info\\\/#\\\/schema\\\/logo\\\/image\\\/\",\"url\":\"https:\\\/\\\/patagoniambiental.com.ar\\\/info\\\/wp-content\\\/uploads\\\/2025\\\/05\\\/LOGO-PATAGONIA-AMBIENTAL.png\",\"contentUrl\":\"https:\\\/\\\/patagoniambiental.com.ar\\\/info\\\/wp-content\\\/uploads\\\/2025\\\/05\\\/LOGO-PATAGONIA-AMBIENTAL.png\",\"width\":433,\"height\":250,\"caption\":\"Patagonia Ambiental\"},\"image\":{\"@id\":\"https:\\\/\\\/patagoniambiental.com.ar\\\/info\\\/#\\\/schema\\\/logo\\\/image\\\/\"},\"sameAs\":[\"https:\\\/\\\/www.facebook.com\\\/patagonia.ambiental\",\"https:\\\/\\\/x.com\\\/PatAmb\"]},{\"@type\":\"Person\",\"@id\":\"https:\\\/\\\/patagoniambiental.com.ar\\\/info\\\/#\\\/schema\\\/person\\\/e5af09d700b2e82cb10c6b8800e0c691\",\"name\":\"BRAIAN ESTEVEZ\",\"sameAs\":[\"http:\\\/\\\/www.patagoniambiental.com.ar\"]}]}<\/script>\n<!-- \/ Yoast SEO Premium plugin. -->","yoast_head_json":{"title":"Fundaci\u00f3n de Tompkins don\u00f3 la propiedad de una isla al estado de Corrientes y fue integrada al Parque Iber\u00e1","robots":{"index":"index","follow":"follow","max-snippet":"max-snippet:-1","max-image-preview":"max-image-preview:large","max-video-preview":"max-video-preview:-1"},"canonical":"https:\/\/patagoniambiental.com.ar\/info\/fundacion-de-tompkins-dono-la-propiedad-de-una-isla-al-estado-de-corrientes-y-fue-integrada-al-parque-ibera\/","og_locale":"es_ES","og_type":"article","og_title":"Fundaci\u00f3n de Tompkins don\u00f3 la propiedad de una isla al estado de Corrientes y fue integrada al Parque Iber\u00e1","og_url":"https:\/\/patagoniambiental.com.ar\/info\/fundacion-de-tompkins-dono-la-propiedad-de-una-isla-al-estado-de-corrientes-y-fue-integrada-al-parque-ibera\/","og_site_name":"Patagonia Ambiental","article_publisher":"https:\/\/www.facebook.com\/patagonia.ambiental","article_published_time":"2022-06-13T10:00:00+00:00","article_modified_time":"2022-06-14T12:02:26+00:00","og_image":[{"width":820,"height":500,"url":"https:\/\/patagoniambiental.com.ar\/info\/wp-content\/uploads\/2018\/06\/Kristine-4-Cr\u00e9ditos-Tompkins-Conservation-PPAL-820x500.jpg","type":"image\/jpeg"}],"author":"BRAIAN ESTEVEZ","twitter_card":"summary_large_image","twitter_creator":"@PatAmb","twitter_site":"@PatAmb","schema":{"@context":"https:\/\/schema.org","@graph":[{"@type":"Article","@id":"https:\/\/patagoniambiental.com.ar\/info\/fundacion-de-tompkins-dono-la-propiedad-de-una-isla-al-estado-de-corrientes-y-fue-integrada-al-parque-ibera\/#article","isPartOf":{"@id":"https:\/\/patagoniambiental.com.ar\/info\/fundacion-de-tompkins-dono-la-propiedad-de-una-isla-al-estado-de-corrientes-y-fue-integrada-al-parque-ibera\/"},"author":{"name":"BRAIAN ESTEVEZ","@id":"https:\/\/patagoniambiental.com.ar\/info\/#\/schema\/person\/e5af09d700b2e82cb10c6b8800e0c691"},"headline":"Fundaci\u00f3n de Tompkins don\u00f3 la propiedad de una isla al estado de Corrientes y fue integrada al Parque Iber\u00e1","datePublished":"2022-06-13T10:00:00+00:00","dateModified":"2022-06-14T12:02:26+00:00","mainEntityOfPage":{"@id":"https:\/\/patagoniambiental.com.ar\/info\/fundacion-de-tompkins-dono-la-propiedad-de-una-isla-al-estado-de-corrientes-y-fue-integrada-al-parque-ibera\/"},"wordCount":264,"commentCount":0,"publisher":{"@id":"https:\/\/patagoniambiental.com.ar\/info\/#organization"},"image":{"@id":"https:\/\/patagoniambiental.com.ar\/info\/fundacion-de-tompkins-dono-la-propiedad-de-una-isla-al-estado-de-corrientes-y-fue-integrada-al-parque-ibera\/#primaryimage"},"thumbnailUrl":"https:\/\/patagoniambiental.com.ar\/info\/wp-content\/uploads\/2018\/06\/Kristine-4-Cr\u00e9ditos-Tompkins-Conservation-PPAL-820x500.jpg","articleSection":["Noticias","ONG"],"inLanguage":"es","potentialAction":[{"@type":"CommentAction","name":"Comment","target":["https:\/\/patagoniambiental.com.ar\/info\/fundacion-de-tompkins-dono-la-propiedad-de-una-isla-al-estado-de-corrientes-y-fue-integrada-al-parque-ibera\/#respond"]}]},{"@type":"WebPage","@id":"https:\/\/patagoniambiental.com.ar\/info\/fundacion-de-tompkins-dono-la-propiedad-de-una-isla-al-estado-de-corrientes-y-fue-integrada-al-parque-ibera\/","url":"https:\/\/patagoniambiental.com.ar\/info\/fundacion-de-tompkins-dono-la-propiedad-de-una-isla-al-estado-de-corrientes-y-fue-integrada-al-parque-ibera\/","name":"Fundaci\u00f3n de Tompkins don\u00f3 la propiedad de una isla al estado de Corrientes y fue integrada al Parque Iber\u00e1","isPartOf":{"@id":"https:\/\/patagoniambiental.com.ar\/info\/#website"},"primaryImageOfPage":{"@id":"https:\/\/patagoniambiental.com.ar\/info\/fundacion-de-tompkins-dono-la-propiedad-de-una-isla-al-estado-de-corrientes-y-fue-integrada-al-parque-ibera\/#primaryimage"},"image":{"@id":"https:\/\/patagoniambiental.com.ar\/info\/fundacion-de-tompkins-dono-la-propiedad-de-una-isla-al-estado-de-corrientes-y-fue-integrada-al-parque-ibera\/#primaryimage"},"thumbnailUrl":"https:\/\/patagoniambiental.com.ar\/info\/wp-content\/uploads\/2018\/06\/Kristine-4-Cr\u00e9ditos-Tompkins-Conservation-PPAL-820x500.jpg","datePublished":"2022-06-13T10:00:00+00:00","dateModified":"2022-06-14T12:02:26+00:00","breadcrumb":{"@id":"https:\/\/patagoniambiental.com.ar\/info\/fundacion-de-tompkins-dono-la-propiedad-de-una-isla-al-estado-de-corrientes-y-fue-integrada-al-parque-ibera\/#breadcrumb"},"inLanguage":"es","potentialAction":[{"@type":"ReadAction","target":["https:\/\/patagoniambiental.com.ar\/info\/fundacion-de-tompkins-dono-la-propiedad-de-una-isla-al-estado-de-corrientes-y-fue-integrada-al-parque-ibera\/"]}]},{"@type":"ImageObject","inLanguage":"es","@id":"https:\/\/patagoniambiental.com.ar\/info\/fundacion-de-tompkins-dono-la-propiedad-de-una-isla-al-estado-de-corrientes-y-fue-integrada-al-parque-ibera\/#primaryimage","url":"https:\/\/patagoniambiental.com.ar\/info\/wp-content\/uploads\/2018\/06\/Kristine-4-Cr\u00e9ditos-Tompkins-Conservation-PPAL-820x500.jpg","contentUrl":"https:\/\/patagoniambiental.com.ar\/info\/wp-content\/uploads\/2018\/06\/Kristine-4-Cr\u00e9ditos-Tompkins-Conservation-PPAL-820x500.jpg","width":820,"height":500},{"@type":"BreadcrumbList","@id":"https:\/\/patagoniambiental.com.ar\/info\/fundacion-de-tompkins-dono-la-propiedad-de-una-isla-al-estado-de-corrientes-y-fue-integrada-al-parque-ibera\/#breadcrumb","itemListElement":[{"@type":"ListItem","position":1,"name":"Inicio","item":"https:\/\/patagoniambiental.com.ar\/info\/"},{"@type":"ListItem","position":2,"name":"Fundaci\u00f3n de Tompkins don\u00f3 la propiedad de una isla al estado de Corrientes y fue integrada al Parque Iber\u00e1"}]},{"@type":"WebSite","@id":"https:\/\/patagoniambiental.com.ar\/info\/#website","url":"https:\/\/patagoniambiental.com.ar\/info\/","name":"Patagonia Ambiental","description":"Monitoreo y an\u00e1lisis de la situaci\u00f3n geopol\u00edtica en el mundo y su implicancia en la Patagonia","publisher":{"@id":"https:\/\/patagoniambiental.com.ar\/info\/#organization"},"potentialAction":[{"@type":"SearchAction","target":{"@type":"EntryPoint","urlTemplate":"https:\/\/patagoniambiental.com.ar\/info\/?s={search_term_string}"},"query-input":{"@type":"PropertyValueSpecification","valueRequired":true,"valueName":"search_term_string"}}],"inLanguage":"es"},{"@type":"Organization","@id":"https:\/\/patagoniambiental.com.ar\/info\/#organization","name":"Patagonia Ambiental","url":"https:\/\/patagoniambiental.com.ar\/info\/","logo":{"@type":"ImageObject","inLanguage":"es","@id":"https:\/\/patagoniambiental.com.ar\/info\/#\/schema\/logo\/image\/","url":"https:\/\/patagoniambiental.com.ar\/info\/wp-content\/uploads\/2025\/05\/LOGO-PATAGONIA-AMBIENTAL.png","contentUrl":"https:\/\/patagoniambiental.com.ar\/info\/wp-content\/uploads\/2025\/05\/LOGO-PATAGONIA-AMBIENTAL.png","width":433,"height":250,"caption":"Patagonia Ambiental"},"image":{"@id":"https:\/\/patagoniambiental.com.ar\/info\/#\/schema\/logo\/image\/"},"sameAs":["https:\/\/www.facebook.com\/patagonia.ambiental","https:\/\/x.com\/PatAmb"]},{"@type":"Person","@id":"https:\/\/patagoniambiental.com.ar\/info\/#\/schema\/person\/e5af09d700b2e82cb10c6b8800e0c691","name":"BRAIAN ESTEVEZ","sameAs":["http:\/\/www.patagoniambiental.com.ar"]}]}},"_links":{"self":[{"href":"https:\/\/patagoniambiental.com.ar\/info\/wp-json\/wp\/v2\/posts\/75981","targetHints":{"allow":["GET"]}}],"collection":[{"href":"https:\/\/patagoniambiental.com.ar\/info\/wp-json\/wp\/v2\/posts"}],"about":[{"href":"https:\/\/patagoniambiental.com.ar\/info\/wp-json\/wp\/v2\/types\/post"}],"author":[{"embeddable":true,"href":"https:\/\/patagoniambiental.com.ar\/info\/wp-json\/wp\/v2\/users\/6"}],"replies":[{"embeddable":true,"href":"https:\/\/patagoniambiental.com.ar\/info\/wp-json\/wp\/v2\/comments?post=75981"}],"version-history":[{"count":0,"href":"https:\/\/patagoniambiental.com.ar\/info\/wp-json\/wp\/v2\/posts\/75981\/revisions"}],"wp:featuredmedia":[{"embeddable":true,"href":"https:\/\/patagoniambiental.com.ar\/info\/wp-json\/wp\/v2\/media\/48487"}],"wp:attachment":[{"href":"https:\/\/patagoniambiental.com.ar\/info\/wp-json\/wp\/v2\/media?parent=75981"}],"wp:term":[{"taxonomy":"category","embeddable":true,"href":"https:\/\/patagoniambiental.com.ar\/info\/wp-json\/wp\/v2\/categories?post=75981"},{"taxonomy":"post_tag","embeddable":true,"href":"https:\/\/patagoniambiental.com.ar\/info\/wp-json\/wp\/v2\/tags?post=75981"}],"curies":[{"name":"wp","href":"https:\/\/api.w.org\/{rel}","templated":true}]}}