{"id":75987,"date":"2022-06-16T07:00:00","date_gmt":"2022-06-16T10:00:00","guid":{"rendered":"http:\/\/patagoniambiental.com.ar\/info\/?p=75987"},"modified":"2022-06-16T09:21:43","modified_gmt":"2022-06-16T12:21:43","slug":"como-es-y-que-objetivos-tiene-el-proyecto-que-obliga-a-los-funcionarios-a-capacitarse-sobre-malvinas","status":"publish","type":"post","link":"https:\/\/patagoniambiental.com.ar\/info\/como-es-y-que-objetivos-tiene-el-proyecto-que-obliga-a-los-funcionarios-a-capacitarse-sobre-malvinas\/","title":{"rendered":"C\u00f3mo es y qu\u00e9 objetivos tiene el proyecto que obliga a los funcionarios a capacitarse sobre Malvinas"},"content":{"rendered":"\n<!--more-->\n\n\n\n<h2 class=\"wp-block-heading\">Tras el voto un\u00e1nime del Senado en 2021, este jueves se debat\u00eda en Diputados. Alcanza a los tres poderes del Estado y buscan implementarlo en provincias. Di\u00e1logo con su autora, la senadora por Tierra del Fuego Eugenia Dur\u00e9.<\/h2>\n\n\n\n<ul class=\"wp-block-list\"><li><\/li><li><\/li><li><\/li><li><\/li><\/ul>\n\n\n\n<figure class=\"wp-block-image\"><img decoding=\"async\" src=\"https:\/\/media.ambito.com\/p\/6c3ee6c1605f3e2ecff5c15fd50057f8\/adjuntos\/239\/imagenes\/039\/934\/0039934145\/730x0\/smart\/malvinasjpg.jpg\" alt=\"C\u00f3mo es y qu\u00e9 objetivos tiene el proyecto que obliga a los funcionarios a capacitarse sobre Malvinas\" title=\"C\u00f3mo es y qu\u00e9 objetivos tiene el proyecto que obliga a los funcionarios a capacitarse sobre Malvinas\"\/><\/figure>\n\n\n\n<figure class=\"wp-block-image\"><img decoding=\"async\" src=\"https:\/\/media.ambito.com\/p\/9a1c51b8e8e58d814c3af79915da500c\/adjuntos\/239\/autores\/036\/022\/0036022936\/joaquin-rodriguez-freirepng.png\" alt=\"Joaqu\u00edn Rodr\u00edguez Freire\"\/><\/figure>\n\n\n\n<p>Por <a href=\"https:\/\/www.ambito.com\/perfil\/714410-joaquin-rodriguez-freire\">Joaqu\u00edn Rodr\u00edguez Freire <\/a><a href=\"mailto:jrodriguez@ambito.com.ar\">jrodriguez@ambito.com.ar<\/a><\/p>\n\n\n\n<p><strong>La C\u00e1mara de Diputados se dispon\u00eda este jueves a transformar en ley el proyecto que establece la capacitaci\u00f3n obligatoria en la Cuesti\u00f3n de las Islas <a href=\"https:\/\/www.ambito.com\/malvinas-a5123046\">Malvinas<\/a> para todas las personas que se desempe\u00f1en en la funci\u00f3n p\u00fablica. <\/strong>El texto hab\u00eda sido votado por unanimidad por el Senado en 2021 y abarca a funcionarios y funcionarias de los tres poderes del Estado.<\/p>\n\n\n\n<p>Su autora es la senadora del Frente de Todos por Tierra del Fuego, Ant\u00e1rtida e Islas del Atl\u00e1ntico Sur, <strong>Eugenia Dur\u00e9<\/strong>. En di\u00e1logo con <strong>\u00c1mbito<\/strong>, Dur\u00e9 repasa las aristas principales de la iniciativa, c\u00f3mo se aplicar\u00e1 y cu\u00e1l es su objetivo final.<\/p>\n\n\n\n<figure class=\"wp-block-image\"><a href=\"https:\/\/www.ambito.com\/informacion-general\/malvinas\/maten-moore-40-anos-la-ultima-y-osada-mision-los-a4-n5461498\"><img decoding=\"async\" src=\"https:\/\/media.ambito.com\/p\/065d666c041391403c2d81d831c6e550\/adjuntos\/239\/imagenes\/039\/924\/0039924570\/255x191\/smart\/a4-malvinasjpg.jpg\" alt=\"maten a moore: a 40 anos de la ultima y osada mision de los a4 en malvinas\" title=\"maten a moore: a 40 anos de la ultima y osada mision de los a4 en malvinas\"\/><\/a><\/figure>\n\n\n\n<p><a href=\"https:\/\/www.ambito.com\/informacion-general\/malvinas\/maten-moore-40-anos-la-ultima-y-osada-mision-los-a4-n5461498\">Informate m\u00e1s<\/a><\/p>\n\n\n\n<h2 class=\"wp-block-heading\"><a href=\"https:\/\/www.ambito.com\/informacion-general\/malvinas\/maten-moore-40-anos-la-ultima-y-osada-mision-los-a4-n5461498\">Maten a Moore: a 40 a\u00f1os de la \u00faltima y osada misi\u00f3n de los A4 en Malvinas<\/a><\/h2>\n\n\n\n<p><strong>Periodista: \u00bfPor qu\u00e9 resulta importante la aprobaci\u00f3n del proyecto de ley de Capacitaci\u00f3n Obligatoria en la Cuesti\u00f3n de las Islas Malvinas a los tres poderes del Estado?<\/strong><\/p>\n\n\n\n<p><strong>Eugenia Dur\u00e9:<\/strong> La Ley de Capacitaci\u00f3n obligatoria en la \u201cCuesti\u00f3n de las Islas Malvinas\u201d en los tres poderes del Estado Nacional es un instrumento que nos va a permitir la formaci\u00f3n y concientizaci\u00f3n sobre la Cuesti\u00f3n de las Islas Malvinas, lo cual consideramos como un pilar fundamental para nuestra Patria. No se puede defender lo que se desconoce. Una sociedad democr\u00e1tica debe sostener una idea de naci\u00f3n y de ciudadan\u00eda que solo se realiza en un r\u00e9gimen democr\u00e1tico cuyo fundamento es la soberan\u00eda del pueblo, la pluralidad y la diferencia. Soberan\u00eda, derechos humanos y democracia son elementos indisociables.<\/p>\n\n\n\n<p>Resulta fundamental que los agentes del Estado puedan contar con una herramienta que les permita aplicar la tem\u00e1tica de manera transversal, en la ejecuci\u00f3n de las pol\u00edticas p\u00fablicas. Es necesario preguntarse cu\u00e1ntos funcionarios y funcionarias saben realmente lo que ha sucedido con las Islas Malvinas y su usurpaci\u00f3n y por qu\u00e9 es importante continuar con el reclamo de soberan\u00eda.<\/p>\n\n\n\n<p>Por otro lado, la ley prev\u00e9 que las provincias y CABA puedan adherir para ser implementada en cada rinc\u00f3n de nuestra patria, eso va permitir unificar a lo largo y ancho del pa\u00eds una base de conocimientos y posturas con respecto al posicionamiento de nuestro pa\u00eds a nivel nacional e internacional, en la defensa de nuestra soberan\u00eda sobre las Islas Malvinas. Hablar un mismo idioma nos va posibilitar unificar criterios sobre una base de conocimiento com\u00fan, que potencie nuestra cultura malvinera en todo el suelo argentino.<\/p>\n\n\n\n<p><strong>P.: \u00bfC\u00f3mo fue la g\u00e9nesis del proyecto?<\/strong><\/p>\n\n\n\n<p><strong>E.D.: <\/strong>La iniciativa surge a partir de observar distintos comentarios y declaraciones vertidas en la opini\u00f3n p\u00fablica; y frente a eso, se pens\u00f3 en generar una herramienta positiva que contribuya a contar con informaci\u00f3n certera para que esas declaraciones no tengan lugar en un contexto en el que tenemos usurpado un territorio hace 189 a\u00f1os. Lo cierto es que la historia reciente y sus diferentes aristas deben tener el ejercicio de comprensi\u00f3n y reflexi\u00f3n de manera continua, sobre todo, para evitar cometer algunos errores del pasado, que en el conflicto del Atl\u00e1ntico Sur, puntualmente, se cobr\u00f3 muchas vidas de inocentes y que a\u00fan resta mucho por conocer.<\/p>\n\n\n\n<p><strong>P.: \u00bfHubo alg\u00fan hecho en espec\u00edfico que la haya impulsado a concebirlo?<\/strong><\/p>\n\n\n\n<p><strong>E.D.: <\/strong>Ninguno en particular, pero como dije anteriormente, surgi\u00f3 de observar diversas declaraciones que mostraban una falta de conocimiento y de reconocimiento de la importancia que la Causa Malvinas tiene en nuestra identidad como naci\u00f3n. Como fueguina, la identidad malvinera se vive a diario con cada encuentro que tenemos con los veteranos, con sus familiares. En Tierra del Fuego, se respira Malvinas todos los d\u00edas y por eso, creo que es importante, sobre todo para las generaciones futuras y como un legado de nuestros h\u00e9roes y hero\u00ednas, que la Causa Malvinas se fortalezca como pol\u00ectica de Estado a trav\u00e9s de esta capacitaci\u00f3n, que ser\u00e1 obligatoria y permanente.<\/p>\n\n\n\n<p><strong>P.: \u00bfSiente que hay un d\u00e9ficit de la clase pol\u00edtica con respecto a la formaci\u00f3n sobre la cuesti\u00f3n Malvinas?<\/strong><\/p>\n\n\n\n<p><strong>E.D.: <\/strong>Los pilares de la pol\u00edtica de Estado respecto de la Cuesti\u00f3n de las Islas Malvinas se encuentran plasmados en la propia Constituci\u00f3n Nacional (Disposici\u00f3n Transitoria Primera). En verdad, s\u00ed existe un d\u00e9ficit, pero est\u00e1 la voluntad pol\u00edtica de poder revertirlo, por eso creemos que este tipo de iniciativas son una respuesta de tipo constructiva, con miras hacia el futuro y que aspiran a construir nuestra historia reciente con reflexi\u00f3n, sentido cr\u00edtico y conociendo los diferentes aspectos que involucran a la Causa Malvinas. https:\/\/www.ambito.com\/_post\/viewerpdfjs.php?file=https:\/\/www.ambito.com\/adjuntos\/239\/documentos\/039\/934\/0039934048.pdf?0000-00-00-00-00-00<\/p>\n\n\n\n<p><strong>P.: El proyecto refiere a la capacitaci\u00f3n obligatoria, peri\u00f3dica y permanente sobre Malvinas. \u00bfC\u00f3mo se implementar\u00eda y c\u00f3mo ser\u00edan esas capacitaciones?<\/strong><\/p>\n\n\n\n<p><strong>E.D.:<\/strong> La iniciativa tiene como objetivo profundizar en la importancia de Malvinas en la construcci\u00f3n de la identidad nacional, por lo que implica comprometer a la poblaci\u00f3n en la transmisi\u00f3n del conocimiento adquirido respecto de los argumentos hist\u00f3ricos, geogr\u00e1ficos, ambientales, jur\u00eddicos y pol\u00edticos que esgrime nuestro pa\u00eds en relaci\u00f3n con la Cuesti\u00f3n de las Islas Malvinas, as\u00ed como tambi\u00e9n, la informaci\u00f3n relativa a la normativa nacional e internacional vigente.<\/p>\n\n\n\n<p>Se prev\u00e9 que esta capacitaci\u00f3n pueda recorrer los distintos aspectos que mencion\u00e9 anteriormente, entendiendo que Malvinas es mucho m\u00e1s que el Conflicto del Atl\u00e1ntico Sur de 1982. Nos une una historia com\u00fan con nuestras islas, que va m\u00e1s all\u00e1 de la usurpaci\u00f3n y que muy pocos conocen. Lo mismo sucede con la potencialidad geopol\u00edtica y de recursos naturales. Mediante esta capacitaci\u00f3n aspiramos a que el conocimiento de nuestras Islas Malvinas, sea de manera integral.<\/p>\n\n\n\n<p><strong>P.: En el Senado fue votado por unanimidad. \u00bfCree que es un proyecto transversal a los partidos pol\u00edticos?<\/strong><\/p>\n\n\n\n<p><strong>E.D.: <\/strong>Considero que la Causa Malvinas debe ser transversal a todos los partidos pol\u00edticos, pese a que por momentos, haya un mal uso de algunos conceptos y preceptos, producto de la fuerte desmalvinizaci\u00f3n que sufri\u00f3 nuestro pa\u00eds y que algunos partidos pol\u00edticos no fueron ajenos a este proceso. Sin embargo, hablar de la Causa Malvinas nos tiene que hermanar, porque como siempre me gusta decir \u201cLa Causa Malvinas es una de las causas m\u00e1s nobles del pueblo argentino\u201d, por eso tenemos la responsabilidad de consensuar un objetivo com\u00fan que es recuperar nuestras Islas, a trav\u00e9s del di\u00e1logo y la paz, usurpadas ileg\u00edtimamente hace 189 a\u00f1os.<\/p>\n\n\n\n<p><strong>P.: Si bien refiere a otra tem\u00e1tica, la Ley Micaela parece un antecedente directo de esta normativa. \u00bfUs\u00f3 ese proyecto como modelo? \u00bfTuvo otros de referencia?<\/strong><\/p>\n\n\n\n<p><strong>E.D.:<\/strong> La capacitaci\u00f3n debe ser una herramienta fundamental para promover los distintos aspectos que consideramos fundamentales para el desarrollo de nuestro pa\u00eds. Por eso nos pareci\u00f3 muy valioso los consensos que se establecieron alrededor de la Ley Micaela y de la Ley Yolanda, es por este motivo que al igual que una capacitaci\u00f3n en materia de g\u00e9nero o en materia de ambiente, resulta fundamental la concientizaci\u00f3n de la Cuesti\u00f3n de las Islas Malvinas, como un pilar fundamental para nuestra patria.<\/p>\n\n\n\n<figure class=\"wp-block-image\"><img decoding=\"async\" src=\"https:\/\/media.ambito.com\/p\/eb8d808d3475922c42991c212fa03c2a\/adjuntos\/239\/imagenes\/039\/934\/0039934060\/730x0\/smart\/senadora-eugenia-durejpg.jpg\" alt=\"La senadora Eugenia Dur\u00e9.\"\/><\/figure>\n\n\n\n<p>La senadora Eugenia Dur\u00e9.<\/p>\n\n\n\n<p><strong>P.: \u00bfQu\u00e9 representa para los fueguinos y las fueguinas la cuesti\u00f3n Malvinas?<\/strong><\/p>\n\n\n\n<p><strong>E.D.: <\/strong>La Causa Malvinas es parte identitaria de nuestro ser como fueguinos y fueguinas, nuestra provincia cumpli\u00f3 un rol fundamental en mantener viva la causa, a pesar de los distintos procesos hist\u00f3ricos de desmalvinizaci\u00f3n. Al recorrer nuestra provincia, uno puede observar los numerosos s\u00edmbolos alusivos a las Islas, que dan cuenta de un pueblo atravesado en su totalidad por uno de los hechos m\u00e1s tristes de nuestra historia, como el Conflicto del Atl\u00e1ntico Sur en 1982.<\/p>\n\n\n\n<p>En el d\u00eda a d\u00eda, convivimos con nuestros veteranos. Nos encontramos con nuestros h\u00e9roes de Malvinas, en el supermercado, en las calles, en cada rinc\u00f3n de la ciudad.<\/p>\n\n\n\n<p>En mi ciudad, Rio Grande, se realiz\u00f3 el 1 de Abril de 1984 la primera reuni\u00f3n de veteranos de Malvinas, con el objetivo de conmemorar aquellos sucesos de 1982, en memoria a los ca\u00eddos y resignificando el reclamo soberano por nuestras Islas. Este suceso se convirti\u00f3 en un hito fundamental que llev\u00f3 a que, a partir de 1995 y sin interrupci\u00f3n, una semana antes del 1\u00b0 de Abril, los veteranos alzan la \u201cCarpa de la dignidad\u201d frente al Monumento a los H\u00e9roes de Malvinas, en la misma ciudad de aquella reuni\u00f3n de 1984, realizando actividades de concientizaci\u00f3n y visibilizaci\u00f3n, acerca del reclamo de soberan\u00eda de nuestras Islas.<\/p>\n\n\n\n<p>Y es as\u00ed que la ciudad de R\u00edo Grande se convierte en 2013 mediante la ley 26846 en la \u201cCapital Nacional de la Vigilia por la Gloriosa Gesta de Malvinas\u201d, que se lleva a cabo durante la noche del 1\u00b0 de abril, en presencia de veteranos de diferentes puntos del pa\u00eds y sus familias, junto con el acompa\u00f1amiento de otros veteranos de guerra, vecinos y vecinas de la ciudad, de la regi\u00f3n y el pa\u00eds; funcionarios p\u00fablicos y referentes que trabajan por la causa Malvinas a nivel nacional e internacional, se congregan en un multitudinario encuentro en el Monumento Central a los Ca\u00eddos, que est\u00e1 resguardado por banderas argentinas que recuerdan a nuestros ca\u00eddos, mirando hacia nuestra Islas Malvinas y contemplados por el fog\u00f3n que nuestros veteranos se encargan de mantener encendido hace 27 a\u00f1os, desde esa primera vigilia.<\/p>\n\n\n\n<p>Asimismo, en la ciudad de Ushuaia, capital de las Islas Malvinas, se lleva a cabo cada 2 de abril el acto central. Los actos se realizan en la plaza que est\u00e1 situado el Monumento a los Ca\u00eddos durante el conflicto, una estructura que emula el contorno del mapa de las islas y que est\u00e1 vac\u00edo en su interior, como un s\u00edmbolo de la falta de ejercicio pleno de la soberan\u00eda sobre el territorio usurpado por el Reino Unido.<\/p>\n\n\n\n<p>Nuestra Provincia de Tierra del Fuego, Ant\u00e1rtida e Islas del Atl\u00e1ntico Sur est\u00e1 atravesada por la \u201cCultura Malvinera\u201d . Durante mucho tiempo en nuestro pa\u00eds se sufri\u00f3 una \u201cdesmalvinizaci\u00f3n\u201d con un objetivo claro: olvidar, invisibilizar y entregar aquel rol heroico que tuvieron los y las j\u00f3venes que, a pesar de ser parte de una injusta y unilateral decisi\u00f3n de un gobierno de facto, fueron a dar su vida por nuestra tierra, nuestra Patria y nuestra soberan\u00eda.<\/p>\n\n\n\n<p>Desde que asum\u00ed mi cargo de representante ante el Senado de la Naci\u00f3n de la provincia de Tierra del Fuego, Ant\u00e1rtida e Islas del Atl\u00e1ntico Sur (AIAS), mi compromiso de visibilizar y honrar a la Causa Malvinas se volvi\u00f3 un norte para llevar a adelante diferentes iniciativa en cada \u00e1mbito de acci\u00f3n que puedo ser parte.<\/p>\n\n\n\n<p><strong>P.: Va a estar presente en una reuni\u00f3n del Comit\u00e9 de Descolonizaci\u00f3n de la ONU. \u00bfEn qu\u00e9 se va a basar tu participaci\u00f3n?<\/strong><\/p>\n\n\n\n<p>El pr\u00f3ximo 23 de junio, en el marco de la Sesi\u00f3n Anual del Comit\u00e9 Especial de Descolonizaci\u00f3n (C-24) de la Organizaci\u00f3n de Naciones Unidas (ONU), nuestro pa\u00eds renovar\u00e1 el reclamo permanente por el ejercicio pleno de soberan\u00eda respecto de las Islas Malvinas, Georgias del Sur, Sandwich del Sur y los espacios mar\u00edtimos correspondientes, tambi\u00e9n conocido como \u201cCuesti\u00f3n de las Islas Malvinas\u201d. La delegaci\u00f3n estar\u00e1 encabezada por el ministro de Relaciones Exteriores y Culto, el canciller Santiago Cafiero, el secretario de Malvinas, Ant\u00e1rtida y Atl\u00e1ntico Sur, Guillermo Carmona y lo acompa\u00f1aremos distintos representantes legislativos y provinciales, de distintas fuerzas pol\u00edticas.<\/p>\n\n\n\n<p>En este marco, en mi car\u00e1cter de senadora de la provincia de Tierra del Fuego, Ant\u00e1rtida e Islas del Atl\u00e1ntico Sur, acompa\u00f1aremos la presentaci\u00f3n que realizar\u00e1 la Canciller\u00eda argentina, como se realiza ya hace algunos a\u00f1os, demostrando una vez m\u00e1s la importancia que tiene para nuestro pa\u00eds, quienes somos parte de los diferentes poderes del Estado y de distintas fuerzas pol\u00edticas, el reclamo de soberan\u00eda sobre nuestras Islas Malvinas.<\/p>\n\n\n\n<p>En esta instancia resulta fundamental para que nuestro pa\u00eds, d\u00e9 un mensaje a la comunidad internacional de que Malvinas es una verdadera pol\u00edtica de Estado.<\/p>\n\n\n\n<p>Fuente: ambito<\/p>\n","protected":false},"excerpt":{"rendered":"","protected":false},"author":6,"featured_media":75988,"comment_status":"open","ping_status":"open","sticky":false,"template":"","format":"standard","meta":{"site-sidebar-layout":"default","site-content-layout":"","ast-site-content-layout":"default","site-content-style":"default","site-sidebar-style":"default","ast-global-header-display":"","ast-banner-title-visibility":"","ast-main-header-display":"","ast-hfb-above-header-display":"","ast-hfb-below-header-display":"","ast-hfb-mobile-header-display":"","site-post-title":"","ast-breadcrumbs-content":"","ast-featured-img":"","footer-sml-layout":"","ast-disable-related-posts":"","theme-transparent-header-meta":"","adv-header-id-meta":"","stick-header-meta":"","header-above-stick-meta":"","header-main-stick-meta":"","header-below-stick-meta":"","astra-migrate-meta-layouts":"default","ast-page-background-enabled":"default","ast-page-background-meta":{"desktop":{"background-color":"var(--ast-global-color-5)","background-image":"","background-repeat":"repeat","background-position":"center center","background-size":"auto","background-attachment":"scroll","background-type":"","background-media":"","overlay-type":"","overlay-color":"","overlay-opacity":"","overlay-gradient":""},"tablet":{"background-color":"","background-image":"","background-repeat":"repeat","background-position":"center center","background-size":"auto","background-attachment":"scroll","background-type":"","background-media":"","overlay-type":"","overlay-color":"","overlay-opacity":"","overlay-gradient":""},"mobile":{"background-color":"","background-image":"","background-repeat":"repeat","background-position":"center center","background-size":"auto","background-attachment":"scroll","background-type":"","background-media":"","overlay-type":"","overlay-color":"","overlay-opacity":"","overlay-gradient":""}},"ast-content-background-meta":{"desktop":{"background-color":"var(--ast-global-color-4)","background-image":"","background-repeat":"repeat","background-position":"center center","background-size":"auto","background-attachment":"scroll","background-type":"","background-media":"","overlay-type":"","overlay-color":"","overlay-opacity":"","overlay-gradient":""},"tablet":{"background-color":"var(--ast-global-color-4)","background-image":"","background-repeat":"repeat","background-position":"center center","background-size":"auto","background-attachment":"scroll","background-type":"","background-media":"","overlay-type":"","overlay-color":"","overlay-opacity":"","overlay-gradient":""},"mobile":{"background-color":"var(--ast-global-color-4)","background-image":"","background-repeat":"repeat","background-position":"center center","background-size":"auto","background-attachment":"scroll","background-type":"","background-media":"","overlay-type":"","overlay-color":"","overlay-opacity":"","overlay-gradient":""}},"footnotes":""},"categories":[1],"tags":[],"class_list":["post-75987","post","type-post","status-publish","format-standard","has-post-thumbnail","hentry","category-noticias"],"yoast_head":"<!-- This site is optimized with the Yoast SEO Premium plugin v23.0 (Yoast SEO v27.4) - https:\/\/yoast.com\/product\/yoast-seo-premium-wordpress\/ -->\n<title>C\u00f3mo es y qu\u00e9 objetivos tiene el proyecto que obliga a los funcionarios a capacitarse sobre Malvinas<\/title>\n<meta name=\"robots\" content=\"index, follow, max-snippet:-1, max-image-preview:large, max-video-preview:-1\" \/>\n<link rel=\"canonical\" href=\"https:\/\/patagoniambiental.com.ar\/info\/como-es-y-que-objetivos-tiene-el-proyecto-que-obliga-a-los-funcionarios-a-capacitarse-sobre-malvinas\/\" \/>\n<meta property=\"og:locale\" content=\"es_ES\" \/>\n<meta property=\"og:type\" content=\"article\" \/>\n<meta property=\"og:title\" content=\"C\u00f3mo es y qu\u00e9 objetivos tiene el proyecto que obliga a los funcionarios a capacitarse sobre Malvinas\" \/>\n<meta property=\"og:url\" content=\"https:\/\/patagoniambiental.com.ar\/info\/como-es-y-que-objetivos-tiene-el-proyecto-que-obliga-a-los-funcionarios-a-capacitarse-sobre-malvinas\/\" \/>\n<meta property=\"og:site_name\" content=\"Patagonia Ambiental\" \/>\n<meta property=\"article:publisher\" content=\"https:\/\/www.facebook.com\/patagonia.ambiental\" \/>\n<meta property=\"article:published_time\" content=\"2022-06-16T10:00:00+00:00\" \/>\n<meta property=\"article:modified_time\" content=\"2022-06-16T12:21:43+00:00\" \/>\n<meta property=\"og:image\" content=\"https:\/\/patagoniambiental.com.ar\/info\/wp-content\/uploads\/2022\/06\/index.jpeg\" \/>\n\t<meta property=\"og:image:width\" content=\"270\" \/>\n\t<meta property=\"og:image:height\" content=\"187\" \/>\n\t<meta property=\"og:image:type\" content=\"image\/jpeg\" \/>\n<meta name=\"author\" content=\"BRAIAN ESTEVEZ\" \/>\n<meta name=\"twitter:card\" content=\"summary_large_image\" \/>\n<meta name=\"twitter:creator\" content=\"@PatAmb\" \/>\n<meta name=\"twitter:site\" content=\"@PatAmb\" \/>\n<script type=\"application\/ld+json\" class=\"yoast-schema-graph\">{\"@context\":\"https:\\\/\\\/schema.org\",\"@graph\":[{\"@type\":\"Article\",\"@id\":\"https:\\\/\\\/patagoniambiental.com.ar\\\/info\\\/como-es-y-que-objetivos-tiene-el-proyecto-que-obliga-a-los-funcionarios-a-capacitarse-sobre-malvinas\\\/#article\",\"isPartOf\":{\"@id\":\"https:\\\/\\\/patagoniambiental.com.ar\\\/info\\\/como-es-y-que-objetivos-tiene-el-proyecto-que-obliga-a-los-funcionarios-a-capacitarse-sobre-malvinas\\\/\"},\"author\":{\"name\":\"BRAIAN ESTEVEZ\",\"@id\":\"https:\\\/\\\/patagoniambiental.com.ar\\\/info\\\/#\\\/schema\\\/person\\\/e5af09d700b2e82cb10c6b8800e0c691\"},\"headline\":\"C\u00f3mo es y qu\u00e9 objetivos tiene el proyecto que obliga a los funcionarios a capacitarse sobre Malvinas\",\"datePublished\":\"2022-06-16T10:00:00+00:00\",\"dateModified\":\"2022-06-16T12:21:43+00:00\",\"mainEntityOfPage\":{\"@id\":\"https:\\\/\\\/patagoniambiental.com.ar\\\/info\\\/como-es-y-que-objetivos-tiene-el-proyecto-que-obliga-a-los-funcionarios-a-capacitarse-sobre-malvinas\\\/\"},\"wordCount\":2181,\"commentCount\":0,\"publisher\":{\"@id\":\"https:\\\/\\\/patagoniambiental.com.ar\\\/info\\\/#organization\"},\"image\":{\"@id\":\"https:\\\/\\\/patagoniambiental.com.ar\\\/info\\\/como-es-y-que-objetivos-tiene-el-proyecto-que-obliga-a-los-funcionarios-a-capacitarse-sobre-malvinas\\\/#primaryimage\"},\"thumbnailUrl\":\"https:\\\/\\\/patagoniambiental.com.ar\\\/info\\\/wp-content\\\/uploads\\\/2022\\\/06\\\/index.jpeg\",\"articleSection\":[\"Noticias\"],\"inLanguage\":\"es\",\"potentialAction\":[{\"@type\":\"CommentAction\",\"name\":\"Comment\",\"target\":[\"https:\\\/\\\/patagoniambiental.com.ar\\\/info\\\/como-es-y-que-objetivos-tiene-el-proyecto-que-obliga-a-los-funcionarios-a-capacitarse-sobre-malvinas\\\/#respond\"]}]},{\"@type\":\"WebPage\",\"@id\":\"https:\\\/\\\/patagoniambiental.com.ar\\\/info\\\/como-es-y-que-objetivos-tiene-el-proyecto-que-obliga-a-los-funcionarios-a-capacitarse-sobre-malvinas\\\/\",\"url\":\"https:\\\/\\\/patagoniambiental.com.ar\\\/info\\\/como-es-y-que-objetivos-tiene-el-proyecto-que-obliga-a-los-funcionarios-a-capacitarse-sobre-malvinas\\\/\",\"name\":\"C\u00f3mo es y qu\u00e9 objetivos tiene el proyecto que obliga a los funcionarios a capacitarse sobre Malvinas\",\"isPartOf\":{\"@id\":\"https:\\\/\\\/patagoniambiental.com.ar\\\/info\\\/#website\"},\"primaryImageOfPage\":{\"@id\":\"https:\\\/\\\/patagoniambiental.com.ar\\\/info\\\/como-es-y-que-objetivos-tiene-el-proyecto-que-obliga-a-los-funcionarios-a-capacitarse-sobre-malvinas\\\/#primaryimage\"},\"image\":{\"@id\":\"https:\\\/\\\/patagoniambiental.com.ar\\\/info\\\/como-es-y-que-objetivos-tiene-el-proyecto-que-obliga-a-los-funcionarios-a-capacitarse-sobre-malvinas\\\/#primaryimage\"},\"thumbnailUrl\":\"https:\\\/\\\/patagoniambiental.com.ar\\\/info\\\/wp-content\\\/uploads\\\/2022\\\/06\\\/index.jpeg\",\"datePublished\":\"2022-06-16T10:00:00+00:00\",\"dateModified\":\"2022-06-16T12:21:43+00:00\",\"breadcrumb\":{\"@id\":\"https:\\\/\\\/patagoniambiental.com.ar\\\/info\\\/como-es-y-que-objetivos-tiene-el-proyecto-que-obliga-a-los-funcionarios-a-capacitarse-sobre-malvinas\\\/#breadcrumb\"},\"inLanguage\":\"es\",\"potentialAction\":[{\"@type\":\"ReadAction\",\"target\":[\"https:\\\/\\\/patagoniambiental.com.ar\\\/info\\\/como-es-y-que-objetivos-tiene-el-proyecto-que-obliga-a-los-funcionarios-a-capacitarse-sobre-malvinas\\\/\"]}]},{\"@type\":\"ImageObject\",\"inLanguage\":\"es\",\"@id\":\"https:\\\/\\\/patagoniambiental.com.ar\\\/info\\\/como-es-y-que-objetivos-tiene-el-proyecto-que-obliga-a-los-funcionarios-a-capacitarse-sobre-malvinas\\\/#primaryimage\",\"url\":\"https:\\\/\\\/patagoniambiental.com.ar\\\/info\\\/wp-content\\\/uploads\\\/2022\\\/06\\\/index.jpeg\",\"contentUrl\":\"https:\\\/\\\/patagoniambiental.com.ar\\\/info\\\/wp-content\\\/uploads\\\/2022\\\/06\\\/index.jpeg\",\"width\":270,\"height\":187},{\"@type\":\"BreadcrumbList\",\"@id\":\"https:\\\/\\\/patagoniambiental.com.ar\\\/info\\\/como-es-y-que-objetivos-tiene-el-proyecto-que-obliga-a-los-funcionarios-a-capacitarse-sobre-malvinas\\\/#breadcrumb\",\"itemListElement\":[{\"@type\":\"ListItem\",\"position\":1,\"name\":\"Inicio\",\"item\":\"https:\\\/\\\/patagoniambiental.com.ar\\\/info\\\/\"},{\"@type\":\"ListItem\",\"position\":2,\"name\":\"C\u00f3mo es y qu\u00e9 objetivos tiene el proyecto que obliga a los funcionarios a capacitarse sobre Malvinas\"}]},{\"@type\":\"WebSite\",\"@id\":\"https:\\\/\\\/patagoniambiental.com.ar\\\/info\\\/#website\",\"url\":\"https:\\\/\\\/patagoniambiental.com.ar\\\/info\\\/\",\"name\":\"Patagonia Ambiental\",\"description\":\"Monitoreo y an\u00e1lisis de la situaci\u00f3n geopol\u00edtica en el mundo y su implicancia en la Patagonia\",\"publisher\":{\"@id\":\"https:\\\/\\\/patagoniambiental.com.ar\\\/info\\\/#organization\"},\"potentialAction\":[{\"@type\":\"SearchAction\",\"target\":{\"@type\":\"EntryPoint\",\"urlTemplate\":\"https:\\\/\\\/patagoniambiental.com.ar\\\/info\\\/?s={search_term_string}\"},\"query-input\":{\"@type\":\"PropertyValueSpecification\",\"valueRequired\":true,\"valueName\":\"search_term_string\"}}],\"inLanguage\":\"es\"},{\"@type\":\"Organization\",\"@id\":\"https:\\\/\\\/patagoniambiental.com.ar\\\/info\\\/#organization\",\"name\":\"Patagonia Ambiental\",\"url\":\"https:\\\/\\\/patagoniambiental.com.ar\\\/info\\\/\",\"logo\":{\"@type\":\"ImageObject\",\"inLanguage\":\"es\",\"@id\":\"https:\\\/\\\/patagoniambiental.com.ar\\\/info\\\/#\\\/schema\\\/logo\\\/image\\\/\",\"url\":\"https:\\\/\\\/patagoniambiental.com.ar\\\/info\\\/wp-content\\\/uploads\\\/2025\\\/05\\\/LOGO-PATAGONIA-AMBIENTAL.png\",\"contentUrl\":\"https:\\\/\\\/patagoniambiental.com.ar\\\/info\\\/wp-content\\\/uploads\\\/2025\\\/05\\\/LOGO-PATAGONIA-AMBIENTAL.png\",\"width\":433,\"height\":250,\"caption\":\"Patagonia Ambiental\"},\"image\":{\"@id\":\"https:\\\/\\\/patagoniambiental.com.ar\\\/info\\\/#\\\/schema\\\/logo\\\/image\\\/\"},\"sameAs\":[\"https:\\\/\\\/www.facebook.com\\\/patagonia.ambiental\",\"https:\\\/\\\/x.com\\\/PatAmb\"]},{\"@type\":\"Person\",\"@id\":\"https:\\\/\\\/patagoniambiental.com.ar\\\/info\\\/#\\\/schema\\\/person\\\/e5af09d700b2e82cb10c6b8800e0c691\",\"name\":\"BRAIAN ESTEVEZ\",\"sameAs\":[\"http:\\\/\\\/www.patagoniambiental.com.ar\"]}]}<\/script>\n<!-- \/ Yoast SEO Premium plugin. -->","yoast_head_json":{"title":"C\u00f3mo es y qu\u00e9 objetivos tiene el proyecto que obliga a los funcionarios a capacitarse sobre Malvinas","robots":{"index":"index","follow":"follow","max-snippet":"max-snippet:-1","max-image-preview":"max-image-preview:large","max-video-preview":"max-video-preview:-1"},"canonical":"https:\/\/patagoniambiental.com.ar\/info\/como-es-y-que-objetivos-tiene-el-proyecto-que-obliga-a-los-funcionarios-a-capacitarse-sobre-malvinas\/","og_locale":"es_ES","og_type":"article","og_title":"C\u00f3mo es y qu\u00e9 objetivos tiene el proyecto que obliga a los funcionarios a capacitarse sobre Malvinas","og_url":"https:\/\/patagoniambiental.com.ar\/info\/como-es-y-que-objetivos-tiene-el-proyecto-que-obliga-a-los-funcionarios-a-capacitarse-sobre-malvinas\/","og_site_name":"Patagonia Ambiental","article_publisher":"https:\/\/www.facebook.com\/patagonia.ambiental","article_published_time":"2022-06-16T10:00:00+00:00","article_modified_time":"2022-06-16T12:21:43+00:00","og_image":[{"width":270,"height":187,"url":"https:\/\/patagoniambiental.com.ar\/info\/wp-content\/uploads\/2022\/06\/index.jpeg","type":"image\/jpeg"}],"author":"BRAIAN ESTEVEZ","twitter_card":"summary_large_image","twitter_creator":"@PatAmb","twitter_site":"@PatAmb","schema":{"@context":"https:\/\/schema.org","@graph":[{"@type":"Article","@id":"https:\/\/patagoniambiental.com.ar\/info\/como-es-y-que-objetivos-tiene-el-proyecto-que-obliga-a-los-funcionarios-a-capacitarse-sobre-malvinas\/#article","isPartOf":{"@id":"https:\/\/patagoniambiental.com.ar\/info\/como-es-y-que-objetivos-tiene-el-proyecto-que-obliga-a-los-funcionarios-a-capacitarse-sobre-malvinas\/"},"author":{"name":"BRAIAN ESTEVEZ","@id":"https:\/\/patagoniambiental.com.ar\/info\/#\/schema\/person\/e5af09d700b2e82cb10c6b8800e0c691"},"headline":"C\u00f3mo es y qu\u00e9 objetivos tiene el proyecto que obliga a los funcionarios a capacitarse sobre Malvinas","datePublished":"2022-06-16T10:00:00+00:00","dateModified":"2022-06-16T12:21:43+00:00","mainEntityOfPage":{"@id":"https:\/\/patagoniambiental.com.ar\/info\/como-es-y-que-objetivos-tiene-el-proyecto-que-obliga-a-los-funcionarios-a-capacitarse-sobre-malvinas\/"},"wordCount":2181,"commentCount":0,"publisher":{"@id":"https:\/\/patagoniambiental.com.ar\/info\/#organization"},"image":{"@id":"https:\/\/patagoniambiental.com.ar\/info\/como-es-y-que-objetivos-tiene-el-proyecto-que-obliga-a-los-funcionarios-a-capacitarse-sobre-malvinas\/#primaryimage"},"thumbnailUrl":"https:\/\/patagoniambiental.com.ar\/info\/wp-content\/uploads\/2022\/06\/index.jpeg","articleSection":["Noticias"],"inLanguage":"es","potentialAction":[{"@type":"CommentAction","name":"Comment","target":["https:\/\/patagoniambiental.com.ar\/info\/como-es-y-que-objetivos-tiene-el-proyecto-que-obliga-a-los-funcionarios-a-capacitarse-sobre-malvinas\/#respond"]}]},{"@type":"WebPage","@id":"https:\/\/patagoniambiental.com.ar\/info\/como-es-y-que-objetivos-tiene-el-proyecto-que-obliga-a-los-funcionarios-a-capacitarse-sobre-malvinas\/","url":"https:\/\/patagoniambiental.com.ar\/info\/como-es-y-que-objetivos-tiene-el-proyecto-que-obliga-a-los-funcionarios-a-capacitarse-sobre-malvinas\/","name":"C\u00f3mo es y qu\u00e9 objetivos tiene el proyecto que obliga a los funcionarios a capacitarse sobre Malvinas","isPartOf":{"@id":"https:\/\/patagoniambiental.com.ar\/info\/#website"},"primaryImageOfPage":{"@id":"https:\/\/patagoniambiental.com.ar\/info\/como-es-y-que-objetivos-tiene-el-proyecto-que-obliga-a-los-funcionarios-a-capacitarse-sobre-malvinas\/#primaryimage"},"image":{"@id":"https:\/\/patagoniambiental.com.ar\/info\/como-es-y-que-objetivos-tiene-el-proyecto-que-obliga-a-los-funcionarios-a-capacitarse-sobre-malvinas\/#primaryimage"},"thumbnailUrl":"https:\/\/patagoniambiental.com.ar\/info\/wp-content\/uploads\/2022\/06\/index.jpeg","datePublished":"2022-06-16T10:00:00+00:00","dateModified":"2022-06-16T12:21:43+00:00","breadcrumb":{"@id":"https:\/\/patagoniambiental.com.ar\/info\/como-es-y-que-objetivos-tiene-el-proyecto-que-obliga-a-los-funcionarios-a-capacitarse-sobre-malvinas\/#breadcrumb"},"inLanguage":"es","potentialAction":[{"@type":"ReadAction","target":["https:\/\/patagoniambiental.com.ar\/info\/como-es-y-que-objetivos-tiene-el-proyecto-que-obliga-a-los-funcionarios-a-capacitarse-sobre-malvinas\/"]}]},{"@type":"ImageObject","inLanguage":"es","@id":"https:\/\/patagoniambiental.com.ar\/info\/como-es-y-que-objetivos-tiene-el-proyecto-que-obliga-a-los-funcionarios-a-capacitarse-sobre-malvinas\/#primaryimage","url":"https:\/\/patagoniambiental.com.ar\/info\/wp-content\/uploads\/2022\/06\/index.jpeg","contentUrl":"https:\/\/patagoniambiental.com.ar\/info\/wp-content\/uploads\/2022\/06\/index.jpeg","width":270,"height":187},{"@type":"BreadcrumbList","@id":"https:\/\/patagoniambiental.com.ar\/info\/como-es-y-que-objetivos-tiene-el-proyecto-que-obliga-a-los-funcionarios-a-capacitarse-sobre-malvinas\/#breadcrumb","itemListElement":[{"@type":"ListItem","position":1,"name":"Inicio","item":"https:\/\/patagoniambiental.com.ar\/info\/"},{"@type":"ListItem","position":2,"name":"C\u00f3mo es y qu\u00e9 objetivos tiene el proyecto que obliga a los funcionarios a capacitarse sobre Malvinas"}]},{"@type":"WebSite","@id":"https:\/\/patagoniambiental.com.ar\/info\/#website","url":"https:\/\/patagoniambiental.com.ar\/info\/","name":"Patagonia Ambiental","description":"Monitoreo y an\u00e1lisis de la situaci\u00f3n geopol\u00edtica en el mundo y su implicancia en la Patagonia","publisher":{"@id":"https:\/\/patagoniambiental.com.ar\/info\/#organization"},"potentialAction":[{"@type":"SearchAction","target":{"@type":"EntryPoint","urlTemplate":"https:\/\/patagoniambiental.com.ar\/info\/?s={search_term_string}"},"query-input":{"@type":"PropertyValueSpecification","valueRequired":true,"valueName":"search_term_string"}}],"inLanguage":"es"},{"@type":"Organization","@id":"https:\/\/patagoniambiental.com.ar\/info\/#organization","name":"Patagonia Ambiental","url":"https:\/\/patagoniambiental.com.ar\/info\/","logo":{"@type":"ImageObject","inLanguage":"es","@id":"https:\/\/patagoniambiental.com.ar\/info\/#\/schema\/logo\/image\/","url":"https:\/\/patagoniambiental.com.ar\/info\/wp-content\/uploads\/2025\/05\/LOGO-PATAGONIA-AMBIENTAL.png","contentUrl":"https:\/\/patagoniambiental.com.ar\/info\/wp-content\/uploads\/2025\/05\/LOGO-PATAGONIA-AMBIENTAL.png","width":433,"height":250,"caption":"Patagonia Ambiental"},"image":{"@id":"https:\/\/patagoniambiental.com.ar\/info\/#\/schema\/logo\/image\/"},"sameAs":["https:\/\/www.facebook.com\/patagonia.ambiental","https:\/\/x.com\/PatAmb"]},{"@type":"Person","@id":"https:\/\/patagoniambiental.com.ar\/info\/#\/schema\/person\/e5af09d700b2e82cb10c6b8800e0c691","name":"BRAIAN ESTEVEZ","sameAs":["http:\/\/www.patagoniambiental.com.ar"]}]}},"_links":{"self":[{"href":"https:\/\/patagoniambiental.com.ar\/info\/wp-json\/wp\/v2\/posts\/75987","targetHints":{"allow":["GET"]}}],"collection":[{"href":"https:\/\/patagoniambiental.com.ar\/info\/wp-json\/wp\/v2\/posts"}],"about":[{"href":"https:\/\/patagoniambiental.com.ar\/info\/wp-json\/wp\/v2\/types\/post"}],"author":[{"embeddable":true,"href":"https:\/\/patagoniambiental.com.ar\/info\/wp-json\/wp\/v2\/users\/6"}],"replies":[{"embeddable":true,"href":"https:\/\/patagoniambiental.com.ar\/info\/wp-json\/wp\/v2\/comments?post=75987"}],"version-history":[{"count":0,"href":"https:\/\/patagoniambiental.com.ar\/info\/wp-json\/wp\/v2\/posts\/75987\/revisions"}],"wp:featuredmedia":[{"embeddable":true,"href":"https:\/\/patagoniambiental.com.ar\/info\/wp-json\/wp\/v2\/media\/75988"}],"wp:attachment":[{"href":"https:\/\/patagoniambiental.com.ar\/info\/wp-json\/wp\/v2\/media?parent=75987"}],"wp:term":[{"taxonomy":"category","embeddable":true,"href":"https:\/\/patagoniambiental.com.ar\/info\/wp-json\/wp\/v2\/categories?post=75987"},{"taxonomy":"post_tag","embeddable":true,"href":"https:\/\/patagoniambiental.com.ar\/info\/wp-json\/wp\/v2\/tags?post=75987"}],"curies":[{"name":"wp","href":"https:\/\/api.w.org\/{rel}","templated":true}]}}