{"id":75991,"date":"2022-06-15T07:00:00","date_gmt":"2022-06-15T10:00:00","guid":{"rendered":"http:\/\/patagoniambiental.com.ar\/info\/?p=75991"},"modified":"2022-06-16T09:28:36","modified_gmt":"2022-06-16T12:28:36","slug":"el-ministro-jure-llego-a-esquel-vinimos-a-destrabar-el-conflicto-con-la-comunidad-nahuelpan","status":"publish","type":"post","link":"https:\/\/patagoniambiental.com.ar\/info\/el-ministro-jure-llego-a-esquel-vinimos-a-destrabar-el-conflicto-con-la-comunidad-nahuelpan\/","title":{"rendered":"El ministro Jure lleg\u00f3 a Esquel: \u00abvinimos a destrabar el conflicto con la Comunidad Nahuelpan\u00bb"},"content":{"rendered":"\n<!--more-->\n\n\n\n<p>El encargado de la cartera de Ambiente se reunir\u00e1 este mi\u00e9rcoles por la tarde con la Lof, la cual bloquea el ingreso de la Planta de Residuos ante la falta de medidas y acciones frente a la contaminaci\u00f3n que afecta a los pobladores de la zona. \u00abEste en un problema que tiene una comunidad de la provincia y hay que resolverla\u00bb, expres\u00f3 el funcionario.<\/p>\n\n\n\n<p>Publicado 23 horas atr\u00e1s<\/p>\n\n\n\n<p>en junio 15, 2022<\/p>\n\n\n\n<figure class=\"wp-block-image\"><img decoding=\"async\" src=\"https:\/\/radio3cadenapatagonia.com.ar\/wp-content\/uploads\/2022\/06\/Roberto-Jure-en-Esquel.jpg\" alt=\"Roberto Jure\"\/><\/figure>\n\n\n\n<p><a href=\"https:\/\/radio3cadenapatagonia.com.ar\/#facebook\" rel=\"noreferrer noopener\" target=\"_blank\"><\/a><a href=\"https:\/\/radio3cadenapatagonia.com.ar\/#facebook\" rel=\"noreferrer noopener\" target=\"_blank\">Facebook<\/a><a href=\"https:\/\/radio3cadenapatagonia.com.ar\/#twitter\" rel=\"noreferrer noopener\" target=\"_blank\"><\/a><a href=\"https:\/\/radio3cadenapatagonia.com.ar\/#twitter\" rel=\"noreferrer noopener\" target=\"_blank\">Twitter<\/a><a href=\"https:\/\/radio3cadenapatagonia.com.ar\/#email\" rel=\"noreferrer noopener\" target=\"_blank\"><\/a><a href=\"https:\/\/radio3cadenapatagonia.com.ar\/#email\" rel=\"noreferrer noopener\" target=\"_blank\">Email<\/a><a href=\"https:\/\/radio3cadenapatagonia.com.ar\/#whatsapp\" rel=\"noreferrer noopener\" target=\"_blank\"><\/a><a href=\"https:\/\/radio3cadenapatagonia.com.ar\/#whatsapp\" rel=\"noreferrer noopener\" target=\"_blank\">WhatsApp<\/a><a href=\"https:\/\/radio3cadenapatagonia.com.ar\/#facebook_messenger\" rel=\"noreferrer noopener\" target=\"_blank\"><\/a><a href=\"https:\/\/radio3cadenapatagonia.com.ar\/#facebook_messenger\" rel=\"noreferrer noopener\" target=\"_blank\">Messenger<\/a><a href=\"https:\/\/radio3cadenapatagonia.com.ar\/#telegram\" rel=\"noreferrer noopener\" target=\"_blank\"><\/a><a href=\"https:\/\/radio3cadenapatagonia.com.ar\/#telegram\" rel=\"noreferrer noopener\" target=\"_blank\">Telegram<\/a><a href=\"https:\/\/www.addtoany.com\/share#url=https%3A%2F%2Fradio3cadenapatagonia.com.ar%2Fel-ministro-jure-llego-a-esquel-vinimos-a-destrabar-el-conflicto-con-la-comunidad-nahuelpan%2F&amp;title=El%20ministro%20Jure%20lleg%C3%B3%20a%20Esquel%3A%20%C2%ABvinimos%20a%20destrabar%20el%20conflicto%20con%20la%20Comunidad%20Nahuelpan%C2%BB\"><\/a><a href=\"https:\/\/www.addtoany.com\/share#url=https%3A%2F%2Fradio3cadenapatagonia.com.ar%2Fel-ministro-jure-llego-a-esquel-vinimos-a-destrabar-el-conflicto-con-la-comunidad-nahuelpan%2F&amp;title=El%20ministro%20Jure%20lleg%C3%B3%20a%20Esquel%3A%20%C2%ABvinimos%20a%20destrabar%20el%20conflicto%20con%20la%20Comunidad%20Nahuelpan%C2%BB\">Compartir<\/a><\/p>\n\n\n\n<p>La Comunidad&nbsp;Nahuelpan&nbsp;inici\u00f3 este lunes por la ma\u00f1ana un bloqueo en el ingreso a la&nbsp;Planta de Tratamiento de Residuos&nbsp;de&nbsp;Esquel por la contaminaci\u00f3n que produce el sitio, que funciona como un basural al cielo abierto.<\/p>\n\n\n\n<hr class=\"wp-block-separator\"\/>\n\n\n\n<h4 class=\"wp-block-heading\"><strong><a href=\"https:\/\/radio3cadenapatagonia.com.ar\/esquel-cortan-el-acceso-a-la-planta-de-residuos-por-la-falta-de-medidas-ante-la-contaminacion\/\" target=\"_blank\" rel=\"noreferrer noopener\">Esquel: Cortan el acceso a la Planta de Residuos por la falta de medidas ante la contaminaci\u00f3n<\/a><\/strong><\/h4>\n\n\n\n<hr class=\"wp-block-separator\"\/>\n\n\n\n<p>Ante este panorama, el ministro de Ambiente de Chubut, Roberto Jure, arrib\u00f3 este mi\u00e9rcoles a la localidad cordillerana con intenciones de mantener una reuni\u00f3n por la tardepara destrabar el conflicto. De la misma participar\u00e1n los intendentes Sergio Ongarato <em>(Esquel)<\/em>, H\u00e9ctor Ingram <em>(Trevelin)<\/em>, Hern\u00e1n Colomb <em>(Parque Nacional Los Alerces)<\/em> e integrantes de la Lof Nahuelpan. data:image\/gif;base64,R0lGODlhAQABAAAAACH5BAEKAAEALAAAAAABAAEAAAICTAEAOw==<\/p>\n\n\n\n<p><strong>\u00abLa idea es venir a destrabar el conflicto, contarles todo lo que venimos haciendo, hacerlos participes a ellos tambi\u00e9n de todas las decisiones que estamos tomando y comentarles las acciones que est\u00e1 tomando el Ministerio de Ambiente. Tambi\u00e9n contarles los controles que van a llevar adelante los municipios de ahora en adelante\u00bb<\/strong>, expres\u00f3 Jure al arribar a Esquel.<\/p>\n\n\n\n<p><strong>\u00abTuve contacto con Naci\u00f3n y est\u00e1n a disposici\u00f3n, asique si hace falta tambi\u00e9n lo podemos requerir\u00bb<\/strong>, destac\u00f3 el funcionario.<\/p>\n\n\n\n<p><strong>\u00abHay unos muestreos <em>-de agua-<\/em> que dieron valores an\u00f3malos de metales y hidrocarburos. Hay que determinar como seguir\u00e1 el diagnostico integral para determinar si de verdad hay contaminaci\u00f3n o no y de donde proviene\u00bb<\/strong>, reconoci\u00f3.<\/p>\n\n\n\n<p>Respecto a la reuni\u00f3n con los integrantes de la Comunidad Nahuelpan indic\u00f3 que <strong>\u00abvamos a escuchar lo que est\u00e1n solicitando y en base a ello vamos a darles garant\u00edas. Este en un problema que tiene una comunidad de Chubut y hay que resolverla\u00bb<\/strong>.<\/p>\n\n\n\n<p>Fuente: https:\/\/radio3cadenapatagonia.com.ar\/el-ministro-jure-llego-a-esquel-vinimos-a-destrabar-el-conflicto-con-la-comunidad-nahuelpan\/<\/p>\n","protected":false},"excerpt":{"rendered":"","protected":false},"author":6,"featured_media":75992,"comment_status":"open","ping_status":"open","sticky":false,"template":"","format":"standard","meta":{"site-sidebar-layout":"default","site-content-layout":"","ast-site-content-layout":"default","site-content-style":"default","site-sidebar-style":"default","ast-global-header-display":"","ast-banner-title-visibility":"","ast-main-header-display":"","ast-hfb-above-header-display":"","ast-hfb-below-header-display":"","ast-hfb-mobile-header-display":"","site-post-title":"","ast-breadcrumbs-content":"","ast-featured-img":"","footer-sml-layout":"","ast-disable-related-posts":"","theme-transparent-header-meta":"","adv-header-id-meta":"","stick-header-meta":"","header-above-stick-meta":"","header-main-stick-meta":"","header-below-stick-meta":"","astra-migrate-meta-layouts":"default","ast-page-background-enabled":"default","ast-page-background-meta":{"desktop":{"background-color":"var(--ast-global-color-5)","background-image":"","background-repeat":"repeat","background-position":"center center","background-size":"auto","background-attachment":"scroll","background-type":"","background-media":"","overlay-type":"","overlay-color":"","overlay-opacity":"","overlay-gradient":""},"tablet":{"background-color":"","background-image":"","background-repeat":"repeat","background-position":"center center","background-size":"auto","background-attachment":"scroll","background-type":"","background-media":"","overlay-type":"","overlay-color":"","overlay-opacity":"","overlay-gradient":""},"mobile":{"background-color":"","background-image":"","background-repeat":"repeat","background-position":"center center","background-size":"auto","background-attachment":"scroll","background-type":"","background-media":"","overlay-type":"","overlay-color":"","overlay-opacity":"","overlay-gradient":""}},"ast-content-background-meta":{"desktop":{"background-color":"var(--ast-global-color-4)","background-image":"","background-repeat":"repeat","background-position":"center center","background-size":"auto","background-attachment":"scroll","background-type":"","background-media":"","overlay-type":"","overlay-color":"","overlay-opacity":"","overlay-gradient":""},"tablet":{"background-color":"var(--ast-global-color-4)","background-image":"","background-repeat":"repeat","background-position":"center center","background-size":"auto","background-attachment":"scroll","background-type":"","background-media":"","overlay-type":"","overlay-color":"","overlay-opacity":"","overlay-gradient":""},"mobile":{"background-color":"var(--ast-global-color-4)","background-image":"","background-repeat":"repeat","background-position":"center center","background-size":"auto","background-attachment":"scroll","background-type":"","background-media":"","overlay-type":"","overlay-color":"","overlay-opacity":"","overlay-gradient":""}},"footnotes":""},"categories":[11,26,1,13,10],"tags":[],"class_list":["post-75991","post","type-post","status-publish","format-standard","has-post-thumbnail","hentry","category-boletin","category-chubut","category-noticias","category-provinciales","category-rotador"],"yoast_head":"<!-- This site is optimized with the Yoast SEO Premium plugin v23.0 (Yoast SEO v27.4) - https:\/\/yoast.com\/product\/yoast-seo-premium-wordpress\/ -->\n<title>El ministro Jure lleg\u00f3 a Esquel: \u00abvinimos a destrabar el conflicto con la Comunidad Nahuelpan\u00bb<\/title>\n<meta name=\"robots\" content=\"index, follow, max-snippet:-1, max-image-preview:large, max-video-preview:-1\" \/>\n<link rel=\"canonical\" href=\"https:\/\/patagoniambiental.com.ar\/info\/el-ministro-jure-llego-a-esquel-vinimos-a-destrabar-el-conflicto-con-la-comunidad-nahuelpan\/\" \/>\n<meta property=\"og:locale\" content=\"es_ES\" \/>\n<meta property=\"og:type\" content=\"article\" \/>\n<meta property=\"og:title\" content=\"El ministro Jure lleg\u00f3 a Esquel: \u00abvinimos a destrabar el conflicto con la Comunidad Nahuelpan\u00bb\" \/>\n<meta property=\"og:url\" content=\"https:\/\/patagoniambiental.com.ar\/info\/el-ministro-jure-llego-a-esquel-vinimos-a-destrabar-el-conflicto-con-la-comunidad-nahuelpan\/\" \/>\n<meta property=\"og:site_name\" content=\"Patagonia Ambiental\" \/>\n<meta property=\"article:publisher\" content=\"https:\/\/www.facebook.com\/patagonia.ambiental\" \/>\n<meta property=\"article:published_time\" content=\"2022-06-15T10:00:00+00:00\" \/>\n<meta property=\"article:modified_time\" content=\"2022-06-16T12:28:36+00:00\" \/>\n<meta property=\"og:image\" content=\"https:\/\/patagoniambiental.com.ar\/info\/wp-content\/uploads\/2022\/06\/Roberto-Jure-en-Esquel.jpg\" \/>\n\t<meta property=\"og:image:width\" content=\"1920\" \/>\n\t<meta property=\"og:image:height\" content=\"1080\" \/>\n\t<meta property=\"og:image:type\" content=\"image\/jpeg\" \/>\n<meta name=\"author\" content=\"BRAIAN ESTEVEZ\" \/>\n<meta name=\"twitter:card\" content=\"summary_large_image\" \/>\n<meta name=\"twitter:creator\" content=\"@PatAmb\" \/>\n<meta name=\"twitter:site\" content=\"@PatAmb\" \/>\n<script type=\"application\/ld+json\" class=\"yoast-schema-graph\">{\"@context\":\"https:\\\/\\\/schema.org\",\"@graph\":[{\"@type\":\"Article\",\"@id\":\"https:\\\/\\\/patagoniambiental.com.ar\\\/info\\\/el-ministro-jure-llego-a-esquel-vinimos-a-destrabar-el-conflicto-con-la-comunidad-nahuelpan\\\/#article\",\"isPartOf\":{\"@id\":\"https:\\\/\\\/patagoniambiental.com.ar\\\/info\\\/el-ministro-jure-llego-a-esquel-vinimos-a-destrabar-el-conflicto-con-la-comunidad-nahuelpan\\\/\"},\"author\":{\"name\":\"BRAIAN ESTEVEZ\",\"@id\":\"https:\\\/\\\/patagoniambiental.com.ar\\\/info\\\/#\\\/schema\\\/person\\\/e5af09d700b2e82cb10c6b8800e0c691\"},\"headline\":\"El ministro Jure lleg\u00f3 a Esquel: \u00abvinimos a destrabar el conflicto con la Comunidad Nahuelpan\u00bb\",\"datePublished\":\"2022-06-15T10:00:00+00:00\",\"dateModified\":\"2022-06-16T12:28:36+00:00\",\"mainEntityOfPage\":{\"@id\":\"https:\\\/\\\/patagoniambiental.com.ar\\\/info\\\/el-ministro-jure-llego-a-esquel-vinimos-a-destrabar-el-conflicto-con-la-comunidad-nahuelpan\\\/\"},\"wordCount\":396,\"commentCount\":0,\"publisher\":{\"@id\":\"https:\\\/\\\/patagoniambiental.com.ar\\\/info\\\/#organization\"},\"image\":{\"@id\":\"https:\\\/\\\/patagoniambiental.com.ar\\\/info\\\/el-ministro-jure-llego-a-esquel-vinimos-a-destrabar-el-conflicto-con-la-comunidad-nahuelpan\\\/#primaryimage\"},\"thumbnailUrl\":\"https:\\\/\\\/patagoniambiental.com.ar\\\/info\\\/wp-content\\\/uploads\\\/2022\\\/06\\\/Roberto-Jure-en-Esquel.jpg\",\"articleSection\":[\"Bolet\u00edn\",\"Chubut\",\"Noticias\",\"Provinciales\",\"Rotador\"],\"inLanguage\":\"es\",\"potentialAction\":[{\"@type\":\"CommentAction\",\"name\":\"Comment\",\"target\":[\"https:\\\/\\\/patagoniambiental.com.ar\\\/info\\\/el-ministro-jure-llego-a-esquel-vinimos-a-destrabar-el-conflicto-con-la-comunidad-nahuelpan\\\/#respond\"]}]},{\"@type\":\"WebPage\",\"@id\":\"https:\\\/\\\/patagoniambiental.com.ar\\\/info\\\/el-ministro-jure-llego-a-esquel-vinimos-a-destrabar-el-conflicto-con-la-comunidad-nahuelpan\\\/\",\"url\":\"https:\\\/\\\/patagoniambiental.com.ar\\\/info\\\/el-ministro-jure-llego-a-esquel-vinimos-a-destrabar-el-conflicto-con-la-comunidad-nahuelpan\\\/\",\"name\":\"El ministro Jure lleg\u00f3 a Esquel: \u00abvinimos a destrabar el conflicto con la Comunidad Nahuelpan\u00bb\",\"isPartOf\":{\"@id\":\"https:\\\/\\\/patagoniambiental.com.ar\\\/info\\\/#website\"},\"primaryImageOfPage\":{\"@id\":\"https:\\\/\\\/patagoniambiental.com.ar\\\/info\\\/el-ministro-jure-llego-a-esquel-vinimos-a-destrabar-el-conflicto-con-la-comunidad-nahuelpan\\\/#primaryimage\"},\"image\":{\"@id\":\"https:\\\/\\\/patagoniambiental.com.ar\\\/info\\\/el-ministro-jure-llego-a-esquel-vinimos-a-destrabar-el-conflicto-con-la-comunidad-nahuelpan\\\/#primaryimage\"},\"thumbnailUrl\":\"https:\\\/\\\/patagoniambiental.com.ar\\\/info\\\/wp-content\\\/uploads\\\/2022\\\/06\\\/Roberto-Jure-en-Esquel.jpg\",\"datePublished\":\"2022-06-15T10:00:00+00:00\",\"dateModified\":\"2022-06-16T12:28:36+00:00\",\"breadcrumb\":{\"@id\":\"https:\\\/\\\/patagoniambiental.com.ar\\\/info\\\/el-ministro-jure-llego-a-esquel-vinimos-a-destrabar-el-conflicto-con-la-comunidad-nahuelpan\\\/#breadcrumb\"},\"inLanguage\":\"es\",\"potentialAction\":[{\"@type\":\"ReadAction\",\"target\":[\"https:\\\/\\\/patagoniambiental.com.ar\\\/info\\\/el-ministro-jure-llego-a-esquel-vinimos-a-destrabar-el-conflicto-con-la-comunidad-nahuelpan\\\/\"]}]},{\"@type\":\"ImageObject\",\"inLanguage\":\"es\",\"@id\":\"https:\\\/\\\/patagoniambiental.com.ar\\\/info\\\/el-ministro-jure-llego-a-esquel-vinimos-a-destrabar-el-conflicto-con-la-comunidad-nahuelpan\\\/#primaryimage\",\"url\":\"https:\\\/\\\/patagoniambiental.com.ar\\\/info\\\/wp-content\\\/uploads\\\/2022\\\/06\\\/Roberto-Jure-en-Esquel.jpg\",\"contentUrl\":\"https:\\\/\\\/patagoniambiental.com.ar\\\/info\\\/wp-content\\\/uploads\\\/2022\\\/06\\\/Roberto-Jure-en-Esquel.jpg\",\"width\":1067,\"height\":600},{\"@type\":\"BreadcrumbList\",\"@id\":\"https:\\\/\\\/patagoniambiental.com.ar\\\/info\\\/el-ministro-jure-llego-a-esquel-vinimos-a-destrabar-el-conflicto-con-la-comunidad-nahuelpan\\\/#breadcrumb\",\"itemListElement\":[{\"@type\":\"ListItem\",\"position\":1,\"name\":\"Inicio\",\"item\":\"https:\\\/\\\/patagoniambiental.com.ar\\\/info\\\/\"},{\"@type\":\"ListItem\",\"position\":2,\"name\":\"El ministro Jure lleg\u00f3 a Esquel: \u00abvinimos a destrabar el conflicto con la Comunidad Nahuelpan\u00bb\"}]},{\"@type\":\"WebSite\",\"@id\":\"https:\\\/\\\/patagoniambiental.com.ar\\\/info\\\/#website\",\"url\":\"https:\\\/\\\/patagoniambiental.com.ar\\\/info\\\/\",\"name\":\"Patagonia Ambiental\",\"description\":\"Monitoreo y an\u00e1lisis de la situaci\u00f3n geopol\u00edtica en el mundo y su implicancia en la Patagonia\",\"publisher\":{\"@id\":\"https:\\\/\\\/patagoniambiental.com.ar\\\/info\\\/#organization\"},\"potentialAction\":[{\"@type\":\"SearchAction\",\"target\":{\"@type\":\"EntryPoint\",\"urlTemplate\":\"https:\\\/\\\/patagoniambiental.com.ar\\\/info\\\/?s={search_term_string}\"},\"query-input\":{\"@type\":\"PropertyValueSpecification\",\"valueRequired\":true,\"valueName\":\"search_term_string\"}}],\"inLanguage\":\"es\"},{\"@type\":\"Organization\",\"@id\":\"https:\\\/\\\/patagoniambiental.com.ar\\\/info\\\/#organization\",\"name\":\"Patagonia Ambiental\",\"url\":\"https:\\\/\\\/patagoniambiental.com.ar\\\/info\\\/\",\"logo\":{\"@type\":\"ImageObject\",\"inLanguage\":\"es\",\"@id\":\"https:\\\/\\\/patagoniambiental.com.ar\\\/info\\\/#\\\/schema\\\/logo\\\/image\\\/\",\"url\":\"https:\\\/\\\/patagoniambiental.com.ar\\\/info\\\/wp-content\\\/uploads\\\/2025\\\/05\\\/LOGO-PATAGONIA-AMBIENTAL.png\",\"contentUrl\":\"https:\\\/\\\/patagoniambiental.com.ar\\\/info\\\/wp-content\\\/uploads\\\/2025\\\/05\\\/LOGO-PATAGONIA-AMBIENTAL.png\",\"width\":433,\"height\":250,\"caption\":\"Patagonia Ambiental\"},\"image\":{\"@id\":\"https:\\\/\\\/patagoniambiental.com.ar\\\/info\\\/#\\\/schema\\\/logo\\\/image\\\/\"},\"sameAs\":[\"https:\\\/\\\/www.facebook.com\\\/patagonia.ambiental\",\"https:\\\/\\\/x.com\\\/PatAmb\"]},{\"@type\":\"Person\",\"@id\":\"https:\\\/\\\/patagoniambiental.com.ar\\\/info\\\/#\\\/schema\\\/person\\\/e5af09d700b2e82cb10c6b8800e0c691\",\"name\":\"BRAIAN ESTEVEZ\",\"sameAs\":[\"http:\\\/\\\/www.patagoniambiental.com.ar\"]}]}<\/script>\n<!-- \/ Yoast SEO Premium plugin. -->","yoast_head_json":{"title":"El ministro Jure lleg\u00f3 a Esquel: \u00abvinimos a destrabar el conflicto con la Comunidad Nahuelpan\u00bb","robots":{"index":"index","follow":"follow","max-snippet":"max-snippet:-1","max-image-preview":"max-image-preview:large","max-video-preview":"max-video-preview:-1"},"canonical":"https:\/\/patagoniambiental.com.ar\/info\/el-ministro-jure-llego-a-esquel-vinimos-a-destrabar-el-conflicto-con-la-comunidad-nahuelpan\/","og_locale":"es_ES","og_type":"article","og_title":"El ministro Jure lleg\u00f3 a Esquel: \u00abvinimos a destrabar el conflicto con la Comunidad Nahuelpan\u00bb","og_url":"https:\/\/patagoniambiental.com.ar\/info\/el-ministro-jure-llego-a-esquel-vinimos-a-destrabar-el-conflicto-con-la-comunidad-nahuelpan\/","og_site_name":"Patagonia Ambiental","article_publisher":"https:\/\/www.facebook.com\/patagonia.ambiental","article_published_time":"2022-06-15T10:00:00+00:00","article_modified_time":"2022-06-16T12:28:36+00:00","og_image":[{"width":1920,"height":1080,"url":"https:\/\/patagoniambiental.com.ar\/info\/wp-content\/uploads\/2022\/06\/Roberto-Jure-en-Esquel.jpg","type":"image\/jpeg"}],"author":"BRAIAN ESTEVEZ","twitter_card":"summary_large_image","twitter_creator":"@PatAmb","twitter_site":"@PatAmb","schema":{"@context":"https:\/\/schema.org","@graph":[{"@type":"Article","@id":"https:\/\/patagoniambiental.com.ar\/info\/el-ministro-jure-llego-a-esquel-vinimos-a-destrabar-el-conflicto-con-la-comunidad-nahuelpan\/#article","isPartOf":{"@id":"https:\/\/patagoniambiental.com.ar\/info\/el-ministro-jure-llego-a-esquel-vinimos-a-destrabar-el-conflicto-con-la-comunidad-nahuelpan\/"},"author":{"name":"BRAIAN ESTEVEZ","@id":"https:\/\/patagoniambiental.com.ar\/info\/#\/schema\/person\/e5af09d700b2e82cb10c6b8800e0c691"},"headline":"El ministro Jure lleg\u00f3 a Esquel: \u00abvinimos a destrabar el conflicto con la Comunidad Nahuelpan\u00bb","datePublished":"2022-06-15T10:00:00+00:00","dateModified":"2022-06-16T12:28:36+00:00","mainEntityOfPage":{"@id":"https:\/\/patagoniambiental.com.ar\/info\/el-ministro-jure-llego-a-esquel-vinimos-a-destrabar-el-conflicto-con-la-comunidad-nahuelpan\/"},"wordCount":396,"commentCount":0,"publisher":{"@id":"https:\/\/patagoniambiental.com.ar\/info\/#organization"},"image":{"@id":"https:\/\/patagoniambiental.com.ar\/info\/el-ministro-jure-llego-a-esquel-vinimos-a-destrabar-el-conflicto-con-la-comunidad-nahuelpan\/#primaryimage"},"thumbnailUrl":"https:\/\/patagoniambiental.com.ar\/info\/wp-content\/uploads\/2022\/06\/Roberto-Jure-en-Esquel.jpg","articleSection":["Bolet\u00edn","Chubut","Noticias","Provinciales","Rotador"],"inLanguage":"es","potentialAction":[{"@type":"CommentAction","name":"Comment","target":["https:\/\/patagoniambiental.com.ar\/info\/el-ministro-jure-llego-a-esquel-vinimos-a-destrabar-el-conflicto-con-la-comunidad-nahuelpan\/#respond"]}]},{"@type":"WebPage","@id":"https:\/\/patagoniambiental.com.ar\/info\/el-ministro-jure-llego-a-esquel-vinimos-a-destrabar-el-conflicto-con-la-comunidad-nahuelpan\/","url":"https:\/\/patagoniambiental.com.ar\/info\/el-ministro-jure-llego-a-esquel-vinimos-a-destrabar-el-conflicto-con-la-comunidad-nahuelpan\/","name":"El ministro Jure lleg\u00f3 a Esquel: \u00abvinimos a destrabar el conflicto con la Comunidad Nahuelpan\u00bb","isPartOf":{"@id":"https:\/\/patagoniambiental.com.ar\/info\/#website"},"primaryImageOfPage":{"@id":"https:\/\/patagoniambiental.com.ar\/info\/el-ministro-jure-llego-a-esquel-vinimos-a-destrabar-el-conflicto-con-la-comunidad-nahuelpan\/#primaryimage"},"image":{"@id":"https:\/\/patagoniambiental.com.ar\/info\/el-ministro-jure-llego-a-esquel-vinimos-a-destrabar-el-conflicto-con-la-comunidad-nahuelpan\/#primaryimage"},"thumbnailUrl":"https:\/\/patagoniambiental.com.ar\/info\/wp-content\/uploads\/2022\/06\/Roberto-Jure-en-Esquel.jpg","datePublished":"2022-06-15T10:00:00+00:00","dateModified":"2022-06-16T12:28:36+00:00","breadcrumb":{"@id":"https:\/\/patagoniambiental.com.ar\/info\/el-ministro-jure-llego-a-esquel-vinimos-a-destrabar-el-conflicto-con-la-comunidad-nahuelpan\/#breadcrumb"},"inLanguage":"es","potentialAction":[{"@type":"ReadAction","target":["https:\/\/patagoniambiental.com.ar\/info\/el-ministro-jure-llego-a-esquel-vinimos-a-destrabar-el-conflicto-con-la-comunidad-nahuelpan\/"]}]},{"@type":"ImageObject","inLanguage":"es","@id":"https:\/\/patagoniambiental.com.ar\/info\/el-ministro-jure-llego-a-esquel-vinimos-a-destrabar-el-conflicto-con-la-comunidad-nahuelpan\/#primaryimage","url":"https:\/\/patagoniambiental.com.ar\/info\/wp-content\/uploads\/2022\/06\/Roberto-Jure-en-Esquel.jpg","contentUrl":"https:\/\/patagoniambiental.com.ar\/info\/wp-content\/uploads\/2022\/06\/Roberto-Jure-en-Esquel.jpg","width":1067,"height":600},{"@type":"BreadcrumbList","@id":"https:\/\/patagoniambiental.com.ar\/info\/el-ministro-jure-llego-a-esquel-vinimos-a-destrabar-el-conflicto-con-la-comunidad-nahuelpan\/#breadcrumb","itemListElement":[{"@type":"ListItem","position":1,"name":"Inicio","item":"https:\/\/patagoniambiental.com.ar\/info\/"},{"@type":"ListItem","position":2,"name":"El ministro Jure lleg\u00f3 a Esquel: \u00abvinimos a destrabar el conflicto con la Comunidad Nahuelpan\u00bb"}]},{"@type":"WebSite","@id":"https:\/\/patagoniambiental.com.ar\/info\/#website","url":"https:\/\/patagoniambiental.com.ar\/info\/","name":"Patagonia Ambiental","description":"Monitoreo y an\u00e1lisis de la situaci\u00f3n geopol\u00edtica en el mundo y su implicancia en la Patagonia","publisher":{"@id":"https:\/\/patagoniambiental.com.ar\/info\/#organization"},"potentialAction":[{"@type":"SearchAction","target":{"@type":"EntryPoint","urlTemplate":"https:\/\/patagoniambiental.com.ar\/info\/?s={search_term_string}"},"query-input":{"@type":"PropertyValueSpecification","valueRequired":true,"valueName":"search_term_string"}}],"inLanguage":"es"},{"@type":"Organization","@id":"https:\/\/patagoniambiental.com.ar\/info\/#organization","name":"Patagonia Ambiental","url":"https:\/\/patagoniambiental.com.ar\/info\/","logo":{"@type":"ImageObject","inLanguage":"es","@id":"https:\/\/patagoniambiental.com.ar\/info\/#\/schema\/logo\/image\/","url":"https:\/\/patagoniambiental.com.ar\/info\/wp-content\/uploads\/2025\/05\/LOGO-PATAGONIA-AMBIENTAL.png","contentUrl":"https:\/\/patagoniambiental.com.ar\/info\/wp-content\/uploads\/2025\/05\/LOGO-PATAGONIA-AMBIENTAL.png","width":433,"height":250,"caption":"Patagonia Ambiental"},"image":{"@id":"https:\/\/patagoniambiental.com.ar\/info\/#\/schema\/logo\/image\/"},"sameAs":["https:\/\/www.facebook.com\/patagonia.ambiental","https:\/\/x.com\/PatAmb"]},{"@type":"Person","@id":"https:\/\/patagoniambiental.com.ar\/info\/#\/schema\/person\/e5af09d700b2e82cb10c6b8800e0c691","name":"BRAIAN ESTEVEZ","sameAs":["http:\/\/www.patagoniambiental.com.ar"]}]}},"_links":{"self":[{"href":"https:\/\/patagoniambiental.com.ar\/info\/wp-json\/wp\/v2\/posts\/75991","targetHints":{"allow":["GET"]}}],"collection":[{"href":"https:\/\/patagoniambiental.com.ar\/info\/wp-json\/wp\/v2\/posts"}],"about":[{"href":"https:\/\/patagoniambiental.com.ar\/info\/wp-json\/wp\/v2\/types\/post"}],"author":[{"embeddable":true,"href":"https:\/\/patagoniambiental.com.ar\/info\/wp-json\/wp\/v2\/users\/6"}],"replies":[{"embeddable":true,"href":"https:\/\/patagoniambiental.com.ar\/info\/wp-json\/wp\/v2\/comments?post=75991"}],"version-history":[{"count":0,"href":"https:\/\/patagoniambiental.com.ar\/info\/wp-json\/wp\/v2\/posts\/75991\/revisions"}],"wp:featuredmedia":[{"embeddable":true,"href":"https:\/\/patagoniambiental.com.ar\/info\/wp-json\/wp\/v2\/media\/75992"}],"wp:attachment":[{"href":"https:\/\/patagoniambiental.com.ar\/info\/wp-json\/wp\/v2\/media?parent=75991"}],"wp:term":[{"taxonomy":"category","embeddable":true,"href":"https:\/\/patagoniambiental.com.ar\/info\/wp-json\/wp\/v2\/categories?post=75991"},{"taxonomy":"post_tag","embeddable":true,"href":"https:\/\/patagoniambiental.com.ar\/info\/wp-json\/wp\/v2\/tags?post=75991"}],"curies":[{"name":"wp","href":"https:\/\/api.w.org\/{rel}","templated":true}]}}