{"id":75994,"date":"2022-06-15T19:00:00","date_gmt":"2022-06-15T22:00:00","guid":{"rendered":"http:\/\/patagoniambiental.com.ar\/info\/?p=75994"},"modified":"2022-06-16T09:32:42","modified_gmt":"2022-06-16T12:32:42","slug":"se-realizan-obras-de-mantenimiento-en-el-ecocentro-pampa-azul","status":"publish","type":"post","link":"https:\/\/patagoniambiental.com.ar\/info\/se-realizan-obras-de-mantenimiento-en-el-ecocentro-pampa-azul\/","title":{"rendered":"SE REALIZAN OBRAS DE MANTENIMIENTO EN EL ECOCENTRO PAMPA AZUL"},"content":{"rendered":"\n<!--more-->\n\n\n\n<h4 class=\"wp-block-heading\">El edificio permanecer\u00e1 cerrado al p\u00fablico hasta que finalicen los trabajos. Adem\u00e1s, se est\u00e1 realizando la renovaci\u00f3n de la muestra de exhibici\u00f3n que ser\u00e1 presentada por el Centro Cultural de la Ciencia C3<\/h4>\n\n\n\n<p>El Ecocentro Pampa Azul es un centro de interpretaci\u00f3n, investigaci\u00f3n, educaci\u00f3n y arte costero-marino. Se trata de un ente aut\u00e1rquico con autonom\u00eda funcional y financiera y que tiene un concejo directivo conformado por representantes del Ministerio de Ciencia, Tecnolog\u00eda e Innovaci\u00f3n de la Naci\u00f3n, la Provincia de Chubut y la Municipalidad de Puerto Madryn.<\/p>\n\n\n\n<p>En este momento, se llevan a cabo <strong>obras de refacci\u00f3n y mantenimiento<\/strong>, as\u00ed como la renovaci\u00f3n de la muestra de exhibici\u00f3n que ser\u00e1 permanente y presentada por el Centro Cultural de la Ciencia C3.<\/p>\n\n\n\n<p>Los trabajos son indispensables para que la muestra <strong>\u201cOc\u00e9ano. Volverse Azul\u201d<\/strong> se pueda adaptar al espacio con algunos cambios estructurales.<\/p>\n\n\n\n<p>Por esta raz\u00f3n el edificio permanecer\u00e1 cerrado al p\u00fablico hasta que finalicen los trabajos, previendo su reapertura para los pr\u00f3ximos meses.<\/p>\n\n\n\n<figure class=\"wp-block-image\"><img decoding=\"async\" src=\"https:\/\/lu17.com\/wp-content\/uploads\/2022\/06\/47881e6a-10e9-4b47-a320-02602db25a19-300x225.jpeg\" alt=\"\" class=\"wp-image-169289\"\/><\/figure>\n\n\n\n<h3 class=\"wp-block-heading\"><strong>Centro Cultural de la Ciencia C3<\/strong><\/h3>\n\n\n\n<p>El Centro Cultural de la Ciencia (C3) se define como un laboratorio interdisciplinario de creaci\u00f3n e intercambio de ideas y saberes sobre la ciencia, entendida como parte de la cultura. Sus programas se orientan a distintos p\u00fablicos, promueven un trabajo colaborativo con actores del <strong>sistema cient\u00edfico, art\u00edstico y educativo<\/strong>, y se apoyan en la necesidad de favorecer oportunidades de exploraci\u00f3n de la cultura cient\u00edfica.<\/p>\n\n\n\n<h3 class=\"wp-block-heading\"><strong>Oc\u00e9ano. Volverse azul<\/strong><\/h3>\n\n\n\n<p>Con esta muestra se busca fortalecer la mirada cient\u00edfico-tecnol\u00f3gica, cultural, educativa y art\u00edstica existente, a\u00f1adiendo un enfoque m\u00e1s amplio, inclusivo y soberano y un fuerte compromiso socioambiental territorial.<\/p>\n\n\n\n<p>En ella, el Centro Cultural de la Ciencia C3 presenta una exhibici\u00f3n inmersiva e interactiva que recorre la cultura oce\u00e1nica, la relaci\u00f3n con nuestra forma de vida y su impacto ambiental, es la exhibici\u00f3n que se podr\u00e1 apreciar pr\u00f3ximamente, sobre <strong>la influencia mutua entre el oc\u00e9ano y el ser humano<\/strong>, y las acciones para la preservaci\u00f3n del planeta.<br>Esta muestra llegar\u00e1 de manera permanente al Ecocentro Pampa Azul y reemplazar\u00e1 a la que estuvo durante a\u00f1os, sumado a otros atractivos que son hist\u00f3ricos y que seguir\u00e1n en el lugar.<\/p>\n\n\n\n<p>Tambi\u00e9n se concesion\u00f3 la confiter\u00eda-bar, que se abrir\u00e1 una vez concluidos los trabajos. Tendr\u00e1 un acceso independiente para que los residentes y turistas puedan asistir, no solo para recorrer las muestras.<\/p>\n\n\n\n<p>Fuente: https:\/\/lu17.com\/madryn\/se-realizan-obras-de-mantenimiento-en-el-ecocentro-pampa-azul<\/p>\n","protected":false},"excerpt":{"rendered":"","protected":false},"author":6,"featured_media":75995,"comment_status":"open","ping_status":"open","sticky":false,"template":"","format":"standard","meta":{"site-sidebar-layout":"default","site-content-layout":"","ast-site-content-layout":"default","site-content-style":"default","site-sidebar-style":"default","ast-global-header-display":"","ast-banner-title-visibility":"","ast-main-header-display":"","ast-hfb-above-header-display":"","ast-hfb-below-header-display":"","ast-hfb-mobile-header-display":"","site-post-title":"","ast-breadcrumbs-content":"","ast-featured-img":"","footer-sml-layout":"","ast-disable-related-posts":"","theme-transparent-header-meta":"","adv-header-id-meta":"","stick-header-meta":"","header-above-stick-meta":"","header-main-stick-meta":"","header-below-stick-meta":"","astra-migrate-meta-layouts":"default","ast-page-background-enabled":"default","ast-page-background-meta":{"desktop":{"background-color":"var(--ast-global-color-5)","background-image":"","background-repeat":"repeat","background-position":"center center","background-size":"auto","background-attachment":"scroll","background-type":"","background-media":"","overlay-type":"","overlay-color":"","overlay-opacity":"","overlay-gradient":""},"tablet":{"background-color":"","background-image":"","background-repeat":"repeat","background-position":"center center","background-size":"auto","background-attachment":"scroll","background-type":"","background-media":"","overlay-type":"","overlay-color":"","overlay-opacity":"","overlay-gradient":""},"mobile":{"background-color":"","background-image":"","background-repeat":"repeat","background-position":"center center","background-size":"auto","background-attachment":"scroll","background-type":"","background-media":"","overlay-type":"","overlay-color":"","overlay-opacity":"","overlay-gradient":""}},"ast-content-background-meta":{"desktop":{"background-color":"var(--ast-global-color-4)","background-image":"","background-repeat":"repeat","background-position":"center center","background-size":"auto","background-attachment":"scroll","background-type":"","background-media":"","overlay-type":"","overlay-color":"","overlay-opacity":"","overlay-gradient":""},"tablet":{"background-color":"var(--ast-global-color-4)","background-image":"","background-repeat":"repeat","background-position":"center center","background-size":"auto","background-attachment":"scroll","background-type":"","background-media":"","overlay-type":"","overlay-color":"","overlay-opacity":"","overlay-gradient":""},"mobile":{"background-color":"var(--ast-global-color-4)","background-image":"","background-repeat":"repeat","background-position":"center center","background-size":"auto","background-attachment":"scroll","background-type":"","background-media":"","overlay-type":"","overlay-color":"","overlay-opacity":"","overlay-gradient":""}},"footnotes":""},"categories":[11,26,1,10],"tags":[],"class_list":["post-75994","post","type-post","status-publish","format-standard","has-post-thumbnail","hentry","category-boletin","category-chubut","category-noticias","category-rotador"],"yoast_head":"<!-- This site is optimized with the Yoast SEO Premium plugin v23.0 (Yoast SEO v27.4) - https:\/\/yoast.com\/product\/yoast-seo-premium-wordpress\/ -->\n<title>SE REALIZAN OBRAS DE MANTENIMIENTO EN EL ECOCENTRO PAMPA AZUL<\/title>\n<meta name=\"robots\" content=\"index, follow, max-snippet:-1, max-image-preview:large, max-video-preview:-1\" \/>\n<link rel=\"canonical\" href=\"https:\/\/patagoniambiental.com.ar\/info\/se-realizan-obras-de-mantenimiento-en-el-ecocentro-pampa-azul\/\" \/>\n<meta property=\"og:locale\" content=\"es_ES\" \/>\n<meta property=\"og:type\" content=\"article\" \/>\n<meta property=\"og:title\" content=\"SE REALIZAN OBRAS DE MANTENIMIENTO EN EL ECOCENTRO PAMPA AZUL\" \/>\n<meta property=\"og:url\" content=\"https:\/\/patagoniambiental.com.ar\/info\/se-realizan-obras-de-mantenimiento-en-el-ecocentro-pampa-azul\/\" \/>\n<meta property=\"og:site_name\" content=\"Patagonia Ambiental\" \/>\n<meta property=\"article:publisher\" content=\"https:\/\/www.facebook.com\/patagonia.ambiental\" \/>\n<meta property=\"article:published_time\" content=\"2022-06-15T22:00:00+00:00\" \/>\n<meta property=\"article:modified_time\" content=\"2022-06-16T12:32:42+00:00\" \/>\n<meta property=\"og:image\" content=\"https:\/\/patagoniambiental.com.ar\/info\/wp-content\/uploads\/2022\/06\/7d59b354-7cca-4adb-82f0-6b979da0a772-696x522-1.jpeg\" \/>\n\t<meta property=\"og:image:width\" content=\"696\" \/>\n\t<meta property=\"og:image:height\" content=\"522\" \/>\n\t<meta property=\"og:image:type\" content=\"image\/jpeg\" \/>\n<meta name=\"author\" content=\"BRAIAN ESTEVEZ\" \/>\n<meta name=\"twitter:card\" content=\"summary_large_image\" \/>\n<meta name=\"twitter:creator\" content=\"@PatAmb\" \/>\n<meta name=\"twitter:site\" content=\"@PatAmb\" \/>\n<script type=\"application\/ld+json\" class=\"yoast-schema-graph\">{\"@context\":\"https:\\\/\\\/schema.org\",\"@graph\":[{\"@type\":\"Article\",\"@id\":\"https:\\\/\\\/patagoniambiental.com.ar\\\/info\\\/se-realizan-obras-de-mantenimiento-en-el-ecocentro-pampa-azul\\\/#article\",\"isPartOf\":{\"@id\":\"https:\\\/\\\/patagoniambiental.com.ar\\\/info\\\/se-realizan-obras-de-mantenimiento-en-el-ecocentro-pampa-azul\\\/\"},\"author\":{\"name\":\"BRAIAN ESTEVEZ\",\"@id\":\"https:\\\/\\\/patagoniambiental.com.ar\\\/info\\\/#\\\/schema\\\/person\\\/e5af09d700b2e82cb10c6b8800e0c691\"},\"headline\":\"SE REALIZAN OBRAS DE MANTENIMIENTO EN EL ECOCENTRO PAMPA AZUL\",\"datePublished\":\"2022-06-15T22:00:00+00:00\",\"dateModified\":\"2022-06-16T12:32:42+00:00\",\"mainEntityOfPage\":{\"@id\":\"https:\\\/\\\/patagoniambiental.com.ar\\\/info\\\/se-realizan-obras-de-mantenimiento-en-el-ecocentro-pampa-azul\\\/\"},\"wordCount\":442,\"commentCount\":0,\"publisher\":{\"@id\":\"https:\\\/\\\/patagoniambiental.com.ar\\\/info\\\/#organization\"},\"image\":{\"@id\":\"https:\\\/\\\/patagoniambiental.com.ar\\\/info\\\/se-realizan-obras-de-mantenimiento-en-el-ecocentro-pampa-azul\\\/#primaryimage\"},\"thumbnailUrl\":\"https:\\\/\\\/patagoniambiental.com.ar\\\/info\\\/wp-content\\\/uploads\\\/2022\\\/06\\\/7d59b354-7cca-4adb-82f0-6b979da0a772-696x522-1.jpeg\",\"articleSection\":[\"Bolet\u00edn\",\"Chubut\",\"Noticias\",\"Rotador\"],\"inLanguage\":\"es\",\"potentialAction\":[{\"@type\":\"CommentAction\",\"name\":\"Comment\",\"target\":[\"https:\\\/\\\/patagoniambiental.com.ar\\\/info\\\/se-realizan-obras-de-mantenimiento-en-el-ecocentro-pampa-azul\\\/#respond\"]}]},{\"@type\":\"WebPage\",\"@id\":\"https:\\\/\\\/patagoniambiental.com.ar\\\/info\\\/se-realizan-obras-de-mantenimiento-en-el-ecocentro-pampa-azul\\\/\",\"url\":\"https:\\\/\\\/patagoniambiental.com.ar\\\/info\\\/se-realizan-obras-de-mantenimiento-en-el-ecocentro-pampa-azul\\\/\",\"name\":\"SE REALIZAN OBRAS DE MANTENIMIENTO EN EL ECOCENTRO PAMPA AZUL\",\"isPartOf\":{\"@id\":\"https:\\\/\\\/patagoniambiental.com.ar\\\/info\\\/#website\"},\"primaryImageOfPage\":{\"@id\":\"https:\\\/\\\/patagoniambiental.com.ar\\\/info\\\/se-realizan-obras-de-mantenimiento-en-el-ecocentro-pampa-azul\\\/#primaryimage\"},\"image\":{\"@id\":\"https:\\\/\\\/patagoniambiental.com.ar\\\/info\\\/se-realizan-obras-de-mantenimiento-en-el-ecocentro-pampa-azul\\\/#primaryimage\"},\"thumbnailUrl\":\"https:\\\/\\\/patagoniambiental.com.ar\\\/info\\\/wp-content\\\/uploads\\\/2022\\\/06\\\/7d59b354-7cca-4adb-82f0-6b979da0a772-696x522-1.jpeg\",\"datePublished\":\"2022-06-15T22:00:00+00:00\",\"dateModified\":\"2022-06-16T12:32:42+00:00\",\"breadcrumb\":{\"@id\":\"https:\\\/\\\/patagoniambiental.com.ar\\\/info\\\/se-realizan-obras-de-mantenimiento-en-el-ecocentro-pampa-azul\\\/#breadcrumb\"},\"inLanguage\":\"es\",\"potentialAction\":[{\"@type\":\"ReadAction\",\"target\":[\"https:\\\/\\\/patagoniambiental.com.ar\\\/info\\\/se-realizan-obras-de-mantenimiento-en-el-ecocentro-pampa-azul\\\/\"]}]},{\"@type\":\"ImageObject\",\"inLanguage\":\"es\",\"@id\":\"https:\\\/\\\/patagoniambiental.com.ar\\\/info\\\/se-realizan-obras-de-mantenimiento-en-el-ecocentro-pampa-azul\\\/#primaryimage\",\"url\":\"https:\\\/\\\/patagoniambiental.com.ar\\\/info\\\/wp-content\\\/uploads\\\/2022\\\/06\\\/7d59b354-7cca-4adb-82f0-6b979da0a772-696x522-1.jpeg\",\"contentUrl\":\"https:\\\/\\\/patagoniambiental.com.ar\\\/info\\\/wp-content\\\/uploads\\\/2022\\\/06\\\/7d59b354-7cca-4adb-82f0-6b979da0a772-696x522-1.jpeg\",\"width\":696,\"height\":522},{\"@type\":\"BreadcrumbList\",\"@id\":\"https:\\\/\\\/patagoniambiental.com.ar\\\/info\\\/se-realizan-obras-de-mantenimiento-en-el-ecocentro-pampa-azul\\\/#breadcrumb\",\"itemListElement\":[{\"@type\":\"ListItem\",\"position\":1,\"name\":\"Inicio\",\"item\":\"https:\\\/\\\/patagoniambiental.com.ar\\\/info\\\/\"},{\"@type\":\"ListItem\",\"position\":2,\"name\":\"SE REALIZAN OBRAS DE MANTENIMIENTO EN EL ECOCENTRO PAMPA AZUL\"}]},{\"@type\":\"WebSite\",\"@id\":\"https:\\\/\\\/patagoniambiental.com.ar\\\/info\\\/#website\",\"url\":\"https:\\\/\\\/patagoniambiental.com.ar\\\/info\\\/\",\"name\":\"Patagonia Ambiental\",\"description\":\"Monitoreo y an\u00e1lisis de la situaci\u00f3n geopol\u00edtica en el mundo y su implicancia en la Patagonia\",\"publisher\":{\"@id\":\"https:\\\/\\\/patagoniambiental.com.ar\\\/info\\\/#organization\"},\"potentialAction\":[{\"@type\":\"SearchAction\",\"target\":{\"@type\":\"EntryPoint\",\"urlTemplate\":\"https:\\\/\\\/patagoniambiental.com.ar\\\/info\\\/?s={search_term_string}\"},\"query-input\":{\"@type\":\"PropertyValueSpecification\",\"valueRequired\":true,\"valueName\":\"search_term_string\"}}],\"inLanguage\":\"es\"},{\"@type\":\"Organization\",\"@id\":\"https:\\\/\\\/patagoniambiental.com.ar\\\/info\\\/#organization\",\"name\":\"Patagonia Ambiental\",\"url\":\"https:\\\/\\\/patagoniambiental.com.ar\\\/info\\\/\",\"logo\":{\"@type\":\"ImageObject\",\"inLanguage\":\"es\",\"@id\":\"https:\\\/\\\/patagoniambiental.com.ar\\\/info\\\/#\\\/schema\\\/logo\\\/image\\\/\",\"url\":\"https:\\\/\\\/patagoniambiental.com.ar\\\/info\\\/wp-content\\\/uploads\\\/2025\\\/05\\\/LOGO-PATAGONIA-AMBIENTAL.png\",\"contentUrl\":\"https:\\\/\\\/patagoniambiental.com.ar\\\/info\\\/wp-content\\\/uploads\\\/2025\\\/05\\\/LOGO-PATAGONIA-AMBIENTAL.png\",\"width\":433,\"height\":250,\"caption\":\"Patagonia Ambiental\"},\"image\":{\"@id\":\"https:\\\/\\\/patagoniambiental.com.ar\\\/info\\\/#\\\/schema\\\/logo\\\/image\\\/\"},\"sameAs\":[\"https:\\\/\\\/www.facebook.com\\\/patagonia.ambiental\",\"https:\\\/\\\/x.com\\\/PatAmb\"]},{\"@type\":\"Person\",\"@id\":\"https:\\\/\\\/patagoniambiental.com.ar\\\/info\\\/#\\\/schema\\\/person\\\/e5af09d700b2e82cb10c6b8800e0c691\",\"name\":\"BRAIAN ESTEVEZ\",\"sameAs\":[\"http:\\\/\\\/www.patagoniambiental.com.ar\"]}]}<\/script>\n<!-- \/ Yoast SEO Premium plugin. -->","yoast_head_json":{"title":"SE REALIZAN OBRAS DE MANTENIMIENTO EN EL ECOCENTRO PAMPA AZUL","robots":{"index":"index","follow":"follow","max-snippet":"max-snippet:-1","max-image-preview":"max-image-preview:large","max-video-preview":"max-video-preview:-1"},"canonical":"https:\/\/patagoniambiental.com.ar\/info\/se-realizan-obras-de-mantenimiento-en-el-ecocentro-pampa-azul\/","og_locale":"es_ES","og_type":"article","og_title":"SE REALIZAN OBRAS DE MANTENIMIENTO EN EL ECOCENTRO PAMPA AZUL","og_url":"https:\/\/patagoniambiental.com.ar\/info\/se-realizan-obras-de-mantenimiento-en-el-ecocentro-pampa-azul\/","og_site_name":"Patagonia Ambiental","article_publisher":"https:\/\/www.facebook.com\/patagonia.ambiental","article_published_time":"2022-06-15T22:00:00+00:00","article_modified_time":"2022-06-16T12:32:42+00:00","og_image":[{"width":696,"height":522,"url":"https:\/\/patagoniambiental.com.ar\/info\/wp-content\/uploads\/2022\/06\/7d59b354-7cca-4adb-82f0-6b979da0a772-696x522-1.jpeg","type":"image\/jpeg"}],"author":"BRAIAN ESTEVEZ","twitter_card":"summary_large_image","twitter_creator":"@PatAmb","twitter_site":"@PatAmb","schema":{"@context":"https:\/\/schema.org","@graph":[{"@type":"Article","@id":"https:\/\/patagoniambiental.com.ar\/info\/se-realizan-obras-de-mantenimiento-en-el-ecocentro-pampa-azul\/#article","isPartOf":{"@id":"https:\/\/patagoniambiental.com.ar\/info\/se-realizan-obras-de-mantenimiento-en-el-ecocentro-pampa-azul\/"},"author":{"name":"BRAIAN ESTEVEZ","@id":"https:\/\/patagoniambiental.com.ar\/info\/#\/schema\/person\/e5af09d700b2e82cb10c6b8800e0c691"},"headline":"SE REALIZAN OBRAS DE MANTENIMIENTO EN EL ECOCENTRO PAMPA AZUL","datePublished":"2022-06-15T22:00:00+00:00","dateModified":"2022-06-16T12:32:42+00:00","mainEntityOfPage":{"@id":"https:\/\/patagoniambiental.com.ar\/info\/se-realizan-obras-de-mantenimiento-en-el-ecocentro-pampa-azul\/"},"wordCount":442,"commentCount":0,"publisher":{"@id":"https:\/\/patagoniambiental.com.ar\/info\/#organization"},"image":{"@id":"https:\/\/patagoniambiental.com.ar\/info\/se-realizan-obras-de-mantenimiento-en-el-ecocentro-pampa-azul\/#primaryimage"},"thumbnailUrl":"https:\/\/patagoniambiental.com.ar\/info\/wp-content\/uploads\/2022\/06\/7d59b354-7cca-4adb-82f0-6b979da0a772-696x522-1.jpeg","articleSection":["Bolet\u00edn","Chubut","Noticias","Rotador"],"inLanguage":"es","potentialAction":[{"@type":"CommentAction","name":"Comment","target":["https:\/\/patagoniambiental.com.ar\/info\/se-realizan-obras-de-mantenimiento-en-el-ecocentro-pampa-azul\/#respond"]}]},{"@type":"WebPage","@id":"https:\/\/patagoniambiental.com.ar\/info\/se-realizan-obras-de-mantenimiento-en-el-ecocentro-pampa-azul\/","url":"https:\/\/patagoniambiental.com.ar\/info\/se-realizan-obras-de-mantenimiento-en-el-ecocentro-pampa-azul\/","name":"SE REALIZAN OBRAS DE MANTENIMIENTO EN EL ECOCENTRO PAMPA AZUL","isPartOf":{"@id":"https:\/\/patagoniambiental.com.ar\/info\/#website"},"primaryImageOfPage":{"@id":"https:\/\/patagoniambiental.com.ar\/info\/se-realizan-obras-de-mantenimiento-en-el-ecocentro-pampa-azul\/#primaryimage"},"image":{"@id":"https:\/\/patagoniambiental.com.ar\/info\/se-realizan-obras-de-mantenimiento-en-el-ecocentro-pampa-azul\/#primaryimage"},"thumbnailUrl":"https:\/\/patagoniambiental.com.ar\/info\/wp-content\/uploads\/2022\/06\/7d59b354-7cca-4adb-82f0-6b979da0a772-696x522-1.jpeg","datePublished":"2022-06-15T22:00:00+00:00","dateModified":"2022-06-16T12:32:42+00:00","breadcrumb":{"@id":"https:\/\/patagoniambiental.com.ar\/info\/se-realizan-obras-de-mantenimiento-en-el-ecocentro-pampa-azul\/#breadcrumb"},"inLanguage":"es","potentialAction":[{"@type":"ReadAction","target":["https:\/\/patagoniambiental.com.ar\/info\/se-realizan-obras-de-mantenimiento-en-el-ecocentro-pampa-azul\/"]}]},{"@type":"ImageObject","inLanguage":"es","@id":"https:\/\/patagoniambiental.com.ar\/info\/se-realizan-obras-de-mantenimiento-en-el-ecocentro-pampa-azul\/#primaryimage","url":"https:\/\/patagoniambiental.com.ar\/info\/wp-content\/uploads\/2022\/06\/7d59b354-7cca-4adb-82f0-6b979da0a772-696x522-1.jpeg","contentUrl":"https:\/\/patagoniambiental.com.ar\/info\/wp-content\/uploads\/2022\/06\/7d59b354-7cca-4adb-82f0-6b979da0a772-696x522-1.jpeg","width":696,"height":522},{"@type":"BreadcrumbList","@id":"https:\/\/patagoniambiental.com.ar\/info\/se-realizan-obras-de-mantenimiento-en-el-ecocentro-pampa-azul\/#breadcrumb","itemListElement":[{"@type":"ListItem","position":1,"name":"Inicio","item":"https:\/\/patagoniambiental.com.ar\/info\/"},{"@type":"ListItem","position":2,"name":"SE REALIZAN OBRAS DE MANTENIMIENTO EN EL ECOCENTRO PAMPA AZUL"}]},{"@type":"WebSite","@id":"https:\/\/patagoniambiental.com.ar\/info\/#website","url":"https:\/\/patagoniambiental.com.ar\/info\/","name":"Patagonia Ambiental","description":"Monitoreo y an\u00e1lisis de la situaci\u00f3n geopol\u00edtica en el mundo y su implicancia en la Patagonia","publisher":{"@id":"https:\/\/patagoniambiental.com.ar\/info\/#organization"},"potentialAction":[{"@type":"SearchAction","target":{"@type":"EntryPoint","urlTemplate":"https:\/\/patagoniambiental.com.ar\/info\/?s={search_term_string}"},"query-input":{"@type":"PropertyValueSpecification","valueRequired":true,"valueName":"search_term_string"}}],"inLanguage":"es"},{"@type":"Organization","@id":"https:\/\/patagoniambiental.com.ar\/info\/#organization","name":"Patagonia Ambiental","url":"https:\/\/patagoniambiental.com.ar\/info\/","logo":{"@type":"ImageObject","inLanguage":"es","@id":"https:\/\/patagoniambiental.com.ar\/info\/#\/schema\/logo\/image\/","url":"https:\/\/patagoniambiental.com.ar\/info\/wp-content\/uploads\/2025\/05\/LOGO-PATAGONIA-AMBIENTAL.png","contentUrl":"https:\/\/patagoniambiental.com.ar\/info\/wp-content\/uploads\/2025\/05\/LOGO-PATAGONIA-AMBIENTAL.png","width":433,"height":250,"caption":"Patagonia Ambiental"},"image":{"@id":"https:\/\/patagoniambiental.com.ar\/info\/#\/schema\/logo\/image\/"},"sameAs":["https:\/\/www.facebook.com\/patagonia.ambiental","https:\/\/x.com\/PatAmb"]},{"@type":"Person","@id":"https:\/\/patagoniambiental.com.ar\/info\/#\/schema\/person\/e5af09d700b2e82cb10c6b8800e0c691","name":"BRAIAN ESTEVEZ","sameAs":["http:\/\/www.patagoniambiental.com.ar"]}]}},"_links":{"self":[{"href":"https:\/\/patagoniambiental.com.ar\/info\/wp-json\/wp\/v2\/posts\/75994","targetHints":{"allow":["GET"]}}],"collection":[{"href":"https:\/\/patagoniambiental.com.ar\/info\/wp-json\/wp\/v2\/posts"}],"about":[{"href":"https:\/\/patagoniambiental.com.ar\/info\/wp-json\/wp\/v2\/types\/post"}],"author":[{"embeddable":true,"href":"https:\/\/patagoniambiental.com.ar\/info\/wp-json\/wp\/v2\/users\/6"}],"replies":[{"embeddable":true,"href":"https:\/\/patagoniambiental.com.ar\/info\/wp-json\/wp\/v2\/comments?post=75994"}],"version-history":[{"count":0,"href":"https:\/\/patagoniambiental.com.ar\/info\/wp-json\/wp\/v2\/posts\/75994\/revisions"}],"wp:featuredmedia":[{"embeddable":true,"href":"https:\/\/patagoniambiental.com.ar\/info\/wp-json\/wp\/v2\/media\/75995"}],"wp:attachment":[{"href":"https:\/\/patagoniambiental.com.ar\/info\/wp-json\/wp\/v2\/media?parent=75994"}],"wp:term":[{"taxonomy":"category","embeddable":true,"href":"https:\/\/patagoniambiental.com.ar\/info\/wp-json\/wp\/v2\/categories?post=75994"},{"taxonomy":"post_tag","embeddable":true,"href":"https:\/\/patagoniambiental.com.ar\/info\/wp-json\/wp\/v2\/tags?post=75994"}],"curies":[{"name":"wp","href":"https:\/\/api.w.org\/{rel}","templated":true}]}}