{"id":76011,"date":"2022-06-22T07:00:00","date_gmt":"2022-06-22T10:00:00","guid":{"rendered":"http:\/\/patagoniambiental.com.ar\/info\/?p=76011"},"modified":"2024-05-26T13:12:33","modified_gmt":"2024-05-26T16:12:33","slug":"el-patagonia-eco-film-festival-llego-para-quedarse","status":"publish","type":"post","link":"https:\/\/patagoniambiental.com.ar\/info\/el-patagonia-eco-film-festival-llego-para-quedarse\/","title":{"rendered":"El \u00abPatagonia Eco Film Festival\u00bb lleg\u00f3 para quedarse"},"content":{"rendered":"\n<!--more-->\n\n\n\n<p>El festival de cine ambiental PEFF se proyectar\u00e1 por primera vez a la ciudad de Comodoro Rivadavia, con el fin de educar y generar conciencia en la gente, promoviendo el cuidado y respeto por la naturaleza.<\/p>\n\n\n\n<figure class=\"wp-block-image\"><img decoding=\"async\" src=\"https:\/\/media.elpatagonico.com\/p\/e0af6a1a56a3c5a51d839aab89f5fb4e\/adjuntos\/193\/imagenes\/039\/950\/0039950328\/770x0\/smart\/01-peffjpg.jpg\" alt=\"El Patagonia Eco Film Festival lleg\u00f3 para quedarse\" title=\"El Patagonia Eco Film Festival lleg\u00f3 para quedarse\"\/><\/figure>\n\n\n\n<p><a href=\"https:\/\/media.elpatagonico.com\/p\/e0af6a1a56a3c5a51d839aab89f5fb4e\/adjuntos\/193\/imagenes\/039\/950\/0039950328\/770x0\/smart\/01-peffjpg.jpg\"><\/a><\/p>\n\n\n\n<p>La realizaci\u00f3n del \u201cPatagonia Eco Film Festival\u201d en Comodoro se hizo posible gracias a la gesti\u00f3n de la empresa Sudestada SRL, que, de la mano de Joaqu\u00edn Ergas, tom\u00f3 contacto con parte del equipo del PEFF en Puerto Madryn, logrando incluir a nuestra ciudad en el itinerario de proyecciones del importante evento audiovisual.<\/p>\n\n\n\n<p>\u201cEl hecho de tener un festival de \u00e9stas caracter\u00edsticas es muy importante para la ciudad. La idea es poder concientizar y educar a trav\u00e9s del material f\u00edlmico y audiovisual a la comunidad. Es un evento sin fines de lucro, es cien por ciento gratuito para todas las funciones que hacemos\u201d, explica Joaqu\u00edn Ergas.<\/p>\n\n\n\n<p>La organizaci\u00f3n local se mostr\u00f3 muy conforme con la repercusi\u00f3n que est\u00e1 teniendo el evento y las grandes expectativas por parte de la gente, por ser \u00e9sta la primera vez que el festival se proyecta en nuestra ciudad. \u201cEl festival lleg\u00f3 para quedarse. Es la primera funci\u00f3n que se hace en Comodoro, pero la idea es que se pueda repetir todos los a\u00f1os, que se sepa que en junio hay un momento y un evento para todos aquellos que muestren inter\u00e9s en el \u00e1mbito del ambiente y en el cuidado de la naturaleza\u201d, agreg\u00f3 Ergas.<\/p>\n\n\n\n<p>Este evento se hizo posible en nuestra ciudad gracias a la organizaci\u00f3n de Sudestada SRL, y cuenta con el apoyo de la Municipalidad de Comodoro Rivadavia, la Secretar\u00eda de Ambiente, Urbana y Lucania Palazzo Hotel, que colaboraron para que el festival se pueda llevar a cabo.<\/p>\n\n\n\n<p>Es importante destacar que todas las proyecciones ser\u00e1n libres y gratuitas, pero todos aquellos que quieran colaborar, podr\u00e1n hacerlo llevando; abrigos, frazadas, s\u00e1banas, camperas o pul\u00f3veres. Durante los tres d\u00edas que dura el festival, el cine ser\u00e1 un centro de acopio para aportar todas estas donaciones a diferentes barrios y comedores de la ciudad.<\/p>\n\n\n\n<p>El PEFF en Comodoro<\/p>\n\n\n\n<p>El d\u00eda jueves comienza el itinerario y, se realizar\u00e1n 4 funciones, 2 por la ma\u00f1ana y 2 por la tarde, que ser\u00e1n proyecciones exclusivas dedicadas a escuelas primarias y secundarias.<\/p>\n\n\n\n<p>Para el viernes 24 tambi\u00e9n se pensaron 4 funciones por la ma\u00f1ana y por la tarde, destinadas a establecimientos educativos. A las 20 hs. se proyectar\u00e1 la pel\u00edcula \u201cEl Sembrador\u201d, una realizaci\u00f3n dirigida y co-producida por un grupo de mujeres.<\/p>\n\n\n\n<p>El s\u00e1bado 25, a las 18 hs., tendr\u00e1 lugar el Mini PEFF. Se trata de un festival dedicado a familias, ni\u00f1os y ni\u00f1as, con tem\u00e1tica infantil. Luego, a las 20 hs., se proyectar\u00e1 una pel\u00edcula que trata sobre cet\u00e1ceos y toda la vida que gira en torno a los oc\u00e9anos, poniendo el foco en la importancia de cuidar nuestros mares.<\/p>\n\n\n\n<p>Fuente: https:\/\/www.elpatagonico.com\/el-patagonia-eco-film-festival-llego-quedarse-n5469549<\/p>\n","protected":false},"excerpt":{"rendered":"","protected":false},"author":6,"featured_media":76014,"comment_status":"open","ping_status":"open","sticky":false,"template":"","format":"standard","meta":{"site-sidebar-layout":"default","site-content-layout":"","ast-site-content-layout":"default","site-content-style":"default","site-sidebar-style":"default","ast-global-header-display":"","ast-banner-title-visibility":"","ast-main-header-display":"","ast-hfb-above-header-display":"","ast-hfb-below-header-display":"","ast-hfb-mobile-header-display":"","site-post-title":"","ast-breadcrumbs-content":"","ast-featured-img":"","footer-sml-layout":"","ast-disable-related-posts":"","theme-transparent-header-meta":"","adv-header-id-meta":"","stick-header-meta":"","header-above-stick-meta":"","header-main-stick-meta":"","header-below-stick-meta":"","astra-migrate-meta-layouts":"default","ast-page-background-enabled":"default","ast-page-background-meta":{"desktop":{"background-color":"var(--ast-global-color-5)","background-image":"","background-repeat":"repeat","background-position":"center center","background-size":"auto","background-attachment":"scroll","background-type":"","background-media":"","overlay-type":"","overlay-color":"","overlay-opacity":"","overlay-gradient":""},"tablet":{"background-color":"","background-image":"","background-repeat":"repeat","background-position":"center center","background-size":"auto","background-attachment":"scroll","background-type":"","background-media":"","overlay-type":"","overlay-color":"","overlay-opacity":"","overlay-gradient":""},"mobile":{"background-color":"","background-image":"","background-repeat":"repeat","background-position":"center center","background-size":"auto","background-attachment":"scroll","background-type":"","background-media":"","overlay-type":"","overlay-color":"","overlay-opacity":"","overlay-gradient":""}},"ast-content-background-meta":{"desktop":{"background-color":"var(--ast-global-color-4)","background-image":"","background-repeat":"repeat","background-position":"center center","background-size":"auto","background-attachment":"scroll","background-type":"","background-media":"","overlay-type":"","overlay-color":"","overlay-opacity":"","overlay-gradient":""},"tablet":{"background-color":"var(--ast-global-color-4)","background-image":"","background-repeat":"repeat","background-position":"center center","background-size":"auto","background-attachment":"scroll","background-type":"","background-media":"","overlay-type":"","overlay-color":"","overlay-opacity":"","overlay-gradient":""},"mobile":{"background-color":"var(--ast-global-color-4)","background-image":"","background-repeat":"repeat","background-position":"center center","background-size":"auto","background-attachment":"scroll","background-type":"","background-media":"","overlay-type":"","overlay-color":"","overlay-opacity":"","overlay-gradient":""}},"footnotes":""},"categories":[11,26,1,13,10],"tags":[],"class_list":["post-76011","post","type-post","status-publish","format-standard","has-post-thumbnail","hentry","category-boletin","category-chubut","category-noticias","category-provinciales","category-rotador"],"yoast_head":"<!-- This site is optimized with the Yoast SEO Premium plugin v23.0 (Yoast SEO v27.4) - https:\/\/yoast.com\/product\/yoast-seo-premium-wordpress\/ -->\n<title>El &quot;Patagonia Eco Film Festival&quot; lleg\u00f3 para quedarse<\/title>\n<meta name=\"robots\" content=\"index, follow, max-snippet:-1, max-image-preview:large, max-video-preview:-1\" \/>\n<link rel=\"canonical\" href=\"https:\/\/patagoniambiental.com.ar\/info\/el-patagonia-eco-film-festival-llego-para-quedarse\/\" \/>\n<meta property=\"og:locale\" content=\"es_ES\" \/>\n<meta property=\"og:type\" content=\"article\" \/>\n<meta property=\"og:title\" content=\"El &quot;Patagonia Eco Film Festival&quot; lleg\u00f3 para quedarse\" \/>\n<meta property=\"og:url\" content=\"https:\/\/patagoniambiental.com.ar\/info\/el-patagonia-eco-film-festival-llego-para-quedarse\/\" \/>\n<meta property=\"og:site_name\" content=\"Patagonia Ambiental\" \/>\n<meta property=\"article:publisher\" content=\"https:\/\/www.facebook.com\/patagonia.ambiental\" \/>\n<meta property=\"article:published_time\" content=\"2022-06-22T10:00:00+00:00\" \/>\n<meta property=\"article:modified_time\" content=\"2024-05-26T16:12:33+00:00\" \/>\n<meta property=\"og:image\" content=\"https:\/\/patagoniambiental.com.ar\/info\/wp-content\/uploads\/2022\/06\/Sin-titulo-5.png\" \/>\n\t<meta property=\"og:image:width\" content=\"755\" \/>\n\t<meta property=\"og:image:height\" content=\"422\" \/>\n\t<meta property=\"og:image:type\" content=\"image\/png\" \/>\n<meta name=\"author\" content=\"BRAIAN ESTEVEZ\" \/>\n<meta name=\"twitter:card\" content=\"summary_large_image\" \/>\n<meta name=\"twitter:creator\" content=\"@PatAmb\" \/>\n<meta name=\"twitter:site\" content=\"@PatAmb\" \/>\n<script type=\"application\/ld+json\" class=\"yoast-schema-graph\">{\"@context\":\"https:\\\/\\\/schema.org\",\"@graph\":[{\"@type\":\"Article\",\"@id\":\"https:\\\/\\\/patagoniambiental.com.ar\\\/info\\\/el-patagonia-eco-film-festival-llego-para-quedarse\\\/#article\",\"isPartOf\":{\"@id\":\"https:\\\/\\\/patagoniambiental.com.ar\\\/info\\\/el-patagonia-eco-film-festival-llego-para-quedarse\\\/\"},\"author\":{\"name\":\"BRAIAN ESTEVEZ\",\"@id\":\"https:\\\/\\\/patagoniambiental.com.ar\\\/info\\\/#\\\/schema\\\/person\\\/e5af09d700b2e82cb10c6b8800e0c691\"},\"headline\":\"El \u00abPatagonia Eco Film Festival\u00bb lleg\u00f3 para quedarse\",\"datePublished\":\"2022-06-22T10:00:00+00:00\",\"dateModified\":\"2024-05-26T16:12:33+00:00\",\"mainEntityOfPage\":{\"@id\":\"https:\\\/\\\/patagoniambiental.com.ar\\\/info\\\/el-patagonia-eco-film-festival-llego-para-quedarse\\\/\"},\"wordCount\":510,\"commentCount\":0,\"publisher\":{\"@id\":\"https:\\\/\\\/patagoniambiental.com.ar\\\/info\\\/#organization\"},\"image\":{\"@id\":\"https:\\\/\\\/patagoniambiental.com.ar\\\/info\\\/el-patagonia-eco-film-festival-llego-para-quedarse\\\/#primaryimage\"},\"thumbnailUrl\":\"https:\\\/\\\/patagoniambiental.com.ar\\\/info\\\/wp-content\\\/uploads\\\/2022\\\/06\\\/Sin-titulo-5.png\",\"articleSection\":[\"Bolet\u00edn\",\"Chubut\",\"Noticias\",\"Provinciales\",\"Rotador\"],\"inLanguage\":\"es\",\"potentialAction\":[{\"@type\":\"CommentAction\",\"name\":\"Comment\",\"target\":[\"https:\\\/\\\/patagoniambiental.com.ar\\\/info\\\/el-patagonia-eco-film-festival-llego-para-quedarse\\\/#respond\"]}]},{\"@type\":\"WebPage\",\"@id\":\"https:\\\/\\\/patagoniambiental.com.ar\\\/info\\\/el-patagonia-eco-film-festival-llego-para-quedarse\\\/\",\"url\":\"https:\\\/\\\/patagoniambiental.com.ar\\\/info\\\/el-patagonia-eco-film-festival-llego-para-quedarse\\\/\",\"name\":\"El \\\"Patagonia Eco Film Festival\\\" lleg\u00f3 para quedarse\",\"isPartOf\":{\"@id\":\"https:\\\/\\\/patagoniambiental.com.ar\\\/info\\\/#website\"},\"primaryImageOfPage\":{\"@id\":\"https:\\\/\\\/patagoniambiental.com.ar\\\/info\\\/el-patagonia-eco-film-festival-llego-para-quedarse\\\/#primaryimage\"},\"image\":{\"@id\":\"https:\\\/\\\/patagoniambiental.com.ar\\\/info\\\/el-patagonia-eco-film-festival-llego-para-quedarse\\\/#primaryimage\"},\"thumbnailUrl\":\"https:\\\/\\\/patagoniambiental.com.ar\\\/info\\\/wp-content\\\/uploads\\\/2022\\\/06\\\/Sin-titulo-5.png\",\"datePublished\":\"2022-06-22T10:00:00+00:00\",\"dateModified\":\"2024-05-26T16:12:33+00:00\",\"breadcrumb\":{\"@id\":\"https:\\\/\\\/patagoniambiental.com.ar\\\/info\\\/el-patagonia-eco-film-festival-llego-para-quedarse\\\/#breadcrumb\"},\"inLanguage\":\"es\",\"potentialAction\":[{\"@type\":\"ReadAction\",\"target\":[\"https:\\\/\\\/patagoniambiental.com.ar\\\/info\\\/el-patagonia-eco-film-festival-llego-para-quedarse\\\/\"]}]},{\"@type\":\"ImageObject\",\"inLanguage\":\"es\",\"@id\":\"https:\\\/\\\/patagoniambiental.com.ar\\\/info\\\/el-patagonia-eco-film-festival-llego-para-quedarse\\\/#primaryimage\",\"url\":\"https:\\\/\\\/patagoniambiental.com.ar\\\/info\\\/wp-content\\\/uploads\\\/2022\\\/06\\\/Sin-titulo-5.png\",\"contentUrl\":\"https:\\\/\\\/patagoniambiental.com.ar\\\/info\\\/wp-content\\\/uploads\\\/2022\\\/06\\\/Sin-titulo-5.png\",\"width\":755,\"height\":422},{\"@type\":\"BreadcrumbList\",\"@id\":\"https:\\\/\\\/patagoniambiental.com.ar\\\/info\\\/el-patagonia-eco-film-festival-llego-para-quedarse\\\/#breadcrumb\",\"itemListElement\":[{\"@type\":\"ListItem\",\"position\":1,\"name\":\"Inicio\",\"item\":\"https:\\\/\\\/patagoniambiental.com.ar\\\/info\\\/\"},{\"@type\":\"ListItem\",\"position\":2,\"name\":\"El \u00abPatagonia Eco Film Festival\u00bb lleg\u00f3 para quedarse\"}]},{\"@type\":\"WebSite\",\"@id\":\"https:\\\/\\\/patagoniambiental.com.ar\\\/info\\\/#website\",\"url\":\"https:\\\/\\\/patagoniambiental.com.ar\\\/info\\\/\",\"name\":\"Patagonia Ambiental\",\"description\":\"Monitoreo y an\u00e1lisis de la situaci\u00f3n geopol\u00edtica en el mundo y su implicancia en la Patagonia\",\"publisher\":{\"@id\":\"https:\\\/\\\/patagoniambiental.com.ar\\\/info\\\/#organization\"},\"potentialAction\":[{\"@type\":\"SearchAction\",\"target\":{\"@type\":\"EntryPoint\",\"urlTemplate\":\"https:\\\/\\\/patagoniambiental.com.ar\\\/info\\\/?s={search_term_string}\"},\"query-input\":{\"@type\":\"PropertyValueSpecification\",\"valueRequired\":true,\"valueName\":\"search_term_string\"}}],\"inLanguage\":\"es\"},{\"@type\":\"Organization\",\"@id\":\"https:\\\/\\\/patagoniambiental.com.ar\\\/info\\\/#organization\",\"name\":\"Patagonia Ambiental\",\"url\":\"https:\\\/\\\/patagoniambiental.com.ar\\\/info\\\/\",\"logo\":{\"@type\":\"ImageObject\",\"inLanguage\":\"es\",\"@id\":\"https:\\\/\\\/patagoniambiental.com.ar\\\/info\\\/#\\\/schema\\\/logo\\\/image\\\/\",\"url\":\"https:\\\/\\\/patagoniambiental.com.ar\\\/info\\\/wp-content\\\/uploads\\\/2025\\\/05\\\/LOGO-PATAGONIA-AMBIENTAL.png\",\"contentUrl\":\"https:\\\/\\\/patagoniambiental.com.ar\\\/info\\\/wp-content\\\/uploads\\\/2025\\\/05\\\/LOGO-PATAGONIA-AMBIENTAL.png\",\"width\":433,\"height\":250,\"caption\":\"Patagonia Ambiental\"},\"image\":{\"@id\":\"https:\\\/\\\/patagoniambiental.com.ar\\\/info\\\/#\\\/schema\\\/logo\\\/image\\\/\"},\"sameAs\":[\"https:\\\/\\\/www.facebook.com\\\/patagonia.ambiental\",\"https:\\\/\\\/x.com\\\/PatAmb\"]},{\"@type\":\"Person\",\"@id\":\"https:\\\/\\\/patagoniambiental.com.ar\\\/info\\\/#\\\/schema\\\/person\\\/e5af09d700b2e82cb10c6b8800e0c691\",\"name\":\"BRAIAN ESTEVEZ\",\"sameAs\":[\"http:\\\/\\\/www.patagoniambiental.com.ar\"]}]}<\/script>\n<!-- \/ Yoast SEO Premium plugin. -->","yoast_head_json":{"title":"El \"Patagonia Eco Film Festival\" lleg\u00f3 para quedarse","robots":{"index":"index","follow":"follow","max-snippet":"max-snippet:-1","max-image-preview":"max-image-preview:large","max-video-preview":"max-video-preview:-1"},"canonical":"https:\/\/patagoniambiental.com.ar\/info\/el-patagonia-eco-film-festival-llego-para-quedarse\/","og_locale":"es_ES","og_type":"article","og_title":"El \"Patagonia Eco Film Festival\" lleg\u00f3 para quedarse","og_url":"https:\/\/patagoniambiental.com.ar\/info\/el-patagonia-eco-film-festival-llego-para-quedarse\/","og_site_name":"Patagonia Ambiental","article_publisher":"https:\/\/www.facebook.com\/patagonia.ambiental","article_published_time":"2022-06-22T10:00:00+00:00","article_modified_time":"2024-05-26T16:12:33+00:00","og_image":[{"width":755,"height":422,"url":"https:\/\/patagoniambiental.com.ar\/info\/wp-content\/uploads\/2022\/06\/Sin-titulo-5.png","type":"image\/png"}],"author":"BRAIAN ESTEVEZ","twitter_card":"summary_large_image","twitter_creator":"@PatAmb","twitter_site":"@PatAmb","schema":{"@context":"https:\/\/schema.org","@graph":[{"@type":"Article","@id":"https:\/\/patagoniambiental.com.ar\/info\/el-patagonia-eco-film-festival-llego-para-quedarse\/#article","isPartOf":{"@id":"https:\/\/patagoniambiental.com.ar\/info\/el-patagonia-eco-film-festival-llego-para-quedarse\/"},"author":{"name":"BRAIAN ESTEVEZ","@id":"https:\/\/patagoniambiental.com.ar\/info\/#\/schema\/person\/e5af09d700b2e82cb10c6b8800e0c691"},"headline":"El \u00abPatagonia Eco Film Festival\u00bb lleg\u00f3 para quedarse","datePublished":"2022-06-22T10:00:00+00:00","dateModified":"2024-05-26T16:12:33+00:00","mainEntityOfPage":{"@id":"https:\/\/patagoniambiental.com.ar\/info\/el-patagonia-eco-film-festival-llego-para-quedarse\/"},"wordCount":510,"commentCount":0,"publisher":{"@id":"https:\/\/patagoniambiental.com.ar\/info\/#organization"},"image":{"@id":"https:\/\/patagoniambiental.com.ar\/info\/el-patagonia-eco-film-festival-llego-para-quedarse\/#primaryimage"},"thumbnailUrl":"https:\/\/patagoniambiental.com.ar\/info\/wp-content\/uploads\/2022\/06\/Sin-titulo-5.png","articleSection":["Bolet\u00edn","Chubut","Noticias","Provinciales","Rotador"],"inLanguage":"es","potentialAction":[{"@type":"CommentAction","name":"Comment","target":["https:\/\/patagoniambiental.com.ar\/info\/el-patagonia-eco-film-festival-llego-para-quedarse\/#respond"]}]},{"@type":"WebPage","@id":"https:\/\/patagoniambiental.com.ar\/info\/el-patagonia-eco-film-festival-llego-para-quedarse\/","url":"https:\/\/patagoniambiental.com.ar\/info\/el-patagonia-eco-film-festival-llego-para-quedarse\/","name":"El \"Patagonia Eco Film Festival\" lleg\u00f3 para quedarse","isPartOf":{"@id":"https:\/\/patagoniambiental.com.ar\/info\/#website"},"primaryImageOfPage":{"@id":"https:\/\/patagoniambiental.com.ar\/info\/el-patagonia-eco-film-festival-llego-para-quedarse\/#primaryimage"},"image":{"@id":"https:\/\/patagoniambiental.com.ar\/info\/el-patagonia-eco-film-festival-llego-para-quedarse\/#primaryimage"},"thumbnailUrl":"https:\/\/patagoniambiental.com.ar\/info\/wp-content\/uploads\/2022\/06\/Sin-titulo-5.png","datePublished":"2022-06-22T10:00:00+00:00","dateModified":"2024-05-26T16:12:33+00:00","breadcrumb":{"@id":"https:\/\/patagoniambiental.com.ar\/info\/el-patagonia-eco-film-festival-llego-para-quedarse\/#breadcrumb"},"inLanguage":"es","potentialAction":[{"@type":"ReadAction","target":["https:\/\/patagoniambiental.com.ar\/info\/el-patagonia-eco-film-festival-llego-para-quedarse\/"]}]},{"@type":"ImageObject","inLanguage":"es","@id":"https:\/\/patagoniambiental.com.ar\/info\/el-patagonia-eco-film-festival-llego-para-quedarse\/#primaryimage","url":"https:\/\/patagoniambiental.com.ar\/info\/wp-content\/uploads\/2022\/06\/Sin-titulo-5.png","contentUrl":"https:\/\/patagoniambiental.com.ar\/info\/wp-content\/uploads\/2022\/06\/Sin-titulo-5.png","width":755,"height":422},{"@type":"BreadcrumbList","@id":"https:\/\/patagoniambiental.com.ar\/info\/el-patagonia-eco-film-festival-llego-para-quedarse\/#breadcrumb","itemListElement":[{"@type":"ListItem","position":1,"name":"Inicio","item":"https:\/\/patagoniambiental.com.ar\/info\/"},{"@type":"ListItem","position":2,"name":"El \u00abPatagonia Eco Film Festival\u00bb lleg\u00f3 para quedarse"}]},{"@type":"WebSite","@id":"https:\/\/patagoniambiental.com.ar\/info\/#website","url":"https:\/\/patagoniambiental.com.ar\/info\/","name":"Patagonia Ambiental","description":"Monitoreo y an\u00e1lisis de la situaci\u00f3n geopol\u00edtica en el mundo y su implicancia en la Patagonia","publisher":{"@id":"https:\/\/patagoniambiental.com.ar\/info\/#organization"},"potentialAction":[{"@type":"SearchAction","target":{"@type":"EntryPoint","urlTemplate":"https:\/\/patagoniambiental.com.ar\/info\/?s={search_term_string}"},"query-input":{"@type":"PropertyValueSpecification","valueRequired":true,"valueName":"search_term_string"}}],"inLanguage":"es"},{"@type":"Organization","@id":"https:\/\/patagoniambiental.com.ar\/info\/#organization","name":"Patagonia Ambiental","url":"https:\/\/patagoniambiental.com.ar\/info\/","logo":{"@type":"ImageObject","inLanguage":"es","@id":"https:\/\/patagoniambiental.com.ar\/info\/#\/schema\/logo\/image\/","url":"https:\/\/patagoniambiental.com.ar\/info\/wp-content\/uploads\/2025\/05\/LOGO-PATAGONIA-AMBIENTAL.png","contentUrl":"https:\/\/patagoniambiental.com.ar\/info\/wp-content\/uploads\/2025\/05\/LOGO-PATAGONIA-AMBIENTAL.png","width":433,"height":250,"caption":"Patagonia Ambiental"},"image":{"@id":"https:\/\/patagoniambiental.com.ar\/info\/#\/schema\/logo\/image\/"},"sameAs":["https:\/\/www.facebook.com\/patagonia.ambiental","https:\/\/x.com\/PatAmb"]},{"@type":"Person","@id":"https:\/\/patagoniambiental.com.ar\/info\/#\/schema\/person\/e5af09d700b2e82cb10c6b8800e0c691","name":"BRAIAN ESTEVEZ","sameAs":["http:\/\/www.patagoniambiental.com.ar"]}]}},"_links":{"self":[{"href":"https:\/\/patagoniambiental.com.ar\/info\/wp-json\/wp\/v2\/posts\/76011","targetHints":{"allow":["GET"]}}],"collection":[{"href":"https:\/\/patagoniambiental.com.ar\/info\/wp-json\/wp\/v2\/posts"}],"about":[{"href":"https:\/\/patagoniambiental.com.ar\/info\/wp-json\/wp\/v2\/types\/post"}],"author":[{"embeddable":true,"href":"https:\/\/patagoniambiental.com.ar\/info\/wp-json\/wp\/v2\/users\/6"}],"replies":[{"embeddable":true,"href":"https:\/\/patagoniambiental.com.ar\/info\/wp-json\/wp\/v2\/comments?post=76011"}],"version-history":[{"count":0,"href":"https:\/\/patagoniambiental.com.ar\/info\/wp-json\/wp\/v2\/posts\/76011\/revisions"}],"wp:featuredmedia":[{"embeddable":true,"href":"https:\/\/patagoniambiental.com.ar\/info\/wp-json\/wp\/v2\/media\/76014"}],"wp:attachment":[{"href":"https:\/\/patagoniambiental.com.ar\/info\/wp-json\/wp\/v2\/media?parent=76011"}],"wp:term":[{"taxonomy":"category","embeddable":true,"href":"https:\/\/patagoniambiental.com.ar\/info\/wp-json\/wp\/v2\/categories?post=76011"},{"taxonomy":"post_tag","embeddable":true,"href":"https:\/\/patagoniambiental.com.ar\/info\/wp-json\/wp\/v2\/tags?post=76011"}],"curies":[{"name":"wp","href":"https:\/\/api.w.org\/{rel}","templated":true}]}}