{"id":76044,"date":"2022-07-03T07:00:00","date_gmt":"2022-07-03T10:00:00","guid":{"rendered":"http:\/\/patagoniambiental.com.ar\/info\/?p=76044"},"modified":"2022-07-04T09:28:01","modified_gmt":"2022-07-04T12:28:01","slug":"hidroelectricas-el-copade-elaboro-un-informe-para-sumar-al-debate","status":"publish","type":"post","link":"https:\/\/patagoniambiental.com.ar\/info\/hidroelectricas-el-copade-elaboro-un-informe-para-sumar-al-debate\/","title":{"rendered":"Hidroel\u00e9ctricas: el Copade elabor\u00f3 un informe para sumar al debate"},"content":{"rendered":"\n<!--more-->\n\n\n\n<h2 class=\"wp-block-heading\">Guti\u00e9rrez envi\u00f3 el informe a la Legislatura. En 2023 se vencen cuatro concesiones y Naci\u00f3n a\u00fan no define si se devuelve o no la administraci\u00f3n a las provincias.<\/h2>\n\n\n\n<ul class=\"wp-block-list\"><li><\/li><li><\/li><li><\/li><li><\/li><\/ul>\n\n\n\n<figure class=\"wp-block-image\"><img decoding=\"async\" src=\"https:\/\/media.lmneuquen.com\/p\/76ee49194e1d25cbf4be6e210027a12b\/adjuntos\/195\/imagenes\/007\/202\/0007202692\/770x0\/smart\/el-choconjpg.jpg\" alt=\"Hidroel\u00e9ctricas: el Copade elabor\u00f3 un informe para sumar al debate\" title=\"Hidroel\u00e9ctricas: el Copade elabor\u00f3 un informe para sumar al debate | LM Neuquen\"\/><\/figure>\n\n\n\n<p>En 2023 finalizar\u00e1n las licencias que el Estado Nacional otorg\u00f3 a una serie de empresas privadas en el a\u00f1o 1993 para la operaci\u00f3n, mantenimiento y explotaci\u00f3n comercial de las represas El Choc\u00f3n-Arroyito, Piedra del \u00c1guila, Alicur\u00e1 y Complejo Cerros Colorados, emplazadas sobre los r\u00edos Limay y Neuqu\u00e9n. En este contexto, la Provincia del Neuqu\u00e9n ha expresado su inter\u00e9s por participar activamente, en conjunto con la Provincia de R\u00edo Negro, en las decisiones vinculadas a la gesti\u00f3n de las centrales<strong> <a href=\"https:\/\/www.lmneuquen.com\/hidroelectricas-a18655\">hidroel\u00e9ctricas<\/a><\/strong> emplazadas en su jurisdicci\u00f3n. Ello fundamentado en la constituci\u00f3n nacional reformada en el a\u00f1o 1994, que consagr\u00f3 el dominio de las provincias sobre los recursos naturales.<\/p>\n\n\n\n<p>A partir de esta decisi\u00f3n, ambas provincias han conformado una comisi\u00f3n conjunta para evaluar la situaci\u00f3n actual de la administraci\u00f3n de las represas. Sumado a ello, el poder legislativo de la Provincia del Neuqu\u00e9n ha conformado la \u201cComisi\u00f3n de seguimiento para el proceso de recuperaci\u00f3n y traspaso de las Represas Hidroel\u00e9ctricas de la Regi\u00f3n Comahue\u201d, establecida por Resoluci\u00f3n 1162.<\/p>\n\n\n\n<p>Te puede interesar&#8230;<\/p>\n\n\n\n<p><a rel=\"noreferrer noopener\" href=\"https:\/\/mase.lmneuquen.com\/hidroelectricas\/se-termina-el-tiempo-resolver-las-concesiones-hidroelectricas-n923208\" target=\"_blank\">s<\/a><\/p>\n\n\n\n<p>Con el objetivo de aportar al trabajo t\u00e9cnico que realizan dichas comisiones, la Secretar\u00eda del COPADE junto a la Asesor\u00eda General de Gobierno confeccionaron el <a href=\"https:\/\/www.lmneuquen.com\/informe-a4731\">informe<\/a> \u201c<a href=\"https:\/\/www.copade.gob.ar\/wp-content\/uploads\/2022\/07\/CONCESIONES-HIDROELECTRICAS.pdf\" target=\"_blank\" rel=\"noreferrer noopener\">Concesiones hidroel\u00e9ctricas: aportes al debate pol\u00edtico y jur\u00eddico<\/a>\u201d, el cual ya fue remitido esta semana por el Gobernador Omar Guti\u00e9rrez a la Legislatura de la Provincia del Neuqu\u00e9n.<\/p>\n\n\n\n<figure class=\"wp-block-image\"><img decoding=\"async\" src=\"https:\/\/media.lmneuquen.com\/p\/4e3e8c63ec9cbd12dd81e3276cef0e54\/adjuntos\/195\/imagenes\/003\/602\/0003602561\/pablo-gutierrez-colantuonojpg.jpg?0000-00-00-00-00-00\" alt=\"\"\/><\/figure>\n\n\n\n<p>El titular de COPADE, Pablo Guti\u00e9rrez Colantuono, se\u00f1al\u00f3 que el informe \u201cprofundiza y desarrolla los fundamentos que sostienen la postura de la Provincia del Neuqu\u00e9n, se\u00f1alando los argumentos y contra argumentos vinculados a las competencias provinciales y federal en esta tem\u00e1tica \u201d.<\/p>\n\n\n\n<p>\u201cUn an\u00e1lisis sustancial ocupa el hito que signific\u00f3 la consagraci\u00f3n expresa del dominio de los recursos naturales por parte de las provincias, a partir de la reforma constitucional del a\u00f1o 1994\u201d, indic\u00f3 Guti\u00e9rrez Colantuono.<\/p>\n\n\n\n<p>La Directora Provincial de Planificaci\u00f3n Territorial, Daniela Torrisi, explic\u00f3 que \u201cel estudio se inicia con un diagn\u00f3stico sobre el papel que actualmente las centrales hidroel\u00e9ctricas desempe\u00f1an en la generaci\u00f3n de energ\u00eda mundial. Luego prosigue con un an\u00e1lisis sobre los factores de riesgo asociados a tales tipos de infraestructuras y sus impactos ambientales, describiendo adem\u00e1s la actual situaci\u00f3n de emergencia hidrol\u00f3gica en la regi\u00f3n\u201d. https:\/\/www.lmneuquen.com\/_post\/viewerpdfjs.php?file=https:\/\/media.lmneuquen.com\/adjuntos\/195\/documentos\/007\/202\/0007202691.pdf?0000-00-00-00-00-00<\/p>\n\n\n\n<p>Asimismo, el informe detalla las caracter\u00edsticas de las centrales hidroel\u00e9ctricas existentes en la Provincia del Neuqu\u00e9n y da cuenta de los resultados para la econom\u00eda provincial del esquema de <a href=\"https:\/\/www.lmneuquen.com\/concesiones-a26848\">concesiones<\/a> vigente hasta 2023 de las centrales emplazadas sobre los r\u00edos Limay y Neuqu\u00e9n.<\/p>\n\n\n\n<p>Tambi\u00e9n expone la historia de la conformaci\u00f3n del sistema el\u00e9ctrico argentino, profundizando en las tensiones y contradicciones propias del marco normativo.<\/p>\n\n\n\n<p>Para finalizar, se concluye que una vez vencidas las concesiones el pr\u00f3ximo a\u00f1o, se extinguir\u00e1 el derecho del estado nacional de adoptar decisiones en materia de aprovechamiento del recurso sin la obligada participaci\u00f3n de sus titulares originarios: las provincias del Neuqu\u00e9n y de R\u00edo Negro.<\/p>\n\n\n\n<p>Esta participaci\u00f3n activa en las decisiones implica tanto el nuevo modelo de gesti\u00f3n del recurso, como el contenido y alcances en toda ingenier\u00eda normativa o contractual que encamine el destino pr\u00f3ximo del aprovechamiento del agua.<\/p>\n\n\n\n<p>En el supuesto caso de existir cl\u00e1usulas contractuales que habiliten pr\u00f3rrogas de las concesiones estas deben ser reanalizadas a la luz del art\u00edculo 124 de la constituci\u00f3n nacional, el cual fuera incorporado a la constituci\u00f3n con posterioridad a las concesiones actualmente vigentes.<\/p>\n\n\n\n<p>En vistas de estas consideraciones, \u201cla concertaci\u00f3n dialogada y consensuada federal ser\u00e1 la base para encontrar acuerdos vinculados al futuro de las represas hidroel\u00e9ctricas\u201d, concluy\u00f3 Colantuono.<\/p>\n\n\n\n<p>Fuente: LM Neuquen<\/p>\n","protected":false},"excerpt":{"rendered":"","protected":false},"author":6,"featured_media":76045,"comment_status":"open","ping_status":"open","sticky":false,"template":"","format":"standard","meta":{"site-sidebar-layout":"default","site-content-layout":"","ast-site-content-layout":"default","site-content-style":"default","site-sidebar-style":"default","ast-global-header-display":"","ast-banner-title-visibility":"","ast-main-header-display":"","ast-hfb-above-header-display":"","ast-hfb-below-header-display":"","ast-hfb-mobile-header-display":"","site-post-title":"","ast-breadcrumbs-content":"","ast-featured-img":"","footer-sml-layout":"","ast-disable-related-posts":"","theme-transparent-header-meta":"","adv-header-id-meta":"","stick-header-meta":"","header-above-stick-meta":"","header-main-stick-meta":"","header-below-stick-meta":"","astra-migrate-meta-layouts":"default","ast-page-background-enabled":"default","ast-page-background-meta":{"desktop":{"background-color":"var(--ast-global-color-5)","background-image":"","background-repeat":"repeat","background-position":"center center","background-size":"auto","background-attachment":"scroll","background-type":"","background-media":"","overlay-type":"","overlay-color":"","overlay-opacity":"","overlay-gradient":""},"tablet":{"background-color":"","background-image":"","background-repeat":"repeat","background-position":"center center","background-size":"auto","background-attachment":"scroll","background-type":"","background-media":"","overlay-type":"","overlay-color":"","overlay-opacity":"","overlay-gradient":""},"mobile":{"background-color":"","background-image":"","background-repeat":"repeat","background-position":"center center","background-size":"auto","background-attachment":"scroll","background-type":"","background-media":"","overlay-type":"","overlay-color":"","overlay-opacity":"","overlay-gradient":""}},"ast-content-background-meta":{"desktop":{"background-color":"var(--ast-global-color-4)","background-image":"","background-repeat":"repeat","background-position":"center center","background-size":"auto","background-attachment":"scroll","background-type":"","background-media":"","overlay-type":"","overlay-color":"","overlay-opacity":"","overlay-gradient":""},"tablet":{"background-color":"var(--ast-global-color-4)","background-image":"","background-repeat":"repeat","background-position":"center center","background-size":"auto","background-attachment":"scroll","background-type":"","background-media":"","overlay-type":"","overlay-color":"","overlay-opacity":"","overlay-gradient":""},"mobile":{"background-color":"var(--ast-global-color-4)","background-image":"","background-repeat":"repeat","background-position":"center center","background-size":"auto","background-attachment":"scroll","background-type":"","background-media":"","overlay-type":"","overlay-color":"","overlay-opacity":"","overlay-gradient":""}},"footnotes":""},"categories":[1],"tags":[],"class_list":["post-76044","post","type-post","status-publish","format-standard","has-post-thumbnail","hentry","category-noticias"],"yoast_head":"<!-- This site is optimized with the Yoast SEO Premium plugin v23.0 (Yoast SEO v27.4) - https:\/\/yoast.com\/product\/yoast-seo-premium-wordpress\/ -->\n<title>Hidroel\u00e9ctricas: el Copade elabor\u00f3 un informe para sumar al debate<\/title>\n<meta name=\"robots\" content=\"index, follow, max-snippet:-1, max-image-preview:large, max-video-preview:-1\" \/>\n<link rel=\"canonical\" href=\"https:\/\/patagoniambiental.com.ar\/info\/hidroelectricas-el-copade-elaboro-un-informe-para-sumar-al-debate\/\" \/>\n<meta property=\"og:locale\" content=\"es_ES\" \/>\n<meta property=\"og:type\" content=\"article\" \/>\n<meta property=\"og:title\" content=\"Hidroel\u00e9ctricas: el Copade elabor\u00f3 un informe para sumar al debate\" \/>\n<meta property=\"og:url\" content=\"https:\/\/patagoniambiental.com.ar\/info\/hidroelectricas-el-copade-elaboro-un-informe-para-sumar-al-debate\/\" \/>\n<meta property=\"og:site_name\" content=\"Patagonia Ambiental\" \/>\n<meta property=\"article:publisher\" content=\"https:\/\/www.facebook.com\/patagonia.ambiental\" \/>\n<meta property=\"article:published_time\" content=\"2022-07-03T10:00:00+00:00\" \/>\n<meta property=\"article:modified_time\" content=\"2022-07-04T12:28:01+00:00\" \/>\n<meta property=\"og:image\" content=\"https:\/\/patagoniambiental.com.ar\/info\/wp-content\/uploads\/2022\/07\/Represa-Piedra-del-Aguila.jpg\" \/>\n\t<meta property=\"og:image:width\" content=\"550\" \/>\n\t<meta property=\"og:image:height\" content=\"231\" \/>\n\t<meta property=\"og:image:type\" content=\"image\/jpeg\" \/>\n<meta name=\"author\" content=\"BRAIAN ESTEVEZ\" \/>\n<meta name=\"twitter:card\" content=\"summary_large_image\" \/>\n<meta name=\"twitter:creator\" content=\"@PatAmb\" \/>\n<meta name=\"twitter:site\" content=\"@PatAmb\" \/>\n<script type=\"application\/ld+json\" class=\"yoast-schema-graph\">{\"@context\":\"https:\\\/\\\/schema.org\",\"@graph\":[{\"@type\":\"Article\",\"@id\":\"https:\\\/\\\/patagoniambiental.com.ar\\\/info\\\/hidroelectricas-el-copade-elaboro-un-informe-para-sumar-al-debate\\\/#article\",\"isPartOf\":{\"@id\":\"https:\\\/\\\/patagoniambiental.com.ar\\\/info\\\/hidroelectricas-el-copade-elaboro-un-informe-para-sumar-al-debate\\\/\"},\"author\":{\"name\":\"BRAIAN ESTEVEZ\",\"@id\":\"https:\\\/\\\/patagoniambiental.com.ar\\\/info\\\/#\\\/schema\\\/person\\\/e5af09d700b2e82cb10c6b8800e0c691\"},\"headline\":\"Hidroel\u00e9ctricas: el Copade elabor\u00f3 un informe para sumar al debate\",\"datePublished\":\"2022-07-03T10:00:00+00:00\",\"dateModified\":\"2022-07-04T12:28:01+00:00\",\"mainEntityOfPage\":{\"@id\":\"https:\\\/\\\/patagoniambiental.com.ar\\\/info\\\/hidroelectricas-el-copade-elaboro-un-informe-para-sumar-al-debate\\\/\"},\"wordCount\":709,\"commentCount\":0,\"publisher\":{\"@id\":\"https:\\\/\\\/patagoniambiental.com.ar\\\/info\\\/#organization\"},\"image\":{\"@id\":\"https:\\\/\\\/patagoniambiental.com.ar\\\/info\\\/hidroelectricas-el-copade-elaboro-un-informe-para-sumar-al-debate\\\/#primaryimage\"},\"thumbnailUrl\":\"https:\\\/\\\/patagoniambiental.com.ar\\\/info\\\/wp-content\\\/uploads\\\/2022\\\/07\\\/Represa-Piedra-del-Aguila.jpg\",\"articleSection\":[\"Noticias\"],\"inLanguage\":\"es\",\"potentialAction\":[{\"@type\":\"CommentAction\",\"name\":\"Comment\",\"target\":[\"https:\\\/\\\/patagoniambiental.com.ar\\\/info\\\/hidroelectricas-el-copade-elaboro-un-informe-para-sumar-al-debate\\\/#respond\"]}]},{\"@type\":\"WebPage\",\"@id\":\"https:\\\/\\\/patagoniambiental.com.ar\\\/info\\\/hidroelectricas-el-copade-elaboro-un-informe-para-sumar-al-debate\\\/\",\"url\":\"https:\\\/\\\/patagoniambiental.com.ar\\\/info\\\/hidroelectricas-el-copade-elaboro-un-informe-para-sumar-al-debate\\\/\",\"name\":\"Hidroel\u00e9ctricas: el Copade elabor\u00f3 un informe para sumar al debate\",\"isPartOf\":{\"@id\":\"https:\\\/\\\/patagoniambiental.com.ar\\\/info\\\/#website\"},\"primaryImageOfPage\":{\"@id\":\"https:\\\/\\\/patagoniambiental.com.ar\\\/info\\\/hidroelectricas-el-copade-elaboro-un-informe-para-sumar-al-debate\\\/#primaryimage\"},\"image\":{\"@id\":\"https:\\\/\\\/patagoniambiental.com.ar\\\/info\\\/hidroelectricas-el-copade-elaboro-un-informe-para-sumar-al-debate\\\/#primaryimage\"},\"thumbnailUrl\":\"https:\\\/\\\/patagoniambiental.com.ar\\\/info\\\/wp-content\\\/uploads\\\/2022\\\/07\\\/Represa-Piedra-del-Aguila.jpg\",\"datePublished\":\"2022-07-03T10:00:00+00:00\",\"dateModified\":\"2022-07-04T12:28:01+00:00\",\"breadcrumb\":{\"@id\":\"https:\\\/\\\/patagoniambiental.com.ar\\\/info\\\/hidroelectricas-el-copade-elaboro-un-informe-para-sumar-al-debate\\\/#breadcrumb\"},\"inLanguage\":\"es\",\"potentialAction\":[{\"@type\":\"ReadAction\",\"target\":[\"https:\\\/\\\/patagoniambiental.com.ar\\\/info\\\/hidroelectricas-el-copade-elaboro-un-informe-para-sumar-al-debate\\\/\"]}]},{\"@type\":\"ImageObject\",\"inLanguage\":\"es\",\"@id\":\"https:\\\/\\\/patagoniambiental.com.ar\\\/info\\\/hidroelectricas-el-copade-elaboro-un-informe-para-sumar-al-debate\\\/#primaryimage\",\"url\":\"https:\\\/\\\/patagoniambiental.com.ar\\\/info\\\/wp-content\\\/uploads\\\/2022\\\/07\\\/Represa-Piedra-del-Aguila.jpg\",\"contentUrl\":\"https:\\\/\\\/patagoniambiental.com.ar\\\/info\\\/wp-content\\\/uploads\\\/2022\\\/07\\\/Represa-Piedra-del-Aguila.jpg\",\"width\":550,\"height\":231},{\"@type\":\"BreadcrumbList\",\"@id\":\"https:\\\/\\\/patagoniambiental.com.ar\\\/info\\\/hidroelectricas-el-copade-elaboro-un-informe-para-sumar-al-debate\\\/#breadcrumb\",\"itemListElement\":[{\"@type\":\"ListItem\",\"position\":1,\"name\":\"Inicio\",\"item\":\"https:\\\/\\\/patagoniambiental.com.ar\\\/info\\\/\"},{\"@type\":\"ListItem\",\"position\":2,\"name\":\"Hidroel\u00e9ctricas: el Copade elabor\u00f3 un informe para sumar al debate\"}]},{\"@type\":\"WebSite\",\"@id\":\"https:\\\/\\\/patagoniambiental.com.ar\\\/info\\\/#website\",\"url\":\"https:\\\/\\\/patagoniambiental.com.ar\\\/info\\\/\",\"name\":\"Patagonia Ambiental\",\"description\":\"Monitoreo y an\u00e1lisis de la situaci\u00f3n geopol\u00edtica en el mundo y su implicancia en la Patagonia\",\"publisher\":{\"@id\":\"https:\\\/\\\/patagoniambiental.com.ar\\\/info\\\/#organization\"},\"potentialAction\":[{\"@type\":\"SearchAction\",\"target\":{\"@type\":\"EntryPoint\",\"urlTemplate\":\"https:\\\/\\\/patagoniambiental.com.ar\\\/info\\\/?s={search_term_string}\"},\"query-input\":{\"@type\":\"PropertyValueSpecification\",\"valueRequired\":true,\"valueName\":\"search_term_string\"}}],\"inLanguage\":\"es\"},{\"@type\":\"Organization\",\"@id\":\"https:\\\/\\\/patagoniambiental.com.ar\\\/info\\\/#organization\",\"name\":\"Patagonia Ambiental\",\"url\":\"https:\\\/\\\/patagoniambiental.com.ar\\\/info\\\/\",\"logo\":{\"@type\":\"ImageObject\",\"inLanguage\":\"es\",\"@id\":\"https:\\\/\\\/patagoniambiental.com.ar\\\/info\\\/#\\\/schema\\\/logo\\\/image\\\/\",\"url\":\"https:\\\/\\\/patagoniambiental.com.ar\\\/info\\\/wp-content\\\/uploads\\\/2025\\\/05\\\/LOGO-PATAGONIA-AMBIENTAL.png\",\"contentUrl\":\"https:\\\/\\\/patagoniambiental.com.ar\\\/info\\\/wp-content\\\/uploads\\\/2025\\\/05\\\/LOGO-PATAGONIA-AMBIENTAL.png\",\"width\":433,\"height\":250,\"caption\":\"Patagonia Ambiental\"},\"image\":{\"@id\":\"https:\\\/\\\/patagoniambiental.com.ar\\\/info\\\/#\\\/schema\\\/logo\\\/image\\\/\"},\"sameAs\":[\"https:\\\/\\\/www.facebook.com\\\/patagonia.ambiental\",\"https:\\\/\\\/x.com\\\/PatAmb\"]},{\"@type\":\"Person\",\"@id\":\"https:\\\/\\\/patagoniambiental.com.ar\\\/info\\\/#\\\/schema\\\/person\\\/e5af09d700b2e82cb10c6b8800e0c691\",\"name\":\"BRAIAN ESTEVEZ\",\"sameAs\":[\"http:\\\/\\\/www.patagoniambiental.com.ar\"]}]}<\/script>\n<!-- \/ Yoast SEO Premium plugin. -->","yoast_head_json":{"title":"Hidroel\u00e9ctricas: el Copade elabor\u00f3 un informe para sumar al debate","robots":{"index":"index","follow":"follow","max-snippet":"max-snippet:-1","max-image-preview":"max-image-preview:large","max-video-preview":"max-video-preview:-1"},"canonical":"https:\/\/patagoniambiental.com.ar\/info\/hidroelectricas-el-copade-elaboro-un-informe-para-sumar-al-debate\/","og_locale":"es_ES","og_type":"article","og_title":"Hidroel\u00e9ctricas: el Copade elabor\u00f3 un informe para sumar al debate","og_url":"https:\/\/patagoniambiental.com.ar\/info\/hidroelectricas-el-copade-elaboro-un-informe-para-sumar-al-debate\/","og_site_name":"Patagonia Ambiental","article_publisher":"https:\/\/www.facebook.com\/patagonia.ambiental","article_published_time":"2022-07-03T10:00:00+00:00","article_modified_time":"2022-07-04T12:28:01+00:00","og_image":[{"width":550,"height":231,"url":"https:\/\/patagoniambiental.com.ar\/info\/wp-content\/uploads\/2022\/07\/Represa-Piedra-del-Aguila.jpg","type":"image\/jpeg"}],"author":"BRAIAN ESTEVEZ","twitter_card":"summary_large_image","twitter_creator":"@PatAmb","twitter_site":"@PatAmb","schema":{"@context":"https:\/\/schema.org","@graph":[{"@type":"Article","@id":"https:\/\/patagoniambiental.com.ar\/info\/hidroelectricas-el-copade-elaboro-un-informe-para-sumar-al-debate\/#article","isPartOf":{"@id":"https:\/\/patagoniambiental.com.ar\/info\/hidroelectricas-el-copade-elaboro-un-informe-para-sumar-al-debate\/"},"author":{"name":"BRAIAN ESTEVEZ","@id":"https:\/\/patagoniambiental.com.ar\/info\/#\/schema\/person\/e5af09d700b2e82cb10c6b8800e0c691"},"headline":"Hidroel\u00e9ctricas: el Copade elabor\u00f3 un informe para sumar al debate","datePublished":"2022-07-03T10:00:00+00:00","dateModified":"2022-07-04T12:28:01+00:00","mainEntityOfPage":{"@id":"https:\/\/patagoniambiental.com.ar\/info\/hidroelectricas-el-copade-elaboro-un-informe-para-sumar-al-debate\/"},"wordCount":709,"commentCount":0,"publisher":{"@id":"https:\/\/patagoniambiental.com.ar\/info\/#organization"},"image":{"@id":"https:\/\/patagoniambiental.com.ar\/info\/hidroelectricas-el-copade-elaboro-un-informe-para-sumar-al-debate\/#primaryimage"},"thumbnailUrl":"https:\/\/patagoniambiental.com.ar\/info\/wp-content\/uploads\/2022\/07\/Represa-Piedra-del-Aguila.jpg","articleSection":["Noticias"],"inLanguage":"es","potentialAction":[{"@type":"CommentAction","name":"Comment","target":["https:\/\/patagoniambiental.com.ar\/info\/hidroelectricas-el-copade-elaboro-un-informe-para-sumar-al-debate\/#respond"]}]},{"@type":"WebPage","@id":"https:\/\/patagoniambiental.com.ar\/info\/hidroelectricas-el-copade-elaboro-un-informe-para-sumar-al-debate\/","url":"https:\/\/patagoniambiental.com.ar\/info\/hidroelectricas-el-copade-elaboro-un-informe-para-sumar-al-debate\/","name":"Hidroel\u00e9ctricas: el Copade elabor\u00f3 un informe para sumar al debate","isPartOf":{"@id":"https:\/\/patagoniambiental.com.ar\/info\/#website"},"primaryImageOfPage":{"@id":"https:\/\/patagoniambiental.com.ar\/info\/hidroelectricas-el-copade-elaboro-un-informe-para-sumar-al-debate\/#primaryimage"},"image":{"@id":"https:\/\/patagoniambiental.com.ar\/info\/hidroelectricas-el-copade-elaboro-un-informe-para-sumar-al-debate\/#primaryimage"},"thumbnailUrl":"https:\/\/patagoniambiental.com.ar\/info\/wp-content\/uploads\/2022\/07\/Represa-Piedra-del-Aguila.jpg","datePublished":"2022-07-03T10:00:00+00:00","dateModified":"2022-07-04T12:28:01+00:00","breadcrumb":{"@id":"https:\/\/patagoniambiental.com.ar\/info\/hidroelectricas-el-copade-elaboro-un-informe-para-sumar-al-debate\/#breadcrumb"},"inLanguage":"es","potentialAction":[{"@type":"ReadAction","target":["https:\/\/patagoniambiental.com.ar\/info\/hidroelectricas-el-copade-elaboro-un-informe-para-sumar-al-debate\/"]}]},{"@type":"ImageObject","inLanguage":"es","@id":"https:\/\/patagoniambiental.com.ar\/info\/hidroelectricas-el-copade-elaboro-un-informe-para-sumar-al-debate\/#primaryimage","url":"https:\/\/patagoniambiental.com.ar\/info\/wp-content\/uploads\/2022\/07\/Represa-Piedra-del-Aguila.jpg","contentUrl":"https:\/\/patagoniambiental.com.ar\/info\/wp-content\/uploads\/2022\/07\/Represa-Piedra-del-Aguila.jpg","width":550,"height":231},{"@type":"BreadcrumbList","@id":"https:\/\/patagoniambiental.com.ar\/info\/hidroelectricas-el-copade-elaboro-un-informe-para-sumar-al-debate\/#breadcrumb","itemListElement":[{"@type":"ListItem","position":1,"name":"Inicio","item":"https:\/\/patagoniambiental.com.ar\/info\/"},{"@type":"ListItem","position":2,"name":"Hidroel\u00e9ctricas: el Copade elabor\u00f3 un informe para sumar al debate"}]},{"@type":"WebSite","@id":"https:\/\/patagoniambiental.com.ar\/info\/#website","url":"https:\/\/patagoniambiental.com.ar\/info\/","name":"Patagonia Ambiental","description":"Monitoreo y an\u00e1lisis de la situaci\u00f3n geopol\u00edtica en el mundo y su implicancia en la Patagonia","publisher":{"@id":"https:\/\/patagoniambiental.com.ar\/info\/#organization"},"potentialAction":[{"@type":"SearchAction","target":{"@type":"EntryPoint","urlTemplate":"https:\/\/patagoniambiental.com.ar\/info\/?s={search_term_string}"},"query-input":{"@type":"PropertyValueSpecification","valueRequired":true,"valueName":"search_term_string"}}],"inLanguage":"es"},{"@type":"Organization","@id":"https:\/\/patagoniambiental.com.ar\/info\/#organization","name":"Patagonia Ambiental","url":"https:\/\/patagoniambiental.com.ar\/info\/","logo":{"@type":"ImageObject","inLanguage":"es","@id":"https:\/\/patagoniambiental.com.ar\/info\/#\/schema\/logo\/image\/","url":"https:\/\/patagoniambiental.com.ar\/info\/wp-content\/uploads\/2025\/05\/LOGO-PATAGONIA-AMBIENTAL.png","contentUrl":"https:\/\/patagoniambiental.com.ar\/info\/wp-content\/uploads\/2025\/05\/LOGO-PATAGONIA-AMBIENTAL.png","width":433,"height":250,"caption":"Patagonia Ambiental"},"image":{"@id":"https:\/\/patagoniambiental.com.ar\/info\/#\/schema\/logo\/image\/"},"sameAs":["https:\/\/www.facebook.com\/patagonia.ambiental","https:\/\/x.com\/PatAmb"]},{"@type":"Person","@id":"https:\/\/patagoniambiental.com.ar\/info\/#\/schema\/person\/e5af09d700b2e82cb10c6b8800e0c691","name":"BRAIAN ESTEVEZ","sameAs":["http:\/\/www.patagoniambiental.com.ar"]}]}},"_links":{"self":[{"href":"https:\/\/patagoniambiental.com.ar\/info\/wp-json\/wp\/v2\/posts\/76044","targetHints":{"allow":["GET"]}}],"collection":[{"href":"https:\/\/patagoniambiental.com.ar\/info\/wp-json\/wp\/v2\/posts"}],"about":[{"href":"https:\/\/patagoniambiental.com.ar\/info\/wp-json\/wp\/v2\/types\/post"}],"author":[{"embeddable":true,"href":"https:\/\/patagoniambiental.com.ar\/info\/wp-json\/wp\/v2\/users\/6"}],"replies":[{"embeddable":true,"href":"https:\/\/patagoniambiental.com.ar\/info\/wp-json\/wp\/v2\/comments?post=76044"}],"version-history":[{"count":0,"href":"https:\/\/patagoniambiental.com.ar\/info\/wp-json\/wp\/v2\/posts\/76044\/revisions"}],"wp:featuredmedia":[{"embeddable":true,"href":"https:\/\/patagoniambiental.com.ar\/info\/wp-json\/wp\/v2\/media\/76045"}],"wp:attachment":[{"href":"https:\/\/patagoniambiental.com.ar\/info\/wp-json\/wp\/v2\/media?parent=76044"}],"wp:term":[{"taxonomy":"category","embeddable":true,"href":"https:\/\/patagoniambiental.com.ar\/info\/wp-json\/wp\/v2\/categories?post=76044"},{"taxonomy":"post_tag","embeddable":true,"href":"https:\/\/patagoniambiental.com.ar\/info\/wp-json\/wp\/v2\/tags?post=76044"}],"curies":[{"name":"wp","href":"https:\/\/api.w.org\/{rel}","templated":true}]}}