{"id":76047,"date":"2022-07-04T07:00:00","date_gmt":"2022-07-04T10:00:00","guid":{"rendered":"http:\/\/patagoniambiental.com.ar\/info\/?p=76047"},"modified":"2022-07-04T09:36:07","modified_gmt":"2022-07-04T12:36:07","slug":"piap-gutierrez-sigue-con-gestiones-para-reactivarla-con-otra-funcion","status":"publish","type":"post","link":"https:\/\/patagoniambiental.com.ar\/info\/piap-gutierrez-sigue-con-gestiones-para-reactivarla-con-otra-funcion\/","title":{"rendered":"PIAP: Guti\u00e9rrez sigue con gestiones para reactivarla con otra funci\u00f3n"},"content":{"rendered":"\n<!--more-->\n\n\n\n<h2 class=\"wp-block-heading\">El gobernador se reunir\u00e1 ma\u00f1ana en Buenos Aires con el presidente de Y-TEC, Roberto Salvarezza y la presidenta de la CNEA, Adriana Serquis.<\/h2>\n\n\n\n<ul class=\"wp-block-list\"><li><\/li><li><\/li><li><\/li><li><\/li><\/ul>\n\n\n\n<figure class=\"wp-block-image\"><img decoding=\"async\" src=\"https:\/\/media.lmneuquen.com\/p\/098c48b584e4af8c3b436cdaabd35d44\/adjuntos\/195\/imagenes\/003\/110\/0003110706\/planta-agua-pesada-piap.jpg\" alt=\"PIAP: Guti\u00e9rrez sigue con gestiones para reactivarla con otra funci\u00f3n\" title=\"PIAP: Guti\u00e9rrez sigue con gestiones para reactivarla con otra funci\u00f3n | LM Neuquen\"\/><figcaption>Sebasti\u00e1n Fari\u00f1a Petersen<\/figcaption><\/figure>\n\n\n\n<p>El gobernador Omar Guti\u00e9rrez viajar\u00e1 este lunes a Buenos Aires para mantener dos reuniones que servir\u00e1n para delinear el plan de acci\u00f3n para la Planta Industrial de <strong><a href=\"https:\/\/www.lmneuquen.com\/agua-pesada-a35493\">Agua Pesada<\/a> (<a href=\"https:\/\/www.lmneuquen.com\/piap-a7860\">PIAP<\/a>)<\/strong>, ubicada en Arroyito. El gobierno provincial busca avanzar en un nuevo perfil de instalaci\u00f3n industrial multiprop\u00f3sito.<\/p>\n\n\n\n<p>Por la ma\u00f1ana, Guti\u00e9rrez se reunir\u00e1 en Berisso con el presidente de Y-TEC, Roberto Salvarezza. El mandatario provincial recorrer\u00e1 las instalaciones y se interiorizar\u00e1 sobre lo que est\u00e1 haciendo la organizaci\u00f3n en materia de ciencia y tecnolog\u00eda, que es una gran apuesta de la <strong><a href=\"https:\/\/www.lmneuquen.com\/provincia-a149\">provincia<\/a>.<\/strong><\/p>\n\n\n\n<p><\/p>\n\n\n\n<p>La provincia ya cuenta con su ley sobre ciencia y tecnolog\u00eda, a trav\u00e9s de la cual se crea la Agencia de Innovaci\u00f3n para el Desarrollo para impulsar, acompa\u00f1ar y vincular la ciencia, la tecnolog\u00eda y el desarrollo.<\/p>\n\n\n\n<figure class=\"wp-block-image\"><img decoding=\"async\" src=\"https:\/\/media.lmneuquen.com\/p\/a23e2f9f87f6397a7f7f3c8f0fdb683f\/adjuntos\/195\/imagenes\/007\/113\/0007113330\/770x0\/smart\/gutierrez-gobernador-banderas-fondo-valida-1200-.png\" alt=\"\"\/><\/figure>\n\n\n\n<p>A trav\u00e9s de la ley, se busca consolidar un Sistema provincial de innovaci\u00f3n capaz de articular las capacidades territoriales para generar conocimientos y tecnolog\u00edas apropiadas para la dinamizaci\u00f3n de la econom\u00eda provincial, la competitividad de los sistemas productivos, la modernizaci\u00f3n del Estado y la mejora de la calidad de vida de los habitantes de la provincia.<\/p>\n\n\n\n<p>Por la tarde, Guti\u00e9rrez mantendr\u00e1 un encuentro con la presidenta de la Comisi\u00f3n Nacional de Energ\u00eda At\u00f3mica (CNEA), Adriana Serquis.<\/p>\n\n\n\n<p>La provincia del Neuqu\u00e9n apunta a reactivar la producci\u00f3n de agua pesada (PIAP) y, al mismo tiempo, desarrollar otras producciones. \u201cHemos encontrado eco en las autoridades de la CNEA para ponernos a trabajar en la posibilidad de tener una planta industrial multiprop\u00f3sito que produzca agua pesada y que genere el desarrollo de hidr\u00f3geno verde y azul, adem\u00e1s del desarrollo de fertilizantes\u201d, destac\u00f3 d\u00edas a tras Guti\u00e9rrez.<\/p>\n\n\n\n<p>Ese desarrollo implica instalaciones espec\u00edficas que se tienen que sumar o reformar para que se puedan lograr los productos. La provincia buscar\u00e1 el financiamiento, el aporte tecnol\u00f3gico y financiero de los organismos que est\u00e1n preparados para ello.<\/p>\n\n\n\n<p>Fuente: Lm neuquen<\/p>\n","protected":false},"excerpt":{"rendered":"","protected":false},"author":6,"featured_media":76048,"comment_status":"open","ping_status":"open","sticky":false,"template":"","format":"standard","meta":{"site-sidebar-layout":"default","site-content-layout":"","ast-site-content-layout":"default","site-content-style":"default","site-sidebar-style":"default","ast-global-header-display":"","ast-banner-title-visibility":"","ast-main-header-display":"","ast-hfb-above-header-display":"","ast-hfb-below-header-display":"","ast-hfb-mobile-header-display":"","site-post-title":"","ast-breadcrumbs-content":"","ast-featured-img":"","footer-sml-layout":"","ast-disable-related-posts":"","theme-transparent-header-meta":"","adv-header-id-meta":"","stick-header-meta":"","header-above-stick-meta":"","header-main-stick-meta":"","header-below-stick-meta":"","astra-migrate-meta-layouts":"default","ast-page-background-enabled":"default","ast-page-background-meta":{"desktop":{"background-color":"var(--ast-global-color-5)","background-image":"","background-repeat":"repeat","background-position":"center center","background-size":"auto","background-attachment":"scroll","background-type":"","background-media":"","overlay-type":"","overlay-color":"","overlay-opacity":"","overlay-gradient":""},"tablet":{"background-color":"","background-image":"","background-repeat":"repeat","background-position":"center center","background-size":"auto","background-attachment":"scroll","background-type":"","background-media":"","overlay-type":"","overlay-color":"","overlay-opacity":"","overlay-gradient":""},"mobile":{"background-color":"","background-image":"","background-repeat":"repeat","background-position":"center center","background-size":"auto","background-attachment":"scroll","background-type":"","background-media":"","overlay-type":"","overlay-color":"","overlay-opacity":"","overlay-gradient":""}},"ast-content-background-meta":{"desktop":{"background-color":"var(--ast-global-color-4)","background-image":"","background-repeat":"repeat","background-position":"center center","background-size":"auto","background-attachment":"scroll","background-type":"","background-media":"","overlay-type":"","overlay-color":"","overlay-opacity":"","overlay-gradient":""},"tablet":{"background-color":"var(--ast-global-color-4)","background-image":"","background-repeat":"repeat","background-position":"center center","background-size":"auto","background-attachment":"scroll","background-type":"","background-media":"","overlay-type":"","overlay-color":"","overlay-opacity":"","overlay-gradient":""},"mobile":{"background-color":"var(--ast-global-color-4)","background-image":"","background-repeat":"repeat","background-position":"center center","background-size":"auto","background-attachment":"scroll","background-type":"","background-media":"","overlay-type":"","overlay-color":"","overlay-opacity":"","overlay-gradient":""}},"footnotes":""},"categories":[11,18,1,13,10],"tags":[],"class_list":["post-76047","post","type-post","status-publish","format-standard","has-post-thumbnail","hentry","category-boletin","category-neuquen","category-noticias","category-provinciales","category-rotador"],"yoast_head":"<!-- This site is optimized with the Yoast SEO Premium plugin v23.0 (Yoast SEO v27.5) - https:\/\/yoast.com\/product\/yoast-seo-premium-wordpress\/ -->\n<title>PIAP: Guti\u00e9rrez sigue con gestiones para reactivarla con otra funci\u00f3n<\/title>\n<meta name=\"robots\" content=\"index, follow, max-snippet:-1, max-image-preview:large, max-video-preview:-1\" \/>\n<link rel=\"canonical\" href=\"https:\/\/patagoniambiental.com.ar\/info\/piap-gutierrez-sigue-con-gestiones-para-reactivarla-con-otra-funcion\/\" \/>\n<meta property=\"og:locale\" content=\"es_ES\" \/>\n<meta property=\"og:type\" content=\"article\" \/>\n<meta property=\"og:title\" content=\"PIAP: Guti\u00e9rrez sigue con gestiones para reactivarla con otra funci\u00f3n\" \/>\n<meta property=\"og:url\" content=\"https:\/\/patagoniambiental.com.ar\/info\/piap-gutierrez-sigue-con-gestiones-para-reactivarla-con-otra-funcion\/\" \/>\n<meta property=\"og:site_name\" content=\"Patagonia Ambiental\" \/>\n<meta property=\"article:publisher\" content=\"https:\/\/www.facebook.com\/patagonia.ambiental\" \/>\n<meta property=\"article:published_time\" content=\"2022-07-04T10:00:00+00:00\" \/>\n<meta property=\"article:modified_time\" content=\"2022-07-04T12:36:07+00:00\" \/>\n<meta property=\"og:image\" content=\"https:\/\/patagoniambiental.com.ar\/info\/wp-content\/uploads\/2022\/07\/PIAP-1068x591-1.jpg\" \/>\n\t<meta property=\"og:image:width\" content=\"1068\" \/>\n\t<meta property=\"og:image:height\" content=\"591\" \/>\n\t<meta property=\"og:image:type\" content=\"image\/jpeg\" \/>\n<meta name=\"author\" content=\"BRAIAN ESTEVEZ\" \/>\n<meta name=\"twitter:card\" content=\"summary_large_image\" \/>\n<meta name=\"twitter:creator\" content=\"@PatAmb\" \/>\n<meta name=\"twitter:site\" content=\"@PatAmb\" \/>\n<script type=\"application\/ld+json\" class=\"yoast-schema-graph\">{\"@context\":\"https:\\\/\\\/schema.org\",\"@graph\":[{\"@type\":\"Article\",\"@id\":\"https:\\\/\\\/patagoniambiental.com.ar\\\/info\\\/piap-gutierrez-sigue-con-gestiones-para-reactivarla-con-otra-funcion\\\/#article\",\"isPartOf\":{\"@id\":\"https:\\\/\\\/patagoniambiental.com.ar\\\/info\\\/piap-gutierrez-sigue-con-gestiones-para-reactivarla-con-otra-funcion\\\/\"},\"author\":{\"name\":\"BRAIAN ESTEVEZ\",\"@id\":\"https:\\\/\\\/patagoniambiental.com.ar\\\/info\\\/#\\\/schema\\\/person\\\/e5af09d700b2e82cb10c6b8800e0c691\"},\"headline\":\"PIAP: Guti\u00e9rrez sigue con gestiones para reactivarla con otra funci\u00f3n\",\"datePublished\":\"2022-07-04T10:00:00+00:00\",\"dateModified\":\"2022-07-04T12:36:07+00:00\",\"mainEntityOfPage\":{\"@id\":\"https:\\\/\\\/patagoniambiental.com.ar\\\/info\\\/piap-gutierrez-sigue-con-gestiones-para-reactivarla-con-otra-funcion\\\/\"},\"wordCount\":385,\"commentCount\":0,\"publisher\":{\"@id\":\"https:\\\/\\\/patagoniambiental.com.ar\\\/info\\\/#organization\"},\"image\":{\"@id\":\"https:\\\/\\\/patagoniambiental.com.ar\\\/info\\\/piap-gutierrez-sigue-con-gestiones-para-reactivarla-con-otra-funcion\\\/#primaryimage\"},\"thumbnailUrl\":\"https:\\\/\\\/patagoniambiental.com.ar\\\/info\\\/wp-content\\\/uploads\\\/2022\\\/07\\\/PIAP-1068x591-1.jpg\",\"articleSection\":[\"Bolet\u00edn\",\"Neuqu\u00e9n\",\"Noticias\",\"Provinciales\",\"Rotador\"],\"inLanguage\":\"es\",\"potentialAction\":[{\"@type\":\"CommentAction\",\"name\":\"Comment\",\"target\":[\"https:\\\/\\\/patagoniambiental.com.ar\\\/info\\\/piap-gutierrez-sigue-con-gestiones-para-reactivarla-con-otra-funcion\\\/#respond\"]}]},{\"@type\":\"WebPage\",\"@id\":\"https:\\\/\\\/patagoniambiental.com.ar\\\/info\\\/piap-gutierrez-sigue-con-gestiones-para-reactivarla-con-otra-funcion\\\/\",\"url\":\"https:\\\/\\\/patagoniambiental.com.ar\\\/info\\\/piap-gutierrez-sigue-con-gestiones-para-reactivarla-con-otra-funcion\\\/\",\"name\":\"PIAP: Guti\u00e9rrez sigue con gestiones para reactivarla con otra funci\u00f3n\",\"isPartOf\":{\"@id\":\"https:\\\/\\\/patagoniambiental.com.ar\\\/info\\\/#website\"},\"primaryImageOfPage\":{\"@id\":\"https:\\\/\\\/patagoniambiental.com.ar\\\/info\\\/piap-gutierrez-sigue-con-gestiones-para-reactivarla-con-otra-funcion\\\/#primaryimage\"},\"image\":{\"@id\":\"https:\\\/\\\/patagoniambiental.com.ar\\\/info\\\/piap-gutierrez-sigue-con-gestiones-para-reactivarla-con-otra-funcion\\\/#primaryimage\"},\"thumbnailUrl\":\"https:\\\/\\\/patagoniambiental.com.ar\\\/info\\\/wp-content\\\/uploads\\\/2022\\\/07\\\/PIAP-1068x591-1.jpg\",\"datePublished\":\"2022-07-04T10:00:00+00:00\",\"dateModified\":\"2022-07-04T12:36:07+00:00\",\"breadcrumb\":{\"@id\":\"https:\\\/\\\/patagoniambiental.com.ar\\\/info\\\/piap-gutierrez-sigue-con-gestiones-para-reactivarla-con-otra-funcion\\\/#breadcrumb\"},\"inLanguage\":\"es\",\"potentialAction\":[{\"@type\":\"ReadAction\",\"target\":[\"https:\\\/\\\/patagoniambiental.com.ar\\\/info\\\/piap-gutierrez-sigue-con-gestiones-para-reactivarla-con-otra-funcion\\\/\"]}]},{\"@type\":\"ImageObject\",\"inLanguage\":\"es\",\"@id\":\"https:\\\/\\\/patagoniambiental.com.ar\\\/info\\\/piap-gutierrez-sigue-con-gestiones-para-reactivarla-con-otra-funcion\\\/#primaryimage\",\"url\":\"https:\\\/\\\/patagoniambiental.com.ar\\\/info\\\/wp-content\\\/uploads\\\/2022\\\/07\\\/PIAP-1068x591-1.jpg\",\"contentUrl\":\"https:\\\/\\\/patagoniambiental.com.ar\\\/info\\\/wp-content\\\/uploads\\\/2022\\\/07\\\/PIAP-1068x591-1.jpg\",\"width\":1068,\"height\":591},{\"@type\":\"BreadcrumbList\",\"@id\":\"https:\\\/\\\/patagoniambiental.com.ar\\\/info\\\/piap-gutierrez-sigue-con-gestiones-para-reactivarla-con-otra-funcion\\\/#breadcrumb\",\"itemListElement\":[{\"@type\":\"ListItem\",\"position\":1,\"name\":\"Inicio\",\"item\":\"https:\\\/\\\/patagoniambiental.com.ar\\\/info\\\/\"},{\"@type\":\"ListItem\",\"position\":2,\"name\":\"PIAP: Guti\u00e9rrez sigue con gestiones para reactivarla con otra funci\u00f3n\"}]},{\"@type\":\"WebSite\",\"@id\":\"https:\\\/\\\/patagoniambiental.com.ar\\\/info\\\/#website\",\"url\":\"https:\\\/\\\/patagoniambiental.com.ar\\\/info\\\/\",\"name\":\"Patagonia Ambiental\",\"description\":\"Monitoreo y an\u00e1lisis de la situaci\u00f3n geopol\u00edtica en el mundo y su implicancia en la Patagonia\",\"publisher\":{\"@id\":\"https:\\\/\\\/patagoniambiental.com.ar\\\/info\\\/#organization\"},\"potentialAction\":[{\"@type\":\"SearchAction\",\"target\":{\"@type\":\"EntryPoint\",\"urlTemplate\":\"https:\\\/\\\/patagoniambiental.com.ar\\\/info\\\/?s={search_term_string}\"},\"query-input\":{\"@type\":\"PropertyValueSpecification\",\"valueRequired\":true,\"valueName\":\"search_term_string\"}}],\"inLanguage\":\"es\"},{\"@type\":\"Organization\",\"@id\":\"https:\\\/\\\/patagoniambiental.com.ar\\\/info\\\/#organization\",\"name\":\"Patagonia Ambiental\",\"url\":\"https:\\\/\\\/patagoniambiental.com.ar\\\/info\\\/\",\"logo\":{\"@type\":\"ImageObject\",\"inLanguage\":\"es\",\"@id\":\"https:\\\/\\\/patagoniambiental.com.ar\\\/info\\\/#\\\/schema\\\/logo\\\/image\\\/\",\"url\":\"https:\\\/\\\/patagoniambiental.com.ar\\\/info\\\/wp-content\\\/uploads\\\/2025\\\/05\\\/LOGO-PATAGONIA-AMBIENTAL.png\",\"contentUrl\":\"https:\\\/\\\/patagoniambiental.com.ar\\\/info\\\/wp-content\\\/uploads\\\/2025\\\/05\\\/LOGO-PATAGONIA-AMBIENTAL.png\",\"width\":433,\"height\":250,\"caption\":\"Patagonia Ambiental\"},\"image\":{\"@id\":\"https:\\\/\\\/patagoniambiental.com.ar\\\/info\\\/#\\\/schema\\\/logo\\\/image\\\/\"},\"sameAs\":[\"https:\\\/\\\/www.facebook.com\\\/patagonia.ambiental\",\"https:\\\/\\\/x.com\\\/PatAmb\"]},{\"@type\":\"Person\",\"@id\":\"https:\\\/\\\/patagoniambiental.com.ar\\\/info\\\/#\\\/schema\\\/person\\\/e5af09d700b2e82cb10c6b8800e0c691\",\"name\":\"BRAIAN ESTEVEZ\",\"sameAs\":[\"http:\\\/\\\/www.patagoniambiental.com.ar\"]}]}<\/script>\n<!-- \/ Yoast SEO Premium plugin. -->","yoast_head_json":{"title":"PIAP: Guti\u00e9rrez sigue con gestiones para reactivarla con otra funci\u00f3n","robots":{"index":"index","follow":"follow","max-snippet":"max-snippet:-1","max-image-preview":"max-image-preview:large","max-video-preview":"max-video-preview:-1"},"canonical":"https:\/\/patagoniambiental.com.ar\/info\/piap-gutierrez-sigue-con-gestiones-para-reactivarla-con-otra-funcion\/","og_locale":"es_ES","og_type":"article","og_title":"PIAP: Guti\u00e9rrez sigue con gestiones para reactivarla con otra funci\u00f3n","og_url":"https:\/\/patagoniambiental.com.ar\/info\/piap-gutierrez-sigue-con-gestiones-para-reactivarla-con-otra-funcion\/","og_site_name":"Patagonia Ambiental","article_publisher":"https:\/\/www.facebook.com\/patagonia.ambiental","article_published_time":"2022-07-04T10:00:00+00:00","article_modified_time":"2022-07-04T12:36:07+00:00","og_image":[{"width":1068,"height":591,"url":"https:\/\/patagoniambiental.com.ar\/info\/wp-content\/uploads\/2022\/07\/PIAP-1068x591-1.jpg","type":"image\/jpeg"}],"author":"BRAIAN ESTEVEZ","twitter_card":"summary_large_image","twitter_creator":"@PatAmb","twitter_site":"@PatAmb","schema":{"@context":"https:\/\/schema.org","@graph":[{"@type":"Article","@id":"https:\/\/patagoniambiental.com.ar\/info\/piap-gutierrez-sigue-con-gestiones-para-reactivarla-con-otra-funcion\/#article","isPartOf":{"@id":"https:\/\/patagoniambiental.com.ar\/info\/piap-gutierrez-sigue-con-gestiones-para-reactivarla-con-otra-funcion\/"},"author":{"name":"BRAIAN ESTEVEZ","@id":"https:\/\/patagoniambiental.com.ar\/info\/#\/schema\/person\/e5af09d700b2e82cb10c6b8800e0c691"},"headline":"PIAP: Guti\u00e9rrez sigue con gestiones para reactivarla con otra funci\u00f3n","datePublished":"2022-07-04T10:00:00+00:00","dateModified":"2022-07-04T12:36:07+00:00","mainEntityOfPage":{"@id":"https:\/\/patagoniambiental.com.ar\/info\/piap-gutierrez-sigue-con-gestiones-para-reactivarla-con-otra-funcion\/"},"wordCount":385,"commentCount":0,"publisher":{"@id":"https:\/\/patagoniambiental.com.ar\/info\/#organization"},"image":{"@id":"https:\/\/patagoniambiental.com.ar\/info\/piap-gutierrez-sigue-con-gestiones-para-reactivarla-con-otra-funcion\/#primaryimage"},"thumbnailUrl":"https:\/\/patagoniambiental.com.ar\/info\/wp-content\/uploads\/2022\/07\/PIAP-1068x591-1.jpg","articleSection":["Bolet\u00edn","Neuqu\u00e9n","Noticias","Provinciales","Rotador"],"inLanguage":"es","potentialAction":[{"@type":"CommentAction","name":"Comment","target":["https:\/\/patagoniambiental.com.ar\/info\/piap-gutierrez-sigue-con-gestiones-para-reactivarla-con-otra-funcion\/#respond"]}]},{"@type":"WebPage","@id":"https:\/\/patagoniambiental.com.ar\/info\/piap-gutierrez-sigue-con-gestiones-para-reactivarla-con-otra-funcion\/","url":"https:\/\/patagoniambiental.com.ar\/info\/piap-gutierrez-sigue-con-gestiones-para-reactivarla-con-otra-funcion\/","name":"PIAP: Guti\u00e9rrez sigue con gestiones para reactivarla con otra funci\u00f3n","isPartOf":{"@id":"https:\/\/patagoniambiental.com.ar\/info\/#website"},"primaryImageOfPage":{"@id":"https:\/\/patagoniambiental.com.ar\/info\/piap-gutierrez-sigue-con-gestiones-para-reactivarla-con-otra-funcion\/#primaryimage"},"image":{"@id":"https:\/\/patagoniambiental.com.ar\/info\/piap-gutierrez-sigue-con-gestiones-para-reactivarla-con-otra-funcion\/#primaryimage"},"thumbnailUrl":"https:\/\/patagoniambiental.com.ar\/info\/wp-content\/uploads\/2022\/07\/PIAP-1068x591-1.jpg","datePublished":"2022-07-04T10:00:00+00:00","dateModified":"2022-07-04T12:36:07+00:00","breadcrumb":{"@id":"https:\/\/patagoniambiental.com.ar\/info\/piap-gutierrez-sigue-con-gestiones-para-reactivarla-con-otra-funcion\/#breadcrumb"},"inLanguage":"es","potentialAction":[{"@type":"ReadAction","target":["https:\/\/patagoniambiental.com.ar\/info\/piap-gutierrez-sigue-con-gestiones-para-reactivarla-con-otra-funcion\/"]}]},{"@type":"ImageObject","inLanguage":"es","@id":"https:\/\/patagoniambiental.com.ar\/info\/piap-gutierrez-sigue-con-gestiones-para-reactivarla-con-otra-funcion\/#primaryimage","url":"https:\/\/patagoniambiental.com.ar\/info\/wp-content\/uploads\/2022\/07\/PIAP-1068x591-1.jpg","contentUrl":"https:\/\/patagoniambiental.com.ar\/info\/wp-content\/uploads\/2022\/07\/PIAP-1068x591-1.jpg","width":1068,"height":591},{"@type":"BreadcrumbList","@id":"https:\/\/patagoniambiental.com.ar\/info\/piap-gutierrez-sigue-con-gestiones-para-reactivarla-con-otra-funcion\/#breadcrumb","itemListElement":[{"@type":"ListItem","position":1,"name":"Inicio","item":"https:\/\/patagoniambiental.com.ar\/info\/"},{"@type":"ListItem","position":2,"name":"PIAP: Guti\u00e9rrez sigue con gestiones para reactivarla con otra funci\u00f3n"}]},{"@type":"WebSite","@id":"https:\/\/patagoniambiental.com.ar\/info\/#website","url":"https:\/\/patagoniambiental.com.ar\/info\/","name":"Patagonia Ambiental","description":"Monitoreo y an\u00e1lisis de la situaci\u00f3n geopol\u00edtica en el mundo y su implicancia en la Patagonia","publisher":{"@id":"https:\/\/patagoniambiental.com.ar\/info\/#organization"},"potentialAction":[{"@type":"SearchAction","target":{"@type":"EntryPoint","urlTemplate":"https:\/\/patagoniambiental.com.ar\/info\/?s={search_term_string}"},"query-input":{"@type":"PropertyValueSpecification","valueRequired":true,"valueName":"search_term_string"}}],"inLanguage":"es"},{"@type":"Organization","@id":"https:\/\/patagoniambiental.com.ar\/info\/#organization","name":"Patagonia Ambiental","url":"https:\/\/patagoniambiental.com.ar\/info\/","logo":{"@type":"ImageObject","inLanguage":"es","@id":"https:\/\/patagoniambiental.com.ar\/info\/#\/schema\/logo\/image\/","url":"https:\/\/patagoniambiental.com.ar\/info\/wp-content\/uploads\/2025\/05\/LOGO-PATAGONIA-AMBIENTAL.png","contentUrl":"https:\/\/patagoniambiental.com.ar\/info\/wp-content\/uploads\/2025\/05\/LOGO-PATAGONIA-AMBIENTAL.png","width":433,"height":250,"caption":"Patagonia Ambiental"},"image":{"@id":"https:\/\/patagoniambiental.com.ar\/info\/#\/schema\/logo\/image\/"},"sameAs":["https:\/\/www.facebook.com\/patagonia.ambiental","https:\/\/x.com\/PatAmb"]},{"@type":"Person","@id":"https:\/\/patagoniambiental.com.ar\/info\/#\/schema\/person\/e5af09d700b2e82cb10c6b8800e0c691","name":"BRAIAN ESTEVEZ","sameAs":["http:\/\/www.patagoniambiental.com.ar"]}]}},"_links":{"self":[{"href":"https:\/\/patagoniambiental.com.ar\/info\/wp-json\/wp\/v2\/posts\/76047","targetHints":{"allow":["GET"]}}],"collection":[{"href":"https:\/\/patagoniambiental.com.ar\/info\/wp-json\/wp\/v2\/posts"}],"about":[{"href":"https:\/\/patagoniambiental.com.ar\/info\/wp-json\/wp\/v2\/types\/post"}],"author":[{"embeddable":true,"href":"https:\/\/patagoniambiental.com.ar\/info\/wp-json\/wp\/v2\/users\/6"}],"replies":[{"embeddable":true,"href":"https:\/\/patagoniambiental.com.ar\/info\/wp-json\/wp\/v2\/comments?post=76047"}],"version-history":[{"count":0,"href":"https:\/\/patagoniambiental.com.ar\/info\/wp-json\/wp\/v2\/posts\/76047\/revisions"}],"wp:featuredmedia":[{"embeddable":true,"href":"https:\/\/patagoniambiental.com.ar\/info\/wp-json\/wp\/v2\/media\/76048"}],"wp:attachment":[{"href":"https:\/\/patagoniambiental.com.ar\/info\/wp-json\/wp\/v2\/media?parent=76047"}],"wp:term":[{"taxonomy":"category","embeddable":true,"href":"https:\/\/patagoniambiental.com.ar\/info\/wp-json\/wp\/v2\/categories?post=76047"},{"taxonomy":"post_tag","embeddable":true,"href":"https:\/\/patagoniambiental.com.ar\/info\/wp-json\/wp\/v2\/tags?post=76047"}],"curies":[{"name":"wp","href":"https:\/\/api.w.org\/{rel}","templated":true}]}}