{"id":76073,"date":"2022-07-11T07:00:00","date_gmt":"2022-07-11T10:00:00","guid":{"rendered":"http:\/\/patagoniambiental.com.ar\/info\/?p=76073"},"modified":"2022-07-11T08:44:54","modified_gmt":"2022-07-11T11:44:54","slug":"valle-cochamo-avanzan-gestiones-para-su-declaracion-como-santuario-de-la-naturaleza","status":"publish","type":"post","link":"https:\/\/patagoniambiental.com.ar\/info\/valle-cochamo-avanzan-gestiones-para-su-declaracion-como-santuario-de-la-naturaleza\/","title":{"rendered":"Valle Cocham\u00f3: Avanzan gestiones para su declaraci\u00f3n como Santuario de la Naturaleza"},"content":{"rendered":"\n<!--more-->\n\n\n\n<blockquote class=\"wp-block-quote is-layout-flow wp-block-quote-is-layout-flow\"><p>Organizaciones de Cocham\u00f3 se reunieron con Ministra de Bienes Nacionales para presentar los antecedentes que sustentan la solicitud de declarar un Santuario de la Naturaleza en el Valle Cocham\u00f3.<\/p><\/blockquote>\n\n\n\n<p>El pasado martes 5 de julio un grupo de habitantes de Cocham\u00f3 viajaron hasta Santiago para reunirse con la Ministra de Bienes Nacionales Javiera Toro, con el objetivo de <strong>presentar los antecedentes que sustentan la solicitud de declarar un Santuario de la Naturaleza en el Valle Cocham\u00f3<\/strong>.<\/p>\n\n\n\n<p>El sector de <strong>La Junta en el Valle Cocham\u00f3<\/strong>, regi\u00f3n de Los Lagos, es la puerta de entrada a la patagonia norte chilena y es reconocida nacional e internacionalmente por sus paredes de granito, el buen estado de conservaci\u00f3n de sus ecosistemas y su arraigada cultura local reconocida por El Consejo de Cultura el 2013.<\/p>\n\n\n\n<p>El trabajo de proteger este lugar se ha llevado adelante por organizaciones y miembros de la comunidad local desde hace m\u00e1s de una d\u00e9cada, tiempo en el que se han realizado diversas gestiones para conseguir y proteger estos excepcionales ecosistemas y paisajes. Como parte de este trabajo, <strong>en diciembre del 2021, la Organizaci\u00f3n Valle de Cocham\u00f3 ingres\u00f3 un expediente t\u00e9cnico al Ministerio de Medio Ambiente<\/strong>, que argumenta la necesidad de declarar el Santuario de la Naturaleza Valle Cocham\u00f3 entendiendo la importancia de resguardar estos ecosistemas desde el punto vista cient\u00edfico, educativo, cultural y para el desarrollo econ\u00f3mico de la comuna.<\/p>\n\n\n\n<p>\u201cUn santuario de la naturaleza como figura de protecci\u00f3n para el Valle de Cocham\u00f3, no solo reconoce los valores ambientales, sino que adem\u00e1s es conciliador con los modos de vida de las personas que habitan el lugar y su cultura. Un santuario permite que tierras privadas y p\u00fablicas sean administradas por el organismo m\u00e1s coherente, que en este caso se busca que sea la propia comunidad como ha sido hasta ahora, se\u00f1al\u00f3 <strong>Tatiana Sandoval, presidenta de la Organizaci\u00f3n Valle de Cocham\u00f3.<\/strong><\/p>\n\n\n\n<p>La urgencia de invitar al gobierno a sumarse a la iniciativa que la comunidad ha levantado durante a\u00f1os es <strong>evitar que el creciente turismo, el desarrollo inmobiliario y otras actividades sigan siendo una amenaza para este lugar<\/strong>, que se ha protegido gracias a la gesti\u00f3n de los habitantes y operadores tur\u00edsticos que regulan, a trav\u00e9s de la Organizaci\u00f3n Valle Cocham\u00f3, la entrada de los miles de turistas que cada verano visitan sus atractivos.<\/p>\n\n\n\n<h3 class=\"wp-block-heading\">[Te puede interesar] <a href=\"https:\/\/www.eldesconcierto.cl\/bienes-comunes\/2022\/05\/01\/cochamo-habitantes-realizan-manifestacion-contra-terrenos-adquiridos-por-celebridades.html\" target=\"_blank\" rel=\"noreferrer noopener\">Cocham\u00f3: habitantes realizan manifestaci\u00f3n contra terrenos adquiridos por celebridades<\/a><\/h3>\n\n\n\n<h3 class=\"wp-block-heading\">[Te puede interesar] <a href=\"https:\/\/www.eldesconcierto.cl\/bienes-comunes\/2022\/04\/26\/la-presion-social-hace-que-el-loteo-inmobiliario-se-detenga-en-el-valle-cochamo.html\" target=\"_blank\" rel=\"noreferrer noopener\">La presi\u00f3n social hace que el loteo inmobiliario se detenga en el Valle Cocham\u00f3<\/a><\/h3>\n\n\n\n<p>\u201cLa comunidad ha logrado llevar adelante un trabajo de autogesti\u00f3n exitoso, sin embargo, a\u00fan existen amenazas, el riesgo de incendios forestales, la contaminaci\u00f3n y los accidentes. Un \u00e1rea protegida, con un plan de acci\u00f3n a corto, mediano y largo plazo, es esencial para conservar la biodiversidad y los atractivos que hoy son el sustento econ\u00f3mico para muchas familias de la comuna, adem\u00e1s, de su importancia a nivel global por mitigar los efectos del cambio clim\u00e1tico\u201d mencion\u00f3 <strong>Cristi\u00e1n Gallardo, miembro de la Organizaci\u00f3n Valle Cocham\u00f3.<\/strong><\/p>\n\n\n\n<p>En este sentido, <strong>Patricio Almonacid, poblador del Valle de Cocham\u00f3<\/strong>, expres\u00f3 que \u00abla conservaci\u00f3n del patrimonio cultural es un punto importante dentro de los argumentos expuestos por la comunidad, por la existencia de pinturas rupestres y por ser los arrieros de Cocham\u00f3 Tesoros Vivos de la Humanidad. \u201cLa declaraci\u00f3n de Santuario de la Naturaleza permitir\u00eda conservar la antigua ruta patrimonial que une el pueblo de Cocham\u00f3 con el sector de paso El Le\u00f3n y r\u00edo Manso y que utilizaban nuestros padres y abuelos para el arreo de animales. Esto permitir\u00e1 mantener vigente el legado de nuestra cultura arriera y continuar compatibilizando los antiguos estilos de vida con el desarrollo de un turismo de intereses especiales\u201d.<\/p>\n\n\n\n<p>POr su parte, <strong>la Ministra de Bienes Nacionales Javiera Toro, <\/strong>indic\u00f3 que \u201crecibimos a habitantes y organizaciones de Cocham\u00f3, quienes nos han presentado su proyecto de santuario de la naturaleza Valle de Cocham\u00f3. En el Ministerio de Bienes Nacionales estamos siempre disponibles para dialogar con las comunidades y trabajar en conjunto por garantizar la protecci\u00f3n y el acceso a los bienes naturales que son patrimonio de todos y todas\u201d.<\/p>\n\n\n\n<p>Fuente: https:\/\/www.eldesconcierto.cl\/bienes-comunes\/2022\/07\/11\/valle-cochamo-avanzan-gestiones-para-su-declaracion-como-santuario-de-la-naturaleza.html<\/p>\n","protected":false},"excerpt":{"rendered":"","protected":false},"author":6,"featured_media":76074,"comment_status":"open","ping_status":"open","sticky":false,"template":"","format":"standard","meta":{"site-sidebar-layout":"default","site-content-layout":"","ast-site-content-layout":"default","site-content-style":"default","site-sidebar-style":"default","ast-global-header-display":"","ast-banner-title-visibility":"","ast-main-header-display":"","ast-hfb-above-header-display":"","ast-hfb-below-header-display":"","ast-hfb-mobile-header-display":"","site-post-title":"","ast-breadcrumbs-content":"","ast-featured-img":"","footer-sml-layout":"","ast-disable-related-posts":"","theme-transparent-header-meta":"","adv-header-id-meta":"","stick-header-meta":"","header-above-stick-meta":"","header-main-stick-meta":"","header-below-stick-meta":"","astra-migrate-meta-layouts":"default","ast-page-background-enabled":"default","ast-page-background-meta":{"desktop":{"background-color":"var(--ast-global-color-5)","background-image":"","background-repeat":"repeat","background-position":"center center","background-size":"auto","background-attachment":"scroll","background-type":"","background-media":"","overlay-type":"","overlay-color":"","overlay-opacity":"","overlay-gradient":""},"tablet":{"background-color":"","background-image":"","background-repeat":"repeat","background-position":"center center","background-size":"auto","background-attachment":"scroll","background-type":"","background-media":"","overlay-type":"","overlay-color":"","overlay-opacity":"","overlay-gradient":""},"mobile":{"background-color":"","background-image":"","background-repeat":"repeat","background-position":"center center","background-size":"auto","background-attachment":"scroll","background-type":"","background-media":"","overlay-type":"","overlay-color":"","overlay-opacity":"","overlay-gradient":""}},"ast-content-background-meta":{"desktop":{"background-color":"var(--ast-global-color-4)","background-image":"","background-repeat":"repeat","background-position":"center center","background-size":"auto","background-attachment":"scroll","background-type":"","background-media":"","overlay-type":"","overlay-color":"","overlay-opacity":"","overlay-gradient":""},"tablet":{"background-color":"var(--ast-global-color-4)","background-image":"","background-repeat":"repeat","background-position":"center center","background-size":"auto","background-attachment":"scroll","background-type":"","background-media":"","overlay-type":"","overlay-color":"","overlay-opacity":"","overlay-gradient":""},"mobile":{"background-color":"var(--ast-global-color-4)","background-image":"","background-repeat":"repeat","background-position":"center center","background-size":"auto","background-attachment":"scroll","background-type":"","background-media":"","overlay-type":"","overlay-color":"","overlay-opacity":"","overlay-gradient":""}},"footnotes":""},"categories":[1],"tags":[],"class_list":["post-76073","post","type-post","status-publish","format-standard","has-post-thumbnail","hentry","category-noticias"],"yoast_head":"<!-- This site is optimized with the Yoast SEO Premium plugin v23.0 (Yoast SEO v27.4) - https:\/\/yoast.com\/product\/yoast-seo-premium-wordpress\/ -->\n<title>Valle Cocham\u00f3: Avanzan gestiones para su declaraci\u00f3n como Santuario de la Naturaleza<\/title>\n<meta name=\"robots\" content=\"index, follow, max-snippet:-1, max-image-preview:large, max-video-preview:-1\" \/>\n<link rel=\"canonical\" href=\"https:\/\/patagoniambiental.com.ar\/info\/valle-cochamo-avanzan-gestiones-para-su-declaracion-como-santuario-de-la-naturaleza\/\" \/>\n<meta property=\"og:locale\" content=\"es_ES\" \/>\n<meta property=\"og:type\" content=\"article\" \/>\n<meta property=\"og:title\" content=\"Valle Cocham\u00f3: Avanzan gestiones para su declaraci\u00f3n como Santuario de la Naturaleza\" \/>\n<meta property=\"og:url\" content=\"https:\/\/patagoniambiental.com.ar\/info\/valle-cochamo-avanzan-gestiones-para-su-declaracion-como-santuario-de-la-naturaleza\/\" \/>\n<meta property=\"og:site_name\" content=\"Patagonia Ambiental\" \/>\n<meta property=\"article:publisher\" content=\"https:\/\/www.facebook.com\/patagonia.ambiental\" \/>\n<meta property=\"article:published_time\" content=\"2022-07-11T10:00:00+00:00\" \/>\n<meta property=\"article:modified_time\" content=\"2022-07-11T11:44:54+00:00\" \/>\n<meta property=\"og:image\" content=\"https:\/\/patagoniambiental.com.ar\/info\/wp-content\/uploads\/2022\/07\/Cochamo-13-1-1-1024x683-1.jpg\" \/>\n\t<meta property=\"og:image:width\" content=\"1024\" \/>\n\t<meta property=\"og:image:height\" content=\"683\" \/>\n\t<meta property=\"og:image:type\" content=\"image\/jpeg\" \/>\n<meta name=\"author\" content=\"BRAIAN ESTEVEZ\" \/>\n<meta name=\"twitter:card\" content=\"summary_large_image\" \/>\n<meta name=\"twitter:creator\" content=\"@PatAmb\" \/>\n<meta name=\"twitter:site\" content=\"@PatAmb\" \/>\n<script type=\"application\/ld+json\" class=\"yoast-schema-graph\">{\"@context\":\"https:\\\/\\\/schema.org\",\"@graph\":[{\"@type\":\"Article\",\"@id\":\"https:\\\/\\\/patagoniambiental.com.ar\\\/info\\\/valle-cochamo-avanzan-gestiones-para-su-declaracion-como-santuario-de-la-naturaleza\\\/#article\",\"isPartOf\":{\"@id\":\"https:\\\/\\\/patagoniambiental.com.ar\\\/info\\\/valle-cochamo-avanzan-gestiones-para-su-declaracion-como-santuario-de-la-naturaleza\\\/\"},\"author\":{\"name\":\"BRAIAN ESTEVEZ\",\"@id\":\"https:\\\/\\\/patagoniambiental.com.ar\\\/info\\\/#\\\/schema\\\/person\\\/e5af09d700b2e82cb10c6b8800e0c691\"},\"headline\":\"Valle Cocham\u00f3: Avanzan gestiones para su declaraci\u00f3n como Santuario de la Naturaleza\",\"datePublished\":\"2022-07-11T10:00:00+00:00\",\"dateModified\":\"2022-07-11T11:44:54+00:00\",\"mainEntityOfPage\":{\"@id\":\"https:\\\/\\\/patagoniambiental.com.ar\\\/info\\\/valle-cochamo-avanzan-gestiones-para-su-declaracion-como-santuario-de-la-naturaleza\\\/\"},\"wordCount\":736,\"commentCount\":0,\"publisher\":{\"@id\":\"https:\\\/\\\/patagoniambiental.com.ar\\\/info\\\/#organization\"},\"image\":{\"@id\":\"https:\\\/\\\/patagoniambiental.com.ar\\\/info\\\/valle-cochamo-avanzan-gestiones-para-su-declaracion-como-santuario-de-la-naturaleza\\\/#primaryimage\"},\"thumbnailUrl\":\"https:\\\/\\\/patagoniambiental.com.ar\\\/info\\\/wp-content\\\/uploads\\\/2022\\\/07\\\/Cochamo-13-1-1-1024x683-1.jpg\",\"articleSection\":[\"Noticias\"],\"inLanguage\":\"es\",\"potentialAction\":[{\"@type\":\"CommentAction\",\"name\":\"Comment\",\"target\":[\"https:\\\/\\\/patagoniambiental.com.ar\\\/info\\\/valle-cochamo-avanzan-gestiones-para-su-declaracion-como-santuario-de-la-naturaleza\\\/#respond\"]}]},{\"@type\":\"WebPage\",\"@id\":\"https:\\\/\\\/patagoniambiental.com.ar\\\/info\\\/valle-cochamo-avanzan-gestiones-para-su-declaracion-como-santuario-de-la-naturaleza\\\/\",\"url\":\"https:\\\/\\\/patagoniambiental.com.ar\\\/info\\\/valle-cochamo-avanzan-gestiones-para-su-declaracion-como-santuario-de-la-naturaleza\\\/\",\"name\":\"Valle Cocham\u00f3: Avanzan gestiones para su declaraci\u00f3n como Santuario de la Naturaleza\",\"isPartOf\":{\"@id\":\"https:\\\/\\\/patagoniambiental.com.ar\\\/info\\\/#website\"},\"primaryImageOfPage\":{\"@id\":\"https:\\\/\\\/patagoniambiental.com.ar\\\/info\\\/valle-cochamo-avanzan-gestiones-para-su-declaracion-como-santuario-de-la-naturaleza\\\/#primaryimage\"},\"image\":{\"@id\":\"https:\\\/\\\/patagoniambiental.com.ar\\\/info\\\/valle-cochamo-avanzan-gestiones-para-su-declaracion-como-santuario-de-la-naturaleza\\\/#primaryimage\"},\"thumbnailUrl\":\"https:\\\/\\\/patagoniambiental.com.ar\\\/info\\\/wp-content\\\/uploads\\\/2022\\\/07\\\/Cochamo-13-1-1-1024x683-1.jpg\",\"datePublished\":\"2022-07-11T10:00:00+00:00\",\"dateModified\":\"2022-07-11T11:44:54+00:00\",\"breadcrumb\":{\"@id\":\"https:\\\/\\\/patagoniambiental.com.ar\\\/info\\\/valle-cochamo-avanzan-gestiones-para-su-declaracion-como-santuario-de-la-naturaleza\\\/#breadcrumb\"},\"inLanguage\":\"es\",\"potentialAction\":[{\"@type\":\"ReadAction\",\"target\":[\"https:\\\/\\\/patagoniambiental.com.ar\\\/info\\\/valle-cochamo-avanzan-gestiones-para-su-declaracion-como-santuario-de-la-naturaleza\\\/\"]}]},{\"@type\":\"ImageObject\",\"inLanguage\":\"es\",\"@id\":\"https:\\\/\\\/patagoniambiental.com.ar\\\/info\\\/valle-cochamo-avanzan-gestiones-para-su-declaracion-como-santuario-de-la-naturaleza\\\/#primaryimage\",\"url\":\"https:\\\/\\\/patagoniambiental.com.ar\\\/info\\\/wp-content\\\/uploads\\\/2022\\\/07\\\/Cochamo-13-1-1-1024x683-1.jpg\",\"contentUrl\":\"https:\\\/\\\/patagoniambiental.com.ar\\\/info\\\/wp-content\\\/uploads\\\/2022\\\/07\\\/Cochamo-13-1-1-1024x683-1.jpg\",\"width\":900,\"height\":600},{\"@type\":\"BreadcrumbList\",\"@id\":\"https:\\\/\\\/patagoniambiental.com.ar\\\/info\\\/valle-cochamo-avanzan-gestiones-para-su-declaracion-como-santuario-de-la-naturaleza\\\/#breadcrumb\",\"itemListElement\":[{\"@type\":\"ListItem\",\"position\":1,\"name\":\"Inicio\",\"item\":\"https:\\\/\\\/patagoniambiental.com.ar\\\/info\\\/\"},{\"@type\":\"ListItem\",\"position\":2,\"name\":\"Valle Cocham\u00f3: Avanzan gestiones para su declaraci\u00f3n como Santuario de la Naturaleza\"}]},{\"@type\":\"WebSite\",\"@id\":\"https:\\\/\\\/patagoniambiental.com.ar\\\/info\\\/#website\",\"url\":\"https:\\\/\\\/patagoniambiental.com.ar\\\/info\\\/\",\"name\":\"Patagonia Ambiental\",\"description\":\"Monitoreo y an\u00e1lisis de la situaci\u00f3n geopol\u00edtica en el mundo y su implicancia en la Patagonia\",\"publisher\":{\"@id\":\"https:\\\/\\\/patagoniambiental.com.ar\\\/info\\\/#organization\"},\"potentialAction\":[{\"@type\":\"SearchAction\",\"target\":{\"@type\":\"EntryPoint\",\"urlTemplate\":\"https:\\\/\\\/patagoniambiental.com.ar\\\/info\\\/?s={search_term_string}\"},\"query-input\":{\"@type\":\"PropertyValueSpecification\",\"valueRequired\":true,\"valueName\":\"search_term_string\"}}],\"inLanguage\":\"es\"},{\"@type\":\"Organization\",\"@id\":\"https:\\\/\\\/patagoniambiental.com.ar\\\/info\\\/#organization\",\"name\":\"Patagonia Ambiental\",\"url\":\"https:\\\/\\\/patagoniambiental.com.ar\\\/info\\\/\",\"logo\":{\"@type\":\"ImageObject\",\"inLanguage\":\"es\",\"@id\":\"https:\\\/\\\/patagoniambiental.com.ar\\\/info\\\/#\\\/schema\\\/logo\\\/image\\\/\",\"url\":\"https:\\\/\\\/patagoniambiental.com.ar\\\/info\\\/wp-content\\\/uploads\\\/2025\\\/05\\\/LOGO-PATAGONIA-AMBIENTAL.png\",\"contentUrl\":\"https:\\\/\\\/patagoniambiental.com.ar\\\/info\\\/wp-content\\\/uploads\\\/2025\\\/05\\\/LOGO-PATAGONIA-AMBIENTAL.png\",\"width\":433,\"height\":250,\"caption\":\"Patagonia Ambiental\"},\"image\":{\"@id\":\"https:\\\/\\\/patagoniambiental.com.ar\\\/info\\\/#\\\/schema\\\/logo\\\/image\\\/\"},\"sameAs\":[\"https:\\\/\\\/www.facebook.com\\\/patagonia.ambiental\",\"https:\\\/\\\/x.com\\\/PatAmb\"]},{\"@type\":\"Person\",\"@id\":\"https:\\\/\\\/patagoniambiental.com.ar\\\/info\\\/#\\\/schema\\\/person\\\/e5af09d700b2e82cb10c6b8800e0c691\",\"name\":\"BRAIAN ESTEVEZ\",\"sameAs\":[\"http:\\\/\\\/www.patagoniambiental.com.ar\"]}]}<\/script>\n<!-- \/ Yoast SEO Premium plugin. -->","yoast_head_json":{"title":"Valle Cocham\u00f3: Avanzan gestiones para su declaraci\u00f3n como Santuario de la Naturaleza","robots":{"index":"index","follow":"follow","max-snippet":"max-snippet:-1","max-image-preview":"max-image-preview:large","max-video-preview":"max-video-preview:-1"},"canonical":"https:\/\/patagoniambiental.com.ar\/info\/valle-cochamo-avanzan-gestiones-para-su-declaracion-como-santuario-de-la-naturaleza\/","og_locale":"es_ES","og_type":"article","og_title":"Valle Cocham\u00f3: Avanzan gestiones para su declaraci\u00f3n como Santuario de la Naturaleza","og_url":"https:\/\/patagoniambiental.com.ar\/info\/valle-cochamo-avanzan-gestiones-para-su-declaracion-como-santuario-de-la-naturaleza\/","og_site_name":"Patagonia Ambiental","article_publisher":"https:\/\/www.facebook.com\/patagonia.ambiental","article_published_time":"2022-07-11T10:00:00+00:00","article_modified_time":"2022-07-11T11:44:54+00:00","og_image":[{"width":1024,"height":683,"url":"https:\/\/patagoniambiental.com.ar\/info\/wp-content\/uploads\/2022\/07\/Cochamo-13-1-1-1024x683-1.jpg","type":"image\/jpeg"}],"author":"BRAIAN ESTEVEZ","twitter_card":"summary_large_image","twitter_creator":"@PatAmb","twitter_site":"@PatAmb","schema":{"@context":"https:\/\/schema.org","@graph":[{"@type":"Article","@id":"https:\/\/patagoniambiental.com.ar\/info\/valle-cochamo-avanzan-gestiones-para-su-declaracion-como-santuario-de-la-naturaleza\/#article","isPartOf":{"@id":"https:\/\/patagoniambiental.com.ar\/info\/valle-cochamo-avanzan-gestiones-para-su-declaracion-como-santuario-de-la-naturaleza\/"},"author":{"name":"BRAIAN ESTEVEZ","@id":"https:\/\/patagoniambiental.com.ar\/info\/#\/schema\/person\/e5af09d700b2e82cb10c6b8800e0c691"},"headline":"Valle Cocham\u00f3: Avanzan gestiones para su declaraci\u00f3n como Santuario de la Naturaleza","datePublished":"2022-07-11T10:00:00+00:00","dateModified":"2022-07-11T11:44:54+00:00","mainEntityOfPage":{"@id":"https:\/\/patagoniambiental.com.ar\/info\/valle-cochamo-avanzan-gestiones-para-su-declaracion-como-santuario-de-la-naturaleza\/"},"wordCount":736,"commentCount":0,"publisher":{"@id":"https:\/\/patagoniambiental.com.ar\/info\/#organization"},"image":{"@id":"https:\/\/patagoniambiental.com.ar\/info\/valle-cochamo-avanzan-gestiones-para-su-declaracion-como-santuario-de-la-naturaleza\/#primaryimage"},"thumbnailUrl":"https:\/\/patagoniambiental.com.ar\/info\/wp-content\/uploads\/2022\/07\/Cochamo-13-1-1-1024x683-1.jpg","articleSection":["Noticias"],"inLanguage":"es","potentialAction":[{"@type":"CommentAction","name":"Comment","target":["https:\/\/patagoniambiental.com.ar\/info\/valle-cochamo-avanzan-gestiones-para-su-declaracion-como-santuario-de-la-naturaleza\/#respond"]}]},{"@type":"WebPage","@id":"https:\/\/patagoniambiental.com.ar\/info\/valle-cochamo-avanzan-gestiones-para-su-declaracion-como-santuario-de-la-naturaleza\/","url":"https:\/\/patagoniambiental.com.ar\/info\/valle-cochamo-avanzan-gestiones-para-su-declaracion-como-santuario-de-la-naturaleza\/","name":"Valle Cocham\u00f3: Avanzan gestiones para su declaraci\u00f3n como Santuario de la Naturaleza","isPartOf":{"@id":"https:\/\/patagoniambiental.com.ar\/info\/#website"},"primaryImageOfPage":{"@id":"https:\/\/patagoniambiental.com.ar\/info\/valle-cochamo-avanzan-gestiones-para-su-declaracion-como-santuario-de-la-naturaleza\/#primaryimage"},"image":{"@id":"https:\/\/patagoniambiental.com.ar\/info\/valle-cochamo-avanzan-gestiones-para-su-declaracion-como-santuario-de-la-naturaleza\/#primaryimage"},"thumbnailUrl":"https:\/\/patagoniambiental.com.ar\/info\/wp-content\/uploads\/2022\/07\/Cochamo-13-1-1-1024x683-1.jpg","datePublished":"2022-07-11T10:00:00+00:00","dateModified":"2022-07-11T11:44:54+00:00","breadcrumb":{"@id":"https:\/\/patagoniambiental.com.ar\/info\/valle-cochamo-avanzan-gestiones-para-su-declaracion-como-santuario-de-la-naturaleza\/#breadcrumb"},"inLanguage":"es","potentialAction":[{"@type":"ReadAction","target":["https:\/\/patagoniambiental.com.ar\/info\/valle-cochamo-avanzan-gestiones-para-su-declaracion-como-santuario-de-la-naturaleza\/"]}]},{"@type":"ImageObject","inLanguage":"es","@id":"https:\/\/patagoniambiental.com.ar\/info\/valle-cochamo-avanzan-gestiones-para-su-declaracion-como-santuario-de-la-naturaleza\/#primaryimage","url":"https:\/\/patagoniambiental.com.ar\/info\/wp-content\/uploads\/2022\/07\/Cochamo-13-1-1-1024x683-1.jpg","contentUrl":"https:\/\/patagoniambiental.com.ar\/info\/wp-content\/uploads\/2022\/07\/Cochamo-13-1-1-1024x683-1.jpg","width":900,"height":600},{"@type":"BreadcrumbList","@id":"https:\/\/patagoniambiental.com.ar\/info\/valle-cochamo-avanzan-gestiones-para-su-declaracion-como-santuario-de-la-naturaleza\/#breadcrumb","itemListElement":[{"@type":"ListItem","position":1,"name":"Inicio","item":"https:\/\/patagoniambiental.com.ar\/info\/"},{"@type":"ListItem","position":2,"name":"Valle Cocham\u00f3: Avanzan gestiones para su declaraci\u00f3n como Santuario de la Naturaleza"}]},{"@type":"WebSite","@id":"https:\/\/patagoniambiental.com.ar\/info\/#website","url":"https:\/\/patagoniambiental.com.ar\/info\/","name":"Patagonia Ambiental","description":"Monitoreo y an\u00e1lisis de la situaci\u00f3n geopol\u00edtica en el mundo y su implicancia en la Patagonia","publisher":{"@id":"https:\/\/patagoniambiental.com.ar\/info\/#organization"},"potentialAction":[{"@type":"SearchAction","target":{"@type":"EntryPoint","urlTemplate":"https:\/\/patagoniambiental.com.ar\/info\/?s={search_term_string}"},"query-input":{"@type":"PropertyValueSpecification","valueRequired":true,"valueName":"search_term_string"}}],"inLanguage":"es"},{"@type":"Organization","@id":"https:\/\/patagoniambiental.com.ar\/info\/#organization","name":"Patagonia Ambiental","url":"https:\/\/patagoniambiental.com.ar\/info\/","logo":{"@type":"ImageObject","inLanguage":"es","@id":"https:\/\/patagoniambiental.com.ar\/info\/#\/schema\/logo\/image\/","url":"https:\/\/patagoniambiental.com.ar\/info\/wp-content\/uploads\/2025\/05\/LOGO-PATAGONIA-AMBIENTAL.png","contentUrl":"https:\/\/patagoniambiental.com.ar\/info\/wp-content\/uploads\/2025\/05\/LOGO-PATAGONIA-AMBIENTAL.png","width":433,"height":250,"caption":"Patagonia Ambiental"},"image":{"@id":"https:\/\/patagoniambiental.com.ar\/info\/#\/schema\/logo\/image\/"},"sameAs":["https:\/\/www.facebook.com\/patagonia.ambiental","https:\/\/x.com\/PatAmb"]},{"@type":"Person","@id":"https:\/\/patagoniambiental.com.ar\/info\/#\/schema\/person\/e5af09d700b2e82cb10c6b8800e0c691","name":"BRAIAN ESTEVEZ","sameAs":["http:\/\/www.patagoniambiental.com.ar"]}]}},"_links":{"self":[{"href":"https:\/\/patagoniambiental.com.ar\/info\/wp-json\/wp\/v2\/posts\/76073","targetHints":{"allow":["GET"]}}],"collection":[{"href":"https:\/\/patagoniambiental.com.ar\/info\/wp-json\/wp\/v2\/posts"}],"about":[{"href":"https:\/\/patagoniambiental.com.ar\/info\/wp-json\/wp\/v2\/types\/post"}],"author":[{"embeddable":true,"href":"https:\/\/patagoniambiental.com.ar\/info\/wp-json\/wp\/v2\/users\/6"}],"replies":[{"embeddable":true,"href":"https:\/\/patagoniambiental.com.ar\/info\/wp-json\/wp\/v2\/comments?post=76073"}],"version-history":[{"count":0,"href":"https:\/\/patagoniambiental.com.ar\/info\/wp-json\/wp\/v2\/posts\/76073\/revisions"}],"wp:featuredmedia":[{"embeddable":true,"href":"https:\/\/patagoniambiental.com.ar\/info\/wp-json\/wp\/v2\/media\/76074"}],"wp:attachment":[{"href":"https:\/\/patagoniambiental.com.ar\/info\/wp-json\/wp\/v2\/media?parent=76073"}],"wp:term":[{"taxonomy":"category","embeddable":true,"href":"https:\/\/patagoniambiental.com.ar\/info\/wp-json\/wp\/v2\/categories?post=76073"},{"taxonomy":"post_tag","embeddable":true,"href":"https:\/\/patagoniambiental.com.ar\/info\/wp-json\/wp\/v2\/tags?post=76073"}],"curies":[{"name":"wp","href":"https:\/\/api.w.org\/{rel}","templated":true}]}}