{"id":76087,"date":"2022-07-12T07:00:00","date_gmt":"2022-07-12T10:00:00","guid":{"rendered":"http:\/\/patagoniambiental.com.ar\/info\/?p=76087"},"modified":"2022-07-13T08:47:11","modified_gmt":"2022-07-13T11:47:11","slug":"el-corredor-bioceanico-organizo-la-jornada-de-transporte-terrestre-turistico-binacional","status":"publish","type":"post","link":"https:\/\/patagoniambiental.com.ar\/info\/el-corredor-bioceanico-organizo-la-jornada-de-transporte-terrestre-turistico-binacional\/","title":{"rendered":"El Corredor Bioce\u00e1nico organizo la Jornada de Transporte Terrestre Tur\u00edstico Binacional"},"content":{"rendered":"\n<!--more-->\n\n\n\n<h4 class=\"wp-block-heading\">En el marco de la definici\u00f3n de la Agenda de Trabajo del Comit\u00e9 de Integraci\u00f3n del Corredor de los Lagos (Argentina- Chile), se realiz\u00f3 en Bariloche la Jornada de Transporte Terrestre Tur\u00edstico Binacional. El objetivo es encontrar soluciones que permitan la ampliaci\u00f3n de las modalidades habilitadas del transporte terrestre tur\u00edstico para las prestaciones de servicios tur\u00edsticos binacionales de la Patagonia.<\/h4>\n\n\n\n<h6 class=\"wp-block-heading\">Fecha: <strong>12 de julio de 2022<\/strong><\/h6>\n\n\n\n<p><img decoding=\"async\" alt=\"\" srcset=\"\/_next\/image?url=https%3A%2F%2Fsilvercoder.rionegro.gov.ar%2Ffiles%2F1657627871_fc69bbf219c12a5f2c83.jpeg&amp;w=640&amp;q=75 640w, \/_next\/image?url=https%3A%2F%2Fsilvercoder.rionegro.gov.ar%2Ffiles%2F1657627871_fc69bbf219c12a5f2c83.jpeg&amp;w=750&amp;q=75 750w, \/_next\/image?url=https%3A%2F%2Fsilvercoder.rionegro.gov.ar%2Ffiles%2F1657627871_fc69bbf219c12a5f2c83.jpeg&amp;w=828&amp;q=75 828w, \/_next\/image?url=https%3A%2F%2Fsilvercoder.rionegro.gov.ar%2Ffiles%2F1657627871_fc69bbf219c12a5f2c83.jpeg&amp;w=1080&amp;q=75 1080w, \/_next\/image?url=https%3A%2F%2Fsilvercoder.rionegro.gov.ar%2Ffiles%2F1657627871_fc69bbf219c12a5f2c83.jpeg&amp;w=1200&amp;q=75 1200w, \/_next\/image?url=https%3A%2F%2Fsilvercoder.rionegro.gov.ar%2Ffiles%2F1657627871_fc69bbf219c12a5f2c83.jpeg&amp;w=1920&amp;q=75 1920w, \/_next\/image?url=https%3A%2F%2Fsilvercoder.rionegro.gov.ar%2Ffiles%2F1657627871_fc69bbf219c12a5f2c83.jpeg&amp;w=2048&amp;q=75 2048w, \/_next\/image?url=https%3A%2F%2Fsilvercoder.rionegro.gov.ar%2Ffiles%2F1657627871_fc69bbf219c12a5f2c83.jpeg&amp;w=3840&amp;q=75 3840w\" src=\"https:\/\/prensa.rionegro.gov.ar\/_next\/image?url=https%3A%2F%2Fsilvercoder.rionegro.gov.ar%2Ffiles%2F1657627871_fc69bbf219c12a5f2c83.jpeg&amp;w=3840&amp;q=75\">Se realiz\u00f3 en Bariloche la Jornada de Transporte Terrestre Tur\u00edstico Binacional.Cr\u00e9dito: Gobierno de R\u00edo Negro<\/p>\n\n\n\n<p>Con el fin de abordar la tem\u00e1tica, y como resultado de las gestiones realizadas desde Canciller\u00eda ante la Direcci\u00f3n de Asuntos Internacionales del Ministerio de Transporte de la Naci\u00f3n, el&nbsp; Presidente del Ente del Corredor Bioce\u00e1nico Norpatag\u00f3nico de R\u00edo Negro, Luis Giordano, elev\u00f3 al Director Nacional de L\u00edmites y Fronteras, Gabriel Servetto, la tem\u00e1tica del Transporte Terrestre Tur\u00edstico ya que es uno de los \u00edtems que se repite en cada encuentro.<\/p>\n\n\n\n<p>En este sentido,&nbsp; se desarroll\u00f3 una mesa de trabajo, con formato presencial\/virtual, los d\u00edas 7 y 8 de julio de&nbsp; la que est\u00e1n participaron los referentes de los organismos p\u00fablicos nacionales y provinciales- Gobiernos Regionales (Chile) de transporte y de turismo, as\u00ed como los representantes del sector privado de transporte tur\u00edstico y operadores tur\u00edsticos binacionales del Corredor de los Lagos (Argentina: Provincias de Neuqu\u00e9n, R\u00edo Negro y Chubut) y de la Regi\u00f3n de los Lagos (Chile: Regiones de \u00d1uble, Bio Bio, La Araucan\u00eda, de Los R\u00edos y de Los Lagos).<\/p>\n\n\n\n<p>Desde el Ministerio de Transporte de la Naci\u00f3n, la directora de Asuntos Internacionales, Mariela Mariano, el director de Pasajeros, Alejandro Stopello, el director de Habilitaciones, Diego Guevara, estuvieron presentes motivados a escuchar las exposiciones de los empresarios, operadores tur\u00edsticos de la regi\u00f3n y analizar de manera conjunta las alternativas de facilitaci\u00f3n para los servicios tur\u00edsticos binacionales.<\/p>\n\n\n\n<p>La Jornada finaliz\u00f3 con la firma de Acta que refleja los \u00edtems a considerar por ambos gobiernos para alcanzar un Acuerdo Binacional que facilite el desarrollo de servicios tur\u00edsticos que integren los destinos tur\u00edsticos a ambos lados de la cordillera destinados a mercados nacionales y de larga distancia.<\/p>\n\n\n\n<p>El Gobierno de la Provincia de R\u00edo Negro gestion\u00f3 y particip\u00f3 de manera conjunta con el Ente del Corredor Bioce\u00e1nico, el Ministerio de Turismo y Deportes, la Secretar\u00eda de Transporte, Altec que brind\u00f3 soporte t\u00e9cnico facilitando la participaci\u00f3n virtual, Legisladores Provinciales.<\/p>\n\n\n\n<p>Participaron del encuentro el C\u00f3nsul General de Chile en Bariloche, los directores del Ministerio de Transporte de la Naci\u00f3n, el Presidente del Corredor Bioce\u00e1nico RN, el Secretario de Gesti\u00f3n y Desarrollo Tur\u00edstico del Ministerio de Turismo y Deportes de R\u00edo Negro, el subsecretario de Transporte de RN, el Delegado de Transporte de RN, el secretario de Turismo de Bariloche, el director de Tr\u00e1nsito de BRC, representantes del Sernatur Nacional, de los R\u00edos y de Los Lagos, del ministerio de Transporte de Chile, el Asesor Letrado de FAEVYT, Presidentes\u00a0 y representantes de las C\u00e1maras de Turismo de Chubut, de Bariloche, Villa La Angostura, Temuco, Empresas de Turismo de Bariloche, Villa La Angostura, Puerto Varas, Temuco, El Bols\u00f3n, entre otros.<\/p>\n\n\n\n<p>Fuente: https:\/\/prensa.rionegro.gov.ar\/articulo\/42553\/el-corredor-bioceanico-organizo-la-jornada-de-transporte-terrestre-turistico-binacional<\/p>\n","protected":false},"excerpt":{"rendered":"","protected":false},"author":6,"featured_media":76088,"comment_status":"open","ping_status":"open","sticky":false,"template":"","format":"standard","meta":{"site-sidebar-layout":"default","site-content-layout":"","ast-site-content-layout":"default","site-content-style":"default","site-sidebar-style":"default","ast-global-header-display":"","ast-banner-title-visibility":"","ast-main-header-display":"","ast-hfb-above-header-display":"","ast-hfb-below-header-display":"","ast-hfb-mobile-header-display":"","site-post-title":"","ast-breadcrumbs-content":"","ast-featured-img":"","footer-sml-layout":"","ast-disable-related-posts":"","theme-transparent-header-meta":"","adv-header-id-meta":"","stick-header-meta":"","header-above-stick-meta":"","header-main-stick-meta":"","header-below-stick-meta":"","astra-migrate-meta-layouts":"default","ast-page-background-enabled":"default","ast-page-background-meta":{"desktop":{"background-color":"var(--ast-global-color-5)","background-image":"","background-repeat":"repeat","background-position":"center center","background-size":"auto","background-attachment":"scroll","background-type":"","background-media":"","overlay-type":"","overlay-color":"","overlay-opacity":"","overlay-gradient":""},"tablet":{"background-color":"","background-image":"","background-repeat":"repeat","background-position":"center center","background-size":"auto","background-attachment":"scroll","background-type":"","background-media":"","overlay-type":"","overlay-color":"","overlay-opacity":"","overlay-gradient":""},"mobile":{"background-color":"","background-image":"","background-repeat":"repeat","background-position":"center center","background-size":"auto","background-attachment":"scroll","background-type":"","background-media":"","overlay-type":"","overlay-color":"","overlay-opacity":"","overlay-gradient":""}},"ast-content-background-meta":{"desktop":{"background-color":"var(--ast-global-color-4)","background-image":"","background-repeat":"repeat","background-position":"center center","background-size":"auto","background-attachment":"scroll","background-type":"","background-media":"","overlay-type":"","overlay-color":"","overlay-opacity":"","overlay-gradient":""},"tablet":{"background-color":"var(--ast-global-color-4)","background-image":"","background-repeat":"repeat","background-position":"center center","background-size":"auto","background-attachment":"scroll","background-type":"","background-media":"","overlay-type":"","overlay-color":"","overlay-opacity":"","overlay-gradient":""},"mobile":{"background-color":"var(--ast-global-color-4)","background-image":"","background-repeat":"repeat","background-position":"center center","background-size":"auto","background-attachment":"scroll","background-type":"","background-media":"","overlay-type":"","overlay-color":"","overlay-opacity":"","overlay-gradient":""}},"footnotes":""},"categories":[1],"tags":[],"class_list":["post-76087","post","type-post","status-publish","format-standard","has-post-thumbnail","hentry","category-noticias"],"yoast_head":"<!-- This site is optimized with the Yoast SEO Premium plugin v23.0 (Yoast SEO v27.4) - https:\/\/yoast.com\/product\/yoast-seo-premium-wordpress\/ -->\n<title>El Corredor Bioce\u00e1nico organizo la Jornada de Transporte Terrestre Tur\u00edstico Binacional<\/title>\n<meta name=\"robots\" content=\"index, follow, max-snippet:-1, max-image-preview:large, max-video-preview:-1\" \/>\n<link rel=\"canonical\" href=\"https:\/\/patagoniambiental.com.ar\/info\/el-corredor-bioceanico-organizo-la-jornada-de-transporte-terrestre-turistico-binacional\/\" \/>\n<meta property=\"og:locale\" content=\"es_ES\" \/>\n<meta property=\"og:type\" content=\"article\" \/>\n<meta property=\"og:title\" content=\"El Corredor Bioce\u00e1nico organizo la Jornada de Transporte Terrestre Tur\u00edstico Binacional\" \/>\n<meta property=\"og:url\" content=\"https:\/\/patagoniambiental.com.ar\/info\/el-corredor-bioceanico-organizo-la-jornada-de-transporte-terrestre-turistico-binacional\/\" \/>\n<meta property=\"og:site_name\" content=\"Patagonia Ambiental\" \/>\n<meta property=\"article:publisher\" content=\"https:\/\/www.facebook.com\/patagonia.ambiental\" \/>\n<meta property=\"article:published_time\" content=\"2022-07-12T10:00:00+00:00\" \/>\n<meta property=\"article:modified_time\" content=\"2022-07-13T11:47:11+00:00\" \/>\n<meta property=\"og:image\" content=\"https:\/\/patagoniambiental.com.ar\/info\/wp-content\/uploads\/2022\/07\/3456.jpeg\" \/>\n\t<meta property=\"og:image:width\" content=\"1600\" \/>\n\t<meta property=\"og:image:height\" content=\"720\" \/>\n\t<meta property=\"og:image:type\" content=\"image\/jpeg\" \/>\n<meta name=\"author\" content=\"BRAIAN ESTEVEZ\" \/>\n<meta name=\"twitter:card\" content=\"summary_large_image\" \/>\n<meta name=\"twitter:creator\" content=\"@PatAmb\" \/>\n<meta name=\"twitter:site\" content=\"@PatAmb\" \/>\n<script type=\"application\/ld+json\" class=\"yoast-schema-graph\">{\"@context\":\"https:\\\/\\\/schema.org\",\"@graph\":[{\"@type\":\"Article\",\"@id\":\"https:\\\/\\\/patagoniambiental.com.ar\\\/info\\\/el-corredor-bioceanico-organizo-la-jornada-de-transporte-terrestre-turistico-binacional\\\/#article\",\"isPartOf\":{\"@id\":\"https:\\\/\\\/patagoniambiental.com.ar\\\/info\\\/el-corredor-bioceanico-organizo-la-jornada-de-transporte-terrestre-turistico-binacional\\\/\"},\"author\":{\"name\":\"BRAIAN ESTEVEZ\",\"@id\":\"https:\\\/\\\/patagoniambiental.com.ar\\\/info\\\/#\\\/schema\\\/person\\\/e5af09d700b2e82cb10c6b8800e0c691\"},\"headline\":\"El Corredor Bioce\u00e1nico organizo la Jornada de Transporte Terrestre Tur\u00edstico Binacional\",\"datePublished\":\"2022-07-12T10:00:00+00:00\",\"dateModified\":\"2022-07-13T11:47:11+00:00\",\"mainEntityOfPage\":{\"@id\":\"https:\\\/\\\/patagoniambiental.com.ar\\\/info\\\/el-corredor-bioceanico-organizo-la-jornada-de-transporte-terrestre-turistico-binacional\\\/\"},\"wordCount\":578,\"commentCount\":0,\"publisher\":{\"@id\":\"https:\\\/\\\/patagoniambiental.com.ar\\\/info\\\/#organization\"},\"image\":{\"@id\":\"https:\\\/\\\/patagoniambiental.com.ar\\\/info\\\/el-corredor-bioceanico-organizo-la-jornada-de-transporte-terrestre-turistico-binacional\\\/#primaryimage\"},\"thumbnailUrl\":\"https:\\\/\\\/patagoniambiental.com.ar\\\/info\\\/wp-content\\\/uploads\\\/2022\\\/07\\\/3456.jpeg\",\"articleSection\":[\"Noticias\"],\"inLanguage\":\"es\",\"potentialAction\":[{\"@type\":\"CommentAction\",\"name\":\"Comment\",\"target\":[\"https:\\\/\\\/patagoniambiental.com.ar\\\/info\\\/el-corredor-bioceanico-organizo-la-jornada-de-transporte-terrestre-turistico-binacional\\\/#respond\"]}]},{\"@type\":\"WebPage\",\"@id\":\"https:\\\/\\\/patagoniambiental.com.ar\\\/info\\\/el-corredor-bioceanico-organizo-la-jornada-de-transporte-terrestre-turistico-binacional\\\/\",\"url\":\"https:\\\/\\\/patagoniambiental.com.ar\\\/info\\\/el-corredor-bioceanico-organizo-la-jornada-de-transporte-terrestre-turistico-binacional\\\/\",\"name\":\"El Corredor Bioce\u00e1nico organizo la Jornada de Transporte Terrestre Tur\u00edstico Binacional\",\"isPartOf\":{\"@id\":\"https:\\\/\\\/patagoniambiental.com.ar\\\/info\\\/#website\"},\"primaryImageOfPage\":{\"@id\":\"https:\\\/\\\/patagoniambiental.com.ar\\\/info\\\/el-corredor-bioceanico-organizo-la-jornada-de-transporte-terrestre-turistico-binacional\\\/#primaryimage\"},\"image\":{\"@id\":\"https:\\\/\\\/patagoniambiental.com.ar\\\/info\\\/el-corredor-bioceanico-organizo-la-jornada-de-transporte-terrestre-turistico-binacional\\\/#primaryimage\"},\"thumbnailUrl\":\"https:\\\/\\\/patagoniambiental.com.ar\\\/info\\\/wp-content\\\/uploads\\\/2022\\\/07\\\/3456.jpeg\",\"datePublished\":\"2022-07-12T10:00:00+00:00\",\"dateModified\":\"2022-07-13T11:47:11+00:00\",\"breadcrumb\":{\"@id\":\"https:\\\/\\\/patagoniambiental.com.ar\\\/info\\\/el-corredor-bioceanico-organizo-la-jornada-de-transporte-terrestre-turistico-binacional\\\/#breadcrumb\"},\"inLanguage\":\"es\",\"potentialAction\":[{\"@type\":\"ReadAction\",\"target\":[\"https:\\\/\\\/patagoniambiental.com.ar\\\/info\\\/el-corredor-bioceanico-organizo-la-jornada-de-transporte-terrestre-turistico-binacional\\\/\"]}]},{\"@type\":\"ImageObject\",\"inLanguage\":\"es\",\"@id\":\"https:\\\/\\\/patagoniambiental.com.ar\\\/info\\\/el-corredor-bioceanico-organizo-la-jornada-de-transporte-terrestre-turistico-binacional\\\/#primaryimage\",\"url\":\"https:\\\/\\\/patagoniambiental.com.ar\\\/info\\\/wp-content\\\/uploads\\\/2022\\\/07\\\/3456.jpeg\",\"contentUrl\":\"https:\\\/\\\/patagoniambiental.com.ar\\\/info\\\/wp-content\\\/uploads\\\/2022\\\/07\\\/3456.jpeg\",\"width\":1200,\"height\":540},{\"@type\":\"BreadcrumbList\",\"@id\":\"https:\\\/\\\/patagoniambiental.com.ar\\\/info\\\/el-corredor-bioceanico-organizo-la-jornada-de-transporte-terrestre-turistico-binacional\\\/#breadcrumb\",\"itemListElement\":[{\"@type\":\"ListItem\",\"position\":1,\"name\":\"Inicio\",\"item\":\"https:\\\/\\\/patagoniambiental.com.ar\\\/info\\\/\"},{\"@type\":\"ListItem\",\"position\":2,\"name\":\"El Corredor Bioce\u00e1nico organizo la Jornada de Transporte Terrestre Tur\u00edstico Binacional\"}]},{\"@type\":\"WebSite\",\"@id\":\"https:\\\/\\\/patagoniambiental.com.ar\\\/info\\\/#website\",\"url\":\"https:\\\/\\\/patagoniambiental.com.ar\\\/info\\\/\",\"name\":\"Patagonia Ambiental\",\"description\":\"Monitoreo y an\u00e1lisis de la situaci\u00f3n geopol\u00edtica en el mundo y su implicancia en la Patagonia\",\"publisher\":{\"@id\":\"https:\\\/\\\/patagoniambiental.com.ar\\\/info\\\/#organization\"},\"potentialAction\":[{\"@type\":\"SearchAction\",\"target\":{\"@type\":\"EntryPoint\",\"urlTemplate\":\"https:\\\/\\\/patagoniambiental.com.ar\\\/info\\\/?s={search_term_string}\"},\"query-input\":{\"@type\":\"PropertyValueSpecification\",\"valueRequired\":true,\"valueName\":\"search_term_string\"}}],\"inLanguage\":\"es\"},{\"@type\":\"Organization\",\"@id\":\"https:\\\/\\\/patagoniambiental.com.ar\\\/info\\\/#organization\",\"name\":\"Patagonia Ambiental\",\"url\":\"https:\\\/\\\/patagoniambiental.com.ar\\\/info\\\/\",\"logo\":{\"@type\":\"ImageObject\",\"inLanguage\":\"es\",\"@id\":\"https:\\\/\\\/patagoniambiental.com.ar\\\/info\\\/#\\\/schema\\\/logo\\\/image\\\/\",\"url\":\"https:\\\/\\\/patagoniambiental.com.ar\\\/info\\\/wp-content\\\/uploads\\\/2025\\\/05\\\/LOGO-PATAGONIA-AMBIENTAL.png\",\"contentUrl\":\"https:\\\/\\\/patagoniambiental.com.ar\\\/info\\\/wp-content\\\/uploads\\\/2025\\\/05\\\/LOGO-PATAGONIA-AMBIENTAL.png\",\"width\":433,\"height\":250,\"caption\":\"Patagonia Ambiental\"},\"image\":{\"@id\":\"https:\\\/\\\/patagoniambiental.com.ar\\\/info\\\/#\\\/schema\\\/logo\\\/image\\\/\"},\"sameAs\":[\"https:\\\/\\\/www.facebook.com\\\/patagonia.ambiental\",\"https:\\\/\\\/x.com\\\/PatAmb\"]},{\"@type\":\"Person\",\"@id\":\"https:\\\/\\\/patagoniambiental.com.ar\\\/info\\\/#\\\/schema\\\/person\\\/e5af09d700b2e82cb10c6b8800e0c691\",\"name\":\"BRAIAN ESTEVEZ\",\"sameAs\":[\"http:\\\/\\\/www.patagoniambiental.com.ar\"]}]}<\/script>\n<!-- \/ Yoast SEO Premium plugin. -->","yoast_head_json":{"title":"El Corredor Bioce\u00e1nico organizo la Jornada de Transporte Terrestre Tur\u00edstico Binacional","robots":{"index":"index","follow":"follow","max-snippet":"max-snippet:-1","max-image-preview":"max-image-preview:large","max-video-preview":"max-video-preview:-1"},"canonical":"https:\/\/patagoniambiental.com.ar\/info\/el-corredor-bioceanico-organizo-la-jornada-de-transporte-terrestre-turistico-binacional\/","og_locale":"es_ES","og_type":"article","og_title":"El Corredor Bioce\u00e1nico organizo la Jornada de Transporte Terrestre Tur\u00edstico Binacional","og_url":"https:\/\/patagoniambiental.com.ar\/info\/el-corredor-bioceanico-organizo-la-jornada-de-transporte-terrestre-turistico-binacional\/","og_site_name":"Patagonia Ambiental","article_publisher":"https:\/\/www.facebook.com\/patagonia.ambiental","article_published_time":"2022-07-12T10:00:00+00:00","article_modified_time":"2022-07-13T11:47:11+00:00","og_image":[{"width":1600,"height":720,"url":"https:\/\/patagoniambiental.com.ar\/info\/wp-content\/uploads\/2022\/07\/3456.jpeg","type":"image\/jpeg"}],"author":"BRAIAN ESTEVEZ","twitter_card":"summary_large_image","twitter_creator":"@PatAmb","twitter_site":"@PatAmb","schema":{"@context":"https:\/\/schema.org","@graph":[{"@type":"Article","@id":"https:\/\/patagoniambiental.com.ar\/info\/el-corredor-bioceanico-organizo-la-jornada-de-transporte-terrestre-turistico-binacional\/#article","isPartOf":{"@id":"https:\/\/patagoniambiental.com.ar\/info\/el-corredor-bioceanico-organizo-la-jornada-de-transporte-terrestre-turistico-binacional\/"},"author":{"name":"BRAIAN ESTEVEZ","@id":"https:\/\/patagoniambiental.com.ar\/info\/#\/schema\/person\/e5af09d700b2e82cb10c6b8800e0c691"},"headline":"El Corredor Bioce\u00e1nico organizo la Jornada de Transporte Terrestre Tur\u00edstico Binacional","datePublished":"2022-07-12T10:00:00+00:00","dateModified":"2022-07-13T11:47:11+00:00","mainEntityOfPage":{"@id":"https:\/\/patagoniambiental.com.ar\/info\/el-corredor-bioceanico-organizo-la-jornada-de-transporte-terrestre-turistico-binacional\/"},"wordCount":578,"commentCount":0,"publisher":{"@id":"https:\/\/patagoniambiental.com.ar\/info\/#organization"},"image":{"@id":"https:\/\/patagoniambiental.com.ar\/info\/el-corredor-bioceanico-organizo-la-jornada-de-transporte-terrestre-turistico-binacional\/#primaryimage"},"thumbnailUrl":"https:\/\/patagoniambiental.com.ar\/info\/wp-content\/uploads\/2022\/07\/3456.jpeg","articleSection":["Noticias"],"inLanguage":"es","potentialAction":[{"@type":"CommentAction","name":"Comment","target":["https:\/\/patagoniambiental.com.ar\/info\/el-corredor-bioceanico-organizo-la-jornada-de-transporte-terrestre-turistico-binacional\/#respond"]}]},{"@type":"WebPage","@id":"https:\/\/patagoniambiental.com.ar\/info\/el-corredor-bioceanico-organizo-la-jornada-de-transporte-terrestre-turistico-binacional\/","url":"https:\/\/patagoniambiental.com.ar\/info\/el-corredor-bioceanico-organizo-la-jornada-de-transporte-terrestre-turistico-binacional\/","name":"El Corredor Bioce\u00e1nico organizo la Jornada de Transporte Terrestre Tur\u00edstico Binacional","isPartOf":{"@id":"https:\/\/patagoniambiental.com.ar\/info\/#website"},"primaryImageOfPage":{"@id":"https:\/\/patagoniambiental.com.ar\/info\/el-corredor-bioceanico-organizo-la-jornada-de-transporte-terrestre-turistico-binacional\/#primaryimage"},"image":{"@id":"https:\/\/patagoniambiental.com.ar\/info\/el-corredor-bioceanico-organizo-la-jornada-de-transporte-terrestre-turistico-binacional\/#primaryimage"},"thumbnailUrl":"https:\/\/patagoniambiental.com.ar\/info\/wp-content\/uploads\/2022\/07\/3456.jpeg","datePublished":"2022-07-12T10:00:00+00:00","dateModified":"2022-07-13T11:47:11+00:00","breadcrumb":{"@id":"https:\/\/patagoniambiental.com.ar\/info\/el-corredor-bioceanico-organizo-la-jornada-de-transporte-terrestre-turistico-binacional\/#breadcrumb"},"inLanguage":"es","potentialAction":[{"@type":"ReadAction","target":["https:\/\/patagoniambiental.com.ar\/info\/el-corredor-bioceanico-organizo-la-jornada-de-transporte-terrestre-turistico-binacional\/"]}]},{"@type":"ImageObject","inLanguage":"es","@id":"https:\/\/patagoniambiental.com.ar\/info\/el-corredor-bioceanico-organizo-la-jornada-de-transporte-terrestre-turistico-binacional\/#primaryimage","url":"https:\/\/patagoniambiental.com.ar\/info\/wp-content\/uploads\/2022\/07\/3456.jpeg","contentUrl":"https:\/\/patagoniambiental.com.ar\/info\/wp-content\/uploads\/2022\/07\/3456.jpeg","width":1200,"height":540},{"@type":"BreadcrumbList","@id":"https:\/\/patagoniambiental.com.ar\/info\/el-corredor-bioceanico-organizo-la-jornada-de-transporte-terrestre-turistico-binacional\/#breadcrumb","itemListElement":[{"@type":"ListItem","position":1,"name":"Inicio","item":"https:\/\/patagoniambiental.com.ar\/info\/"},{"@type":"ListItem","position":2,"name":"El Corredor Bioce\u00e1nico organizo la Jornada de Transporte Terrestre Tur\u00edstico Binacional"}]},{"@type":"WebSite","@id":"https:\/\/patagoniambiental.com.ar\/info\/#website","url":"https:\/\/patagoniambiental.com.ar\/info\/","name":"Patagonia Ambiental","description":"Monitoreo y an\u00e1lisis de la situaci\u00f3n geopol\u00edtica en el mundo y su implicancia en la Patagonia","publisher":{"@id":"https:\/\/patagoniambiental.com.ar\/info\/#organization"},"potentialAction":[{"@type":"SearchAction","target":{"@type":"EntryPoint","urlTemplate":"https:\/\/patagoniambiental.com.ar\/info\/?s={search_term_string}"},"query-input":{"@type":"PropertyValueSpecification","valueRequired":true,"valueName":"search_term_string"}}],"inLanguage":"es"},{"@type":"Organization","@id":"https:\/\/patagoniambiental.com.ar\/info\/#organization","name":"Patagonia Ambiental","url":"https:\/\/patagoniambiental.com.ar\/info\/","logo":{"@type":"ImageObject","inLanguage":"es","@id":"https:\/\/patagoniambiental.com.ar\/info\/#\/schema\/logo\/image\/","url":"https:\/\/patagoniambiental.com.ar\/info\/wp-content\/uploads\/2025\/05\/LOGO-PATAGONIA-AMBIENTAL.png","contentUrl":"https:\/\/patagoniambiental.com.ar\/info\/wp-content\/uploads\/2025\/05\/LOGO-PATAGONIA-AMBIENTAL.png","width":433,"height":250,"caption":"Patagonia Ambiental"},"image":{"@id":"https:\/\/patagoniambiental.com.ar\/info\/#\/schema\/logo\/image\/"},"sameAs":["https:\/\/www.facebook.com\/patagonia.ambiental","https:\/\/x.com\/PatAmb"]},{"@type":"Person","@id":"https:\/\/patagoniambiental.com.ar\/info\/#\/schema\/person\/e5af09d700b2e82cb10c6b8800e0c691","name":"BRAIAN ESTEVEZ","sameAs":["http:\/\/www.patagoniambiental.com.ar"]}]}},"_links":{"self":[{"href":"https:\/\/patagoniambiental.com.ar\/info\/wp-json\/wp\/v2\/posts\/76087","targetHints":{"allow":["GET"]}}],"collection":[{"href":"https:\/\/patagoniambiental.com.ar\/info\/wp-json\/wp\/v2\/posts"}],"about":[{"href":"https:\/\/patagoniambiental.com.ar\/info\/wp-json\/wp\/v2\/types\/post"}],"author":[{"embeddable":true,"href":"https:\/\/patagoniambiental.com.ar\/info\/wp-json\/wp\/v2\/users\/6"}],"replies":[{"embeddable":true,"href":"https:\/\/patagoniambiental.com.ar\/info\/wp-json\/wp\/v2\/comments?post=76087"}],"version-history":[{"count":0,"href":"https:\/\/patagoniambiental.com.ar\/info\/wp-json\/wp\/v2\/posts\/76087\/revisions"}],"wp:featuredmedia":[{"embeddable":true,"href":"https:\/\/patagoniambiental.com.ar\/info\/wp-json\/wp\/v2\/media\/76088"}],"wp:attachment":[{"href":"https:\/\/patagoniambiental.com.ar\/info\/wp-json\/wp\/v2\/media?parent=76087"}],"wp:term":[{"taxonomy":"category","embeddable":true,"href":"https:\/\/patagoniambiental.com.ar\/info\/wp-json\/wp\/v2\/categories?post=76087"},{"taxonomy":"post_tag","embeddable":true,"href":"https:\/\/patagoniambiental.com.ar\/info\/wp-json\/wp\/v2\/tags?post=76087"}],"curies":[{"name":"wp","href":"https:\/\/api.w.org\/{rel}","templated":true}]}}