{"id":76090,"date":"2022-07-13T07:00:00","date_gmt":"2022-07-13T10:00:00","guid":{"rendered":"http:\/\/patagoniambiental.com.ar\/info\/?p=76090"},"modified":"2022-07-13T08:52:28","modified_gmt":"2022-07-13T11:52:28","slug":"se-inaugura-la-excursion-turistica-nocturna-en-tren-desde-bariloche-a-la-estacion-perito-moreno","status":"publish","type":"post","link":"https:\/\/patagoniambiental.com.ar\/info\/se-inaugura-la-excursion-turistica-nocturna-en-tren-desde-bariloche-a-la-estacion-perito-moreno\/","title":{"rendered":"Se inaugura la excursi\u00f3n tur\u00edstica nocturna en tren desde Bariloche a la estaci\u00f3n Perito Moreno"},"content":{"rendered":"\n<!--more-->\n\n\n\n<h4 class=\"wp-block-heading\">La empresa estatal Tren Patag\u00f3nico S.A. realizar\u00e1 este mi\u00e9rcoles el viaje inaugural de la innovadora traves\u00eda en tren hacia la estaci\u00f3n Perito Moreno, ubicada a 30 kil\u00f3metros en proximidades del paraje rionegrino Laguna de los Juncos en la zona andina.<\/h4>\n\n\n\n<h6 class=\"wp-block-heading\">Fecha: <strong>13 de julio de 2022<\/strong><\/h6>\n\n\n\n<p><img decoding=\"async\" alt=\"\" src=\"https:\/\/prensa.rionegro.gov.ar\/_next\/image?url=https%3A%2F%2Fsilvercoder.rionegro.gov.ar%2Ffiles%2F1657711505_a2ddde56928711403a10.jpg&amp;w=3840&amp;q=75\" srcset=\"\/_next\/image?url=https%3A%2F%2Fsilvercoder.rionegro.gov.ar%2Ffiles%2F1657711505_a2ddde56928711403a10.jpg&amp;w=640&amp;q=75 640w, \/_next\/image?url=https%3A%2F%2Fsilvercoder.rionegro.gov.ar%2Ffiles%2F1657711505_a2ddde56928711403a10.jpg&amp;w=750&amp;q=75 750w, \/_next\/image?url=https%3A%2F%2Fsilvercoder.rionegro.gov.ar%2Ffiles%2F1657711505_a2ddde56928711403a10.jpg&amp;w=828&amp;q=75 828w, \/_next\/image?url=https%3A%2F%2Fsilvercoder.rionegro.gov.ar%2Ffiles%2F1657711505_a2ddde56928711403a10.jpg&amp;w=1080&amp;q=75 1080w, \/_next\/image?url=https%3A%2F%2Fsilvercoder.rionegro.gov.ar%2Ffiles%2F1657711505_a2ddde56928711403a10.jpg&amp;w=1200&amp;q=75 1200w, \/_next\/image?url=https%3A%2F%2Fsilvercoder.rionegro.gov.ar%2Ffiles%2F1657711505_a2ddde56928711403a10.jpg&amp;w=1920&amp;q=75 1920w, \/_next\/image?url=https%3A%2F%2Fsilvercoder.rionegro.gov.ar%2Ffiles%2F1657711505_a2ddde56928711403a10.jpg&amp;w=2048&amp;q=75 2048w, \/_next\/image?url=https%3A%2F%2Fsilvercoder.rionegro.gov.ar%2Ffiles%2F1657711505_a2ddde56928711403a10.jpg&amp;w=3840&amp;q=75 3840w\"> Nueva excursi\u00f3n nocturna en tren.Cr\u00e9dito: Gobierno de R\u00edo Negro<\/p>\n\n\n\n<p>La excursi\u00f3n completa tendr\u00e1 una frecuencia de dos salidas semanales y consta del traslado en la formaci\u00f3n Materfer con capacidad para 120 personas y una exquisita cena con los mejores sabores rionegrinos.<\/p>\n\n\n\n<p>En esta oportunidad, la primera salida contar\u00e1 con la presencia de autoridades, representantes de agencias de viajes y periodistas que retratar\u00e1n la experiencia para ser replicada en los medios de comunicaci\u00f3n. El cronograma continuar\u00e1 desde la pr\u00f3xima semana y durante el invierno como una excelente oferta destinada a las y los turistas que copan los destinos cordilleranos.<\/p>\n\n\n\n<figure class=\"wp-block-image\"><img decoding=\"async\" src=\"https:\/\/silvercoder.rionegro.gov.ar\/files\/1657711578_1bce9f26779e851e0edd.jpg\" alt=\"\"\/><\/figure>\n\n\n\n<p><strong>\u00bfC\u00f3mo ser\u00e1 la experiencia del tren nocturno?&nbsp;<\/strong><\/p>\n\n\n\n<p>Este viaje se realizar\u00e1 todos los mi\u00e9rcoles y jueves, a partir del 20 de julio, partiendo de la Estaci\u00f3n Ferrocarril Bariloche a las 18.15 y llegando a la Estaci\u00f3n Perito Moreno a las 19.06. All\u00ed las y los pasajeros ser\u00e1n recibidos por mozos y mozas en la Casa de T\u00e9 de la Estaci\u00f3n con vino caliente y canap\u00e9s, a lo que seguidamente se trasladar\u00e1n al Quincho donde los esperar\u00e1 la cena que consta de asado, cordero y empanadas con una guarnici\u00f3n de ensalada, tortas fritas o papas fritas y flan de postre. Mientras que, para aquellos que lo deseen, habr\u00e1 disponibles men\u00fas de car\u00e1cter vegetariano, vegano y cel\u00edaco.<\/p>\n\n\n\n<p>A las 21.50 se da por finalizada la cena y a las 22.30 se parte de nuevo hacia Bariloche, llegando a la estaci\u00f3n de la ciudad cordillerana a las 23.21 horas. De as\u00ed desearlo, los y las visitantes podr\u00e1n degustar de caf\u00e9, chocolate caliente, t\u00e9 y tortas en la Casa de T\u00e9 mientras esperan que comience el viaje de retorno.<\/p>\n\n\n\n<p>A pesar de realizarse durante el invierno, la experiencia ser\u00e1 muy reconfortante ya que la formaci\u00f3n es moderna y cuenta con todos los servicios.&nbsp; Se trata del tren Materfer, una de las maquinarias m\u00e1s modernas que existen, adquirida por el Gobierno de R\u00edo Negro en 2018 con capacidad para 106 pasajeros y equipado con ba\u00f1os, aire acondicionado y calefacci\u00f3n.&nbsp;<\/p>\n\n\n\n<p><strong>La hist\u00f3rica estaci\u00f3n Perito Moreno vuelve a cobrar vida<\/strong><\/p>\n\n\n\n<p>Testigo de cientos de historias, centinela del lugar y due\u00f1a de una belleza incomparable, la estaci\u00f3n Perito Moreno resisti\u00f3 el paso del tiempo, el deterioro y el abandono durante d\u00e9cadas. Desde este mes, el and\u00e9n recibir\u00e1 nuevamente a las y los turistas que busquen disfrutar de una noche cargada de historia y la calidez del lugar, rodeado por la laguna Los Juncos.<\/p>\n\n\n\n<p>El viejo edificio fue una parada obligada para los servicios ferroviarios de carga y transporte de pasajeros que llegaban de todo el mundo a Bariloche en los a\u00f1os dorados del tren. Luego de quedar en el olvido, tras el cierre de la empresa en la d\u00e9cada de los 90, se concesion\u00f3 el lugar en 2015 para reconvertir su funcionamiento y actualmente funciona como casa de t\u00e9. La vieja estaci\u00f3n se benefici\u00f3 con importantes mejoras que permitieron desarrollarse como un agradable espacio para turistas y diversas actividades que permitieron el crecimiento de la comunidad.<\/p>\n\n\n\n<figure class=\"wp-block-image\"><img decoding=\"async\" src=\"https:\/\/silvercoder.rionegro.gov.ar\/files\/1657711642_b7887f5bcb5d1c44319c.png\" alt=\"\"\/><\/figure>\n\n\n\n<p><strong>La super luna llena ser\u00e1 la compa\u00f1\u00eda ideal para este viaje \u00e9pico<\/strong><\/p>\n\n\n\n<p>Un tren surcando la cordillera, una vieja estaci\u00f3n en el paisaje estepario, las llamas del fuego que cocinan un manjar patag\u00f3nico y una gran luna llena que ilumina el paisaje, parecen ser los condimentos ideales para una noche inolvidable. Es as\u00ed que este viaje inaugural se ver\u00e1 engalanado por el fen\u00f3meno astron\u00f3mico m\u00e1s importante de 2022 con la presencia de la m\u00edstica Superluna de Ciervo que se impondr\u00e1 en el cielo este pr\u00f3ximo mi\u00e9rcoles 13.<\/p>\n\n\n\n<p>Este acontecimiento natural ser\u00e1 el segundo del a\u00f1o y permitir\u00e1 ver a la luna m\u00e1s grande y m\u00e1s brillante de este 2022 debido a su formaci\u00f3n en el perigeo y una incre\u00edble ubicaci\u00f3n a 357.418 kil\u00f3metros de nuestro planeta, dej\u00e1ndose ver en un 30% m\u00e1s grande que el resto de lunas llenas del a\u00f1o, garantizando una noche perfecta.<\/p>\n","protected":false},"excerpt":{"rendered":"","protected":false},"author":6,"featured_media":76091,"comment_status":"open","ping_status":"open","sticky":false,"template":"","format":"standard","meta":{"site-sidebar-layout":"default","site-content-layout":"","ast-site-content-layout":"default","site-content-style":"default","site-sidebar-style":"default","ast-global-header-display":"","ast-banner-title-visibility":"","ast-main-header-display":"","ast-hfb-above-header-display":"","ast-hfb-below-header-display":"","ast-hfb-mobile-header-display":"","site-post-title":"","ast-breadcrumbs-content":"","ast-featured-img":"","footer-sml-layout":"","ast-disable-related-posts":"","theme-transparent-header-meta":"","adv-header-id-meta":"","stick-header-meta":"","header-above-stick-meta":"","header-main-stick-meta":"","header-below-stick-meta":"","astra-migrate-meta-layouts":"default","ast-page-background-enabled":"default","ast-page-background-meta":{"desktop":{"background-color":"var(--ast-global-color-5)","background-image":"","background-repeat":"repeat","background-position":"center center","background-size":"auto","background-attachment":"scroll","background-type":"","background-media":"","overlay-type":"","overlay-color":"","overlay-opacity":"","overlay-gradient":""},"tablet":{"background-color":"","background-image":"","background-repeat":"repeat","background-position":"center center","background-size":"auto","background-attachment":"scroll","background-type":"","background-media":"","overlay-type":"","overlay-color":"","overlay-opacity":"","overlay-gradient":""},"mobile":{"background-color":"","background-image":"","background-repeat":"repeat","background-position":"center center","background-size":"auto","background-attachment":"scroll","background-type":"","background-media":"","overlay-type":"","overlay-color":"","overlay-opacity":"","overlay-gradient":""}},"ast-content-background-meta":{"desktop":{"background-color":"var(--ast-global-color-4)","background-image":"","background-repeat":"repeat","background-position":"center center","background-size":"auto","background-attachment":"scroll","background-type":"","background-media":"","overlay-type":"","overlay-color":"","overlay-opacity":"","overlay-gradient":""},"tablet":{"background-color":"var(--ast-global-color-4)","background-image":"","background-repeat":"repeat","background-position":"center center","background-size":"auto","background-attachment":"scroll","background-type":"","background-media":"","overlay-type":"","overlay-color":"","overlay-opacity":"","overlay-gradient":""},"mobile":{"background-color":"var(--ast-global-color-4)","background-image":"","background-repeat":"repeat","background-position":"center center","background-size":"auto","background-attachment":"scroll","background-type":"","background-media":"","overlay-type":"","overlay-color":"","overlay-opacity":"","overlay-gradient":""}},"footnotes":""},"categories":[11,1,13,14,10],"tags":[],"class_list":["post-76090","post","type-post","status-publish","format-standard","has-post-thumbnail","hentry","category-boletin","category-noticias","category-provinciales","category-rio-negro","category-rotador"],"yoast_head":"<!-- This site is optimized with the Yoast SEO Premium plugin v23.0 (Yoast SEO v27.5) - https:\/\/yoast.com\/product\/yoast-seo-premium-wordpress\/ -->\n<title>Se inaugura la excursi\u00f3n tur\u00edstica nocturna en tren desde Bariloche a la estaci\u00f3n Perito Moreno<\/title>\n<meta name=\"robots\" content=\"index, follow, max-snippet:-1, max-image-preview:large, max-video-preview:-1\" \/>\n<link rel=\"canonical\" href=\"https:\/\/patagoniambiental.com.ar\/info\/se-inaugura-la-excursion-turistica-nocturna-en-tren-desde-bariloche-a-la-estacion-perito-moreno\/\" \/>\n<meta property=\"og:locale\" content=\"es_ES\" \/>\n<meta property=\"og:type\" content=\"article\" \/>\n<meta property=\"og:title\" content=\"Se inaugura la excursi\u00f3n tur\u00edstica nocturna en tren desde Bariloche a la estaci\u00f3n Perito Moreno\" \/>\n<meta property=\"og:url\" content=\"https:\/\/patagoniambiental.com.ar\/info\/se-inaugura-la-excursion-turistica-nocturna-en-tren-desde-bariloche-a-la-estacion-perito-moreno\/\" \/>\n<meta property=\"og:site_name\" content=\"Patagonia Ambiental\" \/>\n<meta property=\"article:publisher\" content=\"https:\/\/www.facebook.com\/patagonia.ambiental\" \/>\n<meta property=\"article:published_time\" content=\"2022-07-13T10:00:00+00:00\" \/>\n<meta property=\"article:modified_time\" content=\"2022-07-13T11:52:28+00:00\" \/>\n<meta property=\"og:image\" content=\"https:\/\/patagoniambiental.com.ar\/info\/wp-content\/uploads\/2022\/07\/1657711578_1bce9f26779e851e0edd.jpg\" \/>\n\t<meta property=\"og:image:width\" content=\"1240\" \/>\n\t<meta property=\"og:image:height\" content=\"1240\" \/>\n\t<meta property=\"og:image:type\" content=\"image\/jpeg\" \/>\n<meta name=\"author\" content=\"BRAIAN ESTEVEZ\" \/>\n<meta name=\"twitter:card\" content=\"summary_large_image\" \/>\n<meta name=\"twitter:creator\" content=\"@PatAmb\" \/>\n<meta name=\"twitter:site\" content=\"@PatAmb\" \/>\n<script type=\"application\/ld+json\" class=\"yoast-schema-graph\">{\"@context\":\"https:\\\/\\\/schema.org\",\"@graph\":[{\"@type\":\"Article\",\"@id\":\"https:\\\/\\\/patagoniambiental.com.ar\\\/info\\\/se-inaugura-la-excursion-turistica-nocturna-en-tren-desde-bariloche-a-la-estacion-perito-moreno\\\/#article\",\"isPartOf\":{\"@id\":\"https:\\\/\\\/patagoniambiental.com.ar\\\/info\\\/se-inaugura-la-excursion-turistica-nocturna-en-tren-desde-bariloche-a-la-estacion-perito-moreno\\\/\"},\"author\":{\"name\":\"BRAIAN ESTEVEZ\",\"@id\":\"https:\\\/\\\/patagoniambiental.com.ar\\\/info\\\/#\\\/schema\\\/person\\\/e5af09d700b2e82cb10c6b8800e0c691\"},\"headline\":\"Se inaugura la excursi\u00f3n tur\u00edstica nocturna en tren desde Bariloche a la estaci\u00f3n Perito Moreno\",\"datePublished\":\"2022-07-13T10:00:00+00:00\",\"dateModified\":\"2022-07-13T11:52:28+00:00\",\"mainEntityOfPage\":{\"@id\":\"https:\\\/\\\/patagoniambiental.com.ar\\\/info\\\/se-inaugura-la-excursion-turistica-nocturna-en-tren-desde-bariloche-a-la-estacion-perito-moreno\\\/\"},\"wordCount\":751,\"commentCount\":0,\"publisher\":{\"@id\":\"https:\\\/\\\/patagoniambiental.com.ar\\\/info\\\/#organization\"},\"image\":{\"@id\":\"https:\\\/\\\/patagoniambiental.com.ar\\\/info\\\/se-inaugura-la-excursion-turistica-nocturna-en-tren-desde-bariloche-a-la-estacion-perito-moreno\\\/#primaryimage\"},\"thumbnailUrl\":\"https:\\\/\\\/patagoniambiental.com.ar\\\/info\\\/wp-content\\\/uploads\\\/2022\\\/07\\\/1657711578_1bce9f26779e851e0edd.jpg\",\"articleSection\":[\"Bolet\u00edn\",\"Noticias\",\"Provinciales\",\"R\u00edo Negro\",\"Rotador\"],\"inLanguage\":\"es\",\"potentialAction\":[{\"@type\":\"CommentAction\",\"name\":\"Comment\",\"target\":[\"https:\\\/\\\/patagoniambiental.com.ar\\\/info\\\/se-inaugura-la-excursion-turistica-nocturna-en-tren-desde-bariloche-a-la-estacion-perito-moreno\\\/#respond\"]}]},{\"@type\":\"WebPage\",\"@id\":\"https:\\\/\\\/patagoniambiental.com.ar\\\/info\\\/se-inaugura-la-excursion-turistica-nocturna-en-tren-desde-bariloche-a-la-estacion-perito-moreno\\\/\",\"url\":\"https:\\\/\\\/patagoniambiental.com.ar\\\/info\\\/se-inaugura-la-excursion-turistica-nocturna-en-tren-desde-bariloche-a-la-estacion-perito-moreno\\\/\",\"name\":\"Se inaugura la excursi\u00f3n tur\u00edstica nocturna en tren desde Bariloche a la estaci\u00f3n Perito Moreno\",\"isPartOf\":{\"@id\":\"https:\\\/\\\/patagoniambiental.com.ar\\\/info\\\/#website\"},\"primaryImageOfPage\":{\"@id\":\"https:\\\/\\\/patagoniambiental.com.ar\\\/info\\\/se-inaugura-la-excursion-turistica-nocturna-en-tren-desde-bariloche-a-la-estacion-perito-moreno\\\/#primaryimage\"},\"image\":{\"@id\":\"https:\\\/\\\/patagoniambiental.com.ar\\\/info\\\/se-inaugura-la-excursion-turistica-nocturna-en-tren-desde-bariloche-a-la-estacion-perito-moreno\\\/#primaryimage\"},\"thumbnailUrl\":\"https:\\\/\\\/patagoniambiental.com.ar\\\/info\\\/wp-content\\\/uploads\\\/2022\\\/07\\\/1657711578_1bce9f26779e851e0edd.jpg\",\"datePublished\":\"2022-07-13T10:00:00+00:00\",\"dateModified\":\"2022-07-13T11:52:28+00:00\",\"breadcrumb\":{\"@id\":\"https:\\\/\\\/patagoniambiental.com.ar\\\/info\\\/se-inaugura-la-excursion-turistica-nocturna-en-tren-desde-bariloche-a-la-estacion-perito-moreno\\\/#breadcrumb\"},\"inLanguage\":\"es\",\"potentialAction\":[{\"@type\":\"ReadAction\",\"target\":[\"https:\\\/\\\/patagoniambiental.com.ar\\\/info\\\/se-inaugura-la-excursion-turistica-nocturna-en-tren-desde-bariloche-a-la-estacion-perito-moreno\\\/\"]}]},{\"@type\":\"ImageObject\",\"inLanguage\":\"es\",\"@id\":\"https:\\\/\\\/patagoniambiental.com.ar\\\/info\\\/se-inaugura-la-excursion-turistica-nocturna-en-tren-desde-bariloche-a-la-estacion-perito-moreno\\\/#primaryimage\",\"url\":\"https:\\\/\\\/patagoniambiental.com.ar\\\/info\\\/wp-content\\\/uploads\\\/2022\\\/07\\\/1657711578_1bce9f26779e851e0edd.jpg\",\"contentUrl\":\"https:\\\/\\\/patagoniambiental.com.ar\\\/info\\\/wp-content\\\/uploads\\\/2022\\\/07\\\/1657711578_1bce9f26779e851e0edd.jpg\",\"width\":600,\"height\":600},{\"@type\":\"BreadcrumbList\",\"@id\":\"https:\\\/\\\/patagoniambiental.com.ar\\\/info\\\/se-inaugura-la-excursion-turistica-nocturna-en-tren-desde-bariloche-a-la-estacion-perito-moreno\\\/#breadcrumb\",\"itemListElement\":[{\"@type\":\"ListItem\",\"position\":1,\"name\":\"Inicio\",\"item\":\"https:\\\/\\\/patagoniambiental.com.ar\\\/info\\\/\"},{\"@type\":\"ListItem\",\"position\":2,\"name\":\"Se inaugura la excursi\u00f3n tur\u00edstica nocturna en tren desde Bariloche a la estaci\u00f3n Perito Moreno\"}]},{\"@type\":\"WebSite\",\"@id\":\"https:\\\/\\\/patagoniambiental.com.ar\\\/info\\\/#website\",\"url\":\"https:\\\/\\\/patagoniambiental.com.ar\\\/info\\\/\",\"name\":\"Patagonia Ambiental\",\"description\":\"Monitoreo y an\u00e1lisis de la situaci\u00f3n geopol\u00edtica en el mundo y su implicancia en la Patagonia\",\"publisher\":{\"@id\":\"https:\\\/\\\/patagoniambiental.com.ar\\\/info\\\/#organization\"},\"potentialAction\":[{\"@type\":\"SearchAction\",\"target\":{\"@type\":\"EntryPoint\",\"urlTemplate\":\"https:\\\/\\\/patagoniambiental.com.ar\\\/info\\\/?s={search_term_string}\"},\"query-input\":{\"@type\":\"PropertyValueSpecification\",\"valueRequired\":true,\"valueName\":\"search_term_string\"}}],\"inLanguage\":\"es\"},{\"@type\":\"Organization\",\"@id\":\"https:\\\/\\\/patagoniambiental.com.ar\\\/info\\\/#organization\",\"name\":\"Patagonia Ambiental\",\"url\":\"https:\\\/\\\/patagoniambiental.com.ar\\\/info\\\/\",\"logo\":{\"@type\":\"ImageObject\",\"inLanguage\":\"es\",\"@id\":\"https:\\\/\\\/patagoniambiental.com.ar\\\/info\\\/#\\\/schema\\\/logo\\\/image\\\/\",\"url\":\"https:\\\/\\\/patagoniambiental.com.ar\\\/info\\\/wp-content\\\/uploads\\\/2025\\\/05\\\/LOGO-PATAGONIA-AMBIENTAL.png\",\"contentUrl\":\"https:\\\/\\\/patagoniambiental.com.ar\\\/info\\\/wp-content\\\/uploads\\\/2025\\\/05\\\/LOGO-PATAGONIA-AMBIENTAL.png\",\"width\":433,\"height\":250,\"caption\":\"Patagonia Ambiental\"},\"image\":{\"@id\":\"https:\\\/\\\/patagoniambiental.com.ar\\\/info\\\/#\\\/schema\\\/logo\\\/image\\\/\"},\"sameAs\":[\"https:\\\/\\\/www.facebook.com\\\/patagonia.ambiental\",\"https:\\\/\\\/x.com\\\/PatAmb\"]},{\"@type\":\"Person\",\"@id\":\"https:\\\/\\\/patagoniambiental.com.ar\\\/info\\\/#\\\/schema\\\/person\\\/e5af09d700b2e82cb10c6b8800e0c691\",\"name\":\"BRAIAN ESTEVEZ\",\"sameAs\":[\"http:\\\/\\\/www.patagoniambiental.com.ar\"]}]}<\/script>\n<!-- \/ Yoast SEO Premium plugin. -->","yoast_head_json":{"title":"Se inaugura la excursi\u00f3n tur\u00edstica nocturna en tren desde Bariloche a la estaci\u00f3n Perito Moreno","robots":{"index":"index","follow":"follow","max-snippet":"max-snippet:-1","max-image-preview":"max-image-preview:large","max-video-preview":"max-video-preview:-1"},"canonical":"https:\/\/patagoniambiental.com.ar\/info\/se-inaugura-la-excursion-turistica-nocturna-en-tren-desde-bariloche-a-la-estacion-perito-moreno\/","og_locale":"es_ES","og_type":"article","og_title":"Se inaugura la excursi\u00f3n tur\u00edstica nocturna en tren desde Bariloche a la estaci\u00f3n Perito Moreno","og_url":"https:\/\/patagoniambiental.com.ar\/info\/se-inaugura-la-excursion-turistica-nocturna-en-tren-desde-bariloche-a-la-estacion-perito-moreno\/","og_site_name":"Patagonia Ambiental","article_publisher":"https:\/\/www.facebook.com\/patagonia.ambiental","article_published_time":"2022-07-13T10:00:00+00:00","article_modified_time":"2022-07-13T11:52:28+00:00","og_image":[{"width":1240,"height":1240,"url":"https:\/\/patagoniambiental.com.ar\/info\/wp-content\/uploads\/2022\/07\/1657711578_1bce9f26779e851e0edd.jpg","type":"image\/jpeg"}],"author":"BRAIAN ESTEVEZ","twitter_card":"summary_large_image","twitter_creator":"@PatAmb","twitter_site":"@PatAmb","schema":{"@context":"https:\/\/schema.org","@graph":[{"@type":"Article","@id":"https:\/\/patagoniambiental.com.ar\/info\/se-inaugura-la-excursion-turistica-nocturna-en-tren-desde-bariloche-a-la-estacion-perito-moreno\/#article","isPartOf":{"@id":"https:\/\/patagoniambiental.com.ar\/info\/se-inaugura-la-excursion-turistica-nocturna-en-tren-desde-bariloche-a-la-estacion-perito-moreno\/"},"author":{"name":"BRAIAN ESTEVEZ","@id":"https:\/\/patagoniambiental.com.ar\/info\/#\/schema\/person\/e5af09d700b2e82cb10c6b8800e0c691"},"headline":"Se inaugura la excursi\u00f3n tur\u00edstica nocturna en tren desde Bariloche a la estaci\u00f3n Perito Moreno","datePublished":"2022-07-13T10:00:00+00:00","dateModified":"2022-07-13T11:52:28+00:00","mainEntityOfPage":{"@id":"https:\/\/patagoniambiental.com.ar\/info\/se-inaugura-la-excursion-turistica-nocturna-en-tren-desde-bariloche-a-la-estacion-perito-moreno\/"},"wordCount":751,"commentCount":0,"publisher":{"@id":"https:\/\/patagoniambiental.com.ar\/info\/#organization"},"image":{"@id":"https:\/\/patagoniambiental.com.ar\/info\/se-inaugura-la-excursion-turistica-nocturna-en-tren-desde-bariloche-a-la-estacion-perito-moreno\/#primaryimage"},"thumbnailUrl":"https:\/\/patagoniambiental.com.ar\/info\/wp-content\/uploads\/2022\/07\/1657711578_1bce9f26779e851e0edd.jpg","articleSection":["Bolet\u00edn","Noticias","Provinciales","R\u00edo Negro","Rotador"],"inLanguage":"es","potentialAction":[{"@type":"CommentAction","name":"Comment","target":["https:\/\/patagoniambiental.com.ar\/info\/se-inaugura-la-excursion-turistica-nocturna-en-tren-desde-bariloche-a-la-estacion-perito-moreno\/#respond"]}]},{"@type":"WebPage","@id":"https:\/\/patagoniambiental.com.ar\/info\/se-inaugura-la-excursion-turistica-nocturna-en-tren-desde-bariloche-a-la-estacion-perito-moreno\/","url":"https:\/\/patagoniambiental.com.ar\/info\/se-inaugura-la-excursion-turistica-nocturna-en-tren-desde-bariloche-a-la-estacion-perito-moreno\/","name":"Se inaugura la excursi\u00f3n tur\u00edstica nocturna en tren desde Bariloche a la estaci\u00f3n Perito Moreno","isPartOf":{"@id":"https:\/\/patagoniambiental.com.ar\/info\/#website"},"primaryImageOfPage":{"@id":"https:\/\/patagoniambiental.com.ar\/info\/se-inaugura-la-excursion-turistica-nocturna-en-tren-desde-bariloche-a-la-estacion-perito-moreno\/#primaryimage"},"image":{"@id":"https:\/\/patagoniambiental.com.ar\/info\/se-inaugura-la-excursion-turistica-nocturna-en-tren-desde-bariloche-a-la-estacion-perito-moreno\/#primaryimage"},"thumbnailUrl":"https:\/\/patagoniambiental.com.ar\/info\/wp-content\/uploads\/2022\/07\/1657711578_1bce9f26779e851e0edd.jpg","datePublished":"2022-07-13T10:00:00+00:00","dateModified":"2022-07-13T11:52:28+00:00","breadcrumb":{"@id":"https:\/\/patagoniambiental.com.ar\/info\/se-inaugura-la-excursion-turistica-nocturna-en-tren-desde-bariloche-a-la-estacion-perito-moreno\/#breadcrumb"},"inLanguage":"es","potentialAction":[{"@type":"ReadAction","target":["https:\/\/patagoniambiental.com.ar\/info\/se-inaugura-la-excursion-turistica-nocturna-en-tren-desde-bariloche-a-la-estacion-perito-moreno\/"]}]},{"@type":"ImageObject","inLanguage":"es","@id":"https:\/\/patagoniambiental.com.ar\/info\/se-inaugura-la-excursion-turistica-nocturna-en-tren-desde-bariloche-a-la-estacion-perito-moreno\/#primaryimage","url":"https:\/\/patagoniambiental.com.ar\/info\/wp-content\/uploads\/2022\/07\/1657711578_1bce9f26779e851e0edd.jpg","contentUrl":"https:\/\/patagoniambiental.com.ar\/info\/wp-content\/uploads\/2022\/07\/1657711578_1bce9f26779e851e0edd.jpg","width":600,"height":600},{"@type":"BreadcrumbList","@id":"https:\/\/patagoniambiental.com.ar\/info\/se-inaugura-la-excursion-turistica-nocturna-en-tren-desde-bariloche-a-la-estacion-perito-moreno\/#breadcrumb","itemListElement":[{"@type":"ListItem","position":1,"name":"Inicio","item":"https:\/\/patagoniambiental.com.ar\/info\/"},{"@type":"ListItem","position":2,"name":"Se inaugura la excursi\u00f3n tur\u00edstica nocturna en tren desde Bariloche a la estaci\u00f3n Perito Moreno"}]},{"@type":"WebSite","@id":"https:\/\/patagoniambiental.com.ar\/info\/#website","url":"https:\/\/patagoniambiental.com.ar\/info\/","name":"Patagonia Ambiental","description":"Monitoreo y an\u00e1lisis de la situaci\u00f3n geopol\u00edtica en el mundo y su implicancia en la Patagonia","publisher":{"@id":"https:\/\/patagoniambiental.com.ar\/info\/#organization"},"potentialAction":[{"@type":"SearchAction","target":{"@type":"EntryPoint","urlTemplate":"https:\/\/patagoniambiental.com.ar\/info\/?s={search_term_string}"},"query-input":{"@type":"PropertyValueSpecification","valueRequired":true,"valueName":"search_term_string"}}],"inLanguage":"es"},{"@type":"Organization","@id":"https:\/\/patagoniambiental.com.ar\/info\/#organization","name":"Patagonia Ambiental","url":"https:\/\/patagoniambiental.com.ar\/info\/","logo":{"@type":"ImageObject","inLanguage":"es","@id":"https:\/\/patagoniambiental.com.ar\/info\/#\/schema\/logo\/image\/","url":"https:\/\/patagoniambiental.com.ar\/info\/wp-content\/uploads\/2025\/05\/LOGO-PATAGONIA-AMBIENTAL.png","contentUrl":"https:\/\/patagoniambiental.com.ar\/info\/wp-content\/uploads\/2025\/05\/LOGO-PATAGONIA-AMBIENTAL.png","width":433,"height":250,"caption":"Patagonia Ambiental"},"image":{"@id":"https:\/\/patagoniambiental.com.ar\/info\/#\/schema\/logo\/image\/"},"sameAs":["https:\/\/www.facebook.com\/patagonia.ambiental","https:\/\/x.com\/PatAmb"]},{"@type":"Person","@id":"https:\/\/patagoniambiental.com.ar\/info\/#\/schema\/person\/e5af09d700b2e82cb10c6b8800e0c691","name":"BRAIAN ESTEVEZ","sameAs":["http:\/\/www.patagoniambiental.com.ar"]}]}},"_links":{"self":[{"href":"https:\/\/patagoniambiental.com.ar\/info\/wp-json\/wp\/v2\/posts\/76090","targetHints":{"allow":["GET"]}}],"collection":[{"href":"https:\/\/patagoniambiental.com.ar\/info\/wp-json\/wp\/v2\/posts"}],"about":[{"href":"https:\/\/patagoniambiental.com.ar\/info\/wp-json\/wp\/v2\/types\/post"}],"author":[{"embeddable":true,"href":"https:\/\/patagoniambiental.com.ar\/info\/wp-json\/wp\/v2\/users\/6"}],"replies":[{"embeddable":true,"href":"https:\/\/patagoniambiental.com.ar\/info\/wp-json\/wp\/v2\/comments?post=76090"}],"version-history":[{"count":0,"href":"https:\/\/patagoniambiental.com.ar\/info\/wp-json\/wp\/v2\/posts\/76090\/revisions"}],"wp:featuredmedia":[{"embeddable":true,"href":"https:\/\/patagoniambiental.com.ar\/info\/wp-json\/wp\/v2\/media\/76091"}],"wp:attachment":[{"href":"https:\/\/patagoniambiental.com.ar\/info\/wp-json\/wp\/v2\/media?parent=76090"}],"wp:term":[{"taxonomy":"category","embeddable":true,"href":"https:\/\/patagoniambiental.com.ar\/info\/wp-json\/wp\/v2\/categories?post=76090"},{"taxonomy":"post_tag","embeddable":true,"href":"https:\/\/patagoniambiental.com.ar\/info\/wp-json\/wp\/v2\/tags?post=76090"}],"curies":[{"name":"wp","href":"https:\/\/api.w.org\/{rel}","templated":true}]}}