{"id":76114,"date":"2022-07-19T19:00:00","date_gmt":"2022-07-19T22:00:00","guid":{"rendered":"http:\/\/patagoniambiental.com.ar\/info\/?p=76114"},"modified":"2022-07-20T22:26:35","modified_gmt":"2022-07-21T01:26:35","slug":"mas-conectividad-el-gobierno-de-tierra-del-fuego-firmo-un-convenio-con-arsat","status":"publish","type":"post","link":"https:\/\/patagoniambiental.com.ar\/info\/mas-conectividad-el-gobierno-de-tierra-del-fuego-firmo-un-convenio-con-arsat\/","title":{"rendered":"M\u00e1s Conectividad: El gobierno de Tierra del Fuego  firm\u00f3 un convenio con ARSAT"},"content":{"rendered":"\n<!--more-->\n\n\n\n<p><strong>Se trata de la instalaci\u00f3n de 6 nodos nuevos sobre la traza provincial y la entrega de 1000 kits de antenas para el acceso a la Televisi\u00f3n Digital Abierta.<br><br>El Gobernador Gustavo Melella junto al Presidente de la Empresa Argentina de Soluciones Satelitales Sociedad An\u00f3nima (ARSAT), Mat\u00edas Tombolini, firmaron un convenio espec\u00edfico para el despliegue, distribuci\u00f3n e instalaci\u00f3n de equipos receptores de la Televisi\u00f3n Digital Abierta.<br><br>La r\u00fabrica se realiz\u00f3 este jueves en Casa de Gobierno, con el objetivo de promover la inclusi\u00f3n social y la diversidad cultural a trav\u00e9s del acceso a la tecnolog\u00eda digital; la democratizaci\u00f3n de la informaci\u00f3n; planificar la transici\u00f3n de la televisi\u00f3n anal\u00f3gica a la digital con el fin de garantizar la adhesi\u00f3n progresiva y gratuita de todos los usuarios, entre otros.<br><br>Luego del acuerdo, el Gobernador resalt\u00f3 el trabajo conjunto con ARSAT y ponder\u00f3 que la iniciativa \u201ctiene como fin el de mejorar la conectividad de Tierra del Fuego y permitir\u00e1 la integraci\u00f3n de la provincia a la Red Federal de Fibra \u00d3ptica\u201d.<br><br>Tambi\u00e9n agreg\u00f3 que \u201ctiene que ver con el desarrollo y con un acto de soberan\u00eda; y sobre todo con una decisi\u00f3n pol\u00edtica de un Estado presente que busca crear m\u00e1s oportunidades para las argentinas, los argentinos, las fueguinas y los fueguinos. Tierra del Fuego tendr\u00e1 una conectividad con dignidad\u201d.<br><br>Adem\u00e1s plante\u00f3 que este nuevo paso, \u201ctiene que ver con acompa\u00f1ar la ampliaci\u00f3n de la matriz productiva, donde en poco tiempo el Gobierno inaugurar\u00e1 las f\u00e1bricas de talentos, las cuales funcionar\u00e1n como centros de formaci\u00f3n\u201d.<br><br>Paralelamente, el Mandatario Provincial asever\u00f3 que junto con ARSAT \u201centendimos que ten\u00edamos que dar el mejor servicio para que cada fueguino y fueguina tenga la conectividad que se merece para su vivienda, para su escuela, para su centro de salud o para su seguridad. Y tambi\u00e9n entendimos que esto deb\u00eda ir a los privados quienes han hecho una gran inversi\u00f3n\u201d.<br><br><a href=\"https:\/\/blogger.googleusercontent.com\/img\/b\/R29vZ2xl\/AVvXsEip4GB4Ygeo-xexGbhLOD18uYoMR5skCRWByIshu7swY_kCVREbmp5dXuWXHNfLM84FMcxCfc9MBFUqkdVwYl-6zmfa_y1buto9fuD15z5179uHqv_1046UdrOTOd-SzUH0ZhUjXf1IQ7kDBu_hwdYEOxYh1h0YZ1ZWFcvHhBnqQSw22dEoqYGMvHI\/s1280\/Tombolini%20y%20Melella%20en%20un%20shelter%20de%20ARSAT%20-%20TDF.jpg\" target=\"_blank\" rel=\"noreferrer noopener\"><\/a><br><br>Por su parte, Tombolini puso de relieve la ejecuci\u00f3n de la primera etapa de la obra, la que consisti\u00f3 en la instalaci\u00f3n de los shelters en distintos puntos de la provincia, para brindar internet a trav\u00e9s de la Red Federal de Fibra \u00d3ptica, \u201cdonde en pandemia ustedes tuvieron menos oportunidades que el resto de los argentinos de calidad de conexi\u00f3n; pero esta saturaci\u00f3n no va existir m\u00e1s\u201d.<br><br>En esa l\u00ednea destac\u00f3 que el nuevo servicio \u201cgenerar\u00e1 oportunidades de m\u00e1ximo nivel en la provincia para tomar decisiones en tiempo real; para crear automatizaci\u00f3n de procesos en las plantas fabriles; para interconectarse y mejorar el trabajo en las estancias\u201d.<br><br>ARSAT instalar\u00e1 6 nuevos nodos sobre la traza provincial, en Ushuaia, Tolhuin, R\u00edo Grande, San Sebasti\u00e1n, Estancia Cullen y Ca\u00f1ad\u00f3n Alfa; lo que suma m\u00e1s de 357km de tendido de fibra \u00f3ptica que conectar\u00e1 a casi todo el territorio.<br><br>Como parte del acuerdo, ARSAT entreg\u00f3 a la Provincia 1000 Kits, de los cuales 500 kits son satelitales y 500 kits terrestres de la Televisi\u00f3n Digital Abierta.<br><br>En ese sentido, el Mandatario Fueguino remarc\u00f3 que \u201ccon estos convenios estamos haciendo realidad la decisi\u00f3n pol\u00edtica que hemos asumido y es disminuir la brecha digital, mejorar la conectividad y lograr una inclusi\u00f3n digital de cada hogar fueguino\u201d.<br><br>Del acto particip\u00f3 el ministro Jefe de Gabinete, Agust\u00edn Tita; el secretario General de Legal y T\u00e9cnica, Jos\u00e9 Capdevila; el secretario de Infraestructura, Mat\u00edas Calderini; el secretario de Malvinas, Ant\u00e1rtida e Islas del Atl\u00e1ntico Sur y Asuntos Internacionales, Andr\u00e9s Dachary; la delegada de la Provincia de ENACOM, Paula Cat\u00e1; directores de ARSAT; legisladores provinciales; Secretarios y Subsecretarios del Ejecutivo Provincial; autoridades de la TV P\u00fablica Fueguina<br><br>Finalizada la firma de convenio, el Gobernador; el Presidente de ARSAT, autoridades del Gobierno Provincial y de la empresa ARSAT, visitaron el shelter ubicado en la salida de la ciudad de Ushuaia, el cual forma parte de los trabajos realizados en materia tecnol\u00f3gica.<\/strong><\/p>\n\n\n\n<p>M\u00e1s informaci\u00f3n en:\u00a0<a href=\"https:\/\/www.latdf.com.ar\/2022\/07\/mas-conectividad-el-gobierno-provincial.html\">https:\/\/www.latdf.com.ar\/2022\/07\/mas-conectividad-el-gobierno-provincial.html<\/a><br>\u00a9 Portal La TDF<\/p>\n\n\n\n<p><\/p>\n","protected":false},"excerpt":{"rendered":"","protected":false},"author":6,"featured_media":76115,"comment_status":"open","ping_status":"open","sticky":false,"template":"","format":"standard","meta":{"site-sidebar-layout":"default","site-content-layout":"","ast-site-content-layout":"default","site-content-style":"default","site-sidebar-style":"default","ast-global-header-display":"","ast-banner-title-visibility":"","ast-main-header-display":"","ast-hfb-above-header-display":"","ast-hfb-below-header-display":"","ast-hfb-mobile-header-display":"","site-post-title":"","ast-breadcrumbs-content":"","ast-featured-img":"","footer-sml-layout":"","ast-disable-related-posts":"","theme-transparent-header-meta":"","adv-header-id-meta":"","stick-header-meta":"","header-above-stick-meta":"","header-main-stick-meta":"","header-below-stick-meta":"","astra-migrate-meta-layouts":"default","ast-page-background-enabled":"default","ast-page-background-meta":{"desktop":{"background-color":"var(--ast-global-color-5)","background-image":"","background-repeat":"repeat","background-position":"center center","background-size":"auto","background-attachment":"scroll","background-type":"","background-media":"","overlay-type":"","overlay-color":"","overlay-opacity":"","overlay-gradient":""},"tablet":{"background-color":"","background-image":"","background-repeat":"repeat","background-position":"center center","background-size":"auto","background-attachment":"scroll","background-type":"","background-media":"","overlay-type":"","overlay-color":"","overlay-opacity":"","overlay-gradient":""},"mobile":{"background-color":"","background-image":"","background-repeat":"repeat","background-position":"center center","background-size":"auto","background-attachment":"scroll","background-type":"","background-media":"","overlay-type":"","overlay-color":"","overlay-opacity":"","overlay-gradient":""}},"ast-content-background-meta":{"desktop":{"background-color":"var(--ast-global-color-4)","background-image":"","background-repeat":"repeat","background-position":"center center","background-size":"auto","background-attachment":"scroll","background-type":"","background-media":"","overlay-type":"","overlay-color":"","overlay-opacity":"","overlay-gradient":""},"tablet":{"background-color":"var(--ast-global-color-4)","background-image":"","background-repeat":"repeat","background-position":"center center","background-size":"auto","background-attachment":"scroll","background-type":"","background-media":"","overlay-type":"","overlay-color":"","overlay-opacity":"","overlay-gradient":""},"mobile":{"background-color":"var(--ast-global-color-4)","background-image":"","background-repeat":"repeat","background-position":"center center","background-size":"auto","background-attachment":"scroll","background-type":"","background-media":"","overlay-type":"","overlay-color":"","overlay-opacity":"","overlay-gradient":""}},"footnotes":""},"categories":[11,1,13,10,25],"tags":[],"class_list":["post-76114","post","type-post","status-publish","format-standard","has-post-thumbnail","hentry","category-boletin","category-noticias","category-provinciales","category-rotador","category-tierra-del-fuego"],"yoast_head":"<!-- This site is optimized with the Yoast SEO Premium plugin v23.0 (Yoast SEO v27.4) - https:\/\/yoast.com\/product\/yoast-seo-premium-wordpress\/ -->\n<title>M\u00e1s Conectividad: El gobierno de Tierra del Fuego firm\u00f3 un convenio con ARSAT<\/title>\n<meta name=\"robots\" content=\"index, follow, max-snippet:-1, max-image-preview:large, max-video-preview:-1\" \/>\n<link rel=\"canonical\" href=\"https:\/\/patagoniambiental.com.ar\/info\/mas-conectividad-el-gobierno-de-tierra-del-fuego-firmo-un-convenio-con-arsat\/\" \/>\n<meta property=\"og:locale\" content=\"es_ES\" \/>\n<meta property=\"og:type\" content=\"article\" \/>\n<meta property=\"og:title\" content=\"M\u00e1s Conectividad: El gobierno de Tierra del Fuego firm\u00f3 un convenio con ARSAT\" \/>\n<meta property=\"og:url\" content=\"https:\/\/patagoniambiental.com.ar\/info\/mas-conectividad-el-gobierno-de-tierra-del-fuego-firmo-un-convenio-con-arsat\/\" \/>\n<meta property=\"og:site_name\" content=\"Patagonia Ambiental\" \/>\n<meta property=\"article:publisher\" content=\"https:\/\/www.facebook.com\/patagonia.ambiental\" \/>\n<meta property=\"article:published_time\" content=\"2022-07-19T22:00:00+00:00\" \/>\n<meta property=\"article:modified_time\" content=\"2022-07-21T01:26:35+00:00\" \/>\n<meta property=\"og:image\" content=\"https:\/\/patagoniambiental.com.ar\/info\/wp-content\/uploads\/2022\/07\/Gustavo-Melella-Matias-Tombolini.jpg\" \/>\n\t<meta property=\"og:image:width\" content=\"600\" \/>\n\t<meta property=\"og:image:height\" content=\"400\" \/>\n\t<meta property=\"og:image:type\" content=\"image\/jpeg\" \/>\n<meta name=\"author\" content=\"BRAIAN ESTEVEZ\" \/>\n<meta name=\"twitter:card\" content=\"summary_large_image\" \/>\n<meta name=\"twitter:creator\" content=\"@PatAmb\" \/>\n<meta name=\"twitter:site\" content=\"@PatAmb\" \/>\n<script type=\"application\/ld+json\" class=\"yoast-schema-graph\">{\"@context\":\"https:\\\/\\\/schema.org\",\"@graph\":[{\"@type\":\"Article\",\"@id\":\"https:\\\/\\\/patagoniambiental.com.ar\\\/info\\\/mas-conectividad-el-gobierno-de-tierra-del-fuego-firmo-un-convenio-con-arsat\\\/#article\",\"isPartOf\":{\"@id\":\"https:\\\/\\\/patagoniambiental.com.ar\\\/info\\\/mas-conectividad-el-gobierno-de-tierra-del-fuego-firmo-un-convenio-con-arsat\\\/\"},\"author\":{\"name\":\"BRAIAN ESTEVEZ\",\"@id\":\"https:\\\/\\\/patagoniambiental.com.ar\\\/info\\\/#\\\/schema\\\/person\\\/e5af09d700b2e82cb10c6b8800e0c691\"},\"headline\":\"M\u00e1s Conectividad: El gobierno de Tierra del Fuego firm\u00f3 un convenio con ARSAT\",\"datePublished\":\"2022-07-19T22:00:00+00:00\",\"dateModified\":\"2022-07-21T01:26:35+00:00\",\"mainEntityOfPage\":{\"@id\":\"https:\\\/\\\/patagoniambiental.com.ar\\\/info\\\/mas-conectividad-el-gobierno-de-tierra-del-fuego-firmo-un-convenio-con-arsat\\\/\"},\"wordCount\":716,\"commentCount\":0,\"publisher\":{\"@id\":\"https:\\\/\\\/patagoniambiental.com.ar\\\/info\\\/#organization\"},\"image\":{\"@id\":\"https:\\\/\\\/patagoniambiental.com.ar\\\/info\\\/mas-conectividad-el-gobierno-de-tierra-del-fuego-firmo-un-convenio-con-arsat\\\/#primaryimage\"},\"thumbnailUrl\":\"https:\\\/\\\/patagoniambiental.com.ar\\\/info\\\/wp-content\\\/uploads\\\/2022\\\/07\\\/Gustavo-Melella-Matias-Tombolini.jpg\",\"articleSection\":[\"Bolet\u00edn\",\"Noticias\",\"Provinciales\",\"Rotador\",\"Tierra del Fuego\"],\"inLanguage\":\"es\",\"potentialAction\":[{\"@type\":\"CommentAction\",\"name\":\"Comment\",\"target\":[\"https:\\\/\\\/patagoniambiental.com.ar\\\/info\\\/mas-conectividad-el-gobierno-de-tierra-del-fuego-firmo-un-convenio-con-arsat\\\/#respond\"]}]},{\"@type\":\"WebPage\",\"@id\":\"https:\\\/\\\/patagoniambiental.com.ar\\\/info\\\/mas-conectividad-el-gobierno-de-tierra-del-fuego-firmo-un-convenio-con-arsat\\\/\",\"url\":\"https:\\\/\\\/patagoniambiental.com.ar\\\/info\\\/mas-conectividad-el-gobierno-de-tierra-del-fuego-firmo-un-convenio-con-arsat\\\/\",\"name\":\"M\u00e1s Conectividad: El gobierno de Tierra del Fuego firm\u00f3 un convenio con ARSAT\",\"isPartOf\":{\"@id\":\"https:\\\/\\\/patagoniambiental.com.ar\\\/info\\\/#website\"},\"primaryImageOfPage\":{\"@id\":\"https:\\\/\\\/patagoniambiental.com.ar\\\/info\\\/mas-conectividad-el-gobierno-de-tierra-del-fuego-firmo-un-convenio-con-arsat\\\/#primaryimage\"},\"image\":{\"@id\":\"https:\\\/\\\/patagoniambiental.com.ar\\\/info\\\/mas-conectividad-el-gobierno-de-tierra-del-fuego-firmo-un-convenio-con-arsat\\\/#primaryimage\"},\"thumbnailUrl\":\"https:\\\/\\\/patagoniambiental.com.ar\\\/info\\\/wp-content\\\/uploads\\\/2022\\\/07\\\/Gustavo-Melella-Matias-Tombolini.jpg\",\"datePublished\":\"2022-07-19T22:00:00+00:00\",\"dateModified\":\"2022-07-21T01:26:35+00:00\",\"breadcrumb\":{\"@id\":\"https:\\\/\\\/patagoniambiental.com.ar\\\/info\\\/mas-conectividad-el-gobierno-de-tierra-del-fuego-firmo-un-convenio-con-arsat\\\/#breadcrumb\"},\"inLanguage\":\"es\",\"potentialAction\":[{\"@type\":\"ReadAction\",\"target\":[\"https:\\\/\\\/patagoniambiental.com.ar\\\/info\\\/mas-conectividad-el-gobierno-de-tierra-del-fuego-firmo-un-convenio-con-arsat\\\/\"]}]},{\"@type\":\"ImageObject\",\"inLanguage\":\"es\",\"@id\":\"https:\\\/\\\/patagoniambiental.com.ar\\\/info\\\/mas-conectividad-el-gobierno-de-tierra-del-fuego-firmo-un-convenio-con-arsat\\\/#primaryimage\",\"url\":\"https:\\\/\\\/patagoniambiental.com.ar\\\/info\\\/wp-content\\\/uploads\\\/2022\\\/07\\\/Gustavo-Melella-Matias-Tombolini.jpg\",\"contentUrl\":\"https:\\\/\\\/patagoniambiental.com.ar\\\/info\\\/wp-content\\\/uploads\\\/2022\\\/07\\\/Gustavo-Melella-Matias-Tombolini.jpg\",\"width\":600,\"height\":400},{\"@type\":\"BreadcrumbList\",\"@id\":\"https:\\\/\\\/patagoniambiental.com.ar\\\/info\\\/mas-conectividad-el-gobierno-de-tierra-del-fuego-firmo-un-convenio-con-arsat\\\/#breadcrumb\",\"itemListElement\":[{\"@type\":\"ListItem\",\"position\":1,\"name\":\"Inicio\",\"item\":\"https:\\\/\\\/patagoniambiental.com.ar\\\/info\\\/\"},{\"@type\":\"ListItem\",\"position\":2,\"name\":\"M\u00e1s Conectividad: El gobierno de Tierra del Fuego firm\u00f3 un convenio con ARSAT\"}]},{\"@type\":\"WebSite\",\"@id\":\"https:\\\/\\\/patagoniambiental.com.ar\\\/info\\\/#website\",\"url\":\"https:\\\/\\\/patagoniambiental.com.ar\\\/info\\\/\",\"name\":\"Patagonia Ambiental\",\"description\":\"Monitoreo y an\u00e1lisis de la situaci\u00f3n geopol\u00edtica en el mundo y su implicancia en la Patagonia\",\"publisher\":{\"@id\":\"https:\\\/\\\/patagoniambiental.com.ar\\\/info\\\/#organization\"},\"potentialAction\":[{\"@type\":\"SearchAction\",\"target\":{\"@type\":\"EntryPoint\",\"urlTemplate\":\"https:\\\/\\\/patagoniambiental.com.ar\\\/info\\\/?s={search_term_string}\"},\"query-input\":{\"@type\":\"PropertyValueSpecification\",\"valueRequired\":true,\"valueName\":\"search_term_string\"}}],\"inLanguage\":\"es\"},{\"@type\":\"Organization\",\"@id\":\"https:\\\/\\\/patagoniambiental.com.ar\\\/info\\\/#organization\",\"name\":\"Patagonia Ambiental\",\"url\":\"https:\\\/\\\/patagoniambiental.com.ar\\\/info\\\/\",\"logo\":{\"@type\":\"ImageObject\",\"inLanguage\":\"es\",\"@id\":\"https:\\\/\\\/patagoniambiental.com.ar\\\/info\\\/#\\\/schema\\\/logo\\\/image\\\/\",\"url\":\"https:\\\/\\\/patagoniambiental.com.ar\\\/info\\\/wp-content\\\/uploads\\\/2025\\\/05\\\/LOGO-PATAGONIA-AMBIENTAL.png\",\"contentUrl\":\"https:\\\/\\\/patagoniambiental.com.ar\\\/info\\\/wp-content\\\/uploads\\\/2025\\\/05\\\/LOGO-PATAGONIA-AMBIENTAL.png\",\"width\":433,\"height\":250,\"caption\":\"Patagonia Ambiental\"},\"image\":{\"@id\":\"https:\\\/\\\/patagoniambiental.com.ar\\\/info\\\/#\\\/schema\\\/logo\\\/image\\\/\"},\"sameAs\":[\"https:\\\/\\\/www.facebook.com\\\/patagonia.ambiental\",\"https:\\\/\\\/x.com\\\/PatAmb\"]},{\"@type\":\"Person\",\"@id\":\"https:\\\/\\\/patagoniambiental.com.ar\\\/info\\\/#\\\/schema\\\/person\\\/e5af09d700b2e82cb10c6b8800e0c691\",\"name\":\"BRAIAN ESTEVEZ\",\"sameAs\":[\"http:\\\/\\\/www.patagoniambiental.com.ar\"]}]}<\/script>\n<!-- \/ Yoast SEO Premium plugin. -->","yoast_head_json":{"title":"M\u00e1s Conectividad: El gobierno de Tierra del Fuego firm\u00f3 un convenio con ARSAT","robots":{"index":"index","follow":"follow","max-snippet":"max-snippet:-1","max-image-preview":"max-image-preview:large","max-video-preview":"max-video-preview:-1"},"canonical":"https:\/\/patagoniambiental.com.ar\/info\/mas-conectividad-el-gobierno-de-tierra-del-fuego-firmo-un-convenio-con-arsat\/","og_locale":"es_ES","og_type":"article","og_title":"M\u00e1s Conectividad: El gobierno de Tierra del Fuego firm\u00f3 un convenio con ARSAT","og_url":"https:\/\/patagoniambiental.com.ar\/info\/mas-conectividad-el-gobierno-de-tierra-del-fuego-firmo-un-convenio-con-arsat\/","og_site_name":"Patagonia Ambiental","article_publisher":"https:\/\/www.facebook.com\/patagonia.ambiental","article_published_time":"2022-07-19T22:00:00+00:00","article_modified_time":"2022-07-21T01:26:35+00:00","og_image":[{"width":600,"height":400,"url":"https:\/\/patagoniambiental.com.ar\/info\/wp-content\/uploads\/2022\/07\/Gustavo-Melella-Matias-Tombolini.jpg","type":"image\/jpeg"}],"author":"BRAIAN ESTEVEZ","twitter_card":"summary_large_image","twitter_creator":"@PatAmb","twitter_site":"@PatAmb","schema":{"@context":"https:\/\/schema.org","@graph":[{"@type":"Article","@id":"https:\/\/patagoniambiental.com.ar\/info\/mas-conectividad-el-gobierno-de-tierra-del-fuego-firmo-un-convenio-con-arsat\/#article","isPartOf":{"@id":"https:\/\/patagoniambiental.com.ar\/info\/mas-conectividad-el-gobierno-de-tierra-del-fuego-firmo-un-convenio-con-arsat\/"},"author":{"name":"BRAIAN ESTEVEZ","@id":"https:\/\/patagoniambiental.com.ar\/info\/#\/schema\/person\/e5af09d700b2e82cb10c6b8800e0c691"},"headline":"M\u00e1s Conectividad: El gobierno de Tierra del Fuego firm\u00f3 un convenio con ARSAT","datePublished":"2022-07-19T22:00:00+00:00","dateModified":"2022-07-21T01:26:35+00:00","mainEntityOfPage":{"@id":"https:\/\/patagoniambiental.com.ar\/info\/mas-conectividad-el-gobierno-de-tierra-del-fuego-firmo-un-convenio-con-arsat\/"},"wordCount":716,"commentCount":0,"publisher":{"@id":"https:\/\/patagoniambiental.com.ar\/info\/#organization"},"image":{"@id":"https:\/\/patagoniambiental.com.ar\/info\/mas-conectividad-el-gobierno-de-tierra-del-fuego-firmo-un-convenio-con-arsat\/#primaryimage"},"thumbnailUrl":"https:\/\/patagoniambiental.com.ar\/info\/wp-content\/uploads\/2022\/07\/Gustavo-Melella-Matias-Tombolini.jpg","articleSection":["Bolet\u00edn","Noticias","Provinciales","Rotador","Tierra del Fuego"],"inLanguage":"es","potentialAction":[{"@type":"CommentAction","name":"Comment","target":["https:\/\/patagoniambiental.com.ar\/info\/mas-conectividad-el-gobierno-de-tierra-del-fuego-firmo-un-convenio-con-arsat\/#respond"]}]},{"@type":"WebPage","@id":"https:\/\/patagoniambiental.com.ar\/info\/mas-conectividad-el-gobierno-de-tierra-del-fuego-firmo-un-convenio-con-arsat\/","url":"https:\/\/patagoniambiental.com.ar\/info\/mas-conectividad-el-gobierno-de-tierra-del-fuego-firmo-un-convenio-con-arsat\/","name":"M\u00e1s Conectividad: El gobierno de Tierra del Fuego firm\u00f3 un convenio con ARSAT","isPartOf":{"@id":"https:\/\/patagoniambiental.com.ar\/info\/#website"},"primaryImageOfPage":{"@id":"https:\/\/patagoniambiental.com.ar\/info\/mas-conectividad-el-gobierno-de-tierra-del-fuego-firmo-un-convenio-con-arsat\/#primaryimage"},"image":{"@id":"https:\/\/patagoniambiental.com.ar\/info\/mas-conectividad-el-gobierno-de-tierra-del-fuego-firmo-un-convenio-con-arsat\/#primaryimage"},"thumbnailUrl":"https:\/\/patagoniambiental.com.ar\/info\/wp-content\/uploads\/2022\/07\/Gustavo-Melella-Matias-Tombolini.jpg","datePublished":"2022-07-19T22:00:00+00:00","dateModified":"2022-07-21T01:26:35+00:00","breadcrumb":{"@id":"https:\/\/patagoniambiental.com.ar\/info\/mas-conectividad-el-gobierno-de-tierra-del-fuego-firmo-un-convenio-con-arsat\/#breadcrumb"},"inLanguage":"es","potentialAction":[{"@type":"ReadAction","target":["https:\/\/patagoniambiental.com.ar\/info\/mas-conectividad-el-gobierno-de-tierra-del-fuego-firmo-un-convenio-con-arsat\/"]}]},{"@type":"ImageObject","inLanguage":"es","@id":"https:\/\/patagoniambiental.com.ar\/info\/mas-conectividad-el-gobierno-de-tierra-del-fuego-firmo-un-convenio-con-arsat\/#primaryimage","url":"https:\/\/patagoniambiental.com.ar\/info\/wp-content\/uploads\/2022\/07\/Gustavo-Melella-Matias-Tombolini.jpg","contentUrl":"https:\/\/patagoniambiental.com.ar\/info\/wp-content\/uploads\/2022\/07\/Gustavo-Melella-Matias-Tombolini.jpg","width":600,"height":400},{"@type":"BreadcrumbList","@id":"https:\/\/patagoniambiental.com.ar\/info\/mas-conectividad-el-gobierno-de-tierra-del-fuego-firmo-un-convenio-con-arsat\/#breadcrumb","itemListElement":[{"@type":"ListItem","position":1,"name":"Inicio","item":"https:\/\/patagoniambiental.com.ar\/info\/"},{"@type":"ListItem","position":2,"name":"M\u00e1s Conectividad: El gobierno de Tierra del Fuego firm\u00f3 un convenio con ARSAT"}]},{"@type":"WebSite","@id":"https:\/\/patagoniambiental.com.ar\/info\/#website","url":"https:\/\/patagoniambiental.com.ar\/info\/","name":"Patagonia Ambiental","description":"Monitoreo y an\u00e1lisis de la situaci\u00f3n geopol\u00edtica en el mundo y su implicancia en la Patagonia","publisher":{"@id":"https:\/\/patagoniambiental.com.ar\/info\/#organization"},"potentialAction":[{"@type":"SearchAction","target":{"@type":"EntryPoint","urlTemplate":"https:\/\/patagoniambiental.com.ar\/info\/?s={search_term_string}"},"query-input":{"@type":"PropertyValueSpecification","valueRequired":true,"valueName":"search_term_string"}}],"inLanguage":"es"},{"@type":"Organization","@id":"https:\/\/patagoniambiental.com.ar\/info\/#organization","name":"Patagonia Ambiental","url":"https:\/\/patagoniambiental.com.ar\/info\/","logo":{"@type":"ImageObject","inLanguage":"es","@id":"https:\/\/patagoniambiental.com.ar\/info\/#\/schema\/logo\/image\/","url":"https:\/\/patagoniambiental.com.ar\/info\/wp-content\/uploads\/2025\/05\/LOGO-PATAGONIA-AMBIENTAL.png","contentUrl":"https:\/\/patagoniambiental.com.ar\/info\/wp-content\/uploads\/2025\/05\/LOGO-PATAGONIA-AMBIENTAL.png","width":433,"height":250,"caption":"Patagonia Ambiental"},"image":{"@id":"https:\/\/patagoniambiental.com.ar\/info\/#\/schema\/logo\/image\/"},"sameAs":["https:\/\/www.facebook.com\/patagonia.ambiental","https:\/\/x.com\/PatAmb"]},{"@type":"Person","@id":"https:\/\/patagoniambiental.com.ar\/info\/#\/schema\/person\/e5af09d700b2e82cb10c6b8800e0c691","name":"BRAIAN ESTEVEZ","sameAs":["http:\/\/www.patagoniambiental.com.ar"]}]}},"_links":{"self":[{"href":"https:\/\/patagoniambiental.com.ar\/info\/wp-json\/wp\/v2\/posts\/76114","targetHints":{"allow":["GET"]}}],"collection":[{"href":"https:\/\/patagoniambiental.com.ar\/info\/wp-json\/wp\/v2\/posts"}],"about":[{"href":"https:\/\/patagoniambiental.com.ar\/info\/wp-json\/wp\/v2\/types\/post"}],"author":[{"embeddable":true,"href":"https:\/\/patagoniambiental.com.ar\/info\/wp-json\/wp\/v2\/users\/6"}],"replies":[{"embeddable":true,"href":"https:\/\/patagoniambiental.com.ar\/info\/wp-json\/wp\/v2\/comments?post=76114"}],"version-history":[{"count":0,"href":"https:\/\/patagoniambiental.com.ar\/info\/wp-json\/wp\/v2\/posts\/76114\/revisions"}],"wp:featuredmedia":[{"embeddable":true,"href":"https:\/\/patagoniambiental.com.ar\/info\/wp-json\/wp\/v2\/media\/76115"}],"wp:attachment":[{"href":"https:\/\/patagoniambiental.com.ar\/info\/wp-json\/wp\/v2\/media?parent=76114"}],"wp:term":[{"taxonomy":"category","embeddable":true,"href":"https:\/\/patagoniambiental.com.ar\/info\/wp-json\/wp\/v2\/categories?post=76114"},{"taxonomy":"post_tag","embeddable":true,"href":"https:\/\/patagoniambiental.com.ar\/info\/wp-json\/wp\/v2\/tags?post=76114"}],"curies":[{"name":"wp","href":"https:\/\/api.w.org\/{rel}","templated":true}]}}