{"id":76120,"date":"2022-07-20T19:00:00","date_gmt":"2022-07-20T22:00:00","guid":{"rendered":"http:\/\/patagoniambiental.com.ar\/info\/?p=76120"},"modified":"2022-07-21T10:06:16","modified_gmt":"2022-07-21T13:06:16","slug":"cabandie-entrego-recursos-para-el-combate-de-incendios-forestales-en-neuquen","status":"publish","type":"post","link":"https:\/\/patagoniambiental.com.ar\/info\/cabandie-entrego-recursos-para-el-combate-de-incendios-forestales-en-neuquen\/","title":{"rendered":"Cabandi\u00e9 entreg\u00f3 recursos para el combate de incendios forestales en Neuqu\u00e9n"},"content":{"rendered":"\n<!--more-->\n\n\n\n<p>El ministro de Ambiente y Desarrollo Sostenible, Juan Cabandi\u00e9, estuvo en la ciudad de Alumin\u00e9, provincia de Neuqu\u00e9n, donde entreg\u00f3 herramientas para el ataque de incendios forestales a las comunidades que conforman el Proyecto Pewen.<\/p>\n\n\n\n<p>Durante el acto, Cabandi\u00e9 expres\u00f3: \u201cHoy lo que estamos haciendo, en definitiva, es federalismo\u201d, en relaci\u00f3n a la entrega realizada, el ministro detall\u00f3: \u201cCompramos 400 mudas y kits de herramientas para Parques Nacionales, pero tambi\u00e9n compramos 700 para las provincias y estamos en proceso de licitaci\u00f3n para 2000 kits m\u00e1s, tanto de vestimenta como de herramientas\u201d. \u201cVamos a firmar con Jorge Lara, el secretario de Desarrollo Territorial y Ambiente de la provincia neuquina, un convenio para que la provincia licite y compre equipamiento pesado\u201d agreg\u00f3 y explic\u00f3 que es \u201cpara hacer \u00e1gil el proceso\u201d.<\/p>\n\n\n\n<figure class=\"wp-block-image\"><img decoding=\"async\" src=\"https:\/\/www.argentina.gob.ar\/sites\/default\/files\/whatsapp_image_2022-07-20_at_5.37.04_pm.jpeg\" alt=\"\"\/><\/figure>\n\n\n\n<p>El funcionario tambi\u00e9n destac\u00f3 \u201cel trabajo que ha hecho Neuqu\u00e9n en el \u00faltimo incendio del \u00faltimo verano\u201d, y sum\u00f3: \u201cEsto lamentablemente es algo recurrente que est\u00e1 pasando en el mundo\u201d. El calentamiento global es un tema para preocuparnos. Por eso, el Estado nacional y las provincias estamos invirtiendo en formaci\u00f3n, capacitaci\u00f3n, equipamiento, t\u00e1ctica, estrategia, medios a\u00e9reos, pero poniendo siempre el eje en el trabajo que hacen los y las brigadistas\u201d.<\/p>\n\n\n\n<p>Tambi\u00e9n asegur\u00f3 que se est\u00e1 planificado \u201cun verano con m\u00e1s medios a\u00e9reos\u201d. Adem\u00e1s record\u00f3 que m\u00e1s all\u00e1 de la base nacional de combate de incendios forestales de Golondrinas, en Chubut fueron creadas \u201cdos m\u00e1s: una en el sur de Misiones y otra en el norte de la provincia de San Luis\u201d, las que est\u00e1n ubicadas \u201cen lugares que son estrat\u00e9gicos para las distintas \u00e9pocas del a\u00f1o donde acontecen estos incendios forestales\u201d.<\/p>\n\n\n\n<p>Por \u00faltimo, el titular de la cartera ambiental nacional se refiri\u00f3 a la situaci\u00f3n en el Delta del Paran\u00e1 y defini\u00f3 que \u201chay responsabilidades de distinto tipo: productores y Justicia, porque las \u00e1reas ejecutivas no tenemos poder de polic\u00eda para sancionar, detener o iniciar expedientes a quienes prenden\u201d.<\/p>\n\n\n\n<p>En esta misma l\u00ednea, el funcionario mencion\u00f3: \u201cPor eso siempre decimos que no solamente es el combate en s\u00ed mismo sino tambi\u00e9n remarcamos que la responsabilidad es de las personas, ya que como lo mencionamos muchas veces, el 95 % de los fuegos es por origen antr\u00f3pico, ya sea intencional, descuido o imprudencia\u201d.<\/p>\n\n\n\n<p>\u201cNo podemos trabajar sobre la intencionalidad, eso lo debe hacer la Justicia, como lo vemos en el Delta del Paran\u00e1, donde de forma recurrente se incendian los pastizales. Desde la cartera ambiental nacional entregamos de forma permanente a la Justicia la informaci\u00f3n georreferenciada proveniente de nuestros Faros de Conversaci\u00f3n para que la Justicia act\u00fae\u201d, culmin\u00f3 Cabandi\u00e9.<\/p>\n\n\n\n<p>El mencionado proyecto, iniciado en 2020, lleva adelante acciones para fortalecer el manejo y la conservaci\u00f3n del bosque de araucaria en el Parque Nacional Lan\u00edn y las zonas de amortiguamiento, con el fin de robustecer el enfoque intercultural y reducir la ocurrencia de incendios forestales.<\/p>\n\n\n\n<p>En el equipamiento otorgado se incluyeron machetes, hachas, rastrillos, mochilas de espalda y palas.<\/p>\n\n\n\n<p>El Proyecto Pewen surgi\u00f3 de una iniciativa del mencionado parque nacional, junto a la Asociaci\u00f3n Civil Pro Patagonia, el Consejo Zonal Pehuenche, la Corporaci\u00f3n Interestadual Pulmar\u00ed y la Direcci\u00f3n Provincial de Bosques.<\/p>\n\n\n\n<p>Adem\u00e1s, la cartera ambiental entreg\u00f3 30 mochilas bombas de espalda a la provincia de Neuqu\u00e9n y firm\u00f3 un convenio de asistencia financiera del Servicio Nacional de Manejo al Fuego (SNMF) para dicha provincia.<\/p>\n\n\n\n<figure class=\"wp-block-image\"><img decoding=\"async\" src=\"https:\/\/www.argentina.gob.ar\/sites\/default\/files\/whatsapp_image_2022-07-20_at_5.37.02_pm_1.jpeg\" alt=\"\"\/><\/figure>\n\n\n\n<p>Cabe destacar que Ambiente despliega acciones en la provincia de Neuqu\u00e9n por m\u00e1s de $ 1.400 millones relacionadas con Parques Nacionales, manejo del fuego, Casa Com\u00fan, protecci\u00f3n de bosques y gesti\u00f3n de residuos s\u00f3lidos urbanos.<\/p>\n\n\n\n<p>Acompa\u00f1aron al ministro en su recorrida, el presidente de la Administraci\u00f3n de Parques Nacionales, Lautaro Erratchu; y el director del SNMF, Alberto Seufferheld.<\/p>\n\n\n\n<figure class=\"wp-block-image\"><img decoding=\"async\" src=\"https:\/\/www.argentina.gob.ar\/sites\/default\/files\/whatsapp_image_2022-07-20_at_5.36.30_pm.jpeg\" alt=\"\"\/><\/figure>\n\n\n\n<p>Adem\u00e1s estuvieron presentes la subsecretaria de Producci\u00f3n de la provincia de Neuqu\u00e9n, Amalia Sapag; el secretario provincial de Desarrollo Territorial y Ambiente, Jorge Lara; y el intendente de Alumin\u00e9, Gabriel \u00c1lamo; la intendenta PN Lan\u00edn, Patricia Mansilla; y el responsable del Consejo Zonal Pewenche, Daniel Salazar.<\/p>\n\n\n\n<p>Fuente: https:\/\/www.argentina.gob.ar\/noticias\/cabandie-entrego-recursos-para-el-combate-de-incendios-forestales-en-neuquen<\/p>\n","protected":false},"excerpt":{"rendered":"","protected":false},"author":6,"featured_media":75626,"comment_status":"open","ping_status":"open","sticky":false,"template":"","format":"standard","meta":{"site-sidebar-layout":"default","site-content-layout":"","ast-site-content-layout":"default","site-content-style":"default","site-sidebar-style":"default","ast-global-header-display":"","ast-banner-title-visibility":"","ast-main-header-display":"","ast-hfb-above-header-display":"","ast-hfb-below-header-display":"","ast-hfb-mobile-header-display":"","site-post-title":"","ast-breadcrumbs-content":"","ast-featured-img":"","footer-sml-layout":"","ast-disable-related-posts":"","theme-transparent-header-meta":"","adv-header-id-meta":"","stick-header-meta":"","header-above-stick-meta":"","header-main-stick-meta":"","header-below-stick-meta":"","astra-migrate-meta-layouts":"default","ast-page-background-enabled":"default","ast-page-background-meta":{"desktop":{"background-color":"var(--ast-global-color-5)","background-image":"","background-repeat":"repeat","background-position":"center center","background-size":"auto","background-attachment":"scroll","background-type":"","background-media":"","overlay-type":"","overlay-color":"","overlay-opacity":"","overlay-gradient":""},"tablet":{"background-color":"","background-image":"","background-repeat":"repeat","background-position":"center center","background-size":"auto","background-attachment":"scroll","background-type":"","background-media":"","overlay-type":"","overlay-color":"","overlay-opacity":"","overlay-gradient":""},"mobile":{"background-color":"","background-image":"","background-repeat":"repeat","background-position":"center center","background-size":"auto","background-attachment":"scroll","background-type":"","background-media":"","overlay-type":"","overlay-color":"","overlay-opacity":"","overlay-gradient":""}},"ast-content-background-meta":{"desktop":{"background-color":"var(--ast-global-color-4)","background-image":"","background-repeat":"repeat","background-position":"center center","background-size":"auto","background-attachment":"scroll","background-type":"","background-media":"","overlay-type":"","overlay-color":"","overlay-opacity":"","overlay-gradient":""},"tablet":{"background-color":"var(--ast-global-color-4)","background-image":"","background-repeat":"repeat","background-position":"center center","background-size":"auto","background-attachment":"scroll","background-type":"","background-media":"","overlay-type":"","overlay-color":"","overlay-opacity":"","overlay-gradient":""},"mobile":{"background-color":"var(--ast-global-color-4)","background-image":"","background-repeat":"repeat","background-position":"center center","background-size":"auto","background-attachment":"scroll","background-type":"","background-media":"","overlay-type":"","overlay-color":"","overlay-opacity":"","overlay-gradient":""}},"footnotes":""},"categories":[11,19,1,10],"tags":[],"class_list":["post-76120","post","type-post","status-publish","format-standard","has-post-thumbnail","hentry","category-boletin","category-nacionales","category-noticias","category-rotador"],"yoast_head":"<!-- This site is optimized with the Yoast SEO Premium plugin v23.0 (Yoast SEO v27.4) - https:\/\/yoast.com\/product\/yoast-seo-premium-wordpress\/ -->\n<title>Cabandi\u00e9 entreg\u00f3 recursos para el combate de incendios forestales en Neuqu\u00e9n<\/title>\n<meta name=\"robots\" content=\"index, follow, max-snippet:-1, max-image-preview:large, max-video-preview:-1\" \/>\n<link rel=\"canonical\" href=\"https:\/\/patagoniambiental.com.ar\/info\/cabandie-entrego-recursos-para-el-combate-de-incendios-forestales-en-neuquen\/\" \/>\n<meta property=\"og:locale\" content=\"es_ES\" \/>\n<meta property=\"og:type\" content=\"article\" \/>\n<meta property=\"og:title\" content=\"Cabandi\u00e9 entreg\u00f3 recursos para el combate de incendios forestales en Neuqu\u00e9n\" \/>\n<meta property=\"og:url\" content=\"https:\/\/patagoniambiental.com.ar\/info\/cabandie-entrego-recursos-para-el-combate-de-incendios-forestales-en-neuquen\/\" \/>\n<meta property=\"og:site_name\" content=\"Patagonia Ambiental\" \/>\n<meta property=\"article:publisher\" content=\"https:\/\/www.facebook.com\/patagonia.ambiental\" \/>\n<meta property=\"article:published_time\" content=\"2022-07-20T22:00:00+00:00\" \/>\n<meta property=\"article:modified_time\" content=\"2022-07-21T13:06:16+00:00\" \/>\n<meta property=\"og:image\" content=\"https:\/\/patagoniambiental.com.ar\/info\/wp-content\/uploads\/2022\/04\/cabandie-cofema.jpeg\" \/>\n\t<meta property=\"og:image:width\" content=\"1024\" \/>\n\t<meta property=\"og:image:height\" content=\"715\" \/>\n\t<meta property=\"og:image:type\" content=\"image\/jpeg\" \/>\n<meta name=\"author\" content=\"BRAIAN ESTEVEZ\" \/>\n<meta name=\"twitter:card\" content=\"summary_large_image\" \/>\n<meta name=\"twitter:creator\" content=\"@PatAmb\" \/>\n<meta name=\"twitter:site\" content=\"@PatAmb\" \/>\n<script type=\"application\/ld+json\" class=\"yoast-schema-graph\">{\"@context\":\"https:\\\/\\\/schema.org\",\"@graph\":[{\"@type\":\"Article\",\"@id\":\"https:\\\/\\\/patagoniambiental.com.ar\\\/info\\\/cabandie-entrego-recursos-para-el-combate-de-incendios-forestales-en-neuquen\\\/#article\",\"isPartOf\":{\"@id\":\"https:\\\/\\\/patagoniambiental.com.ar\\\/info\\\/cabandie-entrego-recursos-para-el-combate-de-incendios-forestales-en-neuquen\\\/\"},\"author\":{\"name\":\"BRAIAN ESTEVEZ\",\"@id\":\"https:\\\/\\\/patagoniambiental.com.ar\\\/info\\\/#\\\/schema\\\/person\\\/e5af09d700b2e82cb10c6b8800e0c691\"},\"headline\":\"Cabandi\u00e9 entreg\u00f3 recursos para el combate de incendios forestales en Neuqu\u00e9n\",\"datePublished\":\"2022-07-20T22:00:00+00:00\",\"dateModified\":\"2022-07-21T13:06:16+00:00\",\"mainEntityOfPage\":{\"@id\":\"https:\\\/\\\/patagoniambiental.com.ar\\\/info\\\/cabandie-entrego-recursos-para-el-combate-de-incendios-forestales-en-neuquen\\\/\"},\"wordCount\":713,\"commentCount\":0,\"publisher\":{\"@id\":\"https:\\\/\\\/patagoniambiental.com.ar\\\/info\\\/#organization\"},\"image\":{\"@id\":\"https:\\\/\\\/patagoniambiental.com.ar\\\/info\\\/cabandie-entrego-recursos-para-el-combate-de-incendios-forestales-en-neuquen\\\/#primaryimage\"},\"thumbnailUrl\":\"https:\\\/\\\/patagoniambiental.com.ar\\\/info\\\/wp-content\\\/uploads\\\/2022\\\/04\\\/cabandie-cofema.jpeg\",\"articleSection\":[\"Bolet\u00edn\",\"Nacionales\",\"Noticias\",\"Rotador\"],\"inLanguage\":\"es\",\"potentialAction\":[{\"@type\":\"CommentAction\",\"name\":\"Comment\",\"target\":[\"https:\\\/\\\/patagoniambiental.com.ar\\\/info\\\/cabandie-entrego-recursos-para-el-combate-de-incendios-forestales-en-neuquen\\\/#respond\"]}]},{\"@type\":\"WebPage\",\"@id\":\"https:\\\/\\\/patagoniambiental.com.ar\\\/info\\\/cabandie-entrego-recursos-para-el-combate-de-incendios-forestales-en-neuquen\\\/\",\"url\":\"https:\\\/\\\/patagoniambiental.com.ar\\\/info\\\/cabandie-entrego-recursos-para-el-combate-de-incendios-forestales-en-neuquen\\\/\",\"name\":\"Cabandi\u00e9 entreg\u00f3 recursos para el combate de incendios forestales en Neuqu\u00e9n\",\"isPartOf\":{\"@id\":\"https:\\\/\\\/patagoniambiental.com.ar\\\/info\\\/#website\"},\"primaryImageOfPage\":{\"@id\":\"https:\\\/\\\/patagoniambiental.com.ar\\\/info\\\/cabandie-entrego-recursos-para-el-combate-de-incendios-forestales-en-neuquen\\\/#primaryimage\"},\"image\":{\"@id\":\"https:\\\/\\\/patagoniambiental.com.ar\\\/info\\\/cabandie-entrego-recursos-para-el-combate-de-incendios-forestales-en-neuquen\\\/#primaryimage\"},\"thumbnailUrl\":\"https:\\\/\\\/patagoniambiental.com.ar\\\/info\\\/wp-content\\\/uploads\\\/2022\\\/04\\\/cabandie-cofema.jpeg\",\"datePublished\":\"2022-07-20T22:00:00+00:00\",\"dateModified\":\"2022-07-21T13:06:16+00:00\",\"breadcrumb\":{\"@id\":\"https:\\\/\\\/patagoniambiental.com.ar\\\/info\\\/cabandie-entrego-recursos-para-el-combate-de-incendios-forestales-en-neuquen\\\/#breadcrumb\"},\"inLanguage\":\"es\",\"potentialAction\":[{\"@type\":\"ReadAction\",\"target\":[\"https:\\\/\\\/patagoniambiental.com.ar\\\/info\\\/cabandie-entrego-recursos-para-el-combate-de-incendios-forestales-en-neuquen\\\/\"]}]},{\"@type\":\"ImageObject\",\"inLanguage\":\"es\",\"@id\":\"https:\\\/\\\/patagoniambiental.com.ar\\\/info\\\/cabandie-entrego-recursos-para-el-combate-de-incendios-forestales-en-neuquen\\\/#primaryimage\",\"url\":\"https:\\\/\\\/patagoniambiental.com.ar\\\/info\\\/wp-content\\\/uploads\\\/2022\\\/04\\\/cabandie-cofema.jpeg\",\"contentUrl\":\"https:\\\/\\\/patagoniambiental.com.ar\\\/info\\\/wp-content\\\/uploads\\\/2022\\\/04\\\/cabandie-cofema.jpeg\",\"width\":859,\"height\":600},{\"@type\":\"BreadcrumbList\",\"@id\":\"https:\\\/\\\/patagoniambiental.com.ar\\\/info\\\/cabandie-entrego-recursos-para-el-combate-de-incendios-forestales-en-neuquen\\\/#breadcrumb\",\"itemListElement\":[{\"@type\":\"ListItem\",\"position\":1,\"name\":\"Inicio\",\"item\":\"https:\\\/\\\/patagoniambiental.com.ar\\\/info\\\/\"},{\"@type\":\"ListItem\",\"position\":2,\"name\":\"Cabandi\u00e9 entreg\u00f3 recursos para el combate de incendios forestales en Neuqu\u00e9n\"}]},{\"@type\":\"WebSite\",\"@id\":\"https:\\\/\\\/patagoniambiental.com.ar\\\/info\\\/#website\",\"url\":\"https:\\\/\\\/patagoniambiental.com.ar\\\/info\\\/\",\"name\":\"Patagonia Ambiental\",\"description\":\"Monitoreo y an\u00e1lisis de la situaci\u00f3n geopol\u00edtica en el mundo y su implicancia en la Patagonia\",\"publisher\":{\"@id\":\"https:\\\/\\\/patagoniambiental.com.ar\\\/info\\\/#organization\"},\"potentialAction\":[{\"@type\":\"SearchAction\",\"target\":{\"@type\":\"EntryPoint\",\"urlTemplate\":\"https:\\\/\\\/patagoniambiental.com.ar\\\/info\\\/?s={search_term_string}\"},\"query-input\":{\"@type\":\"PropertyValueSpecification\",\"valueRequired\":true,\"valueName\":\"search_term_string\"}}],\"inLanguage\":\"es\"},{\"@type\":\"Organization\",\"@id\":\"https:\\\/\\\/patagoniambiental.com.ar\\\/info\\\/#organization\",\"name\":\"Patagonia Ambiental\",\"url\":\"https:\\\/\\\/patagoniambiental.com.ar\\\/info\\\/\",\"logo\":{\"@type\":\"ImageObject\",\"inLanguage\":\"es\",\"@id\":\"https:\\\/\\\/patagoniambiental.com.ar\\\/info\\\/#\\\/schema\\\/logo\\\/image\\\/\",\"url\":\"https:\\\/\\\/patagoniambiental.com.ar\\\/info\\\/wp-content\\\/uploads\\\/2025\\\/05\\\/LOGO-PATAGONIA-AMBIENTAL.png\",\"contentUrl\":\"https:\\\/\\\/patagoniambiental.com.ar\\\/info\\\/wp-content\\\/uploads\\\/2025\\\/05\\\/LOGO-PATAGONIA-AMBIENTAL.png\",\"width\":433,\"height\":250,\"caption\":\"Patagonia Ambiental\"},\"image\":{\"@id\":\"https:\\\/\\\/patagoniambiental.com.ar\\\/info\\\/#\\\/schema\\\/logo\\\/image\\\/\"},\"sameAs\":[\"https:\\\/\\\/www.facebook.com\\\/patagonia.ambiental\",\"https:\\\/\\\/x.com\\\/PatAmb\"]},{\"@type\":\"Person\",\"@id\":\"https:\\\/\\\/patagoniambiental.com.ar\\\/info\\\/#\\\/schema\\\/person\\\/e5af09d700b2e82cb10c6b8800e0c691\",\"name\":\"BRAIAN ESTEVEZ\",\"sameAs\":[\"http:\\\/\\\/www.patagoniambiental.com.ar\"]}]}<\/script>\n<!-- \/ Yoast SEO Premium plugin. -->","yoast_head_json":{"title":"Cabandi\u00e9 entreg\u00f3 recursos para el combate de incendios forestales en Neuqu\u00e9n","robots":{"index":"index","follow":"follow","max-snippet":"max-snippet:-1","max-image-preview":"max-image-preview:large","max-video-preview":"max-video-preview:-1"},"canonical":"https:\/\/patagoniambiental.com.ar\/info\/cabandie-entrego-recursos-para-el-combate-de-incendios-forestales-en-neuquen\/","og_locale":"es_ES","og_type":"article","og_title":"Cabandi\u00e9 entreg\u00f3 recursos para el combate de incendios forestales en Neuqu\u00e9n","og_url":"https:\/\/patagoniambiental.com.ar\/info\/cabandie-entrego-recursos-para-el-combate-de-incendios-forestales-en-neuquen\/","og_site_name":"Patagonia Ambiental","article_publisher":"https:\/\/www.facebook.com\/patagonia.ambiental","article_published_time":"2022-07-20T22:00:00+00:00","article_modified_time":"2022-07-21T13:06:16+00:00","og_image":[{"width":1024,"height":715,"url":"https:\/\/patagoniambiental.com.ar\/info\/wp-content\/uploads\/2022\/04\/cabandie-cofema.jpeg","type":"image\/jpeg"}],"author":"BRAIAN ESTEVEZ","twitter_card":"summary_large_image","twitter_creator":"@PatAmb","twitter_site":"@PatAmb","schema":{"@context":"https:\/\/schema.org","@graph":[{"@type":"Article","@id":"https:\/\/patagoniambiental.com.ar\/info\/cabandie-entrego-recursos-para-el-combate-de-incendios-forestales-en-neuquen\/#article","isPartOf":{"@id":"https:\/\/patagoniambiental.com.ar\/info\/cabandie-entrego-recursos-para-el-combate-de-incendios-forestales-en-neuquen\/"},"author":{"name":"BRAIAN ESTEVEZ","@id":"https:\/\/patagoniambiental.com.ar\/info\/#\/schema\/person\/e5af09d700b2e82cb10c6b8800e0c691"},"headline":"Cabandi\u00e9 entreg\u00f3 recursos para el combate de incendios forestales en Neuqu\u00e9n","datePublished":"2022-07-20T22:00:00+00:00","dateModified":"2022-07-21T13:06:16+00:00","mainEntityOfPage":{"@id":"https:\/\/patagoniambiental.com.ar\/info\/cabandie-entrego-recursos-para-el-combate-de-incendios-forestales-en-neuquen\/"},"wordCount":713,"commentCount":0,"publisher":{"@id":"https:\/\/patagoniambiental.com.ar\/info\/#organization"},"image":{"@id":"https:\/\/patagoniambiental.com.ar\/info\/cabandie-entrego-recursos-para-el-combate-de-incendios-forestales-en-neuquen\/#primaryimage"},"thumbnailUrl":"https:\/\/patagoniambiental.com.ar\/info\/wp-content\/uploads\/2022\/04\/cabandie-cofema.jpeg","articleSection":["Bolet\u00edn","Nacionales","Noticias","Rotador"],"inLanguage":"es","potentialAction":[{"@type":"CommentAction","name":"Comment","target":["https:\/\/patagoniambiental.com.ar\/info\/cabandie-entrego-recursos-para-el-combate-de-incendios-forestales-en-neuquen\/#respond"]}]},{"@type":"WebPage","@id":"https:\/\/patagoniambiental.com.ar\/info\/cabandie-entrego-recursos-para-el-combate-de-incendios-forestales-en-neuquen\/","url":"https:\/\/patagoniambiental.com.ar\/info\/cabandie-entrego-recursos-para-el-combate-de-incendios-forestales-en-neuquen\/","name":"Cabandi\u00e9 entreg\u00f3 recursos para el combate de incendios forestales en Neuqu\u00e9n","isPartOf":{"@id":"https:\/\/patagoniambiental.com.ar\/info\/#website"},"primaryImageOfPage":{"@id":"https:\/\/patagoniambiental.com.ar\/info\/cabandie-entrego-recursos-para-el-combate-de-incendios-forestales-en-neuquen\/#primaryimage"},"image":{"@id":"https:\/\/patagoniambiental.com.ar\/info\/cabandie-entrego-recursos-para-el-combate-de-incendios-forestales-en-neuquen\/#primaryimage"},"thumbnailUrl":"https:\/\/patagoniambiental.com.ar\/info\/wp-content\/uploads\/2022\/04\/cabandie-cofema.jpeg","datePublished":"2022-07-20T22:00:00+00:00","dateModified":"2022-07-21T13:06:16+00:00","breadcrumb":{"@id":"https:\/\/patagoniambiental.com.ar\/info\/cabandie-entrego-recursos-para-el-combate-de-incendios-forestales-en-neuquen\/#breadcrumb"},"inLanguage":"es","potentialAction":[{"@type":"ReadAction","target":["https:\/\/patagoniambiental.com.ar\/info\/cabandie-entrego-recursos-para-el-combate-de-incendios-forestales-en-neuquen\/"]}]},{"@type":"ImageObject","inLanguage":"es","@id":"https:\/\/patagoniambiental.com.ar\/info\/cabandie-entrego-recursos-para-el-combate-de-incendios-forestales-en-neuquen\/#primaryimage","url":"https:\/\/patagoniambiental.com.ar\/info\/wp-content\/uploads\/2022\/04\/cabandie-cofema.jpeg","contentUrl":"https:\/\/patagoniambiental.com.ar\/info\/wp-content\/uploads\/2022\/04\/cabandie-cofema.jpeg","width":859,"height":600},{"@type":"BreadcrumbList","@id":"https:\/\/patagoniambiental.com.ar\/info\/cabandie-entrego-recursos-para-el-combate-de-incendios-forestales-en-neuquen\/#breadcrumb","itemListElement":[{"@type":"ListItem","position":1,"name":"Inicio","item":"https:\/\/patagoniambiental.com.ar\/info\/"},{"@type":"ListItem","position":2,"name":"Cabandi\u00e9 entreg\u00f3 recursos para el combate de incendios forestales en Neuqu\u00e9n"}]},{"@type":"WebSite","@id":"https:\/\/patagoniambiental.com.ar\/info\/#website","url":"https:\/\/patagoniambiental.com.ar\/info\/","name":"Patagonia Ambiental","description":"Monitoreo y an\u00e1lisis de la situaci\u00f3n geopol\u00edtica en el mundo y su implicancia en la Patagonia","publisher":{"@id":"https:\/\/patagoniambiental.com.ar\/info\/#organization"},"potentialAction":[{"@type":"SearchAction","target":{"@type":"EntryPoint","urlTemplate":"https:\/\/patagoniambiental.com.ar\/info\/?s={search_term_string}"},"query-input":{"@type":"PropertyValueSpecification","valueRequired":true,"valueName":"search_term_string"}}],"inLanguage":"es"},{"@type":"Organization","@id":"https:\/\/patagoniambiental.com.ar\/info\/#organization","name":"Patagonia Ambiental","url":"https:\/\/patagoniambiental.com.ar\/info\/","logo":{"@type":"ImageObject","inLanguage":"es","@id":"https:\/\/patagoniambiental.com.ar\/info\/#\/schema\/logo\/image\/","url":"https:\/\/patagoniambiental.com.ar\/info\/wp-content\/uploads\/2025\/05\/LOGO-PATAGONIA-AMBIENTAL.png","contentUrl":"https:\/\/patagoniambiental.com.ar\/info\/wp-content\/uploads\/2025\/05\/LOGO-PATAGONIA-AMBIENTAL.png","width":433,"height":250,"caption":"Patagonia Ambiental"},"image":{"@id":"https:\/\/patagoniambiental.com.ar\/info\/#\/schema\/logo\/image\/"},"sameAs":["https:\/\/www.facebook.com\/patagonia.ambiental","https:\/\/x.com\/PatAmb"]},{"@type":"Person","@id":"https:\/\/patagoniambiental.com.ar\/info\/#\/schema\/person\/e5af09d700b2e82cb10c6b8800e0c691","name":"BRAIAN ESTEVEZ","sameAs":["http:\/\/www.patagoniambiental.com.ar"]}]}},"_links":{"self":[{"href":"https:\/\/patagoniambiental.com.ar\/info\/wp-json\/wp\/v2\/posts\/76120","targetHints":{"allow":["GET"]}}],"collection":[{"href":"https:\/\/patagoniambiental.com.ar\/info\/wp-json\/wp\/v2\/posts"}],"about":[{"href":"https:\/\/patagoniambiental.com.ar\/info\/wp-json\/wp\/v2\/types\/post"}],"author":[{"embeddable":true,"href":"https:\/\/patagoniambiental.com.ar\/info\/wp-json\/wp\/v2\/users\/6"}],"replies":[{"embeddable":true,"href":"https:\/\/patagoniambiental.com.ar\/info\/wp-json\/wp\/v2\/comments?post=76120"}],"version-history":[{"count":0,"href":"https:\/\/patagoniambiental.com.ar\/info\/wp-json\/wp\/v2\/posts\/76120\/revisions"}],"wp:featuredmedia":[{"embeddable":true,"href":"https:\/\/patagoniambiental.com.ar\/info\/wp-json\/wp\/v2\/media\/75626"}],"wp:attachment":[{"href":"https:\/\/patagoniambiental.com.ar\/info\/wp-json\/wp\/v2\/media?parent=76120"}],"wp:term":[{"taxonomy":"category","embeddable":true,"href":"https:\/\/patagoniambiental.com.ar\/info\/wp-json\/wp\/v2\/categories?post=76120"},{"taxonomy":"post_tag","embeddable":true,"href":"https:\/\/patagoniambiental.com.ar\/info\/wp-json\/wp\/v2\/tags?post=76120"}],"curies":[{"name":"wp","href":"https:\/\/api.w.org\/{rel}","templated":true}]}}