{"id":76137,"date":"2022-07-25T07:00:00","date_gmt":"2022-07-25T10:00:00","guid":{"rendered":"http:\/\/patagoniambiental.com.ar\/info\/?p=76137"},"modified":"2022-07-24T21:21:48","modified_gmt":"2022-07-25T00:21:48","slug":"convocan-a-un-congreso-ambiental-en-santa-rosa","status":"publish","type":"post","link":"https:\/\/patagoniambiental.com.ar\/info\/convocan-a-un-congreso-ambiental-en-santa-rosa\/","title":{"rendered":"Convocan a un Congreso Ambiental en Santa Rosa"},"content":{"rendered":"\n<!--more-->\n\n\n\n<figure class=\"wp-block-image\"><img decoding=\"async\" src=\"https:\/\/www.eldiariodelapampa.com.ar\/\/img\/publicaciones\/2022\/07\/24\/alta\/213193.jpg\" alt=\"Convocan a un Congreso Ambiental en Santa Rosa \"\/><\/figure>\n\n\n\n<p><a href=\"https:\/\/www.eldiariodelapampa.com.ar\/Locales\/2871\/convocan-a-un-congreso-ambiental-en-santa-rosa\"><\/a>El 27 de septiembre se desarrollar\u00e1 el \u00abI Congreso de Santa Rosa Ambiental\u00bb en el Parque \u00abDon Tom\u00e1s\u00bb de la ciudad de Santa Rosa. Convocan a presentar trabajos.<\/p>\n\n\n\n<p>El encuentro es organizado por el Municipio a trav\u00e9s de la direcci\u00f3n de educaci\u00f3n, de la secretaria de cultura y educaci\u00f3n, como \u00abpropuesta pedag\u00f3gica integral para concientizar, sensibilizar y construir saberes con \u00e9nfasis en las garant\u00edas y la ampliaci\u00f3n de derechos a vivir un ambiente sano, digno, diverso y sustentable\u00bb.<\/p>\n\n\n\n<p>La iniciativa es parte del Programa Santa Rosa Ambiental que lleva adelante el Municipio y se constituye como un proyecto integrador que apunta a fortalecer una comunidad democr\u00e1tica y participativa que tenga como prioridad y revalorice la \u00e9tica de cuidado del planeta.<\/p>\n\n\n\n<p>El Congreso ser\u00e1 una ocasi\u00f3n para generar encuentros de socializaci\u00f3n de experiencias y concientizaci\u00f3n sobre la tem\u00e1tica ambiental e incluso para propiciar oportunidades que dinamicen la econom\u00eda local y popular.<\/p>\n\n\n\n<p>Para eso, dste martes 26 se abrir\u00e1 la convocatoria para presentar exposiciones, que deber\u00e1n ser enmarcadas en las tem\u00e1ticas espec\u00edficas contemplando para cada una como duraci\u00f3n m\u00ednima 30 minutos y m\u00e1xima 45 minutos sin incluir la presentaci\u00f3n de expositor (5 minutos) y la ronda de preguntas (10 minutos).<\/p>\n\n\n\n<p>La convocatoria es abierta y gratuita, pudiendo participar personas f\u00edsicas de la ciudad de Santa Rosa, de la provincia de La Pampa, de la regi\u00f3n, del pa\u00eds y otros pa\u00edses y est\u00e1 dirigida a personas mayores de 18 a\u00f1os relacionadas con la tem\u00e1tica, en caso de ser la propuesta realizada por menores de edad debe ser acompa\u00f1ada por tutor o adulto responsable.<\/p>\n\n\n\n<p>Objetivos:<\/p>\n\n\n\n<p>&#8211; Establecer este encuentro como \u00cdcono para una mayor Conciencia Ambiental.<\/p>\n\n\n\n<p>&#8211; Propiciar la socializaci\u00f3n de experiencias sobre la tem\u00e1tica, a nivel local, regional, nacional.<\/p>\n\n\n\n<p>&#8211; Convocar a disertantes que puedan generar espacios de aprendizaje y de actualizaci\u00f3n sobre la tem\u00e1tica.<\/p>\n\n\n\n<p>&#8211; Generar un espacio para la econom\u00eda popular de producciones dentro de la tem\u00e1tica.<\/p>\n\n\n\n<p>Ejes tem\u00e1ticos<\/p>\n\n\n\n<p>&#8211; Reciclado y reutilizaci\u00f3n de recursos en propuestas educativas, art\u00edsticas, de la econom\u00eda popular, entre otras posibilidades.<\/p>\n\n\n\n<p>&#8211; Propuestas Innovadoras relacionadas al logro de un ambiente sustentable<\/p>\n\n\n\n<p>&#8211; Articulaciones entre instituciones gubernamentales, educativas, civiles y organizaciones del medio con el fin de lograr la conciencia ambiental y el desarrollo de actividades.<\/p>\n\n\n\n<p>&#8211; El Arte y las propuestas ambientales, como protagonistas de la sensibilizaci\u00f3n social ante la tem\u00e1tica.<\/p>\n\n\n\n<p>La recepci\u00f3n de presentaciones ser\u00e1 entre el 26 de julio y el 26 de agosto y los\/las interesados deber\u00e1n enviar el\/los archivos con formato .doc o .docx y en pdf al mail&nbsp;educacion@santarosa.gob.ar, con asunto: \u00abCongreso Anual Concientizaci\u00f3n Ambiental\u00bb. El archivo debe incluir nombre de Presentaci\u00f3n; persona\/s autora\/so e instituci\u00f3n a la que pertenece si corresponde; datos personales del contacto.<\/p>\n\n\n\n<p>Son requerimientos para la presentaci\u00f3n; un resumen de entre doscientas (200) y trescientas (300) palabras y su desarrollo deber\u00e1 tener un m\u00e1ximo 5 carillas.<\/p>\n\n\n\n<p>Fuente: https:\/\/www.eldiariodelapampa.com.ar\/Locales\/2871\/convocan-a-un-congreso-ambiental-en-santa-rosa<a href=\"https:\/\/www.eldiariodelapampa.com.ar\/Locales\/2871\/convocan-a-un-congreso-ambiental-en-santa-rosa\"><\/a><a href=\"https:\/\/www.eldiariodelapampa.com.ar\/Locales\/2871\/convocan-a-un-congreso-ambiental-en-santa-rosa\"><\/a><a href=\"https:\/\/www.eldiariodelapampa.com.ar\/Locales\/2871\/convocan-a-un-congreso-ambiental-en-santa-rosa\"><\/a><a href=\"https:\/\/www.eldiariodelapampa.com.ar\/Locales\/2871\/convocan-a-un-congreso-ambiental-en-santa-rosa\"><\/a><a href=\"mailto:?subject=https%3A%2F%2Fwww.eldiariodelapampa.com.ar%2FLocales%2F2871%2Fconvocan-a-un-congreso-ambiental-en-santa-rosa\"><\/a><\/p>\n","protected":false},"excerpt":{"rendered":"","protected":false},"author":6,"featured_media":76138,"comment_status":"open","ping_status":"open","sticky":false,"template":"","format":"standard","meta":{"site-sidebar-layout":"default","site-content-layout":"","ast-site-content-layout":"default","site-content-style":"default","site-sidebar-style":"default","ast-global-header-display":"","ast-banner-title-visibility":"","ast-main-header-display":"","ast-hfb-above-header-display":"","ast-hfb-below-header-display":"","ast-hfb-mobile-header-display":"","site-post-title":"","ast-breadcrumbs-content":"","ast-featured-img":"","footer-sml-layout":"","ast-disable-related-posts":"","theme-transparent-header-meta":"","adv-header-id-meta":"","stick-header-meta":"","header-above-stick-meta":"","header-main-stick-meta":"","header-below-stick-meta":"","astra-migrate-meta-layouts":"default","ast-page-background-enabled":"default","ast-page-background-meta":{"desktop":{"background-color":"var(--ast-global-color-5)","background-image":"","background-repeat":"repeat","background-position":"center center","background-size":"auto","background-attachment":"scroll","background-type":"","background-media":"","overlay-type":"","overlay-color":"","overlay-opacity":"","overlay-gradient":""},"tablet":{"background-color":"","background-image":"","background-repeat":"repeat","background-position":"center center","background-size":"auto","background-attachment":"scroll","background-type":"","background-media":"","overlay-type":"","overlay-color":"","overlay-opacity":"","overlay-gradient":""},"mobile":{"background-color":"","background-image":"","background-repeat":"repeat","background-position":"center center","background-size":"auto","background-attachment":"scroll","background-type":"","background-media":"","overlay-type":"","overlay-color":"","overlay-opacity":"","overlay-gradient":""}},"ast-content-background-meta":{"desktop":{"background-color":"var(--ast-global-color-4)","background-image":"","background-repeat":"repeat","background-position":"center center","background-size":"auto","background-attachment":"scroll","background-type":"","background-media":"","overlay-type":"","overlay-color":"","overlay-opacity":"","overlay-gradient":""},"tablet":{"background-color":"var(--ast-global-color-4)","background-image":"","background-repeat":"repeat","background-position":"center center","background-size":"auto","background-attachment":"scroll","background-type":"","background-media":"","overlay-type":"","overlay-color":"","overlay-opacity":"","overlay-gradient":""},"mobile":{"background-color":"var(--ast-global-color-4)","background-image":"","background-repeat":"repeat","background-position":"center center","background-size":"auto","background-attachment":"scroll","background-type":"","background-media":"","overlay-type":"","overlay-color":"","overlay-opacity":"","overlay-gradient":""}},"footnotes":""},"categories":[12,11,1,10],"tags":[],"class_list":["post-76137","post","type-post","status-publish","format-standard","has-post-thumbnail","hentry","category-agenda-ambiental","category-boletin","category-noticias","category-rotador"],"yoast_head":"<!-- This site is optimized with the Yoast SEO Premium plugin v23.0 (Yoast SEO v27.4) - https:\/\/yoast.com\/product\/yoast-seo-premium-wordpress\/ -->\n<title>Convocan a un Congreso Ambiental en Santa Rosa<\/title>\n<meta name=\"robots\" content=\"index, follow, max-snippet:-1, max-image-preview:large, max-video-preview:-1\" \/>\n<link rel=\"canonical\" href=\"https:\/\/patagoniambiental.com.ar\/info\/convocan-a-un-congreso-ambiental-en-santa-rosa\/\" \/>\n<meta property=\"og:locale\" content=\"es_ES\" \/>\n<meta property=\"og:type\" content=\"article\" \/>\n<meta property=\"og:title\" content=\"Convocan a un Congreso Ambiental en Santa Rosa\" \/>\n<meta property=\"og:url\" content=\"https:\/\/patagoniambiental.com.ar\/info\/convocan-a-un-congreso-ambiental-en-santa-rosa\/\" \/>\n<meta property=\"og:site_name\" content=\"Patagonia Ambiental\" \/>\n<meta property=\"article:publisher\" content=\"https:\/\/www.facebook.com\/patagonia.ambiental\" \/>\n<meta property=\"article:published_time\" content=\"2022-07-25T10:00:00+00:00\" \/>\n<meta property=\"og:image\" content=\"https:\/\/patagoniambiental.com.ar\/info\/wp-content\/uploads\/2022\/07\/Sin-titulo-5.png\" \/>\n\t<meta property=\"og:image:width\" content=\"835\" \/>\n\t<meta property=\"og:image:height\" content=\"435\" \/>\n\t<meta property=\"og:image:type\" content=\"image\/png\" \/>\n<meta name=\"author\" content=\"BRAIAN ESTEVEZ\" \/>\n<meta name=\"twitter:card\" content=\"summary_large_image\" \/>\n<meta name=\"twitter:creator\" content=\"@PatAmb\" \/>\n<meta name=\"twitter:site\" content=\"@PatAmb\" \/>\n<script type=\"application\/ld+json\" class=\"yoast-schema-graph\">{\"@context\":\"https:\\\/\\\/schema.org\",\"@graph\":[{\"@type\":\"Article\",\"@id\":\"https:\\\/\\\/patagoniambiental.com.ar\\\/info\\\/convocan-a-un-congreso-ambiental-en-santa-rosa\\\/#article\",\"isPartOf\":{\"@id\":\"https:\\\/\\\/patagoniambiental.com.ar\\\/info\\\/convocan-a-un-congreso-ambiental-en-santa-rosa\\\/\"},\"author\":{\"name\":\"BRAIAN ESTEVEZ\",\"@id\":\"https:\\\/\\\/patagoniambiental.com.ar\\\/info\\\/#\\\/schema\\\/person\\\/e5af09d700b2e82cb10c6b8800e0c691\"},\"headline\":\"Convocan a un Congreso Ambiental en Santa Rosa\",\"datePublished\":\"2022-07-25T10:00:00+00:00\",\"mainEntityOfPage\":{\"@id\":\"https:\\\/\\\/patagoniambiental.com.ar\\\/info\\\/convocan-a-un-congreso-ambiental-en-santa-rosa\\\/\"},\"wordCount\":528,\"commentCount\":0,\"publisher\":{\"@id\":\"https:\\\/\\\/patagoniambiental.com.ar\\\/info\\\/#organization\"},\"image\":{\"@id\":\"https:\\\/\\\/patagoniambiental.com.ar\\\/info\\\/convocan-a-un-congreso-ambiental-en-santa-rosa\\\/#primaryimage\"},\"thumbnailUrl\":\"https:\\\/\\\/patagoniambiental.com.ar\\\/info\\\/wp-content\\\/uploads\\\/2022\\\/07\\\/Sin-titulo-5.png\",\"articleSection\":[\"Agenda Ambiental\",\"Bolet\u00edn\",\"Noticias\",\"Rotador\"],\"inLanguage\":\"es\",\"potentialAction\":[{\"@type\":\"CommentAction\",\"name\":\"Comment\",\"target\":[\"https:\\\/\\\/patagoniambiental.com.ar\\\/info\\\/convocan-a-un-congreso-ambiental-en-santa-rosa\\\/#respond\"]}]},{\"@type\":\"WebPage\",\"@id\":\"https:\\\/\\\/patagoniambiental.com.ar\\\/info\\\/convocan-a-un-congreso-ambiental-en-santa-rosa\\\/\",\"url\":\"https:\\\/\\\/patagoniambiental.com.ar\\\/info\\\/convocan-a-un-congreso-ambiental-en-santa-rosa\\\/\",\"name\":\"Convocan a un Congreso Ambiental en Santa Rosa\",\"isPartOf\":{\"@id\":\"https:\\\/\\\/patagoniambiental.com.ar\\\/info\\\/#website\"},\"primaryImageOfPage\":{\"@id\":\"https:\\\/\\\/patagoniambiental.com.ar\\\/info\\\/convocan-a-un-congreso-ambiental-en-santa-rosa\\\/#primaryimage\"},\"image\":{\"@id\":\"https:\\\/\\\/patagoniambiental.com.ar\\\/info\\\/convocan-a-un-congreso-ambiental-en-santa-rosa\\\/#primaryimage\"},\"thumbnailUrl\":\"https:\\\/\\\/patagoniambiental.com.ar\\\/info\\\/wp-content\\\/uploads\\\/2022\\\/07\\\/Sin-titulo-5.png\",\"datePublished\":\"2022-07-25T10:00:00+00:00\",\"breadcrumb\":{\"@id\":\"https:\\\/\\\/patagoniambiental.com.ar\\\/info\\\/convocan-a-un-congreso-ambiental-en-santa-rosa\\\/#breadcrumb\"},\"inLanguage\":\"es\",\"potentialAction\":[{\"@type\":\"ReadAction\",\"target\":[\"https:\\\/\\\/patagoniambiental.com.ar\\\/info\\\/convocan-a-un-congreso-ambiental-en-santa-rosa\\\/\"]}]},{\"@type\":\"ImageObject\",\"inLanguage\":\"es\",\"@id\":\"https:\\\/\\\/patagoniambiental.com.ar\\\/info\\\/convocan-a-un-congreso-ambiental-en-santa-rosa\\\/#primaryimage\",\"url\":\"https:\\\/\\\/patagoniambiental.com.ar\\\/info\\\/wp-content\\\/uploads\\\/2022\\\/07\\\/Sin-titulo-5.png\",\"contentUrl\":\"https:\\\/\\\/patagoniambiental.com.ar\\\/info\\\/wp-content\\\/uploads\\\/2022\\\/07\\\/Sin-titulo-5.png\",\"width\":835,\"height\":435},{\"@type\":\"BreadcrumbList\",\"@id\":\"https:\\\/\\\/patagoniambiental.com.ar\\\/info\\\/convocan-a-un-congreso-ambiental-en-santa-rosa\\\/#breadcrumb\",\"itemListElement\":[{\"@type\":\"ListItem\",\"position\":1,\"name\":\"Inicio\",\"item\":\"https:\\\/\\\/patagoniambiental.com.ar\\\/info\\\/\"},{\"@type\":\"ListItem\",\"position\":2,\"name\":\"Convocan a un Congreso Ambiental en Santa Rosa\"}]},{\"@type\":\"WebSite\",\"@id\":\"https:\\\/\\\/patagoniambiental.com.ar\\\/info\\\/#website\",\"url\":\"https:\\\/\\\/patagoniambiental.com.ar\\\/info\\\/\",\"name\":\"Patagonia Ambiental\",\"description\":\"Monitoreo y an\u00e1lisis de la situaci\u00f3n geopol\u00edtica en el mundo y su implicancia en la Patagonia\",\"publisher\":{\"@id\":\"https:\\\/\\\/patagoniambiental.com.ar\\\/info\\\/#organization\"},\"potentialAction\":[{\"@type\":\"SearchAction\",\"target\":{\"@type\":\"EntryPoint\",\"urlTemplate\":\"https:\\\/\\\/patagoniambiental.com.ar\\\/info\\\/?s={search_term_string}\"},\"query-input\":{\"@type\":\"PropertyValueSpecification\",\"valueRequired\":true,\"valueName\":\"search_term_string\"}}],\"inLanguage\":\"es\"},{\"@type\":\"Organization\",\"@id\":\"https:\\\/\\\/patagoniambiental.com.ar\\\/info\\\/#organization\",\"name\":\"Patagonia Ambiental\",\"url\":\"https:\\\/\\\/patagoniambiental.com.ar\\\/info\\\/\",\"logo\":{\"@type\":\"ImageObject\",\"inLanguage\":\"es\",\"@id\":\"https:\\\/\\\/patagoniambiental.com.ar\\\/info\\\/#\\\/schema\\\/logo\\\/image\\\/\",\"url\":\"https:\\\/\\\/patagoniambiental.com.ar\\\/info\\\/wp-content\\\/uploads\\\/2025\\\/05\\\/LOGO-PATAGONIA-AMBIENTAL.png\",\"contentUrl\":\"https:\\\/\\\/patagoniambiental.com.ar\\\/info\\\/wp-content\\\/uploads\\\/2025\\\/05\\\/LOGO-PATAGONIA-AMBIENTAL.png\",\"width\":433,\"height\":250,\"caption\":\"Patagonia Ambiental\"},\"image\":{\"@id\":\"https:\\\/\\\/patagoniambiental.com.ar\\\/info\\\/#\\\/schema\\\/logo\\\/image\\\/\"},\"sameAs\":[\"https:\\\/\\\/www.facebook.com\\\/patagonia.ambiental\",\"https:\\\/\\\/x.com\\\/PatAmb\"]},{\"@type\":\"Person\",\"@id\":\"https:\\\/\\\/patagoniambiental.com.ar\\\/info\\\/#\\\/schema\\\/person\\\/e5af09d700b2e82cb10c6b8800e0c691\",\"name\":\"BRAIAN ESTEVEZ\",\"sameAs\":[\"http:\\\/\\\/www.patagoniambiental.com.ar\"]}]}<\/script>\n<!-- \/ Yoast SEO Premium plugin. -->","yoast_head_json":{"title":"Convocan a un Congreso Ambiental en Santa Rosa","robots":{"index":"index","follow":"follow","max-snippet":"max-snippet:-1","max-image-preview":"max-image-preview:large","max-video-preview":"max-video-preview:-1"},"canonical":"https:\/\/patagoniambiental.com.ar\/info\/convocan-a-un-congreso-ambiental-en-santa-rosa\/","og_locale":"es_ES","og_type":"article","og_title":"Convocan a un Congreso Ambiental en Santa Rosa","og_url":"https:\/\/patagoniambiental.com.ar\/info\/convocan-a-un-congreso-ambiental-en-santa-rosa\/","og_site_name":"Patagonia Ambiental","article_publisher":"https:\/\/www.facebook.com\/patagonia.ambiental","article_published_time":"2022-07-25T10:00:00+00:00","og_image":[{"width":835,"height":435,"url":"https:\/\/patagoniambiental.com.ar\/info\/wp-content\/uploads\/2022\/07\/Sin-titulo-5.png","type":"image\/png"}],"author":"BRAIAN ESTEVEZ","twitter_card":"summary_large_image","twitter_creator":"@PatAmb","twitter_site":"@PatAmb","schema":{"@context":"https:\/\/schema.org","@graph":[{"@type":"Article","@id":"https:\/\/patagoniambiental.com.ar\/info\/convocan-a-un-congreso-ambiental-en-santa-rosa\/#article","isPartOf":{"@id":"https:\/\/patagoniambiental.com.ar\/info\/convocan-a-un-congreso-ambiental-en-santa-rosa\/"},"author":{"name":"BRAIAN ESTEVEZ","@id":"https:\/\/patagoniambiental.com.ar\/info\/#\/schema\/person\/e5af09d700b2e82cb10c6b8800e0c691"},"headline":"Convocan a un Congreso Ambiental en Santa Rosa","datePublished":"2022-07-25T10:00:00+00:00","mainEntityOfPage":{"@id":"https:\/\/patagoniambiental.com.ar\/info\/convocan-a-un-congreso-ambiental-en-santa-rosa\/"},"wordCount":528,"commentCount":0,"publisher":{"@id":"https:\/\/patagoniambiental.com.ar\/info\/#organization"},"image":{"@id":"https:\/\/patagoniambiental.com.ar\/info\/convocan-a-un-congreso-ambiental-en-santa-rosa\/#primaryimage"},"thumbnailUrl":"https:\/\/patagoniambiental.com.ar\/info\/wp-content\/uploads\/2022\/07\/Sin-titulo-5.png","articleSection":["Agenda Ambiental","Bolet\u00edn","Noticias","Rotador"],"inLanguage":"es","potentialAction":[{"@type":"CommentAction","name":"Comment","target":["https:\/\/patagoniambiental.com.ar\/info\/convocan-a-un-congreso-ambiental-en-santa-rosa\/#respond"]}]},{"@type":"WebPage","@id":"https:\/\/patagoniambiental.com.ar\/info\/convocan-a-un-congreso-ambiental-en-santa-rosa\/","url":"https:\/\/patagoniambiental.com.ar\/info\/convocan-a-un-congreso-ambiental-en-santa-rosa\/","name":"Convocan a un Congreso Ambiental en Santa Rosa","isPartOf":{"@id":"https:\/\/patagoniambiental.com.ar\/info\/#website"},"primaryImageOfPage":{"@id":"https:\/\/patagoniambiental.com.ar\/info\/convocan-a-un-congreso-ambiental-en-santa-rosa\/#primaryimage"},"image":{"@id":"https:\/\/patagoniambiental.com.ar\/info\/convocan-a-un-congreso-ambiental-en-santa-rosa\/#primaryimage"},"thumbnailUrl":"https:\/\/patagoniambiental.com.ar\/info\/wp-content\/uploads\/2022\/07\/Sin-titulo-5.png","datePublished":"2022-07-25T10:00:00+00:00","breadcrumb":{"@id":"https:\/\/patagoniambiental.com.ar\/info\/convocan-a-un-congreso-ambiental-en-santa-rosa\/#breadcrumb"},"inLanguage":"es","potentialAction":[{"@type":"ReadAction","target":["https:\/\/patagoniambiental.com.ar\/info\/convocan-a-un-congreso-ambiental-en-santa-rosa\/"]}]},{"@type":"ImageObject","inLanguage":"es","@id":"https:\/\/patagoniambiental.com.ar\/info\/convocan-a-un-congreso-ambiental-en-santa-rosa\/#primaryimage","url":"https:\/\/patagoniambiental.com.ar\/info\/wp-content\/uploads\/2022\/07\/Sin-titulo-5.png","contentUrl":"https:\/\/patagoniambiental.com.ar\/info\/wp-content\/uploads\/2022\/07\/Sin-titulo-5.png","width":835,"height":435},{"@type":"BreadcrumbList","@id":"https:\/\/patagoniambiental.com.ar\/info\/convocan-a-un-congreso-ambiental-en-santa-rosa\/#breadcrumb","itemListElement":[{"@type":"ListItem","position":1,"name":"Inicio","item":"https:\/\/patagoniambiental.com.ar\/info\/"},{"@type":"ListItem","position":2,"name":"Convocan a un Congreso Ambiental en Santa Rosa"}]},{"@type":"WebSite","@id":"https:\/\/patagoniambiental.com.ar\/info\/#website","url":"https:\/\/patagoniambiental.com.ar\/info\/","name":"Patagonia Ambiental","description":"Monitoreo y an\u00e1lisis de la situaci\u00f3n geopol\u00edtica en el mundo y su implicancia en la Patagonia","publisher":{"@id":"https:\/\/patagoniambiental.com.ar\/info\/#organization"},"potentialAction":[{"@type":"SearchAction","target":{"@type":"EntryPoint","urlTemplate":"https:\/\/patagoniambiental.com.ar\/info\/?s={search_term_string}"},"query-input":{"@type":"PropertyValueSpecification","valueRequired":true,"valueName":"search_term_string"}}],"inLanguage":"es"},{"@type":"Organization","@id":"https:\/\/patagoniambiental.com.ar\/info\/#organization","name":"Patagonia Ambiental","url":"https:\/\/patagoniambiental.com.ar\/info\/","logo":{"@type":"ImageObject","inLanguage":"es","@id":"https:\/\/patagoniambiental.com.ar\/info\/#\/schema\/logo\/image\/","url":"https:\/\/patagoniambiental.com.ar\/info\/wp-content\/uploads\/2025\/05\/LOGO-PATAGONIA-AMBIENTAL.png","contentUrl":"https:\/\/patagoniambiental.com.ar\/info\/wp-content\/uploads\/2025\/05\/LOGO-PATAGONIA-AMBIENTAL.png","width":433,"height":250,"caption":"Patagonia Ambiental"},"image":{"@id":"https:\/\/patagoniambiental.com.ar\/info\/#\/schema\/logo\/image\/"},"sameAs":["https:\/\/www.facebook.com\/patagonia.ambiental","https:\/\/x.com\/PatAmb"]},{"@type":"Person","@id":"https:\/\/patagoniambiental.com.ar\/info\/#\/schema\/person\/e5af09d700b2e82cb10c6b8800e0c691","name":"BRAIAN ESTEVEZ","sameAs":["http:\/\/www.patagoniambiental.com.ar"]}]}},"_links":{"self":[{"href":"https:\/\/patagoniambiental.com.ar\/info\/wp-json\/wp\/v2\/posts\/76137","targetHints":{"allow":["GET"]}}],"collection":[{"href":"https:\/\/patagoniambiental.com.ar\/info\/wp-json\/wp\/v2\/posts"}],"about":[{"href":"https:\/\/patagoniambiental.com.ar\/info\/wp-json\/wp\/v2\/types\/post"}],"author":[{"embeddable":true,"href":"https:\/\/patagoniambiental.com.ar\/info\/wp-json\/wp\/v2\/users\/6"}],"replies":[{"embeddable":true,"href":"https:\/\/patagoniambiental.com.ar\/info\/wp-json\/wp\/v2\/comments?post=76137"}],"version-history":[{"count":0,"href":"https:\/\/patagoniambiental.com.ar\/info\/wp-json\/wp\/v2\/posts\/76137\/revisions"}],"wp:featuredmedia":[{"embeddable":true,"href":"https:\/\/patagoniambiental.com.ar\/info\/wp-json\/wp\/v2\/media\/76138"}],"wp:attachment":[{"href":"https:\/\/patagoniambiental.com.ar\/info\/wp-json\/wp\/v2\/media?parent=76137"}],"wp:term":[{"taxonomy":"category","embeddable":true,"href":"https:\/\/patagoniambiental.com.ar\/info\/wp-json\/wp\/v2\/categories?post=76137"},{"taxonomy":"post_tag","embeddable":true,"href":"https:\/\/patagoniambiental.com.ar\/info\/wp-json\/wp\/v2\/tags?post=76137"}],"curies":[{"name":"wp","href":"https:\/\/api.w.org\/{rel}","templated":true}]}}