{"id":76165,"date":"2022-07-29T19:00:00","date_gmt":"2022-07-29T22:00:00","guid":{"rendered":"http:\/\/patagoniambiental.com.ar\/info\/?p=76165"},"modified":"2022-07-29T18:43:54","modified_gmt":"2022-07-29T21:43:54","slug":"disponer-de-un-medio-ambiente-sano-fue-declarado-como-un-derecho-humano-universal","status":"publish","type":"post","link":"https:\/\/patagoniambiental.com.ar\/info\/disponer-de-un-medio-ambiente-sano-fue-declarado-como-un-derecho-humano-universal\/","title":{"rendered":"Disponer de un medio ambiente sano fue declarado como un derecho humano universal"},"content":{"rendered":"\n<!--more-->\n\n\n\n<p>La Asamblea General de la Organizaci\u00f3n de las Naciones Unidas (ONU) aprob\u00f3 la resoluci\u00f3n que especifica que \u00abtodos los Estados tienen la obligaci\u00f3n de respetar, proteger y promover los derechos humanos, incluido este nuevo derecho\u00bb.<\/p>\n\n\n\n<figure class=\"wp-block-image\"><img decoding=\"async\" src=\"https:\/\/www.telam.com.ar\/assets\/img\/not_image.png\" alt=\"Telam SE\"\/><\/figure>\n\n\n\n<p>28-07-2022 | 19:54<\/p>\n\n\n\n<figure class=\"wp-block-image\"><img decoding=\"async\" src=\"https:\/\/www.telam.com.ar\/thumbs\/bluesteel\/advf\/imagenes\/2017\/06\/59354bd883937_900.jpg\" alt=\"La ONU brega por un planeta sano seguro y resiliente\"\/><figcaption>La ONU brega por \u00abun planeta sano, seguro y resiliente\u00bb.<\/figcaption><\/figure>\n\n\n\n<p>La Asamblea General de Naciones Unidas aprob\u00f3 este jueves la resoluci\u00f3n que avala que&nbsp;<strong>el derecho al medio ambiente sano sea reconocido a nivel mundial y \u00abse convierta en garante de un planeta sano, seguro y resiliente d\u00e1ndole, de este modo, car\u00e1cter de derecho humano universal\u00bb.<\/strong><\/p>\n\n\n\n<p>La resoluci\u00f3n reiter\u00f3 que \u00abtodos los Estados tienen la obligaci\u00f3n de respetar, proteger y promover los derechos humanos incluido este nuevo derecho\u00bb, report\u00f3 la ONU desde su p\u00e1gina web.<\/p>\n\n\n\n<p>La resoluci\u00f3n fue aprobada por 161 votos a favor, 8 abstenciones (China, Rusia, Bielorrusia, Camboya, Ir\u00e1n, Kirguist\u00e1n, Siria y Etiop\u00eda) y ning\u00fan voto en contra.<\/p>\n\n\n\n<p>Al respecto, el presidente del Consejo de Derechos Humanos, el embajador argentino ante la ONU en Ginebra, Federico Villegas, destac\u00f3 en di\u00e1logo telef\u00f3nico con T\u00e9lam que la aprobaci\u00f3n de la Asamblea General \u201ces muy importante\u201d, y subray\u00f3 que uno de los m\u00e1s importantes roles del Consejo \u201cel desarrollo progresivo de nuevos est\u00e1ndares y normas de derechos humanos\u201d.<\/p>\n\n\n\n<p>\u201c<strong>El Consejo, luego de 20 a\u00f1os de discusiones sobre los temas de medio ambiente que s\u00f3lo se ve\u00edan desde el punto de vista ambiental, social, econ\u00f3mico o cient\u00edfico, aprob\u00f3 una resoluci\u00f3n que declar\u00f3 por primera vez que el medio ambiente, sano, limpio y sostenible es un derecho humano, y nombr\u00f3 un relator especial<\/strong>\u201d en esta materia.<\/p>\n\n\n\n<p>El funcionario aclar\u00f3 que \u201cel Consejo es el \u00f3rgano principal, pero s\u00f3lo tiene 47 estados miembros. Lo importante es que pas\u00f3 a la Asamblea General\u201d de la ONU y que \u201cahora fue ratificada aquella decisi\u00f3n hist\u00f3rica\u201d del a\u00f1o pasado \u201cpor una abrumadora mayor\u00eda -162 votos de los 193 pa\u00edses- y, por lo tanto, es toda la organizaci\u00f3n de Naciones Unidas la que acepta esta nueva dimensi\u00f3n y perspectiva sobre los temas ambientales a partir de los derechos humanos\u201d.<\/p>\n\n\n\n<p>\u201cArgentina particip\u00f3 activamente el a\u00f1o pasado en la negociaci\u00f3n en el Consejo y tambi\u00e9n aqu\u00ed en la Asamblea General\u201d, subray\u00f3.<\/p>\n\n\n\n<p><strong>El texto, presentado originalmente por Costa Rica, Maldivas, Marruecos, Eslovenia y Suiza el pasado mes de junio, y copatrocinado ahora por m\u00e1s de 100 pa\u00edses, se\u00f1ala que el derecho a un medio ambiente sano est\u00e1 relacionado con el derecho internacional existente&nbsp;<\/strong>y afirma que su promoci\u00f3n requiere la plena aplicaci\u00f3n de los acuerdos medioambientales multilaterales.<\/p>\n\n\n\n<figure class=\"wp-block-image\"><img decoding=\"async\" src=\"https:\/\/www.telam.com.ar\/thumbs\/bluesteel\/advf\/imagenes\/2019\/09\/5d8e839388d10_900.jpg\" alt=\"Una marcha en la Ciudad de Buenos Aires pidiendo atencin en el cambio climtico Foto Archivo\"\/><figcaption>Una marcha en la Ciudad de Buenos Aires pidiendo atenci\u00f3n en el cambio clim\u00e1tico (Foto: Archivo).<\/figcaption><\/figure>\n\n\n\n<p>Tambi\u00e9n reconoce que \u201cel impacto del cambio clim\u00e1tico, la gesti\u00f3n y el uso insostenible de los recursos naturales, la contaminaci\u00f3n del aire, la tierra y el agua, la gesti\u00f3n inadecuada de los productos qu\u00edmicos y los residuos, y la consiguiente p\u00e9rdida de biodiversidad interfieren en el disfrute de este derecho\u201d.<\/p>\n\n\n\n<p>Y agregaron que \u201clos da\u00f1os ambientales tienen implicaciones negativas para el disfrute efectivo de todos los derechos humanos\u201d.<\/p>\n\n\n\n<p>La resoluci\u00f3n, basada en un texto similar adoptado el a\u00f1o pasado por el Consejo de Derechos Humanos, pide a los Estados, las organizaciones internacionales y las empresas que intensifiquen sus esfuerzos para garantizar un medio ambiente sano para todos.<\/p>\n\n\n\n<p>Tras conocerse la noticia, el secretario general de la ONU, Ant\u00f3nio Guterres, se congratul\u00f3 de la adopci\u00f3n de esta \u00abresoluci\u00f3n hist\u00f3rica\u00bb y dijo que este hito demuestra que los Estados miembros pueden unirse en la lucha colectiva contra la triple crisis planetaria del cambio clim\u00e1tico, la p\u00e9rdida de biodiversidad y la contaminaci\u00f3n.<\/p>\n\n\n\n<p>\u00ab<strong>La resoluci\u00f3n ayudar\u00e1 a reducir las injusticias medioambientales, a cerrar las brechas de protecci\u00f3n y a empoderar a las personas, especialmente a las que se encuentran en situaciones vulnerables, como los defensores de los derechos humanos medioambientales, los ni\u00f1os, los j\u00f3venes, las mujeres y los pueblos ind\u00edgenas\u00bb,<\/strong>&nbsp;dijo a trav\u00e9s de un comunicado.<\/p>\n\n\n\n<p>Y agreg\u00f3 que la resoluci\u00f3n tambi\u00e9n ayudar\u00e1 a los Estados a acelerar el cumplimiento de sus obligaciones y compromisos en materia de medio ambiente y derechos humanos.<\/p>\n\n\n\n<p><strong>\u00abLa comunidad internacional ha dado un reconocimiento universal a este derecho y nos ha acercado a hacerlo realidad para todos\u00bb,<\/strong>&nbsp;afirm\u00f3.<\/p>\n\n\n\n<figure class=\"wp-block-image\"><img decoding=\"async\" src=\"https:\/\/www.telam.com.ar\/thumbs\/bluesteel\/advf\/imagenes\/2022\/04\/626a6a020e584_900.jpg\" alt=\"Guterres habl de resolucin histrica Foto AFP\"\/><figcaption>Guterres habl\u00f3 de \u00abresoluci\u00f3n hist\u00f3rica\u00bb (Foto: AFP).<\/figcaption><\/figure>\n\n\n\n<p>La Alta Comisionada de la ONU para los Derechos Humanos, Michelle Bachelet, tambi\u00e9n celebr\u00f3 la decisi\u00f3n de la Asamblea y se hizo eco del llamamiento del Secretario General para que se tomen medidas urgentes para aplicarla.<\/p>\n\n\n\n<p>\u00abHoy (por este jueves) es un momento hist\u00f3rico, pero no basta con afirmar nuestro derecho a un medio ambiente sano. La resoluci\u00f3n de la Asamblea General es muy clara: los Estados deben cumplir sus compromisos internacionales e intensificar sus esfuerzos para hacerlo realidad. Todos sufriremos efectos mucho peores de las crisis ambientales, si no trabajamos juntos para evitarlas colectivamente ahora\u00bb, dijo.<\/p>\n\n\n\n<p>La resoluci\u00f3n \u00abhace hincapi\u00e9 en el apuntalamiento de las obligaciones legales de actuar (en favor del medio ambiente), en lugar de permitir que sea simplemente una pol\u00edtica discrecional. Tambi\u00e9n es m\u00e1s eficaz, leg\u00edtima y sostenible\u00bb, a\u00f1adi\u00f3.<\/p>\n\n\n\n<p>El relator especial de la ONU sobre Derechos Humanos y Medio Ambiente, David Boyd, asegur\u00f3 que la decisi\u00f3n de la Asamblea cambiar\u00e1 la naturaleza misma del derecho internacional de los derechos humanos.<\/p>\n\n\n\n<p><strong>\u00abLos gobiernos prometieron limpiar el medio ambiente y hacer frente a la emergencia clim\u00e1tica durante d\u00e9cadas, pero tener un derecho a un medio ambiente sano cambia la perspectiva de la gente, que pasa de \u2018mendigar\u2019 a exigir a los gobiernos que act\u00faen\u00bb,&nbsp;<\/strong>declar\u00f3 Boyd.<\/p>\n\n\n\n<p>En 1972, la Conferencia de las Naciones Unidas sobre el Medio Ambiente, celebrada en Estocolmo, que termin\u00f3 con su propia declaraci\u00f3n hist\u00f3rica, fue la primera en situar las cuestiones medioambientales en el primer plano de las preocupaciones internacionales y marc\u00f3 el inicio de un di\u00e1logo entre los pa\u00edses industrializados y los pa\u00edses en v\u00edas de desarrollo sobre la relaci\u00f3n entre el crecimiento econ\u00f3mico, la contaminaci\u00f3n del aire, el agua y los oc\u00e9anos, y el bienestar de las personas en el planeta.<\/p>\n\n\n\n<p>Los Estados miembros de la ONU declararon, entonces, que&nbsp;<strong>las personas tienen un derecho fundamental a \u00abun medio ambiente de una calidad que permita una vida digna y de bienestar\u00bb, y pidieron acciones concretas y el reconocimiento de este derecho.<\/strong><\/p>\n\n\n\n<p>El pasado mes de octubre, tras d\u00e9cadas de trabajo de naciones en primera l\u00ednea del cambio clim\u00e1tico, como el archipi\u00e9lago de las Maldivas, as\u00ed como de m\u00e1s de 1000 organizaciones de la sociedad civil, el Consejo de Derechos Humanos reconoci\u00f3 finalmente este derecho y pidi\u00f3 a la Asamblea General de la ONU que hiciera lo mismo.<\/p>\n\n\n\n<p>Fuente: https:\/\/www.telam.com.ar\/notas\/202207\/600004-onu-derecho-humano-universal-ambiente-sano.html<\/p>\n","protected":false},"excerpt":{"rendered":"","protected":false},"author":6,"featured_media":76166,"comment_status":"open","ping_status":"open","sticky":false,"template":"","format":"standard","meta":{"site-sidebar-layout":"default","site-content-layout":"","ast-site-content-layout":"default","site-content-style":"default","site-sidebar-style":"default","ast-global-header-display":"","ast-banner-title-visibility":"","ast-main-header-display":"","ast-hfb-above-header-display":"","ast-hfb-below-header-display":"","ast-hfb-mobile-header-display":"","site-post-title":"","ast-breadcrumbs-content":"","ast-featured-img":"","footer-sml-layout":"","ast-disable-related-posts":"","theme-transparent-header-meta":"","adv-header-id-meta":"","stick-header-meta":"","header-above-stick-meta":"","header-main-stick-meta":"","header-below-stick-meta":"","astra-migrate-meta-layouts":"default","ast-page-background-enabled":"default","ast-page-background-meta":{"desktop":{"background-color":"var(--ast-global-color-5)","background-image":"","background-repeat":"repeat","background-position":"center center","background-size":"auto","background-attachment":"scroll","background-type":"","background-media":"","overlay-type":"","overlay-color":"","overlay-opacity":"","overlay-gradient":""},"tablet":{"background-color":"","background-image":"","background-repeat":"repeat","background-position":"center center","background-size":"auto","background-attachment":"scroll","background-type":"","background-media":"","overlay-type":"","overlay-color":"","overlay-opacity":"","overlay-gradient":""},"mobile":{"background-color":"","background-image":"","background-repeat":"repeat","background-position":"center center","background-size":"auto","background-attachment":"scroll","background-type":"","background-media":"","overlay-type":"","overlay-color":"","overlay-opacity":"","overlay-gradient":""}},"ast-content-background-meta":{"desktop":{"background-color":"var(--ast-global-color-4)","background-image":"","background-repeat":"repeat","background-position":"center center","background-size":"auto","background-attachment":"scroll","background-type":"","background-media":"","overlay-type":"","overlay-color":"","overlay-opacity":"","overlay-gradient":""},"tablet":{"background-color":"var(--ast-global-color-4)","background-image":"","background-repeat":"repeat","background-position":"center center","background-size":"auto","background-attachment":"scroll","background-type":"","background-media":"","overlay-type":"","overlay-color":"","overlay-opacity":"","overlay-gradient":""},"mobile":{"background-color":"var(--ast-global-color-4)","background-image":"","background-repeat":"repeat","background-position":"center center","background-size":"auto","background-attachment":"scroll","background-type":"","background-media":"","overlay-type":"","overlay-color":"","overlay-opacity":"","overlay-gradient":""}},"footnotes":""},"categories":[11,19,1,10],"tags":[],"class_list":["post-76165","post","type-post","status-publish","format-standard","has-post-thumbnail","hentry","category-boletin","category-nacionales","category-noticias","category-rotador"],"yoast_head":"<!-- This site is optimized with the Yoast SEO Premium plugin v23.0 (Yoast SEO v27.4) - https:\/\/yoast.com\/product\/yoast-seo-premium-wordpress\/ -->\n<title>Disponer de un medio ambiente sano fue declarado como un derecho humano universal<\/title>\n<meta name=\"robots\" content=\"index, follow, max-snippet:-1, max-image-preview:large, max-video-preview:-1\" \/>\n<link rel=\"canonical\" href=\"https:\/\/patagoniambiental.com.ar\/info\/disponer-de-un-medio-ambiente-sano-fue-declarado-como-un-derecho-humano-universal\/\" \/>\n<meta property=\"og:locale\" content=\"es_ES\" \/>\n<meta property=\"og:type\" content=\"article\" \/>\n<meta property=\"og:title\" content=\"Disponer de un medio ambiente sano fue declarado como un derecho humano universal\" \/>\n<meta property=\"og:url\" content=\"https:\/\/patagoniambiental.com.ar\/info\/disponer-de-un-medio-ambiente-sano-fue-declarado-como-un-derecho-humano-universal\/\" \/>\n<meta property=\"og:site_name\" content=\"Patagonia Ambiental\" \/>\n<meta property=\"article:publisher\" content=\"https:\/\/www.facebook.com\/patagonia.ambiental\" \/>\n<meta property=\"article:published_time\" content=\"2022-07-29T22:00:00+00:00\" \/>\n<meta property=\"og:image\" content=\"https:\/\/patagoniambiental.com.ar\/info\/wp-content\/uploads\/2022\/07\/5d8e839388d10_900.jpg\" \/>\n\t<meta property=\"og:image:width\" content=\"900\" \/>\n\t<meta property=\"og:image:height\" content=\"506\" \/>\n\t<meta property=\"og:image:type\" content=\"image\/jpeg\" \/>\n<meta name=\"author\" content=\"BRAIAN ESTEVEZ\" \/>\n<meta name=\"twitter:card\" content=\"summary_large_image\" \/>\n<meta name=\"twitter:creator\" content=\"@PatAmb\" \/>\n<meta name=\"twitter:site\" content=\"@PatAmb\" \/>\n<script type=\"application\/ld+json\" class=\"yoast-schema-graph\">{\"@context\":\"https:\\\/\\\/schema.org\",\"@graph\":[{\"@type\":\"Article\",\"@id\":\"https:\\\/\\\/patagoniambiental.com.ar\\\/info\\\/disponer-de-un-medio-ambiente-sano-fue-declarado-como-un-derecho-humano-universal\\\/#article\",\"isPartOf\":{\"@id\":\"https:\\\/\\\/patagoniambiental.com.ar\\\/info\\\/disponer-de-un-medio-ambiente-sano-fue-declarado-como-un-derecho-humano-universal\\\/\"},\"author\":{\"name\":\"BRAIAN ESTEVEZ\",\"@id\":\"https:\\\/\\\/patagoniambiental.com.ar\\\/info\\\/#\\\/schema\\\/person\\\/e5af09d700b2e82cb10c6b8800e0c691\"},\"headline\":\"Disponer de un medio ambiente sano fue declarado como un derecho humano universal\",\"datePublished\":\"2022-07-29T22:00:00+00:00\",\"mainEntityOfPage\":{\"@id\":\"https:\\\/\\\/patagoniambiental.com.ar\\\/info\\\/disponer-de-un-medio-ambiente-sano-fue-declarado-como-un-derecho-humano-universal\\\/\"},\"wordCount\":1202,\"commentCount\":0,\"publisher\":{\"@id\":\"https:\\\/\\\/patagoniambiental.com.ar\\\/info\\\/#organization\"},\"image\":{\"@id\":\"https:\\\/\\\/patagoniambiental.com.ar\\\/info\\\/disponer-de-un-medio-ambiente-sano-fue-declarado-como-un-derecho-humano-universal\\\/#primaryimage\"},\"thumbnailUrl\":\"https:\\\/\\\/patagoniambiental.com.ar\\\/info\\\/wp-content\\\/uploads\\\/2022\\\/07\\\/5d8e839388d10_900.jpg\",\"articleSection\":[\"Bolet\u00edn\",\"Nacionales\",\"Noticias\",\"Rotador\"],\"inLanguage\":\"es\",\"potentialAction\":[{\"@type\":\"CommentAction\",\"name\":\"Comment\",\"target\":[\"https:\\\/\\\/patagoniambiental.com.ar\\\/info\\\/disponer-de-un-medio-ambiente-sano-fue-declarado-como-un-derecho-humano-universal\\\/#respond\"]}]},{\"@type\":\"WebPage\",\"@id\":\"https:\\\/\\\/patagoniambiental.com.ar\\\/info\\\/disponer-de-un-medio-ambiente-sano-fue-declarado-como-un-derecho-humano-universal\\\/\",\"url\":\"https:\\\/\\\/patagoniambiental.com.ar\\\/info\\\/disponer-de-un-medio-ambiente-sano-fue-declarado-como-un-derecho-humano-universal\\\/\",\"name\":\"Disponer de un medio ambiente sano fue declarado como un derecho humano universal\",\"isPartOf\":{\"@id\":\"https:\\\/\\\/patagoniambiental.com.ar\\\/info\\\/#website\"},\"primaryImageOfPage\":{\"@id\":\"https:\\\/\\\/patagoniambiental.com.ar\\\/info\\\/disponer-de-un-medio-ambiente-sano-fue-declarado-como-un-derecho-humano-universal\\\/#primaryimage\"},\"image\":{\"@id\":\"https:\\\/\\\/patagoniambiental.com.ar\\\/info\\\/disponer-de-un-medio-ambiente-sano-fue-declarado-como-un-derecho-humano-universal\\\/#primaryimage\"},\"thumbnailUrl\":\"https:\\\/\\\/patagoniambiental.com.ar\\\/info\\\/wp-content\\\/uploads\\\/2022\\\/07\\\/5d8e839388d10_900.jpg\",\"datePublished\":\"2022-07-29T22:00:00+00:00\",\"breadcrumb\":{\"@id\":\"https:\\\/\\\/patagoniambiental.com.ar\\\/info\\\/disponer-de-un-medio-ambiente-sano-fue-declarado-como-un-derecho-humano-universal\\\/#breadcrumb\"},\"inLanguage\":\"es\",\"potentialAction\":[{\"@type\":\"ReadAction\",\"target\":[\"https:\\\/\\\/patagoniambiental.com.ar\\\/info\\\/disponer-de-un-medio-ambiente-sano-fue-declarado-como-un-derecho-humano-universal\\\/\"]}]},{\"@type\":\"ImageObject\",\"inLanguage\":\"es\",\"@id\":\"https:\\\/\\\/patagoniambiental.com.ar\\\/info\\\/disponer-de-un-medio-ambiente-sano-fue-declarado-como-un-derecho-humano-universal\\\/#primaryimage\",\"url\":\"https:\\\/\\\/patagoniambiental.com.ar\\\/info\\\/wp-content\\\/uploads\\\/2022\\\/07\\\/5d8e839388d10_900.jpg\",\"contentUrl\":\"https:\\\/\\\/patagoniambiental.com.ar\\\/info\\\/wp-content\\\/uploads\\\/2022\\\/07\\\/5d8e839388d10_900.jpg\",\"width\":900,\"height\":506},{\"@type\":\"BreadcrumbList\",\"@id\":\"https:\\\/\\\/patagoniambiental.com.ar\\\/info\\\/disponer-de-un-medio-ambiente-sano-fue-declarado-como-un-derecho-humano-universal\\\/#breadcrumb\",\"itemListElement\":[{\"@type\":\"ListItem\",\"position\":1,\"name\":\"Inicio\",\"item\":\"https:\\\/\\\/patagoniambiental.com.ar\\\/info\\\/\"},{\"@type\":\"ListItem\",\"position\":2,\"name\":\"Disponer de un medio ambiente sano fue declarado como un derecho humano universal\"}]},{\"@type\":\"WebSite\",\"@id\":\"https:\\\/\\\/patagoniambiental.com.ar\\\/info\\\/#website\",\"url\":\"https:\\\/\\\/patagoniambiental.com.ar\\\/info\\\/\",\"name\":\"Patagonia Ambiental\",\"description\":\"Monitoreo y an\u00e1lisis de la situaci\u00f3n geopol\u00edtica en el mundo y su implicancia en la Patagonia\",\"publisher\":{\"@id\":\"https:\\\/\\\/patagoniambiental.com.ar\\\/info\\\/#organization\"},\"potentialAction\":[{\"@type\":\"SearchAction\",\"target\":{\"@type\":\"EntryPoint\",\"urlTemplate\":\"https:\\\/\\\/patagoniambiental.com.ar\\\/info\\\/?s={search_term_string}\"},\"query-input\":{\"@type\":\"PropertyValueSpecification\",\"valueRequired\":true,\"valueName\":\"search_term_string\"}}],\"inLanguage\":\"es\"},{\"@type\":\"Organization\",\"@id\":\"https:\\\/\\\/patagoniambiental.com.ar\\\/info\\\/#organization\",\"name\":\"Patagonia Ambiental\",\"url\":\"https:\\\/\\\/patagoniambiental.com.ar\\\/info\\\/\",\"logo\":{\"@type\":\"ImageObject\",\"inLanguage\":\"es\",\"@id\":\"https:\\\/\\\/patagoniambiental.com.ar\\\/info\\\/#\\\/schema\\\/logo\\\/image\\\/\",\"url\":\"https:\\\/\\\/patagoniambiental.com.ar\\\/info\\\/wp-content\\\/uploads\\\/2025\\\/05\\\/LOGO-PATAGONIA-AMBIENTAL.png\",\"contentUrl\":\"https:\\\/\\\/patagoniambiental.com.ar\\\/info\\\/wp-content\\\/uploads\\\/2025\\\/05\\\/LOGO-PATAGONIA-AMBIENTAL.png\",\"width\":433,\"height\":250,\"caption\":\"Patagonia Ambiental\"},\"image\":{\"@id\":\"https:\\\/\\\/patagoniambiental.com.ar\\\/info\\\/#\\\/schema\\\/logo\\\/image\\\/\"},\"sameAs\":[\"https:\\\/\\\/www.facebook.com\\\/patagonia.ambiental\",\"https:\\\/\\\/x.com\\\/PatAmb\"]},{\"@type\":\"Person\",\"@id\":\"https:\\\/\\\/patagoniambiental.com.ar\\\/info\\\/#\\\/schema\\\/person\\\/e5af09d700b2e82cb10c6b8800e0c691\",\"name\":\"BRAIAN ESTEVEZ\",\"sameAs\":[\"http:\\\/\\\/www.patagoniambiental.com.ar\"]}]}<\/script>\n<!-- \/ Yoast SEO Premium plugin. -->","yoast_head_json":{"title":"Disponer de un medio ambiente sano fue declarado como un derecho humano universal","robots":{"index":"index","follow":"follow","max-snippet":"max-snippet:-1","max-image-preview":"max-image-preview:large","max-video-preview":"max-video-preview:-1"},"canonical":"https:\/\/patagoniambiental.com.ar\/info\/disponer-de-un-medio-ambiente-sano-fue-declarado-como-un-derecho-humano-universal\/","og_locale":"es_ES","og_type":"article","og_title":"Disponer de un medio ambiente sano fue declarado como un derecho humano universal","og_url":"https:\/\/patagoniambiental.com.ar\/info\/disponer-de-un-medio-ambiente-sano-fue-declarado-como-un-derecho-humano-universal\/","og_site_name":"Patagonia Ambiental","article_publisher":"https:\/\/www.facebook.com\/patagonia.ambiental","article_published_time":"2022-07-29T22:00:00+00:00","og_image":[{"width":900,"height":506,"url":"https:\/\/patagoniambiental.com.ar\/info\/wp-content\/uploads\/2022\/07\/5d8e839388d10_900.jpg","type":"image\/jpeg"}],"author":"BRAIAN ESTEVEZ","twitter_card":"summary_large_image","twitter_creator":"@PatAmb","twitter_site":"@PatAmb","schema":{"@context":"https:\/\/schema.org","@graph":[{"@type":"Article","@id":"https:\/\/patagoniambiental.com.ar\/info\/disponer-de-un-medio-ambiente-sano-fue-declarado-como-un-derecho-humano-universal\/#article","isPartOf":{"@id":"https:\/\/patagoniambiental.com.ar\/info\/disponer-de-un-medio-ambiente-sano-fue-declarado-como-un-derecho-humano-universal\/"},"author":{"name":"BRAIAN ESTEVEZ","@id":"https:\/\/patagoniambiental.com.ar\/info\/#\/schema\/person\/e5af09d700b2e82cb10c6b8800e0c691"},"headline":"Disponer de un medio ambiente sano fue declarado como un derecho humano universal","datePublished":"2022-07-29T22:00:00+00:00","mainEntityOfPage":{"@id":"https:\/\/patagoniambiental.com.ar\/info\/disponer-de-un-medio-ambiente-sano-fue-declarado-como-un-derecho-humano-universal\/"},"wordCount":1202,"commentCount":0,"publisher":{"@id":"https:\/\/patagoniambiental.com.ar\/info\/#organization"},"image":{"@id":"https:\/\/patagoniambiental.com.ar\/info\/disponer-de-un-medio-ambiente-sano-fue-declarado-como-un-derecho-humano-universal\/#primaryimage"},"thumbnailUrl":"https:\/\/patagoniambiental.com.ar\/info\/wp-content\/uploads\/2022\/07\/5d8e839388d10_900.jpg","articleSection":["Bolet\u00edn","Nacionales","Noticias","Rotador"],"inLanguage":"es","potentialAction":[{"@type":"CommentAction","name":"Comment","target":["https:\/\/patagoniambiental.com.ar\/info\/disponer-de-un-medio-ambiente-sano-fue-declarado-como-un-derecho-humano-universal\/#respond"]}]},{"@type":"WebPage","@id":"https:\/\/patagoniambiental.com.ar\/info\/disponer-de-un-medio-ambiente-sano-fue-declarado-como-un-derecho-humano-universal\/","url":"https:\/\/patagoniambiental.com.ar\/info\/disponer-de-un-medio-ambiente-sano-fue-declarado-como-un-derecho-humano-universal\/","name":"Disponer de un medio ambiente sano fue declarado como un derecho humano universal","isPartOf":{"@id":"https:\/\/patagoniambiental.com.ar\/info\/#website"},"primaryImageOfPage":{"@id":"https:\/\/patagoniambiental.com.ar\/info\/disponer-de-un-medio-ambiente-sano-fue-declarado-como-un-derecho-humano-universal\/#primaryimage"},"image":{"@id":"https:\/\/patagoniambiental.com.ar\/info\/disponer-de-un-medio-ambiente-sano-fue-declarado-como-un-derecho-humano-universal\/#primaryimage"},"thumbnailUrl":"https:\/\/patagoniambiental.com.ar\/info\/wp-content\/uploads\/2022\/07\/5d8e839388d10_900.jpg","datePublished":"2022-07-29T22:00:00+00:00","breadcrumb":{"@id":"https:\/\/patagoniambiental.com.ar\/info\/disponer-de-un-medio-ambiente-sano-fue-declarado-como-un-derecho-humano-universal\/#breadcrumb"},"inLanguage":"es","potentialAction":[{"@type":"ReadAction","target":["https:\/\/patagoniambiental.com.ar\/info\/disponer-de-un-medio-ambiente-sano-fue-declarado-como-un-derecho-humano-universal\/"]}]},{"@type":"ImageObject","inLanguage":"es","@id":"https:\/\/patagoniambiental.com.ar\/info\/disponer-de-un-medio-ambiente-sano-fue-declarado-como-un-derecho-humano-universal\/#primaryimage","url":"https:\/\/patagoniambiental.com.ar\/info\/wp-content\/uploads\/2022\/07\/5d8e839388d10_900.jpg","contentUrl":"https:\/\/patagoniambiental.com.ar\/info\/wp-content\/uploads\/2022\/07\/5d8e839388d10_900.jpg","width":900,"height":506},{"@type":"BreadcrumbList","@id":"https:\/\/patagoniambiental.com.ar\/info\/disponer-de-un-medio-ambiente-sano-fue-declarado-como-un-derecho-humano-universal\/#breadcrumb","itemListElement":[{"@type":"ListItem","position":1,"name":"Inicio","item":"https:\/\/patagoniambiental.com.ar\/info\/"},{"@type":"ListItem","position":2,"name":"Disponer de un medio ambiente sano fue declarado como un derecho humano universal"}]},{"@type":"WebSite","@id":"https:\/\/patagoniambiental.com.ar\/info\/#website","url":"https:\/\/patagoniambiental.com.ar\/info\/","name":"Patagonia Ambiental","description":"Monitoreo y an\u00e1lisis de la situaci\u00f3n geopol\u00edtica en el mundo y su implicancia en la Patagonia","publisher":{"@id":"https:\/\/patagoniambiental.com.ar\/info\/#organization"},"potentialAction":[{"@type":"SearchAction","target":{"@type":"EntryPoint","urlTemplate":"https:\/\/patagoniambiental.com.ar\/info\/?s={search_term_string}"},"query-input":{"@type":"PropertyValueSpecification","valueRequired":true,"valueName":"search_term_string"}}],"inLanguage":"es"},{"@type":"Organization","@id":"https:\/\/patagoniambiental.com.ar\/info\/#organization","name":"Patagonia Ambiental","url":"https:\/\/patagoniambiental.com.ar\/info\/","logo":{"@type":"ImageObject","inLanguage":"es","@id":"https:\/\/patagoniambiental.com.ar\/info\/#\/schema\/logo\/image\/","url":"https:\/\/patagoniambiental.com.ar\/info\/wp-content\/uploads\/2025\/05\/LOGO-PATAGONIA-AMBIENTAL.png","contentUrl":"https:\/\/patagoniambiental.com.ar\/info\/wp-content\/uploads\/2025\/05\/LOGO-PATAGONIA-AMBIENTAL.png","width":433,"height":250,"caption":"Patagonia Ambiental"},"image":{"@id":"https:\/\/patagoniambiental.com.ar\/info\/#\/schema\/logo\/image\/"},"sameAs":["https:\/\/www.facebook.com\/patagonia.ambiental","https:\/\/x.com\/PatAmb"]},{"@type":"Person","@id":"https:\/\/patagoniambiental.com.ar\/info\/#\/schema\/person\/e5af09d700b2e82cb10c6b8800e0c691","name":"BRAIAN ESTEVEZ","sameAs":["http:\/\/www.patagoniambiental.com.ar"]}]}},"_links":{"self":[{"href":"https:\/\/patagoniambiental.com.ar\/info\/wp-json\/wp\/v2\/posts\/76165","targetHints":{"allow":["GET"]}}],"collection":[{"href":"https:\/\/patagoniambiental.com.ar\/info\/wp-json\/wp\/v2\/posts"}],"about":[{"href":"https:\/\/patagoniambiental.com.ar\/info\/wp-json\/wp\/v2\/types\/post"}],"author":[{"embeddable":true,"href":"https:\/\/patagoniambiental.com.ar\/info\/wp-json\/wp\/v2\/users\/6"}],"replies":[{"embeddable":true,"href":"https:\/\/patagoniambiental.com.ar\/info\/wp-json\/wp\/v2\/comments?post=76165"}],"version-history":[{"count":0,"href":"https:\/\/patagoniambiental.com.ar\/info\/wp-json\/wp\/v2\/posts\/76165\/revisions"}],"wp:featuredmedia":[{"embeddable":true,"href":"https:\/\/patagoniambiental.com.ar\/info\/wp-json\/wp\/v2\/media\/76166"}],"wp:attachment":[{"href":"https:\/\/patagoniambiental.com.ar\/info\/wp-json\/wp\/v2\/media?parent=76165"}],"wp:term":[{"taxonomy":"category","embeddable":true,"href":"https:\/\/patagoniambiental.com.ar\/info\/wp-json\/wp\/v2\/categories?post=76165"},{"taxonomy":"post_tag","embeddable":true,"href":"https:\/\/patagoniambiental.com.ar\/info\/wp-json\/wp\/v2\/tags?post=76165"}],"curies":[{"name":"wp","href":"https:\/\/api.w.org\/{rel}","templated":true}]}}