{"id":76178,"date":"2022-08-04T07:00:00","date_gmt":"2022-08-04T10:00:00","guid":{"rendered":"http:\/\/patagoniambiental.com.ar\/info\/?p=76178"},"modified":"2022-08-04T15:56:58","modified_gmt":"2022-08-04T18:56:58","slug":"alerta-patagonia-el-grave-impacto-ambiental-de-las-dos-represas-que-amenazan-a-los-glaciares-y-la-biodiversidad","status":"publish","type":"post","link":"https:\/\/patagoniambiental.com.ar\/info\/alerta-patagonia-el-grave-impacto-ambiental-de-las-dos-represas-que-amenazan-a-los-glaciares-y-la-biodiversidad\/","title":{"rendered":"Alerta Patagonia: el grave impacto ambiental de las dos represas que amenazan a los glaciares y la biodiversidad"},"content":{"rendered":"\n<!--more-->\n\n\n\n<figure class=\"wp-block-embed is-type-wp-embed is-provider-music-box-radio-sgo wp-block-embed-music-box-radio-sgo\"><div class=\"wp-block-embed__wrapper\">\nhttps:\/\/musicboxradiosgo.com\/2022\/08\/03\/alerta-patagonia-el-grave-impacto-ambiental-de-las-dos-represas-que-amenazan-a-los-glaciares-y-la-biodiversidad\/\n<\/div><\/figure>\n\n\n\n<h3 class=\"wp-block-heading\">Financiadas por China, los expertos aseguran que las obras en Santa Cruz ponen en riesgo los movimientos naturales de las masas de hielo y la fauna que depende de los humedales de la zona. C\u00f3mo se ve perjudicado el patrimonio cultural<\/h3>\n\n\n\n<p>El r\u00edo Santa Cruz nace en el deshielo de los grandes glaciares del pa\u00eds y es el \u00faltimo r\u00edo glaciario libre de la&nbsp;<strong>Patagonia.<\/strong>&nbsp;Desde hace algunos a\u00f1os, dos represas amenazan con cambiar su destino y el del medio ambiente.<\/p>\n\n\n\n<p>La construcci\u00f3n de las represas la&nbsp;<strong>Barrancosa y C\u00f3ndor Cliff, ex N\u00e9stor Kirchner y Jorge Cepernic,<\/strong>&nbsp;que se encuentra en manos de las empresas Electroingenier\u00eda, China Gezhouba Group Corporation e Hidrocuyo, es un<strong>&nbsp;complejo hidroel\u00e9ctrico en el sur de Argentina,<\/strong>&nbsp;que&nbsp;puede impactar fuertemente en los glaciares circundantes. Adem\u00e1s podr\u00edan&nbsp;<strong>inundar humedales vitales, alterar la trayectoria de algunos de los glaciares m\u00e1s grandes del mundo<\/strong>&nbsp;que se encuentran fuera de los polos y destruir tierras ancestrales mapuches.<\/p>\n\n\n\n<p>El acuerdo con China se remonta al a\u00f1o 2013, cuando la expresidenta Cristina Fern\u00e1ndez de Kirchner acord\u00f3 que las obras se iban a realizar en el plazo de cinco a\u00f1os y medio. En mayo de 2015, el Grupo del Banco Mundial anunci\u00f3 la inhabilitaci\u00f3n de la referida Gezhouba y sus subsidiarias por un per\u00edodo de 18 meses debido a su&nbsp;mala conducta en tres proyectos financiados por el banco en China vinculados a la conservaci\u00f3n del agua, la recuperaci\u00f3n tras terremotos y la gesti\u00f3n de inundaciones.<\/p>\n\n\n\n<p>A pesar de las protestas,&nbsp;las demandas y las \u00f3rdenes judiciales para detener la construcci\u00f3n y poder realizar estudios medioambientales adecuados, las obras del complejo han continuado, a menudo para el desconcierto de los conservacionistas.<img fetchpriority=\"high\" decoding=\"async\" class=\"\" src=\"https:\/\/cloudfront-us-east-1.images.arcpublishing.com\/infobae\/C47ORIPZ4RBV5BGHLBK36D36LQ.jpg\" srcset=\"https:\/\/www.infobae.com\/new-resizer\/eUmeyh6nK7z11GV4lGjsb_xmZCY=\/420x236\/filters:format(webp):quality(85)\/cloudfront-us-east-1.images.arcpublishing.com\/infobae\/C47ORIPZ4RBV5BGHLBK36D36LQ.jpg 420w,https:\/\/www.infobae.com\/new-resizer\/0xVTYcPdjQnmjcPYHbEqFpNIcUY=\/768x432\/filters:format(webp):quality(85)\/cloudfront-us-east-1.images.arcpublishing.com\/infobae\/C47ORIPZ4RBV5BGHLBK36D36LQ.jpg 768w,https:\/\/www.infobae.com\/new-resizer\/M9sQcI-EnLXPSQ3urmtE0b60gHE=\/992x558\/filters:format(webp):quality(85)\/cloudfront-us-east-1.images.arcpublishing.com\/infobae\/C47ORIPZ4RBV5BGHLBK36D36LQ.jpg 992w,https:\/\/www.infobae.com\/new-resizer\/GBIAtGu4g_tGp0LVTazQnm-2KmI=\/1200x675\/filters:format(webp):quality(85)\/cloudfront-us-east-1.images.arcpublishing.com\/infobae\/C47ORIPZ4RBV5BGHLBK36D36LQ.jpg 1200w,https:\/\/www.infobae.com\/new-resizer\/ZEarFVB14OaplKQkpvpVbD5DqAI=\/1440x810\/filters:format(webp):quality(85)\/cloudfront-us-east-1.images.arcpublishing.com\/infobae\/C47ORIPZ4RBV5BGHLBK36D36LQ.jpg 1440w\" alt=\"El glaciar Spegazzini en el Parque Nacional Los Glaciares, uno de los miles de glaciares de la zona. Foto: cortes\u00eda de Wikimedia.\" width=\"1920\" height=\"1080\">El glaciar Spegazzini en el Parque Nacional Los Glaciares, uno de los miles de glaciares de la zona. Foto: cortes\u00eda de Wikimedia.<\/p>\n\n\n\n<p>Las represas se est\u00e1n construyendo&nbsp;<strong>en el r\u00edo Santa Cruz, de 380 kil\u00f3metros de longitud, el mayor curso de agua del sur de Argentina.&nbsp;<\/strong>El r\u00edo nace en la cordillera de los<strong>&nbsp;Andes y atraviesa la provincia de Santa Cruz,<\/strong>&nbsp;antes de desembocar en el oc\u00e9ano Atl\u00e1ntico, y llena dos lagos en su recorrido.<\/p>\n\n\n\n<p>Son varias las voces y los estudios que tienen mucho qu\u00e9 argumentar sobre todo el desastre que pueden ocasionar ambas represas.<strong>&nbsp;\u201cLas mega-represas son consideradas como una fuente obsoleta de energ\u00eda. Este proyecto es hacer energ\u00eda a cualquier costo y sacrificio\u201d,&nbsp;<\/strong>denunci\u00f3 el abogado Andr\u00e9s Napoli, director Ejecutivo de Fundaci\u00f3n Ambiente y Recursos Naturales (FARN) en el documental Matar al r\u00edo.<\/p>\n\n\n\n<p>Por su parte, en un documento, de FARN, tambi\u00e9n se expidi\u00f3 en contra y asegur\u00f3 que \u201csu construcci\u00f3n podr\u00eda constituir un potencial riesgo a la preservaci\u00f3n de los glaciares en la cuenca del Lago Argentino\u201d.<strong>&nbsp;\u201cSi bien el complejo no se encuentra emplazado en una zona glacial o periglacial podr\u00eda afectar el ciclo natural de los glaciares\u201d<\/strong>, agregaron.<\/p>\n\n\n\n<p>\u201cEn los estudios presentados por la APN se reconoce que el Plan de Gesti\u00f3n Ambiental fue suspendido por la pandemia, mientras las obras avanzan sin contar con informaci\u00f3n cient\u00edfica b\u00e1sica para ponderar los riesgos ambientales.&nbsp;Estos evidencian un porcentaje sumamente bajo de monitoreo de especies protegidas, como el mac\u00e1 tobiano (3%), del cual, adem\u00e1s, no existen estudios actuales ni pasados que permitan conocer la din\u00e1mica y el uso temporal de las poblaciones en los estuarios\u201d, agregaron desde FARN.<img decoding=\"async\" class=\"\" src=\"https:\/\/cloudfront-us-east-1.images.arcpublishing.com\/infobae\/4PNS5VKOUVEING5CYPRDYLCI4I.jpg\" srcset=\"https:\/\/www.infobae.com\/new-resizer\/uss-b42SObd7c5VzXuZtjuv25i0=\/420x236\/filters:format(webp):quality(85)\/cloudfront-us-east-1.images.arcpublishing.com\/infobae\/4PNS5VKOUVEING5CYPRDYLCI4I.jpg 420w,https:\/\/www.infobae.com\/new-resizer\/0NLDhA6ejVbIYTfteSqV-QOyT-E=\/768x432\/filters:format(webp):quality(85)\/cloudfront-us-east-1.images.arcpublishing.com\/infobae\/4PNS5VKOUVEING5CYPRDYLCI4I.jpg 768w,https:\/\/www.infobae.com\/new-resizer\/6sYcdKBbxJaR_Ob8YSXdxeJbMvs=\/992x558\/filters:format(webp):quality(85)\/cloudfront-us-east-1.images.arcpublishing.com\/infobae\/4PNS5VKOUVEING5CYPRDYLCI4I.jpg 992w,https:\/\/www.infobae.com\/new-resizer\/B1WMv8kHcNNRXqACM_BWHN39MFU=\/1200x675\/filters:format(webp):quality(85)\/cloudfront-us-east-1.images.arcpublishing.com\/infobae\/4PNS5VKOUVEING5CYPRDYLCI4I.jpg 1200w,https:\/\/www.infobae.com\/new-resizer\/neMPPkxCk864yuPib648d7Fe7bw=\/1440x810\/filters:format(webp):quality(85)\/cloudfront-us-east-1.images.arcpublishing.com\/infobae\/4PNS5VKOUVEING5CYPRDYLCI4I.jpg 1440w\" alt=\"El r\u00edo Santa Cruz se desbordar\u00eda una vez terminada la construcci\u00f3n de la represa. Foto: cortes\u00eda de Flickr\/Mariono Manuel.\" width=\"1920\" height=\"1080\">El r\u00edo Santa Cruz se desbordar\u00eda una vez terminada la construcci\u00f3n de la represa. Foto: cortes\u00eda de Flickr\/Mariono Manuel.<\/p>\n\n\n\n<p>\u201cUn proyecto cuyo objetivo principal es sostener el v\u00ednculo con China, mientras hipoteca nuestros bienes naturales, desoye las advertencias cient\u00edficas y no respeta los derechos de las comunidades originarias, no puede seguir avanzando\u201d, sentenciaron desde FARN.<\/p>\n\n\n\n<p><strong>\u201cLas autoridades conocen las leyes. Saben c\u00f3mo debe funcionar esto\u201d<\/strong>, le dijo a&nbsp;<em>Mongabay<\/em>&nbsp;Cristian Fern\u00e1ndez, de la Fundaci\u00f3n Banco de Bosques para el Manejo Sustentable de los Recursos Naturales, una de las organizaciones que luchan contra el proyecto en los tribunales. Las organizaciones Aves Argentinas y Vida Silvestre tambi\u00e9n han participado en el proceso judicial.<strong>&nbsp;\u201cEl problema es que no les importa. No les importa porque quieren sacar adelante el proyecto a toda costa<\/strong>&nbsp;Espero de todo coraz\u00f3n que la Corte Suprema tome cartas en el asunto y detenga las obras porque se trata de algo m\u00e1s que violar un mont\u00f3n de leyes ambientales.&nbsp;<strong>Se trata del da\u00f1o que se est\u00e1 haciendo a la biodiversidad, a los glaciares\u201d<\/strong><strong>,&nbsp;<\/strong>agreg\u00f3 Fern\u00e1ndez.<\/p>\n\n\n\n<p><strong>El duro documento de Fundaci\u00f3n Silvestre Argentina<\/strong><\/p>\n\n\n\n<p>En un documento, que fue publicado en su p\u00e1gina oficial en 2017, Fundaci\u00f3n Vida Silvestre Argentina busc\u00f3 derribar los mitos en torno a la \u201cseguridad\u201d que presenta la construcci\u00f3n de estas represas sobre el R\u00edo Santa Cruz.<\/p>\n\n\n\n<p>El informe se base en cuatro ejes principales fueron.&nbsp;<strong>El primero es que el glaciar Perito Moreno no est\u00e1 a salvo.&nbsp;<\/strong>Seg\u00fan se\u00f1alaron en el escrito, aunque se hayan realizado modificaciones al proyecto original,<strong>&nbsp;\u201cla nueva cota del Embalse de la represa N\u00e9stor Kirchner no asegura el total desacople del lago Argentino, ni la consecuente afectaci\u00f3n del glaciar Perito Moreno. Un verdadero desacople significa que las represas deber\u00edan trabajar tanto a su m\u00ednima como a su m\u00e1xima altura SIN afectar al lago Argentino\u201d<\/strong>. En ese sentido, aseguraron que \u201clas represas N. Kirchner tendr\u00e1 una afectaci\u00f3n sobre el lago y podr\u00eda afectar la din\u00e1mica h\u00eddrica de los glaciares Perito Moreno, Upsala y Spegazzini\u201d. \u201cLo m\u00e1s alarmante es que si las represas no son operadas de manera precisa, podr\u00edan elevar la cota del lago Argentino muy por encima de su altura normal, impactando seriamente sobre el Parque Nacional Los Glaciares\u201d, advirtieron.<img decoding=\"async\" class=\"\" src=\"https:\/\/cloudfront-us-east-1.images.arcpublishing.com\/infobae\/LRNVSEQURRCSBOLP4MMDK7EJQM.jpg\" srcset=\"https:\/\/www.infobae.com\/new-resizer\/-t1_tqCT_QyXZlfyn9xZqe8AvoU=\/420x236\/filters:format(webp):quality(85)\/cloudfront-us-east-1.images.arcpublishing.com\/infobae\/LRNVSEQURRCSBOLP4MMDK7EJQM.jpg 420w,https:\/\/www.infobae.com\/new-resizer\/pvQi1LVOlGB5GEomGFJ1t_h1D80=\/768x432\/filters:format(webp):quality(85)\/cloudfront-us-east-1.images.arcpublishing.com\/infobae\/LRNVSEQURRCSBOLP4MMDK7EJQM.jpg 768w,https:\/\/www.infobae.com\/new-resizer\/vQNJodFOStsIbCP-SwuxgqVJ6MU=\/992x558\/filters:format(webp):quality(85)\/cloudfront-us-east-1.images.arcpublishing.com\/infobae\/LRNVSEQURRCSBOLP4MMDK7EJQM.jpg 992w,https:\/\/www.infobae.com\/new-resizer\/iwku-_QTn3GMBRnf5B_WZW-0fzc=\/1200x675\/filters:format(webp):quality(85)\/cloudfront-us-east-1.images.arcpublishing.com\/infobae\/LRNVSEQURRCSBOLP4MMDK7EJQM.jpg 1200w,https:\/\/www.infobae.com\/new-resizer\/rFXswDWVrm1jH81rtRVFagzHenM=\/1440x810\/filters:format(webp):quality(85)\/cloudfront-us-east-1.images.arcpublishing.com\/infobae\/LRNVSEQURRCSBOLP4MMDK7EJQM.jpg 1440w\" alt=\"Una maqueta de la Represa Jorge Cepernic\" width=\"1920\" height=\"1080\">Una maqueta de la Represa Jorge Cepernic<\/p>\n\n\n\n<p><strong>El segundo eje es: Biodiversidad y cultura en riesgo.&nbsp;<\/strong>\u201cLas modificaciones realizadas al proyecto hidroel\u00e9ctrico original resultan cosm\u00e9ticas e insuficientes para evitar el da\u00f1o ambiental a la flora, la fauna, el paisaje y al ecosistema entero del R\u00edo Santa Cruz\u201d, alertaron desde la Fundaci\u00f3n y aseguraron que \u201clas represas inundar\u00e1n \u00e1reas prioritarias e irremplazables para la biodiversidad, afectar\u00e1n a los peces migradores, contribuir\u00e1 a la extinci\u00f3n a una especie end\u00e9mica como el Mac\u00e1 Tobiano (monumento natural provincial) y sepultar\u00e1n bajo el agua el enorme valor cultural del patrimonio arqueol\u00f3gico de la Patagonia\u201d.<\/p>\n\n\n\n<p>Pero eso no es todo, ya que desde Vida Silvestre destacaron que estas obras<strong>&nbsp;\u201csepultar\u00e1n definitivamente bajo el agua pinturas rupestres y petroglifos estampados con belleza por grupos que habitaron hace casi 10 mil a\u00f1os esta meseta esteparia\u201d<\/strong>. \u201cUn sitio particularmente sensible es el ca\u00f1ad\u00f3n de Yaten Guajen, que en la lengua tehuelche quiere decir \u201cpiedra pintada\u201d. Ser\u00e1 importante e hist\u00f3rico, pero quedar\u00e1 inundado si se construye el embalse Jorge Cepernic. Se trata de un da\u00f1o permanente desde el punto de vista arqueol\u00f3gico\u201d, aseguraron, ya que \u201cno s\u00f3lo hay dibujos de manos, pies y de fauna en las paredes de las monta\u00f1as, aleros y cuevas, sino que tambi\u00e9n hay gran cantidad de material l\u00edtico y restos \u00f3seos. Los pobladores que all\u00ed vivieron eran cazadores recolectores, que se sosten\u00edan gracias al guanaco\u201d.<\/p>\n\n\n\n<p><strong>\u201cLa energ\u00eda no queda en Santa Cruz\u201d, es el tercer eje.&nbsp;<\/strong>Otro de los puntos abordados por Vida Silvestre es qui\u00e9nes ser\u00e1n los verdaderos beneficiarios de este proyecto. Aunque aclararon que \u201cno brindar\u00e1 energ\u00eda a la Patagonia\u2019\u2019. \u201cDe esta manera, se alterar\u00e1 el paisaje de rutas esc\u00e9nicas y la energ\u00eda generada en la provincia de Santa Cruz, pero ser\u00e1 transportada hacia los grandes centros urbanos para su consumo. As\u00ed, los santacruce\u00f1os deber\u00e1n soportar los costos ambientales de la obra sin recibir los beneficios energ\u00e9ticos de la misma, m\u00e1s all\u00e1 de las regal\u00edas (12%)\u201d, explicaron.<img loading=\"lazy\" decoding=\"async\" class=\"\" src=\"https:\/\/cloudfront-us-east-1.images.arcpublishing.com\/infobae\/U2DNGRW2LVCPRPKCIQ6GNIQ5PI.jpg\" srcset=\"https:\/\/www.infobae.com\/new-resizer\/4HWvQGp7XlIeWVD3Uq3YglGs87A=\/420x236\/filters:format(webp):quality(85)\/cloudfront-us-east-1.images.arcpublishing.com\/infobae\/U2DNGRW2LVCPRPKCIQ6GNIQ5PI.jpg 420w,https:\/\/www.infobae.com\/new-resizer\/gOR2RaJfD7GLSi207VanCrSFZRk=\/768x432\/filters:format(webp):quality(85)\/cloudfront-us-east-1.images.arcpublishing.com\/infobae\/U2DNGRW2LVCPRPKCIQ6GNIQ5PI.jpg 768w,https:\/\/www.infobae.com\/new-resizer\/r7rogJv-C_IZYq3LS_ajEnvFDIM=\/992x558\/filters:format(webp):quality(85)\/cloudfront-us-east-1.images.arcpublishing.com\/infobae\/U2DNGRW2LVCPRPKCIQ6GNIQ5PI.jpg 992w,https:\/\/www.infobae.com\/new-resizer\/a35qL08wsgzC29sXbBloznm_QGY=\/1200x675\/filters:format(webp):quality(85)\/cloudfront-us-east-1.images.arcpublishing.com\/infobae\/U2DNGRW2LVCPRPKCIQ6GNIQ5PI.jpg 1200w,https:\/\/www.infobae.com\/new-resizer\/b11nmsVjNHs7EscubHTs9I38qfA=\/1440x810\/filters:format(webp):quality(85)\/cloudfront-us-east-1.images.arcpublishing.com\/infobae\/U2DNGRW2LVCPRPKCIQ6GNIQ5PI.jpg 1440w\" alt=\"Las inundaciones podr\u00edan afectar las zonas de cr\u00eda de aves en peligro de extinci\u00f3n, como el cauqu\u00e9n colorado. Foto: cortes\u00eda de Flickr\/David Cook.\" width=\"1920\" height=\"1080\">Las inundaciones podr\u00edan afectar las zonas de cr\u00eda de aves en peligro de extinci\u00f3n, como el cauqu\u00e9n colorado. Foto: cortes\u00eda de Flickr\/David Cook.<\/p>\n\n\n\n<p><strong>El cuarto eje es: Las megarepresas no son energ\u00eda renovable.&nbsp;<\/strong>Las represas son consideradas por muchos como fuentes de energ\u00eda renovable, pero lo cier5to es que desde Vida Silvestre desestimaron esta postura. \u201cLas represas Kirchner y Cepernic generar\u00e1n 1310 MW de manera que no pueden ser consideradas energ\u00eda renovable. Para advertirlo basta con leer el R\u00e9gimen de Fomento Nacional para el uso de Fuentes Renovables de Energ\u00eda. En efecto, el art. 2 inc. b) de la Ley 27.191 establece que \u2018el l\u00edmite de potencia establecido por la presente ley para los proyectos de centrales hidroel\u00e9ctricas, ser\u00e1 de hasta cincuenta megavatios (50 MW)\u2019\u201d. \u201cLas megarepresas no son energ\u00eda renovable y representan una forma de energ\u00eda obsoleta en el mundo actual\u201d, afirmaron y destacaron que contribuir\u00e1n con el calentamiento global, ya que \u201d la inundaci\u00f3n de \u00e1reas con biomasa provocada por los embalses genera metano, un gas efecto invernadero con un poder de contaminaci\u00f3n 21 veces mayor que el di\u00f3xido de carbono\u201d.<\/p>\n\n\n\n<p>\u201cAl contrario que los lagos naturales, los embalses tienden a inundar grandes extensiones de materia org\u00e1nica que, en la medida que se va descomponiendo, produce di\u00f3xido de carbono, metano y \u00f3xido nitroso. Estos embalses tambi\u00e9n reciben de los r\u00edos abundante materia org\u00e1nica y nutrientes, como nitr\u00f3geno y f\u00f3sforo; lo que estimula la producci\u00f3n de gases contaminantes\u201d, concluyeron en el escrito.<\/p>\n\n\n\n<p><strong>Hay m\u00e1s de mil glaciares en la cuenca del r\u00edo Santa Cruz,<\/strong>&nbsp;tres de los cuales est\u00e1n en contacto&nbsp;<strong>con uno de los lagos<\/strong>, seg\u00fan un comunicado del Instituto Argentino de Nivolog\u00eda, Glaciolog\u00eda y Ciencias Ambientales (IANIGLA).&nbsp;La organizaci\u00f3n inform\u00f3 que los sistemas fluviales y lacustres tienen un impacto directo en los movimientos de los glaciares y en las tasas de derretimiento.<img loading=\"lazy\" decoding=\"async\" class=\"\" src=\"https:\/\/cloudfront-us-east-1.images.arcpublishing.com\/infobae\/4KXNY3ACQVFHTHRHVKJK77QMYU.jpg\" srcset=\"https:\/\/www.infobae.com\/new-resizer\/_XvRDoQkzptRHgpP6_rsHSFwbBo=\/420x280\/filters:format(webp):quality(85)\/cloudfront-us-east-1.images.arcpublishing.com\/infobae\/4KXNY3ACQVFHTHRHVKJK77QMYU.jpg 420w,https:\/\/www.infobae.com\/new-resizer\/W-WrX8wnSK0Ha-u6rlY7nuqI3Wk=\/768x512\/filters:format(webp):quality(85)\/cloudfront-us-east-1.images.arcpublishing.com\/infobae\/4KXNY3ACQVFHTHRHVKJK77QMYU.jpg 768w,https:\/\/www.infobae.com\/new-resizer\/S6YX5aCcT3D6BG72_4bf22yV8Kk=\/992x661\/filters:format(webp):quality(85)\/cloudfront-us-east-1.images.arcpublishing.com\/infobae\/4KXNY3ACQVFHTHRHVKJK77QMYU.jpg 992w,https:\/\/www.infobae.com\/new-resizer\/aUOcMFotA1GbIRvFs2mmWm1g96I=\/1200x800\/filters:format(webp):quality(85)\/cloudfront-us-east-1.images.arcpublishing.com\/infobae\/4KXNY3ACQVFHTHRHVKJK77QMYU.jpg 1200w,https:\/\/www.infobae.com\/new-resizer\/aPfivNvl7jIyhAtQXM6bKD55DKk=\/1440x960\/filters:format(webp):quality(85)\/cloudfront-us-east-1.images.arcpublishing.com\/infobae\/4KXNY3ACQVFHTHRHVKJK77QMYU.jpg 1440w\" alt=\"Las represas se est\u00e1n construyendo en el r\u00edo Santa Cruz, de 380 kil\u00f3metros de longitud, el mayor curso de agua del sur de Argentina\n(Axel Indik)\" width=\"1920\" height=\"1280\">Las represas se est\u00e1n construyendo en el r\u00edo Santa Cruz, de 380 kil\u00f3metros de longitud, el mayor curso de agua del sur de Argentina (Axel Indik)<\/p>\n\n\n\n<p>De acuerdo con la Administraci\u00f3n de Parques Nacionales, se espera que el proyecto de la represa<strong>&nbsp;inunde cerca de treinta y cinco mil hect\u00e1reas de los alrededores.<\/strong><\/p>\n\n\n\n<p>Las inundaciones y otros cambios en la zona circundante podr\u00edan tambi\u00e9n tener repercusiones negativas a largo plazo en las \u00e1reas de cr\u00eda de aves como el cauqu\u00e9n colorado (<em>Chloephaga rubidiceps<\/em>) y el zampull\u00edn de pico grueso (<em>Podilymbus podiceps<\/em>). La Administraci\u00f3n de Parques Nacionales dijo que la flora terrestre, en gran parte end\u00e9mica, quedar\u00eda destruida de forma permanente e irreversible por la inundaci\u00f3n.<\/p>\n\n\n\n<p>El complejo es construido por la Uni\u00f3n Transitoria de Empresas Represas Patagonia,&nbsp;<strong>una asociaci\u00f3n entre la firma china Gezhouba Group Company e Hidrocuyo S.A. y Electroingenier\u00eda S.A., con financiaci\u00f3n de varios bancos de desarrollo chinos.&nbsp;<\/strong>El proyecto se ha incorporado a la&nbsp;Iniciativa de la Franja y la Ruta&nbsp;de China, plan destinado a reforzar las relaciones internacionales de Pek\u00edn mediante el desarrollo de infraestructuras en m\u00e1s de 140 pa\u00edses.<\/p>\n\n\n\n<p>A lo largo del 2020, las organizaciones ecologistas de Argentina escribieron cartas al Ministerio de Comercio de China y a otras autoridades del pa\u00eds para reiterar sus quejas sobre la represa. De acuerdo con la Fundaci\u00f3n Ambiente y Recursos Naturales (FARN) \u2014otra organizaci\u00f3n involucrada en el proceso judicial\u2014, nunca recibieron una respuesta.<\/p>\n\n\n\n<p><strong>M\u00e1s estudios ambientales<\/strong><\/p>\n\n\n\n<p>El complejo de la represa, como la mayor\u00eda de los grandes proyectos de infraestructuras, estuvo sujeto a estudios de impacto ambiental durante su elaboraci\u00f3n, de modo que pudieran hacerse cambios para mitigar las posibles consecuencias. Sin embargo, en este caso,&nbsp;<strong>seg\u00fan numerosas organizaciones que los revisaron en una demanda presentada en la Corte Suprema, los estudios estaban plagados de imprecisiones y falta de detalles.<\/strong><img loading=\"lazy\" decoding=\"async\" class=\"\" src=\"https:\/\/cloudfront-us-east-1.images.arcpublishing.com\/infobae\/N7KO27QDQZG5NIZMXGZMDXERLY.jpg\" srcset=\"https:\/\/www.infobae.com\/new-resizer\/5eLonolx9Cr3BXwYewsaxt-H9mI=\/420x236\/filters:format(webp):quality(85)\/cloudfront-us-east-1.images.arcpublishing.com\/infobae\/N7KO27QDQZG5NIZMXGZMDXERLY.jpg 420w,https:\/\/www.infobae.com\/new-resizer\/iZKPbdYxyGy1yMSPvvg6VoVcjNc=\/768x432\/filters:format(webp):quality(85)\/cloudfront-us-east-1.images.arcpublishing.com\/infobae\/N7KO27QDQZG5NIZMXGZMDXERLY.jpg 768w,https:\/\/www.infobae.com\/new-resizer\/SEa8MtGL8tbpk8ChAKpV7k4tV-4=\/992x558\/filters:format(webp):quality(85)\/cloudfront-us-east-1.images.arcpublishing.com\/infobae\/N7KO27QDQZG5NIZMXGZMDXERLY.jpg 992w,https:\/\/www.infobae.com\/new-resizer\/j3HR-LYrTSAuogq6AKXnWjTKq6Q=\/1200x675\/filters:format(webp):quality(85)\/cloudfront-us-east-1.images.arcpublishing.com\/infobae\/N7KO27QDQZG5NIZMXGZMDXERLY.jpg 1200w,https:\/\/www.infobae.com\/new-resizer\/e1TWm_gOOY1Am6ILo_FhmQZwF9I=\/1440x810\/filters:format(webp):quality(85)\/cloudfront-us-east-1.images.arcpublishing.com\/infobae\/N7KO27QDQZG5NIZMXGZMDXERLY.jpg 1440w\" alt=\"A lo largo del 2020, las organizaciones ecologistas de Argentina escribieron cartas al Ministerio de Comercio de China y a otras autoridades del pa\u00eds para reiterar sus quejas sobre la represa. De acuerdo con la Fundaci\u00f3n Ambiente y Recursos Naturales (FARN) \u2014otra organizaci\u00f3n involucrada en el proceso judicial\u2014, nunca recibieron una respuesta\n(Axel Indik)\" width=\"1920\" height=\"1079\">A lo largo del 2020, las organizaciones ecologistas de Argentina escribieron cartas al Ministerio de Comercio de China y a otras autoridades del pa\u00eds para reiterar sus quejas sobre la represa. De acuerdo con la Fundaci\u00f3n Ambiente y Recursos Naturales (FARN) \u2014otra organizaci\u00f3n involucrada en el proceso judicial\u2014, nunca recibieron una respuesta (Axel Indik)<\/p>\n\n\n\n<p>El a\u00f1o pasado<strong>, la Administraci\u00f3n de Parques Nacionales se\u00f1al\u00f3 que los estudios carec\u00edan de datos suficientes sobre los patrones migratorios de las aves y los peces ex\u00f3ticos e inst\u00f3 a los funcionarios a continuar analizando el posible impacto en los ecosistemas locales.&nbsp;<\/strong>La declaraci\u00f3n de IANIGLA ante la Corte Suprema dec\u00eda que los estudios se basaban, en gran medida, en informaci\u00f3n obsoleta de una investigaci\u00f3n de 1996 sobre los glaciares y que algunas partes de su an\u00e1lisis eran<strong>&nbsp;\u201cd\u00e9biles\u201d.<\/strong><\/p>\n\n\n\n<p>En una conclusi\u00f3n similar presentada en mayo del a\u00f1o pasado, el Instituto Nacional de Prevenci\u00f3n S\u00edsmica (INPRES) dijo que algunos datos geol\u00f3gicos y s\u00edsmicos de los estudios eran&nbsp;<strong>\u201ccuestionables\u201d<\/strong>&nbsp;y que los tipos de suelo alrededor de las represas \u2014un factor importante para determinar la actividad s\u00edsmica\u2014 nunca se mencionaron en los estudios originales.&nbsp;<strong>\u201cLos estudios realizados no permiten confirmar la completa sustentabilidad [del proyecto]\u201d, coment\u00f3 el INPRES en un comunicado.<\/strong><\/p>\n\n\n\n<p>Algunos de los trabajos de an\u00e1lisis del suelo se han realizado con fractura hidr\u00e1ulica, o&nbsp;<em>fracking<\/em>, un m\u00e9todo para abrir el suelo mediante la inyecci\u00f3n de l\u00edquido a alta presi\u00f3n.<strong>&nbsp;Esto podr\u00eda haber contribuido a dos terremotos a principios del a\u00f1o pasado<\/strong>&nbsp;en la falla geol\u00f3gica del r\u00edo Bote, en el lado oeste del r\u00edo Santa Cruz, seg\u00fan comenta el INPRES.<\/p>\n\n\n\n<p><strong>\u201cUtilizar el m\u00e9todo del&nbsp;<\/strong><em><strong>fracking<\/strong><\/em><strong>&nbsp;es una total locura\u201d<\/strong>, dijo la Fundaci\u00f3n Banco Forestal a la Corte Suprema de Justicia en un comunicado<strong>. \u201cEstamos en presencia de una zona s\u00edsmicamente activa\u201d.&nbsp;<\/strong>A pesar de estos riesgos geol\u00f3gicos, no se conocen planes para trasladar el proyecto fuera de la zona y evitar as\u00ed que se produzcan m\u00e1s terremotos.<img loading=\"lazy\" decoding=\"async\" class=\"\" src=\"https:\/\/cloudfront-us-east-1.images.arcpublishing.com\/infobae\/D4CP4EG5SRAANI27MFMECL4LMY.jpg\" srcset=\"https:\/\/www.infobae.com\/new-resizer\/3hl3yWvmlCvMP56GjBQoHLEDZCw=\/420x236\/filters:format(webp):quality(85)\/cloudfront-us-east-1.images.arcpublishing.com\/infobae\/D4CP4EG5SRAANI27MFMECL4LMY.jpg 420w,https:\/\/www.infobae.com\/new-resizer\/87wUuOOy9w--31lK-neAiWLikAY=\/768x432\/filters:format(webp):quality(85)\/cloudfront-us-east-1.images.arcpublishing.com\/infobae\/D4CP4EG5SRAANI27MFMECL4LMY.jpg 768w,https:\/\/www.infobae.com\/new-resizer\/pjr5v8zmf-Hf9EO97lVk4T80bYU=\/992x558\/filters:format(webp):quality(85)\/cloudfront-us-east-1.images.arcpublishing.com\/infobae\/D4CP4EG5SRAANI27MFMECL4LMY.jpg 992w,https:\/\/www.infobae.com\/new-resizer\/AXsMAHgDb39o4B0brDP67S-MJ0w=\/1200x675\/filters:format(webp):quality(85)\/cloudfront-us-east-1.images.arcpublishing.com\/infobae\/D4CP4EG5SRAANI27MFMECL4LMY.jpg 1200w,https:\/\/www.infobae.com\/new-resizer\/nmj3CE7lhcGbRzyr056uk6LH50Y=\/1440x810\/filters:format(webp):quality(85)\/cloudfront-us-east-1.images.arcpublishing.com\/infobae\/D4CP4EG5SRAANI27MFMECL4LMY.jpg 1440w\" alt=\"Otro montaje de una de las represas\" width=\"1920\" height=\"1079\">Otro montaje de una de las represas<\/p>\n\n\n\n<p><strong>Contra el patrimonio cultural<\/strong><\/p>\n\n\n\n<p><strong>La comunidad mapuche de Lof Fem Mapu<\/strong>, en Santa Cruz, present\u00f3 una demanda en 2017 \u2014a la que m\u00e1s tarde se sumaron otras catorce comunidades\u2014 en la que ped\u00eda que se les consultara debidamente sobre las dimensiones del proyecto, ya que&nbsp;<strong>podr\u00eda impactar de manera negativa en el patrimonio cultural, sobre todo al alterar el flujo del r\u00edo, importante para su sistema de creencias.<\/strong><\/p>\n\n\n\n<p><strong>\u201cJam\u00e1s se nos habr\u00eda ocurrido represar un r\u00edo\u201d<\/strong>, dijo a Mongabay Sergio Nahuelquir, l\u00edder de la comunidad mapuche. \u201cPorque todo lo que existe, la biodiversidad, las monta\u00f1as, el r\u00edo, los p\u00e1jaros, las propias piedras, todo eso tiene una fuerza vital para nosotros, un esp\u00edritu y una energ\u00eda. Esa energ\u00eda ayuda a los seres humanos a vivir\u201d.<\/p>\n\n\n\n<p>La demanda fue presentada contra el Ministerio de Energ\u00eda y Minas, el Ministerio de Ambiente y Desarrollo Sostenible, el Instituto Nacional de Asuntos Ind\u00edgenas, as\u00ed como tambi\u00e9n la provincia de Santa Cruz, entre otras entidades regionales.&nbsp;<strong>La constructora, Represas Patagonia, tambi\u00e9n figuraba como demandada.<\/strong><\/p>\n\n\n\n<p>\u201cEl derecho a la consulta previa, libre e informada a\u00fan no ha sido garantizado ni hecho efectivo, tanto para la comunidad Lof Fem Mapu como para las otras comunidades ind\u00edgenas que pueden ver afectados sus derechos con la ejecuci\u00f3n del proyecto\u201d, se\u00f1ala la demanda. \u201c[Esto es] a pesar de que [los dise\u00f1adores del proyecto] ya han comenzado el desarrollo preliminar y est\u00e1n pr\u00f3ximos a iniciar las obras principales\u201d.<\/p>\n\n\n\n<p>Antes de que se inicie la construcci\u00f3n de la represa, las autoridades est\u00e1n obligadas por ley a reunirse con los residentes para discutir el impacto del proyecto en sus comunidades. Sin embargo,\u00a0<strong>los l\u00edderes ind\u00edgenas afirman que el proceso de consulta nunca se llev\u00f3 a cabo.\u00a0<\/strong>Otros afirman que solo tuvieron noticias de los funcionarios cuando la construcci\u00f3n ya hab\u00eda comenzado, de acuerdo con la demanda.<\/p>\n\n\n\n<p>Fuente: <\/p>\n","protected":false},"excerpt":{"rendered":"","protected":false},"author":6,"featured_media":76179,"comment_status":"open","ping_status":"open","sticky":false,"template":"","format":"standard","meta":{"site-sidebar-layout":"default","site-content-layout":"","ast-site-content-layout":"default","site-content-style":"default","site-sidebar-style":"default","ast-global-header-display":"","ast-banner-title-visibility":"","ast-main-header-display":"","ast-hfb-above-header-display":"","ast-hfb-below-header-display":"","ast-hfb-mobile-header-display":"","site-post-title":"","ast-breadcrumbs-content":"","ast-featured-img":"","footer-sml-layout":"","ast-disable-related-posts":"","theme-transparent-header-meta":"","adv-header-id-meta":"","stick-header-meta":"","header-above-stick-meta":"","header-main-stick-meta":"","header-below-stick-meta":"","astra-migrate-meta-layouts":"default","ast-page-background-enabled":"default","ast-page-background-meta":{"desktop":{"background-color":"var(--ast-global-color-5)","background-image":"","background-repeat":"repeat","background-position":"center center","background-size":"auto","background-attachment":"scroll","background-type":"","background-media":"","overlay-type":"","overlay-color":"","overlay-opacity":"","overlay-gradient":""},"tablet":{"background-color":"","background-image":"","background-repeat":"repeat","background-position":"center center","background-size":"auto","background-attachment":"scroll","background-type":"","background-media":"","overlay-type":"","overlay-color":"","overlay-opacity":"","overlay-gradient":""},"mobile":{"background-color":"","background-image":"","background-repeat":"repeat","background-position":"center center","background-size":"auto","background-attachment":"scroll","background-type":"","background-media":"","overlay-type":"","overlay-color":"","overlay-opacity":"","overlay-gradient":""}},"ast-content-background-meta":{"desktop":{"background-color":"var(--ast-global-color-4)","background-image":"","background-repeat":"repeat","background-position":"center center","background-size":"auto","background-attachment":"scroll","background-type":"","background-media":"","overlay-type":"","overlay-color":"","overlay-opacity":"","overlay-gradient":""},"tablet":{"background-color":"var(--ast-global-color-4)","background-image":"","background-repeat":"repeat","background-position":"center center","background-size":"auto","background-attachment":"scroll","background-type":"","background-media":"","overlay-type":"","overlay-color":"","overlay-opacity":"","overlay-gradient":""},"mobile":{"background-color":"var(--ast-global-color-4)","background-image":"","background-repeat":"repeat","background-position":"center center","background-size":"auto","background-attachment":"scroll","background-type":"","background-media":"","overlay-type":"","overlay-color":"","overlay-opacity":"","overlay-gradient":""}},"footnotes":""},"categories":[11,1,13,10,20],"tags":[],"class_list":["post-76178","post","type-post","status-publish","format-standard","has-post-thumbnail","hentry","category-boletin","category-noticias","category-provinciales","category-rotador","category-santa-cruz"],"yoast_head":"<!-- This site is optimized with the Yoast SEO Premium plugin v23.0 (Yoast SEO v27.4) - https:\/\/yoast.com\/product\/yoast-seo-premium-wordpress\/ -->\n<title>Alerta Patagonia: el grave impacto ambiental de las dos represas que amenazan a los glaciares y la biodiversidad<\/title>\n<meta name=\"robots\" content=\"index, follow, max-snippet:-1, max-image-preview:large, max-video-preview:-1\" \/>\n<link rel=\"canonical\" href=\"https:\/\/patagoniambiental.com.ar\/info\/alerta-patagonia-el-grave-impacto-ambiental-de-las-dos-represas-que-amenazan-a-los-glaciares-y-la-biodiversidad\/\" \/>\n<meta property=\"og:locale\" content=\"es_ES\" \/>\n<meta property=\"og:type\" content=\"article\" \/>\n<meta property=\"og:title\" content=\"Alerta Patagonia: el grave impacto ambiental de las dos represas que amenazan a los glaciares y la biodiversidad\" \/>\n<meta property=\"og:url\" content=\"https:\/\/patagoniambiental.com.ar\/info\/alerta-patagonia-el-grave-impacto-ambiental-de-las-dos-represas-que-amenazan-a-los-glaciares-y-la-biodiversidad\/\" \/>\n<meta property=\"og:site_name\" content=\"Patagonia Ambiental\" \/>\n<meta property=\"article:publisher\" content=\"https:\/\/www.facebook.com\/patagonia.ambiental\" \/>\n<meta property=\"article:published_time\" content=\"2022-08-04T10:00:00+00:00\" \/>\n<meta property=\"article:modified_time\" content=\"2022-08-04T18:56:58+00:00\" \/>\n<meta property=\"og:image\" content=\"https:\/\/patagoniambiental.com.ar\/info\/wp-content\/uploads\/2022\/08\/Sin-titulo.png\" \/>\n\t<meta property=\"og:image:width\" content=\"690\" \/>\n\t<meta property=\"og:image:height\" content=\"457\" \/>\n\t<meta property=\"og:image:type\" content=\"image\/png\" \/>\n<meta name=\"author\" content=\"BRAIAN ESTEVEZ\" \/>\n<meta name=\"twitter:card\" content=\"summary_large_image\" \/>\n<meta name=\"twitter:creator\" content=\"@PatAmb\" \/>\n<meta name=\"twitter:site\" content=\"@PatAmb\" \/>\n<script type=\"application\/ld+json\" class=\"yoast-schema-graph\">{\"@context\":\"https:\\\/\\\/schema.org\",\"@graph\":[{\"@type\":\"Article\",\"@id\":\"https:\\\/\\\/patagoniambiental.com.ar\\\/info\\\/alerta-patagonia-el-grave-impacto-ambiental-de-las-dos-represas-que-amenazan-a-los-glaciares-y-la-biodiversidad\\\/#article\",\"isPartOf\":{\"@id\":\"https:\\\/\\\/patagoniambiental.com.ar\\\/info\\\/alerta-patagonia-el-grave-impacto-ambiental-de-las-dos-represas-que-amenazan-a-los-glaciares-y-la-biodiversidad\\\/\"},\"author\":{\"name\":\"BRAIAN ESTEVEZ\",\"@id\":\"https:\\\/\\\/patagoniambiental.com.ar\\\/info\\\/#\\\/schema\\\/person\\\/e5af09d700b2e82cb10c6b8800e0c691\"},\"headline\":\"Alerta Patagonia: el grave impacto ambiental de las dos represas que amenazan a los glaciares y la biodiversidad\",\"datePublished\":\"2022-08-04T10:00:00+00:00\",\"dateModified\":\"2022-08-04T18:56:58+00:00\",\"mainEntityOfPage\":{\"@id\":\"https:\\\/\\\/patagoniambiental.com.ar\\\/info\\\/alerta-patagonia-el-grave-impacto-ambiental-de-las-dos-represas-que-amenazan-a-los-glaciares-y-la-biodiversidad\\\/\"},\"wordCount\":2790,\"commentCount\":0,\"publisher\":{\"@id\":\"https:\\\/\\\/patagoniambiental.com.ar\\\/info\\\/#organization\"},\"image\":{\"@id\":\"https:\\\/\\\/patagoniambiental.com.ar\\\/info\\\/alerta-patagonia-el-grave-impacto-ambiental-de-las-dos-represas-que-amenazan-a-los-glaciares-y-la-biodiversidad\\\/#primaryimage\"},\"thumbnailUrl\":\"https:\\\/\\\/patagoniambiental.com.ar\\\/info\\\/wp-content\\\/uploads\\\/2022\\\/08\\\/Sin-titulo.png\",\"articleSection\":[\"Bolet\u00edn\",\"Noticias\",\"Provinciales\",\"Rotador\",\"Santa Cruz\"],\"inLanguage\":\"es\",\"potentialAction\":[{\"@type\":\"CommentAction\",\"name\":\"Comment\",\"target\":[\"https:\\\/\\\/patagoniambiental.com.ar\\\/info\\\/alerta-patagonia-el-grave-impacto-ambiental-de-las-dos-represas-que-amenazan-a-los-glaciares-y-la-biodiversidad\\\/#respond\"]}]},{\"@type\":\"WebPage\",\"@id\":\"https:\\\/\\\/patagoniambiental.com.ar\\\/info\\\/alerta-patagonia-el-grave-impacto-ambiental-de-las-dos-represas-que-amenazan-a-los-glaciares-y-la-biodiversidad\\\/\",\"url\":\"https:\\\/\\\/patagoniambiental.com.ar\\\/info\\\/alerta-patagonia-el-grave-impacto-ambiental-de-las-dos-represas-que-amenazan-a-los-glaciares-y-la-biodiversidad\\\/\",\"name\":\"Alerta Patagonia: el grave impacto ambiental de las dos represas que amenazan a los glaciares y la biodiversidad\",\"isPartOf\":{\"@id\":\"https:\\\/\\\/patagoniambiental.com.ar\\\/info\\\/#website\"},\"primaryImageOfPage\":{\"@id\":\"https:\\\/\\\/patagoniambiental.com.ar\\\/info\\\/alerta-patagonia-el-grave-impacto-ambiental-de-las-dos-represas-que-amenazan-a-los-glaciares-y-la-biodiversidad\\\/#primaryimage\"},\"image\":{\"@id\":\"https:\\\/\\\/patagoniambiental.com.ar\\\/info\\\/alerta-patagonia-el-grave-impacto-ambiental-de-las-dos-represas-que-amenazan-a-los-glaciares-y-la-biodiversidad\\\/#primaryimage\"},\"thumbnailUrl\":\"https:\\\/\\\/patagoniambiental.com.ar\\\/info\\\/wp-content\\\/uploads\\\/2022\\\/08\\\/Sin-titulo.png\",\"datePublished\":\"2022-08-04T10:00:00+00:00\",\"dateModified\":\"2022-08-04T18:56:58+00:00\",\"breadcrumb\":{\"@id\":\"https:\\\/\\\/patagoniambiental.com.ar\\\/info\\\/alerta-patagonia-el-grave-impacto-ambiental-de-las-dos-represas-que-amenazan-a-los-glaciares-y-la-biodiversidad\\\/#breadcrumb\"},\"inLanguage\":\"es\",\"potentialAction\":[{\"@type\":\"ReadAction\",\"target\":[\"https:\\\/\\\/patagoniambiental.com.ar\\\/info\\\/alerta-patagonia-el-grave-impacto-ambiental-de-las-dos-represas-que-amenazan-a-los-glaciares-y-la-biodiversidad\\\/\"]}]},{\"@type\":\"ImageObject\",\"inLanguage\":\"es\",\"@id\":\"https:\\\/\\\/patagoniambiental.com.ar\\\/info\\\/alerta-patagonia-el-grave-impacto-ambiental-de-las-dos-represas-que-amenazan-a-los-glaciares-y-la-biodiversidad\\\/#primaryimage\",\"url\":\"https:\\\/\\\/patagoniambiental.com.ar\\\/info\\\/wp-content\\\/uploads\\\/2022\\\/08\\\/Sin-titulo.png\",\"contentUrl\":\"https:\\\/\\\/patagoniambiental.com.ar\\\/info\\\/wp-content\\\/uploads\\\/2022\\\/08\\\/Sin-titulo.png\",\"width\":690,\"height\":457},{\"@type\":\"BreadcrumbList\",\"@id\":\"https:\\\/\\\/patagoniambiental.com.ar\\\/info\\\/alerta-patagonia-el-grave-impacto-ambiental-de-las-dos-represas-que-amenazan-a-los-glaciares-y-la-biodiversidad\\\/#breadcrumb\",\"itemListElement\":[{\"@type\":\"ListItem\",\"position\":1,\"name\":\"Inicio\",\"item\":\"https:\\\/\\\/patagoniambiental.com.ar\\\/info\\\/\"},{\"@type\":\"ListItem\",\"position\":2,\"name\":\"Alerta Patagonia: el grave impacto ambiental de las dos represas que amenazan a los glaciares y la biodiversidad\"}]},{\"@type\":\"WebSite\",\"@id\":\"https:\\\/\\\/patagoniambiental.com.ar\\\/info\\\/#website\",\"url\":\"https:\\\/\\\/patagoniambiental.com.ar\\\/info\\\/\",\"name\":\"Patagonia Ambiental\",\"description\":\"Monitoreo y an\u00e1lisis de la situaci\u00f3n geopol\u00edtica en el mundo y su implicancia en la Patagonia\",\"publisher\":{\"@id\":\"https:\\\/\\\/patagoniambiental.com.ar\\\/info\\\/#organization\"},\"potentialAction\":[{\"@type\":\"SearchAction\",\"target\":{\"@type\":\"EntryPoint\",\"urlTemplate\":\"https:\\\/\\\/patagoniambiental.com.ar\\\/info\\\/?s={search_term_string}\"},\"query-input\":{\"@type\":\"PropertyValueSpecification\",\"valueRequired\":true,\"valueName\":\"search_term_string\"}}],\"inLanguage\":\"es\"},{\"@type\":\"Organization\",\"@id\":\"https:\\\/\\\/patagoniambiental.com.ar\\\/info\\\/#organization\",\"name\":\"Patagonia Ambiental\",\"url\":\"https:\\\/\\\/patagoniambiental.com.ar\\\/info\\\/\",\"logo\":{\"@type\":\"ImageObject\",\"inLanguage\":\"es\",\"@id\":\"https:\\\/\\\/patagoniambiental.com.ar\\\/info\\\/#\\\/schema\\\/logo\\\/image\\\/\",\"url\":\"https:\\\/\\\/patagoniambiental.com.ar\\\/info\\\/wp-content\\\/uploads\\\/2025\\\/05\\\/LOGO-PATAGONIA-AMBIENTAL.png\",\"contentUrl\":\"https:\\\/\\\/patagoniambiental.com.ar\\\/info\\\/wp-content\\\/uploads\\\/2025\\\/05\\\/LOGO-PATAGONIA-AMBIENTAL.png\",\"width\":433,\"height\":250,\"caption\":\"Patagonia Ambiental\"},\"image\":{\"@id\":\"https:\\\/\\\/patagoniambiental.com.ar\\\/info\\\/#\\\/schema\\\/logo\\\/image\\\/\"},\"sameAs\":[\"https:\\\/\\\/www.facebook.com\\\/patagonia.ambiental\",\"https:\\\/\\\/x.com\\\/PatAmb\"]},{\"@type\":\"Person\",\"@id\":\"https:\\\/\\\/patagoniambiental.com.ar\\\/info\\\/#\\\/schema\\\/person\\\/e5af09d700b2e82cb10c6b8800e0c691\",\"name\":\"BRAIAN ESTEVEZ\",\"sameAs\":[\"http:\\\/\\\/www.patagoniambiental.com.ar\"]}]}<\/script>\n<!-- \/ Yoast SEO Premium plugin. -->","yoast_head_json":{"title":"Alerta Patagonia: el grave impacto ambiental de las dos represas que amenazan a los glaciares y la biodiversidad","robots":{"index":"index","follow":"follow","max-snippet":"max-snippet:-1","max-image-preview":"max-image-preview:large","max-video-preview":"max-video-preview:-1"},"canonical":"https:\/\/patagoniambiental.com.ar\/info\/alerta-patagonia-el-grave-impacto-ambiental-de-las-dos-represas-que-amenazan-a-los-glaciares-y-la-biodiversidad\/","og_locale":"es_ES","og_type":"article","og_title":"Alerta Patagonia: el grave impacto ambiental de las dos represas que amenazan a los glaciares y la biodiversidad","og_url":"https:\/\/patagoniambiental.com.ar\/info\/alerta-patagonia-el-grave-impacto-ambiental-de-las-dos-represas-que-amenazan-a-los-glaciares-y-la-biodiversidad\/","og_site_name":"Patagonia Ambiental","article_publisher":"https:\/\/www.facebook.com\/patagonia.ambiental","article_published_time":"2022-08-04T10:00:00+00:00","article_modified_time":"2022-08-04T18:56:58+00:00","og_image":[{"width":690,"height":457,"url":"https:\/\/patagoniambiental.com.ar\/info\/wp-content\/uploads\/2022\/08\/Sin-titulo.png","type":"image\/png"}],"author":"BRAIAN ESTEVEZ","twitter_card":"summary_large_image","twitter_creator":"@PatAmb","twitter_site":"@PatAmb","schema":{"@context":"https:\/\/schema.org","@graph":[{"@type":"Article","@id":"https:\/\/patagoniambiental.com.ar\/info\/alerta-patagonia-el-grave-impacto-ambiental-de-las-dos-represas-que-amenazan-a-los-glaciares-y-la-biodiversidad\/#article","isPartOf":{"@id":"https:\/\/patagoniambiental.com.ar\/info\/alerta-patagonia-el-grave-impacto-ambiental-de-las-dos-represas-que-amenazan-a-los-glaciares-y-la-biodiversidad\/"},"author":{"name":"BRAIAN ESTEVEZ","@id":"https:\/\/patagoniambiental.com.ar\/info\/#\/schema\/person\/e5af09d700b2e82cb10c6b8800e0c691"},"headline":"Alerta Patagonia: el grave impacto ambiental de las dos represas que amenazan a los glaciares y la biodiversidad","datePublished":"2022-08-04T10:00:00+00:00","dateModified":"2022-08-04T18:56:58+00:00","mainEntityOfPage":{"@id":"https:\/\/patagoniambiental.com.ar\/info\/alerta-patagonia-el-grave-impacto-ambiental-de-las-dos-represas-que-amenazan-a-los-glaciares-y-la-biodiversidad\/"},"wordCount":2790,"commentCount":0,"publisher":{"@id":"https:\/\/patagoniambiental.com.ar\/info\/#organization"},"image":{"@id":"https:\/\/patagoniambiental.com.ar\/info\/alerta-patagonia-el-grave-impacto-ambiental-de-las-dos-represas-que-amenazan-a-los-glaciares-y-la-biodiversidad\/#primaryimage"},"thumbnailUrl":"https:\/\/patagoniambiental.com.ar\/info\/wp-content\/uploads\/2022\/08\/Sin-titulo.png","articleSection":["Bolet\u00edn","Noticias","Provinciales","Rotador","Santa Cruz"],"inLanguage":"es","potentialAction":[{"@type":"CommentAction","name":"Comment","target":["https:\/\/patagoniambiental.com.ar\/info\/alerta-patagonia-el-grave-impacto-ambiental-de-las-dos-represas-que-amenazan-a-los-glaciares-y-la-biodiversidad\/#respond"]}]},{"@type":"WebPage","@id":"https:\/\/patagoniambiental.com.ar\/info\/alerta-patagonia-el-grave-impacto-ambiental-de-las-dos-represas-que-amenazan-a-los-glaciares-y-la-biodiversidad\/","url":"https:\/\/patagoniambiental.com.ar\/info\/alerta-patagonia-el-grave-impacto-ambiental-de-las-dos-represas-que-amenazan-a-los-glaciares-y-la-biodiversidad\/","name":"Alerta Patagonia: el grave impacto ambiental de las dos represas que amenazan a los glaciares y la biodiversidad","isPartOf":{"@id":"https:\/\/patagoniambiental.com.ar\/info\/#website"},"primaryImageOfPage":{"@id":"https:\/\/patagoniambiental.com.ar\/info\/alerta-patagonia-el-grave-impacto-ambiental-de-las-dos-represas-que-amenazan-a-los-glaciares-y-la-biodiversidad\/#primaryimage"},"image":{"@id":"https:\/\/patagoniambiental.com.ar\/info\/alerta-patagonia-el-grave-impacto-ambiental-de-las-dos-represas-que-amenazan-a-los-glaciares-y-la-biodiversidad\/#primaryimage"},"thumbnailUrl":"https:\/\/patagoniambiental.com.ar\/info\/wp-content\/uploads\/2022\/08\/Sin-titulo.png","datePublished":"2022-08-04T10:00:00+00:00","dateModified":"2022-08-04T18:56:58+00:00","breadcrumb":{"@id":"https:\/\/patagoniambiental.com.ar\/info\/alerta-patagonia-el-grave-impacto-ambiental-de-las-dos-represas-que-amenazan-a-los-glaciares-y-la-biodiversidad\/#breadcrumb"},"inLanguage":"es","potentialAction":[{"@type":"ReadAction","target":["https:\/\/patagoniambiental.com.ar\/info\/alerta-patagonia-el-grave-impacto-ambiental-de-las-dos-represas-que-amenazan-a-los-glaciares-y-la-biodiversidad\/"]}]},{"@type":"ImageObject","inLanguage":"es","@id":"https:\/\/patagoniambiental.com.ar\/info\/alerta-patagonia-el-grave-impacto-ambiental-de-las-dos-represas-que-amenazan-a-los-glaciares-y-la-biodiversidad\/#primaryimage","url":"https:\/\/patagoniambiental.com.ar\/info\/wp-content\/uploads\/2022\/08\/Sin-titulo.png","contentUrl":"https:\/\/patagoniambiental.com.ar\/info\/wp-content\/uploads\/2022\/08\/Sin-titulo.png","width":690,"height":457},{"@type":"BreadcrumbList","@id":"https:\/\/patagoniambiental.com.ar\/info\/alerta-patagonia-el-grave-impacto-ambiental-de-las-dos-represas-que-amenazan-a-los-glaciares-y-la-biodiversidad\/#breadcrumb","itemListElement":[{"@type":"ListItem","position":1,"name":"Inicio","item":"https:\/\/patagoniambiental.com.ar\/info\/"},{"@type":"ListItem","position":2,"name":"Alerta Patagonia: el grave impacto ambiental de las dos represas que amenazan a los glaciares y la biodiversidad"}]},{"@type":"WebSite","@id":"https:\/\/patagoniambiental.com.ar\/info\/#website","url":"https:\/\/patagoniambiental.com.ar\/info\/","name":"Patagonia Ambiental","description":"Monitoreo y an\u00e1lisis de la situaci\u00f3n geopol\u00edtica en el mundo y su implicancia en la Patagonia","publisher":{"@id":"https:\/\/patagoniambiental.com.ar\/info\/#organization"},"potentialAction":[{"@type":"SearchAction","target":{"@type":"EntryPoint","urlTemplate":"https:\/\/patagoniambiental.com.ar\/info\/?s={search_term_string}"},"query-input":{"@type":"PropertyValueSpecification","valueRequired":true,"valueName":"search_term_string"}}],"inLanguage":"es"},{"@type":"Organization","@id":"https:\/\/patagoniambiental.com.ar\/info\/#organization","name":"Patagonia Ambiental","url":"https:\/\/patagoniambiental.com.ar\/info\/","logo":{"@type":"ImageObject","inLanguage":"es","@id":"https:\/\/patagoniambiental.com.ar\/info\/#\/schema\/logo\/image\/","url":"https:\/\/patagoniambiental.com.ar\/info\/wp-content\/uploads\/2025\/05\/LOGO-PATAGONIA-AMBIENTAL.png","contentUrl":"https:\/\/patagoniambiental.com.ar\/info\/wp-content\/uploads\/2025\/05\/LOGO-PATAGONIA-AMBIENTAL.png","width":433,"height":250,"caption":"Patagonia Ambiental"},"image":{"@id":"https:\/\/patagoniambiental.com.ar\/info\/#\/schema\/logo\/image\/"},"sameAs":["https:\/\/www.facebook.com\/patagonia.ambiental","https:\/\/x.com\/PatAmb"]},{"@type":"Person","@id":"https:\/\/patagoniambiental.com.ar\/info\/#\/schema\/person\/e5af09d700b2e82cb10c6b8800e0c691","name":"BRAIAN ESTEVEZ","sameAs":["http:\/\/www.patagoniambiental.com.ar"]}]}},"_links":{"self":[{"href":"https:\/\/patagoniambiental.com.ar\/info\/wp-json\/wp\/v2\/posts\/76178","targetHints":{"allow":["GET"]}}],"collection":[{"href":"https:\/\/patagoniambiental.com.ar\/info\/wp-json\/wp\/v2\/posts"}],"about":[{"href":"https:\/\/patagoniambiental.com.ar\/info\/wp-json\/wp\/v2\/types\/post"}],"author":[{"embeddable":true,"href":"https:\/\/patagoniambiental.com.ar\/info\/wp-json\/wp\/v2\/users\/6"}],"replies":[{"embeddable":true,"href":"https:\/\/patagoniambiental.com.ar\/info\/wp-json\/wp\/v2\/comments?post=76178"}],"version-history":[{"count":0,"href":"https:\/\/patagoniambiental.com.ar\/info\/wp-json\/wp\/v2\/posts\/76178\/revisions"}],"wp:featuredmedia":[{"embeddable":true,"href":"https:\/\/patagoniambiental.com.ar\/info\/wp-json\/wp\/v2\/media\/76179"}],"wp:attachment":[{"href":"https:\/\/patagoniambiental.com.ar\/info\/wp-json\/wp\/v2\/media?parent=76178"}],"wp:term":[{"taxonomy":"category","embeddable":true,"href":"https:\/\/patagoniambiental.com.ar\/info\/wp-json\/wp\/v2\/categories?post=76178"},{"taxonomy":"post_tag","embeddable":true,"href":"https:\/\/patagoniambiental.com.ar\/info\/wp-json\/wp\/v2\/tags?post=76178"}],"curies":[{"name":"wp","href":"https:\/\/api.w.org\/{rel}","templated":true}]}}