{"id":76184,"date":"2022-08-05T19:00:00","date_gmt":"2022-08-05T22:00:00","guid":{"rendered":"http:\/\/patagoniambiental.com.ar\/info\/?p=76184"},"modified":"2022-08-05T20:59:05","modified_gmt":"2022-08-05T23:59:05","slug":"por-primera-vez-habra-servicios-nauticos-recreativos-y-gastronomicos-en-una-isla-del-rio-negro","status":"publish","type":"post","link":"https:\/\/patagoniambiental.com.ar\/info\/por-primera-vez-habra-servicios-nauticos-recreativos-y-gastronomicos-en-una-isla-del-rio-negro\/","title":{"rendered":"Por primera vez habr\u00e1 servicios n\u00e1uticos, recreativos y gastron\u00f3micos en una isla del r\u00edo Negro"},"content":{"rendered":"\n<!--more-->\n\n\n\n<p>Viedma.-El intendente Pedro Pesatti encabez\u00f3 la apertura de ofertas para la concesi\u00f3n del Complejo N\u00e1utico de La Isla.<br>Se trata del espacio insular cedido a la Municipalidad, ubicado frente a la bajada de lanchas, a unos 100 metros de la l\u00ednea de ribera.<br>\u00abSeguimos pensando en el r\u00edo como la principal fuente para desarrollarnos\u00bb, dijo al respecto el mandatario comunal.<br>El objetivo del Gobierno de Viedma es el de disponer en ese lugar de servicios recreativos, n\u00e1uticos y gastron\u00f3micos; y se suma a otras dos nuevas concesiones que ya se licitaron y que est\u00e1n en etapa de adjudicaci\u00f3n.<br>En esta oportunidad, se present\u00f3 la oferta del empresario Omar Pabletich, quien ofreci\u00f3 detalles de las obras a desarrollar en el futuro parador, y de los servicios a ofrecer.<br>El secretario de Turismo, Cultura y Deportes de la Municipalidad Juan Pablo Gorosito inform\u00f3 que esta concesi\u00f3n tiene la particularidad de incluir \u00abun espacio territorial para el desarrollo de deportes n\u00e1uticos\u00bb.<br>Gorosito destac\u00f3 adem\u00e1s la inversi\u00f3n del sector privado. \u00abJunto a la iniciativa estatal podremos dar fuentes de trabajo primero al sector de la Construcci\u00f3n, y despu\u00e9s al rubro gastron\u00f3mico\u00bb.<br>Por otra parte, el intendente remarc\u00f3 la necesidad de \u00abdotar de m\u00e1s servicios al rio\u00bb.<br>\u00abSer\u00e1 la primera que Viedma ponga un pie sobre un espacio insular, que est\u00e1 en manos de la Municipalidad\u00bb, agreg\u00f3 el jefe comunal.<br>Reconoci\u00f3 la labor hist\u00f3rica de los quinteros en Viedma, que aprovechaban el r\u00edo para garantizar insumos a la Viedma de hace d\u00e9cadas; y dijo que en la actualidad, a partir del r\u00edo y la costanera \u00ablograr que haya mas oportunidades de trabajo y de empleo\u00bb.<br>El Gobierno de Viedma ya avanz\u00f3 la apertura de sobres para la concesi\u00f3n de uso y explotaci\u00f3n del espacio p\u00fablico municipal denominado \u00abEl muelle\u00bb, parador que se ubicar\u00e1 en la continuidad de la calle Moreno, muy cerca de la calesita.<br>Tambi\u00e9n se avanz\u00f3 en el uso y explotaci\u00f3n del espacio denominado \u00abParador del Fundador\u00bb, en l\u00ednea con la calle Mitre.<\/p>\n\n\n\n<p>Fuente: Municipalidad de Viedma <br>&#8212;<\/p>\n","protected":false},"excerpt":{"rendered":"","protected":false},"author":6,"featured_media":76185,"comment_status":"open","ping_status":"open","sticky":false,"template":"","format":"standard","meta":{"site-sidebar-layout":"default","site-content-layout":"","ast-site-content-layout":"default","site-content-style":"default","site-sidebar-style":"default","ast-global-header-display":"","ast-banner-title-visibility":"","ast-main-header-display":"","ast-hfb-above-header-display":"","ast-hfb-below-header-display":"","ast-hfb-mobile-header-display":"","site-post-title":"","ast-breadcrumbs-content":"","ast-featured-img":"","footer-sml-layout":"","ast-disable-related-posts":"","theme-transparent-header-meta":"","adv-header-id-meta":"","stick-header-meta":"","header-above-stick-meta":"","header-main-stick-meta":"","header-below-stick-meta":"","astra-migrate-meta-layouts":"default","ast-page-background-enabled":"default","ast-page-background-meta":{"desktop":{"background-color":"var(--ast-global-color-5)","background-image":"","background-repeat":"repeat","background-position":"center center","background-size":"auto","background-attachment":"scroll","background-type":"","background-media":"","overlay-type":"","overlay-color":"","overlay-opacity":"","overlay-gradient":""},"tablet":{"background-color":"","background-image":"","background-repeat":"repeat","background-position":"center center","background-size":"auto","background-attachment":"scroll","background-type":"","background-media":"","overlay-type":"","overlay-color":"","overlay-opacity":"","overlay-gradient":""},"mobile":{"background-color":"","background-image":"","background-repeat":"repeat","background-position":"center center","background-size":"auto","background-attachment":"scroll","background-type":"","background-media":"","overlay-type":"","overlay-color":"","overlay-opacity":"","overlay-gradient":""}},"ast-content-background-meta":{"desktop":{"background-color":"var(--ast-global-color-4)","background-image":"","background-repeat":"repeat","background-position":"center center","background-size":"auto","background-attachment":"scroll","background-type":"","background-media":"","overlay-type":"","overlay-color":"","overlay-opacity":"","overlay-gradient":""},"tablet":{"background-color":"var(--ast-global-color-4)","background-image":"","background-repeat":"repeat","background-position":"center center","background-size":"auto","background-attachment":"scroll","background-type":"","background-media":"","overlay-type":"","overlay-color":"","overlay-opacity":"","overlay-gradient":""},"mobile":{"background-color":"var(--ast-global-color-4)","background-image":"","background-repeat":"repeat","background-position":"center center","background-size":"auto","background-attachment":"scroll","background-type":"","background-media":"","overlay-type":"","overlay-color":"","overlay-opacity":"","overlay-gradient":""}},"footnotes":""},"categories":[11,16,1,10],"tags":[],"class_list":["post-76184","post","type-post","status-publish","format-standard","has-post-thumbnail","hentry","category-boletin","category-municipales","category-noticias","category-rotador"],"yoast_head":"<!-- This site is optimized with the Yoast SEO Premium plugin v23.0 (Yoast SEO v27.4) - https:\/\/yoast.com\/product\/yoast-seo-premium-wordpress\/ -->\n<title>Por primera vez habr\u00e1 servicios n\u00e1uticos, recreativos y gastron\u00f3micos en una isla del r\u00edo Negro<\/title>\n<meta name=\"robots\" content=\"index, follow, max-snippet:-1, max-image-preview:large, max-video-preview:-1\" \/>\n<link rel=\"canonical\" href=\"https:\/\/patagoniambiental.com.ar\/info\/por-primera-vez-habra-servicios-nauticos-recreativos-y-gastronomicos-en-una-isla-del-rio-negro\/\" \/>\n<meta property=\"og:locale\" content=\"es_ES\" \/>\n<meta property=\"og:type\" content=\"article\" \/>\n<meta property=\"og:title\" content=\"Por primera vez habr\u00e1 servicios n\u00e1uticos, recreativos y gastron\u00f3micos en una isla del r\u00edo Negro\" \/>\n<meta property=\"og:url\" content=\"https:\/\/patagoniambiental.com.ar\/info\/por-primera-vez-habra-servicios-nauticos-recreativos-y-gastronomicos-en-una-isla-del-rio-negro\/\" \/>\n<meta property=\"og:site_name\" content=\"Patagonia Ambiental\" \/>\n<meta property=\"article:publisher\" content=\"https:\/\/www.facebook.com\/patagonia.ambiental\" \/>\n<meta property=\"article:published_time\" content=\"2022-08-05T22:00:00+00:00\" \/>\n<meta property=\"article:modified_time\" content=\"2022-08-05T23:59:05+00:00\" \/>\n<meta property=\"og:image\" content=\"https:\/\/patagoniambiental.com.ar\/info\/wp-content\/uploads\/2022\/08\/WhatsApp-Image-2022-08-05-at-4.31.44-PM.jpeg\" \/>\n\t<meta property=\"og:image:width\" content=\"1600\" \/>\n\t<meta property=\"og:image:height\" content=\"1200\" \/>\n\t<meta property=\"og:image:type\" content=\"image\/jpeg\" \/>\n<meta name=\"author\" content=\"BRAIAN ESTEVEZ\" \/>\n<meta name=\"twitter:card\" content=\"summary_large_image\" \/>\n<meta name=\"twitter:creator\" content=\"@PatAmb\" \/>\n<meta name=\"twitter:site\" content=\"@PatAmb\" \/>\n<script type=\"application\/ld+json\" class=\"yoast-schema-graph\">{\"@context\":\"https:\\\/\\\/schema.org\",\"@graph\":[{\"@type\":\"Article\",\"@id\":\"https:\\\/\\\/patagoniambiental.com.ar\\\/info\\\/por-primera-vez-habra-servicios-nauticos-recreativos-y-gastronomicos-en-una-isla-del-rio-negro\\\/#article\",\"isPartOf\":{\"@id\":\"https:\\\/\\\/patagoniambiental.com.ar\\\/info\\\/por-primera-vez-habra-servicios-nauticos-recreativos-y-gastronomicos-en-una-isla-del-rio-negro\\\/\"},\"author\":{\"name\":\"BRAIAN ESTEVEZ\",\"@id\":\"https:\\\/\\\/patagoniambiental.com.ar\\\/info\\\/#\\\/schema\\\/person\\\/e5af09d700b2e82cb10c6b8800e0c691\"},\"headline\":\"Por primera vez habr\u00e1 servicios n\u00e1uticos, recreativos y gastron\u00f3micos en una isla del r\u00edo Negro\",\"datePublished\":\"2022-08-05T22:00:00+00:00\",\"dateModified\":\"2022-08-05T23:59:05+00:00\",\"mainEntityOfPage\":{\"@id\":\"https:\\\/\\\/patagoniambiental.com.ar\\\/info\\\/por-primera-vez-habra-servicios-nauticos-recreativos-y-gastronomicos-en-una-isla-del-rio-negro\\\/\"},\"wordCount\":379,\"commentCount\":0,\"publisher\":{\"@id\":\"https:\\\/\\\/patagoniambiental.com.ar\\\/info\\\/#organization\"},\"image\":{\"@id\":\"https:\\\/\\\/patagoniambiental.com.ar\\\/info\\\/por-primera-vez-habra-servicios-nauticos-recreativos-y-gastronomicos-en-una-isla-del-rio-negro\\\/#primaryimage\"},\"thumbnailUrl\":\"https:\\\/\\\/patagoniambiental.com.ar\\\/info\\\/wp-content\\\/uploads\\\/2022\\\/08\\\/WhatsApp-Image-2022-08-05-at-4.31.44-PM.jpeg\",\"articleSection\":[\"Bolet\u00edn\",\"Municipales\",\"Noticias\",\"Rotador\"],\"inLanguage\":\"es\",\"potentialAction\":[{\"@type\":\"CommentAction\",\"name\":\"Comment\",\"target\":[\"https:\\\/\\\/patagoniambiental.com.ar\\\/info\\\/por-primera-vez-habra-servicios-nauticos-recreativos-y-gastronomicos-en-una-isla-del-rio-negro\\\/#respond\"]}]},{\"@type\":\"WebPage\",\"@id\":\"https:\\\/\\\/patagoniambiental.com.ar\\\/info\\\/por-primera-vez-habra-servicios-nauticos-recreativos-y-gastronomicos-en-una-isla-del-rio-negro\\\/\",\"url\":\"https:\\\/\\\/patagoniambiental.com.ar\\\/info\\\/por-primera-vez-habra-servicios-nauticos-recreativos-y-gastronomicos-en-una-isla-del-rio-negro\\\/\",\"name\":\"Por primera vez habr\u00e1 servicios n\u00e1uticos, recreativos y gastron\u00f3micos en una isla del r\u00edo Negro\",\"isPartOf\":{\"@id\":\"https:\\\/\\\/patagoniambiental.com.ar\\\/info\\\/#website\"},\"primaryImageOfPage\":{\"@id\":\"https:\\\/\\\/patagoniambiental.com.ar\\\/info\\\/por-primera-vez-habra-servicios-nauticos-recreativos-y-gastronomicos-en-una-isla-del-rio-negro\\\/#primaryimage\"},\"image\":{\"@id\":\"https:\\\/\\\/patagoniambiental.com.ar\\\/info\\\/por-primera-vez-habra-servicios-nauticos-recreativos-y-gastronomicos-en-una-isla-del-rio-negro\\\/#primaryimage\"},\"thumbnailUrl\":\"https:\\\/\\\/patagoniambiental.com.ar\\\/info\\\/wp-content\\\/uploads\\\/2022\\\/08\\\/WhatsApp-Image-2022-08-05-at-4.31.44-PM.jpeg\",\"datePublished\":\"2022-08-05T22:00:00+00:00\",\"dateModified\":\"2022-08-05T23:59:05+00:00\",\"breadcrumb\":{\"@id\":\"https:\\\/\\\/patagoniambiental.com.ar\\\/info\\\/por-primera-vez-habra-servicios-nauticos-recreativos-y-gastronomicos-en-una-isla-del-rio-negro\\\/#breadcrumb\"},\"inLanguage\":\"es\",\"potentialAction\":[{\"@type\":\"ReadAction\",\"target\":[\"https:\\\/\\\/patagoniambiental.com.ar\\\/info\\\/por-primera-vez-habra-servicios-nauticos-recreativos-y-gastronomicos-en-una-isla-del-rio-negro\\\/\"]}]},{\"@type\":\"ImageObject\",\"inLanguage\":\"es\",\"@id\":\"https:\\\/\\\/patagoniambiental.com.ar\\\/info\\\/por-primera-vez-habra-servicios-nauticos-recreativos-y-gastronomicos-en-una-isla-del-rio-negro\\\/#primaryimage\",\"url\":\"https:\\\/\\\/patagoniambiental.com.ar\\\/info\\\/wp-content\\\/uploads\\\/2022\\\/08\\\/WhatsApp-Image-2022-08-05-at-4.31.44-PM.jpeg\",\"contentUrl\":\"https:\\\/\\\/patagoniambiental.com.ar\\\/info\\\/wp-content\\\/uploads\\\/2022\\\/08\\\/WhatsApp-Image-2022-08-05-at-4.31.44-PM.jpeg\",\"width\":800,\"height\":600},{\"@type\":\"BreadcrumbList\",\"@id\":\"https:\\\/\\\/patagoniambiental.com.ar\\\/info\\\/por-primera-vez-habra-servicios-nauticos-recreativos-y-gastronomicos-en-una-isla-del-rio-negro\\\/#breadcrumb\",\"itemListElement\":[{\"@type\":\"ListItem\",\"position\":1,\"name\":\"Inicio\",\"item\":\"https:\\\/\\\/patagoniambiental.com.ar\\\/info\\\/\"},{\"@type\":\"ListItem\",\"position\":2,\"name\":\"Por primera vez habr\u00e1 servicios n\u00e1uticos, recreativos y gastron\u00f3micos en una isla del r\u00edo Negro\"}]},{\"@type\":\"WebSite\",\"@id\":\"https:\\\/\\\/patagoniambiental.com.ar\\\/info\\\/#website\",\"url\":\"https:\\\/\\\/patagoniambiental.com.ar\\\/info\\\/\",\"name\":\"Patagonia Ambiental\",\"description\":\"Monitoreo y an\u00e1lisis de la situaci\u00f3n geopol\u00edtica en el mundo y su implicancia en la Patagonia\",\"publisher\":{\"@id\":\"https:\\\/\\\/patagoniambiental.com.ar\\\/info\\\/#organization\"},\"potentialAction\":[{\"@type\":\"SearchAction\",\"target\":{\"@type\":\"EntryPoint\",\"urlTemplate\":\"https:\\\/\\\/patagoniambiental.com.ar\\\/info\\\/?s={search_term_string}\"},\"query-input\":{\"@type\":\"PropertyValueSpecification\",\"valueRequired\":true,\"valueName\":\"search_term_string\"}}],\"inLanguage\":\"es\"},{\"@type\":\"Organization\",\"@id\":\"https:\\\/\\\/patagoniambiental.com.ar\\\/info\\\/#organization\",\"name\":\"Patagonia Ambiental\",\"url\":\"https:\\\/\\\/patagoniambiental.com.ar\\\/info\\\/\",\"logo\":{\"@type\":\"ImageObject\",\"inLanguage\":\"es\",\"@id\":\"https:\\\/\\\/patagoniambiental.com.ar\\\/info\\\/#\\\/schema\\\/logo\\\/image\\\/\",\"url\":\"https:\\\/\\\/patagoniambiental.com.ar\\\/info\\\/wp-content\\\/uploads\\\/2025\\\/05\\\/LOGO-PATAGONIA-AMBIENTAL.png\",\"contentUrl\":\"https:\\\/\\\/patagoniambiental.com.ar\\\/info\\\/wp-content\\\/uploads\\\/2025\\\/05\\\/LOGO-PATAGONIA-AMBIENTAL.png\",\"width\":433,\"height\":250,\"caption\":\"Patagonia Ambiental\"},\"image\":{\"@id\":\"https:\\\/\\\/patagoniambiental.com.ar\\\/info\\\/#\\\/schema\\\/logo\\\/image\\\/\"},\"sameAs\":[\"https:\\\/\\\/www.facebook.com\\\/patagonia.ambiental\",\"https:\\\/\\\/x.com\\\/PatAmb\"]},{\"@type\":\"Person\",\"@id\":\"https:\\\/\\\/patagoniambiental.com.ar\\\/info\\\/#\\\/schema\\\/person\\\/e5af09d700b2e82cb10c6b8800e0c691\",\"name\":\"BRAIAN ESTEVEZ\",\"sameAs\":[\"http:\\\/\\\/www.patagoniambiental.com.ar\"]}]}<\/script>\n<!-- \/ Yoast SEO Premium plugin. -->","yoast_head_json":{"title":"Por primera vez habr\u00e1 servicios n\u00e1uticos, recreativos y gastron\u00f3micos en una isla del r\u00edo Negro","robots":{"index":"index","follow":"follow","max-snippet":"max-snippet:-1","max-image-preview":"max-image-preview:large","max-video-preview":"max-video-preview:-1"},"canonical":"https:\/\/patagoniambiental.com.ar\/info\/por-primera-vez-habra-servicios-nauticos-recreativos-y-gastronomicos-en-una-isla-del-rio-negro\/","og_locale":"es_ES","og_type":"article","og_title":"Por primera vez habr\u00e1 servicios n\u00e1uticos, recreativos y gastron\u00f3micos en una isla del r\u00edo Negro","og_url":"https:\/\/patagoniambiental.com.ar\/info\/por-primera-vez-habra-servicios-nauticos-recreativos-y-gastronomicos-en-una-isla-del-rio-negro\/","og_site_name":"Patagonia Ambiental","article_publisher":"https:\/\/www.facebook.com\/patagonia.ambiental","article_published_time":"2022-08-05T22:00:00+00:00","article_modified_time":"2022-08-05T23:59:05+00:00","og_image":[{"width":1600,"height":1200,"url":"https:\/\/patagoniambiental.com.ar\/info\/wp-content\/uploads\/2022\/08\/WhatsApp-Image-2022-08-05-at-4.31.44-PM.jpeg","type":"image\/jpeg"}],"author":"BRAIAN ESTEVEZ","twitter_card":"summary_large_image","twitter_creator":"@PatAmb","twitter_site":"@PatAmb","schema":{"@context":"https:\/\/schema.org","@graph":[{"@type":"Article","@id":"https:\/\/patagoniambiental.com.ar\/info\/por-primera-vez-habra-servicios-nauticos-recreativos-y-gastronomicos-en-una-isla-del-rio-negro\/#article","isPartOf":{"@id":"https:\/\/patagoniambiental.com.ar\/info\/por-primera-vez-habra-servicios-nauticos-recreativos-y-gastronomicos-en-una-isla-del-rio-negro\/"},"author":{"name":"BRAIAN ESTEVEZ","@id":"https:\/\/patagoniambiental.com.ar\/info\/#\/schema\/person\/e5af09d700b2e82cb10c6b8800e0c691"},"headline":"Por primera vez habr\u00e1 servicios n\u00e1uticos, recreativos y gastron\u00f3micos en una isla del r\u00edo Negro","datePublished":"2022-08-05T22:00:00+00:00","dateModified":"2022-08-05T23:59:05+00:00","mainEntityOfPage":{"@id":"https:\/\/patagoniambiental.com.ar\/info\/por-primera-vez-habra-servicios-nauticos-recreativos-y-gastronomicos-en-una-isla-del-rio-negro\/"},"wordCount":379,"commentCount":0,"publisher":{"@id":"https:\/\/patagoniambiental.com.ar\/info\/#organization"},"image":{"@id":"https:\/\/patagoniambiental.com.ar\/info\/por-primera-vez-habra-servicios-nauticos-recreativos-y-gastronomicos-en-una-isla-del-rio-negro\/#primaryimage"},"thumbnailUrl":"https:\/\/patagoniambiental.com.ar\/info\/wp-content\/uploads\/2022\/08\/WhatsApp-Image-2022-08-05-at-4.31.44-PM.jpeg","articleSection":["Bolet\u00edn","Municipales","Noticias","Rotador"],"inLanguage":"es","potentialAction":[{"@type":"CommentAction","name":"Comment","target":["https:\/\/patagoniambiental.com.ar\/info\/por-primera-vez-habra-servicios-nauticos-recreativos-y-gastronomicos-en-una-isla-del-rio-negro\/#respond"]}]},{"@type":"WebPage","@id":"https:\/\/patagoniambiental.com.ar\/info\/por-primera-vez-habra-servicios-nauticos-recreativos-y-gastronomicos-en-una-isla-del-rio-negro\/","url":"https:\/\/patagoniambiental.com.ar\/info\/por-primera-vez-habra-servicios-nauticos-recreativos-y-gastronomicos-en-una-isla-del-rio-negro\/","name":"Por primera vez habr\u00e1 servicios n\u00e1uticos, recreativos y gastron\u00f3micos en una isla del r\u00edo Negro","isPartOf":{"@id":"https:\/\/patagoniambiental.com.ar\/info\/#website"},"primaryImageOfPage":{"@id":"https:\/\/patagoniambiental.com.ar\/info\/por-primera-vez-habra-servicios-nauticos-recreativos-y-gastronomicos-en-una-isla-del-rio-negro\/#primaryimage"},"image":{"@id":"https:\/\/patagoniambiental.com.ar\/info\/por-primera-vez-habra-servicios-nauticos-recreativos-y-gastronomicos-en-una-isla-del-rio-negro\/#primaryimage"},"thumbnailUrl":"https:\/\/patagoniambiental.com.ar\/info\/wp-content\/uploads\/2022\/08\/WhatsApp-Image-2022-08-05-at-4.31.44-PM.jpeg","datePublished":"2022-08-05T22:00:00+00:00","dateModified":"2022-08-05T23:59:05+00:00","breadcrumb":{"@id":"https:\/\/patagoniambiental.com.ar\/info\/por-primera-vez-habra-servicios-nauticos-recreativos-y-gastronomicos-en-una-isla-del-rio-negro\/#breadcrumb"},"inLanguage":"es","potentialAction":[{"@type":"ReadAction","target":["https:\/\/patagoniambiental.com.ar\/info\/por-primera-vez-habra-servicios-nauticos-recreativos-y-gastronomicos-en-una-isla-del-rio-negro\/"]}]},{"@type":"ImageObject","inLanguage":"es","@id":"https:\/\/patagoniambiental.com.ar\/info\/por-primera-vez-habra-servicios-nauticos-recreativos-y-gastronomicos-en-una-isla-del-rio-negro\/#primaryimage","url":"https:\/\/patagoniambiental.com.ar\/info\/wp-content\/uploads\/2022\/08\/WhatsApp-Image-2022-08-05-at-4.31.44-PM.jpeg","contentUrl":"https:\/\/patagoniambiental.com.ar\/info\/wp-content\/uploads\/2022\/08\/WhatsApp-Image-2022-08-05-at-4.31.44-PM.jpeg","width":800,"height":600},{"@type":"BreadcrumbList","@id":"https:\/\/patagoniambiental.com.ar\/info\/por-primera-vez-habra-servicios-nauticos-recreativos-y-gastronomicos-en-una-isla-del-rio-negro\/#breadcrumb","itemListElement":[{"@type":"ListItem","position":1,"name":"Inicio","item":"https:\/\/patagoniambiental.com.ar\/info\/"},{"@type":"ListItem","position":2,"name":"Por primera vez habr\u00e1 servicios n\u00e1uticos, recreativos y gastron\u00f3micos en una isla del r\u00edo Negro"}]},{"@type":"WebSite","@id":"https:\/\/patagoniambiental.com.ar\/info\/#website","url":"https:\/\/patagoniambiental.com.ar\/info\/","name":"Patagonia Ambiental","description":"Monitoreo y an\u00e1lisis de la situaci\u00f3n geopol\u00edtica en el mundo y su implicancia en la Patagonia","publisher":{"@id":"https:\/\/patagoniambiental.com.ar\/info\/#organization"},"potentialAction":[{"@type":"SearchAction","target":{"@type":"EntryPoint","urlTemplate":"https:\/\/patagoniambiental.com.ar\/info\/?s={search_term_string}"},"query-input":{"@type":"PropertyValueSpecification","valueRequired":true,"valueName":"search_term_string"}}],"inLanguage":"es"},{"@type":"Organization","@id":"https:\/\/patagoniambiental.com.ar\/info\/#organization","name":"Patagonia Ambiental","url":"https:\/\/patagoniambiental.com.ar\/info\/","logo":{"@type":"ImageObject","inLanguage":"es","@id":"https:\/\/patagoniambiental.com.ar\/info\/#\/schema\/logo\/image\/","url":"https:\/\/patagoniambiental.com.ar\/info\/wp-content\/uploads\/2025\/05\/LOGO-PATAGONIA-AMBIENTAL.png","contentUrl":"https:\/\/patagoniambiental.com.ar\/info\/wp-content\/uploads\/2025\/05\/LOGO-PATAGONIA-AMBIENTAL.png","width":433,"height":250,"caption":"Patagonia Ambiental"},"image":{"@id":"https:\/\/patagoniambiental.com.ar\/info\/#\/schema\/logo\/image\/"},"sameAs":["https:\/\/www.facebook.com\/patagonia.ambiental","https:\/\/x.com\/PatAmb"]},{"@type":"Person","@id":"https:\/\/patagoniambiental.com.ar\/info\/#\/schema\/person\/e5af09d700b2e82cb10c6b8800e0c691","name":"BRAIAN ESTEVEZ","sameAs":["http:\/\/www.patagoniambiental.com.ar"]}]}},"_links":{"self":[{"href":"https:\/\/patagoniambiental.com.ar\/info\/wp-json\/wp\/v2\/posts\/76184","targetHints":{"allow":["GET"]}}],"collection":[{"href":"https:\/\/patagoniambiental.com.ar\/info\/wp-json\/wp\/v2\/posts"}],"about":[{"href":"https:\/\/patagoniambiental.com.ar\/info\/wp-json\/wp\/v2\/types\/post"}],"author":[{"embeddable":true,"href":"https:\/\/patagoniambiental.com.ar\/info\/wp-json\/wp\/v2\/users\/6"}],"replies":[{"embeddable":true,"href":"https:\/\/patagoniambiental.com.ar\/info\/wp-json\/wp\/v2\/comments?post=76184"}],"version-history":[{"count":0,"href":"https:\/\/patagoniambiental.com.ar\/info\/wp-json\/wp\/v2\/posts\/76184\/revisions"}],"wp:featuredmedia":[{"embeddable":true,"href":"https:\/\/patagoniambiental.com.ar\/info\/wp-json\/wp\/v2\/media\/76185"}],"wp:attachment":[{"href":"https:\/\/patagoniambiental.com.ar\/info\/wp-json\/wp\/v2\/media?parent=76184"}],"wp:term":[{"taxonomy":"category","embeddable":true,"href":"https:\/\/patagoniambiental.com.ar\/info\/wp-json\/wp\/v2\/categories?post=76184"},{"taxonomy":"post_tag","embeddable":true,"href":"https:\/\/patagoniambiental.com.ar\/info\/wp-json\/wp\/v2\/tags?post=76184"}],"curies":[{"name":"wp","href":"https:\/\/api.w.org\/{rel}","templated":true}]}}