{"id":7619,"date":"2015-01-30T17:00:48","date_gmt":"2015-01-30T20:00:48","guid":{"rendered":"http:\/\/patagoniambiental.com.ar\/?p=7619"},"modified":"2015-01-30T17:00:48","modified_gmt":"2015-01-30T20:00:48","slug":"agua-responsabilidad-de-todos","status":"publish","type":"post","link":"https:\/\/patagoniambiental.com.ar\/info\/agua-responsabilidad-de-todos\/","title":{"rendered":"Agua, responsabilidad de todos"},"content":{"rendered":"<p style=\"text-align: justify;\">Buenos Aires &#8211; C\u00e1lculos de la Organizaci\u00f3n de Naciones Unidas para la Agricultura y la Alimentaci\u00f3n (FAO) se\u00f1alan que la agricultura se enfrenta a retos complejos de aqu\u00ed al 2050 para alimentar a una poblaci\u00f3n que alcanzar\u00e1 nueve mil millones de personas.<!--more--><\/p>\n<p style=\"text-align: justify;\">Los seres humanos pueden sobrevivir con unos pocos sorbos de agua al d\u00eda, pero la que comemos diariamente a trav\u00e9s de los alimentos consumidos es mucha m\u00e1s: basta pensar en los 15 mil litros necesarios para producir un kilo de carne.<\/p>\n<p style=\"text-align: justify;\">Por ello, con una poblaci\u00f3n creciente que cambia cada vez m\u00e1s su dieta hacia productos \u00abhambrientos de agua\u00bb, debe hacerse todo lo posible para mejorar la forma de utilizar y aprovechar al m\u00e1ximo unos recursos h\u00eddricos limitados.<\/p>\n<p style=\"text-align: justify;\">Al final del siglo XX, la agricultura empleaba como promedio el 70 por ciento de toda el agua utilizada en el mundo, y la FAO estima que el agua destinada al riego aumentar\u00e1 en el 14 por ciento para 2030.<\/p>\n<p style=\"text-align: justify;\">Aunque ese incremento es muy inferior al registrado en los a\u00f1os noventas, seg\u00fan las proyecciones la escasez del preciado l\u00edquido ser\u00e1 cada vez mayor en algunas regiones, lo que limitar\u00e1 la producci\u00f3n local de comida.<\/p>\n<p style=\"text-align: justify;\">Una certeza es que se necesitar\u00e1 m\u00e1s agua para producir el 60 por ciento de los alimentos adicionales que se calculan para satisfacer las m\u00ednimas necesidades de comida de nueve mil millones de habitantes.<\/p>\n<p style=\"text-align: justify;\">Ante ese preocupante panorama la labor de la FAO en el agua se centra en un uso \u00f3ptimo, m\u00e1s eficiente, equitativo y respetuoso con el medio ambiente en la agricultura.<\/p>\n<p style=\"text-align: justify;\">Para ello ha de producirse m\u00e1s alimentos con menos vol\u00famenes de ese l\u00edquido,<\/p>\n<p style=\"text-align: justify;\">crear condiciones en las comunidades agr\u00edcolas para afrontar inundaciones y<\/p>\n<p style=\"text-align: justify;\">sequ\u00edas y aplicar tecnolog\u00edas de agua potable que protejan el medio ambiente.<\/p>\n<p style=\"text-align: justify;\">En todo ello la agricultura de regad\u00edo desempe\u00f1a un papel clave en la producci\u00f3n de alimentos, por lo que la FAO trabaja con gobiernos, gestores del agua, ingenieros y campesinos para modernizar sus sistemas de riego y que sean m\u00e1s productivos y menos perjudiciales para el medio ambiente.<\/p>\n<p style=\"text-align: justify;\">Recursos h\u00eddricos imprescindibles<\/p>\n<p style=\"text-align: justify;\">Los enormes progresos en la producci\u00f3n alimentaria en los \u00faltimos a\u00f1os han hecho posible proporcionar alimentos de mejor calidad a m\u00e1s personas que nunca.<\/p>\n<p style=\"text-align: justify;\">Sin embargo, con demasiada frecuencia, esto se logra a expensas de los recursos h\u00eddricos y de la salud de los ecosistemas que los sustentan.<\/p>\n<p style=\"text-align: justify;\">Para hacer frente a este desaf\u00edo, la FAO apoya modelos de intensificaci\u00f3n limpios y eficientes que garantizan la productividad del agua para usos dom\u00e9sticos, industriales y agr\u00edcolas.<\/p>\n<p style=\"text-align: justify;\">Se han hecho grandes inversiones para desarrollar los sistemas de riego existentes, no obstante, el funcionamiento, mantenimiento y rehabilitaci\u00f3n de tales sistemas est\u00e1n insuficientemente financiados en los sectores p\u00fablico y privado.<\/p>\n<p style=\"text-align: justify;\">Tampoco es suficiente una gesti\u00f3n del agua en el campo viable y favorable a los pobres, de ah\u00ed que se demanden sistemas baratos y, en peque\u00f1a escala, de recolecci\u00f3n del agua, riego y drenaje para las peque\u00f1as comunidades rurales, las cuales es posible que cuenten \u00fanicamente con medios manuales y de tracci\u00f3n animal.<\/p>\n<p style=\"text-align: justify;\">Sumamente importante resulta tambi\u00e9n que all\u00ed donde el desarrollo econ\u00f3mico ha permitido modernos sistemas de riego se vele por la mitigaci\u00f3n de los efectos ambientales y de salud de los sistemas existentes y los nuevos<\/p>\n<p style=\"text-align: justify;\">Los malos riego y drenaje producen p\u00e9rdidas de agua y la propagaci\u00f3n de enfermedades transmisibles por ese l\u00edquido, el encharcamiento y la salinizaci\u00f3n de casi el 10 por ciento de las tierras de regad\u00edo del mundo, lo que reduce la productividad.<\/p>\n<p style=\"text-align: justify;\">Miradas y acciones diferentes<\/p>\n<p style=\"text-align: justify;\">\u00abQue todo siga igual significar\u00eda un aumento enorme y simult\u00e1neo en las necesidades de alimentos, energ\u00eda y agua en las pr\u00f3ximas d\u00e9cadas: el 60 por ciento m\u00e1s de alimentos, el 50 por ciento m\u00e1s de energ\u00eda y el 40 por ciento m\u00e1s de agua para 2050\u00bb, advirti\u00f3 el director general de la FAO, Jos\u00e9 Graziano da Silva.<\/p>\n<p style=\"text-align: justify;\">Para hacer frente al reto de alimentar a m\u00e1s personas con menos tierra, agua y energ\u00eda son necesarios esfuerzos concertados e inversiones para apoyar una transici\u00f3n de gran envergadura y en el nivel planetario hacia sistemas agr\u00edcolas y pr\u00e1cticas de gesti\u00f3n de la tierra sostenibles, seg\u00fan el director general de la FAO.<\/p>\n<p style=\"text-align: justify;\">En el Foro Mundial para la Agricultura y la Alimentaci\u00f3n, que se celebr\u00f3 el pasado 16 de enero en Berl\u00edn dentro de los eventos de la Semana Verde, afirm\u00f3 que el aumento de la competencia por los recursos naturales, y los cuellos de botella que se generan, hacen que la agricultura global ya no pueda funcionar seg\u00fan el modelo habitual.<\/p>\n<p style=\"text-align: justify;\">Al hablar de forma general sobre las contribuciones del cambio a la agricultura sostenible, signific\u00f3 que los sistemas alimentarios del mundo deben lograr mucha mayor eficiencia en el empleo de los recursos naturales, en particular agua, energ\u00eda y tierras, incluyendo la reducci\u00f3n del desperdicio de alimentos<\/p>\n<p style=\"text-align: justify;\">\u00abY tienen que hacer mucho m\u00e1s para proteger, conservar y restaurar los recursos naturales, la biodiversidad y las funciones del ecosistema. Igualmente es necesario que los gobiernos inviertan en agua, agricultura y ecosistemas para reducir el hambre y la pobreza\u00bb, enfatiz\u00f3 el m\u00e1ximo representante de la FAO.<\/p>\n<p style=\"text-align: justify;\">Datos para meditar<\/p>\n<p style=\"text-align: justify;\">&#8211; La sobreexplotaci\u00f3n del agua subterr\u00e1nea por parte de los agricultores excede los niveles de alimentaci\u00f3n natural de los acu\u00edferos en al menos 160 mil millones de metros c\u00fabicos cada a\u00f1o.<\/p>\n<p style=\"text-align: justify;\">&#8211; Se necesitan entre uno y tres metros c\u00fabicos de agua para cosechar un kilo de arroz y mil toneladas de agua para producir una tonelada de grano.<\/p>\n<p style=\"text-align: justify;\">&#8211; En la producci\u00f3n de un kilogramo de carne de res se consumen 16 mil litros de agua.<\/p>\n<p style=\"text-align: justify;\">&#8211; Se estima que la cantidad de agua extra\u00edda en el mundo para riego est\u00e1 entre 2.000 y 2.555 kil\u00f3metros c\u00fabicos al a\u00f1o.<\/p>\n<p style=\"text-align: justify;\">&#8211; Los pastos y las cosechas ocupan el 37 por ciento de la superficie terrestre.<\/p>\n<p style=\"text-align: justify;\">&#8211; Seg\u00fan la FAO, las pr\u00e1cticas de riego y el escaso drenaje han conducido a la salinizaci\u00f3n de aproximadamente el 10 por ciento de las tierras irrigadas del mundo (30 millones de hect\u00e1reas de los 255 millones de hect\u00e1reas de tierra irrigadas).<\/p>\n<p style=\"text-align: justify;\">&#8211; El agotamiento anual del agua subterr\u00e1nea en India, China, Estados Unidos, el norte de \u00c1frica y la Pen\u00ednsula Ar\u00e1biga suma 160 mil millones de metros c\u00fabicos al a\u00f1o.<\/p>\n<p style=\"text-align: justify;\">FUENTE: argenpress.info<\/p>\n","protected":false},"excerpt":{"rendered":"<p>Buenos Aires &#8211; C\u00e1lculos de la Organizaci\u00f3n de Naciones Unidas para la Agricultura y la Alimentaci\u00f3n (FAO) se\u00f1alan que la [&hellip;]<\/p>\n","protected":false},"author":2,"featured_media":7241,"comment_status":"closed","ping_status":"closed","sticky":false,"template":"","format":"standard","meta":{"site-sidebar-layout":"default","site-content-layout":"","ast-site-content-layout":"default","site-content-style":"default","site-sidebar-style":"default","ast-global-header-display":"","ast-banner-title-visibility":"","ast-main-header-display":"","ast-hfb-above-header-display":"","ast-hfb-below-header-display":"","ast-hfb-mobile-header-display":"","site-post-title":"","ast-breadcrumbs-content":"","ast-featured-img":"","footer-sml-layout":"","ast-disable-related-posts":"","theme-transparent-header-meta":"","adv-header-id-meta":"","stick-header-meta":"","header-above-stick-meta":"","header-main-stick-meta":"","header-below-stick-meta":"","astra-migrate-meta-layouts":"default","ast-page-background-enabled":"default","ast-page-background-meta":{"desktop":{"background-color":"var(--ast-global-color-5)","background-image":"","background-repeat":"repeat","background-position":"center center","background-size":"auto","background-attachment":"scroll","background-type":"","background-media":"","overlay-type":"","overlay-color":"","overlay-opacity":"","overlay-gradient":""},"tablet":{"background-color":"","background-image":"","background-repeat":"repeat","background-position":"center center","background-size":"auto","background-attachment":"scroll","background-type":"","background-media":"","overlay-type":"","overlay-color":"","overlay-opacity":"","overlay-gradient":""},"mobile":{"background-color":"","background-image":"","background-repeat":"repeat","background-position":"center center","background-size":"auto","background-attachment":"scroll","background-type":"","background-media":"","overlay-type":"","overlay-color":"","overlay-opacity":"","overlay-gradient":""}},"ast-content-background-meta":{"desktop":{"background-color":"var(--ast-global-color-4)","background-image":"","background-repeat":"repeat","background-position":"center center","background-size":"auto","background-attachment":"scroll","background-type":"","background-media":"","overlay-type":"","overlay-color":"","overlay-opacity":"","overlay-gradient":""},"tablet":{"background-color":"var(--ast-global-color-4)","background-image":"","background-repeat":"repeat","background-position":"center center","background-size":"auto","background-attachment":"scroll","background-type":"","background-media":"","overlay-type":"","overlay-color":"","overlay-opacity":"","overlay-gradient":""},"mobile":{"background-color":"var(--ast-global-color-4)","background-image":"","background-repeat":"repeat","background-position":"center center","background-size":"auto","background-attachment":"scroll","background-type":"","background-media":"","overlay-type":"","overlay-color":"","overlay-opacity":"","overlay-gradient":""}},"footnotes":""},"categories":[23,1],"tags":[2053,87,2376,2377],"class_list":["post-7619","post","type-post","status-publish","format-standard","has-post-thumbnail","hentry","category-internacionales","category-noticias","tag-agricultura","tag-agua","tag-fao","tag-responsabilidad"],"yoast_head":"<!-- This site is optimized with the Yoast SEO Premium plugin v23.0 (Yoast SEO v27.5) - https:\/\/yoast.com\/product\/yoast-seo-premium-wordpress\/ -->\n<title>Agua, responsabilidad de todos<\/title>\n<meta name=\"robots\" content=\"index, follow, max-snippet:-1, max-image-preview:large, max-video-preview:-1\" \/>\n<link rel=\"canonical\" href=\"https:\/\/patagoniambiental.com.ar\/info\/agua-responsabilidad-de-todos\/\" \/>\n<meta property=\"og:locale\" content=\"es_ES\" \/>\n<meta property=\"og:type\" content=\"article\" \/>\n<meta property=\"og:title\" content=\"Agua, responsabilidad de todos\" \/>\n<meta property=\"og:description\" content=\"Buenos Aires &#8211; C\u00e1lculos de la Organizaci\u00f3n de Naciones Unidas para la Agricultura y la Alimentaci\u00f3n (FAO) se\u00f1alan que la [&hellip;]\" \/>\n<meta property=\"og:url\" content=\"https:\/\/patagoniambiental.com.ar\/info\/agua-responsabilidad-de-todos\/\" \/>\n<meta property=\"og:site_name\" content=\"Patagonia Ambiental\" \/>\n<meta property=\"article:publisher\" content=\"https:\/\/www.facebook.com\/patagonia.ambiental\" \/>\n<meta property=\"article:author\" content=\"https:\/\/www.facebook.com\/share\/1C1V8Gv9BX\/?mibextid=qi2Omg\" \/>\n<meta property=\"article:published_time\" content=\"2015-01-30T20:00:48+00:00\" \/>\n<meta name=\"author\" content=\"Patagonia Ambiental\" \/>\n<meta name=\"twitter:card\" content=\"summary_large_image\" \/>\n<meta name=\"twitter:creator\" content=\"@PatAmb\" \/>\n<meta name=\"twitter:site\" content=\"@PatAmb\" \/>\n<script type=\"application\/ld+json\" class=\"yoast-schema-graph\">{\"@context\":\"https:\\\/\\\/schema.org\",\"@graph\":[{\"@type\":\"Article\",\"@id\":\"https:\\\/\\\/patagoniambiental.com.ar\\\/info\\\/agua-responsabilidad-de-todos\\\/#article\",\"isPartOf\":{\"@id\":\"https:\\\/\\\/patagoniambiental.com.ar\\\/info\\\/agua-responsabilidad-de-todos\\\/\"},\"author\":{\"name\":\"Patagonia Ambiental\",\"@id\":\"https:\\\/\\\/patagoniambiental.com.ar\\\/info\\\/#\\\/schema\\\/person\\\/db12bff64bbcbf6a253710bf0ea37b5d\"},\"headline\":\"Agua, responsabilidad de todos\",\"datePublished\":\"2015-01-30T20:00:48+00:00\",\"mainEntityOfPage\":{\"@id\":\"https:\\\/\\\/patagoniambiental.com.ar\\\/info\\\/agua-responsabilidad-de-todos\\\/\"},\"wordCount\":1120,\"publisher\":{\"@id\":\"https:\\\/\\\/patagoniambiental.com.ar\\\/info\\\/#organization\"},\"image\":{\"@id\":\"https:\\\/\\\/patagoniambiental.com.ar\\\/info\\\/agua-responsabilidad-de-todos\\\/#primaryimage\"},\"thumbnailUrl\":\"\",\"keywords\":[\"agricultura\",\"Agua\",\"FAO\",\"responsabilidad\"],\"articleSection\":[\"Internacionales\",\"Noticias\"],\"inLanguage\":\"es\"},{\"@type\":\"WebPage\",\"@id\":\"https:\\\/\\\/patagoniambiental.com.ar\\\/info\\\/agua-responsabilidad-de-todos\\\/\",\"url\":\"https:\\\/\\\/patagoniambiental.com.ar\\\/info\\\/agua-responsabilidad-de-todos\\\/\",\"name\":\"Agua, responsabilidad de todos\",\"isPartOf\":{\"@id\":\"https:\\\/\\\/patagoniambiental.com.ar\\\/info\\\/#website\"},\"primaryImageOfPage\":{\"@id\":\"https:\\\/\\\/patagoniambiental.com.ar\\\/info\\\/agua-responsabilidad-de-todos\\\/#primaryimage\"},\"image\":{\"@id\":\"https:\\\/\\\/patagoniambiental.com.ar\\\/info\\\/agua-responsabilidad-de-todos\\\/#primaryimage\"},\"thumbnailUrl\":\"\",\"datePublished\":\"2015-01-30T20:00:48+00:00\",\"breadcrumb\":{\"@id\":\"https:\\\/\\\/patagoniambiental.com.ar\\\/info\\\/agua-responsabilidad-de-todos\\\/#breadcrumb\"},\"inLanguage\":\"es\",\"potentialAction\":[{\"@type\":\"ReadAction\",\"target\":[\"https:\\\/\\\/patagoniambiental.com.ar\\\/info\\\/agua-responsabilidad-de-todos\\\/\"]}]},{\"@type\":\"ImageObject\",\"inLanguage\":\"es\",\"@id\":\"https:\\\/\\\/patagoniambiental.com.ar\\\/info\\\/agua-responsabilidad-de-todos\\\/#primaryimage\",\"url\":\"\",\"contentUrl\":\"\"},{\"@type\":\"BreadcrumbList\",\"@id\":\"https:\\\/\\\/patagoniambiental.com.ar\\\/info\\\/agua-responsabilidad-de-todos\\\/#breadcrumb\",\"itemListElement\":[{\"@type\":\"ListItem\",\"position\":1,\"name\":\"Inicio\",\"item\":\"https:\\\/\\\/patagoniambiental.com.ar\\\/info\\\/\"},{\"@type\":\"ListItem\",\"position\":2,\"name\":\"Agua, responsabilidad de todos\"}]},{\"@type\":\"WebSite\",\"@id\":\"https:\\\/\\\/patagoniambiental.com.ar\\\/info\\\/#website\",\"url\":\"https:\\\/\\\/patagoniambiental.com.ar\\\/info\\\/\",\"name\":\"Patagonia Ambiental\",\"description\":\"Monitoreo y an\u00e1lisis de la situaci\u00f3n geopol\u00edtica en el mundo y su implicancia en la Patagonia\",\"publisher\":{\"@id\":\"https:\\\/\\\/patagoniambiental.com.ar\\\/info\\\/#organization\"},\"potentialAction\":[{\"@type\":\"SearchAction\",\"target\":{\"@type\":\"EntryPoint\",\"urlTemplate\":\"https:\\\/\\\/patagoniambiental.com.ar\\\/info\\\/?s={search_term_string}\"},\"query-input\":{\"@type\":\"PropertyValueSpecification\",\"valueRequired\":true,\"valueName\":\"search_term_string\"}}],\"inLanguage\":\"es\"},{\"@type\":\"Organization\",\"@id\":\"https:\\\/\\\/patagoniambiental.com.ar\\\/info\\\/#organization\",\"name\":\"Patagonia Ambiental\",\"url\":\"https:\\\/\\\/patagoniambiental.com.ar\\\/info\\\/\",\"logo\":{\"@type\":\"ImageObject\",\"inLanguage\":\"es\",\"@id\":\"https:\\\/\\\/patagoniambiental.com.ar\\\/info\\\/#\\\/schema\\\/logo\\\/image\\\/\",\"url\":\"https:\\\/\\\/patagoniambiental.com.ar\\\/info\\\/wp-content\\\/uploads\\\/2025\\\/05\\\/LOGO-PATAGONIA-AMBIENTAL.png\",\"contentUrl\":\"https:\\\/\\\/patagoniambiental.com.ar\\\/info\\\/wp-content\\\/uploads\\\/2025\\\/05\\\/LOGO-PATAGONIA-AMBIENTAL.png\",\"width\":433,\"height\":250,\"caption\":\"Patagonia Ambiental\"},\"image\":{\"@id\":\"https:\\\/\\\/patagoniambiental.com.ar\\\/info\\\/#\\\/schema\\\/logo\\\/image\\\/\"},\"sameAs\":[\"https:\\\/\\\/www.facebook.com\\\/patagonia.ambiental\",\"https:\\\/\\\/x.com\\\/PatAmb\"]},{\"@type\":\"Person\",\"@id\":\"https:\\\/\\\/patagoniambiental.com.ar\\\/info\\\/#\\\/schema\\\/person\\\/db12bff64bbcbf6a253710bf0ea37b5d\",\"name\":\"Patagonia Ambiental\",\"description\":\"Andr\u00e9s Nievas T\u00e9cnico en manejo ambiental, consultor Ambiental y escritor para medios locales e internacionales sobre temas de geopolitica y medio ambiente.\",\"sameAs\":[\"http:\\\/\\\/www.patagoniambiental.com.ar\",\"https:\\\/\\\/www.facebook.com\\\/share\\\/1C1V8Gv9BX\\\/?mibextid=qi2Omg\",\"@patagoniambiental\",\"https:\\\/\\\/youtube.com\\\/@patagoniaambiental2023?si=BLt58t0wuXquxlYZ\"]}]}<\/script>\n<!-- \/ Yoast SEO Premium plugin. -->","yoast_head_json":{"title":"Agua, responsabilidad de todos","robots":{"index":"index","follow":"follow","max-snippet":"max-snippet:-1","max-image-preview":"max-image-preview:large","max-video-preview":"max-video-preview:-1"},"canonical":"https:\/\/patagoniambiental.com.ar\/info\/agua-responsabilidad-de-todos\/","og_locale":"es_ES","og_type":"article","og_title":"Agua, responsabilidad de todos","og_description":"Buenos Aires &#8211; C\u00e1lculos de la Organizaci\u00f3n de Naciones Unidas para la Agricultura y la Alimentaci\u00f3n (FAO) se\u00f1alan que la [&hellip;]","og_url":"https:\/\/patagoniambiental.com.ar\/info\/agua-responsabilidad-de-todos\/","og_site_name":"Patagonia Ambiental","article_publisher":"https:\/\/www.facebook.com\/patagonia.ambiental","article_author":"https:\/\/www.facebook.com\/share\/1C1V8Gv9BX\/?mibextid=qi2Omg","article_published_time":"2015-01-30T20:00:48+00:00","author":"Patagonia Ambiental","twitter_card":"summary_large_image","twitter_creator":"@PatAmb","twitter_site":"@PatAmb","schema":{"@context":"https:\/\/schema.org","@graph":[{"@type":"Article","@id":"https:\/\/patagoniambiental.com.ar\/info\/agua-responsabilidad-de-todos\/#article","isPartOf":{"@id":"https:\/\/patagoniambiental.com.ar\/info\/agua-responsabilidad-de-todos\/"},"author":{"name":"Patagonia Ambiental","@id":"https:\/\/patagoniambiental.com.ar\/info\/#\/schema\/person\/db12bff64bbcbf6a253710bf0ea37b5d"},"headline":"Agua, responsabilidad de todos","datePublished":"2015-01-30T20:00:48+00:00","mainEntityOfPage":{"@id":"https:\/\/patagoniambiental.com.ar\/info\/agua-responsabilidad-de-todos\/"},"wordCount":1120,"publisher":{"@id":"https:\/\/patagoniambiental.com.ar\/info\/#organization"},"image":{"@id":"https:\/\/patagoniambiental.com.ar\/info\/agua-responsabilidad-de-todos\/#primaryimage"},"thumbnailUrl":"","keywords":["agricultura","Agua","FAO","responsabilidad"],"articleSection":["Internacionales","Noticias"],"inLanguage":"es"},{"@type":"WebPage","@id":"https:\/\/patagoniambiental.com.ar\/info\/agua-responsabilidad-de-todos\/","url":"https:\/\/patagoniambiental.com.ar\/info\/agua-responsabilidad-de-todos\/","name":"Agua, responsabilidad de todos","isPartOf":{"@id":"https:\/\/patagoniambiental.com.ar\/info\/#website"},"primaryImageOfPage":{"@id":"https:\/\/patagoniambiental.com.ar\/info\/agua-responsabilidad-de-todos\/#primaryimage"},"image":{"@id":"https:\/\/patagoniambiental.com.ar\/info\/agua-responsabilidad-de-todos\/#primaryimage"},"thumbnailUrl":"","datePublished":"2015-01-30T20:00:48+00:00","breadcrumb":{"@id":"https:\/\/patagoniambiental.com.ar\/info\/agua-responsabilidad-de-todos\/#breadcrumb"},"inLanguage":"es","potentialAction":[{"@type":"ReadAction","target":["https:\/\/patagoniambiental.com.ar\/info\/agua-responsabilidad-de-todos\/"]}]},{"@type":"ImageObject","inLanguage":"es","@id":"https:\/\/patagoniambiental.com.ar\/info\/agua-responsabilidad-de-todos\/#primaryimage","url":"","contentUrl":""},{"@type":"BreadcrumbList","@id":"https:\/\/patagoniambiental.com.ar\/info\/agua-responsabilidad-de-todos\/#breadcrumb","itemListElement":[{"@type":"ListItem","position":1,"name":"Inicio","item":"https:\/\/patagoniambiental.com.ar\/info\/"},{"@type":"ListItem","position":2,"name":"Agua, responsabilidad de todos"}]},{"@type":"WebSite","@id":"https:\/\/patagoniambiental.com.ar\/info\/#website","url":"https:\/\/patagoniambiental.com.ar\/info\/","name":"Patagonia Ambiental","description":"Monitoreo y an\u00e1lisis de la situaci\u00f3n geopol\u00edtica en el mundo y su implicancia en la Patagonia","publisher":{"@id":"https:\/\/patagoniambiental.com.ar\/info\/#organization"},"potentialAction":[{"@type":"SearchAction","target":{"@type":"EntryPoint","urlTemplate":"https:\/\/patagoniambiental.com.ar\/info\/?s={search_term_string}"},"query-input":{"@type":"PropertyValueSpecification","valueRequired":true,"valueName":"search_term_string"}}],"inLanguage":"es"},{"@type":"Organization","@id":"https:\/\/patagoniambiental.com.ar\/info\/#organization","name":"Patagonia Ambiental","url":"https:\/\/patagoniambiental.com.ar\/info\/","logo":{"@type":"ImageObject","inLanguage":"es","@id":"https:\/\/patagoniambiental.com.ar\/info\/#\/schema\/logo\/image\/","url":"https:\/\/patagoniambiental.com.ar\/info\/wp-content\/uploads\/2025\/05\/LOGO-PATAGONIA-AMBIENTAL.png","contentUrl":"https:\/\/patagoniambiental.com.ar\/info\/wp-content\/uploads\/2025\/05\/LOGO-PATAGONIA-AMBIENTAL.png","width":433,"height":250,"caption":"Patagonia Ambiental"},"image":{"@id":"https:\/\/patagoniambiental.com.ar\/info\/#\/schema\/logo\/image\/"},"sameAs":["https:\/\/www.facebook.com\/patagonia.ambiental","https:\/\/x.com\/PatAmb"]},{"@type":"Person","@id":"https:\/\/patagoniambiental.com.ar\/info\/#\/schema\/person\/db12bff64bbcbf6a253710bf0ea37b5d","name":"Patagonia Ambiental","description":"Andr\u00e9s Nievas T\u00e9cnico en manejo ambiental, consultor Ambiental y escritor para medios locales e internacionales sobre temas de geopolitica y medio ambiente.","sameAs":["http:\/\/www.patagoniambiental.com.ar","https:\/\/www.facebook.com\/share\/1C1V8Gv9BX\/?mibextid=qi2Omg","@patagoniambiental","https:\/\/youtube.com\/@patagoniaambiental2023?si=BLt58t0wuXquxlYZ"]}]}},"_links":{"self":[{"href":"https:\/\/patagoniambiental.com.ar\/info\/wp-json\/wp\/v2\/posts\/7619","targetHints":{"allow":["GET"]}}],"collection":[{"href":"https:\/\/patagoniambiental.com.ar\/info\/wp-json\/wp\/v2\/posts"}],"about":[{"href":"https:\/\/patagoniambiental.com.ar\/info\/wp-json\/wp\/v2\/types\/post"}],"author":[{"embeddable":true,"href":"https:\/\/patagoniambiental.com.ar\/info\/wp-json\/wp\/v2\/users\/2"}],"replies":[{"embeddable":true,"href":"https:\/\/patagoniambiental.com.ar\/info\/wp-json\/wp\/v2\/comments?post=7619"}],"version-history":[{"count":0,"href":"https:\/\/patagoniambiental.com.ar\/info\/wp-json\/wp\/v2\/posts\/7619\/revisions"}],"wp:featuredmedia":[{"embeddable":true,"href":"https:\/\/patagoniambiental.com.ar\/info\/wp-json\/"}],"wp:attachment":[{"href":"https:\/\/patagoniambiental.com.ar\/info\/wp-json\/wp\/v2\/media?parent=7619"}],"wp:term":[{"taxonomy":"category","embeddable":true,"href":"https:\/\/patagoniambiental.com.ar\/info\/wp-json\/wp\/v2\/categories?post=7619"},{"taxonomy":"post_tag","embeddable":true,"href":"https:\/\/patagoniambiental.com.ar\/info\/wp-json\/wp\/v2\/tags?post=7619"}],"curies":[{"name":"wp","href":"https:\/\/api.w.org\/{rel}","templated":true}]}}