{"id":76198,"date":"2022-08-09T19:00:00","date_gmt":"2022-08-09T22:00:00","guid":{"rendered":"http:\/\/patagoniambiental.com.ar\/info\/?p=76198"},"modified":"2022-08-10T09:33:02","modified_gmt":"2022-08-10T12:33:02","slug":"operativo-integral-de-limpieza-en-el-barrio-lavalle-de-viedma","status":"publish","type":"post","link":"https:\/\/patagoniambiental.com.ar\/info\/operativo-integral-de-limpieza-en-el-barrio-lavalle-de-viedma\/","title":{"rendered":"Operativo integral de limpieza en el barrio Lavalle de Viedma"},"content":{"rendered":"\n<!--more-->\n\n\n\n<p>Viedma.-El Gobierno de Viedma inici\u00f3 un plan integral de limpieza y saneamiento en el barrio Lavalle, con las miras puestas en extenderlo a los dem\u00e1s barrios de la localidad.<br>El objetivo es el de disponer del personal, los equipos y herramientas para centralizar la acci\u00f3n en lugares previamente establecidos, de modo de trasladar los recursos de forma conjunta. \u00a0<br>El intendente Pedro Pesatti determin\u00f3 que varias de las \u00e1reas del Municipio coordinen acciones unidas a fin de facilitar el orden y la limpieza, y se avance en la soluci\u00f3n de inconvenientes coyunturales que los propios operativos vayan detectando.<br>Por este motivo, se inici\u00f3 el procedimiento conjunto de las \u00e1reas de Servicios P\u00fablicos y Protecci\u00f3n Ciudadana, con la intervenci\u00f3n de Tr\u00e1nsito y de Defensa Civil.<br>Se trata de la continuidad \u00a0del programa \u00abVamos a limpiar Viedma\u00bb, dise\u00f1ado previamente a la pandemia de coronavirus, y que debi\u00f3 posponerse como consecuencia de la crisis sanitaria y la necesidad imperiosa de destinar los recursos del Gobierno a la contenci\u00f3n del virus.<br>En esta oportunidad, el plan se relanza con la incorporaci\u00f3n de m\u00e1s recursos humanos y varias m\u00e1quinas viales que se sumaron al parque automotor municipal, adquiridas muchas de ellas durante la pandemia.<br>Al respecto, el subsecretario de Servicios P\u00fablicos Juan Ignacio Casadei, explic\u00f3 que con la utilizaci\u00f3n de un cami\u00f3n con batea y dos camiones volcadores, adem\u00e1s de una minicargadora y una pala, se avanz\u00f3 en la limpieza de los mont\u00edculos de basura donde se generan microbasurales.<br>Casadei detall\u00f3 adem\u00e1s que el \u00e1rea de Espacios Verdes efect\u00faa trabajos de poda y desmalezamientos, mientras que una cuadrilla de Electricidad coloc\u00f3 reflectores en las plazas del barrio.<br>Adem\u00e1s, se trabaj\u00f3 junto a la cooperativa \u00abMujeres que trabajan\u00bb en limpieza de los cordones cuneta de las calles de ripio.<br>Por otra parte, Tr\u00e1nsito de la Municipalidad realiz\u00f3 un relevamiento de las calles para ubicar autos abandonados, y avanzar en el retiro de la chatarra contaminante.<br>Por \u00faltimo, Defensa Civil dispuso tambi\u00e9n de un relevamiento a fin de verificar puntos cr\u00edticos que signifiquen una intervenci\u00f3n espec\u00edfica.<br>Los equipos municipales permanecer\u00e1n en el barrio algunos d\u00edas m\u00e1s, hasta culminar la tarea.Casadei adelant\u00f3 que el objetivo es realizar este operativo en dos barrios por semana.<\/p>\n\n\n\n<p>Fuente: Municipalidad de Viedma <\/p>\n","protected":false},"excerpt":{"rendered":"","protected":false},"author":6,"featured_media":0,"comment_status":"open","ping_status":"open","sticky":false,"template":"","format":"standard","meta":{"site-sidebar-layout":"default","site-content-layout":"","ast-site-content-layout":"default","site-content-style":"default","site-sidebar-style":"default","ast-global-header-display":"","ast-banner-title-visibility":"","ast-main-header-display":"","ast-hfb-above-header-display":"","ast-hfb-below-header-display":"","ast-hfb-mobile-header-display":"","site-post-title":"","ast-breadcrumbs-content":"","ast-featured-img":"","footer-sml-layout":"","ast-disable-related-posts":"","theme-transparent-header-meta":"","adv-header-id-meta":"","stick-header-meta":"","header-above-stick-meta":"","header-main-stick-meta":"","header-below-stick-meta":"","astra-migrate-meta-layouts":"default","ast-page-background-enabled":"default","ast-page-background-meta":{"desktop":{"background-color":"var(--ast-global-color-5)","background-image":"","background-repeat":"repeat","background-position":"center center","background-size":"auto","background-attachment":"scroll","background-type":"","background-media":"","overlay-type":"","overlay-color":"","overlay-opacity":"","overlay-gradient":""},"tablet":{"background-color":"","background-image":"","background-repeat":"repeat","background-position":"center center","background-size":"auto","background-attachment":"scroll","background-type":"","background-media":"","overlay-type":"","overlay-color":"","overlay-opacity":"","overlay-gradient":""},"mobile":{"background-color":"","background-image":"","background-repeat":"repeat","background-position":"center center","background-size":"auto","background-attachment":"scroll","background-type":"","background-media":"","overlay-type":"","overlay-color":"","overlay-opacity":"","overlay-gradient":""}},"ast-content-background-meta":{"desktop":{"background-color":"var(--ast-global-color-4)","background-image":"","background-repeat":"repeat","background-position":"center center","background-size":"auto","background-attachment":"scroll","background-type":"","background-media":"","overlay-type":"","overlay-color":"","overlay-opacity":"","overlay-gradient":""},"tablet":{"background-color":"var(--ast-global-color-4)","background-image":"","background-repeat":"repeat","background-position":"center center","background-size":"auto","background-attachment":"scroll","background-type":"","background-media":"","overlay-type":"","overlay-color":"","overlay-opacity":"","overlay-gradient":""},"mobile":{"background-color":"var(--ast-global-color-4)","background-image":"","background-repeat":"repeat","background-position":"center center","background-size":"auto","background-attachment":"scroll","background-type":"","background-media":"","overlay-type":"","overlay-color":"","overlay-opacity":"","overlay-gradient":""}},"footnotes":""},"categories":[11,3357,16,1,10],"tags":[],"class_list":["post-76198","post","type-post","status-publish","format-standard","hentry","category-boletin","category-girsu","category-municipales","category-noticias","category-rotador"],"yoast_head":"<!-- This site is optimized with the Yoast SEO Premium plugin v23.0 (Yoast SEO v27.4) - https:\/\/yoast.com\/product\/yoast-seo-premium-wordpress\/ -->\n<title>Operativo integral de limpieza en el barrio Lavalle de Viedma<\/title>\n<meta name=\"robots\" content=\"index, follow, max-snippet:-1, max-image-preview:large, max-video-preview:-1\" \/>\n<link rel=\"canonical\" href=\"https:\/\/patagoniambiental.com.ar\/info\/operativo-integral-de-limpieza-en-el-barrio-lavalle-de-viedma\/\" \/>\n<meta property=\"og:locale\" content=\"es_ES\" \/>\n<meta property=\"og:type\" content=\"article\" \/>\n<meta property=\"og:title\" content=\"Operativo integral de limpieza en el barrio Lavalle de Viedma\" \/>\n<meta property=\"og:url\" content=\"https:\/\/patagoniambiental.com.ar\/info\/operativo-integral-de-limpieza-en-el-barrio-lavalle-de-viedma\/\" \/>\n<meta property=\"og:site_name\" content=\"Patagonia Ambiental\" \/>\n<meta property=\"article:publisher\" content=\"https:\/\/www.facebook.com\/patagonia.ambiental\" \/>\n<meta property=\"article:published_time\" content=\"2022-08-09T22:00:00+00:00\" \/>\n<meta property=\"article:modified_time\" content=\"2022-08-10T12:33:02+00:00\" \/>\n<meta name=\"author\" content=\"BRAIAN ESTEVEZ\" \/>\n<meta name=\"twitter:card\" content=\"summary_large_image\" \/>\n<meta name=\"twitter:creator\" content=\"@PatAmb\" \/>\n<meta name=\"twitter:site\" content=\"@PatAmb\" \/>\n<script type=\"application\/ld+json\" class=\"yoast-schema-graph\">{\"@context\":\"https:\\\/\\\/schema.org\",\"@graph\":[{\"@type\":\"Article\",\"@id\":\"https:\\\/\\\/patagoniambiental.com.ar\\\/info\\\/operativo-integral-de-limpieza-en-el-barrio-lavalle-de-viedma\\\/#article\",\"isPartOf\":{\"@id\":\"https:\\\/\\\/patagoniambiental.com.ar\\\/info\\\/operativo-integral-de-limpieza-en-el-barrio-lavalle-de-viedma\\\/\"},\"author\":{\"name\":\"BRAIAN ESTEVEZ\",\"@id\":\"https:\\\/\\\/patagoniambiental.com.ar\\\/info\\\/#\\\/schema\\\/person\\\/e5af09d700b2e82cb10c6b8800e0c691\"},\"headline\":\"Operativo integral de limpieza en el barrio Lavalle de Viedma\",\"datePublished\":\"2022-08-09T22:00:00+00:00\",\"dateModified\":\"2022-08-10T12:33:02+00:00\",\"mainEntityOfPage\":{\"@id\":\"https:\\\/\\\/patagoniambiental.com.ar\\\/info\\\/operativo-integral-de-limpieza-en-el-barrio-lavalle-de-viedma\\\/\"},\"wordCount\":409,\"commentCount\":0,\"publisher\":{\"@id\":\"https:\\\/\\\/patagoniambiental.com.ar\\\/info\\\/#organization\"},\"articleSection\":[\"Bolet\u00edn\",\"GIRSU\",\"Municipales\",\"Noticias\",\"Rotador\"],\"inLanguage\":\"es\",\"potentialAction\":[{\"@type\":\"CommentAction\",\"name\":\"Comment\",\"target\":[\"https:\\\/\\\/patagoniambiental.com.ar\\\/info\\\/operativo-integral-de-limpieza-en-el-barrio-lavalle-de-viedma\\\/#respond\"]}]},{\"@type\":\"WebPage\",\"@id\":\"https:\\\/\\\/patagoniambiental.com.ar\\\/info\\\/operativo-integral-de-limpieza-en-el-barrio-lavalle-de-viedma\\\/\",\"url\":\"https:\\\/\\\/patagoniambiental.com.ar\\\/info\\\/operativo-integral-de-limpieza-en-el-barrio-lavalle-de-viedma\\\/\",\"name\":\"Operativo integral de limpieza en el barrio Lavalle de Viedma\",\"isPartOf\":{\"@id\":\"https:\\\/\\\/patagoniambiental.com.ar\\\/info\\\/#website\"},\"datePublished\":\"2022-08-09T22:00:00+00:00\",\"dateModified\":\"2022-08-10T12:33:02+00:00\",\"breadcrumb\":{\"@id\":\"https:\\\/\\\/patagoniambiental.com.ar\\\/info\\\/operativo-integral-de-limpieza-en-el-barrio-lavalle-de-viedma\\\/#breadcrumb\"},\"inLanguage\":\"es\",\"potentialAction\":[{\"@type\":\"ReadAction\",\"target\":[\"https:\\\/\\\/patagoniambiental.com.ar\\\/info\\\/operativo-integral-de-limpieza-en-el-barrio-lavalle-de-viedma\\\/\"]}]},{\"@type\":\"BreadcrumbList\",\"@id\":\"https:\\\/\\\/patagoniambiental.com.ar\\\/info\\\/operativo-integral-de-limpieza-en-el-barrio-lavalle-de-viedma\\\/#breadcrumb\",\"itemListElement\":[{\"@type\":\"ListItem\",\"position\":1,\"name\":\"Inicio\",\"item\":\"https:\\\/\\\/patagoniambiental.com.ar\\\/info\\\/\"},{\"@type\":\"ListItem\",\"position\":2,\"name\":\"Operativo integral de limpieza en el barrio Lavalle de Viedma\"}]},{\"@type\":\"WebSite\",\"@id\":\"https:\\\/\\\/patagoniambiental.com.ar\\\/info\\\/#website\",\"url\":\"https:\\\/\\\/patagoniambiental.com.ar\\\/info\\\/\",\"name\":\"Patagonia Ambiental\",\"description\":\"Monitoreo y an\u00e1lisis de la situaci\u00f3n geopol\u00edtica en el mundo y su implicancia en la Patagonia\",\"publisher\":{\"@id\":\"https:\\\/\\\/patagoniambiental.com.ar\\\/info\\\/#organization\"},\"potentialAction\":[{\"@type\":\"SearchAction\",\"target\":{\"@type\":\"EntryPoint\",\"urlTemplate\":\"https:\\\/\\\/patagoniambiental.com.ar\\\/info\\\/?s={search_term_string}\"},\"query-input\":{\"@type\":\"PropertyValueSpecification\",\"valueRequired\":true,\"valueName\":\"search_term_string\"}}],\"inLanguage\":\"es\"},{\"@type\":\"Organization\",\"@id\":\"https:\\\/\\\/patagoniambiental.com.ar\\\/info\\\/#organization\",\"name\":\"Patagonia Ambiental\",\"url\":\"https:\\\/\\\/patagoniambiental.com.ar\\\/info\\\/\",\"logo\":{\"@type\":\"ImageObject\",\"inLanguage\":\"es\",\"@id\":\"https:\\\/\\\/patagoniambiental.com.ar\\\/info\\\/#\\\/schema\\\/logo\\\/image\\\/\",\"url\":\"https:\\\/\\\/patagoniambiental.com.ar\\\/info\\\/wp-content\\\/uploads\\\/2025\\\/05\\\/LOGO-PATAGONIA-AMBIENTAL.png\",\"contentUrl\":\"https:\\\/\\\/patagoniambiental.com.ar\\\/info\\\/wp-content\\\/uploads\\\/2025\\\/05\\\/LOGO-PATAGONIA-AMBIENTAL.png\",\"width\":433,\"height\":250,\"caption\":\"Patagonia Ambiental\"},\"image\":{\"@id\":\"https:\\\/\\\/patagoniambiental.com.ar\\\/info\\\/#\\\/schema\\\/logo\\\/image\\\/\"},\"sameAs\":[\"https:\\\/\\\/www.facebook.com\\\/patagonia.ambiental\",\"https:\\\/\\\/x.com\\\/PatAmb\"]},{\"@type\":\"Person\",\"@id\":\"https:\\\/\\\/patagoniambiental.com.ar\\\/info\\\/#\\\/schema\\\/person\\\/e5af09d700b2e82cb10c6b8800e0c691\",\"name\":\"BRAIAN ESTEVEZ\",\"sameAs\":[\"http:\\\/\\\/www.patagoniambiental.com.ar\"]}]}<\/script>\n<!-- \/ Yoast SEO Premium plugin. -->","yoast_head_json":{"title":"Operativo integral de limpieza en el barrio Lavalle de Viedma","robots":{"index":"index","follow":"follow","max-snippet":"max-snippet:-1","max-image-preview":"max-image-preview:large","max-video-preview":"max-video-preview:-1"},"canonical":"https:\/\/patagoniambiental.com.ar\/info\/operativo-integral-de-limpieza-en-el-barrio-lavalle-de-viedma\/","og_locale":"es_ES","og_type":"article","og_title":"Operativo integral de limpieza en el barrio Lavalle de Viedma","og_url":"https:\/\/patagoniambiental.com.ar\/info\/operativo-integral-de-limpieza-en-el-barrio-lavalle-de-viedma\/","og_site_name":"Patagonia Ambiental","article_publisher":"https:\/\/www.facebook.com\/patagonia.ambiental","article_published_time":"2022-08-09T22:00:00+00:00","article_modified_time":"2022-08-10T12:33:02+00:00","author":"BRAIAN ESTEVEZ","twitter_card":"summary_large_image","twitter_creator":"@PatAmb","twitter_site":"@PatAmb","schema":{"@context":"https:\/\/schema.org","@graph":[{"@type":"Article","@id":"https:\/\/patagoniambiental.com.ar\/info\/operativo-integral-de-limpieza-en-el-barrio-lavalle-de-viedma\/#article","isPartOf":{"@id":"https:\/\/patagoniambiental.com.ar\/info\/operativo-integral-de-limpieza-en-el-barrio-lavalle-de-viedma\/"},"author":{"name":"BRAIAN ESTEVEZ","@id":"https:\/\/patagoniambiental.com.ar\/info\/#\/schema\/person\/e5af09d700b2e82cb10c6b8800e0c691"},"headline":"Operativo integral de limpieza en el barrio Lavalle de Viedma","datePublished":"2022-08-09T22:00:00+00:00","dateModified":"2022-08-10T12:33:02+00:00","mainEntityOfPage":{"@id":"https:\/\/patagoniambiental.com.ar\/info\/operativo-integral-de-limpieza-en-el-barrio-lavalle-de-viedma\/"},"wordCount":409,"commentCount":0,"publisher":{"@id":"https:\/\/patagoniambiental.com.ar\/info\/#organization"},"articleSection":["Bolet\u00edn","GIRSU","Municipales","Noticias","Rotador"],"inLanguage":"es","potentialAction":[{"@type":"CommentAction","name":"Comment","target":["https:\/\/patagoniambiental.com.ar\/info\/operativo-integral-de-limpieza-en-el-barrio-lavalle-de-viedma\/#respond"]}]},{"@type":"WebPage","@id":"https:\/\/patagoniambiental.com.ar\/info\/operativo-integral-de-limpieza-en-el-barrio-lavalle-de-viedma\/","url":"https:\/\/patagoniambiental.com.ar\/info\/operativo-integral-de-limpieza-en-el-barrio-lavalle-de-viedma\/","name":"Operativo integral de limpieza en el barrio Lavalle de Viedma","isPartOf":{"@id":"https:\/\/patagoniambiental.com.ar\/info\/#website"},"datePublished":"2022-08-09T22:00:00+00:00","dateModified":"2022-08-10T12:33:02+00:00","breadcrumb":{"@id":"https:\/\/patagoniambiental.com.ar\/info\/operativo-integral-de-limpieza-en-el-barrio-lavalle-de-viedma\/#breadcrumb"},"inLanguage":"es","potentialAction":[{"@type":"ReadAction","target":["https:\/\/patagoniambiental.com.ar\/info\/operativo-integral-de-limpieza-en-el-barrio-lavalle-de-viedma\/"]}]},{"@type":"BreadcrumbList","@id":"https:\/\/patagoniambiental.com.ar\/info\/operativo-integral-de-limpieza-en-el-barrio-lavalle-de-viedma\/#breadcrumb","itemListElement":[{"@type":"ListItem","position":1,"name":"Inicio","item":"https:\/\/patagoniambiental.com.ar\/info\/"},{"@type":"ListItem","position":2,"name":"Operativo integral de limpieza en el barrio Lavalle de Viedma"}]},{"@type":"WebSite","@id":"https:\/\/patagoniambiental.com.ar\/info\/#website","url":"https:\/\/patagoniambiental.com.ar\/info\/","name":"Patagonia Ambiental","description":"Monitoreo y an\u00e1lisis de la situaci\u00f3n geopol\u00edtica en el mundo y su implicancia en la Patagonia","publisher":{"@id":"https:\/\/patagoniambiental.com.ar\/info\/#organization"},"potentialAction":[{"@type":"SearchAction","target":{"@type":"EntryPoint","urlTemplate":"https:\/\/patagoniambiental.com.ar\/info\/?s={search_term_string}"},"query-input":{"@type":"PropertyValueSpecification","valueRequired":true,"valueName":"search_term_string"}}],"inLanguage":"es"},{"@type":"Organization","@id":"https:\/\/patagoniambiental.com.ar\/info\/#organization","name":"Patagonia Ambiental","url":"https:\/\/patagoniambiental.com.ar\/info\/","logo":{"@type":"ImageObject","inLanguage":"es","@id":"https:\/\/patagoniambiental.com.ar\/info\/#\/schema\/logo\/image\/","url":"https:\/\/patagoniambiental.com.ar\/info\/wp-content\/uploads\/2025\/05\/LOGO-PATAGONIA-AMBIENTAL.png","contentUrl":"https:\/\/patagoniambiental.com.ar\/info\/wp-content\/uploads\/2025\/05\/LOGO-PATAGONIA-AMBIENTAL.png","width":433,"height":250,"caption":"Patagonia Ambiental"},"image":{"@id":"https:\/\/patagoniambiental.com.ar\/info\/#\/schema\/logo\/image\/"},"sameAs":["https:\/\/www.facebook.com\/patagonia.ambiental","https:\/\/x.com\/PatAmb"]},{"@type":"Person","@id":"https:\/\/patagoniambiental.com.ar\/info\/#\/schema\/person\/e5af09d700b2e82cb10c6b8800e0c691","name":"BRAIAN ESTEVEZ","sameAs":["http:\/\/www.patagoniambiental.com.ar"]}]}},"_links":{"self":[{"href":"https:\/\/patagoniambiental.com.ar\/info\/wp-json\/wp\/v2\/posts\/76198","targetHints":{"allow":["GET"]}}],"collection":[{"href":"https:\/\/patagoniambiental.com.ar\/info\/wp-json\/wp\/v2\/posts"}],"about":[{"href":"https:\/\/patagoniambiental.com.ar\/info\/wp-json\/wp\/v2\/types\/post"}],"author":[{"embeddable":true,"href":"https:\/\/patagoniambiental.com.ar\/info\/wp-json\/wp\/v2\/users\/6"}],"replies":[{"embeddable":true,"href":"https:\/\/patagoniambiental.com.ar\/info\/wp-json\/wp\/v2\/comments?post=76198"}],"version-history":[{"count":0,"href":"https:\/\/patagoniambiental.com.ar\/info\/wp-json\/wp\/v2\/posts\/76198\/revisions"}],"wp:attachment":[{"href":"https:\/\/patagoniambiental.com.ar\/info\/wp-json\/wp\/v2\/media?parent=76198"}],"wp:term":[{"taxonomy":"category","embeddable":true,"href":"https:\/\/patagoniambiental.com.ar\/info\/wp-json\/wp\/v2\/categories?post=76198"},{"taxonomy":"post_tag","embeddable":true,"href":"https:\/\/patagoniambiental.com.ar\/info\/wp-json\/wp\/v2\/tags?post=76198"}],"curies":[{"name":"wp","href":"https:\/\/api.w.org\/{rel}","templated":true}]}}