{"id":76231,"date":"2022-08-18T07:00:00","date_gmt":"2022-08-18T10:00:00","guid":{"rendered":"http:\/\/patagoniambiental.com.ar\/info\/?p=76231"},"modified":"2022-08-19T22:44:34","modified_gmt":"2022-08-20T01:44:34","slug":"proteger-el-medio-ambiente-para-las-generaciones-futuras-la-palabra-de-los-brigadistas","status":"publish","type":"post","link":"https:\/\/patagoniambiental.com.ar\/info\/proteger-el-medio-ambiente-para-las-generaciones-futuras-la-palabra-de-los-brigadistas\/","title":{"rendered":"\u201cProteger el medio ambiente para las generaciones futuras\u201d, la palabra de los brigadistas"},"content":{"rendered":"\n<h1 class=\"wp-block-heading\"><\/h1>\n\n\n\n<!--more-->\n\n\n\n<h2 class=\"wp-block-heading\">Los focos \u00edgneos en el Delta del Paran\u00e1 no cesan y quienes trabajan en la primera l\u00ednea para combatirlo dialogaron con El Litoral para contar su incesante accionar d\u00eda a d\u00eda.<\/h2>\n\n\n\n<p><img decoding=\"async\" srcset=\"\" src=\"https:\/\/www.ellitoral.com\/images\/2022\/08\/18\/xzRv3M5-k_1300x655__1.jpg\" width=\"100%\">El humo de los incendios disminuye la visibilidad en la ruta que une Rosario y Victoria.<\/p>\n\n\n\n<hr class=\"wp-block-separator\"\/>\n\n\n\n<p>Jueves 18.8.2022-\u00daltima actualizaci\u00f3n &#8211;&nbsp;15:22<a href=\"https:\/\/www.facebook.com\/sharer.php?u=https:\/\/www.ellitoral.com\/sucesos\/rosario-victoria-entre-rios-rio-parana-fuego-incendio-humo-ruta-testimonio-bomberos_0_cBdUbsKODK.html\" target=\"_blank\" rel=\"noreferrer noopener\"><\/a><a href=\"http:\/\/twitter.com\/share?url=https:\/\/www.ellitoral.com\/sucesos\/rosario-victoria-entre-rios-rio-parana-fuego-incendio-humo-ruta-testimonio-bomberos_0_cBdUbsKODK.html\" target=\"_blank\" rel=\"noreferrer noopener\"><\/a><a href=\"https:\/\/api.whatsapp.com\/send?text=Accede%20a%20esta%20noticia%20de%20El%20Litoral:%20https:\/\/www.ellitoral.com\/sucesos\/rosario-victoria-entre-rios-rio-parana-fuego-incendio-humo-ruta-testimonio-bomberos_0_cBdUbsKODK.html%3Futm_medium%3Dwhatsapp%20-%20Envianos%20tu%20noticia%20a:%20%2B5493426305344\" target=\"_blank\" rel=\"noreferrer noopener\"><\/a><a href=\"https:\/\/www.ellitoral.com\/autor\/juan-ignacio-rodriguez\"><\/a><a href=\"https:\/\/www.ellitoral.com\/autor\/juan-ignacio-rodriguez\">Juan Ignacio Rodr\u00edguez<\/a><a href=\"https:\/\/www.ellitoral.com\/autor\/alejandro-venzatti\"><\/a><a href=\"https:\/\/www.ellitoral.com\/autor\/alejandro-venzatti\">Alejandro Venzatti<\/a><\/p>\n\n\n\n<p>Los incendios en Rosario fueron tema de conversaci\u00f3n los \u00faltimos d\u00edas por la gran cantidad de focos \u00edgneos activos y la llegada del humo nuevamente a la ciudad. Los brigadistas que combaten en la primera l\u00ednea de trabajo dialogaron con El Litoral y contaron c\u00f3mo es su accionar diario.<\/p>\n\n\n\n<p>Nazareno Maldonado es de la brigada nacional sur que pertenece al Servicio Nacional de Manejo del Fuego y relat\u00f3 su experiencia, lejos de su familia pero haciendo lo que le gusta.https:\/\/cdn.jwplayer.com\/players\/d1y3DwG7-ogkm6Oc3.html<\/p>\n\n\n\n<p>\u201cNos levantamos a la ma\u00f1ana temprano, tipo 6:30, desayunamos y nos dirigimos al punto que nos diga el helic\u00f3ptero para poder adentrarnos en las islas. Nunca sabemos con qu\u00e9 nos vamos a encontrar, a veces est\u00e1 todo tranquilo y cuando el viento cambia tenemos que replegar y dejar el trabajo a la mitad por seguridad\u201d, cuenta el brigadista sure\u00f1o en base a la rutina que realizan en el d\u00eda a d\u00eda.<\/p>\n\n\n\n<p>En relaci\u00f3n al trabajo que realizan comenta: \u201cNosotros realizamos l\u00edneas de defensas con desmalezadoras y herramientas manuales lo cual impide que el fuego contin\u00fae el trayecto, le hacemos un cortafuego\u201d.https:\/\/cdn.jwplayer.com\/players\/ctJU6ufo-ogkm6Oc3.html<\/p>\n\n\n\n<p>A su vez, cuenta que en la brigada son \u201ccomo una familia, cuando uno tiene un problema lo apoyamos entre todos. Se extra\u00f1a el sur y la familia pero es un trabajo que nos gusta, proteger el medio ambiente para las generaciones futuras\u201d, cierra su relato Maldonado.<\/p>\n\n\n\n<p>Por su parte, Francisco D\u00edaz que trabaja en la parte operativa, tambi\u00e9n dialog\u00f3 con El Litoral y dio a conocer la hoja diaria que llevan adelante para combatir los incendios protegiendo a los brigadistas y d\u00e1ndole prioridad al cuidado de las casas que se encuentran en riesgo.https:\/\/cdn.jwplayer.com\/players\/GYLFwIEC-ogkm6Oc3.html<\/p>\n\n\n\n<p>\u201cTenemos desplegados en todo el cord\u00f3n del R\u00edo Paran\u00e1 cuatro comandos de operaciones y en este momento se est\u00e1n movilizando un avi\u00f3n y un helic\u00f3ptero. El brigadista llega a la ma\u00f1ana y se hace un chequeo de salud al igual que cuando vuelve de trabajar a eso de las 7 de la tarde\u201d, comenta D\u00edaz<\/p>\n\n\n\n<p>\u201cHacemos un vuelo previo antes de que los brigadistas ingresen a la zona de los focos \u00edgneos y luego un vuelo antes de replegar personal para ver el trabajo realizado. A veces decepciona ver que recorrieron 3000 metros en campo travieso dejando solo tierra para que no se expanda el fuego y a 2000 metros naci\u00f3 un nuevo foco\u201d, relata Francisco.https:\/\/cdn.jwplayer.com\/players\/GNFJM2WA-ogkm6Oc3.html<\/p>\n\n\n\n<p>Por \u00faltimo comenta, \u201cesto es un d\u00eda a d\u00eda, es din\u00e1mico, gracias a dios no tenemos que lamentar ninguna v\u00edctima hasta el momento y solo la p\u00e9rdida de una casa por incendio la semana pasada\u201d.<\/p>\n\n\n\n<p>Los incendios comenzaron a casi 30 kil\u00f3metros hacia adentro de la ruta 174 que une Rosario &#8211; Victoria y sin embargo ya est\u00e1n llegando a la banquina del lugar.<\/p>\n\n\n\n<p>fUENTE: https:\/\/www.ellitoral.com\/sucesos\/rosario-victoria-entre-rios-rio-parana-fuego-incendio-humo-ruta-testimonio-bomberos_0_cBdUbsKODK.html<\/p>\n","protected":false},"excerpt":{"rendered":"","protected":false},"author":6,"featured_media":76232,"comment_status":"open","ping_status":"open","sticky":false,"template":"","format":"standard","meta":{"site-sidebar-layout":"default","site-content-layout":"","ast-site-content-layout":"default","site-content-style":"default","site-sidebar-style":"default","ast-global-header-display":"","ast-banner-title-visibility":"","ast-main-header-display":"","ast-hfb-above-header-display":"","ast-hfb-below-header-display":"","ast-hfb-mobile-header-display":"","site-post-title":"","ast-breadcrumbs-content":"","ast-featured-img":"","footer-sml-layout":"","ast-disable-related-posts":"","theme-transparent-header-meta":"","adv-header-id-meta":"","stick-header-meta":"","header-above-stick-meta":"","header-main-stick-meta":"","header-below-stick-meta":"","astra-migrate-meta-layouts":"default","ast-page-background-enabled":"default","ast-page-background-meta":{"desktop":{"background-color":"var(--ast-global-color-5)","background-image":"","background-repeat":"repeat","background-position":"center center","background-size":"auto","background-attachment":"scroll","background-type":"","background-media":"","overlay-type":"","overlay-color":"","overlay-opacity":"","overlay-gradient":""},"tablet":{"background-color":"","background-image":"","background-repeat":"repeat","background-position":"center center","background-size":"auto","background-attachment":"scroll","background-type":"","background-media":"","overlay-type":"","overlay-color":"","overlay-opacity":"","overlay-gradient":""},"mobile":{"background-color":"","background-image":"","background-repeat":"repeat","background-position":"center center","background-size":"auto","background-attachment":"scroll","background-type":"","background-media":"","overlay-type":"","overlay-color":"","overlay-opacity":"","overlay-gradient":""}},"ast-content-background-meta":{"desktop":{"background-color":"var(--ast-global-color-4)","background-image":"","background-repeat":"repeat","background-position":"center center","background-size":"auto","background-attachment":"scroll","background-type":"","background-media":"","overlay-type":"","overlay-color":"","overlay-opacity":"","overlay-gradient":""},"tablet":{"background-color":"var(--ast-global-color-4)","background-image":"","background-repeat":"repeat","background-position":"center center","background-size":"auto","background-attachment":"scroll","background-type":"","background-media":"","overlay-type":"","overlay-color":"","overlay-opacity":"","overlay-gradient":""},"mobile":{"background-color":"var(--ast-global-color-4)","background-image":"","background-repeat":"repeat","background-position":"center center","background-size":"auto","background-attachment":"scroll","background-type":"","background-media":"","overlay-type":"","overlay-color":"","overlay-opacity":"","overlay-gradient":""}},"footnotes":""},"categories":[11,19,1,10],"tags":[],"class_list":["post-76231","post","type-post","status-publish","format-standard","has-post-thumbnail","hentry","category-boletin","category-nacionales","category-noticias","category-rotador"],"yoast_head":"<!-- This site is optimized with the Yoast SEO Premium plugin v23.0 (Yoast SEO v27.4) - https:\/\/yoast.com\/product\/yoast-seo-premium-wordpress\/ -->\n<title>\u201cProteger el medio ambiente para las generaciones futuras\u201d, la palabra de los brigadistas<\/title>\n<meta name=\"robots\" content=\"index, follow, max-snippet:-1, max-image-preview:large, max-video-preview:-1\" \/>\n<link rel=\"canonical\" href=\"https:\/\/patagoniambiental.com.ar\/info\/proteger-el-medio-ambiente-para-las-generaciones-futuras-la-palabra-de-los-brigadistas\/\" \/>\n<meta property=\"og:locale\" content=\"es_ES\" \/>\n<meta property=\"og:type\" content=\"article\" \/>\n<meta property=\"og:title\" content=\"\u201cProteger el medio ambiente para las generaciones futuras\u201d, la palabra de los brigadistas\" \/>\n<meta property=\"og:url\" content=\"https:\/\/patagoniambiental.com.ar\/info\/proteger-el-medio-ambiente-para-las-generaciones-futuras-la-palabra-de-los-brigadistas\/\" \/>\n<meta property=\"og:site_name\" content=\"Patagonia Ambiental\" \/>\n<meta property=\"article:publisher\" content=\"https:\/\/www.facebook.com\/patagonia.ambiental\" \/>\n<meta property=\"article:published_time\" content=\"2022-08-18T10:00:00+00:00\" \/>\n<meta property=\"article:modified_time\" content=\"2022-08-20T01:44:34+00:00\" \/>\n<meta property=\"og:image\" content=\"https:\/\/patagoniambiental.com.ar\/info\/wp-content\/uploads\/2022\/08\/Sin-titulo.jpg\" \/>\n\t<meta property=\"og:image:width\" content=\"1105\" \/>\n\t<meta property=\"og:image:height\" content=\"449\" \/>\n\t<meta property=\"og:image:type\" content=\"image\/jpeg\" \/>\n<meta name=\"author\" content=\"BRAIAN ESTEVEZ\" \/>\n<meta name=\"twitter:card\" content=\"summary_large_image\" \/>\n<meta name=\"twitter:creator\" content=\"@PatAmb\" \/>\n<meta name=\"twitter:site\" content=\"@PatAmb\" \/>\n<script type=\"application\/ld+json\" class=\"yoast-schema-graph\">{\"@context\":\"https:\\\/\\\/schema.org\",\"@graph\":[{\"@type\":\"Article\",\"@id\":\"https:\\\/\\\/patagoniambiental.com.ar\\\/info\\\/proteger-el-medio-ambiente-para-las-generaciones-futuras-la-palabra-de-los-brigadistas\\\/#article\",\"isPartOf\":{\"@id\":\"https:\\\/\\\/patagoniambiental.com.ar\\\/info\\\/proteger-el-medio-ambiente-para-las-generaciones-futuras-la-palabra-de-los-brigadistas\\\/\"},\"author\":{\"name\":\"BRAIAN ESTEVEZ\",\"@id\":\"https:\\\/\\\/patagoniambiental.com.ar\\\/info\\\/#\\\/schema\\\/person\\\/e5af09d700b2e82cb10c6b8800e0c691\"},\"headline\":\"\u201cProteger el medio ambiente para las generaciones futuras\u201d, la palabra de los brigadistas\",\"datePublished\":\"2022-08-18T10:00:00+00:00\",\"dateModified\":\"2022-08-20T01:44:34+00:00\",\"mainEntityOfPage\":{\"@id\":\"https:\\\/\\\/patagoniambiental.com.ar\\\/info\\\/proteger-el-medio-ambiente-para-las-generaciones-futuras-la-palabra-de-los-brigadistas\\\/\"},\"wordCount\":601,\"commentCount\":0,\"publisher\":{\"@id\":\"https:\\\/\\\/patagoniambiental.com.ar\\\/info\\\/#organization\"},\"image\":{\"@id\":\"https:\\\/\\\/patagoniambiental.com.ar\\\/info\\\/proteger-el-medio-ambiente-para-las-generaciones-futuras-la-palabra-de-los-brigadistas\\\/#primaryimage\"},\"thumbnailUrl\":\"https:\\\/\\\/patagoniambiental.com.ar\\\/info\\\/wp-content\\\/uploads\\\/2022\\\/08\\\/Sin-titulo.jpg\",\"articleSection\":[\"Bolet\u00edn\",\"Nacionales\",\"Noticias\",\"Rotador\"],\"inLanguage\":\"es\",\"potentialAction\":[{\"@type\":\"CommentAction\",\"name\":\"Comment\",\"target\":[\"https:\\\/\\\/patagoniambiental.com.ar\\\/info\\\/proteger-el-medio-ambiente-para-las-generaciones-futuras-la-palabra-de-los-brigadistas\\\/#respond\"]}]},{\"@type\":\"WebPage\",\"@id\":\"https:\\\/\\\/patagoniambiental.com.ar\\\/info\\\/proteger-el-medio-ambiente-para-las-generaciones-futuras-la-palabra-de-los-brigadistas\\\/\",\"url\":\"https:\\\/\\\/patagoniambiental.com.ar\\\/info\\\/proteger-el-medio-ambiente-para-las-generaciones-futuras-la-palabra-de-los-brigadistas\\\/\",\"name\":\"\u201cProteger el medio ambiente para las generaciones futuras\u201d, la palabra de los brigadistas\",\"isPartOf\":{\"@id\":\"https:\\\/\\\/patagoniambiental.com.ar\\\/info\\\/#website\"},\"primaryImageOfPage\":{\"@id\":\"https:\\\/\\\/patagoniambiental.com.ar\\\/info\\\/proteger-el-medio-ambiente-para-las-generaciones-futuras-la-palabra-de-los-brigadistas\\\/#primaryimage\"},\"image\":{\"@id\":\"https:\\\/\\\/patagoniambiental.com.ar\\\/info\\\/proteger-el-medio-ambiente-para-las-generaciones-futuras-la-palabra-de-los-brigadistas\\\/#primaryimage\"},\"thumbnailUrl\":\"https:\\\/\\\/patagoniambiental.com.ar\\\/info\\\/wp-content\\\/uploads\\\/2022\\\/08\\\/Sin-titulo.jpg\",\"datePublished\":\"2022-08-18T10:00:00+00:00\",\"dateModified\":\"2022-08-20T01:44:34+00:00\",\"breadcrumb\":{\"@id\":\"https:\\\/\\\/patagoniambiental.com.ar\\\/info\\\/proteger-el-medio-ambiente-para-las-generaciones-futuras-la-palabra-de-los-brigadistas\\\/#breadcrumb\"},\"inLanguage\":\"es\",\"potentialAction\":[{\"@type\":\"ReadAction\",\"target\":[\"https:\\\/\\\/patagoniambiental.com.ar\\\/info\\\/proteger-el-medio-ambiente-para-las-generaciones-futuras-la-palabra-de-los-brigadistas\\\/\"]}]},{\"@type\":\"ImageObject\",\"inLanguage\":\"es\",\"@id\":\"https:\\\/\\\/patagoniambiental.com.ar\\\/info\\\/proteger-el-medio-ambiente-para-las-generaciones-futuras-la-palabra-de-los-brigadistas\\\/#primaryimage\",\"url\":\"https:\\\/\\\/patagoniambiental.com.ar\\\/info\\\/wp-content\\\/uploads\\\/2022\\\/08\\\/Sin-titulo.jpg\",\"contentUrl\":\"https:\\\/\\\/patagoniambiental.com.ar\\\/info\\\/wp-content\\\/uploads\\\/2022\\\/08\\\/Sin-titulo.jpg\",\"width\":1105,\"height\":449},{\"@type\":\"BreadcrumbList\",\"@id\":\"https:\\\/\\\/patagoniambiental.com.ar\\\/info\\\/proteger-el-medio-ambiente-para-las-generaciones-futuras-la-palabra-de-los-brigadistas\\\/#breadcrumb\",\"itemListElement\":[{\"@type\":\"ListItem\",\"position\":1,\"name\":\"Inicio\",\"item\":\"https:\\\/\\\/patagoniambiental.com.ar\\\/info\\\/\"},{\"@type\":\"ListItem\",\"position\":2,\"name\":\"\u201cProteger el medio ambiente para las generaciones futuras\u201d, la palabra de los brigadistas\"}]},{\"@type\":\"WebSite\",\"@id\":\"https:\\\/\\\/patagoniambiental.com.ar\\\/info\\\/#website\",\"url\":\"https:\\\/\\\/patagoniambiental.com.ar\\\/info\\\/\",\"name\":\"Patagonia Ambiental\",\"description\":\"Monitoreo y an\u00e1lisis de la situaci\u00f3n geopol\u00edtica en el mundo y su implicancia en la Patagonia\",\"publisher\":{\"@id\":\"https:\\\/\\\/patagoniambiental.com.ar\\\/info\\\/#organization\"},\"potentialAction\":[{\"@type\":\"SearchAction\",\"target\":{\"@type\":\"EntryPoint\",\"urlTemplate\":\"https:\\\/\\\/patagoniambiental.com.ar\\\/info\\\/?s={search_term_string}\"},\"query-input\":{\"@type\":\"PropertyValueSpecification\",\"valueRequired\":true,\"valueName\":\"search_term_string\"}}],\"inLanguage\":\"es\"},{\"@type\":\"Organization\",\"@id\":\"https:\\\/\\\/patagoniambiental.com.ar\\\/info\\\/#organization\",\"name\":\"Patagonia Ambiental\",\"url\":\"https:\\\/\\\/patagoniambiental.com.ar\\\/info\\\/\",\"logo\":{\"@type\":\"ImageObject\",\"inLanguage\":\"es\",\"@id\":\"https:\\\/\\\/patagoniambiental.com.ar\\\/info\\\/#\\\/schema\\\/logo\\\/image\\\/\",\"url\":\"https:\\\/\\\/patagoniambiental.com.ar\\\/info\\\/wp-content\\\/uploads\\\/2025\\\/05\\\/LOGO-PATAGONIA-AMBIENTAL.png\",\"contentUrl\":\"https:\\\/\\\/patagoniambiental.com.ar\\\/info\\\/wp-content\\\/uploads\\\/2025\\\/05\\\/LOGO-PATAGONIA-AMBIENTAL.png\",\"width\":433,\"height\":250,\"caption\":\"Patagonia Ambiental\"},\"image\":{\"@id\":\"https:\\\/\\\/patagoniambiental.com.ar\\\/info\\\/#\\\/schema\\\/logo\\\/image\\\/\"},\"sameAs\":[\"https:\\\/\\\/www.facebook.com\\\/patagonia.ambiental\",\"https:\\\/\\\/x.com\\\/PatAmb\"]},{\"@type\":\"Person\",\"@id\":\"https:\\\/\\\/patagoniambiental.com.ar\\\/info\\\/#\\\/schema\\\/person\\\/e5af09d700b2e82cb10c6b8800e0c691\",\"name\":\"BRAIAN ESTEVEZ\",\"sameAs\":[\"http:\\\/\\\/www.patagoniambiental.com.ar\"]}]}<\/script>\n<!-- \/ Yoast SEO Premium plugin. -->","yoast_head_json":{"title":"\u201cProteger el medio ambiente para las generaciones futuras\u201d, la palabra de los brigadistas","robots":{"index":"index","follow":"follow","max-snippet":"max-snippet:-1","max-image-preview":"max-image-preview:large","max-video-preview":"max-video-preview:-1"},"canonical":"https:\/\/patagoniambiental.com.ar\/info\/proteger-el-medio-ambiente-para-las-generaciones-futuras-la-palabra-de-los-brigadistas\/","og_locale":"es_ES","og_type":"article","og_title":"\u201cProteger el medio ambiente para las generaciones futuras\u201d, la palabra de los brigadistas","og_url":"https:\/\/patagoniambiental.com.ar\/info\/proteger-el-medio-ambiente-para-las-generaciones-futuras-la-palabra-de-los-brigadistas\/","og_site_name":"Patagonia Ambiental","article_publisher":"https:\/\/www.facebook.com\/patagonia.ambiental","article_published_time":"2022-08-18T10:00:00+00:00","article_modified_time":"2022-08-20T01:44:34+00:00","og_image":[{"width":1105,"height":449,"url":"https:\/\/patagoniambiental.com.ar\/info\/wp-content\/uploads\/2022\/08\/Sin-titulo.jpg","type":"image\/jpeg"}],"author":"BRAIAN ESTEVEZ","twitter_card":"summary_large_image","twitter_creator":"@PatAmb","twitter_site":"@PatAmb","schema":{"@context":"https:\/\/schema.org","@graph":[{"@type":"Article","@id":"https:\/\/patagoniambiental.com.ar\/info\/proteger-el-medio-ambiente-para-las-generaciones-futuras-la-palabra-de-los-brigadistas\/#article","isPartOf":{"@id":"https:\/\/patagoniambiental.com.ar\/info\/proteger-el-medio-ambiente-para-las-generaciones-futuras-la-palabra-de-los-brigadistas\/"},"author":{"name":"BRAIAN ESTEVEZ","@id":"https:\/\/patagoniambiental.com.ar\/info\/#\/schema\/person\/e5af09d700b2e82cb10c6b8800e0c691"},"headline":"\u201cProteger el medio ambiente para las generaciones futuras\u201d, la palabra de los brigadistas","datePublished":"2022-08-18T10:00:00+00:00","dateModified":"2022-08-20T01:44:34+00:00","mainEntityOfPage":{"@id":"https:\/\/patagoniambiental.com.ar\/info\/proteger-el-medio-ambiente-para-las-generaciones-futuras-la-palabra-de-los-brigadistas\/"},"wordCount":601,"commentCount":0,"publisher":{"@id":"https:\/\/patagoniambiental.com.ar\/info\/#organization"},"image":{"@id":"https:\/\/patagoniambiental.com.ar\/info\/proteger-el-medio-ambiente-para-las-generaciones-futuras-la-palabra-de-los-brigadistas\/#primaryimage"},"thumbnailUrl":"https:\/\/patagoniambiental.com.ar\/info\/wp-content\/uploads\/2022\/08\/Sin-titulo.jpg","articleSection":["Bolet\u00edn","Nacionales","Noticias","Rotador"],"inLanguage":"es","potentialAction":[{"@type":"CommentAction","name":"Comment","target":["https:\/\/patagoniambiental.com.ar\/info\/proteger-el-medio-ambiente-para-las-generaciones-futuras-la-palabra-de-los-brigadistas\/#respond"]}]},{"@type":"WebPage","@id":"https:\/\/patagoniambiental.com.ar\/info\/proteger-el-medio-ambiente-para-las-generaciones-futuras-la-palabra-de-los-brigadistas\/","url":"https:\/\/patagoniambiental.com.ar\/info\/proteger-el-medio-ambiente-para-las-generaciones-futuras-la-palabra-de-los-brigadistas\/","name":"\u201cProteger el medio ambiente para las generaciones futuras\u201d, la palabra de los brigadistas","isPartOf":{"@id":"https:\/\/patagoniambiental.com.ar\/info\/#website"},"primaryImageOfPage":{"@id":"https:\/\/patagoniambiental.com.ar\/info\/proteger-el-medio-ambiente-para-las-generaciones-futuras-la-palabra-de-los-brigadistas\/#primaryimage"},"image":{"@id":"https:\/\/patagoniambiental.com.ar\/info\/proteger-el-medio-ambiente-para-las-generaciones-futuras-la-palabra-de-los-brigadistas\/#primaryimage"},"thumbnailUrl":"https:\/\/patagoniambiental.com.ar\/info\/wp-content\/uploads\/2022\/08\/Sin-titulo.jpg","datePublished":"2022-08-18T10:00:00+00:00","dateModified":"2022-08-20T01:44:34+00:00","breadcrumb":{"@id":"https:\/\/patagoniambiental.com.ar\/info\/proteger-el-medio-ambiente-para-las-generaciones-futuras-la-palabra-de-los-brigadistas\/#breadcrumb"},"inLanguage":"es","potentialAction":[{"@type":"ReadAction","target":["https:\/\/patagoniambiental.com.ar\/info\/proteger-el-medio-ambiente-para-las-generaciones-futuras-la-palabra-de-los-brigadistas\/"]}]},{"@type":"ImageObject","inLanguage":"es","@id":"https:\/\/patagoniambiental.com.ar\/info\/proteger-el-medio-ambiente-para-las-generaciones-futuras-la-palabra-de-los-brigadistas\/#primaryimage","url":"https:\/\/patagoniambiental.com.ar\/info\/wp-content\/uploads\/2022\/08\/Sin-titulo.jpg","contentUrl":"https:\/\/patagoniambiental.com.ar\/info\/wp-content\/uploads\/2022\/08\/Sin-titulo.jpg","width":1105,"height":449},{"@type":"BreadcrumbList","@id":"https:\/\/patagoniambiental.com.ar\/info\/proteger-el-medio-ambiente-para-las-generaciones-futuras-la-palabra-de-los-brigadistas\/#breadcrumb","itemListElement":[{"@type":"ListItem","position":1,"name":"Inicio","item":"https:\/\/patagoniambiental.com.ar\/info\/"},{"@type":"ListItem","position":2,"name":"\u201cProteger el medio ambiente para las generaciones futuras\u201d, la palabra de los brigadistas"}]},{"@type":"WebSite","@id":"https:\/\/patagoniambiental.com.ar\/info\/#website","url":"https:\/\/patagoniambiental.com.ar\/info\/","name":"Patagonia Ambiental","description":"Monitoreo y an\u00e1lisis de la situaci\u00f3n geopol\u00edtica en el mundo y su implicancia en la Patagonia","publisher":{"@id":"https:\/\/patagoniambiental.com.ar\/info\/#organization"},"potentialAction":[{"@type":"SearchAction","target":{"@type":"EntryPoint","urlTemplate":"https:\/\/patagoniambiental.com.ar\/info\/?s={search_term_string}"},"query-input":{"@type":"PropertyValueSpecification","valueRequired":true,"valueName":"search_term_string"}}],"inLanguage":"es"},{"@type":"Organization","@id":"https:\/\/patagoniambiental.com.ar\/info\/#organization","name":"Patagonia Ambiental","url":"https:\/\/patagoniambiental.com.ar\/info\/","logo":{"@type":"ImageObject","inLanguage":"es","@id":"https:\/\/patagoniambiental.com.ar\/info\/#\/schema\/logo\/image\/","url":"https:\/\/patagoniambiental.com.ar\/info\/wp-content\/uploads\/2025\/05\/LOGO-PATAGONIA-AMBIENTAL.png","contentUrl":"https:\/\/patagoniambiental.com.ar\/info\/wp-content\/uploads\/2025\/05\/LOGO-PATAGONIA-AMBIENTAL.png","width":433,"height":250,"caption":"Patagonia Ambiental"},"image":{"@id":"https:\/\/patagoniambiental.com.ar\/info\/#\/schema\/logo\/image\/"},"sameAs":["https:\/\/www.facebook.com\/patagonia.ambiental","https:\/\/x.com\/PatAmb"]},{"@type":"Person","@id":"https:\/\/patagoniambiental.com.ar\/info\/#\/schema\/person\/e5af09d700b2e82cb10c6b8800e0c691","name":"BRAIAN ESTEVEZ","sameAs":["http:\/\/www.patagoniambiental.com.ar"]}]}},"_links":{"self":[{"href":"https:\/\/patagoniambiental.com.ar\/info\/wp-json\/wp\/v2\/posts\/76231","targetHints":{"allow":["GET"]}}],"collection":[{"href":"https:\/\/patagoniambiental.com.ar\/info\/wp-json\/wp\/v2\/posts"}],"about":[{"href":"https:\/\/patagoniambiental.com.ar\/info\/wp-json\/wp\/v2\/types\/post"}],"author":[{"embeddable":true,"href":"https:\/\/patagoniambiental.com.ar\/info\/wp-json\/wp\/v2\/users\/6"}],"replies":[{"embeddable":true,"href":"https:\/\/patagoniambiental.com.ar\/info\/wp-json\/wp\/v2\/comments?post=76231"}],"version-history":[{"count":0,"href":"https:\/\/patagoniambiental.com.ar\/info\/wp-json\/wp\/v2\/posts\/76231\/revisions"}],"wp:featuredmedia":[{"embeddable":true,"href":"https:\/\/patagoniambiental.com.ar\/info\/wp-json\/wp\/v2\/media\/76232"}],"wp:attachment":[{"href":"https:\/\/patagoniambiental.com.ar\/info\/wp-json\/wp\/v2\/media?parent=76231"}],"wp:term":[{"taxonomy":"category","embeddable":true,"href":"https:\/\/patagoniambiental.com.ar\/info\/wp-json\/wp\/v2\/categories?post=76231"},{"taxonomy":"post_tag","embeddable":true,"href":"https:\/\/patagoniambiental.com.ar\/info\/wp-json\/wp\/v2\/tags?post=76231"}],"curies":[{"name":"wp","href":"https:\/\/api.w.org\/{rel}","templated":true}]}}