{"id":76234,"date":"2022-08-22T07:00:00","date_gmt":"2022-08-22T10:00:00","guid":{"rendered":"http:\/\/patagoniambiental.com.ar\/info\/?p=76234"},"modified":"2022-08-22T08:48:55","modified_gmt":"2022-08-22T11:48:55","slug":"nuevos-senderos-en-las-margenes-del-rio-neuquen-un-paisaje-cordillerano-en-plena-ciudad","status":"publish","type":"post","link":"https:\/\/patagoniambiental.com.ar\/info\/nuevos-senderos-en-las-margenes-del-rio-neuquen-un-paisaje-cordillerano-en-plena-ciudad\/","title":{"rendered":"Nuevos senderos en las m\u00e1rgenes del r\u00edo Neuqu\u00e9n: un paisaje cordillerano en plena ciudad"},"content":{"rendered":"\n<!--more-->\n\n\n\n<p><strong>Ayer fue inaugurado el Parque Agreste Sur por el gobernador Omar Guti\u00e9rrez y el intendente Mariano Gaido. Son cinco kil\u00f3metros de senderos en cinco hect\u00e1reas de superficie.<\/strong><\/p>\n\n\n\n<figure class=\"wp-block-image\"><a href=\"https:\/\/www.minutoneuquen.com\/u\/fotografias\/fotosnoticias\/2022\/8\/21\/564126.jpg\"><img decoding=\"async\" src=\"https:\/\/www.minutoneuquen.com\/u\/fotografias\/m\/2022\/8\/21\/f800x450-564126_615572_5050.jpg\" alt=\"Nuevos senderos en las m\u00e1rgenes del r\u00edo Neuqu\u00e9n: un paisaje cordillerano en plena ciudad\"\/><\/a><figcaption>Senderos en el Parque Agreste Sur. Fuente: (Twitter).<\/figcaption><\/figure>\n\n\n\n<p><a href=\"https:\/\/www.minutoneuquen.com\/neuquen\/2022\/8\/22\/nuevos-senderos-en-las-margenes-del-rio-neuquen-un-paisaje-cordillerano-en-plena-ciudad-318912.html\">Neuqu\u00e9n<\/a><\/p>\n\n\n\n<p><a href=\"https:\/\/www.minutoneuquen.com\/autor\/jonas-rivero.html\">Por Jos\u00e9 Dom\u00ednguez<\/a> lunes, 22 de agosto de 2022 \u00b7 02:00<\/p>\n\n\n\n<p>El gobernador Omar Guti\u00e9rrez y el intendente Mariano Gaido recorrieron este s\u00e1bado parte de los nuevos <strong>senderos <\/strong>construidos en una de las m\u00e1rgenes del r\u00edo Neuqu\u00e9n, a la altura de los barrios Rinc\u00f3n Club de Campo y Rinc\u00f3n de Emilio, de la capital neuquina.<\/p>\n\n\n\n<p>\u201cRecuperamos cinco hect\u00e1reas de superficie para disfrutar, recorrer y recrearse.&nbsp;Tenemos cinco mil nuevos metros lineales de <strong>senderos <\/strong>sobre el r\u00edo Neuqu\u00e9n\u201d, explic\u00f3 Gaido e invit\u00f3 a la poblaci\u00f3n a conocer&nbsp;el <a href=\"https:\/\/www.minutoneuquen.com\/con-estilo\/2021\/2\/3\/cinco-minutos-de-la-ciudad-de-neuquen-naturaleza-actividades-recreativas-277893.html\">lugar<\/a>: \u201cSe van a sorprender, es como estar en un paisaje cordillerano, pero en nuestra ciudad\u201d.<\/p>\n\n\n\n<figure class=\"wp-block-image\"><img decoding=\"async\" src=\"https:\/\/www.minutoneuquen.com\/u\/fotografias\/m\/2022\/8\/21\/f768x1-564127_564254_15.jpeg\" alt=\"\"\/><figcaption>Son 5 kil\u00f3metros de nuevos senderos. Fuente: (Jorge C\u00e1ceres).<\/figcaption><\/figure>\n\n\n\n<p>El intendente dijo que se trata de una obra emblem\u00e1tica que \u201cviene a reforzar y profundizar el concepto de una ciudad tur\u00edstica, algo que nosotros nos planteamos y planificamos y hoy es una realidad\u201d. A su vez, agradeci\u00f3 a los trabajadoras municipales que realizaron los trabajos.<\/p>\n\n\n\n<p>En tanto, el gobernador Omar Guti\u00e9rrez afirm\u00f3 que el nuevo espacio ayudar\u00e1 a \u201cimpulsar el desarrollo econ\u00f3mico y tur\u00edstico, respetando el medio ambiente\u201d.&nbsp;Y agreg\u00f3: \u201cJunto al intendente estamos construyendo espacios culturales, deportivos y recreativos en cada rinc\u00f3n de la ciudad. Esto es va mucho m\u00e1s all\u00e1 del ambicioso proyecto de unir con el <a href=\"https:\/\/www.minutoneuquen.com\/neuquen\/2022\/8\/16\/denuncian-que-la-planta-tronador-vierte-liquidos-cloacales-al-rio-limay-318652.html\">paseo<\/a>&nbsp;costero la confluencia de los r\u00edos Limay y Neuqu\u00e9n\u201d.<\/p>\n\n\n\n<figure class=\"wp-block-image\"><img decoding=\"async\" src=\"https:\/\/www.minutoneuquen.com\/u\/fotografias\/m\/2022\/8\/21\/f768x1-564128_564255_5050.jpeg\" alt=\"\"\/><figcaption>Se coloc\u00f3 una pasarela sobre una laguna natural.&nbsp;Fuente: (Jorge C\u00e1ceres).<\/figcaption><\/figure>\n\n\n\n<p>Los trabajos de recuperaci\u00f3n del <a href=\"https:\/\/twitter.com\/MarianoGaidoOk\">sector sur<\/a> comenzaron en abril.\u00a0Se demarc\u00f3 un sendero principal, que bordea el r\u00edo Neuqu\u00e9n, m\u00e1s diferentes <strong>senderos <\/strong>para recorrer distintos puntos de forma peatonal. Tambi\u00e9n levantaron las copas de los \u00e1rboles y colocaron una pasarela sobre una laguna natural. Adem\u00e1s, dispusieron carteles informativos, bancos para sentarse y cestos met\u00e1licos para los residuos. <\/p>\n\n\n\n<p>Fuente: https:\/\/www.minutoneuquen.com\/neuquen\/2022\/8\/22\/nuevos-senderos-en-las-margenes-del-rio-neuquen-un-paisaje-cordillerano-en-plena-ciudad-318912.html<\/p>\n","protected":false},"excerpt":{"rendered":"","protected":false},"author":6,"featured_media":76235,"comment_status":"open","ping_status":"open","sticky":false,"template":"","format":"standard","meta":{"site-sidebar-layout":"default","site-content-layout":"","ast-site-content-layout":"default","site-content-style":"default","site-sidebar-style":"default","ast-global-header-display":"","ast-banner-title-visibility":"","ast-main-header-display":"","ast-hfb-above-header-display":"","ast-hfb-below-header-display":"","ast-hfb-mobile-header-display":"","site-post-title":"","ast-breadcrumbs-content":"","ast-featured-img":"","footer-sml-layout":"","ast-disable-related-posts":"","theme-transparent-header-meta":"","adv-header-id-meta":"","stick-header-meta":"","header-above-stick-meta":"","header-main-stick-meta":"","header-below-stick-meta":"","astra-migrate-meta-layouts":"default","ast-page-background-enabled":"default","ast-page-background-meta":{"desktop":{"background-color":"var(--ast-global-color-5)","background-image":"","background-repeat":"repeat","background-position":"center center","background-size":"auto","background-attachment":"scroll","background-type":"","background-media":"","overlay-type":"","overlay-color":"","overlay-opacity":"","overlay-gradient":""},"tablet":{"background-color":"","background-image":"","background-repeat":"repeat","background-position":"center center","background-size":"auto","background-attachment":"scroll","background-type":"","background-media":"","overlay-type":"","overlay-color":"","overlay-opacity":"","overlay-gradient":""},"mobile":{"background-color":"","background-image":"","background-repeat":"repeat","background-position":"center center","background-size":"auto","background-attachment":"scroll","background-type":"","background-media":"","overlay-type":"","overlay-color":"","overlay-opacity":"","overlay-gradient":""}},"ast-content-background-meta":{"desktop":{"background-color":"var(--ast-global-color-4)","background-image":"","background-repeat":"repeat","background-position":"center center","background-size":"auto","background-attachment":"scroll","background-type":"","background-media":"","overlay-type":"","overlay-color":"","overlay-opacity":"","overlay-gradient":""},"tablet":{"background-color":"var(--ast-global-color-4)","background-image":"","background-repeat":"repeat","background-position":"center center","background-size":"auto","background-attachment":"scroll","background-type":"","background-media":"","overlay-type":"","overlay-color":"","overlay-opacity":"","overlay-gradient":""},"mobile":{"background-color":"var(--ast-global-color-4)","background-image":"","background-repeat":"repeat","background-position":"center center","background-size":"auto","background-attachment":"scroll","background-type":"","background-media":"","overlay-type":"","overlay-color":"","overlay-opacity":"","overlay-gradient":""}},"footnotes":""},"categories":[11,1,10],"tags":[],"class_list":["post-76234","post","type-post","status-publish","format-standard","has-post-thumbnail","hentry","category-boletin","category-noticias","category-rotador"],"yoast_head":"<!-- This site is optimized with the Yoast SEO Premium plugin v23.0 (Yoast SEO v27.4) - https:\/\/yoast.com\/product\/yoast-seo-premium-wordpress\/ -->\n<title>Nuevos senderos en las m\u00e1rgenes del r\u00edo Neuqu\u00e9n: un paisaje cordillerano en plena ciudad<\/title>\n<meta name=\"robots\" content=\"index, follow, max-snippet:-1, max-image-preview:large, max-video-preview:-1\" \/>\n<link rel=\"canonical\" href=\"https:\/\/patagoniambiental.com.ar\/info\/nuevos-senderos-en-las-margenes-del-rio-neuquen-un-paisaje-cordillerano-en-plena-ciudad\/\" \/>\n<meta property=\"og:locale\" content=\"es_ES\" \/>\n<meta property=\"og:type\" content=\"article\" \/>\n<meta property=\"og:title\" content=\"Nuevos senderos en las m\u00e1rgenes del r\u00edo Neuqu\u00e9n: un paisaje cordillerano en plena ciudad\" \/>\n<meta property=\"og:url\" content=\"https:\/\/patagoniambiental.com.ar\/info\/nuevos-senderos-en-las-margenes-del-rio-neuquen-un-paisaje-cordillerano-en-plena-ciudad\/\" \/>\n<meta property=\"og:site_name\" content=\"Patagonia Ambiental\" \/>\n<meta property=\"article:publisher\" content=\"https:\/\/www.facebook.com\/patagonia.ambiental\" \/>\n<meta property=\"article:published_time\" content=\"2022-08-22T10:00:00+00:00\" \/>\n<meta property=\"article:modified_time\" content=\"2022-08-22T11:48:55+00:00\" \/>\n<meta property=\"og:image\" content=\"https:\/\/patagoniambiental.com.ar\/info\/wp-content\/uploads\/2022\/08\/InShot_20220817_121103415-450x450-2.jpg\" \/>\n\t<meta property=\"og:image:width\" content=\"768\" \/>\n\t<meta property=\"og:image:height\" content=\"511\" \/>\n\t<meta property=\"og:image:type\" content=\"image\/jpeg\" \/>\n<meta name=\"author\" content=\"BRAIAN ESTEVEZ\" \/>\n<meta name=\"twitter:card\" content=\"summary_large_image\" \/>\n<meta name=\"twitter:creator\" content=\"@PatAmb\" \/>\n<meta name=\"twitter:site\" content=\"@PatAmb\" \/>\n<script type=\"application\/ld+json\" class=\"yoast-schema-graph\">{\"@context\":\"https:\\\/\\\/schema.org\",\"@graph\":[{\"@type\":\"Article\",\"@id\":\"https:\\\/\\\/patagoniambiental.com.ar\\\/info\\\/nuevos-senderos-en-las-margenes-del-rio-neuquen-un-paisaje-cordillerano-en-plena-ciudad\\\/#article\",\"isPartOf\":{\"@id\":\"https:\\\/\\\/patagoniambiental.com.ar\\\/info\\\/nuevos-senderos-en-las-margenes-del-rio-neuquen-un-paisaje-cordillerano-en-plena-ciudad\\\/\"},\"author\":{\"name\":\"BRAIAN ESTEVEZ\",\"@id\":\"https:\\\/\\\/patagoniambiental.com.ar\\\/info\\\/#\\\/schema\\\/person\\\/e5af09d700b2e82cb10c6b8800e0c691\"},\"headline\":\"Nuevos senderos en las m\u00e1rgenes del r\u00edo Neuqu\u00e9n: un paisaje cordillerano en plena ciudad\",\"datePublished\":\"2022-08-22T10:00:00+00:00\",\"dateModified\":\"2022-08-22T11:48:55+00:00\",\"mainEntityOfPage\":{\"@id\":\"https:\\\/\\\/patagoniambiental.com.ar\\\/info\\\/nuevos-senderos-en-las-margenes-del-rio-neuquen-un-paisaje-cordillerano-en-plena-ciudad\\\/\"},\"wordCount\":387,\"commentCount\":0,\"publisher\":{\"@id\":\"https:\\\/\\\/patagoniambiental.com.ar\\\/info\\\/#organization\"},\"image\":{\"@id\":\"https:\\\/\\\/patagoniambiental.com.ar\\\/info\\\/nuevos-senderos-en-las-margenes-del-rio-neuquen-un-paisaje-cordillerano-en-plena-ciudad\\\/#primaryimage\"},\"thumbnailUrl\":\"https:\\\/\\\/patagoniambiental.com.ar\\\/info\\\/wp-content\\\/uploads\\\/2022\\\/08\\\/InShot_20220817_121103415-450x450-2.jpg\",\"articleSection\":[\"Bolet\u00edn\",\"Noticias\",\"Rotador\"],\"inLanguage\":\"es\",\"potentialAction\":[{\"@type\":\"CommentAction\",\"name\":\"Comment\",\"target\":[\"https:\\\/\\\/patagoniambiental.com.ar\\\/info\\\/nuevos-senderos-en-las-margenes-del-rio-neuquen-un-paisaje-cordillerano-en-plena-ciudad\\\/#respond\"]}]},{\"@type\":\"WebPage\",\"@id\":\"https:\\\/\\\/patagoniambiental.com.ar\\\/info\\\/nuevos-senderos-en-las-margenes-del-rio-neuquen-un-paisaje-cordillerano-en-plena-ciudad\\\/\",\"url\":\"https:\\\/\\\/patagoniambiental.com.ar\\\/info\\\/nuevos-senderos-en-las-margenes-del-rio-neuquen-un-paisaje-cordillerano-en-plena-ciudad\\\/\",\"name\":\"Nuevos senderos en las m\u00e1rgenes del r\u00edo Neuqu\u00e9n: un paisaje cordillerano en plena ciudad\",\"isPartOf\":{\"@id\":\"https:\\\/\\\/patagoniambiental.com.ar\\\/info\\\/#website\"},\"primaryImageOfPage\":{\"@id\":\"https:\\\/\\\/patagoniambiental.com.ar\\\/info\\\/nuevos-senderos-en-las-margenes-del-rio-neuquen-un-paisaje-cordillerano-en-plena-ciudad\\\/#primaryimage\"},\"image\":{\"@id\":\"https:\\\/\\\/patagoniambiental.com.ar\\\/info\\\/nuevos-senderos-en-las-margenes-del-rio-neuquen-un-paisaje-cordillerano-en-plena-ciudad\\\/#primaryimage\"},\"thumbnailUrl\":\"https:\\\/\\\/patagoniambiental.com.ar\\\/info\\\/wp-content\\\/uploads\\\/2022\\\/08\\\/InShot_20220817_121103415-450x450-2.jpg\",\"datePublished\":\"2022-08-22T10:00:00+00:00\",\"dateModified\":\"2022-08-22T11:48:55+00:00\",\"breadcrumb\":{\"@id\":\"https:\\\/\\\/patagoniambiental.com.ar\\\/info\\\/nuevos-senderos-en-las-margenes-del-rio-neuquen-un-paisaje-cordillerano-en-plena-ciudad\\\/#breadcrumb\"},\"inLanguage\":\"es\",\"potentialAction\":[{\"@type\":\"ReadAction\",\"target\":[\"https:\\\/\\\/patagoniambiental.com.ar\\\/info\\\/nuevos-senderos-en-las-margenes-del-rio-neuquen-un-paisaje-cordillerano-en-plena-ciudad\\\/\"]}]},{\"@type\":\"ImageObject\",\"inLanguage\":\"es\",\"@id\":\"https:\\\/\\\/patagoniambiental.com.ar\\\/info\\\/nuevos-senderos-en-las-margenes-del-rio-neuquen-un-paisaje-cordillerano-en-plena-ciudad\\\/#primaryimage\",\"url\":\"https:\\\/\\\/patagoniambiental.com.ar\\\/info\\\/wp-content\\\/uploads\\\/2022\\\/08\\\/InShot_20220817_121103415-450x450-2.jpg\",\"contentUrl\":\"https:\\\/\\\/patagoniambiental.com.ar\\\/info\\\/wp-content\\\/uploads\\\/2022\\\/08\\\/InShot_20220817_121103415-450x450-2.jpg\",\"width\":768,\"height\":511},{\"@type\":\"BreadcrumbList\",\"@id\":\"https:\\\/\\\/patagoniambiental.com.ar\\\/info\\\/nuevos-senderos-en-las-margenes-del-rio-neuquen-un-paisaje-cordillerano-en-plena-ciudad\\\/#breadcrumb\",\"itemListElement\":[{\"@type\":\"ListItem\",\"position\":1,\"name\":\"Inicio\",\"item\":\"https:\\\/\\\/patagoniambiental.com.ar\\\/info\\\/\"},{\"@type\":\"ListItem\",\"position\":2,\"name\":\"Nuevos senderos en las m\u00e1rgenes del r\u00edo Neuqu\u00e9n: un paisaje cordillerano en plena ciudad\"}]},{\"@type\":\"WebSite\",\"@id\":\"https:\\\/\\\/patagoniambiental.com.ar\\\/info\\\/#website\",\"url\":\"https:\\\/\\\/patagoniambiental.com.ar\\\/info\\\/\",\"name\":\"Patagonia Ambiental\",\"description\":\"Monitoreo y an\u00e1lisis de la situaci\u00f3n geopol\u00edtica en el mundo y su implicancia en la Patagonia\",\"publisher\":{\"@id\":\"https:\\\/\\\/patagoniambiental.com.ar\\\/info\\\/#organization\"},\"potentialAction\":[{\"@type\":\"SearchAction\",\"target\":{\"@type\":\"EntryPoint\",\"urlTemplate\":\"https:\\\/\\\/patagoniambiental.com.ar\\\/info\\\/?s={search_term_string}\"},\"query-input\":{\"@type\":\"PropertyValueSpecification\",\"valueRequired\":true,\"valueName\":\"search_term_string\"}}],\"inLanguage\":\"es\"},{\"@type\":\"Organization\",\"@id\":\"https:\\\/\\\/patagoniambiental.com.ar\\\/info\\\/#organization\",\"name\":\"Patagonia Ambiental\",\"url\":\"https:\\\/\\\/patagoniambiental.com.ar\\\/info\\\/\",\"logo\":{\"@type\":\"ImageObject\",\"inLanguage\":\"es\",\"@id\":\"https:\\\/\\\/patagoniambiental.com.ar\\\/info\\\/#\\\/schema\\\/logo\\\/image\\\/\",\"url\":\"https:\\\/\\\/patagoniambiental.com.ar\\\/info\\\/wp-content\\\/uploads\\\/2025\\\/05\\\/LOGO-PATAGONIA-AMBIENTAL.png\",\"contentUrl\":\"https:\\\/\\\/patagoniambiental.com.ar\\\/info\\\/wp-content\\\/uploads\\\/2025\\\/05\\\/LOGO-PATAGONIA-AMBIENTAL.png\",\"width\":433,\"height\":250,\"caption\":\"Patagonia Ambiental\"},\"image\":{\"@id\":\"https:\\\/\\\/patagoniambiental.com.ar\\\/info\\\/#\\\/schema\\\/logo\\\/image\\\/\"},\"sameAs\":[\"https:\\\/\\\/www.facebook.com\\\/patagonia.ambiental\",\"https:\\\/\\\/x.com\\\/PatAmb\"]},{\"@type\":\"Person\",\"@id\":\"https:\\\/\\\/patagoniambiental.com.ar\\\/info\\\/#\\\/schema\\\/person\\\/e5af09d700b2e82cb10c6b8800e0c691\",\"name\":\"BRAIAN ESTEVEZ\",\"sameAs\":[\"http:\\\/\\\/www.patagoniambiental.com.ar\"]}]}<\/script>\n<!-- \/ Yoast SEO Premium plugin. -->","yoast_head_json":{"title":"Nuevos senderos en las m\u00e1rgenes del r\u00edo Neuqu\u00e9n: un paisaje cordillerano en plena ciudad","robots":{"index":"index","follow":"follow","max-snippet":"max-snippet:-1","max-image-preview":"max-image-preview:large","max-video-preview":"max-video-preview:-1"},"canonical":"https:\/\/patagoniambiental.com.ar\/info\/nuevos-senderos-en-las-margenes-del-rio-neuquen-un-paisaje-cordillerano-en-plena-ciudad\/","og_locale":"es_ES","og_type":"article","og_title":"Nuevos senderos en las m\u00e1rgenes del r\u00edo Neuqu\u00e9n: un paisaje cordillerano en plena ciudad","og_url":"https:\/\/patagoniambiental.com.ar\/info\/nuevos-senderos-en-las-margenes-del-rio-neuquen-un-paisaje-cordillerano-en-plena-ciudad\/","og_site_name":"Patagonia Ambiental","article_publisher":"https:\/\/www.facebook.com\/patagonia.ambiental","article_published_time":"2022-08-22T10:00:00+00:00","article_modified_time":"2022-08-22T11:48:55+00:00","og_image":[{"width":768,"height":511,"url":"https:\/\/patagoniambiental.com.ar\/info\/wp-content\/uploads\/2022\/08\/InShot_20220817_121103415-450x450-2.jpg","type":"image\/jpeg"}],"author":"BRAIAN ESTEVEZ","twitter_card":"summary_large_image","twitter_creator":"@PatAmb","twitter_site":"@PatAmb","schema":{"@context":"https:\/\/schema.org","@graph":[{"@type":"Article","@id":"https:\/\/patagoniambiental.com.ar\/info\/nuevos-senderos-en-las-margenes-del-rio-neuquen-un-paisaje-cordillerano-en-plena-ciudad\/#article","isPartOf":{"@id":"https:\/\/patagoniambiental.com.ar\/info\/nuevos-senderos-en-las-margenes-del-rio-neuquen-un-paisaje-cordillerano-en-plena-ciudad\/"},"author":{"name":"BRAIAN ESTEVEZ","@id":"https:\/\/patagoniambiental.com.ar\/info\/#\/schema\/person\/e5af09d700b2e82cb10c6b8800e0c691"},"headline":"Nuevos senderos en las m\u00e1rgenes del r\u00edo Neuqu\u00e9n: un paisaje cordillerano en plena ciudad","datePublished":"2022-08-22T10:00:00+00:00","dateModified":"2022-08-22T11:48:55+00:00","mainEntityOfPage":{"@id":"https:\/\/patagoniambiental.com.ar\/info\/nuevos-senderos-en-las-margenes-del-rio-neuquen-un-paisaje-cordillerano-en-plena-ciudad\/"},"wordCount":387,"commentCount":0,"publisher":{"@id":"https:\/\/patagoniambiental.com.ar\/info\/#organization"},"image":{"@id":"https:\/\/patagoniambiental.com.ar\/info\/nuevos-senderos-en-las-margenes-del-rio-neuquen-un-paisaje-cordillerano-en-plena-ciudad\/#primaryimage"},"thumbnailUrl":"https:\/\/patagoniambiental.com.ar\/info\/wp-content\/uploads\/2022\/08\/InShot_20220817_121103415-450x450-2.jpg","articleSection":["Bolet\u00edn","Noticias","Rotador"],"inLanguage":"es","potentialAction":[{"@type":"CommentAction","name":"Comment","target":["https:\/\/patagoniambiental.com.ar\/info\/nuevos-senderos-en-las-margenes-del-rio-neuquen-un-paisaje-cordillerano-en-plena-ciudad\/#respond"]}]},{"@type":"WebPage","@id":"https:\/\/patagoniambiental.com.ar\/info\/nuevos-senderos-en-las-margenes-del-rio-neuquen-un-paisaje-cordillerano-en-plena-ciudad\/","url":"https:\/\/patagoniambiental.com.ar\/info\/nuevos-senderos-en-las-margenes-del-rio-neuquen-un-paisaje-cordillerano-en-plena-ciudad\/","name":"Nuevos senderos en las m\u00e1rgenes del r\u00edo Neuqu\u00e9n: un paisaje cordillerano en plena ciudad","isPartOf":{"@id":"https:\/\/patagoniambiental.com.ar\/info\/#website"},"primaryImageOfPage":{"@id":"https:\/\/patagoniambiental.com.ar\/info\/nuevos-senderos-en-las-margenes-del-rio-neuquen-un-paisaje-cordillerano-en-plena-ciudad\/#primaryimage"},"image":{"@id":"https:\/\/patagoniambiental.com.ar\/info\/nuevos-senderos-en-las-margenes-del-rio-neuquen-un-paisaje-cordillerano-en-plena-ciudad\/#primaryimage"},"thumbnailUrl":"https:\/\/patagoniambiental.com.ar\/info\/wp-content\/uploads\/2022\/08\/InShot_20220817_121103415-450x450-2.jpg","datePublished":"2022-08-22T10:00:00+00:00","dateModified":"2022-08-22T11:48:55+00:00","breadcrumb":{"@id":"https:\/\/patagoniambiental.com.ar\/info\/nuevos-senderos-en-las-margenes-del-rio-neuquen-un-paisaje-cordillerano-en-plena-ciudad\/#breadcrumb"},"inLanguage":"es","potentialAction":[{"@type":"ReadAction","target":["https:\/\/patagoniambiental.com.ar\/info\/nuevos-senderos-en-las-margenes-del-rio-neuquen-un-paisaje-cordillerano-en-plena-ciudad\/"]}]},{"@type":"ImageObject","inLanguage":"es","@id":"https:\/\/patagoniambiental.com.ar\/info\/nuevos-senderos-en-las-margenes-del-rio-neuquen-un-paisaje-cordillerano-en-plena-ciudad\/#primaryimage","url":"https:\/\/patagoniambiental.com.ar\/info\/wp-content\/uploads\/2022\/08\/InShot_20220817_121103415-450x450-2.jpg","contentUrl":"https:\/\/patagoniambiental.com.ar\/info\/wp-content\/uploads\/2022\/08\/InShot_20220817_121103415-450x450-2.jpg","width":768,"height":511},{"@type":"BreadcrumbList","@id":"https:\/\/patagoniambiental.com.ar\/info\/nuevos-senderos-en-las-margenes-del-rio-neuquen-un-paisaje-cordillerano-en-plena-ciudad\/#breadcrumb","itemListElement":[{"@type":"ListItem","position":1,"name":"Inicio","item":"https:\/\/patagoniambiental.com.ar\/info\/"},{"@type":"ListItem","position":2,"name":"Nuevos senderos en las m\u00e1rgenes del r\u00edo Neuqu\u00e9n: un paisaje cordillerano en plena ciudad"}]},{"@type":"WebSite","@id":"https:\/\/patagoniambiental.com.ar\/info\/#website","url":"https:\/\/patagoniambiental.com.ar\/info\/","name":"Patagonia Ambiental","description":"Monitoreo y an\u00e1lisis de la situaci\u00f3n geopol\u00edtica en el mundo y su implicancia en la Patagonia","publisher":{"@id":"https:\/\/patagoniambiental.com.ar\/info\/#organization"},"potentialAction":[{"@type":"SearchAction","target":{"@type":"EntryPoint","urlTemplate":"https:\/\/patagoniambiental.com.ar\/info\/?s={search_term_string}"},"query-input":{"@type":"PropertyValueSpecification","valueRequired":true,"valueName":"search_term_string"}}],"inLanguage":"es"},{"@type":"Organization","@id":"https:\/\/patagoniambiental.com.ar\/info\/#organization","name":"Patagonia Ambiental","url":"https:\/\/patagoniambiental.com.ar\/info\/","logo":{"@type":"ImageObject","inLanguage":"es","@id":"https:\/\/patagoniambiental.com.ar\/info\/#\/schema\/logo\/image\/","url":"https:\/\/patagoniambiental.com.ar\/info\/wp-content\/uploads\/2025\/05\/LOGO-PATAGONIA-AMBIENTAL.png","contentUrl":"https:\/\/patagoniambiental.com.ar\/info\/wp-content\/uploads\/2025\/05\/LOGO-PATAGONIA-AMBIENTAL.png","width":433,"height":250,"caption":"Patagonia Ambiental"},"image":{"@id":"https:\/\/patagoniambiental.com.ar\/info\/#\/schema\/logo\/image\/"},"sameAs":["https:\/\/www.facebook.com\/patagonia.ambiental","https:\/\/x.com\/PatAmb"]},{"@type":"Person","@id":"https:\/\/patagoniambiental.com.ar\/info\/#\/schema\/person\/e5af09d700b2e82cb10c6b8800e0c691","name":"BRAIAN ESTEVEZ","sameAs":["http:\/\/www.patagoniambiental.com.ar"]}]}},"_links":{"self":[{"href":"https:\/\/patagoniambiental.com.ar\/info\/wp-json\/wp\/v2\/posts\/76234","targetHints":{"allow":["GET"]}}],"collection":[{"href":"https:\/\/patagoniambiental.com.ar\/info\/wp-json\/wp\/v2\/posts"}],"about":[{"href":"https:\/\/patagoniambiental.com.ar\/info\/wp-json\/wp\/v2\/types\/post"}],"author":[{"embeddable":true,"href":"https:\/\/patagoniambiental.com.ar\/info\/wp-json\/wp\/v2\/users\/6"}],"replies":[{"embeddable":true,"href":"https:\/\/patagoniambiental.com.ar\/info\/wp-json\/wp\/v2\/comments?post=76234"}],"version-history":[{"count":0,"href":"https:\/\/patagoniambiental.com.ar\/info\/wp-json\/wp\/v2\/posts\/76234\/revisions"}],"wp:featuredmedia":[{"embeddable":true,"href":"https:\/\/patagoniambiental.com.ar\/info\/wp-json\/wp\/v2\/media\/76235"}],"wp:attachment":[{"href":"https:\/\/patagoniambiental.com.ar\/info\/wp-json\/wp\/v2\/media?parent=76234"}],"wp:term":[{"taxonomy":"category","embeddable":true,"href":"https:\/\/patagoniambiental.com.ar\/info\/wp-json\/wp\/v2\/categories?post=76234"},{"taxonomy":"post_tag","embeddable":true,"href":"https:\/\/patagoniambiental.com.ar\/info\/wp-json\/wp\/v2\/tags?post=76234"}],"curies":[{"name":"wp","href":"https:\/\/api.w.org\/{rel}","templated":true}]}}