{"id":76238,"date":"2022-08-21T19:00:00","date_gmt":"2022-08-21T22:00:00","guid":{"rendered":"http:\/\/patagoniambiental.com.ar\/info\/?p=76238"},"modified":"2022-08-22T09:02:42","modified_gmt":"2022-08-22T12:02:42","slug":"tierra-del-fuego-tambien-tienta-al-hidrogeno-verde","status":"publish","type":"post","link":"https:\/\/patagoniambiental.com.ar\/info\/tierra-del-fuego-tambien-tienta-al-hidrogeno-verde\/","title":{"rendered":"Tierra del Fuego tambi\u00e9n tienta al hidr\u00f3geno verde"},"content":{"rendered":"\n<!--more-->\n\n\n\n<p><strong>A trav\u00e9s de las Secretar\u00edas de Hidrocarburos, de Relaciones Internacionales y de Representaci\u00f3n Oficial, en conjunto con la consultora Fractal ARG, desarrolladora del proyecto, present\u00f3 la estrategia de Hidr\u00f3geno Verde ante la Japan External Trade Organization (Jetro).<\/strong><br><br>Jetro es un organismo aut\u00f3nomo de car\u00e1cter gubernamental de Jap\u00f3n que entre sus objetivos tiene el desarrollo de actividades relacionadas con la promoci\u00f3n del comercio internacional y las inversiones de Jap\u00f3n.<br><br>\u201cEl primer producto que pudimos obtener con este estudio fue el costo nivelado del Hidr\u00f3geno y el costo nivelado de un subproducto, que es el Amon\u00edaco Verde. El costo nivelado significa el costo relacionado a distintos puertos del mundo\u201d, explic\u00f3 el Secretario de Hidrocarburos de la provincia, Alejandro Aguirre.<br><br>\u201cHemos podido estudiar qu\u00e9 costo tiene generar Hidr\u00f3geno en Tierra del Fuego relacionado al puerto de \u00c1msterdam, al puerto de Kobe en Jap\u00f3n, tambi\u00e9n a Corea, y han visto que son costos competitivos\u201d, agreg\u00f3.<br><br>\u201cEllos estuvieron interesados en los beneficios impositivos de la Ley 19640 que dan una ventaja competitiva a Tierra del Fuego, as\u00ed como en los estudios de vientos que hemos realizado, y sobre qu\u00e9 inversiones se necesitan para ampliar los datos y el desarrollo tecnol\u00f3gico que tenemos\u201d, detall\u00f3.<br><br>En el encuentro se acordaron futuras reuniones con representantes de las empresas interesadas en concretar inversiones en Tierra del Fuego.<br><br>\u201cEstamos pensando en la ampliaci\u00f3n de la matriz productiva asociada a la industria del conocimiento, que tiene que ver con el desarrollo de software y de tecnolog\u00eda para equipar aerogeneradores, y todo lo que tiene que ver con la tecnolog\u00eda del Hidr\u00f3geno, y Tierra del Fuego tiene una historia de m\u00e1s de 50 a\u00f1os con el R\u00e9gimen de Promoci\u00f3n Fiscal\u201d, se\u00f1al\u00f3 Aguirre.<br><br>Y adelant\u00f3 que desde el Gobierno de la provincia se trabaja en estudios de factibilidad para la generaci\u00f3n de Hidr\u00f3geno Azul a partir del gas, con captura de carbono.<br><br>\u201cTodas estas cuestiones las pudimos ver ah\u00ed, con la cuantificaci\u00f3n econ\u00f3mica, que es lo que les termina interesando a los inversores. La siguiente estrategia es continuar con la cuesti\u00f3n ambiental, algo que a ellos tambi\u00e9n les ha interesado\u201d, concluy\u00f3 el funcionario.<br><br>La presentaci\u00f3n se realiz\u00f3 en la sede de Jetro, ciudad de Buenos Aires y cont\u00f3 con la participaci\u00f3n tambi\u00e9n de la secretaria de Relaciones Internacionales, Constanza Renzone; el secretario de Representaci\u00f3n Oficial de Gobierno en Buenos Aires, Maximiliano D\u2019alessio; y el director de la consultora Fractal ARG Gabriel Guglielmone.<br><br>Fuente: Sur54<\/p>\n","protected":false},"excerpt":{"rendered":"","protected":false},"author":6,"featured_media":76239,"comment_status":"open","ping_status":"open","sticky":false,"template":"","format":"standard","meta":{"site-sidebar-layout":"default","site-content-layout":"","ast-site-content-layout":"default","site-content-style":"default","site-sidebar-style":"default","ast-global-header-display":"","ast-banner-title-visibility":"","ast-main-header-display":"","ast-hfb-above-header-display":"","ast-hfb-below-header-display":"","ast-hfb-mobile-header-display":"","site-post-title":"","ast-breadcrumbs-content":"","ast-featured-img":"","footer-sml-layout":"","ast-disable-related-posts":"","theme-transparent-header-meta":"","adv-header-id-meta":"","stick-header-meta":"","header-above-stick-meta":"","header-main-stick-meta":"","header-below-stick-meta":"","astra-migrate-meta-layouts":"default","ast-page-background-enabled":"default","ast-page-background-meta":{"desktop":{"background-color":"var(--ast-global-color-5)","background-image":"","background-repeat":"repeat","background-position":"center center","background-size":"auto","background-attachment":"scroll","background-type":"","background-media":"","overlay-type":"","overlay-color":"","overlay-opacity":"","overlay-gradient":""},"tablet":{"background-color":"","background-image":"","background-repeat":"repeat","background-position":"center center","background-size":"auto","background-attachment":"scroll","background-type":"","background-media":"","overlay-type":"","overlay-color":"","overlay-opacity":"","overlay-gradient":""},"mobile":{"background-color":"","background-image":"","background-repeat":"repeat","background-position":"center center","background-size":"auto","background-attachment":"scroll","background-type":"","background-media":"","overlay-type":"","overlay-color":"","overlay-opacity":"","overlay-gradient":""}},"ast-content-background-meta":{"desktop":{"background-color":"var(--ast-global-color-4)","background-image":"","background-repeat":"repeat","background-position":"center center","background-size":"auto","background-attachment":"scroll","background-type":"","background-media":"","overlay-type":"","overlay-color":"","overlay-opacity":"","overlay-gradient":""},"tablet":{"background-color":"var(--ast-global-color-4)","background-image":"","background-repeat":"repeat","background-position":"center center","background-size":"auto","background-attachment":"scroll","background-type":"","background-media":"","overlay-type":"","overlay-color":"","overlay-opacity":"","overlay-gradient":""},"mobile":{"background-color":"var(--ast-global-color-4)","background-image":"","background-repeat":"repeat","background-position":"center center","background-size":"auto","background-attachment":"scroll","background-type":"","background-media":"","overlay-type":"","overlay-color":"","overlay-opacity":"","overlay-gradient":""}},"footnotes":""},"categories":[11,1,13,10,25],"tags":[],"class_list":["post-76238","post","type-post","status-publish","format-standard","has-post-thumbnail","hentry","category-boletin","category-noticias","category-provinciales","category-rotador","category-tierra-del-fuego"],"yoast_head":"<!-- This site is optimized with the Yoast SEO Premium plugin v23.0 (Yoast SEO v27.4) - https:\/\/yoast.com\/product\/yoast-seo-premium-wordpress\/ -->\n<title>Tierra del Fuego tambi\u00e9n tienta al hidr\u00f3geno verde<\/title>\n<meta name=\"robots\" content=\"index, follow, max-snippet:-1, max-image-preview:large, max-video-preview:-1\" \/>\n<link rel=\"canonical\" href=\"https:\/\/patagoniambiental.com.ar\/info\/tierra-del-fuego-tambien-tienta-al-hidrogeno-verde\/\" \/>\n<meta property=\"og:locale\" content=\"es_ES\" \/>\n<meta property=\"og:type\" content=\"article\" \/>\n<meta property=\"og:title\" content=\"Tierra del Fuego tambi\u00e9n tienta al hidr\u00f3geno verde\" \/>\n<meta property=\"og:url\" content=\"https:\/\/patagoniambiental.com.ar\/info\/tierra-del-fuego-tambien-tienta-al-hidrogeno-verde\/\" \/>\n<meta property=\"og:site_name\" content=\"Patagonia Ambiental\" \/>\n<meta property=\"article:publisher\" content=\"https:\/\/www.facebook.com\/patagonia.ambiental\" \/>\n<meta property=\"article:published_time\" content=\"2022-08-21T22:00:00+00:00\" \/>\n<meta property=\"article:modified_time\" content=\"2022-08-22T12:02:42+00:00\" \/>\n<meta property=\"og:image\" content=\"https:\/\/patagoniambiental.com.ar\/info\/wp-content\/uploads\/2022\/08\/o_1661087274.jpg\" \/>\n\t<meta property=\"og:image:width\" content=\"600\" \/>\n\t<meta property=\"og:image:height\" content=\"400\" \/>\n\t<meta property=\"og:image:type\" content=\"image\/jpeg\" \/>\n<meta name=\"author\" content=\"BRAIAN ESTEVEZ\" \/>\n<meta name=\"twitter:card\" content=\"summary_large_image\" \/>\n<meta name=\"twitter:creator\" content=\"@PatAmb\" \/>\n<meta name=\"twitter:site\" content=\"@PatAmb\" \/>\n<script type=\"application\/ld+json\" class=\"yoast-schema-graph\">{\"@context\":\"https:\\\/\\\/schema.org\",\"@graph\":[{\"@type\":\"Article\",\"@id\":\"https:\\\/\\\/patagoniambiental.com.ar\\\/info\\\/tierra-del-fuego-tambien-tienta-al-hidrogeno-verde\\\/#article\",\"isPartOf\":{\"@id\":\"https:\\\/\\\/patagoniambiental.com.ar\\\/info\\\/tierra-del-fuego-tambien-tienta-al-hidrogeno-verde\\\/\"},\"author\":{\"name\":\"BRAIAN ESTEVEZ\",\"@id\":\"https:\\\/\\\/patagoniambiental.com.ar\\\/info\\\/#\\\/schema\\\/person\\\/e5af09d700b2e82cb10c6b8800e0c691\"},\"headline\":\"Tierra del Fuego tambi\u00e9n tienta al hidr\u00f3geno verde\",\"datePublished\":\"2022-08-21T22:00:00+00:00\",\"dateModified\":\"2022-08-22T12:02:42+00:00\",\"mainEntityOfPage\":{\"@id\":\"https:\\\/\\\/patagoniambiental.com.ar\\\/info\\\/tierra-del-fuego-tambien-tienta-al-hidrogeno-verde\\\/\"},\"wordCount\":444,\"commentCount\":0,\"publisher\":{\"@id\":\"https:\\\/\\\/patagoniambiental.com.ar\\\/info\\\/#organization\"},\"image\":{\"@id\":\"https:\\\/\\\/patagoniambiental.com.ar\\\/info\\\/tierra-del-fuego-tambien-tienta-al-hidrogeno-verde\\\/#primaryimage\"},\"thumbnailUrl\":\"https:\\\/\\\/patagoniambiental.com.ar\\\/info\\\/wp-content\\\/uploads\\\/2022\\\/08\\\/o_1661087274.jpg\",\"articleSection\":[\"Bolet\u00edn\",\"Noticias\",\"Provinciales\",\"Rotador\",\"Tierra del Fuego\"],\"inLanguage\":\"es\",\"potentialAction\":[{\"@type\":\"CommentAction\",\"name\":\"Comment\",\"target\":[\"https:\\\/\\\/patagoniambiental.com.ar\\\/info\\\/tierra-del-fuego-tambien-tienta-al-hidrogeno-verde\\\/#respond\"]}]},{\"@type\":\"WebPage\",\"@id\":\"https:\\\/\\\/patagoniambiental.com.ar\\\/info\\\/tierra-del-fuego-tambien-tienta-al-hidrogeno-verde\\\/\",\"url\":\"https:\\\/\\\/patagoniambiental.com.ar\\\/info\\\/tierra-del-fuego-tambien-tienta-al-hidrogeno-verde\\\/\",\"name\":\"Tierra del Fuego tambi\u00e9n tienta al hidr\u00f3geno verde\",\"isPartOf\":{\"@id\":\"https:\\\/\\\/patagoniambiental.com.ar\\\/info\\\/#website\"},\"primaryImageOfPage\":{\"@id\":\"https:\\\/\\\/patagoniambiental.com.ar\\\/info\\\/tierra-del-fuego-tambien-tienta-al-hidrogeno-verde\\\/#primaryimage\"},\"image\":{\"@id\":\"https:\\\/\\\/patagoniambiental.com.ar\\\/info\\\/tierra-del-fuego-tambien-tienta-al-hidrogeno-verde\\\/#primaryimage\"},\"thumbnailUrl\":\"https:\\\/\\\/patagoniambiental.com.ar\\\/info\\\/wp-content\\\/uploads\\\/2022\\\/08\\\/o_1661087274.jpg\",\"datePublished\":\"2022-08-21T22:00:00+00:00\",\"dateModified\":\"2022-08-22T12:02:42+00:00\",\"breadcrumb\":{\"@id\":\"https:\\\/\\\/patagoniambiental.com.ar\\\/info\\\/tierra-del-fuego-tambien-tienta-al-hidrogeno-verde\\\/#breadcrumb\"},\"inLanguage\":\"es\",\"potentialAction\":[{\"@type\":\"ReadAction\",\"target\":[\"https:\\\/\\\/patagoniambiental.com.ar\\\/info\\\/tierra-del-fuego-tambien-tienta-al-hidrogeno-verde\\\/\"]}]},{\"@type\":\"ImageObject\",\"inLanguage\":\"es\",\"@id\":\"https:\\\/\\\/patagoniambiental.com.ar\\\/info\\\/tierra-del-fuego-tambien-tienta-al-hidrogeno-verde\\\/#primaryimage\",\"url\":\"https:\\\/\\\/patagoniambiental.com.ar\\\/info\\\/wp-content\\\/uploads\\\/2022\\\/08\\\/o_1661087274.jpg\",\"contentUrl\":\"https:\\\/\\\/patagoniambiental.com.ar\\\/info\\\/wp-content\\\/uploads\\\/2022\\\/08\\\/o_1661087274.jpg\",\"width\":600,\"height\":400},{\"@type\":\"BreadcrumbList\",\"@id\":\"https:\\\/\\\/patagoniambiental.com.ar\\\/info\\\/tierra-del-fuego-tambien-tienta-al-hidrogeno-verde\\\/#breadcrumb\",\"itemListElement\":[{\"@type\":\"ListItem\",\"position\":1,\"name\":\"Inicio\",\"item\":\"https:\\\/\\\/patagoniambiental.com.ar\\\/info\\\/\"},{\"@type\":\"ListItem\",\"position\":2,\"name\":\"Tierra del Fuego tambi\u00e9n tienta al hidr\u00f3geno verde\"}]},{\"@type\":\"WebSite\",\"@id\":\"https:\\\/\\\/patagoniambiental.com.ar\\\/info\\\/#website\",\"url\":\"https:\\\/\\\/patagoniambiental.com.ar\\\/info\\\/\",\"name\":\"Patagonia Ambiental\",\"description\":\"Monitoreo y an\u00e1lisis de la situaci\u00f3n geopol\u00edtica en el mundo y su implicancia en la Patagonia\",\"publisher\":{\"@id\":\"https:\\\/\\\/patagoniambiental.com.ar\\\/info\\\/#organization\"},\"potentialAction\":[{\"@type\":\"SearchAction\",\"target\":{\"@type\":\"EntryPoint\",\"urlTemplate\":\"https:\\\/\\\/patagoniambiental.com.ar\\\/info\\\/?s={search_term_string}\"},\"query-input\":{\"@type\":\"PropertyValueSpecification\",\"valueRequired\":true,\"valueName\":\"search_term_string\"}}],\"inLanguage\":\"es\"},{\"@type\":\"Organization\",\"@id\":\"https:\\\/\\\/patagoniambiental.com.ar\\\/info\\\/#organization\",\"name\":\"Patagonia Ambiental\",\"url\":\"https:\\\/\\\/patagoniambiental.com.ar\\\/info\\\/\",\"logo\":{\"@type\":\"ImageObject\",\"inLanguage\":\"es\",\"@id\":\"https:\\\/\\\/patagoniambiental.com.ar\\\/info\\\/#\\\/schema\\\/logo\\\/image\\\/\",\"url\":\"https:\\\/\\\/patagoniambiental.com.ar\\\/info\\\/wp-content\\\/uploads\\\/2025\\\/05\\\/LOGO-PATAGONIA-AMBIENTAL.png\",\"contentUrl\":\"https:\\\/\\\/patagoniambiental.com.ar\\\/info\\\/wp-content\\\/uploads\\\/2025\\\/05\\\/LOGO-PATAGONIA-AMBIENTAL.png\",\"width\":433,\"height\":250,\"caption\":\"Patagonia Ambiental\"},\"image\":{\"@id\":\"https:\\\/\\\/patagoniambiental.com.ar\\\/info\\\/#\\\/schema\\\/logo\\\/image\\\/\"},\"sameAs\":[\"https:\\\/\\\/www.facebook.com\\\/patagonia.ambiental\",\"https:\\\/\\\/x.com\\\/PatAmb\"]},{\"@type\":\"Person\",\"@id\":\"https:\\\/\\\/patagoniambiental.com.ar\\\/info\\\/#\\\/schema\\\/person\\\/e5af09d700b2e82cb10c6b8800e0c691\",\"name\":\"BRAIAN ESTEVEZ\",\"sameAs\":[\"http:\\\/\\\/www.patagoniambiental.com.ar\"]}]}<\/script>\n<!-- \/ Yoast SEO Premium plugin. -->","yoast_head_json":{"title":"Tierra del Fuego tambi\u00e9n tienta al hidr\u00f3geno verde","robots":{"index":"index","follow":"follow","max-snippet":"max-snippet:-1","max-image-preview":"max-image-preview:large","max-video-preview":"max-video-preview:-1"},"canonical":"https:\/\/patagoniambiental.com.ar\/info\/tierra-del-fuego-tambien-tienta-al-hidrogeno-verde\/","og_locale":"es_ES","og_type":"article","og_title":"Tierra del Fuego tambi\u00e9n tienta al hidr\u00f3geno verde","og_url":"https:\/\/patagoniambiental.com.ar\/info\/tierra-del-fuego-tambien-tienta-al-hidrogeno-verde\/","og_site_name":"Patagonia Ambiental","article_publisher":"https:\/\/www.facebook.com\/patagonia.ambiental","article_published_time":"2022-08-21T22:00:00+00:00","article_modified_time":"2022-08-22T12:02:42+00:00","og_image":[{"width":600,"height":400,"url":"https:\/\/patagoniambiental.com.ar\/info\/wp-content\/uploads\/2022\/08\/o_1661087274.jpg","type":"image\/jpeg"}],"author":"BRAIAN ESTEVEZ","twitter_card":"summary_large_image","twitter_creator":"@PatAmb","twitter_site":"@PatAmb","schema":{"@context":"https:\/\/schema.org","@graph":[{"@type":"Article","@id":"https:\/\/patagoniambiental.com.ar\/info\/tierra-del-fuego-tambien-tienta-al-hidrogeno-verde\/#article","isPartOf":{"@id":"https:\/\/patagoniambiental.com.ar\/info\/tierra-del-fuego-tambien-tienta-al-hidrogeno-verde\/"},"author":{"name":"BRAIAN ESTEVEZ","@id":"https:\/\/patagoniambiental.com.ar\/info\/#\/schema\/person\/e5af09d700b2e82cb10c6b8800e0c691"},"headline":"Tierra del Fuego tambi\u00e9n tienta al hidr\u00f3geno verde","datePublished":"2022-08-21T22:00:00+00:00","dateModified":"2022-08-22T12:02:42+00:00","mainEntityOfPage":{"@id":"https:\/\/patagoniambiental.com.ar\/info\/tierra-del-fuego-tambien-tienta-al-hidrogeno-verde\/"},"wordCount":444,"commentCount":0,"publisher":{"@id":"https:\/\/patagoniambiental.com.ar\/info\/#organization"},"image":{"@id":"https:\/\/patagoniambiental.com.ar\/info\/tierra-del-fuego-tambien-tienta-al-hidrogeno-verde\/#primaryimage"},"thumbnailUrl":"https:\/\/patagoniambiental.com.ar\/info\/wp-content\/uploads\/2022\/08\/o_1661087274.jpg","articleSection":["Bolet\u00edn","Noticias","Provinciales","Rotador","Tierra del Fuego"],"inLanguage":"es","potentialAction":[{"@type":"CommentAction","name":"Comment","target":["https:\/\/patagoniambiental.com.ar\/info\/tierra-del-fuego-tambien-tienta-al-hidrogeno-verde\/#respond"]}]},{"@type":"WebPage","@id":"https:\/\/patagoniambiental.com.ar\/info\/tierra-del-fuego-tambien-tienta-al-hidrogeno-verde\/","url":"https:\/\/patagoniambiental.com.ar\/info\/tierra-del-fuego-tambien-tienta-al-hidrogeno-verde\/","name":"Tierra del Fuego tambi\u00e9n tienta al hidr\u00f3geno verde","isPartOf":{"@id":"https:\/\/patagoniambiental.com.ar\/info\/#website"},"primaryImageOfPage":{"@id":"https:\/\/patagoniambiental.com.ar\/info\/tierra-del-fuego-tambien-tienta-al-hidrogeno-verde\/#primaryimage"},"image":{"@id":"https:\/\/patagoniambiental.com.ar\/info\/tierra-del-fuego-tambien-tienta-al-hidrogeno-verde\/#primaryimage"},"thumbnailUrl":"https:\/\/patagoniambiental.com.ar\/info\/wp-content\/uploads\/2022\/08\/o_1661087274.jpg","datePublished":"2022-08-21T22:00:00+00:00","dateModified":"2022-08-22T12:02:42+00:00","breadcrumb":{"@id":"https:\/\/patagoniambiental.com.ar\/info\/tierra-del-fuego-tambien-tienta-al-hidrogeno-verde\/#breadcrumb"},"inLanguage":"es","potentialAction":[{"@type":"ReadAction","target":["https:\/\/patagoniambiental.com.ar\/info\/tierra-del-fuego-tambien-tienta-al-hidrogeno-verde\/"]}]},{"@type":"ImageObject","inLanguage":"es","@id":"https:\/\/patagoniambiental.com.ar\/info\/tierra-del-fuego-tambien-tienta-al-hidrogeno-verde\/#primaryimage","url":"https:\/\/patagoniambiental.com.ar\/info\/wp-content\/uploads\/2022\/08\/o_1661087274.jpg","contentUrl":"https:\/\/patagoniambiental.com.ar\/info\/wp-content\/uploads\/2022\/08\/o_1661087274.jpg","width":600,"height":400},{"@type":"BreadcrumbList","@id":"https:\/\/patagoniambiental.com.ar\/info\/tierra-del-fuego-tambien-tienta-al-hidrogeno-verde\/#breadcrumb","itemListElement":[{"@type":"ListItem","position":1,"name":"Inicio","item":"https:\/\/patagoniambiental.com.ar\/info\/"},{"@type":"ListItem","position":2,"name":"Tierra del Fuego tambi\u00e9n tienta al hidr\u00f3geno verde"}]},{"@type":"WebSite","@id":"https:\/\/patagoniambiental.com.ar\/info\/#website","url":"https:\/\/patagoniambiental.com.ar\/info\/","name":"Patagonia Ambiental","description":"Monitoreo y an\u00e1lisis de la situaci\u00f3n geopol\u00edtica en el mundo y su implicancia en la Patagonia","publisher":{"@id":"https:\/\/patagoniambiental.com.ar\/info\/#organization"},"potentialAction":[{"@type":"SearchAction","target":{"@type":"EntryPoint","urlTemplate":"https:\/\/patagoniambiental.com.ar\/info\/?s={search_term_string}"},"query-input":{"@type":"PropertyValueSpecification","valueRequired":true,"valueName":"search_term_string"}}],"inLanguage":"es"},{"@type":"Organization","@id":"https:\/\/patagoniambiental.com.ar\/info\/#organization","name":"Patagonia Ambiental","url":"https:\/\/patagoniambiental.com.ar\/info\/","logo":{"@type":"ImageObject","inLanguage":"es","@id":"https:\/\/patagoniambiental.com.ar\/info\/#\/schema\/logo\/image\/","url":"https:\/\/patagoniambiental.com.ar\/info\/wp-content\/uploads\/2025\/05\/LOGO-PATAGONIA-AMBIENTAL.png","contentUrl":"https:\/\/patagoniambiental.com.ar\/info\/wp-content\/uploads\/2025\/05\/LOGO-PATAGONIA-AMBIENTAL.png","width":433,"height":250,"caption":"Patagonia Ambiental"},"image":{"@id":"https:\/\/patagoniambiental.com.ar\/info\/#\/schema\/logo\/image\/"},"sameAs":["https:\/\/www.facebook.com\/patagonia.ambiental","https:\/\/x.com\/PatAmb"]},{"@type":"Person","@id":"https:\/\/patagoniambiental.com.ar\/info\/#\/schema\/person\/e5af09d700b2e82cb10c6b8800e0c691","name":"BRAIAN ESTEVEZ","sameAs":["http:\/\/www.patagoniambiental.com.ar"]}]}},"_links":{"self":[{"href":"https:\/\/patagoniambiental.com.ar\/info\/wp-json\/wp\/v2\/posts\/76238","targetHints":{"allow":["GET"]}}],"collection":[{"href":"https:\/\/patagoniambiental.com.ar\/info\/wp-json\/wp\/v2\/posts"}],"about":[{"href":"https:\/\/patagoniambiental.com.ar\/info\/wp-json\/wp\/v2\/types\/post"}],"author":[{"embeddable":true,"href":"https:\/\/patagoniambiental.com.ar\/info\/wp-json\/wp\/v2\/users\/6"}],"replies":[{"embeddable":true,"href":"https:\/\/patagoniambiental.com.ar\/info\/wp-json\/wp\/v2\/comments?post=76238"}],"version-history":[{"count":0,"href":"https:\/\/patagoniambiental.com.ar\/info\/wp-json\/wp\/v2\/posts\/76238\/revisions"}],"wp:featuredmedia":[{"embeddable":true,"href":"https:\/\/patagoniambiental.com.ar\/info\/wp-json\/wp\/v2\/media\/76239"}],"wp:attachment":[{"href":"https:\/\/patagoniambiental.com.ar\/info\/wp-json\/wp\/v2\/media?parent=76238"}],"wp:term":[{"taxonomy":"category","embeddable":true,"href":"https:\/\/patagoniambiental.com.ar\/info\/wp-json\/wp\/v2\/categories?post=76238"},{"taxonomy":"post_tag","embeddable":true,"href":"https:\/\/patagoniambiental.com.ar\/info\/wp-json\/wp\/v2\/tags?post=76238"}],"curies":[{"name":"wp","href":"https:\/\/api.w.org\/{rel}","templated":true}]}}