{"id":76258,"date":"2022-08-26T16:15:20","date_gmt":"2022-08-26T19:15:20","guid":{"rendered":"http:\/\/patagoniambiental.com.ar\/info\/?p=76258"},"modified":"2022-08-26T16:15:21","modified_gmt":"2022-08-26T19:15:21","slug":"el-relator-de-los-derechos-indigenas-de-la-onu-hablo-en-la-unrn","status":"publish","type":"post","link":"https:\/\/patagoniambiental.com.ar\/info\/el-relator-de-los-derechos-indigenas-de-la-onu-hablo-en-la-unrn\/","title":{"rendered":"El relator de los derechos ind\u00edgenas de la ONU habl\u00f3 en la UNRN"},"content":{"rendered":"\n<!--more-->\n\n\n\n<p><em>Bariloche, 26 de agosto de 2022.-<\/em>&nbsp;En un multitudinario encuentro en la Sede Andina de la Universidad Nacional de R\u00edo Negro, Jos\u00e9 Francisco Cali Tzay, relator especial de las Naciones Unidas sobre los Derechos de los Pueblos Ind\u00edgenas, dict\u00f3 una charla magistral sobre los derechos de los pueblos ind\u00edgenas en el mundo. En especial se refiri\u00f3 a la importancia del derecho al territorio y la libre determinaci\u00f3n de los pueblos ind\u00edgenas, y a su rol como cuidadores de la biodiversidad en el mundo.<\/p>\n\n\n\n<p>El evento estuvo presidido por Diego Aguiar, vicerrector de la Sede Andina,&nbsp; acompa\u00f1ando por Orlando Carriqueo,&nbsp;werken de la Coordinadora del Parlamento Mapuche-Tehuelche de Rio Negro, Nehuen Loncoman,&nbsp;Presidente del Consejo de Desarrollo de las Comunidades Ind\u00edgenas de R\u00edo Negro, y Laura Kropff, docente e investigadora de la universidad y directora de la carrera de Antropolog\u00eda.<\/p>\n\n\n\n<p>Tambi\u00e9n estuvieron presentes el intendente Gustavo Gennuso, la Defensora del Pueblo, Anal\u00eda Woloszczuk y el obispo de la di\u00f3cesis de Bariloche, Juan Jos\u00e9 Chaparro entre otras personalidades de la ciudad.<\/p>\n\n\n\n<p>El vicerrector cont\u00f3 que&nbsp;ha sido un orgullo haber podido traer al Relator a Bariloche, una de las cuatro ciudades que visitar\u00e1 durante este viaje. Y explic\u00f3 que ha sido \u201cuna gesti\u00f3n que ha hecho la universidad\u201d. Bariloche se ubica en una regi\u00f3n \u201ccon distintas problem\u00e1ticas vinculadas a los pueblos originarios que son de p\u00fablico conocimiento\u201d.<\/p>\n\n\n\n<p>\u201cLa Sede Andina tiene un gran involucramiento con las problem\u00e1ticas que abarcan los derechos de los pueblos ind\u00edgenas\u201d, destac\u00f3 Aguiar. \u201cTiene tres c\u00e1tedras relacionadas a la tem\u00e1tica. Una de ellas, Elementos de Mapuzugun, es la primera materia de esa lengua en carreras de grado universitario en Argentina. Investigadoras de la Universidad han trabajado en mesas de resoluci\u00f3n pac\u00edfica de conflictos por la tierra, realizando asesor\u00edas, asistencia t\u00e9cnica y mediaciones\u201d.<\/p>\n\n\n\n<p>Concluy\u00f3 Aguiar que \u201cdesde la Universidad buscamos promover un di\u00e1logo entre los pueblos originarios y los estados, donde puedan surgir recomendaciones y acuerdos constructivos\u201d.<\/p>\n\n\n\n<p>Luego del agradecimiento de los referentes del Pueblo Mapuche-Tehuelche de la regi\u00f3n, que explicaron&nbsp;habr\u00eda luego un encuentro entre las comunidades y el Relator de la ONU, se vaci\u00f3 la mesa para dar paso a la conferencia. &nbsp;<\/p>\n\n\n\n<p>Cali Tzay comenz\u00f3 su charla saludando en el idioma kaqchikel&nbsp;del pueblo maya de Guatemala. Explic\u00f3 que su visita no era oficial, por lo que no podr\u00eda generar informes y no har\u00eda declaraciones de lo visto en Argentina. Sin embargo destac\u00f3 la bastedad de los pueblos ind\u00edgenas del pa\u00eds: \u201cha sido un correr de aprendizajes bastante grande, porque no s\u00f3lo hay que aprender de las cosas malas que han pasado, sino tambi\u00e9n observar esa gran sabidur\u00eda que tienen los pueblos ind\u00edgenas, que han sabido compartir y que est\u00e1 siendo reconocido a nivel internacional\u201d.<\/p>\n\n\n\n<p>\u201cEse conocimiento cient\u00edfico que tienen para mitigar el cambio clim\u00e1tico, y que ha mantenido el 80 % de la diversidad biol\u00f3gica a nivel del mundo en el 8% del territorio que ocupan en el mundo. Han sabido cuidar la madre naturaleza, han sabido respetarla. Y es desde esa experiencia que han sabido acumular un vasto conocimiento cient\u00edfico para este cuidado\u201d.<\/p>\n\n\n\n<p>Para ello ejemplific\u00f3 con el caso de las \u201cMujeres Sembradoras de Agua\u201d: \u201cSon las mujeres ind\u00edgenas las que han tenido mayor resiliencia sobre el cuidado ambiental. Como el caso de las mujeres ind\u00edgenas del estado de Oaxaca, que han descubierto formas para acumular agua de las lluvias en pozos, recuperando niveles de agua para el cultivo\u201d. Lo ins\u00f3lito del relato es que los estados provinciales y nacionales de M\u00e9xico, enterados de la iniciativa, les han querido cobrar por el uso de agua de subsuelo.<\/p>\n\n\n\n<p><strong>Derecho a la libre determinaci\u00f3n de los pueblos ind\u00edgenas<\/strong><\/p>\n\n\n\n<p>El Relator se refiri\u00f3 a uno de los temas m\u00e1s pol\u00e9micos del encuentro desmitificando la idea de secesi\u00f3n de Estado. \u201cHay muchos estados que le tienen miedo a la idea de la libre determinaci\u00f3n de los pueblos y no hay que tenerle miedo. El derecho a la libre determinaci\u00f3n de los pueblos ind\u00edgenas es el camino a la resoluci\u00f3n de conflictos\u201d.<\/p>\n\n\n\n<p>Y ampli\u00f3: \u201cEs importante resaltar que no se habla de estados sino de pueblos. La libre determinaci\u00f3n de los pueblos no supone un peligro para la unidad y la integridad del estado. Y no es el reconocimiento, es la falta de reconocimiento. Sin este reconocimiento no hay posibilidad de que puedan ejercer otros derechos\u201d.<\/p>\n\n\n\n<p><strong>Derecho a tierra, territorio y sus recursos<\/strong><\/p>\n\n\n\n<p>Es claro que los conflictos territoriales encabezan la agenda de nuestra regi\u00f3n en relaci\u00f3n a los pueblos ind\u00edgenas. El Relator de la ONU explic\u00f3 filos\u00f3ficamente que \u201cla tierra, el territorio y sus recursos naturales es donde se desarrollan los pueblos ind\u00edgenas. Nuestro territorio es fundamental para la protecci\u00f3n de nuestra identidad y supervivencia cultural y f\u00edsica\u201d.<\/p>\n\n\n\n<p>Y alent\u00f3 a que los estados respeten el derecho internacional sobre la tierra: \u201cLa posesi\u00f3n tradicional de los ind\u00edgenas sobre las tierras tienen vigencia equivalente al t\u00edtulo de pleno dominio y otorga a los ind\u00edgenas a exigir el derecho de propiedad y su registro\u201d.<\/p>\n\n\n\n<p>Y explic\u00f3 vehementemente que \u201ccualquier medida que el Estado quiera tomar sobre sobre derechos ind\u00edgenas, es necesario que primero haya consulta y consentimiento. No puede haber consentimiento si no hay consulta, ni hay consulta sin consentimiento. Son dos derechos gemelos que deben ir de la mano\u201d.<\/p>\n\n\n\n<p>Detall\u00f3 sobre esto que durante la pandemia del COVID-19 los gobiernos aprovecharon la situaci\u00f3n de excepci\u00f3n para dejar de consultar a las comunidades sobre la aplicaci\u00f3n de proyectos extractivistas o inmobiliarios en sus territorios. \u201cEste estado de excepci\u00f3n perdur\u00f3 luego de finalizada la pandemia. Y esto sirvi\u00f3 para poder controlar las posibles protestas contra proyectos extractivistas y tener controlados y localizados a los l\u00edderes\u201d.<\/p>\n\n\n\n<p><strong>Criminalizaci\u00f3n<\/strong><\/p>\n\n\n\n<p>\u201cEl informe tem\u00e1tico de este mandato muestra que la escalada de agresiones contra las personas defensoras ind\u00edgenas, es la falta de respeto a la tenencia colectiva de la tierra de los pueblos ind\u00edgenas\u201d, indic\u00f3 el Francisco Cali Tzay. Y agreg\u00f3 que \u201ca su vez repercute en su capacidad de defender eficazmente la tierra y sus recursos de los proyectos de extracci\u00f3n a gran escala. Y en muchos lugares a esto se le ha sumado la tortura y asesinato de l\u00edderes. Es una forma colonial de imponer el terror dentro de las comunidades para que no sigan con sus luchas\u201d.&#8211;<br><\/p>\n\n\n\n<p>Fuente: Departamento de Comunicaci\u00f3nUniversidad Nacional de R\u00edo Negro &#8211; Sede Andina\u00a0Mitre 630 1\u00ba \u00abB\u00bb &#8211; San Carlos de Bariloche(0294) 474 6118<a rel=\"noreferrer noopener\" href=\"mailto:comunicacion.andina@unrn.edu.ar\" target=\"_blank\">comunicacion.andina@unrn.edu.ar<\/a><a rel=\"noreferrer noopener\" href=\"http:\/\/www.unrn.edu.ar\/\" target=\"_blank\">www.unrn.edu.ar<\/a>Facebook: @<a rel=\"noreferrer noopener\" href=\"https:\/\/www.facebook.com\/unrnsedeandina\" target=\"_blank\">unrnsedeandina<\/a><br>Instagram: @unrionegro<\/p>\n\n\n\n<p>Fuente: <\/p>\n","protected":false},"excerpt":{"rendered":"","protected":false},"author":6,"featured_media":76259,"comment_status":"open","ping_status":"open","sticky":false,"template":"","format":"standard","meta":{"site-sidebar-layout":"default","site-content-layout":"","ast-site-content-layout":"default","site-content-style":"default","site-sidebar-style":"default","ast-global-header-display":"","ast-banner-title-visibility":"","ast-main-header-display":"","ast-hfb-above-header-display":"","ast-hfb-below-header-display":"","ast-hfb-mobile-header-display":"","site-post-title":"","ast-breadcrumbs-content":"","ast-featured-img":"","footer-sml-layout":"","ast-disable-related-posts":"","theme-transparent-header-meta":"","adv-header-id-meta":"","stick-header-meta":"","header-above-stick-meta":"","header-main-stick-meta":"","header-below-stick-meta":"","astra-migrate-meta-layouts":"default","ast-page-background-enabled":"default","ast-page-background-meta":{"desktop":{"background-color":"var(--ast-global-color-5)","background-image":"","background-repeat":"repeat","background-position":"center center","background-size":"auto","background-attachment":"scroll","background-type":"","background-media":"","overlay-type":"","overlay-color":"","overlay-opacity":"","overlay-gradient":""},"tablet":{"background-color":"","background-image":"","background-repeat":"repeat","background-position":"center center","background-size":"auto","background-attachment":"scroll","background-type":"","background-media":"","overlay-type":"","overlay-color":"","overlay-opacity":"","overlay-gradient":""},"mobile":{"background-color":"","background-image":"","background-repeat":"repeat","background-position":"center center","background-size":"auto","background-attachment":"scroll","background-type":"","background-media":"","overlay-type":"","overlay-color":"","overlay-opacity":"","overlay-gradient":""}},"ast-content-background-meta":{"desktop":{"background-color":"var(--ast-global-color-4)","background-image":"","background-repeat":"repeat","background-position":"center center","background-size":"auto","background-attachment":"scroll","background-type":"","background-media":"","overlay-type":"","overlay-color":"","overlay-opacity":"","overlay-gradient":""},"tablet":{"background-color":"var(--ast-global-color-4)","background-image":"","background-repeat":"repeat","background-position":"center center","background-size":"auto","background-attachment":"scroll","background-type":"","background-media":"","overlay-type":"","overlay-color":"","overlay-opacity":"","overlay-gradient":""},"mobile":{"background-color":"var(--ast-global-color-4)","background-image":"","background-repeat":"repeat","background-position":"center center","background-size":"auto","background-attachment":"scroll","background-type":"","background-media":"","overlay-type":"","overlay-color":"","overlay-opacity":"","overlay-gradient":""}},"footnotes":""},"categories":[1,13,14],"tags":[],"class_list":["post-76258","post","type-post","status-publish","format-standard","has-post-thumbnail","hentry","category-noticias","category-provinciales","category-rio-negro"],"yoast_head":"<!-- This site is optimized with the Yoast SEO Premium plugin v23.0 (Yoast SEO v27.4) - https:\/\/yoast.com\/product\/yoast-seo-premium-wordpress\/ -->\n<title>El relator de los derechos ind\u00edgenas de la ONU habl\u00f3 en la UNRN<\/title>\n<meta name=\"robots\" content=\"index, follow, max-snippet:-1, max-image-preview:large, max-video-preview:-1\" \/>\n<link rel=\"canonical\" href=\"https:\/\/patagoniambiental.com.ar\/info\/el-relator-de-los-derechos-indigenas-de-la-onu-hablo-en-la-unrn\/\" \/>\n<meta property=\"og:locale\" content=\"es_ES\" \/>\n<meta property=\"og:type\" content=\"article\" \/>\n<meta property=\"og:title\" content=\"El relator de los derechos ind\u00edgenas de la ONU habl\u00f3 en la UNRN\" \/>\n<meta property=\"og:url\" content=\"https:\/\/patagoniambiental.com.ar\/info\/el-relator-de-los-derechos-indigenas-de-la-onu-hablo-en-la-unrn\/\" \/>\n<meta property=\"og:site_name\" content=\"Patagonia Ambiental\" \/>\n<meta property=\"article:publisher\" content=\"https:\/\/www.facebook.com\/patagonia.ambiental\" \/>\n<meta property=\"article:published_time\" content=\"2022-08-26T19:15:20+00:00\" \/>\n<meta property=\"article:modified_time\" content=\"2022-08-26T19:15:21+00:00\" \/>\n<meta property=\"og:image\" content=\"https:\/\/patagoniambiental.com.ar\/info\/wp-content\/uploads\/2022\/08\/thumbnail_Conferencia-relator-ONU-10.jpg\" \/>\n\t<meta property=\"og:image:width\" content=\"1280\" \/>\n\t<meta property=\"og:image:height\" content=\"960\" \/>\n\t<meta property=\"og:image:type\" content=\"image\/jpeg\" \/>\n<meta name=\"author\" content=\"BRAIAN ESTEVEZ\" \/>\n<meta name=\"twitter:card\" content=\"summary_large_image\" \/>\n<meta name=\"twitter:creator\" content=\"@PatAmb\" \/>\n<meta name=\"twitter:site\" content=\"@PatAmb\" \/>\n<script type=\"application\/ld+json\" class=\"yoast-schema-graph\">{\"@context\":\"https:\\\/\\\/schema.org\",\"@graph\":[{\"@type\":\"Article\",\"@id\":\"https:\\\/\\\/patagoniambiental.com.ar\\\/info\\\/el-relator-de-los-derechos-indigenas-de-la-onu-hablo-en-la-unrn\\\/#article\",\"isPartOf\":{\"@id\":\"https:\\\/\\\/patagoniambiental.com.ar\\\/info\\\/el-relator-de-los-derechos-indigenas-de-la-onu-hablo-en-la-unrn\\\/\"},\"author\":{\"name\":\"BRAIAN ESTEVEZ\",\"@id\":\"https:\\\/\\\/patagoniambiental.com.ar\\\/info\\\/#\\\/schema\\\/person\\\/e5af09d700b2e82cb10c6b8800e0c691\"},\"headline\":\"El relator de los derechos ind\u00edgenas de la ONU habl\u00f3 en la UNRN\",\"datePublished\":\"2022-08-26T19:15:20+00:00\",\"dateModified\":\"2022-08-26T19:15:21+00:00\",\"mainEntityOfPage\":{\"@id\":\"https:\\\/\\\/patagoniambiental.com.ar\\\/info\\\/el-relator-de-los-derechos-indigenas-de-la-onu-hablo-en-la-unrn\\\/\"},\"wordCount\":1161,\"commentCount\":0,\"publisher\":{\"@id\":\"https:\\\/\\\/patagoniambiental.com.ar\\\/info\\\/#organization\"},\"image\":{\"@id\":\"https:\\\/\\\/patagoniambiental.com.ar\\\/info\\\/el-relator-de-los-derechos-indigenas-de-la-onu-hablo-en-la-unrn\\\/#primaryimage\"},\"thumbnailUrl\":\"https:\\\/\\\/patagoniambiental.com.ar\\\/info\\\/wp-content\\\/uploads\\\/2022\\\/08\\\/thumbnail_Conferencia-relator-ONU-10.jpg\",\"articleSection\":[\"Noticias\",\"Provinciales\",\"R\u00edo Negro\"],\"inLanguage\":\"es\",\"potentialAction\":[{\"@type\":\"CommentAction\",\"name\":\"Comment\",\"target\":[\"https:\\\/\\\/patagoniambiental.com.ar\\\/info\\\/el-relator-de-los-derechos-indigenas-de-la-onu-hablo-en-la-unrn\\\/#respond\"]}]},{\"@type\":\"WebPage\",\"@id\":\"https:\\\/\\\/patagoniambiental.com.ar\\\/info\\\/el-relator-de-los-derechos-indigenas-de-la-onu-hablo-en-la-unrn\\\/\",\"url\":\"https:\\\/\\\/patagoniambiental.com.ar\\\/info\\\/el-relator-de-los-derechos-indigenas-de-la-onu-hablo-en-la-unrn\\\/\",\"name\":\"El relator de los derechos ind\u00edgenas de la ONU habl\u00f3 en la UNRN\",\"isPartOf\":{\"@id\":\"https:\\\/\\\/patagoniambiental.com.ar\\\/info\\\/#website\"},\"primaryImageOfPage\":{\"@id\":\"https:\\\/\\\/patagoniambiental.com.ar\\\/info\\\/el-relator-de-los-derechos-indigenas-de-la-onu-hablo-en-la-unrn\\\/#primaryimage\"},\"image\":{\"@id\":\"https:\\\/\\\/patagoniambiental.com.ar\\\/info\\\/el-relator-de-los-derechos-indigenas-de-la-onu-hablo-en-la-unrn\\\/#primaryimage\"},\"thumbnailUrl\":\"https:\\\/\\\/patagoniambiental.com.ar\\\/info\\\/wp-content\\\/uploads\\\/2022\\\/08\\\/thumbnail_Conferencia-relator-ONU-10.jpg\",\"datePublished\":\"2022-08-26T19:15:20+00:00\",\"dateModified\":\"2022-08-26T19:15:21+00:00\",\"breadcrumb\":{\"@id\":\"https:\\\/\\\/patagoniambiental.com.ar\\\/info\\\/el-relator-de-los-derechos-indigenas-de-la-onu-hablo-en-la-unrn\\\/#breadcrumb\"},\"inLanguage\":\"es\",\"potentialAction\":[{\"@type\":\"ReadAction\",\"target\":[\"https:\\\/\\\/patagoniambiental.com.ar\\\/info\\\/el-relator-de-los-derechos-indigenas-de-la-onu-hablo-en-la-unrn\\\/\"]}]},{\"@type\":\"ImageObject\",\"inLanguage\":\"es\",\"@id\":\"https:\\\/\\\/patagoniambiental.com.ar\\\/info\\\/el-relator-de-los-derechos-indigenas-de-la-onu-hablo-en-la-unrn\\\/#primaryimage\",\"url\":\"https:\\\/\\\/patagoniambiental.com.ar\\\/info\\\/wp-content\\\/uploads\\\/2022\\\/08\\\/thumbnail_Conferencia-relator-ONU-10.jpg\",\"contentUrl\":\"https:\\\/\\\/patagoniambiental.com.ar\\\/info\\\/wp-content\\\/uploads\\\/2022\\\/08\\\/thumbnail_Conferencia-relator-ONU-10.jpg\",\"width\":800,\"height\":600},{\"@type\":\"BreadcrumbList\",\"@id\":\"https:\\\/\\\/patagoniambiental.com.ar\\\/info\\\/el-relator-de-los-derechos-indigenas-de-la-onu-hablo-en-la-unrn\\\/#breadcrumb\",\"itemListElement\":[{\"@type\":\"ListItem\",\"position\":1,\"name\":\"Inicio\",\"item\":\"https:\\\/\\\/patagoniambiental.com.ar\\\/info\\\/\"},{\"@type\":\"ListItem\",\"position\":2,\"name\":\"El relator de los derechos ind\u00edgenas de la ONU habl\u00f3 en la UNRN\"}]},{\"@type\":\"WebSite\",\"@id\":\"https:\\\/\\\/patagoniambiental.com.ar\\\/info\\\/#website\",\"url\":\"https:\\\/\\\/patagoniambiental.com.ar\\\/info\\\/\",\"name\":\"Patagonia Ambiental\",\"description\":\"Monitoreo y an\u00e1lisis de la situaci\u00f3n geopol\u00edtica en el mundo y su implicancia en la Patagonia\",\"publisher\":{\"@id\":\"https:\\\/\\\/patagoniambiental.com.ar\\\/info\\\/#organization\"},\"potentialAction\":[{\"@type\":\"SearchAction\",\"target\":{\"@type\":\"EntryPoint\",\"urlTemplate\":\"https:\\\/\\\/patagoniambiental.com.ar\\\/info\\\/?s={search_term_string}\"},\"query-input\":{\"@type\":\"PropertyValueSpecification\",\"valueRequired\":true,\"valueName\":\"search_term_string\"}}],\"inLanguage\":\"es\"},{\"@type\":\"Organization\",\"@id\":\"https:\\\/\\\/patagoniambiental.com.ar\\\/info\\\/#organization\",\"name\":\"Patagonia Ambiental\",\"url\":\"https:\\\/\\\/patagoniambiental.com.ar\\\/info\\\/\",\"logo\":{\"@type\":\"ImageObject\",\"inLanguage\":\"es\",\"@id\":\"https:\\\/\\\/patagoniambiental.com.ar\\\/info\\\/#\\\/schema\\\/logo\\\/image\\\/\",\"url\":\"https:\\\/\\\/patagoniambiental.com.ar\\\/info\\\/wp-content\\\/uploads\\\/2025\\\/05\\\/LOGO-PATAGONIA-AMBIENTAL.png\",\"contentUrl\":\"https:\\\/\\\/patagoniambiental.com.ar\\\/info\\\/wp-content\\\/uploads\\\/2025\\\/05\\\/LOGO-PATAGONIA-AMBIENTAL.png\",\"width\":433,\"height\":250,\"caption\":\"Patagonia Ambiental\"},\"image\":{\"@id\":\"https:\\\/\\\/patagoniambiental.com.ar\\\/info\\\/#\\\/schema\\\/logo\\\/image\\\/\"},\"sameAs\":[\"https:\\\/\\\/www.facebook.com\\\/patagonia.ambiental\",\"https:\\\/\\\/x.com\\\/PatAmb\"]},{\"@type\":\"Person\",\"@id\":\"https:\\\/\\\/patagoniambiental.com.ar\\\/info\\\/#\\\/schema\\\/person\\\/e5af09d700b2e82cb10c6b8800e0c691\",\"name\":\"BRAIAN ESTEVEZ\",\"sameAs\":[\"http:\\\/\\\/www.patagoniambiental.com.ar\"]}]}<\/script>\n<!-- \/ Yoast SEO Premium plugin. -->","yoast_head_json":{"title":"El relator de los derechos ind\u00edgenas de la ONU habl\u00f3 en la UNRN","robots":{"index":"index","follow":"follow","max-snippet":"max-snippet:-1","max-image-preview":"max-image-preview:large","max-video-preview":"max-video-preview:-1"},"canonical":"https:\/\/patagoniambiental.com.ar\/info\/el-relator-de-los-derechos-indigenas-de-la-onu-hablo-en-la-unrn\/","og_locale":"es_ES","og_type":"article","og_title":"El relator de los derechos ind\u00edgenas de la ONU habl\u00f3 en la UNRN","og_url":"https:\/\/patagoniambiental.com.ar\/info\/el-relator-de-los-derechos-indigenas-de-la-onu-hablo-en-la-unrn\/","og_site_name":"Patagonia Ambiental","article_publisher":"https:\/\/www.facebook.com\/patagonia.ambiental","article_published_time":"2022-08-26T19:15:20+00:00","article_modified_time":"2022-08-26T19:15:21+00:00","og_image":[{"width":1280,"height":960,"url":"https:\/\/patagoniambiental.com.ar\/info\/wp-content\/uploads\/2022\/08\/thumbnail_Conferencia-relator-ONU-10.jpg","type":"image\/jpeg"}],"author":"BRAIAN ESTEVEZ","twitter_card":"summary_large_image","twitter_creator":"@PatAmb","twitter_site":"@PatAmb","schema":{"@context":"https:\/\/schema.org","@graph":[{"@type":"Article","@id":"https:\/\/patagoniambiental.com.ar\/info\/el-relator-de-los-derechos-indigenas-de-la-onu-hablo-en-la-unrn\/#article","isPartOf":{"@id":"https:\/\/patagoniambiental.com.ar\/info\/el-relator-de-los-derechos-indigenas-de-la-onu-hablo-en-la-unrn\/"},"author":{"name":"BRAIAN ESTEVEZ","@id":"https:\/\/patagoniambiental.com.ar\/info\/#\/schema\/person\/e5af09d700b2e82cb10c6b8800e0c691"},"headline":"El relator de los derechos ind\u00edgenas de la ONU habl\u00f3 en la UNRN","datePublished":"2022-08-26T19:15:20+00:00","dateModified":"2022-08-26T19:15:21+00:00","mainEntityOfPage":{"@id":"https:\/\/patagoniambiental.com.ar\/info\/el-relator-de-los-derechos-indigenas-de-la-onu-hablo-en-la-unrn\/"},"wordCount":1161,"commentCount":0,"publisher":{"@id":"https:\/\/patagoniambiental.com.ar\/info\/#organization"},"image":{"@id":"https:\/\/patagoniambiental.com.ar\/info\/el-relator-de-los-derechos-indigenas-de-la-onu-hablo-en-la-unrn\/#primaryimage"},"thumbnailUrl":"https:\/\/patagoniambiental.com.ar\/info\/wp-content\/uploads\/2022\/08\/thumbnail_Conferencia-relator-ONU-10.jpg","articleSection":["Noticias","Provinciales","R\u00edo Negro"],"inLanguage":"es","potentialAction":[{"@type":"CommentAction","name":"Comment","target":["https:\/\/patagoniambiental.com.ar\/info\/el-relator-de-los-derechos-indigenas-de-la-onu-hablo-en-la-unrn\/#respond"]}]},{"@type":"WebPage","@id":"https:\/\/patagoniambiental.com.ar\/info\/el-relator-de-los-derechos-indigenas-de-la-onu-hablo-en-la-unrn\/","url":"https:\/\/patagoniambiental.com.ar\/info\/el-relator-de-los-derechos-indigenas-de-la-onu-hablo-en-la-unrn\/","name":"El relator de los derechos ind\u00edgenas de la ONU habl\u00f3 en la UNRN","isPartOf":{"@id":"https:\/\/patagoniambiental.com.ar\/info\/#website"},"primaryImageOfPage":{"@id":"https:\/\/patagoniambiental.com.ar\/info\/el-relator-de-los-derechos-indigenas-de-la-onu-hablo-en-la-unrn\/#primaryimage"},"image":{"@id":"https:\/\/patagoniambiental.com.ar\/info\/el-relator-de-los-derechos-indigenas-de-la-onu-hablo-en-la-unrn\/#primaryimage"},"thumbnailUrl":"https:\/\/patagoniambiental.com.ar\/info\/wp-content\/uploads\/2022\/08\/thumbnail_Conferencia-relator-ONU-10.jpg","datePublished":"2022-08-26T19:15:20+00:00","dateModified":"2022-08-26T19:15:21+00:00","breadcrumb":{"@id":"https:\/\/patagoniambiental.com.ar\/info\/el-relator-de-los-derechos-indigenas-de-la-onu-hablo-en-la-unrn\/#breadcrumb"},"inLanguage":"es","potentialAction":[{"@type":"ReadAction","target":["https:\/\/patagoniambiental.com.ar\/info\/el-relator-de-los-derechos-indigenas-de-la-onu-hablo-en-la-unrn\/"]}]},{"@type":"ImageObject","inLanguage":"es","@id":"https:\/\/patagoniambiental.com.ar\/info\/el-relator-de-los-derechos-indigenas-de-la-onu-hablo-en-la-unrn\/#primaryimage","url":"https:\/\/patagoniambiental.com.ar\/info\/wp-content\/uploads\/2022\/08\/thumbnail_Conferencia-relator-ONU-10.jpg","contentUrl":"https:\/\/patagoniambiental.com.ar\/info\/wp-content\/uploads\/2022\/08\/thumbnail_Conferencia-relator-ONU-10.jpg","width":800,"height":600},{"@type":"BreadcrumbList","@id":"https:\/\/patagoniambiental.com.ar\/info\/el-relator-de-los-derechos-indigenas-de-la-onu-hablo-en-la-unrn\/#breadcrumb","itemListElement":[{"@type":"ListItem","position":1,"name":"Inicio","item":"https:\/\/patagoniambiental.com.ar\/info\/"},{"@type":"ListItem","position":2,"name":"El relator de los derechos ind\u00edgenas de la ONU habl\u00f3 en la UNRN"}]},{"@type":"WebSite","@id":"https:\/\/patagoniambiental.com.ar\/info\/#website","url":"https:\/\/patagoniambiental.com.ar\/info\/","name":"Patagonia Ambiental","description":"Monitoreo y an\u00e1lisis de la situaci\u00f3n geopol\u00edtica en el mundo y su implicancia en la Patagonia","publisher":{"@id":"https:\/\/patagoniambiental.com.ar\/info\/#organization"},"potentialAction":[{"@type":"SearchAction","target":{"@type":"EntryPoint","urlTemplate":"https:\/\/patagoniambiental.com.ar\/info\/?s={search_term_string}"},"query-input":{"@type":"PropertyValueSpecification","valueRequired":true,"valueName":"search_term_string"}}],"inLanguage":"es"},{"@type":"Organization","@id":"https:\/\/patagoniambiental.com.ar\/info\/#organization","name":"Patagonia Ambiental","url":"https:\/\/patagoniambiental.com.ar\/info\/","logo":{"@type":"ImageObject","inLanguage":"es","@id":"https:\/\/patagoniambiental.com.ar\/info\/#\/schema\/logo\/image\/","url":"https:\/\/patagoniambiental.com.ar\/info\/wp-content\/uploads\/2025\/05\/LOGO-PATAGONIA-AMBIENTAL.png","contentUrl":"https:\/\/patagoniambiental.com.ar\/info\/wp-content\/uploads\/2025\/05\/LOGO-PATAGONIA-AMBIENTAL.png","width":433,"height":250,"caption":"Patagonia Ambiental"},"image":{"@id":"https:\/\/patagoniambiental.com.ar\/info\/#\/schema\/logo\/image\/"},"sameAs":["https:\/\/www.facebook.com\/patagonia.ambiental","https:\/\/x.com\/PatAmb"]},{"@type":"Person","@id":"https:\/\/patagoniambiental.com.ar\/info\/#\/schema\/person\/e5af09d700b2e82cb10c6b8800e0c691","name":"BRAIAN ESTEVEZ","sameAs":["http:\/\/www.patagoniambiental.com.ar"]}]}},"_links":{"self":[{"href":"https:\/\/patagoniambiental.com.ar\/info\/wp-json\/wp\/v2\/posts\/76258","targetHints":{"allow":["GET"]}}],"collection":[{"href":"https:\/\/patagoniambiental.com.ar\/info\/wp-json\/wp\/v2\/posts"}],"about":[{"href":"https:\/\/patagoniambiental.com.ar\/info\/wp-json\/wp\/v2\/types\/post"}],"author":[{"embeddable":true,"href":"https:\/\/patagoniambiental.com.ar\/info\/wp-json\/wp\/v2\/users\/6"}],"replies":[{"embeddable":true,"href":"https:\/\/patagoniambiental.com.ar\/info\/wp-json\/wp\/v2\/comments?post=76258"}],"version-history":[{"count":0,"href":"https:\/\/patagoniambiental.com.ar\/info\/wp-json\/wp\/v2\/posts\/76258\/revisions"}],"wp:featuredmedia":[{"embeddable":true,"href":"https:\/\/patagoniambiental.com.ar\/info\/wp-json\/wp\/v2\/media\/76259"}],"wp:attachment":[{"href":"https:\/\/patagoniambiental.com.ar\/info\/wp-json\/wp\/v2\/media?parent=76258"}],"wp:term":[{"taxonomy":"category","embeddable":true,"href":"https:\/\/patagoniambiental.com.ar\/info\/wp-json\/wp\/v2\/categories?post=76258"},{"taxonomy":"post_tag","embeddable":true,"href":"https:\/\/patagoniambiental.com.ar\/info\/wp-json\/wp\/v2\/tags?post=76258"}],"curies":[{"name":"wp","href":"https:\/\/api.w.org\/{rel}","templated":true}]}}