{"id":76265,"date":"2022-08-29T07:00:00","date_gmt":"2022-08-29T10:00:00","guid":{"rendered":"http:\/\/patagoniambiental.com.ar\/info\/?p=76265"},"modified":"2022-08-30T09:02:12","modified_gmt":"2022-08-30T12:02:12","slug":"la-preservacion-de-nuestros-bosques-es-fundamental-para-el-futuro-de-ushuaia-considero-oyarzun","status":"publish","type":"post","link":"https:\/\/patagoniambiental.com.ar\/info\/la-preservacion-de-nuestros-bosques-es-fundamental-para-el-futuro-de-ushuaia-considero-oyarzun\/","title":{"rendered":"\u201cLa preservaci\u00f3n de nuestros bosques es fundamental para el futuro de Ushuaia\u201d, consider\u00f3 Oyarz\u00fan"},"content":{"rendered":"\n<!--more-->\n\n\n\n<p>En la b\u00fasqueda de revalorizar los bosques fueguinos y su vegetaci\u00f3n en general, desde el bloque Unidos por Ushuaia se incluy\u00f3 la necesidad de que el mismo sea implantado nuevamente en su h\u00e1bitat natural, de donde fue desplazado por el avance de la urbanizaci\u00f3n desmedida. Vot\u00e1 <img decoding=\"async\" src=\"http:\/\/www.sur54.com\/images\/estrella1.png\" alt=\"estrella\"><img decoding=\"async\" src=\"http:\/\/www.sur54.com\/images\/estrella1.png\" alt=\"estrella\"><img decoding=\"async\" src=\"http:\/\/www.sur54.com\/images\/estrella1.png\" alt=\"estrella\"><img decoding=\"async\" src=\"http:\/\/www.sur54.com\/images\/estrella1.png\" alt=\"estrella\"><img decoding=\"async\" src=\"http:\/\/www.sur54.com\/images\/estrella1.png\" alt=\"estrella\"> Resultados <img decoding=\"async\" src=\"http:\/\/www.sur54.com\/images\/estrella1.png\" alt=\"estrella\"><img decoding=\"async\" src=\"http:\/\/www.sur54.com\/images\/estrella1.png\" alt=\"estrella\"><img decoding=\"async\" src=\"http:\/\/www.sur54.com\/images\/estrella1.png\" alt=\"estrella\"><img decoding=\"async\" src=\"http:\/\/www.sur54.com\/images\/estrella1.png\" alt=\"estrella\"><img decoding=\"async\" src=\"http:\/\/www.sur54.com\/images\/estrella1.png\" alt=\"estrella\"> 0 comentario(s) <img decoding=\"async\" src=\"http:\/\/www.sur54.com\/images\/vineta2.png\" alt=\"comentario\"><\/p>\n\n\n\n<figure class=\"wp-block-image\"><a href=\"http:\/\/www.btf.com.ar\/\" target=\"_blank\" rel=\"noreferrer noopener\"><img decoding=\"async\" src=\"http:\/\/www.sur54.com\/data\/upload\/banners_agregados\/btf-fueguina-dale.gif\" alt=\"banner_3\"\/><\/a><\/figure>\n\n\n\n<figure class=\"wp-block-image\"><img decoding=\"async\" src=\"http:\/\/www.sur54.com\/images\/compartir-foto.png\" alt=\"compartir foto\"\/><\/figure>\n\n\n\n<figure class=\"wp-block-image\"><img decoding=\"async\" src=\"http:\/\/www.sur54.com\/images\/ampliar-foto.png\" alt=\"amplia foto\"\/><\/figure>\n\n\n\n<p><img decoding=\"async\" src=\"http:\/\/www.sur54.com\/data\/upload\/news\/943ff70f068ec2980468f731fefb71c6-WhatsApp Image 2022-07-08 at 4.15.10 PM.jpeg\"><\/p>\n\n\n\n<p>\u00abIntegrar la vegetaci\u00f3n local al dise\u00f1o del paisaje permitir\u00e1 revalorizar nuestra flora, orientar el destino de paisaje sustentable, en b\u00fasqueda de una identidad que al momento no es clara, y que se aleja del sentido de conservaci\u00f3n, disfrute y pertenencia, lo que conlleva a que el manejo del paisaje recaiga en varias manos con criterios diversos\u00bb, explic\u00f3 Oyarz\u00fan.<\/p>\n\n\n\n<p>Agreg\u00f3 que a ra\u00edz de la iniciativa \u00abun sector importante que se ver\u00e1 beneficiado es la fauna, principalmente aves que hace varios a\u00f1os se notan ausentes en nuestra ciudad y que dan un valor y atractivo peculiar, y a su vez, forman parte esencial de los corredores biol\u00f3gicos\u00bb.<\/p>\n\n\n\n<p>El Convencional sostuvo que este aporte no solo est\u00e1 orientado a la b\u00fasqueda de identidad y dem\u00e1s beneficios que aportan al ecosistema en s\u00ed, sino que son de gran atractivo tur\u00edstico y genera una importante fuente de ingresos al municipio como a sectores privados.<\/p>\n\n\n\n<p>La propuesta apunta tambi\u00e9n a implantar peque\u00f1as o grandes porciones de bosque distribuidos en canteros o sectores delimitados dentro de los espacios verdes de la ciudad, poni\u00e9ndolos en valor mediante carteler\u00eda interpretativa y descriptiva de cada especie.<\/p>\n\n\n\n<p>Adem\u00e1s de la propuesta de protecci\u00f3n y ampliaci\u00f3n de los bosques nativos, el referente de Unidos por Ushuaia, incorpor\u00f3 dos nuevos incisos al articulado de la Carta Org\u00e1nica con el objetivo de que el Municipio implemente pol\u00edticas p\u00fablicas referidas a la gesti\u00f3n integral de residuos s\u00f3lidos urbanos, as\u00ed como tambi\u00e9n el desarrollo, &nbsp;investigaci\u00f3n y utilizaci\u00f3n de fuentes energ\u00e9ticas renovables.<\/p>\n\n\n\n<p>\u00abPensar en una ciudad a futuro tiene que ver con la utilizaci\u00f3n de energ\u00edas limpias y con la gesti\u00f3n integral de residuos, con la finalidad de disminuir el impacto negativo que causan al medio ambiente\u00bb, reflexion\u00f3.<\/p>\n\n\n\n<p>Fuente: http:\/\/www.sur54.com\/la_preservacion_de_nuestros_bosques_es_fundamental_para_el_futuro_de_ushuaia_considero_oyarzun<\/p>\n","protected":false},"excerpt":{"rendered":"","protected":false},"author":6,"featured_media":76266,"comment_status":"open","ping_status":"open","sticky":false,"template":"","format":"standard","meta":{"site-sidebar-layout":"default","site-content-layout":"","ast-site-content-layout":"default","site-content-style":"default","site-sidebar-style":"default","ast-global-header-display":"","ast-banner-title-visibility":"","ast-main-header-display":"","ast-hfb-above-header-display":"","ast-hfb-below-header-display":"","ast-hfb-mobile-header-display":"","site-post-title":"","ast-breadcrumbs-content":"","ast-featured-img":"","footer-sml-layout":"","ast-disable-related-posts":"","theme-transparent-header-meta":"","adv-header-id-meta":"","stick-header-meta":"","header-above-stick-meta":"","header-main-stick-meta":"","header-below-stick-meta":"","astra-migrate-meta-layouts":"default","ast-page-background-enabled":"default","ast-page-background-meta":{"desktop":{"background-color":"var(--ast-global-color-5)","background-image":"","background-repeat":"repeat","background-position":"center center","background-size":"auto","background-attachment":"scroll","background-type":"","background-media":"","overlay-type":"","overlay-color":"","overlay-opacity":"","overlay-gradient":""},"tablet":{"background-color":"","background-image":"","background-repeat":"repeat","background-position":"center center","background-size":"auto","background-attachment":"scroll","background-type":"","background-media":"","overlay-type":"","overlay-color":"","overlay-opacity":"","overlay-gradient":""},"mobile":{"background-color":"","background-image":"","background-repeat":"repeat","background-position":"center center","background-size":"auto","background-attachment":"scroll","background-type":"","background-media":"","overlay-type":"","overlay-color":"","overlay-opacity":"","overlay-gradient":""}},"ast-content-background-meta":{"desktop":{"background-color":"var(--ast-global-color-4)","background-image":"","background-repeat":"repeat","background-position":"center center","background-size":"auto","background-attachment":"scroll","background-type":"","background-media":"","overlay-type":"","overlay-color":"","overlay-opacity":"","overlay-gradient":""},"tablet":{"background-color":"var(--ast-global-color-4)","background-image":"","background-repeat":"repeat","background-position":"center center","background-size":"auto","background-attachment":"scroll","background-type":"","background-media":"","overlay-type":"","overlay-color":"","overlay-opacity":"","overlay-gradient":""},"mobile":{"background-color":"var(--ast-global-color-4)","background-image":"","background-repeat":"repeat","background-position":"center center","background-size":"auto","background-attachment":"scroll","background-type":"","background-media":"","overlay-type":"","overlay-color":"","overlay-opacity":"","overlay-gradient":""}},"footnotes":""},"categories":[11,1,13,10,25],"tags":[],"class_list":["post-76265","post","type-post","status-publish","format-standard","has-post-thumbnail","hentry","category-boletin","category-noticias","category-provinciales","category-rotador","category-tierra-del-fuego"],"yoast_head":"<!-- This site is optimized with the Yoast SEO Premium plugin v23.0 (Yoast SEO v27.4) - https:\/\/yoast.com\/product\/yoast-seo-premium-wordpress\/ -->\n<title>\u201cLa preservaci\u00f3n de nuestros bosques es fundamental para el futuro de Ushuaia\u201d, consider\u00f3 Oyarz\u00fan<\/title>\n<meta name=\"robots\" content=\"index, follow, max-snippet:-1, max-image-preview:large, max-video-preview:-1\" \/>\n<link rel=\"canonical\" href=\"https:\/\/patagoniambiental.com.ar\/info\/la-preservacion-de-nuestros-bosques-es-fundamental-para-el-futuro-de-ushuaia-considero-oyarzun\/\" \/>\n<meta property=\"og:locale\" content=\"es_ES\" \/>\n<meta property=\"og:type\" content=\"article\" \/>\n<meta property=\"og:title\" content=\"\u201cLa preservaci\u00f3n de nuestros bosques es fundamental para el futuro de Ushuaia\u201d, consider\u00f3 Oyarz\u00fan\" \/>\n<meta property=\"og:url\" content=\"https:\/\/patagoniambiental.com.ar\/info\/la-preservacion-de-nuestros-bosques-es-fundamental-para-el-futuro-de-ushuaia-considero-oyarzun\/\" \/>\n<meta property=\"og:site_name\" content=\"Patagonia Ambiental\" \/>\n<meta property=\"article:publisher\" content=\"https:\/\/www.facebook.com\/patagonia.ambiental\" \/>\n<meta property=\"article:published_time\" content=\"2022-08-29T10:00:00+00:00\" \/>\n<meta property=\"article:modified_time\" content=\"2022-08-30T12:02:12+00:00\" \/>\n<meta property=\"og:image\" content=\"https:\/\/patagoniambiental.com.ar\/info\/wp-content\/uploads\/2022\/08\/45.jpeg\" \/>\n\t<meta property=\"og:image:width\" content=\"1000\" \/>\n\t<meta property=\"og:image:height\" content=\"667\" \/>\n\t<meta property=\"og:image:type\" content=\"image\/jpeg\" \/>\n<meta name=\"author\" content=\"BRAIAN ESTEVEZ\" \/>\n<meta name=\"twitter:card\" content=\"summary_large_image\" \/>\n<meta name=\"twitter:creator\" content=\"@PatAmb\" \/>\n<meta name=\"twitter:site\" content=\"@PatAmb\" \/>\n<script type=\"application\/ld+json\" class=\"yoast-schema-graph\">{\"@context\":\"https:\\\/\\\/schema.org\",\"@graph\":[{\"@type\":\"Article\",\"@id\":\"https:\\\/\\\/patagoniambiental.com.ar\\\/info\\\/la-preservacion-de-nuestros-bosques-es-fundamental-para-el-futuro-de-ushuaia-considero-oyarzun\\\/#article\",\"isPartOf\":{\"@id\":\"https:\\\/\\\/patagoniambiental.com.ar\\\/info\\\/la-preservacion-de-nuestros-bosques-es-fundamental-para-el-futuro-de-ushuaia-considero-oyarzun\\\/\"},\"author\":{\"name\":\"BRAIAN ESTEVEZ\",\"@id\":\"https:\\\/\\\/patagoniambiental.com.ar\\\/info\\\/#\\\/schema\\\/person\\\/e5af09d700b2e82cb10c6b8800e0c691\"},\"headline\":\"\u201cLa preservaci\u00f3n de nuestros bosques es fundamental para el futuro de Ushuaia\u201d, consider\u00f3 Oyarz\u00fan\",\"datePublished\":\"2022-08-29T10:00:00+00:00\",\"dateModified\":\"2022-08-30T12:02:12+00:00\",\"mainEntityOfPage\":{\"@id\":\"https:\\\/\\\/patagoniambiental.com.ar\\\/info\\\/la-preservacion-de-nuestros-bosques-es-fundamental-para-el-futuro-de-ushuaia-considero-oyarzun\\\/\"},\"wordCount\":401,\"commentCount\":0,\"publisher\":{\"@id\":\"https:\\\/\\\/patagoniambiental.com.ar\\\/info\\\/#organization\"},\"image\":{\"@id\":\"https:\\\/\\\/patagoniambiental.com.ar\\\/info\\\/la-preservacion-de-nuestros-bosques-es-fundamental-para-el-futuro-de-ushuaia-considero-oyarzun\\\/#primaryimage\"},\"thumbnailUrl\":\"https:\\\/\\\/patagoniambiental.com.ar\\\/info\\\/wp-content\\\/uploads\\\/2022\\\/08\\\/45.jpeg\",\"articleSection\":[\"Bolet\u00edn\",\"Noticias\",\"Provinciales\",\"Rotador\",\"Tierra del Fuego\"],\"inLanguage\":\"es\",\"potentialAction\":[{\"@type\":\"CommentAction\",\"name\":\"Comment\",\"target\":[\"https:\\\/\\\/patagoniambiental.com.ar\\\/info\\\/la-preservacion-de-nuestros-bosques-es-fundamental-para-el-futuro-de-ushuaia-considero-oyarzun\\\/#respond\"]}]},{\"@type\":\"WebPage\",\"@id\":\"https:\\\/\\\/patagoniambiental.com.ar\\\/info\\\/la-preservacion-de-nuestros-bosques-es-fundamental-para-el-futuro-de-ushuaia-considero-oyarzun\\\/\",\"url\":\"https:\\\/\\\/patagoniambiental.com.ar\\\/info\\\/la-preservacion-de-nuestros-bosques-es-fundamental-para-el-futuro-de-ushuaia-considero-oyarzun\\\/\",\"name\":\"\u201cLa preservaci\u00f3n de nuestros bosques es fundamental para el futuro de Ushuaia\u201d, consider\u00f3 Oyarz\u00fan\",\"isPartOf\":{\"@id\":\"https:\\\/\\\/patagoniambiental.com.ar\\\/info\\\/#website\"},\"primaryImageOfPage\":{\"@id\":\"https:\\\/\\\/patagoniambiental.com.ar\\\/info\\\/la-preservacion-de-nuestros-bosques-es-fundamental-para-el-futuro-de-ushuaia-considero-oyarzun\\\/#primaryimage\"},\"image\":{\"@id\":\"https:\\\/\\\/patagoniambiental.com.ar\\\/info\\\/la-preservacion-de-nuestros-bosques-es-fundamental-para-el-futuro-de-ushuaia-considero-oyarzun\\\/#primaryimage\"},\"thumbnailUrl\":\"https:\\\/\\\/patagoniambiental.com.ar\\\/info\\\/wp-content\\\/uploads\\\/2022\\\/08\\\/45.jpeg\",\"datePublished\":\"2022-08-29T10:00:00+00:00\",\"dateModified\":\"2022-08-30T12:02:12+00:00\",\"breadcrumb\":{\"@id\":\"https:\\\/\\\/patagoniambiental.com.ar\\\/info\\\/la-preservacion-de-nuestros-bosques-es-fundamental-para-el-futuro-de-ushuaia-considero-oyarzun\\\/#breadcrumb\"},\"inLanguage\":\"es\",\"potentialAction\":[{\"@type\":\"ReadAction\",\"target\":[\"https:\\\/\\\/patagoniambiental.com.ar\\\/info\\\/la-preservacion-de-nuestros-bosques-es-fundamental-para-el-futuro-de-ushuaia-considero-oyarzun\\\/\"]}]},{\"@type\":\"ImageObject\",\"inLanguage\":\"es\",\"@id\":\"https:\\\/\\\/patagoniambiental.com.ar\\\/info\\\/la-preservacion-de-nuestros-bosques-es-fundamental-para-el-futuro-de-ushuaia-considero-oyarzun\\\/#primaryimage\",\"url\":\"https:\\\/\\\/patagoniambiental.com.ar\\\/info\\\/wp-content\\\/uploads\\\/2022\\\/08\\\/45.jpeg\",\"contentUrl\":\"https:\\\/\\\/patagoniambiental.com.ar\\\/info\\\/wp-content\\\/uploads\\\/2022\\\/08\\\/45.jpeg\",\"width\":900,\"height\":600},{\"@type\":\"BreadcrumbList\",\"@id\":\"https:\\\/\\\/patagoniambiental.com.ar\\\/info\\\/la-preservacion-de-nuestros-bosques-es-fundamental-para-el-futuro-de-ushuaia-considero-oyarzun\\\/#breadcrumb\",\"itemListElement\":[{\"@type\":\"ListItem\",\"position\":1,\"name\":\"Inicio\",\"item\":\"https:\\\/\\\/patagoniambiental.com.ar\\\/info\\\/\"},{\"@type\":\"ListItem\",\"position\":2,\"name\":\"\u201cLa preservaci\u00f3n de nuestros bosques es fundamental para el futuro de Ushuaia\u201d, consider\u00f3 Oyarz\u00fan\"}]},{\"@type\":\"WebSite\",\"@id\":\"https:\\\/\\\/patagoniambiental.com.ar\\\/info\\\/#website\",\"url\":\"https:\\\/\\\/patagoniambiental.com.ar\\\/info\\\/\",\"name\":\"Patagonia Ambiental\",\"description\":\"Monitoreo y an\u00e1lisis de la situaci\u00f3n geopol\u00edtica en el mundo y su implicancia en la Patagonia\",\"publisher\":{\"@id\":\"https:\\\/\\\/patagoniambiental.com.ar\\\/info\\\/#organization\"},\"potentialAction\":[{\"@type\":\"SearchAction\",\"target\":{\"@type\":\"EntryPoint\",\"urlTemplate\":\"https:\\\/\\\/patagoniambiental.com.ar\\\/info\\\/?s={search_term_string}\"},\"query-input\":{\"@type\":\"PropertyValueSpecification\",\"valueRequired\":true,\"valueName\":\"search_term_string\"}}],\"inLanguage\":\"es\"},{\"@type\":\"Organization\",\"@id\":\"https:\\\/\\\/patagoniambiental.com.ar\\\/info\\\/#organization\",\"name\":\"Patagonia Ambiental\",\"url\":\"https:\\\/\\\/patagoniambiental.com.ar\\\/info\\\/\",\"logo\":{\"@type\":\"ImageObject\",\"inLanguage\":\"es\",\"@id\":\"https:\\\/\\\/patagoniambiental.com.ar\\\/info\\\/#\\\/schema\\\/logo\\\/image\\\/\",\"url\":\"https:\\\/\\\/patagoniambiental.com.ar\\\/info\\\/wp-content\\\/uploads\\\/2025\\\/05\\\/LOGO-PATAGONIA-AMBIENTAL.png\",\"contentUrl\":\"https:\\\/\\\/patagoniambiental.com.ar\\\/info\\\/wp-content\\\/uploads\\\/2025\\\/05\\\/LOGO-PATAGONIA-AMBIENTAL.png\",\"width\":433,\"height\":250,\"caption\":\"Patagonia Ambiental\"},\"image\":{\"@id\":\"https:\\\/\\\/patagoniambiental.com.ar\\\/info\\\/#\\\/schema\\\/logo\\\/image\\\/\"},\"sameAs\":[\"https:\\\/\\\/www.facebook.com\\\/patagonia.ambiental\",\"https:\\\/\\\/x.com\\\/PatAmb\"]},{\"@type\":\"Person\",\"@id\":\"https:\\\/\\\/patagoniambiental.com.ar\\\/info\\\/#\\\/schema\\\/person\\\/e5af09d700b2e82cb10c6b8800e0c691\",\"name\":\"BRAIAN ESTEVEZ\",\"sameAs\":[\"http:\\\/\\\/www.patagoniambiental.com.ar\"]}]}<\/script>\n<!-- \/ Yoast SEO Premium plugin. -->","yoast_head_json":{"title":"\u201cLa preservaci\u00f3n de nuestros bosques es fundamental para el futuro de Ushuaia\u201d, consider\u00f3 Oyarz\u00fan","robots":{"index":"index","follow":"follow","max-snippet":"max-snippet:-1","max-image-preview":"max-image-preview:large","max-video-preview":"max-video-preview:-1"},"canonical":"https:\/\/patagoniambiental.com.ar\/info\/la-preservacion-de-nuestros-bosques-es-fundamental-para-el-futuro-de-ushuaia-considero-oyarzun\/","og_locale":"es_ES","og_type":"article","og_title":"\u201cLa preservaci\u00f3n de nuestros bosques es fundamental para el futuro de Ushuaia\u201d, consider\u00f3 Oyarz\u00fan","og_url":"https:\/\/patagoniambiental.com.ar\/info\/la-preservacion-de-nuestros-bosques-es-fundamental-para-el-futuro-de-ushuaia-considero-oyarzun\/","og_site_name":"Patagonia Ambiental","article_publisher":"https:\/\/www.facebook.com\/patagonia.ambiental","article_published_time":"2022-08-29T10:00:00+00:00","article_modified_time":"2022-08-30T12:02:12+00:00","og_image":[{"width":1000,"height":667,"url":"https:\/\/patagoniambiental.com.ar\/info\/wp-content\/uploads\/2022\/08\/45.jpeg","type":"image\/jpeg"}],"author":"BRAIAN ESTEVEZ","twitter_card":"summary_large_image","twitter_creator":"@PatAmb","twitter_site":"@PatAmb","schema":{"@context":"https:\/\/schema.org","@graph":[{"@type":"Article","@id":"https:\/\/patagoniambiental.com.ar\/info\/la-preservacion-de-nuestros-bosques-es-fundamental-para-el-futuro-de-ushuaia-considero-oyarzun\/#article","isPartOf":{"@id":"https:\/\/patagoniambiental.com.ar\/info\/la-preservacion-de-nuestros-bosques-es-fundamental-para-el-futuro-de-ushuaia-considero-oyarzun\/"},"author":{"name":"BRAIAN ESTEVEZ","@id":"https:\/\/patagoniambiental.com.ar\/info\/#\/schema\/person\/e5af09d700b2e82cb10c6b8800e0c691"},"headline":"\u201cLa preservaci\u00f3n de nuestros bosques es fundamental para el futuro de Ushuaia\u201d, consider\u00f3 Oyarz\u00fan","datePublished":"2022-08-29T10:00:00+00:00","dateModified":"2022-08-30T12:02:12+00:00","mainEntityOfPage":{"@id":"https:\/\/patagoniambiental.com.ar\/info\/la-preservacion-de-nuestros-bosques-es-fundamental-para-el-futuro-de-ushuaia-considero-oyarzun\/"},"wordCount":401,"commentCount":0,"publisher":{"@id":"https:\/\/patagoniambiental.com.ar\/info\/#organization"},"image":{"@id":"https:\/\/patagoniambiental.com.ar\/info\/la-preservacion-de-nuestros-bosques-es-fundamental-para-el-futuro-de-ushuaia-considero-oyarzun\/#primaryimage"},"thumbnailUrl":"https:\/\/patagoniambiental.com.ar\/info\/wp-content\/uploads\/2022\/08\/45.jpeg","articleSection":["Bolet\u00edn","Noticias","Provinciales","Rotador","Tierra del Fuego"],"inLanguage":"es","potentialAction":[{"@type":"CommentAction","name":"Comment","target":["https:\/\/patagoniambiental.com.ar\/info\/la-preservacion-de-nuestros-bosques-es-fundamental-para-el-futuro-de-ushuaia-considero-oyarzun\/#respond"]}]},{"@type":"WebPage","@id":"https:\/\/patagoniambiental.com.ar\/info\/la-preservacion-de-nuestros-bosques-es-fundamental-para-el-futuro-de-ushuaia-considero-oyarzun\/","url":"https:\/\/patagoniambiental.com.ar\/info\/la-preservacion-de-nuestros-bosques-es-fundamental-para-el-futuro-de-ushuaia-considero-oyarzun\/","name":"\u201cLa preservaci\u00f3n de nuestros bosques es fundamental para el futuro de Ushuaia\u201d, consider\u00f3 Oyarz\u00fan","isPartOf":{"@id":"https:\/\/patagoniambiental.com.ar\/info\/#website"},"primaryImageOfPage":{"@id":"https:\/\/patagoniambiental.com.ar\/info\/la-preservacion-de-nuestros-bosques-es-fundamental-para-el-futuro-de-ushuaia-considero-oyarzun\/#primaryimage"},"image":{"@id":"https:\/\/patagoniambiental.com.ar\/info\/la-preservacion-de-nuestros-bosques-es-fundamental-para-el-futuro-de-ushuaia-considero-oyarzun\/#primaryimage"},"thumbnailUrl":"https:\/\/patagoniambiental.com.ar\/info\/wp-content\/uploads\/2022\/08\/45.jpeg","datePublished":"2022-08-29T10:00:00+00:00","dateModified":"2022-08-30T12:02:12+00:00","breadcrumb":{"@id":"https:\/\/patagoniambiental.com.ar\/info\/la-preservacion-de-nuestros-bosques-es-fundamental-para-el-futuro-de-ushuaia-considero-oyarzun\/#breadcrumb"},"inLanguage":"es","potentialAction":[{"@type":"ReadAction","target":["https:\/\/patagoniambiental.com.ar\/info\/la-preservacion-de-nuestros-bosques-es-fundamental-para-el-futuro-de-ushuaia-considero-oyarzun\/"]}]},{"@type":"ImageObject","inLanguage":"es","@id":"https:\/\/patagoniambiental.com.ar\/info\/la-preservacion-de-nuestros-bosques-es-fundamental-para-el-futuro-de-ushuaia-considero-oyarzun\/#primaryimage","url":"https:\/\/patagoniambiental.com.ar\/info\/wp-content\/uploads\/2022\/08\/45.jpeg","contentUrl":"https:\/\/patagoniambiental.com.ar\/info\/wp-content\/uploads\/2022\/08\/45.jpeg","width":900,"height":600},{"@type":"BreadcrumbList","@id":"https:\/\/patagoniambiental.com.ar\/info\/la-preservacion-de-nuestros-bosques-es-fundamental-para-el-futuro-de-ushuaia-considero-oyarzun\/#breadcrumb","itemListElement":[{"@type":"ListItem","position":1,"name":"Inicio","item":"https:\/\/patagoniambiental.com.ar\/info\/"},{"@type":"ListItem","position":2,"name":"\u201cLa preservaci\u00f3n de nuestros bosques es fundamental para el futuro de Ushuaia\u201d, consider\u00f3 Oyarz\u00fan"}]},{"@type":"WebSite","@id":"https:\/\/patagoniambiental.com.ar\/info\/#website","url":"https:\/\/patagoniambiental.com.ar\/info\/","name":"Patagonia Ambiental","description":"Monitoreo y an\u00e1lisis de la situaci\u00f3n geopol\u00edtica en el mundo y su implicancia en la Patagonia","publisher":{"@id":"https:\/\/patagoniambiental.com.ar\/info\/#organization"},"potentialAction":[{"@type":"SearchAction","target":{"@type":"EntryPoint","urlTemplate":"https:\/\/patagoniambiental.com.ar\/info\/?s={search_term_string}"},"query-input":{"@type":"PropertyValueSpecification","valueRequired":true,"valueName":"search_term_string"}}],"inLanguage":"es"},{"@type":"Organization","@id":"https:\/\/patagoniambiental.com.ar\/info\/#organization","name":"Patagonia Ambiental","url":"https:\/\/patagoniambiental.com.ar\/info\/","logo":{"@type":"ImageObject","inLanguage":"es","@id":"https:\/\/patagoniambiental.com.ar\/info\/#\/schema\/logo\/image\/","url":"https:\/\/patagoniambiental.com.ar\/info\/wp-content\/uploads\/2025\/05\/LOGO-PATAGONIA-AMBIENTAL.png","contentUrl":"https:\/\/patagoniambiental.com.ar\/info\/wp-content\/uploads\/2025\/05\/LOGO-PATAGONIA-AMBIENTAL.png","width":433,"height":250,"caption":"Patagonia Ambiental"},"image":{"@id":"https:\/\/patagoniambiental.com.ar\/info\/#\/schema\/logo\/image\/"},"sameAs":["https:\/\/www.facebook.com\/patagonia.ambiental","https:\/\/x.com\/PatAmb"]},{"@type":"Person","@id":"https:\/\/patagoniambiental.com.ar\/info\/#\/schema\/person\/e5af09d700b2e82cb10c6b8800e0c691","name":"BRAIAN ESTEVEZ","sameAs":["http:\/\/www.patagoniambiental.com.ar"]}]}},"_links":{"self":[{"href":"https:\/\/patagoniambiental.com.ar\/info\/wp-json\/wp\/v2\/posts\/76265","targetHints":{"allow":["GET"]}}],"collection":[{"href":"https:\/\/patagoniambiental.com.ar\/info\/wp-json\/wp\/v2\/posts"}],"about":[{"href":"https:\/\/patagoniambiental.com.ar\/info\/wp-json\/wp\/v2\/types\/post"}],"author":[{"embeddable":true,"href":"https:\/\/patagoniambiental.com.ar\/info\/wp-json\/wp\/v2\/users\/6"}],"replies":[{"embeddable":true,"href":"https:\/\/patagoniambiental.com.ar\/info\/wp-json\/wp\/v2\/comments?post=76265"}],"version-history":[{"count":0,"href":"https:\/\/patagoniambiental.com.ar\/info\/wp-json\/wp\/v2\/posts\/76265\/revisions"}],"wp:featuredmedia":[{"embeddable":true,"href":"https:\/\/patagoniambiental.com.ar\/info\/wp-json\/wp\/v2\/media\/76266"}],"wp:attachment":[{"href":"https:\/\/patagoniambiental.com.ar\/info\/wp-json\/wp\/v2\/media?parent=76265"}],"wp:term":[{"taxonomy":"category","embeddable":true,"href":"https:\/\/patagoniambiental.com.ar\/info\/wp-json\/wp\/v2\/categories?post=76265"},{"taxonomy":"post_tag","embeddable":true,"href":"https:\/\/patagoniambiental.com.ar\/info\/wp-json\/wp\/v2\/tags?post=76265"}],"curies":[{"name":"wp","href":"https:\/\/api.w.org\/{rel}","templated":true}]}}