{"id":76292,"date":"2022-09-03T07:00:00","date_gmt":"2022-09-03T10:00:00","guid":{"rendered":"http:\/\/patagoniambiental.com.ar\/info\/?p=76292"},"modified":"2022-09-05T00:25:42","modified_gmt":"2022-09-05T03:25:42","slug":"la-secretaria-de-recursos-hidricos-incorporo-pasantes-de-la-unlpam","status":"publish","type":"post","link":"https:\/\/patagoniambiental.com.ar\/info\/la-secretaria-de-recursos-hidricos-incorporo-pasantes-de-la-unlpam\/","title":{"rendered":"La secretaria de Recursos H\u00eddricos incorpor\u00f3 pasantes de la UNLPam"},"content":{"rendered":"\n<!--more-->\n\n\n\n<p><strong>El secretario de Recursos H\u00eddricos, N\u00e9stor Lastiri; la directora de Investigaci\u00f3n H\u00eddrica, Pamela Pratts; el delegado ante Coirco, Juan Greco; y el director de Pol\u00edticas H\u00eddricas, Gast\u00f3n Buss, le dieron la bienvenida a los y las estudiantes de la Universidad Nacional de La Pampa (UNLPam), quienes ser\u00e1n pasantes en la Secretar\u00eda de Recursos H\u00eddricos.&nbsp;<\/strong><\/p>\n\n\n\n<p>Ignacio Alaniz, estudiante de ingenier\u00eda en Recursos Naturales y Medio Ambiente; y Abigail Arg\u00fcello, estudiante de la licenciatura en Geolog\u00eda; son los pasantes que se sumaron en esta etapa al equipo de trabajo de la Secretar\u00eda.<\/p>\n\n\n\n<figure class=\"wp-block-image\"><a href=\"https:\/\/radiodon.com.ar\/2022\/09\/03\/la-secretaria-de-recursos-hidricos-incorporo-pasantes-de-la-unlpam\/#\"><img decoding=\"async\" src=\"https:\/\/radiodon.com.ar\/wp-content\/uploads\/2020\/11\/radiodon.jpg\" alt=\"\"\/><\/a><\/figure>\n\n\n\n<p>Lastiri fue el encargado de darles la bienvenida en forma oficial y en su alocuci\u00f3n destac\u00f3 la importancia de que formen parte de la Secretar\u00eda de Recursos H\u00eddricos.<ins>https:\/\/googleads.g.doubleclick.net\/pagead\/ads?client=ca-pub-5687724411061918&amp;output=html&amp;h=280&amp;slotname=6161082461&amp;adk=4163706247&amp;adf=360047129&amp;pi=t.ma~as.6161082461&amp;w=798&amp;fwrn=4&amp;fwrnh=100&amp;lmt=1662348204&amp;rafmt=1&amp;psa=0&amp;format=798&#215;280&amp;url=https%3A%2F%2Fradiodon.com.ar%2F2022%2F09%2F03%2Fla-secretaria-de-recursos-hidricos-incorporo-pasantes-de-la-unlpam%2F&amp;host=ca-host-pub-2644536267352236&amp;fwr=0&amp;fwrattr=true&amp;rpe=1&amp;resp_fmts=3&amp;wgl=1&amp;uach=WyJXaW5kb3dzIiwiMC4xLjAiLCJ4ODYiLCIiLCIxMDUuMC41MTk1LjEwMiIsW10sZmFsc2UsbnVsbCwiNjQiLFtbIkdvb2dsZSBDaHJvbWUiLCIxMDUuMC41MTk1LjEwMiJdLFsiTm90KUE7QnJhbmQiLCI4LjAuMC4wIl0sWyJDaHJvbWl1bSIsIjEwNS4wLjUxOTUuMTAyIl1dLGZhbHNlXQ..&amp;dt=1662348200777&amp;bpp=7&amp;bdt=2539&amp;idt=886&amp;shv=r20220831&amp;mjsv=m202208310101&amp;ptt=9&amp;saldr=aa&amp;abxe=1&amp;cookie=ID%3D48f3033e4a1feb23-229c1914e67d00d6%3AT%3D1662348202%3ART%3D1662348202%3AS%3DALNI_MYQpZGO-SOP814Z72EEVXyotA-0Tw&amp;gpic=UID%3D00000936ac1d773a%3AT%3D1662348202%3ART%3D1662348202%3AS%3DALNI_MZemFuC9ctwKSeb_Q-jEmP3Rpq3ng&amp;prev_fmts=0x0%2C1349x568%2C301x250&amp;nras=2&amp;correlator=3295347443332&amp;frm=20&amp;pv=1&amp;ga_vid=1986216888.1662348202&amp;ga_sid=1662348202&amp;ga_hid=1650991461&amp;ga_fc=1&amp;u_tz=-180&amp;u_his=1&amp;u_h=768&amp;u_w=1366&amp;u_ah=728&amp;u_aw=1366&amp;u_cd=24&amp;u_sd=1&amp;dmc=8&amp;adx=115&amp;ady=1817&amp;biw=1349&amp;bih=568&amp;scr_x=0&amp;scr_y=0&amp;eid=44759876%2C44759927%2C44759837%2C21066428%2C31069275&amp;oid=2&amp;pvsid=696213188499497&amp;tmod=1015276233&amp;uas=0&amp;nvt=1&amp;ref=https%3A%2F%2Fwww.google.com%2F&amp;eae=0&amp;fc=1920&amp;brdim=0%2C0%2C0%2C0%2C1366%2C0%2C1366%2C728%2C1366%2C568&amp;vis=1&amp;rsz=%7C%7CoEebr%7C&amp;abl=CS&amp;pfx=0&amp;fu=128&amp;bc=31&amp;ifi=2&amp;uci=a!2&amp;btvi=2&amp;fsb=1&amp;xpc=lvwySAQ2Ul&amp;p=https%3A\/\/radiodon.com.ar&amp;dtd=3727<\/ins><\/p>\n\n\n\n<p>El Gobierno de la Provincia firm\u00f3 el Decreto que autoriza el llamado a licitaci\u00f3n de la obra de \u201cRenovaci\u00f3n de Agua Potable de Arata\u201d. La misma se realizar\u00e1 el 28 de septiembre con un presupuesto oficial de $ 159.825.182 y un plazo de trabajos de 300 d\u00edas.<\/p>\n\n\n\n<p>Fuente: https:\/\/radiodon.com.ar\/2022\/09\/03\/la-secretaria-de-recursos-hidricos-incorporo-pasantes-de-la-unlpam\/<\/p>\n","protected":false},"excerpt":{"rendered":"","protected":false},"author":6,"featured_media":76293,"comment_status":"open","ping_status":"open","sticky":false,"template":"","format":"standard","meta":{"site-sidebar-layout":"default","site-content-layout":"","ast-site-content-layout":"default","site-content-style":"default","site-sidebar-style":"default","ast-global-header-display":"","ast-banner-title-visibility":"","ast-main-header-display":"","ast-hfb-above-header-display":"","ast-hfb-below-header-display":"","ast-hfb-mobile-header-display":"","site-post-title":"","ast-breadcrumbs-content":"","ast-featured-img":"","footer-sml-layout":"","ast-disable-related-posts":"","theme-transparent-header-meta":"","adv-header-id-meta":"","stick-header-meta":"","header-above-stick-meta":"","header-main-stick-meta":"","header-below-stick-meta":"","astra-migrate-meta-layouts":"default","ast-page-background-enabled":"default","ast-page-background-meta":{"desktop":{"background-color":"var(--ast-global-color-5)","background-image":"","background-repeat":"repeat","background-position":"center center","background-size":"auto","background-attachment":"scroll","background-type":"","background-media":"","overlay-type":"","overlay-color":"","overlay-opacity":"","overlay-gradient":""},"tablet":{"background-color":"","background-image":"","background-repeat":"repeat","background-position":"center center","background-size":"auto","background-attachment":"scroll","background-type":"","background-media":"","overlay-type":"","overlay-color":"","overlay-opacity":"","overlay-gradient":""},"mobile":{"background-color":"","background-image":"","background-repeat":"repeat","background-position":"center center","background-size":"auto","background-attachment":"scroll","background-type":"","background-media":"","overlay-type":"","overlay-color":"","overlay-opacity":"","overlay-gradient":""}},"ast-content-background-meta":{"desktop":{"background-color":"var(--ast-global-color-4)","background-image":"","background-repeat":"repeat","background-position":"center center","background-size":"auto","background-attachment":"scroll","background-type":"","background-media":"","overlay-type":"","overlay-color":"","overlay-opacity":"","overlay-gradient":""},"tablet":{"background-color":"var(--ast-global-color-4)","background-image":"","background-repeat":"repeat","background-position":"center center","background-size":"auto","background-attachment":"scroll","background-type":"","background-media":"","overlay-type":"","overlay-color":"","overlay-opacity":"","overlay-gradient":""},"mobile":{"background-color":"var(--ast-global-color-4)","background-image":"","background-repeat":"repeat","background-position":"center center","background-size":"auto","background-attachment":"scroll","background-type":"","background-media":"","overlay-type":"","overlay-color":"","overlay-opacity":"","overlay-gradient":""}},"footnotes":""},"categories":[11,59,1,13,10],"tags":[],"class_list":["post-76292","post","type-post","status-publish","format-standard","has-post-thumbnail","hentry","category-boletin","category-la-pampa","category-noticias","category-provinciales","category-rotador"],"yoast_head":"<!-- This site is optimized with the Yoast SEO Premium plugin v23.0 (Yoast SEO v27.4) - https:\/\/yoast.com\/product\/yoast-seo-premium-wordpress\/ -->\n<title>La secretaria de Recursos H\u00eddricos incorpor\u00f3 pasantes de la UNLPam<\/title>\n<meta name=\"robots\" content=\"index, follow, max-snippet:-1, max-image-preview:large, max-video-preview:-1\" \/>\n<link rel=\"canonical\" href=\"https:\/\/patagoniambiental.com.ar\/info\/la-secretaria-de-recursos-hidricos-incorporo-pasantes-de-la-unlpam\/\" \/>\n<meta property=\"og:locale\" content=\"es_ES\" \/>\n<meta property=\"og:type\" content=\"article\" \/>\n<meta property=\"og:title\" content=\"La secretaria de Recursos H\u00eddricos incorpor\u00f3 pasantes de la UNLPam\" \/>\n<meta property=\"og:url\" content=\"https:\/\/patagoniambiental.com.ar\/info\/la-secretaria-de-recursos-hidricos-incorporo-pasantes-de-la-unlpam\/\" \/>\n<meta property=\"og:site_name\" content=\"Patagonia Ambiental\" \/>\n<meta property=\"article:publisher\" content=\"https:\/\/www.facebook.com\/patagonia.ambiental\" \/>\n<meta property=\"article:published_time\" content=\"2022-09-03T10:00:00+00:00\" \/>\n<meta property=\"article:modified_time\" content=\"2022-09-05T03:25:42+00:00\" \/>\n<meta property=\"og:image\" content=\"https:\/\/patagoniambiental.com.ar\/info\/wp-content\/uploads\/2022\/09\/Sin-titulo.png\" \/>\n\t<meta property=\"og:image:width\" content=\"784\" \/>\n\t<meta property=\"og:image:height\" content=\"374\" \/>\n\t<meta property=\"og:image:type\" content=\"image\/png\" \/>\n<meta name=\"author\" content=\"BRAIAN ESTEVEZ\" \/>\n<meta name=\"twitter:card\" content=\"summary_large_image\" \/>\n<meta name=\"twitter:creator\" content=\"@PatAmb\" \/>\n<meta name=\"twitter:site\" content=\"@PatAmb\" \/>\n<script type=\"application\/ld+json\" class=\"yoast-schema-graph\">{\"@context\":\"https:\\\/\\\/schema.org\",\"@graph\":[{\"@type\":\"Article\",\"@id\":\"https:\\\/\\\/patagoniambiental.com.ar\\\/info\\\/la-secretaria-de-recursos-hidricos-incorporo-pasantes-de-la-unlpam\\\/#article\",\"isPartOf\":{\"@id\":\"https:\\\/\\\/patagoniambiental.com.ar\\\/info\\\/la-secretaria-de-recursos-hidricos-incorporo-pasantes-de-la-unlpam\\\/\"},\"author\":{\"name\":\"BRAIAN ESTEVEZ\",\"@id\":\"https:\\\/\\\/patagoniambiental.com.ar\\\/info\\\/#\\\/schema\\\/person\\\/e5af09d700b2e82cb10c6b8800e0c691\"},\"headline\":\"La secretaria de Recursos H\u00eddricos incorpor\u00f3 pasantes de la UNLPam\",\"datePublished\":\"2022-09-03T10:00:00+00:00\",\"dateModified\":\"2022-09-05T03:25:42+00:00\",\"mainEntityOfPage\":{\"@id\":\"https:\\\/\\\/patagoniambiental.com.ar\\\/info\\\/la-secretaria-de-recursos-hidricos-incorporo-pasantes-de-la-unlpam\\\/\"},\"wordCount\":498,\"commentCount\":0,\"publisher\":{\"@id\":\"https:\\\/\\\/patagoniambiental.com.ar\\\/info\\\/#organization\"},\"image\":{\"@id\":\"https:\\\/\\\/patagoniambiental.com.ar\\\/info\\\/la-secretaria-de-recursos-hidricos-incorporo-pasantes-de-la-unlpam\\\/#primaryimage\"},\"thumbnailUrl\":\"https:\\\/\\\/patagoniambiental.com.ar\\\/info\\\/wp-content\\\/uploads\\\/2022\\\/09\\\/Sin-titulo.png\",\"articleSection\":[\"Bolet\u00edn\",\"La Pampa\",\"Noticias\",\"Provinciales\",\"Rotador\"],\"inLanguage\":\"es\",\"potentialAction\":[{\"@type\":\"CommentAction\",\"name\":\"Comment\",\"target\":[\"https:\\\/\\\/patagoniambiental.com.ar\\\/info\\\/la-secretaria-de-recursos-hidricos-incorporo-pasantes-de-la-unlpam\\\/#respond\"]}]},{\"@type\":\"WebPage\",\"@id\":\"https:\\\/\\\/patagoniambiental.com.ar\\\/info\\\/la-secretaria-de-recursos-hidricos-incorporo-pasantes-de-la-unlpam\\\/\",\"url\":\"https:\\\/\\\/patagoniambiental.com.ar\\\/info\\\/la-secretaria-de-recursos-hidricos-incorporo-pasantes-de-la-unlpam\\\/\",\"name\":\"La secretaria de Recursos H\u00eddricos incorpor\u00f3 pasantes de la UNLPam\",\"isPartOf\":{\"@id\":\"https:\\\/\\\/patagoniambiental.com.ar\\\/info\\\/#website\"},\"primaryImageOfPage\":{\"@id\":\"https:\\\/\\\/patagoniambiental.com.ar\\\/info\\\/la-secretaria-de-recursos-hidricos-incorporo-pasantes-de-la-unlpam\\\/#primaryimage\"},\"image\":{\"@id\":\"https:\\\/\\\/patagoniambiental.com.ar\\\/info\\\/la-secretaria-de-recursos-hidricos-incorporo-pasantes-de-la-unlpam\\\/#primaryimage\"},\"thumbnailUrl\":\"https:\\\/\\\/patagoniambiental.com.ar\\\/info\\\/wp-content\\\/uploads\\\/2022\\\/09\\\/Sin-titulo.png\",\"datePublished\":\"2022-09-03T10:00:00+00:00\",\"dateModified\":\"2022-09-05T03:25:42+00:00\",\"breadcrumb\":{\"@id\":\"https:\\\/\\\/patagoniambiental.com.ar\\\/info\\\/la-secretaria-de-recursos-hidricos-incorporo-pasantes-de-la-unlpam\\\/#breadcrumb\"},\"inLanguage\":\"es\",\"potentialAction\":[{\"@type\":\"ReadAction\",\"target\":[\"https:\\\/\\\/patagoniambiental.com.ar\\\/info\\\/la-secretaria-de-recursos-hidricos-incorporo-pasantes-de-la-unlpam\\\/\"]}]},{\"@type\":\"ImageObject\",\"inLanguage\":\"es\",\"@id\":\"https:\\\/\\\/patagoniambiental.com.ar\\\/info\\\/la-secretaria-de-recursos-hidricos-incorporo-pasantes-de-la-unlpam\\\/#primaryimage\",\"url\":\"https:\\\/\\\/patagoniambiental.com.ar\\\/info\\\/wp-content\\\/uploads\\\/2022\\\/09\\\/Sin-titulo.png\",\"contentUrl\":\"https:\\\/\\\/patagoniambiental.com.ar\\\/info\\\/wp-content\\\/uploads\\\/2022\\\/09\\\/Sin-titulo.png\",\"width\":784,\"height\":374},{\"@type\":\"BreadcrumbList\",\"@id\":\"https:\\\/\\\/patagoniambiental.com.ar\\\/info\\\/la-secretaria-de-recursos-hidricos-incorporo-pasantes-de-la-unlpam\\\/#breadcrumb\",\"itemListElement\":[{\"@type\":\"ListItem\",\"position\":1,\"name\":\"Inicio\",\"item\":\"https:\\\/\\\/patagoniambiental.com.ar\\\/info\\\/\"},{\"@type\":\"ListItem\",\"position\":2,\"name\":\"La secretaria de Recursos H\u00eddricos incorpor\u00f3 pasantes de la UNLPam\"}]},{\"@type\":\"WebSite\",\"@id\":\"https:\\\/\\\/patagoniambiental.com.ar\\\/info\\\/#website\",\"url\":\"https:\\\/\\\/patagoniambiental.com.ar\\\/info\\\/\",\"name\":\"Patagonia Ambiental\",\"description\":\"Monitoreo y an\u00e1lisis de la situaci\u00f3n geopol\u00edtica en el mundo y su implicancia en la Patagonia\",\"publisher\":{\"@id\":\"https:\\\/\\\/patagoniambiental.com.ar\\\/info\\\/#organization\"},\"potentialAction\":[{\"@type\":\"SearchAction\",\"target\":{\"@type\":\"EntryPoint\",\"urlTemplate\":\"https:\\\/\\\/patagoniambiental.com.ar\\\/info\\\/?s={search_term_string}\"},\"query-input\":{\"@type\":\"PropertyValueSpecification\",\"valueRequired\":true,\"valueName\":\"search_term_string\"}}],\"inLanguage\":\"es\"},{\"@type\":\"Organization\",\"@id\":\"https:\\\/\\\/patagoniambiental.com.ar\\\/info\\\/#organization\",\"name\":\"Patagonia Ambiental\",\"url\":\"https:\\\/\\\/patagoniambiental.com.ar\\\/info\\\/\",\"logo\":{\"@type\":\"ImageObject\",\"inLanguage\":\"es\",\"@id\":\"https:\\\/\\\/patagoniambiental.com.ar\\\/info\\\/#\\\/schema\\\/logo\\\/image\\\/\",\"url\":\"https:\\\/\\\/patagoniambiental.com.ar\\\/info\\\/wp-content\\\/uploads\\\/2025\\\/05\\\/LOGO-PATAGONIA-AMBIENTAL.png\",\"contentUrl\":\"https:\\\/\\\/patagoniambiental.com.ar\\\/info\\\/wp-content\\\/uploads\\\/2025\\\/05\\\/LOGO-PATAGONIA-AMBIENTAL.png\",\"width\":433,\"height\":250,\"caption\":\"Patagonia Ambiental\"},\"image\":{\"@id\":\"https:\\\/\\\/patagoniambiental.com.ar\\\/info\\\/#\\\/schema\\\/logo\\\/image\\\/\"},\"sameAs\":[\"https:\\\/\\\/www.facebook.com\\\/patagonia.ambiental\",\"https:\\\/\\\/x.com\\\/PatAmb\"]},{\"@type\":\"Person\",\"@id\":\"https:\\\/\\\/patagoniambiental.com.ar\\\/info\\\/#\\\/schema\\\/person\\\/e5af09d700b2e82cb10c6b8800e0c691\",\"name\":\"BRAIAN ESTEVEZ\",\"sameAs\":[\"http:\\\/\\\/www.patagoniambiental.com.ar\"]}]}<\/script>\n<!-- \/ Yoast SEO Premium plugin. -->","yoast_head_json":{"title":"La secretaria de Recursos H\u00eddricos incorpor\u00f3 pasantes de la UNLPam","robots":{"index":"index","follow":"follow","max-snippet":"max-snippet:-1","max-image-preview":"max-image-preview:large","max-video-preview":"max-video-preview:-1"},"canonical":"https:\/\/patagoniambiental.com.ar\/info\/la-secretaria-de-recursos-hidricos-incorporo-pasantes-de-la-unlpam\/","og_locale":"es_ES","og_type":"article","og_title":"La secretaria de Recursos H\u00eddricos incorpor\u00f3 pasantes de la UNLPam","og_url":"https:\/\/patagoniambiental.com.ar\/info\/la-secretaria-de-recursos-hidricos-incorporo-pasantes-de-la-unlpam\/","og_site_name":"Patagonia Ambiental","article_publisher":"https:\/\/www.facebook.com\/patagonia.ambiental","article_published_time":"2022-09-03T10:00:00+00:00","article_modified_time":"2022-09-05T03:25:42+00:00","og_image":[{"width":784,"height":374,"url":"https:\/\/patagoniambiental.com.ar\/info\/wp-content\/uploads\/2022\/09\/Sin-titulo.png","type":"image\/png"}],"author":"BRAIAN ESTEVEZ","twitter_card":"summary_large_image","twitter_creator":"@PatAmb","twitter_site":"@PatAmb","schema":{"@context":"https:\/\/schema.org","@graph":[{"@type":"Article","@id":"https:\/\/patagoniambiental.com.ar\/info\/la-secretaria-de-recursos-hidricos-incorporo-pasantes-de-la-unlpam\/#article","isPartOf":{"@id":"https:\/\/patagoniambiental.com.ar\/info\/la-secretaria-de-recursos-hidricos-incorporo-pasantes-de-la-unlpam\/"},"author":{"name":"BRAIAN ESTEVEZ","@id":"https:\/\/patagoniambiental.com.ar\/info\/#\/schema\/person\/e5af09d700b2e82cb10c6b8800e0c691"},"headline":"La secretaria de Recursos H\u00eddricos incorpor\u00f3 pasantes de la UNLPam","datePublished":"2022-09-03T10:00:00+00:00","dateModified":"2022-09-05T03:25:42+00:00","mainEntityOfPage":{"@id":"https:\/\/patagoniambiental.com.ar\/info\/la-secretaria-de-recursos-hidricos-incorporo-pasantes-de-la-unlpam\/"},"wordCount":498,"commentCount":0,"publisher":{"@id":"https:\/\/patagoniambiental.com.ar\/info\/#organization"},"image":{"@id":"https:\/\/patagoniambiental.com.ar\/info\/la-secretaria-de-recursos-hidricos-incorporo-pasantes-de-la-unlpam\/#primaryimage"},"thumbnailUrl":"https:\/\/patagoniambiental.com.ar\/info\/wp-content\/uploads\/2022\/09\/Sin-titulo.png","articleSection":["Bolet\u00edn","La Pampa","Noticias","Provinciales","Rotador"],"inLanguage":"es","potentialAction":[{"@type":"CommentAction","name":"Comment","target":["https:\/\/patagoniambiental.com.ar\/info\/la-secretaria-de-recursos-hidricos-incorporo-pasantes-de-la-unlpam\/#respond"]}]},{"@type":"WebPage","@id":"https:\/\/patagoniambiental.com.ar\/info\/la-secretaria-de-recursos-hidricos-incorporo-pasantes-de-la-unlpam\/","url":"https:\/\/patagoniambiental.com.ar\/info\/la-secretaria-de-recursos-hidricos-incorporo-pasantes-de-la-unlpam\/","name":"La secretaria de Recursos H\u00eddricos incorpor\u00f3 pasantes de la UNLPam","isPartOf":{"@id":"https:\/\/patagoniambiental.com.ar\/info\/#website"},"primaryImageOfPage":{"@id":"https:\/\/patagoniambiental.com.ar\/info\/la-secretaria-de-recursos-hidricos-incorporo-pasantes-de-la-unlpam\/#primaryimage"},"image":{"@id":"https:\/\/patagoniambiental.com.ar\/info\/la-secretaria-de-recursos-hidricos-incorporo-pasantes-de-la-unlpam\/#primaryimage"},"thumbnailUrl":"https:\/\/patagoniambiental.com.ar\/info\/wp-content\/uploads\/2022\/09\/Sin-titulo.png","datePublished":"2022-09-03T10:00:00+00:00","dateModified":"2022-09-05T03:25:42+00:00","breadcrumb":{"@id":"https:\/\/patagoniambiental.com.ar\/info\/la-secretaria-de-recursos-hidricos-incorporo-pasantes-de-la-unlpam\/#breadcrumb"},"inLanguage":"es","potentialAction":[{"@type":"ReadAction","target":["https:\/\/patagoniambiental.com.ar\/info\/la-secretaria-de-recursos-hidricos-incorporo-pasantes-de-la-unlpam\/"]}]},{"@type":"ImageObject","inLanguage":"es","@id":"https:\/\/patagoniambiental.com.ar\/info\/la-secretaria-de-recursos-hidricos-incorporo-pasantes-de-la-unlpam\/#primaryimage","url":"https:\/\/patagoniambiental.com.ar\/info\/wp-content\/uploads\/2022\/09\/Sin-titulo.png","contentUrl":"https:\/\/patagoniambiental.com.ar\/info\/wp-content\/uploads\/2022\/09\/Sin-titulo.png","width":784,"height":374},{"@type":"BreadcrumbList","@id":"https:\/\/patagoniambiental.com.ar\/info\/la-secretaria-de-recursos-hidricos-incorporo-pasantes-de-la-unlpam\/#breadcrumb","itemListElement":[{"@type":"ListItem","position":1,"name":"Inicio","item":"https:\/\/patagoniambiental.com.ar\/info\/"},{"@type":"ListItem","position":2,"name":"La secretaria de Recursos H\u00eddricos incorpor\u00f3 pasantes de la UNLPam"}]},{"@type":"WebSite","@id":"https:\/\/patagoniambiental.com.ar\/info\/#website","url":"https:\/\/patagoniambiental.com.ar\/info\/","name":"Patagonia Ambiental","description":"Monitoreo y an\u00e1lisis de la situaci\u00f3n geopol\u00edtica en el mundo y su implicancia en la Patagonia","publisher":{"@id":"https:\/\/patagoniambiental.com.ar\/info\/#organization"},"potentialAction":[{"@type":"SearchAction","target":{"@type":"EntryPoint","urlTemplate":"https:\/\/patagoniambiental.com.ar\/info\/?s={search_term_string}"},"query-input":{"@type":"PropertyValueSpecification","valueRequired":true,"valueName":"search_term_string"}}],"inLanguage":"es"},{"@type":"Organization","@id":"https:\/\/patagoniambiental.com.ar\/info\/#organization","name":"Patagonia Ambiental","url":"https:\/\/patagoniambiental.com.ar\/info\/","logo":{"@type":"ImageObject","inLanguage":"es","@id":"https:\/\/patagoniambiental.com.ar\/info\/#\/schema\/logo\/image\/","url":"https:\/\/patagoniambiental.com.ar\/info\/wp-content\/uploads\/2025\/05\/LOGO-PATAGONIA-AMBIENTAL.png","contentUrl":"https:\/\/patagoniambiental.com.ar\/info\/wp-content\/uploads\/2025\/05\/LOGO-PATAGONIA-AMBIENTAL.png","width":433,"height":250,"caption":"Patagonia Ambiental"},"image":{"@id":"https:\/\/patagoniambiental.com.ar\/info\/#\/schema\/logo\/image\/"},"sameAs":["https:\/\/www.facebook.com\/patagonia.ambiental","https:\/\/x.com\/PatAmb"]},{"@type":"Person","@id":"https:\/\/patagoniambiental.com.ar\/info\/#\/schema\/person\/e5af09d700b2e82cb10c6b8800e0c691","name":"BRAIAN ESTEVEZ","sameAs":["http:\/\/www.patagoniambiental.com.ar"]}]}},"_links":{"self":[{"href":"https:\/\/patagoniambiental.com.ar\/info\/wp-json\/wp\/v2\/posts\/76292","targetHints":{"allow":["GET"]}}],"collection":[{"href":"https:\/\/patagoniambiental.com.ar\/info\/wp-json\/wp\/v2\/posts"}],"about":[{"href":"https:\/\/patagoniambiental.com.ar\/info\/wp-json\/wp\/v2\/types\/post"}],"author":[{"embeddable":true,"href":"https:\/\/patagoniambiental.com.ar\/info\/wp-json\/wp\/v2\/users\/6"}],"replies":[{"embeddable":true,"href":"https:\/\/patagoniambiental.com.ar\/info\/wp-json\/wp\/v2\/comments?post=76292"}],"version-history":[{"count":0,"href":"https:\/\/patagoniambiental.com.ar\/info\/wp-json\/wp\/v2\/posts\/76292\/revisions"}],"wp:featuredmedia":[{"embeddable":true,"href":"https:\/\/patagoniambiental.com.ar\/info\/wp-json\/wp\/v2\/media\/76293"}],"wp:attachment":[{"href":"https:\/\/patagoniambiental.com.ar\/info\/wp-json\/wp\/v2\/media?parent=76292"}],"wp:term":[{"taxonomy":"category","embeddable":true,"href":"https:\/\/patagoniambiental.com.ar\/info\/wp-json\/wp\/v2\/categories?post=76292"},{"taxonomy":"post_tag","embeddable":true,"href":"https:\/\/patagoniambiental.com.ar\/info\/wp-json\/wp\/v2\/tags?post=76292"}],"curies":[{"name":"wp","href":"https:\/\/api.w.org\/{rel}","templated":true}]}}