{"id":76307,"date":"2022-09-08T13:19:01","date_gmt":"2022-09-08T16:19:01","guid":{"rendered":"http:\/\/patagoniambiental.com.ar\/info\/?p=76307"},"modified":"2022-09-08T13:19:03","modified_gmt":"2022-09-08T16:19:03","slug":"manzano-amargo-tendra-el-area-protegida-provincial-llao-llao","status":"publish","type":"post","link":"https:\/\/patagoniambiental.com.ar\/info\/manzano-amargo-tendra-el-area-protegida-provincial-llao-llao\/","title":{"rendered":"Manzano Amargo tendr\u00e1 el \u00c1rea Protegida provincial Llao Llao"},"content":{"rendered":"\n<!--more-->\n\n\n\n<p><strong>Adem\u00e1s, se declar\u00f3 a la cascada La Fragua como Patrimonio Tur\u00edstico y Natural.<\/strong><\/p>\n\n\n\n<figure class=\"wp-block-image\"><a href=\"https:\/\/www.minutoneuquen.com\/u\/fotografias\/fotosnoticias\/2022\/9\/7\/566827.jpeg\"><img decoding=\"async\" src=\"https:\/\/www.minutoneuquen.com\/u\/fotografias\/m\/2022\/9\/7\/f800x450-566827_618273_5050.jpeg\" alt=\"Manzano Amargo tendr\u00e1 el \u00c1rea Protegida provincial Llao Llao\"\/><\/a><figcaption>El bosque Llao Llao y la cascada La Fragua en Manzano Amargo. Fuente: (Facebook).<\/figcaption><\/figure>\n\n\n\n<p><a href=\"https:\/\/www.minutoneuquen.com\/neuquen\/2022\/9\/8\/manzano-amargo-tendra-el-area-protegida-provincial-llao-llao-319866.html\">Neuqu\u00e9n<\/a><\/p>\n\n\n\n<p><a href=\"https:\/\/www.minutoneuquen.com\/autor\/maria-hernandez.html\">Por Mar\u00eda Hern\u00e1ndez<\/a> jueves, 8 de septiembre de 2022 \u00b7 07:15<\/p>\n\n\n\n<p>Los diputados Andr\u00e9s Peressini y Mariano Mansilla acordaron la creaci\u00f3n del \u00c1rea Natural Protegida (ANP) <strong>Llao Llao<\/strong>en el norte de Neuqu\u00e9n, en Manzano Amargo.<\/p>\n\n\n\n<p>Esto se concret\u00f3 en la reuni\u00f3n de la comisi\u00f3n de Medio Ambiente de la Legislatura de Neuqu\u00e9n, donde se manifest\u00f3 la necesidad de crear el ANP de <strong>Llao Llao <\/strong>con una especial <a href=\"https:\/\/www.minutoneuquen.com\/neuquen\/2022\/8\/11\/avanza-la-causa-por-la-contaminacion-del-arroyo-las-piedritas-318361.html\">protecci\u00f3n<\/a>&nbsp;en lo referido a su cuidado medio ambiental. Tambi\u00e9n se declar\u00f3 a la cascada La Fragua como patrimonio tur\u00edstico y natural.<\/p>\n\n\n\n<figure class=\"wp-block-image\"><img decoding=\"async\" src=\"https:\/\/www.minutoneuquen.com\/u\/fotografias\/m\/2022\/9\/7\/f768x1-566828_566955_0.jpeg\" alt=\"\"\/><figcaption>Los diputados Mansilla y Peressini son impulsores de la iniciativa. Fuente: (Prensa Legislatura)<\/figcaption><\/figure>\n\n\n\n<p>\u00abEl <strong>Llao Llao<\/strong> es una formaci\u00f3n boscosa del tipo Nothafagus Antartica y, adem\u00e1s, es un humedal del que surge el cauce del Arroyo que luego genera el salto de La Fragua, de m\u00e1s de 40 metros de altura y que sin dudas es un monumento natural\u00bb, dijo Mansilla.&nbsp;<\/p>\n\n\n\n<p>Peresini destac\u00f3 la importancia de&nbsp;considerar la cascada La Fragua como parte del Patrimonio Tur\u00edstico en el marco de la Ley 3.124.<\/p>\n\n\n\n<figure class=\"wp-block-image\"><img decoding=\"async\" src=\"https:\/\/www.minutoneuquen.com\/u\/fotografias\/m\/2022\/9\/7\/f768x1-566829_566956_173.jpg\" alt=\"\"\/><figcaption>Cascada La Fragua. Fuente: (Twitter)<\/figcaption><\/figure>\n\n\n\n<p>\u00abPara nuestro norte, la creaci\u00f3n del \u00e1rea ser\u00eda un reconocimiento y, en buena medida, es parte de la reparaci\u00f3n hist\u00f3rica que siempre propusimos\u00bb, dijeron los diputados Peressini y Mansilla quienes tambi\u00e9n destacaron la tarea de la comisionada Malvina Anti\u00f1ir, quien impulsa la propuesta.&nbsp;<\/p>\n\n\n\n<h3 class=\"wp-block-heading\">Sesi\u00f3n en Manzano Amargo<\/h3>\n\n\n\n<p>El <a href=\"https:\/\/twitter.com\/minturismo\/status\/1302313636145369096\">bosque<\/a>&nbsp;Llao Llao es el \u00fanico en su tipo que se puede encontrar desde Ushuaia hasta el norte del Neuqu\u00e9n, donde tiene su l\u00edmite septentrional. Por&nbsp;propuesta de las autoridades de la comisi\u00f3n se realizar\u00e1 una sesi\u00f3n especial en Manzano Amargo con el objetivo de acercar a sus protagonistas la iniciativa y saber su voluntad al respecto.<\/p>\n\n\n\n<p>\u00abNo solo queremos proteger este espacio maravilloso de nuestro Alto Neuqu\u00e9n, sino que tenemos como norte, potenciar el valor Tur\u00edstico que tienen toda la zona norte y especialmente nuestra querida Manzano Amargo\u00bb, agreg\u00f3 el diputado.\u00a0<\/p>\n\n\n\n<p>Fuente: https:\/\/www.minutoneuquen.com\/neuquen\/2022\/9\/8\/manzano-amargo-tendra-el-area-protegida-provincial-llao-llao-319866.html<\/p>\n","protected":false},"excerpt":{"rendered":"","protected":false},"author":6,"featured_media":76308,"comment_status":"open","ping_status":"open","sticky":false,"template":"","format":"standard","meta":{"site-sidebar-layout":"default","site-content-layout":"","ast-site-content-layout":"default","site-content-style":"default","site-sidebar-style":"default","ast-global-header-display":"","ast-banner-title-visibility":"","ast-main-header-display":"","ast-hfb-above-header-display":"","ast-hfb-below-header-display":"","ast-hfb-mobile-header-display":"","site-post-title":"","ast-breadcrumbs-content":"","ast-featured-img":"","footer-sml-layout":"","ast-disable-related-posts":"","theme-transparent-header-meta":"","adv-header-id-meta":"","stick-header-meta":"","header-above-stick-meta":"","header-main-stick-meta":"","header-below-stick-meta":"","astra-migrate-meta-layouts":"default","ast-page-background-enabled":"default","ast-page-background-meta":{"desktop":{"background-color":"var(--ast-global-color-5)","background-image":"","background-repeat":"repeat","background-position":"center center","background-size":"auto","background-attachment":"scroll","background-type":"","background-media":"","overlay-type":"","overlay-color":"","overlay-opacity":"","overlay-gradient":""},"tablet":{"background-color":"","background-image":"","background-repeat":"repeat","background-position":"center center","background-size":"auto","background-attachment":"scroll","background-type":"","background-media":"","overlay-type":"","overlay-color":"","overlay-opacity":"","overlay-gradient":""},"mobile":{"background-color":"","background-image":"","background-repeat":"repeat","background-position":"center center","background-size":"auto","background-attachment":"scroll","background-type":"","background-media":"","overlay-type":"","overlay-color":"","overlay-opacity":"","overlay-gradient":""}},"ast-content-background-meta":{"desktop":{"background-color":"var(--ast-global-color-4)","background-image":"","background-repeat":"repeat","background-position":"center center","background-size":"auto","background-attachment":"scroll","background-type":"","background-media":"","overlay-type":"","overlay-color":"","overlay-opacity":"","overlay-gradient":""},"tablet":{"background-color":"var(--ast-global-color-4)","background-image":"","background-repeat":"repeat","background-position":"center center","background-size":"auto","background-attachment":"scroll","background-type":"","background-media":"","overlay-type":"","overlay-color":"","overlay-opacity":"","overlay-gradient":""},"mobile":{"background-color":"var(--ast-global-color-4)","background-image":"","background-repeat":"repeat","background-position":"center center","background-size":"auto","background-attachment":"scroll","background-type":"","background-media":"","overlay-type":"","overlay-color":"","overlay-opacity":"","overlay-gradient":""}},"footnotes":""},"categories":[11,18,1,13],"tags":[],"class_list":["post-76307","post","type-post","status-publish","format-standard","has-post-thumbnail","hentry","category-boletin","category-neuquen","category-noticias","category-provinciales"],"yoast_head":"<!-- This site is optimized with the Yoast SEO Premium plugin v23.0 (Yoast SEO v27.4) - https:\/\/yoast.com\/product\/yoast-seo-premium-wordpress\/ -->\n<title>Manzano Amargo tendr\u00e1 el \u00c1rea Protegida provincial Llao Llao<\/title>\n<meta name=\"robots\" content=\"index, follow, max-snippet:-1, max-image-preview:large, max-video-preview:-1\" \/>\n<link rel=\"canonical\" href=\"https:\/\/patagoniambiental.com.ar\/info\/manzano-amargo-tendra-el-area-protegida-provincial-llao-llao\/\" \/>\n<meta property=\"og:locale\" content=\"es_ES\" \/>\n<meta property=\"og:type\" content=\"article\" \/>\n<meta property=\"og:title\" content=\"Manzano Amargo tendr\u00e1 el \u00c1rea Protegida provincial Llao Llao\" \/>\n<meta property=\"og:url\" content=\"https:\/\/patagoniambiental.com.ar\/info\/manzano-amargo-tendra-el-area-protegida-provincial-llao-llao\/\" \/>\n<meta property=\"og:site_name\" content=\"Patagonia Ambiental\" \/>\n<meta property=\"article:publisher\" content=\"https:\/\/www.facebook.com\/patagonia.ambiental\" \/>\n<meta property=\"article:published_time\" content=\"2022-09-08T16:19:01+00:00\" \/>\n<meta property=\"article:modified_time\" content=\"2022-09-08T16:19:03+00:00\" \/>\n<meta property=\"og:image\" content=\"https:\/\/patagoniambiental.com.ar\/info\/wp-content\/uploads\/2022\/09\/1.jpeg\" \/>\n\t<meta property=\"og:image:width\" content=\"800\" \/>\n\t<meta property=\"og:image:height\" content=\"450\" \/>\n\t<meta property=\"og:image:type\" content=\"image\/jpeg\" \/>\n<meta name=\"author\" content=\"BRAIAN ESTEVEZ\" \/>\n<meta name=\"twitter:card\" content=\"summary_large_image\" \/>\n<meta name=\"twitter:creator\" content=\"@PatAmb\" \/>\n<meta name=\"twitter:site\" content=\"@PatAmb\" \/>\n<script type=\"application\/ld+json\" class=\"yoast-schema-graph\">{\"@context\":\"https:\\\/\\\/schema.org\",\"@graph\":[{\"@type\":\"Article\",\"@id\":\"https:\\\/\\\/patagoniambiental.com.ar\\\/info\\\/manzano-amargo-tendra-el-area-protegida-provincial-llao-llao\\\/#article\",\"isPartOf\":{\"@id\":\"https:\\\/\\\/patagoniambiental.com.ar\\\/info\\\/manzano-amargo-tendra-el-area-protegida-provincial-llao-llao\\\/\"},\"author\":{\"name\":\"BRAIAN ESTEVEZ\",\"@id\":\"https:\\\/\\\/patagoniambiental.com.ar\\\/info\\\/#\\\/schema\\\/person\\\/e5af09d700b2e82cb10c6b8800e0c691\"},\"headline\":\"Manzano Amargo tendr\u00e1 el \u00c1rea Protegida provincial Llao Llao\",\"datePublished\":\"2022-09-08T16:19:01+00:00\",\"dateModified\":\"2022-09-08T16:19:03+00:00\",\"mainEntityOfPage\":{\"@id\":\"https:\\\/\\\/patagoniambiental.com.ar\\\/info\\\/manzano-amargo-tendra-el-area-protegida-provincial-llao-llao\\\/\"},\"wordCount\":393,\"commentCount\":0,\"publisher\":{\"@id\":\"https:\\\/\\\/patagoniambiental.com.ar\\\/info\\\/#organization\"},\"image\":{\"@id\":\"https:\\\/\\\/patagoniambiental.com.ar\\\/info\\\/manzano-amargo-tendra-el-area-protegida-provincial-llao-llao\\\/#primaryimage\"},\"thumbnailUrl\":\"https:\\\/\\\/patagoniambiental.com.ar\\\/info\\\/wp-content\\\/uploads\\\/2022\\\/09\\\/1.jpeg\",\"articleSection\":[\"Bolet\u00edn\",\"Neuqu\u00e9n\",\"Noticias\",\"Provinciales\"],\"inLanguage\":\"es\",\"potentialAction\":[{\"@type\":\"CommentAction\",\"name\":\"Comment\",\"target\":[\"https:\\\/\\\/patagoniambiental.com.ar\\\/info\\\/manzano-amargo-tendra-el-area-protegida-provincial-llao-llao\\\/#respond\"]}]},{\"@type\":\"WebPage\",\"@id\":\"https:\\\/\\\/patagoniambiental.com.ar\\\/info\\\/manzano-amargo-tendra-el-area-protegida-provincial-llao-llao\\\/\",\"url\":\"https:\\\/\\\/patagoniambiental.com.ar\\\/info\\\/manzano-amargo-tendra-el-area-protegida-provincial-llao-llao\\\/\",\"name\":\"Manzano Amargo tendr\u00e1 el \u00c1rea Protegida provincial Llao Llao\",\"isPartOf\":{\"@id\":\"https:\\\/\\\/patagoniambiental.com.ar\\\/info\\\/#website\"},\"primaryImageOfPage\":{\"@id\":\"https:\\\/\\\/patagoniambiental.com.ar\\\/info\\\/manzano-amargo-tendra-el-area-protegida-provincial-llao-llao\\\/#primaryimage\"},\"image\":{\"@id\":\"https:\\\/\\\/patagoniambiental.com.ar\\\/info\\\/manzano-amargo-tendra-el-area-protegida-provincial-llao-llao\\\/#primaryimage\"},\"thumbnailUrl\":\"https:\\\/\\\/patagoniambiental.com.ar\\\/info\\\/wp-content\\\/uploads\\\/2022\\\/09\\\/1.jpeg\",\"datePublished\":\"2022-09-08T16:19:01+00:00\",\"dateModified\":\"2022-09-08T16:19:03+00:00\",\"breadcrumb\":{\"@id\":\"https:\\\/\\\/patagoniambiental.com.ar\\\/info\\\/manzano-amargo-tendra-el-area-protegida-provincial-llao-llao\\\/#breadcrumb\"},\"inLanguage\":\"es\",\"potentialAction\":[{\"@type\":\"ReadAction\",\"target\":[\"https:\\\/\\\/patagoniambiental.com.ar\\\/info\\\/manzano-amargo-tendra-el-area-protegida-provincial-llao-llao\\\/\"]}]},{\"@type\":\"ImageObject\",\"inLanguage\":\"es\",\"@id\":\"https:\\\/\\\/patagoniambiental.com.ar\\\/info\\\/manzano-amargo-tendra-el-area-protegida-provincial-llao-llao\\\/#primaryimage\",\"url\":\"https:\\\/\\\/patagoniambiental.com.ar\\\/info\\\/wp-content\\\/uploads\\\/2022\\\/09\\\/1.jpeg\",\"contentUrl\":\"https:\\\/\\\/patagoniambiental.com.ar\\\/info\\\/wp-content\\\/uploads\\\/2022\\\/09\\\/1.jpeg\",\"width\":800,\"height\":450},{\"@type\":\"BreadcrumbList\",\"@id\":\"https:\\\/\\\/patagoniambiental.com.ar\\\/info\\\/manzano-amargo-tendra-el-area-protegida-provincial-llao-llao\\\/#breadcrumb\",\"itemListElement\":[{\"@type\":\"ListItem\",\"position\":1,\"name\":\"Inicio\",\"item\":\"https:\\\/\\\/patagoniambiental.com.ar\\\/info\\\/\"},{\"@type\":\"ListItem\",\"position\":2,\"name\":\"Manzano Amargo tendr\u00e1 el \u00c1rea Protegida provincial Llao Llao\"}]},{\"@type\":\"WebSite\",\"@id\":\"https:\\\/\\\/patagoniambiental.com.ar\\\/info\\\/#website\",\"url\":\"https:\\\/\\\/patagoniambiental.com.ar\\\/info\\\/\",\"name\":\"Patagonia Ambiental\",\"description\":\"Monitoreo y an\u00e1lisis de la situaci\u00f3n geopol\u00edtica en el mundo y su implicancia en la Patagonia\",\"publisher\":{\"@id\":\"https:\\\/\\\/patagoniambiental.com.ar\\\/info\\\/#organization\"},\"potentialAction\":[{\"@type\":\"SearchAction\",\"target\":{\"@type\":\"EntryPoint\",\"urlTemplate\":\"https:\\\/\\\/patagoniambiental.com.ar\\\/info\\\/?s={search_term_string}\"},\"query-input\":{\"@type\":\"PropertyValueSpecification\",\"valueRequired\":true,\"valueName\":\"search_term_string\"}}],\"inLanguage\":\"es\"},{\"@type\":\"Organization\",\"@id\":\"https:\\\/\\\/patagoniambiental.com.ar\\\/info\\\/#organization\",\"name\":\"Patagonia Ambiental\",\"url\":\"https:\\\/\\\/patagoniambiental.com.ar\\\/info\\\/\",\"logo\":{\"@type\":\"ImageObject\",\"inLanguage\":\"es\",\"@id\":\"https:\\\/\\\/patagoniambiental.com.ar\\\/info\\\/#\\\/schema\\\/logo\\\/image\\\/\",\"url\":\"https:\\\/\\\/patagoniambiental.com.ar\\\/info\\\/wp-content\\\/uploads\\\/2025\\\/05\\\/LOGO-PATAGONIA-AMBIENTAL.png\",\"contentUrl\":\"https:\\\/\\\/patagoniambiental.com.ar\\\/info\\\/wp-content\\\/uploads\\\/2025\\\/05\\\/LOGO-PATAGONIA-AMBIENTAL.png\",\"width\":433,\"height\":250,\"caption\":\"Patagonia Ambiental\"},\"image\":{\"@id\":\"https:\\\/\\\/patagoniambiental.com.ar\\\/info\\\/#\\\/schema\\\/logo\\\/image\\\/\"},\"sameAs\":[\"https:\\\/\\\/www.facebook.com\\\/patagonia.ambiental\",\"https:\\\/\\\/x.com\\\/PatAmb\"]},{\"@type\":\"Person\",\"@id\":\"https:\\\/\\\/patagoniambiental.com.ar\\\/info\\\/#\\\/schema\\\/person\\\/e5af09d700b2e82cb10c6b8800e0c691\",\"name\":\"BRAIAN ESTEVEZ\",\"sameAs\":[\"http:\\\/\\\/www.patagoniambiental.com.ar\"]}]}<\/script>\n<!-- \/ Yoast SEO Premium plugin. -->","yoast_head_json":{"title":"Manzano Amargo tendr\u00e1 el \u00c1rea Protegida provincial Llao Llao","robots":{"index":"index","follow":"follow","max-snippet":"max-snippet:-1","max-image-preview":"max-image-preview:large","max-video-preview":"max-video-preview:-1"},"canonical":"https:\/\/patagoniambiental.com.ar\/info\/manzano-amargo-tendra-el-area-protegida-provincial-llao-llao\/","og_locale":"es_ES","og_type":"article","og_title":"Manzano Amargo tendr\u00e1 el \u00c1rea Protegida provincial Llao Llao","og_url":"https:\/\/patagoniambiental.com.ar\/info\/manzano-amargo-tendra-el-area-protegida-provincial-llao-llao\/","og_site_name":"Patagonia Ambiental","article_publisher":"https:\/\/www.facebook.com\/patagonia.ambiental","article_published_time":"2022-09-08T16:19:01+00:00","article_modified_time":"2022-09-08T16:19:03+00:00","og_image":[{"width":800,"height":450,"url":"https:\/\/patagoniambiental.com.ar\/info\/wp-content\/uploads\/2022\/09\/1.jpeg","type":"image\/jpeg"}],"author":"BRAIAN ESTEVEZ","twitter_card":"summary_large_image","twitter_creator":"@PatAmb","twitter_site":"@PatAmb","schema":{"@context":"https:\/\/schema.org","@graph":[{"@type":"Article","@id":"https:\/\/patagoniambiental.com.ar\/info\/manzano-amargo-tendra-el-area-protegida-provincial-llao-llao\/#article","isPartOf":{"@id":"https:\/\/patagoniambiental.com.ar\/info\/manzano-amargo-tendra-el-area-protegida-provincial-llao-llao\/"},"author":{"name":"BRAIAN ESTEVEZ","@id":"https:\/\/patagoniambiental.com.ar\/info\/#\/schema\/person\/e5af09d700b2e82cb10c6b8800e0c691"},"headline":"Manzano Amargo tendr\u00e1 el \u00c1rea Protegida provincial Llao Llao","datePublished":"2022-09-08T16:19:01+00:00","dateModified":"2022-09-08T16:19:03+00:00","mainEntityOfPage":{"@id":"https:\/\/patagoniambiental.com.ar\/info\/manzano-amargo-tendra-el-area-protegida-provincial-llao-llao\/"},"wordCount":393,"commentCount":0,"publisher":{"@id":"https:\/\/patagoniambiental.com.ar\/info\/#organization"},"image":{"@id":"https:\/\/patagoniambiental.com.ar\/info\/manzano-amargo-tendra-el-area-protegida-provincial-llao-llao\/#primaryimage"},"thumbnailUrl":"https:\/\/patagoniambiental.com.ar\/info\/wp-content\/uploads\/2022\/09\/1.jpeg","articleSection":["Bolet\u00edn","Neuqu\u00e9n","Noticias","Provinciales"],"inLanguage":"es","potentialAction":[{"@type":"CommentAction","name":"Comment","target":["https:\/\/patagoniambiental.com.ar\/info\/manzano-amargo-tendra-el-area-protegida-provincial-llao-llao\/#respond"]}]},{"@type":"WebPage","@id":"https:\/\/patagoniambiental.com.ar\/info\/manzano-amargo-tendra-el-area-protegida-provincial-llao-llao\/","url":"https:\/\/patagoniambiental.com.ar\/info\/manzano-amargo-tendra-el-area-protegida-provincial-llao-llao\/","name":"Manzano Amargo tendr\u00e1 el \u00c1rea Protegida provincial Llao Llao","isPartOf":{"@id":"https:\/\/patagoniambiental.com.ar\/info\/#website"},"primaryImageOfPage":{"@id":"https:\/\/patagoniambiental.com.ar\/info\/manzano-amargo-tendra-el-area-protegida-provincial-llao-llao\/#primaryimage"},"image":{"@id":"https:\/\/patagoniambiental.com.ar\/info\/manzano-amargo-tendra-el-area-protegida-provincial-llao-llao\/#primaryimage"},"thumbnailUrl":"https:\/\/patagoniambiental.com.ar\/info\/wp-content\/uploads\/2022\/09\/1.jpeg","datePublished":"2022-09-08T16:19:01+00:00","dateModified":"2022-09-08T16:19:03+00:00","breadcrumb":{"@id":"https:\/\/patagoniambiental.com.ar\/info\/manzano-amargo-tendra-el-area-protegida-provincial-llao-llao\/#breadcrumb"},"inLanguage":"es","potentialAction":[{"@type":"ReadAction","target":["https:\/\/patagoniambiental.com.ar\/info\/manzano-amargo-tendra-el-area-protegida-provincial-llao-llao\/"]}]},{"@type":"ImageObject","inLanguage":"es","@id":"https:\/\/patagoniambiental.com.ar\/info\/manzano-amargo-tendra-el-area-protegida-provincial-llao-llao\/#primaryimage","url":"https:\/\/patagoniambiental.com.ar\/info\/wp-content\/uploads\/2022\/09\/1.jpeg","contentUrl":"https:\/\/patagoniambiental.com.ar\/info\/wp-content\/uploads\/2022\/09\/1.jpeg","width":800,"height":450},{"@type":"BreadcrumbList","@id":"https:\/\/patagoniambiental.com.ar\/info\/manzano-amargo-tendra-el-area-protegida-provincial-llao-llao\/#breadcrumb","itemListElement":[{"@type":"ListItem","position":1,"name":"Inicio","item":"https:\/\/patagoniambiental.com.ar\/info\/"},{"@type":"ListItem","position":2,"name":"Manzano Amargo tendr\u00e1 el \u00c1rea Protegida provincial Llao Llao"}]},{"@type":"WebSite","@id":"https:\/\/patagoniambiental.com.ar\/info\/#website","url":"https:\/\/patagoniambiental.com.ar\/info\/","name":"Patagonia Ambiental","description":"Monitoreo y an\u00e1lisis de la situaci\u00f3n geopol\u00edtica en el mundo y su implicancia en la Patagonia","publisher":{"@id":"https:\/\/patagoniambiental.com.ar\/info\/#organization"},"potentialAction":[{"@type":"SearchAction","target":{"@type":"EntryPoint","urlTemplate":"https:\/\/patagoniambiental.com.ar\/info\/?s={search_term_string}"},"query-input":{"@type":"PropertyValueSpecification","valueRequired":true,"valueName":"search_term_string"}}],"inLanguage":"es"},{"@type":"Organization","@id":"https:\/\/patagoniambiental.com.ar\/info\/#organization","name":"Patagonia Ambiental","url":"https:\/\/patagoniambiental.com.ar\/info\/","logo":{"@type":"ImageObject","inLanguage":"es","@id":"https:\/\/patagoniambiental.com.ar\/info\/#\/schema\/logo\/image\/","url":"https:\/\/patagoniambiental.com.ar\/info\/wp-content\/uploads\/2025\/05\/LOGO-PATAGONIA-AMBIENTAL.png","contentUrl":"https:\/\/patagoniambiental.com.ar\/info\/wp-content\/uploads\/2025\/05\/LOGO-PATAGONIA-AMBIENTAL.png","width":433,"height":250,"caption":"Patagonia Ambiental"},"image":{"@id":"https:\/\/patagoniambiental.com.ar\/info\/#\/schema\/logo\/image\/"},"sameAs":["https:\/\/www.facebook.com\/patagonia.ambiental","https:\/\/x.com\/PatAmb"]},{"@type":"Person","@id":"https:\/\/patagoniambiental.com.ar\/info\/#\/schema\/person\/e5af09d700b2e82cb10c6b8800e0c691","name":"BRAIAN ESTEVEZ","sameAs":["http:\/\/www.patagoniambiental.com.ar"]}]}},"_links":{"self":[{"href":"https:\/\/patagoniambiental.com.ar\/info\/wp-json\/wp\/v2\/posts\/76307","targetHints":{"allow":["GET"]}}],"collection":[{"href":"https:\/\/patagoniambiental.com.ar\/info\/wp-json\/wp\/v2\/posts"}],"about":[{"href":"https:\/\/patagoniambiental.com.ar\/info\/wp-json\/wp\/v2\/types\/post"}],"author":[{"embeddable":true,"href":"https:\/\/patagoniambiental.com.ar\/info\/wp-json\/wp\/v2\/users\/6"}],"replies":[{"embeddable":true,"href":"https:\/\/patagoniambiental.com.ar\/info\/wp-json\/wp\/v2\/comments?post=76307"}],"version-history":[{"count":0,"href":"https:\/\/patagoniambiental.com.ar\/info\/wp-json\/wp\/v2\/posts\/76307\/revisions"}],"wp:featuredmedia":[{"embeddable":true,"href":"https:\/\/patagoniambiental.com.ar\/info\/wp-json\/wp\/v2\/media\/76308"}],"wp:attachment":[{"href":"https:\/\/patagoniambiental.com.ar\/info\/wp-json\/wp\/v2\/media?parent=76307"}],"wp:term":[{"taxonomy":"category","embeddable":true,"href":"https:\/\/patagoniambiental.com.ar\/info\/wp-json\/wp\/v2\/categories?post=76307"},{"taxonomy":"post_tag","embeddable":true,"href":"https:\/\/patagoniambiental.com.ar\/info\/wp-json\/wp\/v2\/tags?post=76307"}],"curies":[{"name":"wp","href":"https:\/\/api.w.org\/{rel}","templated":true}]}}