{"id":76310,"date":"2022-09-09T07:00:00","date_gmt":"2022-09-09T10:00:00","guid":{"rendered":"http:\/\/patagoniambiental.com.ar\/info\/?p=76310"},"modified":"2022-09-11T22:36:06","modified_gmt":"2022-09-12T01:36:06","slug":"seminario-sobre-huertas-urbanas-y-suburbanas-en-bariloche","status":"publish","type":"post","link":"https:\/\/patagoniambiental.com.ar\/info\/seminario-sobre-huertas-urbanas-y-suburbanas-en-bariloche\/","title":{"rendered":"Seminario sobre huertas urbanas y suburbanas en Bariloche"},"content":{"rendered":"\n<!--more-->\n\n\n\n<p><em>Bariloche, 9 de septiembre de 2022<\/em>.-&nbsp;El Instituto de Investigaciones en Recursos Naturales, Agroecolog\u00eda y Desarrollo Rural de la Universidad Nacional de R\u00edo Negro y CONICET (IRNAD UNRN\/CONICET) invita al seminario virtual&nbsp;<em>Huertas urbanas y suburbanas en Bariloche como proveedoras de biodiversidad, soberan\u00eda alimentaria y calidad de vida,<\/em>&nbsp;a cargo del doctor Manuel de Paz. La actividad se realizar\u00e1 el&nbsp;<strong>viernes 16 de septiembre a las 13.00 horas por Zoom<\/strong>, con participaci\u00f3n abierta y gratuita.<\/p>\n\n\n\n<p>La ciudad de Bariloche es paradigm\u00e1tica por su escasa planificaci\u00f3n territorial y las marcadas desigualdades socioecon\u00f3micas y ambientales en su ejido. La actividad tur\u00edstica preponderante ha direccionado el desarrollo de la ciudad y se encuentra en constante tensi\u00f3n con otras actividades como la producci\u00f3n local de alimentos frescos. En general, estos productos son tra\u00eddos de otras regiones, impactando en su calidad y accesibilidad para la poblaci\u00f3n en general. Sin embargo, existen experiencias de huertas que abastecen en parte a la ciudad de alimentos y generan una din\u00e1mica social relevante a la hora de reducir las desigualdades presentadas.<\/p>\n\n\n\n<p>En el seminario se presentar\u00e1 un panorama general de las huertas urbanas en la ciudad que resulta de una investigaci\u00f3n con abordaje socioecon\u00f3mico, ambiental y productivo sobre la tem\u00e1tica. El objetivo consiste en crear un sistema de informaci\u00f3n geogr\u00e1fica que permita establecer el aporte de las huertas urbanas como proveedoras de un ambiente sano, con ejercicio de la soberan\u00eda alimentaria, e impulsar pol\u00edticas p\u00fablicas focalizadas.<\/p>\n\n\n\n<p><strong>Inscripciones:<\/strong>&nbsp;<a href=\"https:\/\/bit.ly\/Inscripci%C3%B3n-Seminario-IRNAD-16-09-2022\" target=\"_blank\" rel=\"noreferrer noopener\"><u>https:\/\/bit.ly\/Inscripci\u00f3n-Seminario-IRNAD-16-09-2022<\/u><\/a><\/p>\n\n\n\n<p><strong>Perfil del disertante<\/strong><\/p>\n\n\n\n<p>Manuel de Paz es doctor y licenciado en Ciencias Biol\u00f3gicas (UNCo). Recientemente se ha incorporado como investigador asistente del CONICET en el IRNAD. Se ha especializado en problemas de conservaci\u00f3n y manejo de las \u00e1reas protegidas, especialmente indagando sobre restauraci\u00f3n de bosques a nivel nacional, regeneraci\u00f3n y restauraci\u00f3n de ambientes disturbados a nivel local, desarrollo de especies forestales de valor comercial y la elaboraci\u00f3n de planes de manejo de \u00e1reas protegidas urbanas. Tiene participaci\u00f3n peri\u00f3dica en proyectos de extensi\u00f3n y en debates ambientales de inter\u00e9s general. Actualmente se encuentra indagando sobre la incidencia de las huertas urbanas como proveedores de un ambiente sano y soberan\u00eda alimentaria en un abordaje ambiental, social y productivo, en colaboraci\u00f3n con colegas del IRNAD, INTA e INIBIOMA.&nbsp;<br>&#8212;<br>Departamento de Comunicaci\u00f3nUniversidad Nacional de R\u00edo Negro &#8211; Sede Andina&nbsp;Mitre 630 1\u00ba \u00abB\u00bb &#8211; San Carlos de Bariloche(0294) 474 6118<a href=\"mailto:comunicacion.andina@unrn.edu.ar\" target=\"_blank\" rel=\"noreferrer noopener\">comunicacion.andina@unrn.edu.ar<\/a><a href=\"http:\/\/www.unrn.edu.ar\/\" target=\"_blank\" rel=\"noreferrer noopener\">www.unrn.edu.ar<\/a>Facebook: @<a href=\"https:\/\/www.facebook.com\/unrnsedeandina\" target=\"_blank\" rel=\"noreferrer noopener\">unrnsedeandina<\/a><br>Instagram: @unrionegro<\/p>\n","protected":false},"excerpt":{"rendered":"","protected":false},"author":6,"featured_media":76311,"comment_status":"open","ping_status":"open","sticky":false,"template":"","format":"standard","meta":{"site-sidebar-layout":"default","site-content-layout":"","ast-site-content-layout":"default","site-content-style":"default","site-sidebar-style":"default","ast-global-header-display":"","ast-banner-title-visibility":"","ast-main-header-display":"","ast-hfb-above-header-display":"","ast-hfb-below-header-display":"","ast-hfb-mobile-header-display":"","site-post-title":"","ast-breadcrumbs-content":"","ast-featured-img":"","footer-sml-layout":"","ast-disable-related-posts":"","theme-transparent-header-meta":"","adv-header-id-meta":"","stick-header-meta":"","header-above-stick-meta":"","header-main-stick-meta":"","header-below-stick-meta":"","astra-migrate-meta-layouts":"default","ast-page-background-enabled":"default","ast-page-background-meta":{"desktop":{"background-color":"var(--ast-global-color-5)","background-image":"","background-repeat":"repeat","background-position":"center center","background-size":"auto","background-attachment":"scroll","background-type":"","background-media":"","overlay-type":"","overlay-color":"","overlay-opacity":"","overlay-gradient":""},"tablet":{"background-color":"","background-image":"","background-repeat":"repeat","background-position":"center center","background-size":"auto","background-attachment":"scroll","background-type":"","background-media":"","overlay-type":"","overlay-color":"","overlay-opacity":"","overlay-gradient":""},"mobile":{"background-color":"","background-image":"","background-repeat":"repeat","background-position":"center center","background-size":"auto","background-attachment":"scroll","background-type":"","background-media":"","overlay-type":"","overlay-color":"","overlay-opacity":"","overlay-gradient":""}},"ast-content-background-meta":{"desktop":{"background-color":"var(--ast-global-color-4)","background-image":"","background-repeat":"repeat","background-position":"center center","background-size":"auto","background-attachment":"scroll","background-type":"","background-media":"","overlay-type":"","overlay-color":"","overlay-opacity":"","overlay-gradient":""},"tablet":{"background-color":"var(--ast-global-color-4)","background-image":"","background-repeat":"repeat","background-position":"center center","background-size":"auto","background-attachment":"scroll","background-type":"","background-media":"","overlay-type":"","overlay-color":"","overlay-opacity":"","overlay-gradient":""},"mobile":{"background-color":"var(--ast-global-color-4)","background-image":"","background-repeat":"repeat","background-position":"center center","background-size":"auto","background-attachment":"scroll","background-type":"","background-media":"","overlay-type":"","overlay-color":"","overlay-opacity":"","overlay-gradient":""}},"footnotes":""},"categories":[12,11,1,10],"tags":[],"class_list":["post-76310","post","type-post","status-publish","format-standard","has-post-thumbnail","hentry","category-agenda-ambiental","category-boletin","category-noticias","category-rotador"],"yoast_head":"<!-- This site is optimized with the Yoast SEO Premium plugin v23.0 (Yoast SEO v27.4) - https:\/\/yoast.com\/product\/yoast-seo-premium-wordpress\/ -->\n<title>Seminario sobre huertas urbanas y suburbanas en Bariloche<\/title>\n<meta name=\"robots\" content=\"index, follow, max-snippet:-1, max-image-preview:large, max-video-preview:-1\" \/>\n<link rel=\"canonical\" href=\"https:\/\/patagoniambiental.com.ar\/info\/seminario-sobre-huertas-urbanas-y-suburbanas-en-bariloche\/\" \/>\n<meta property=\"og:locale\" content=\"es_ES\" \/>\n<meta property=\"og:type\" content=\"article\" \/>\n<meta property=\"og:title\" content=\"Seminario sobre huertas urbanas y suburbanas en Bariloche\" \/>\n<meta property=\"og:url\" content=\"https:\/\/patagoniambiental.com.ar\/info\/seminario-sobre-huertas-urbanas-y-suburbanas-en-bariloche\/\" \/>\n<meta property=\"og:site_name\" content=\"Patagonia Ambiental\" \/>\n<meta property=\"article:publisher\" content=\"https:\/\/www.facebook.com\/patagonia.ambiental\" \/>\n<meta property=\"article:published_time\" content=\"2022-09-09T10:00:00+00:00\" \/>\n<meta property=\"article:modified_time\" content=\"2022-09-12T01:36:06+00:00\" \/>\n<meta property=\"og:image\" content=\"https:\/\/patagoniambiental.com.ar\/info\/wp-content\/uploads\/2022\/09\/thumbnail_Seminario-IRNAD.jpg\" \/>\n\t<meta property=\"og:image:width\" content=\"1280\" \/>\n\t<meta property=\"og:image:height\" content=\"960\" \/>\n\t<meta property=\"og:image:type\" content=\"image\/jpeg\" \/>\n<meta name=\"author\" content=\"BRAIAN ESTEVEZ\" \/>\n<meta name=\"twitter:card\" content=\"summary_large_image\" \/>\n<meta name=\"twitter:creator\" content=\"@PatAmb\" \/>\n<meta name=\"twitter:site\" content=\"@PatAmb\" \/>\n<script type=\"application\/ld+json\" class=\"yoast-schema-graph\">{\"@context\":\"https:\\\/\\\/schema.org\",\"@graph\":[{\"@type\":\"Article\",\"@id\":\"https:\\\/\\\/patagoniambiental.com.ar\\\/info\\\/seminario-sobre-huertas-urbanas-y-suburbanas-en-bariloche\\\/#article\",\"isPartOf\":{\"@id\":\"https:\\\/\\\/patagoniambiental.com.ar\\\/info\\\/seminario-sobre-huertas-urbanas-y-suburbanas-en-bariloche\\\/\"},\"author\":{\"name\":\"BRAIAN ESTEVEZ\",\"@id\":\"https:\\\/\\\/patagoniambiental.com.ar\\\/info\\\/#\\\/schema\\\/person\\\/e5af09d700b2e82cb10c6b8800e0c691\"},\"headline\":\"Seminario sobre huertas urbanas y suburbanas en Bariloche\",\"datePublished\":\"2022-09-09T10:00:00+00:00\",\"dateModified\":\"2022-09-12T01:36:06+00:00\",\"mainEntityOfPage\":{\"@id\":\"https:\\\/\\\/patagoniambiental.com.ar\\\/info\\\/seminario-sobre-huertas-urbanas-y-suburbanas-en-bariloche\\\/\"},\"wordCount\":447,\"commentCount\":0,\"publisher\":{\"@id\":\"https:\\\/\\\/patagoniambiental.com.ar\\\/info\\\/#organization\"},\"image\":{\"@id\":\"https:\\\/\\\/patagoniambiental.com.ar\\\/info\\\/seminario-sobre-huertas-urbanas-y-suburbanas-en-bariloche\\\/#primaryimage\"},\"thumbnailUrl\":\"https:\\\/\\\/patagoniambiental.com.ar\\\/info\\\/wp-content\\\/uploads\\\/2022\\\/09\\\/thumbnail_Seminario-IRNAD.jpg\",\"articleSection\":[\"Agenda Ambiental\",\"Bolet\u00edn\",\"Noticias\",\"Rotador\"],\"inLanguage\":\"es\",\"potentialAction\":[{\"@type\":\"CommentAction\",\"name\":\"Comment\",\"target\":[\"https:\\\/\\\/patagoniambiental.com.ar\\\/info\\\/seminario-sobre-huertas-urbanas-y-suburbanas-en-bariloche\\\/#respond\"]}]},{\"@type\":\"WebPage\",\"@id\":\"https:\\\/\\\/patagoniambiental.com.ar\\\/info\\\/seminario-sobre-huertas-urbanas-y-suburbanas-en-bariloche\\\/\",\"url\":\"https:\\\/\\\/patagoniambiental.com.ar\\\/info\\\/seminario-sobre-huertas-urbanas-y-suburbanas-en-bariloche\\\/\",\"name\":\"Seminario sobre huertas urbanas y suburbanas en Bariloche\",\"isPartOf\":{\"@id\":\"https:\\\/\\\/patagoniambiental.com.ar\\\/info\\\/#website\"},\"primaryImageOfPage\":{\"@id\":\"https:\\\/\\\/patagoniambiental.com.ar\\\/info\\\/seminario-sobre-huertas-urbanas-y-suburbanas-en-bariloche\\\/#primaryimage\"},\"image\":{\"@id\":\"https:\\\/\\\/patagoniambiental.com.ar\\\/info\\\/seminario-sobre-huertas-urbanas-y-suburbanas-en-bariloche\\\/#primaryimage\"},\"thumbnailUrl\":\"https:\\\/\\\/patagoniambiental.com.ar\\\/info\\\/wp-content\\\/uploads\\\/2022\\\/09\\\/thumbnail_Seminario-IRNAD.jpg\",\"datePublished\":\"2022-09-09T10:00:00+00:00\",\"dateModified\":\"2022-09-12T01:36:06+00:00\",\"breadcrumb\":{\"@id\":\"https:\\\/\\\/patagoniambiental.com.ar\\\/info\\\/seminario-sobre-huertas-urbanas-y-suburbanas-en-bariloche\\\/#breadcrumb\"},\"inLanguage\":\"es\",\"potentialAction\":[{\"@type\":\"ReadAction\",\"target\":[\"https:\\\/\\\/patagoniambiental.com.ar\\\/info\\\/seminario-sobre-huertas-urbanas-y-suburbanas-en-bariloche\\\/\"]}]},{\"@type\":\"ImageObject\",\"inLanguage\":\"es\",\"@id\":\"https:\\\/\\\/patagoniambiental.com.ar\\\/info\\\/seminario-sobre-huertas-urbanas-y-suburbanas-en-bariloche\\\/#primaryimage\",\"url\":\"https:\\\/\\\/patagoniambiental.com.ar\\\/info\\\/wp-content\\\/uploads\\\/2022\\\/09\\\/thumbnail_Seminario-IRNAD.jpg\",\"contentUrl\":\"https:\\\/\\\/patagoniambiental.com.ar\\\/info\\\/wp-content\\\/uploads\\\/2022\\\/09\\\/thumbnail_Seminario-IRNAD.jpg\",\"width\":800,\"height\":600},{\"@type\":\"BreadcrumbList\",\"@id\":\"https:\\\/\\\/patagoniambiental.com.ar\\\/info\\\/seminario-sobre-huertas-urbanas-y-suburbanas-en-bariloche\\\/#breadcrumb\",\"itemListElement\":[{\"@type\":\"ListItem\",\"position\":1,\"name\":\"Inicio\",\"item\":\"https:\\\/\\\/patagoniambiental.com.ar\\\/info\\\/\"},{\"@type\":\"ListItem\",\"position\":2,\"name\":\"Seminario sobre huertas urbanas y suburbanas en Bariloche\"}]},{\"@type\":\"WebSite\",\"@id\":\"https:\\\/\\\/patagoniambiental.com.ar\\\/info\\\/#website\",\"url\":\"https:\\\/\\\/patagoniambiental.com.ar\\\/info\\\/\",\"name\":\"Patagonia Ambiental\",\"description\":\"Monitoreo y an\u00e1lisis de la situaci\u00f3n geopol\u00edtica en el mundo y su implicancia en la Patagonia\",\"publisher\":{\"@id\":\"https:\\\/\\\/patagoniambiental.com.ar\\\/info\\\/#organization\"},\"potentialAction\":[{\"@type\":\"SearchAction\",\"target\":{\"@type\":\"EntryPoint\",\"urlTemplate\":\"https:\\\/\\\/patagoniambiental.com.ar\\\/info\\\/?s={search_term_string}\"},\"query-input\":{\"@type\":\"PropertyValueSpecification\",\"valueRequired\":true,\"valueName\":\"search_term_string\"}}],\"inLanguage\":\"es\"},{\"@type\":\"Organization\",\"@id\":\"https:\\\/\\\/patagoniambiental.com.ar\\\/info\\\/#organization\",\"name\":\"Patagonia Ambiental\",\"url\":\"https:\\\/\\\/patagoniambiental.com.ar\\\/info\\\/\",\"logo\":{\"@type\":\"ImageObject\",\"inLanguage\":\"es\",\"@id\":\"https:\\\/\\\/patagoniambiental.com.ar\\\/info\\\/#\\\/schema\\\/logo\\\/image\\\/\",\"url\":\"https:\\\/\\\/patagoniambiental.com.ar\\\/info\\\/wp-content\\\/uploads\\\/2025\\\/05\\\/LOGO-PATAGONIA-AMBIENTAL.png\",\"contentUrl\":\"https:\\\/\\\/patagoniambiental.com.ar\\\/info\\\/wp-content\\\/uploads\\\/2025\\\/05\\\/LOGO-PATAGONIA-AMBIENTAL.png\",\"width\":433,\"height\":250,\"caption\":\"Patagonia Ambiental\"},\"image\":{\"@id\":\"https:\\\/\\\/patagoniambiental.com.ar\\\/info\\\/#\\\/schema\\\/logo\\\/image\\\/\"},\"sameAs\":[\"https:\\\/\\\/www.facebook.com\\\/patagonia.ambiental\",\"https:\\\/\\\/x.com\\\/PatAmb\"]},{\"@type\":\"Person\",\"@id\":\"https:\\\/\\\/patagoniambiental.com.ar\\\/info\\\/#\\\/schema\\\/person\\\/e5af09d700b2e82cb10c6b8800e0c691\",\"name\":\"BRAIAN ESTEVEZ\",\"sameAs\":[\"http:\\\/\\\/www.patagoniambiental.com.ar\"]}]}<\/script>\n<!-- \/ Yoast SEO Premium plugin. -->","yoast_head_json":{"title":"Seminario sobre huertas urbanas y suburbanas en Bariloche","robots":{"index":"index","follow":"follow","max-snippet":"max-snippet:-1","max-image-preview":"max-image-preview:large","max-video-preview":"max-video-preview:-1"},"canonical":"https:\/\/patagoniambiental.com.ar\/info\/seminario-sobre-huertas-urbanas-y-suburbanas-en-bariloche\/","og_locale":"es_ES","og_type":"article","og_title":"Seminario sobre huertas urbanas y suburbanas en Bariloche","og_url":"https:\/\/patagoniambiental.com.ar\/info\/seminario-sobre-huertas-urbanas-y-suburbanas-en-bariloche\/","og_site_name":"Patagonia Ambiental","article_publisher":"https:\/\/www.facebook.com\/patagonia.ambiental","article_published_time":"2022-09-09T10:00:00+00:00","article_modified_time":"2022-09-12T01:36:06+00:00","og_image":[{"width":1280,"height":960,"url":"https:\/\/patagoniambiental.com.ar\/info\/wp-content\/uploads\/2022\/09\/thumbnail_Seminario-IRNAD.jpg","type":"image\/jpeg"}],"author":"BRAIAN ESTEVEZ","twitter_card":"summary_large_image","twitter_creator":"@PatAmb","twitter_site":"@PatAmb","schema":{"@context":"https:\/\/schema.org","@graph":[{"@type":"Article","@id":"https:\/\/patagoniambiental.com.ar\/info\/seminario-sobre-huertas-urbanas-y-suburbanas-en-bariloche\/#article","isPartOf":{"@id":"https:\/\/patagoniambiental.com.ar\/info\/seminario-sobre-huertas-urbanas-y-suburbanas-en-bariloche\/"},"author":{"name":"BRAIAN ESTEVEZ","@id":"https:\/\/patagoniambiental.com.ar\/info\/#\/schema\/person\/e5af09d700b2e82cb10c6b8800e0c691"},"headline":"Seminario sobre huertas urbanas y suburbanas en Bariloche","datePublished":"2022-09-09T10:00:00+00:00","dateModified":"2022-09-12T01:36:06+00:00","mainEntityOfPage":{"@id":"https:\/\/patagoniambiental.com.ar\/info\/seminario-sobre-huertas-urbanas-y-suburbanas-en-bariloche\/"},"wordCount":447,"commentCount":0,"publisher":{"@id":"https:\/\/patagoniambiental.com.ar\/info\/#organization"},"image":{"@id":"https:\/\/patagoniambiental.com.ar\/info\/seminario-sobre-huertas-urbanas-y-suburbanas-en-bariloche\/#primaryimage"},"thumbnailUrl":"https:\/\/patagoniambiental.com.ar\/info\/wp-content\/uploads\/2022\/09\/thumbnail_Seminario-IRNAD.jpg","articleSection":["Agenda Ambiental","Bolet\u00edn","Noticias","Rotador"],"inLanguage":"es","potentialAction":[{"@type":"CommentAction","name":"Comment","target":["https:\/\/patagoniambiental.com.ar\/info\/seminario-sobre-huertas-urbanas-y-suburbanas-en-bariloche\/#respond"]}]},{"@type":"WebPage","@id":"https:\/\/patagoniambiental.com.ar\/info\/seminario-sobre-huertas-urbanas-y-suburbanas-en-bariloche\/","url":"https:\/\/patagoniambiental.com.ar\/info\/seminario-sobre-huertas-urbanas-y-suburbanas-en-bariloche\/","name":"Seminario sobre huertas urbanas y suburbanas en Bariloche","isPartOf":{"@id":"https:\/\/patagoniambiental.com.ar\/info\/#website"},"primaryImageOfPage":{"@id":"https:\/\/patagoniambiental.com.ar\/info\/seminario-sobre-huertas-urbanas-y-suburbanas-en-bariloche\/#primaryimage"},"image":{"@id":"https:\/\/patagoniambiental.com.ar\/info\/seminario-sobre-huertas-urbanas-y-suburbanas-en-bariloche\/#primaryimage"},"thumbnailUrl":"https:\/\/patagoniambiental.com.ar\/info\/wp-content\/uploads\/2022\/09\/thumbnail_Seminario-IRNAD.jpg","datePublished":"2022-09-09T10:00:00+00:00","dateModified":"2022-09-12T01:36:06+00:00","breadcrumb":{"@id":"https:\/\/patagoniambiental.com.ar\/info\/seminario-sobre-huertas-urbanas-y-suburbanas-en-bariloche\/#breadcrumb"},"inLanguage":"es","potentialAction":[{"@type":"ReadAction","target":["https:\/\/patagoniambiental.com.ar\/info\/seminario-sobre-huertas-urbanas-y-suburbanas-en-bariloche\/"]}]},{"@type":"ImageObject","inLanguage":"es","@id":"https:\/\/patagoniambiental.com.ar\/info\/seminario-sobre-huertas-urbanas-y-suburbanas-en-bariloche\/#primaryimage","url":"https:\/\/patagoniambiental.com.ar\/info\/wp-content\/uploads\/2022\/09\/thumbnail_Seminario-IRNAD.jpg","contentUrl":"https:\/\/patagoniambiental.com.ar\/info\/wp-content\/uploads\/2022\/09\/thumbnail_Seminario-IRNAD.jpg","width":800,"height":600},{"@type":"BreadcrumbList","@id":"https:\/\/patagoniambiental.com.ar\/info\/seminario-sobre-huertas-urbanas-y-suburbanas-en-bariloche\/#breadcrumb","itemListElement":[{"@type":"ListItem","position":1,"name":"Inicio","item":"https:\/\/patagoniambiental.com.ar\/info\/"},{"@type":"ListItem","position":2,"name":"Seminario sobre huertas urbanas y suburbanas en Bariloche"}]},{"@type":"WebSite","@id":"https:\/\/patagoniambiental.com.ar\/info\/#website","url":"https:\/\/patagoniambiental.com.ar\/info\/","name":"Patagonia Ambiental","description":"Monitoreo y an\u00e1lisis de la situaci\u00f3n geopol\u00edtica en el mundo y su implicancia en la Patagonia","publisher":{"@id":"https:\/\/patagoniambiental.com.ar\/info\/#organization"},"potentialAction":[{"@type":"SearchAction","target":{"@type":"EntryPoint","urlTemplate":"https:\/\/patagoniambiental.com.ar\/info\/?s={search_term_string}"},"query-input":{"@type":"PropertyValueSpecification","valueRequired":true,"valueName":"search_term_string"}}],"inLanguage":"es"},{"@type":"Organization","@id":"https:\/\/patagoniambiental.com.ar\/info\/#organization","name":"Patagonia Ambiental","url":"https:\/\/patagoniambiental.com.ar\/info\/","logo":{"@type":"ImageObject","inLanguage":"es","@id":"https:\/\/patagoniambiental.com.ar\/info\/#\/schema\/logo\/image\/","url":"https:\/\/patagoniambiental.com.ar\/info\/wp-content\/uploads\/2025\/05\/LOGO-PATAGONIA-AMBIENTAL.png","contentUrl":"https:\/\/patagoniambiental.com.ar\/info\/wp-content\/uploads\/2025\/05\/LOGO-PATAGONIA-AMBIENTAL.png","width":433,"height":250,"caption":"Patagonia Ambiental"},"image":{"@id":"https:\/\/patagoniambiental.com.ar\/info\/#\/schema\/logo\/image\/"},"sameAs":["https:\/\/www.facebook.com\/patagonia.ambiental","https:\/\/x.com\/PatAmb"]},{"@type":"Person","@id":"https:\/\/patagoniambiental.com.ar\/info\/#\/schema\/person\/e5af09d700b2e82cb10c6b8800e0c691","name":"BRAIAN ESTEVEZ","sameAs":["http:\/\/www.patagoniambiental.com.ar"]}]}},"_links":{"self":[{"href":"https:\/\/patagoniambiental.com.ar\/info\/wp-json\/wp\/v2\/posts\/76310","targetHints":{"allow":["GET"]}}],"collection":[{"href":"https:\/\/patagoniambiental.com.ar\/info\/wp-json\/wp\/v2\/posts"}],"about":[{"href":"https:\/\/patagoniambiental.com.ar\/info\/wp-json\/wp\/v2\/types\/post"}],"author":[{"embeddable":true,"href":"https:\/\/patagoniambiental.com.ar\/info\/wp-json\/wp\/v2\/users\/6"}],"replies":[{"embeddable":true,"href":"https:\/\/patagoniambiental.com.ar\/info\/wp-json\/wp\/v2\/comments?post=76310"}],"version-history":[{"count":0,"href":"https:\/\/patagoniambiental.com.ar\/info\/wp-json\/wp\/v2\/posts\/76310\/revisions"}],"wp:featuredmedia":[{"embeddable":true,"href":"https:\/\/patagoniambiental.com.ar\/info\/wp-json\/wp\/v2\/media\/76311"}],"wp:attachment":[{"href":"https:\/\/patagoniambiental.com.ar\/info\/wp-json\/wp\/v2\/media?parent=76310"}],"wp:term":[{"taxonomy":"category","embeddable":true,"href":"https:\/\/patagoniambiental.com.ar\/info\/wp-json\/wp\/v2\/categories?post=76310"},{"taxonomy":"post_tag","embeddable":true,"href":"https:\/\/patagoniambiental.com.ar\/info\/wp-json\/wp\/v2\/tags?post=76310"}],"curies":[{"name":"wp","href":"https:\/\/api.w.org\/{rel}","templated":true}]}}