{"id":76323,"date":"2022-09-14T19:00:00","date_gmt":"2022-09-14T22:00:00","guid":{"rendered":"http:\/\/patagoniambiental.com.ar\/info\/?p=76323"},"modified":"2022-09-15T08:41:29","modified_gmt":"2022-09-15T11:41:29","slug":"el-balneario-el-condor-puerta-de-entrada-del-camino-de-la-costa-rionegrina-tendra-su-estacion-de-servicios","status":"publish","type":"post","link":"https:\/\/patagoniambiental.com.ar\/info\/el-balneario-el-condor-puerta-de-entrada-del-camino-de-la-costa-rionegrina-tendra-su-estacion-de-servicios\/","title":{"rendered":"El balneario El C\u00f3ndor, puerta de entrada del camino de la costa rionegrina, tendr\u00e1 su Estaci\u00f3n de Servicios"},"content":{"rendered":"\n<!--more-->\n\n\n\n<p>El intendente Pedro Pesatti junto Alberto Pozzo Ardizzi presidente de Pozzo Ardizzi S.A, firm\u00f3 el acta compromiso para la construcci\u00f3n de una estaci\u00f3n de servicios en el balneario El C\u00f3ndor.<\/p>\n\n\n\n<p>\u00abEsto es producto de la articulaci\u00f3n entre la empresa estatal YPF, Pozzo Ardizzi S.A y el gobierno de Viedma, que va a saldar una demanda hist\u00f3rica de quienes habitan en el balneario El C\u00f3ndor y tambi\u00e9n de quienes eligen nuestra zona para vacacionar\u00bb expres\u00f3 el intendente Pesatti.<\/p>\n\n\n\n<p>A su vez el mandatario agreg\u00f3 que \u00abAdem\u00e1s de un servicio es trabajo para el sector de la construcci\u00f3n&nbsp; y fuente de empleo una vez que la estaci\u00f3n est\u00e9 funcionando\u00bb.<\/p>\n\n\n\n<p>\u00abCuando asumimos en el gobierno municipal nos propusimos tener una estaci\u00f3n de servicios en el camino costero de nuestro ejido. Tuvimos algunos problemas de autorizaci\u00f3n que se agravaron con la llegada de la pandemia pero eso no fren\u00f3 las gestiones con la empresa YPF, con quien tenemos una excelente relaci\u00f3n,&nbsp; al igual que con el empresario Pozzo Ardizzi, y eso est\u00e1 reflejado hoy con la firma de este acta acuerdo\u00bb&nbsp; remarc\u00f3 Pesatti.<\/p>\n\n\n\n<p>La futura estaci\u00f3n de servicios estar\u00e1 ubicada en la entrada a la villa mar\u00edtima y se construir\u00e1 en un predio cedido por el municipio viedmense, terreno de propiedad municipal conforme a la ordenanza N\u00b0 8074.<\/p>\n\n\n\n<p>Se trata de una inversi\u00f3n de m\u00e1s de 300.000 mil d\u00f3lares aportados por la empresa Pozzo Ardizzi S.A., que sumado al esfuerzo estatal -YPF y municipalidad de Viedma-, rondar\u00e1 los 500.000 mil d\u00f3lares.<\/p>\n\n\n\n<p>Fuente: Municpalidad de Viedma <\/p>\n","protected":false},"excerpt":{"rendered":"","protected":false},"author":6,"featured_media":76324,"comment_status":"open","ping_status":"open","sticky":false,"template":"","format":"standard","meta":{"site-sidebar-layout":"default","site-content-layout":"","ast-site-content-layout":"default","site-content-style":"default","site-sidebar-style":"default","ast-global-header-display":"","ast-banner-title-visibility":"","ast-main-header-display":"","ast-hfb-above-header-display":"","ast-hfb-below-header-display":"","ast-hfb-mobile-header-display":"","site-post-title":"","ast-breadcrumbs-content":"","ast-featured-img":"","footer-sml-layout":"","ast-disable-related-posts":"","theme-transparent-header-meta":"","adv-header-id-meta":"","stick-header-meta":"","header-above-stick-meta":"","header-main-stick-meta":"","header-below-stick-meta":"","astra-migrate-meta-layouts":"default","ast-page-background-enabled":"default","ast-page-background-meta":{"desktop":{"background-color":"var(--ast-global-color-5)","background-image":"","background-repeat":"repeat","background-position":"center center","background-size":"auto","background-attachment":"scroll","background-type":"","background-media":"","overlay-type":"","overlay-color":"","overlay-opacity":"","overlay-gradient":""},"tablet":{"background-color":"","background-image":"","background-repeat":"repeat","background-position":"center center","background-size":"auto","background-attachment":"scroll","background-type":"","background-media":"","overlay-type":"","overlay-color":"","overlay-opacity":"","overlay-gradient":""},"mobile":{"background-color":"","background-image":"","background-repeat":"repeat","background-position":"center center","background-size":"auto","background-attachment":"scroll","background-type":"","background-media":"","overlay-type":"","overlay-color":"","overlay-opacity":"","overlay-gradient":""}},"ast-content-background-meta":{"desktop":{"background-color":"var(--ast-global-color-4)","background-image":"","background-repeat":"repeat","background-position":"center center","background-size":"auto","background-attachment":"scroll","background-type":"","background-media":"","overlay-type":"","overlay-color":"","overlay-opacity":"","overlay-gradient":""},"tablet":{"background-color":"var(--ast-global-color-4)","background-image":"","background-repeat":"repeat","background-position":"center center","background-size":"auto","background-attachment":"scroll","background-type":"","background-media":"","overlay-type":"","overlay-color":"","overlay-opacity":"","overlay-gradient":""},"mobile":{"background-color":"var(--ast-global-color-4)","background-image":"","background-repeat":"repeat","background-position":"center center","background-size":"auto","background-attachment":"scroll","background-type":"","background-media":"","overlay-type":"","overlay-color":"","overlay-opacity":"","overlay-gradient":""}},"footnotes":""},"categories":[11,16,1,10],"tags":[],"class_list":["post-76323","post","type-post","status-publish","format-standard","has-post-thumbnail","hentry","category-boletin","category-municipales","category-noticias","category-rotador"],"yoast_head":"<!-- This site is optimized with the Yoast SEO Premium plugin v23.0 (Yoast SEO v27.4) - https:\/\/yoast.com\/product\/yoast-seo-premium-wordpress\/ -->\n<title>El balneario El C\u00f3ndor, puerta de entrada del camino de la costa rionegrina, tendr\u00e1 su Estaci\u00f3n de Servicios<\/title>\n<meta name=\"robots\" content=\"index, follow, max-snippet:-1, max-image-preview:large, max-video-preview:-1\" \/>\n<link rel=\"canonical\" href=\"https:\/\/patagoniambiental.com.ar\/info\/el-balneario-el-condor-puerta-de-entrada-del-camino-de-la-costa-rionegrina-tendra-su-estacion-de-servicios\/\" \/>\n<meta property=\"og:locale\" content=\"es_ES\" \/>\n<meta property=\"og:type\" content=\"article\" \/>\n<meta property=\"og:title\" content=\"El balneario El C\u00f3ndor, puerta de entrada del camino de la costa rionegrina, tendr\u00e1 su Estaci\u00f3n de Servicios\" \/>\n<meta property=\"og:url\" content=\"https:\/\/patagoniambiental.com.ar\/info\/el-balneario-el-condor-puerta-de-entrada-del-camino-de-la-costa-rionegrina-tendra-su-estacion-de-servicios\/\" \/>\n<meta property=\"og:site_name\" content=\"Patagonia Ambiental\" \/>\n<meta property=\"article:publisher\" content=\"https:\/\/www.facebook.com\/patagonia.ambiental\" \/>\n<meta property=\"article:published_time\" content=\"2022-09-14T22:00:00+00:00\" \/>\n<meta property=\"article:modified_time\" content=\"2022-09-15T11:41:29+00:00\" \/>\n<meta property=\"og:image\" content=\"https:\/\/patagoniambiental.com.ar\/info\/wp-content\/uploads\/2022\/09\/photo1663175024.jpeg\" \/>\n\t<meta property=\"og:image:width\" content=\"1280\" \/>\n\t<meta property=\"og:image:height\" content=\"853\" \/>\n\t<meta property=\"og:image:type\" content=\"image\/jpeg\" \/>\n<meta name=\"author\" content=\"BRAIAN ESTEVEZ\" \/>\n<meta name=\"twitter:card\" content=\"summary_large_image\" \/>\n<meta name=\"twitter:creator\" content=\"@PatAmb\" \/>\n<meta name=\"twitter:site\" content=\"@PatAmb\" \/>\n<script type=\"application\/ld+json\" class=\"yoast-schema-graph\">{\"@context\":\"https:\\\/\\\/schema.org\",\"@graph\":[{\"@type\":\"Article\",\"@id\":\"https:\\\/\\\/patagoniambiental.com.ar\\\/info\\\/el-balneario-el-condor-puerta-de-entrada-del-camino-de-la-costa-rionegrina-tendra-su-estacion-de-servicios\\\/#article\",\"isPartOf\":{\"@id\":\"https:\\\/\\\/patagoniambiental.com.ar\\\/info\\\/el-balneario-el-condor-puerta-de-entrada-del-camino-de-la-costa-rionegrina-tendra-su-estacion-de-servicios\\\/\"},\"author\":{\"name\":\"BRAIAN ESTEVEZ\",\"@id\":\"https:\\\/\\\/patagoniambiental.com.ar\\\/info\\\/#\\\/schema\\\/person\\\/e5af09d700b2e82cb10c6b8800e0c691\"},\"headline\":\"El balneario El C\u00f3ndor, puerta de entrada del camino de la costa rionegrina, tendr\u00e1 su Estaci\u00f3n de Servicios\",\"datePublished\":\"2022-09-14T22:00:00+00:00\",\"dateModified\":\"2022-09-15T11:41:29+00:00\",\"mainEntityOfPage\":{\"@id\":\"https:\\\/\\\/patagoniambiental.com.ar\\\/info\\\/el-balneario-el-condor-puerta-de-entrada-del-camino-de-la-costa-rionegrina-tendra-su-estacion-de-servicios\\\/\"},\"wordCount\":293,\"commentCount\":0,\"publisher\":{\"@id\":\"https:\\\/\\\/patagoniambiental.com.ar\\\/info\\\/#organization\"},\"image\":{\"@id\":\"https:\\\/\\\/patagoniambiental.com.ar\\\/info\\\/el-balneario-el-condor-puerta-de-entrada-del-camino-de-la-costa-rionegrina-tendra-su-estacion-de-servicios\\\/#primaryimage\"},\"thumbnailUrl\":\"https:\\\/\\\/patagoniambiental.com.ar\\\/info\\\/wp-content\\\/uploads\\\/2022\\\/09\\\/photo1663175024.jpeg\",\"articleSection\":[\"Bolet\u00edn\",\"Municipales\",\"Noticias\",\"Rotador\"],\"inLanguage\":\"es\",\"potentialAction\":[{\"@type\":\"CommentAction\",\"name\":\"Comment\",\"target\":[\"https:\\\/\\\/patagoniambiental.com.ar\\\/info\\\/el-balneario-el-condor-puerta-de-entrada-del-camino-de-la-costa-rionegrina-tendra-su-estacion-de-servicios\\\/#respond\"]}]},{\"@type\":\"WebPage\",\"@id\":\"https:\\\/\\\/patagoniambiental.com.ar\\\/info\\\/el-balneario-el-condor-puerta-de-entrada-del-camino-de-la-costa-rionegrina-tendra-su-estacion-de-servicios\\\/\",\"url\":\"https:\\\/\\\/patagoniambiental.com.ar\\\/info\\\/el-balneario-el-condor-puerta-de-entrada-del-camino-de-la-costa-rionegrina-tendra-su-estacion-de-servicios\\\/\",\"name\":\"El balneario El C\u00f3ndor, puerta de entrada del camino de la costa rionegrina, tendr\u00e1 su Estaci\u00f3n de Servicios\",\"isPartOf\":{\"@id\":\"https:\\\/\\\/patagoniambiental.com.ar\\\/info\\\/#website\"},\"primaryImageOfPage\":{\"@id\":\"https:\\\/\\\/patagoniambiental.com.ar\\\/info\\\/el-balneario-el-condor-puerta-de-entrada-del-camino-de-la-costa-rionegrina-tendra-su-estacion-de-servicios\\\/#primaryimage\"},\"image\":{\"@id\":\"https:\\\/\\\/patagoniambiental.com.ar\\\/info\\\/el-balneario-el-condor-puerta-de-entrada-del-camino-de-la-costa-rionegrina-tendra-su-estacion-de-servicios\\\/#primaryimage\"},\"thumbnailUrl\":\"https:\\\/\\\/patagoniambiental.com.ar\\\/info\\\/wp-content\\\/uploads\\\/2022\\\/09\\\/photo1663175024.jpeg\",\"datePublished\":\"2022-09-14T22:00:00+00:00\",\"dateModified\":\"2022-09-15T11:41:29+00:00\",\"breadcrumb\":{\"@id\":\"https:\\\/\\\/patagoniambiental.com.ar\\\/info\\\/el-balneario-el-condor-puerta-de-entrada-del-camino-de-la-costa-rionegrina-tendra-su-estacion-de-servicios\\\/#breadcrumb\"},\"inLanguage\":\"es\",\"potentialAction\":[{\"@type\":\"ReadAction\",\"target\":[\"https:\\\/\\\/patagoniambiental.com.ar\\\/info\\\/el-balneario-el-condor-puerta-de-entrada-del-camino-de-la-costa-rionegrina-tendra-su-estacion-de-servicios\\\/\"]}]},{\"@type\":\"ImageObject\",\"inLanguage\":\"es\",\"@id\":\"https:\\\/\\\/patagoniambiental.com.ar\\\/info\\\/el-balneario-el-condor-puerta-de-entrada-del-camino-de-la-costa-rionegrina-tendra-su-estacion-de-servicios\\\/#primaryimage\",\"url\":\"https:\\\/\\\/patagoniambiental.com.ar\\\/info\\\/wp-content\\\/uploads\\\/2022\\\/09\\\/photo1663175024.jpeg\",\"contentUrl\":\"https:\\\/\\\/patagoniambiental.com.ar\\\/info\\\/wp-content\\\/uploads\\\/2022\\\/09\\\/photo1663175024.jpeg\",\"width\":900,\"height\":600},{\"@type\":\"BreadcrumbList\",\"@id\":\"https:\\\/\\\/patagoniambiental.com.ar\\\/info\\\/el-balneario-el-condor-puerta-de-entrada-del-camino-de-la-costa-rionegrina-tendra-su-estacion-de-servicios\\\/#breadcrumb\",\"itemListElement\":[{\"@type\":\"ListItem\",\"position\":1,\"name\":\"Inicio\",\"item\":\"https:\\\/\\\/patagoniambiental.com.ar\\\/info\\\/\"},{\"@type\":\"ListItem\",\"position\":2,\"name\":\"El balneario El C\u00f3ndor, puerta de entrada del camino de la costa rionegrina, tendr\u00e1 su Estaci\u00f3n de Servicios\"}]},{\"@type\":\"WebSite\",\"@id\":\"https:\\\/\\\/patagoniambiental.com.ar\\\/info\\\/#website\",\"url\":\"https:\\\/\\\/patagoniambiental.com.ar\\\/info\\\/\",\"name\":\"Patagonia Ambiental\",\"description\":\"Monitoreo y an\u00e1lisis de la situaci\u00f3n geopol\u00edtica en el mundo y su implicancia en la Patagonia\",\"publisher\":{\"@id\":\"https:\\\/\\\/patagoniambiental.com.ar\\\/info\\\/#organization\"},\"potentialAction\":[{\"@type\":\"SearchAction\",\"target\":{\"@type\":\"EntryPoint\",\"urlTemplate\":\"https:\\\/\\\/patagoniambiental.com.ar\\\/info\\\/?s={search_term_string}\"},\"query-input\":{\"@type\":\"PropertyValueSpecification\",\"valueRequired\":true,\"valueName\":\"search_term_string\"}}],\"inLanguage\":\"es\"},{\"@type\":\"Organization\",\"@id\":\"https:\\\/\\\/patagoniambiental.com.ar\\\/info\\\/#organization\",\"name\":\"Patagonia Ambiental\",\"url\":\"https:\\\/\\\/patagoniambiental.com.ar\\\/info\\\/\",\"logo\":{\"@type\":\"ImageObject\",\"inLanguage\":\"es\",\"@id\":\"https:\\\/\\\/patagoniambiental.com.ar\\\/info\\\/#\\\/schema\\\/logo\\\/image\\\/\",\"url\":\"https:\\\/\\\/patagoniambiental.com.ar\\\/info\\\/wp-content\\\/uploads\\\/2025\\\/05\\\/LOGO-PATAGONIA-AMBIENTAL.png\",\"contentUrl\":\"https:\\\/\\\/patagoniambiental.com.ar\\\/info\\\/wp-content\\\/uploads\\\/2025\\\/05\\\/LOGO-PATAGONIA-AMBIENTAL.png\",\"width\":433,\"height\":250,\"caption\":\"Patagonia Ambiental\"},\"image\":{\"@id\":\"https:\\\/\\\/patagoniambiental.com.ar\\\/info\\\/#\\\/schema\\\/logo\\\/image\\\/\"},\"sameAs\":[\"https:\\\/\\\/www.facebook.com\\\/patagonia.ambiental\",\"https:\\\/\\\/x.com\\\/PatAmb\"]},{\"@type\":\"Person\",\"@id\":\"https:\\\/\\\/patagoniambiental.com.ar\\\/info\\\/#\\\/schema\\\/person\\\/e5af09d700b2e82cb10c6b8800e0c691\",\"name\":\"BRAIAN ESTEVEZ\",\"sameAs\":[\"http:\\\/\\\/www.patagoniambiental.com.ar\"]}]}<\/script>\n<!-- \/ Yoast SEO Premium plugin. -->","yoast_head_json":{"title":"El balneario El C\u00f3ndor, puerta de entrada del camino de la costa rionegrina, tendr\u00e1 su Estaci\u00f3n de Servicios","robots":{"index":"index","follow":"follow","max-snippet":"max-snippet:-1","max-image-preview":"max-image-preview:large","max-video-preview":"max-video-preview:-1"},"canonical":"https:\/\/patagoniambiental.com.ar\/info\/el-balneario-el-condor-puerta-de-entrada-del-camino-de-la-costa-rionegrina-tendra-su-estacion-de-servicios\/","og_locale":"es_ES","og_type":"article","og_title":"El balneario El C\u00f3ndor, puerta de entrada del camino de la costa rionegrina, tendr\u00e1 su Estaci\u00f3n de Servicios","og_url":"https:\/\/patagoniambiental.com.ar\/info\/el-balneario-el-condor-puerta-de-entrada-del-camino-de-la-costa-rionegrina-tendra-su-estacion-de-servicios\/","og_site_name":"Patagonia Ambiental","article_publisher":"https:\/\/www.facebook.com\/patagonia.ambiental","article_published_time":"2022-09-14T22:00:00+00:00","article_modified_time":"2022-09-15T11:41:29+00:00","og_image":[{"width":1280,"height":853,"url":"https:\/\/patagoniambiental.com.ar\/info\/wp-content\/uploads\/2022\/09\/photo1663175024.jpeg","type":"image\/jpeg"}],"author":"BRAIAN ESTEVEZ","twitter_card":"summary_large_image","twitter_creator":"@PatAmb","twitter_site":"@PatAmb","schema":{"@context":"https:\/\/schema.org","@graph":[{"@type":"Article","@id":"https:\/\/patagoniambiental.com.ar\/info\/el-balneario-el-condor-puerta-de-entrada-del-camino-de-la-costa-rionegrina-tendra-su-estacion-de-servicios\/#article","isPartOf":{"@id":"https:\/\/patagoniambiental.com.ar\/info\/el-balneario-el-condor-puerta-de-entrada-del-camino-de-la-costa-rionegrina-tendra-su-estacion-de-servicios\/"},"author":{"name":"BRAIAN ESTEVEZ","@id":"https:\/\/patagoniambiental.com.ar\/info\/#\/schema\/person\/e5af09d700b2e82cb10c6b8800e0c691"},"headline":"El balneario El C\u00f3ndor, puerta de entrada del camino de la costa rionegrina, tendr\u00e1 su Estaci\u00f3n de Servicios","datePublished":"2022-09-14T22:00:00+00:00","dateModified":"2022-09-15T11:41:29+00:00","mainEntityOfPage":{"@id":"https:\/\/patagoniambiental.com.ar\/info\/el-balneario-el-condor-puerta-de-entrada-del-camino-de-la-costa-rionegrina-tendra-su-estacion-de-servicios\/"},"wordCount":293,"commentCount":0,"publisher":{"@id":"https:\/\/patagoniambiental.com.ar\/info\/#organization"},"image":{"@id":"https:\/\/patagoniambiental.com.ar\/info\/el-balneario-el-condor-puerta-de-entrada-del-camino-de-la-costa-rionegrina-tendra-su-estacion-de-servicios\/#primaryimage"},"thumbnailUrl":"https:\/\/patagoniambiental.com.ar\/info\/wp-content\/uploads\/2022\/09\/photo1663175024.jpeg","articleSection":["Bolet\u00edn","Municipales","Noticias","Rotador"],"inLanguage":"es","potentialAction":[{"@type":"CommentAction","name":"Comment","target":["https:\/\/patagoniambiental.com.ar\/info\/el-balneario-el-condor-puerta-de-entrada-del-camino-de-la-costa-rionegrina-tendra-su-estacion-de-servicios\/#respond"]}]},{"@type":"WebPage","@id":"https:\/\/patagoniambiental.com.ar\/info\/el-balneario-el-condor-puerta-de-entrada-del-camino-de-la-costa-rionegrina-tendra-su-estacion-de-servicios\/","url":"https:\/\/patagoniambiental.com.ar\/info\/el-balneario-el-condor-puerta-de-entrada-del-camino-de-la-costa-rionegrina-tendra-su-estacion-de-servicios\/","name":"El balneario El C\u00f3ndor, puerta de entrada del camino de la costa rionegrina, tendr\u00e1 su Estaci\u00f3n de Servicios","isPartOf":{"@id":"https:\/\/patagoniambiental.com.ar\/info\/#website"},"primaryImageOfPage":{"@id":"https:\/\/patagoniambiental.com.ar\/info\/el-balneario-el-condor-puerta-de-entrada-del-camino-de-la-costa-rionegrina-tendra-su-estacion-de-servicios\/#primaryimage"},"image":{"@id":"https:\/\/patagoniambiental.com.ar\/info\/el-balneario-el-condor-puerta-de-entrada-del-camino-de-la-costa-rionegrina-tendra-su-estacion-de-servicios\/#primaryimage"},"thumbnailUrl":"https:\/\/patagoniambiental.com.ar\/info\/wp-content\/uploads\/2022\/09\/photo1663175024.jpeg","datePublished":"2022-09-14T22:00:00+00:00","dateModified":"2022-09-15T11:41:29+00:00","breadcrumb":{"@id":"https:\/\/patagoniambiental.com.ar\/info\/el-balneario-el-condor-puerta-de-entrada-del-camino-de-la-costa-rionegrina-tendra-su-estacion-de-servicios\/#breadcrumb"},"inLanguage":"es","potentialAction":[{"@type":"ReadAction","target":["https:\/\/patagoniambiental.com.ar\/info\/el-balneario-el-condor-puerta-de-entrada-del-camino-de-la-costa-rionegrina-tendra-su-estacion-de-servicios\/"]}]},{"@type":"ImageObject","inLanguage":"es","@id":"https:\/\/patagoniambiental.com.ar\/info\/el-balneario-el-condor-puerta-de-entrada-del-camino-de-la-costa-rionegrina-tendra-su-estacion-de-servicios\/#primaryimage","url":"https:\/\/patagoniambiental.com.ar\/info\/wp-content\/uploads\/2022\/09\/photo1663175024.jpeg","contentUrl":"https:\/\/patagoniambiental.com.ar\/info\/wp-content\/uploads\/2022\/09\/photo1663175024.jpeg","width":900,"height":600},{"@type":"BreadcrumbList","@id":"https:\/\/patagoniambiental.com.ar\/info\/el-balneario-el-condor-puerta-de-entrada-del-camino-de-la-costa-rionegrina-tendra-su-estacion-de-servicios\/#breadcrumb","itemListElement":[{"@type":"ListItem","position":1,"name":"Inicio","item":"https:\/\/patagoniambiental.com.ar\/info\/"},{"@type":"ListItem","position":2,"name":"El balneario El C\u00f3ndor, puerta de entrada del camino de la costa rionegrina, tendr\u00e1 su Estaci\u00f3n de Servicios"}]},{"@type":"WebSite","@id":"https:\/\/patagoniambiental.com.ar\/info\/#website","url":"https:\/\/patagoniambiental.com.ar\/info\/","name":"Patagonia Ambiental","description":"Monitoreo y an\u00e1lisis de la situaci\u00f3n geopol\u00edtica en el mundo y su implicancia en la Patagonia","publisher":{"@id":"https:\/\/patagoniambiental.com.ar\/info\/#organization"},"potentialAction":[{"@type":"SearchAction","target":{"@type":"EntryPoint","urlTemplate":"https:\/\/patagoniambiental.com.ar\/info\/?s={search_term_string}"},"query-input":{"@type":"PropertyValueSpecification","valueRequired":true,"valueName":"search_term_string"}}],"inLanguage":"es"},{"@type":"Organization","@id":"https:\/\/patagoniambiental.com.ar\/info\/#organization","name":"Patagonia Ambiental","url":"https:\/\/patagoniambiental.com.ar\/info\/","logo":{"@type":"ImageObject","inLanguage":"es","@id":"https:\/\/patagoniambiental.com.ar\/info\/#\/schema\/logo\/image\/","url":"https:\/\/patagoniambiental.com.ar\/info\/wp-content\/uploads\/2025\/05\/LOGO-PATAGONIA-AMBIENTAL.png","contentUrl":"https:\/\/patagoniambiental.com.ar\/info\/wp-content\/uploads\/2025\/05\/LOGO-PATAGONIA-AMBIENTAL.png","width":433,"height":250,"caption":"Patagonia Ambiental"},"image":{"@id":"https:\/\/patagoniambiental.com.ar\/info\/#\/schema\/logo\/image\/"},"sameAs":["https:\/\/www.facebook.com\/patagonia.ambiental","https:\/\/x.com\/PatAmb"]},{"@type":"Person","@id":"https:\/\/patagoniambiental.com.ar\/info\/#\/schema\/person\/e5af09d700b2e82cb10c6b8800e0c691","name":"BRAIAN ESTEVEZ","sameAs":["http:\/\/www.patagoniambiental.com.ar"]}]}},"_links":{"self":[{"href":"https:\/\/patagoniambiental.com.ar\/info\/wp-json\/wp\/v2\/posts\/76323","targetHints":{"allow":["GET"]}}],"collection":[{"href":"https:\/\/patagoniambiental.com.ar\/info\/wp-json\/wp\/v2\/posts"}],"about":[{"href":"https:\/\/patagoniambiental.com.ar\/info\/wp-json\/wp\/v2\/types\/post"}],"author":[{"embeddable":true,"href":"https:\/\/patagoniambiental.com.ar\/info\/wp-json\/wp\/v2\/users\/6"}],"replies":[{"embeddable":true,"href":"https:\/\/patagoniambiental.com.ar\/info\/wp-json\/wp\/v2\/comments?post=76323"}],"version-history":[{"count":0,"href":"https:\/\/patagoniambiental.com.ar\/info\/wp-json\/wp\/v2\/posts\/76323\/revisions"}],"wp:featuredmedia":[{"embeddable":true,"href":"https:\/\/patagoniambiental.com.ar\/info\/wp-json\/wp\/v2\/media\/76324"}],"wp:attachment":[{"href":"https:\/\/patagoniambiental.com.ar\/info\/wp-json\/wp\/v2\/media?parent=76323"}],"wp:term":[{"taxonomy":"category","embeddable":true,"href":"https:\/\/patagoniambiental.com.ar\/info\/wp-json\/wp\/v2\/categories?post=76323"},{"taxonomy":"post_tag","embeddable":true,"href":"https:\/\/patagoniambiental.com.ar\/info\/wp-json\/wp\/v2\/tags?post=76323"}],"curies":[{"name":"wp","href":"https:\/\/api.w.org\/{rel}","templated":true}]}}