{"id":76326,"date":"2022-09-12T07:00:00","date_gmt":"2022-09-12T10:00:00","guid":{"rendered":"http:\/\/patagoniambiental.com.ar\/info\/?p=76326"},"modified":"2022-09-15T08:44:35","modified_gmt":"2022-09-15T11:44:35","slug":"acuerdos-para-la-gestion-de-los-residuos-y-ciudades-sostenibles","status":"publish","type":"post","link":"https:\/\/patagoniambiental.com.ar\/info\/acuerdos-para-la-gestion-de-los-residuos-y-ciudades-sostenibles\/","title":{"rendered":"Acuerdos para la gesti\u00f3n de los residuos y ciudades sostenibles"},"content":{"rendered":"\n<!--more-->\n\n\n\n<p>La Municipalidad de Ushuaia firm\u00f3 con el Ministerio de Ambiente del Gobierno Nacional, Juan Cabandi\u00e9, convenios que permitir\u00e1n contribuir con equipamiento y herramientas para la gesti\u00f3n integral de los residuos s\u00f3lidos urbanos.<a href=\"http:\/\/www.eldiariodelfindelmundo.com\/municipales\/\">MUNICIPALES<\/a>12\/09\/2022L<\/p>\n\n\n\n<p>a Municipalidad de Ushuaia firm\u00f3 una serie de convenios con el Ministerio de Ambiente del Gobierno de la Naci\u00f3n, que permitir\u00e1n contribuir con equipamiento y herramientas para la gesti\u00f3n integral de los residuos s\u00f3lidos urbanos en la ciudad. En la ocasi\u00f3n, tambi\u00e9n se anticip\u00f3 la creaci\u00f3n de nuevos puestos de trabajo para los vecinos.<br>Durante su visita a la ciudad, el ministro de Ambiente y Desarrollo Sostenible de la Naci\u00f3n, Juan Cabandi\u00e9 observ\u00f3 que \u201cla ciudad de Ushuaia tiene una historia reciente de una mirada ambiental de movilidad sostenible y con tecnolog\u00eda de preservaci\u00f3n y cuidados de reservas naturales\u201d, y afirm\u00f3 que \u201ca trav\u00e9s de este convenio, que implica una inversi\u00f3n de casi cinco millones de d\u00f3lares, esta mirada se podr\u00e1 ver reflejada en la infraestructura urbana, movilidad sostenible, protecci\u00f3n y cuidados de la reserva municipal San Mart\u00edn\u201d.<br>Asimismo, subray\u00f3 cu\u00e1les son los atractivos naturales que tiene la ciudad, y aclar\u00f3 que \u201cal ser una ciudad tur\u00edstica con un entorno tan bello, tambi\u00e9n nos pone en un lugar de mayor empuje desde la Naci\u00f3n, para acompa\u00f1ar lo que ya ven\u00eda desarrollando el Municipio\u201d.<br>Sobre el convenio firmado, Cabandi\u00e9 explic\u00f3 que la iniciativa apunta a abordar \u201cuna infraestructura para las ciudades que han sido seleccionadas. Son cinco en el pa\u00eds y Ushuaia es una de ellas\u201d.<br>En tal sentido precis\u00f3 que \u201ctiene que ver con implementar mobiliario urbano o acciones de gobierno vinculadas con la baja de emisiones de gases de efecto invernadero y la captaci\u00f3n de los mismos\u201d, y agreg\u00f3 que el proyecto \u201cbusca sostenibilidad teniendo en cuenta que las ciudades son las que producen el 70 % de estos gases en el mundo\u201d.<br>Cabandie indic\u00f3 que \u201capuntamos a que los centros urbanos puedan enmarcarse dentro de lo que llamamos ciudades resilientes, es decir, con capacidad para adaptarse a los efectos del cambio clim\u00e1tico y que disminuyan su contaminaci\u00f3n\u201d, y remarc\u00f3: \u201cCelebramos que este financiamiento ayude a Ushuaia a continuar un camino que ya comenz\u00f3\u201d.<br>Por su parte C\u00e9sar Molina, responsable de la Secretar\u00eda de Medio Ambiente de Ushuaia -actualmente en uso de licencia-, celebr\u00f3 el convenio y explic\u00f3 que \u201cesta acci\u00f3n, no solamente facilitar\u00e1 el tratamiento de los residuos de manera adecuada, sino que tambi\u00e9n permitir\u00e1 crear nuevos puestos de trabajo en la ciudad\u201d.<br>Molina repas\u00f3 que \u201cmuchos de los residuos que llegan al relleno sanitario son reutilizables y pertenecen a la econom\u00eda circular, y ahora, a partir del equipamiento y de las herramientas nuevas podremos realizar un mejor aprovechamiento y as\u00ed, seguir contribuyendo a la gesti\u00f3n integral de los residuos urbanos\u201d, valor\u00f3.<br>El convenio referido al proyecto de \u2018Ciudades sostenibles\u2019 busca generar inversiones integrales bajas en carbono y conservaci\u00f3n en ciudades argentinas, y procura asistir a los municipios en la aceleraci\u00f3n del desarrollo urbano sostenible y resiliente frente al cambio clim\u00e1tico, as\u00ed como integrar y conservar la biodiversidad y reducir la degradaci\u00f3n de la tierra en la interfaz urbana y periurbana en esas ciudades. Prev\u00e9 un plazo de implementaci\u00f3n de 4 a\u00f1os.<\/p>\n\n\n\n<p>Fuente: http:\/\/www.eldiariodelfindelmundo.com\/noticias\/2022\/09\/12\/97946-la-municipalidad-y-nacion-firmaron-acuerdos-para-la-gestion-integral-de-residuos<\/p>\n","protected":false},"excerpt":{"rendered":"","protected":false},"author":6,"featured_media":76327,"comment_status":"open","ping_status":"open","sticky":false,"template":"","format":"standard","meta":{"site-sidebar-layout":"default","site-content-layout":"","ast-site-content-layout":"default","site-content-style":"default","site-sidebar-style":"default","ast-global-header-display":"","ast-banner-title-visibility":"","ast-main-header-display":"","ast-hfb-above-header-display":"","ast-hfb-below-header-display":"","ast-hfb-mobile-header-display":"","site-post-title":"","ast-breadcrumbs-content":"","ast-featured-img":"","footer-sml-layout":"","ast-disable-related-posts":"","theme-transparent-header-meta":"","adv-header-id-meta":"","stick-header-meta":"","header-above-stick-meta":"","header-main-stick-meta":"","header-below-stick-meta":"","astra-migrate-meta-layouts":"default","ast-page-background-enabled":"default","ast-page-background-meta":{"desktop":{"background-color":"var(--ast-global-color-5)","background-image":"","background-repeat":"repeat","background-position":"center center","background-size":"auto","background-attachment":"scroll","background-type":"","background-media":"","overlay-type":"","overlay-color":"","overlay-opacity":"","overlay-gradient":""},"tablet":{"background-color":"","background-image":"","background-repeat":"repeat","background-position":"center center","background-size":"auto","background-attachment":"scroll","background-type":"","background-media":"","overlay-type":"","overlay-color":"","overlay-opacity":"","overlay-gradient":""},"mobile":{"background-color":"","background-image":"","background-repeat":"repeat","background-position":"center center","background-size":"auto","background-attachment":"scroll","background-type":"","background-media":"","overlay-type":"","overlay-color":"","overlay-opacity":"","overlay-gradient":""}},"ast-content-background-meta":{"desktop":{"background-color":"var(--ast-global-color-4)","background-image":"","background-repeat":"repeat","background-position":"center center","background-size":"auto","background-attachment":"scroll","background-type":"","background-media":"","overlay-type":"","overlay-color":"","overlay-opacity":"","overlay-gradient":""},"tablet":{"background-color":"var(--ast-global-color-4)","background-image":"","background-repeat":"repeat","background-position":"center center","background-size":"auto","background-attachment":"scroll","background-type":"","background-media":"","overlay-type":"","overlay-color":"","overlay-opacity":"","overlay-gradient":""},"mobile":{"background-color":"var(--ast-global-color-4)","background-image":"","background-repeat":"repeat","background-position":"center center","background-size":"auto","background-attachment":"scroll","background-type":"","background-media":"","overlay-type":"","overlay-color":"","overlay-opacity":"","overlay-gradient":""}},"footnotes":""},"categories":[11,3357,1,13,10,25],"tags":[],"class_list":["post-76326","post","type-post","status-publish","format-standard","has-post-thumbnail","hentry","category-boletin","category-girsu","category-noticias","category-provinciales","category-rotador","category-tierra-del-fuego"],"yoast_head":"<!-- This site is optimized with the Yoast SEO Premium plugin v23.0 (Yoast SEO v27.4) - https:\/\/yoast.com\/product\/yoast-seo-premium-wordpress\/ -->\n<title>Acuerdos para la gesti\u00f3n de los residuos y ciudades sostenibles<\/title>\n<meta name=\"robots\" content=\"index, follow, max-snippet:-1, max-image-preview:large, max-video-preview:-1\" \/>\n<link rel=\"canonical\" href=\"https:\/\/patagoniambiental.com.ar\/info\/acuerdos-para-la-gestion-de-los-residuos-y-ciudades-sostenibles\/\" \/>\n<meta property=\"og:locale\" content=\"es_ES\" \/>\n<meta property=\"og:type\" content=\"article\" \/>\n<meta property=\"og:title\" content=\"Acuerdos para la gesti\u00f3n de los residuos y ciudades sostenibles\" \/>\n<meta property=\"og:url\" content=\"https:\/\/patagoniambiental.com.ar\/info\/acuerdos-para-la-gestion-de-los-residuos-y-ciudades-sostenibles\/\" \/>\n<meta property=\"og:site_name\" content=\"Patagonia Ambiental\" \/>\n<meta property=\"article:publisher\" content=\"https:\/\/www.facebook.com\/patagonia.ambiental\" \/>\n<meta property=\"article:published_time\" content=\"2022-09-12T10:00:00+00:00\" \/>\n<meta property=\"article:modified_time\" content=\"2022-09-15T11:44:35+00:00\" \/>\n<meta property=\"og:image\" content=\"https:\/\/patagoniambiental.com.ar\/info\/wp-content\/uploads\/2022\/09\/234.jpg\" \/>\n\t<meta property=\"og:image:width\" content=\"800\" \/>\n\t<meta property=\"og:image:height\" content=\"534\" \/>\n\t<meta property=\"og:image:type\" content=\"image\/jpeg\" \/>\n<meta name=\"author\" content=\"BRAIAN ESTEVEZ\" \/>\n<meta name=\"twitter:card\" content=\"summary_large_image\" \/>\n<meta name=\"twitter:creator\" content=\"@PatAmb\" \/>\n<meta name=\"twitter:site\" content=\"@PatAmb\" \/>\n<script type=\"application\/ld+json\" class=\"yoast-schema-graph\">{\"@context\":\"https:\\\/\\\/schema.org\",\"@graph\":[{\"@type\":\"Article\",\"@id\":\"https:\\\/\\\/patagoniambiental.com.ar\\\/info\\\/acuerdos-para-la-gestion-de-los-residuos-y-ciudades-sostenibles\\\/#article\",\"isPartOf\":{\"@id\":\"https:\\\/\\\/patagoniambiental.com.ar\\\/info\\\/acuerdos-para-la-gestion-de-los-residuos-y-ciudades-sostenibles\\\/\"},\"author\":{\"name\":\"BRAIAN ESTEVEZ\",\"@id\":\"https:\\\/\\\/patagoniambiental.com.ar\\\/info\\\/#\\\/schema\\\/person\\\/e5af09d700b2e82cb10c6b8800e0c691\"},\"headline\":\"Acuerdos para la gesti\u00f3n de los residuos y ciudades sostenibles\",\"datePublished\":\"2022-09-12T10:00:00+00:00\",\"dateModified\":\"2022-09-15T11:44:35+00:00\",\"mainEntityOfPage\":{\"@id\":\"https:\\\/\\\/patagoniambiental.com.ar\\\/info\\\/acuerdos-para-la-gestion-de-los-residuos-y-ciudades-sostenibles\\\/\"},\"wordCount\":583,\"commentCount\":0,\"publisher\":{\"@id\":\"https:\\\/\\\/patagoniambiental.com.ar\\\/info\\\/#organization\"},\"image\":{\"@id\":\"https:\\\/\\\/patagoniambiental.com.ar\\\/info\\\/acuerdos-para-la-gestion-de-los-residuos-y-ciudades-sostenibles\\\/#primaryimage\"},\"thumbnailUrl\":\"https:\\\/\\\/patagoniambiental.com.ar\\\/info\\\/wp-content\\\/uploads\\\/2022\\\/09\\\/234.jpg\",\"articleSection\":[\"Bolet\u00edn\",\"GIRSU\",\"Noticias\",\"Provinciales\",\"Rotador\",\"Tierra del Fuego\"],\"inLanguage\":\"es\",\"potentialAction\":[{\"@type\":\"CommentAction\",\"name\":\"Comment\",\"target\":[\"https:\\\/\\\/patagoniambiental.com.ar\\\/info\\\/acuerdos-para-la-gestion-de-los-residuos-y-ciudades-sostenibles\\\/#respond\"]}]},{\"@type\":\"WebPage\",\"@id\":\"https:\\\/\\\/patagoniambiental.com.ar\\\/info\\\/acuerdos-para-la-gestion-de-los-residuos-y-ciudades-sostenibles\\\/\",\"url\":\"https:\\\/\\\/patagoniambiental.com.ar\\\/info\\\/acuerdos-para-la-gestion-de-los-residuos-y-ciudades-sostenibles\\\/\",\"name\":\"Acuerdos para la gesti\u00f3n de los residuos y ciudades sostenibles\",\"isPartOf\":{\"@id\":\"https:\\\/\\\/patagoniambiental.com.ar\\\/info\\\/#website\"},\"primaryImageOfPage\":{\"@id\":\"https:\\\/\\\/patagoniambiental.com.ar\\\/info\\\/acuerdos-para-la-gestion-de-los-residuos-y-ciudades-sostenibles\\\/#primaryimage\"},\"image\":{\"@id\":\"https:\\\/\\\/patagoniambiental.com.ar\\\/info\\\/acuerdos-para-la-gestion-de-los-residuos-y-ciudades-sostenibles\\\/#primaryimage\"},\"thumbnailUrl\":\"https:\\\/\\\/patagoniambiental.com.ar\\\/info\\\/wp-content\\\/uploads\\\/2022\\\/09\\\/234.jpg\",\"datePublished\":\"2022-09-12T10:00:00+00:00\",\"dateModified\":\"2022-09-15T11:44:35+00:00\",\"breadcrumb\":{\"@id\":\"https:\\\/\\\/patagoniambiental.com.ar\\\/info\\\/acuerdos-para-la-gestion-de-los-residuos-y-ciudades-sostenibles\\\/#breadcrumb\"},\"inLanguage\":\"es\",\"potentialAction\":[{\"@type\":\"ReadAction\",\"target\":[\"https:\\\/\\\/patagoniambiental.com.ar\\\/info\\\/acuerdos-para-la-gestion-de-los-residuos-y-ciudades-sostenibles\\\/\"]}]},{\"@type\":\"ImageObject\",\"inLanguage\":\"es\",\"@id\":\"https:\\\/\\\/patagoniambiental.com.ar\\\/info\\\/acuerdos-para-la-gestion-de-los-residuos-y-ciudades-sostenibles\\\/#primaryimage\",\"url\":\"https:\\\/\\\/patagoniambiental.com.ar\\\/info\\\/wp-content\\\/uploads\\\/2022\\\/09\\\/234.jpg\",\"contentUrl\":\"https:\\\/\\\/patagoniambiental.com.ar\\\/info\\\/wp-content\\\/uploads\\\/2022\\\/09\\\/234.jpg\",\"width\":800,\"height\":534},{\"@type\":\"BreadcrumbList\",\"@id\":\"https:\\\/\\\/patagoniambiental.com.ar\\\/info\\\/acuerdos-para-la-gestion-de-los-residuos-y-ciudades-sostenibles\\\/#breadcrumb\",\"itemListElement\":[{\"@type\":\"ListItem\",\"position\":1,\"name\":\"Inicio\",\"item\":\"https:\\\/\\\/patagoniambiental.com.ar\\\/info\\\/\"},{\"@type\":\"ListItem\",\"position\":2,\"name\":\"Acuerdos para la gesti\u00f3n de los residuos y ciudades sostenibles\"}]},{\"@type\":\"WebSite\",\"@id\":\"https:\\\/\\\/patagoniambiental.com.ar\\\/info\\\/#website\",\"url\":\"https:\\\/\\\/patagoniambiental.com.ar\\\/info\\\/\",\"name\":\"Patagonia Ambiental\",\"description\":\"Monitoreo y an\u00e1lisis de la situaci\u00f3n geopol\u00edtica en el mundo y su implicancia en la Patagonia\",\"publisher\":{\"@id\":\"https:\\\/\\\/patagoniambiental.com.ar\\\/info\\\/#organization\"},\"potentialAction\":[{\"@type\":\"SearchAction\",\"target\":{\"@type\":\"EntryPoint\",\"urlTemplate\":\"https:\\\/\\\/patagoniambiental.com.ar\\\/info\\\/?s={search_term_string}\"},\"query-input\":{\"@type\":\"PropertyValueSpecification\",\"valueRequired\":true,\"valueName\":\"search_term_string\"}}],\"inLanguage\":\"es\"},{\"@type\":\"Organization\",\"@id\":\"https:\\\/\\\/patagoniambiental.com.ar\\\/info\\\/#organization\",\"name\":\"Patagonia Ambiental\",\"url\":\"https:\\\/\\\/patagoniambiental.com.ar\\\/info\\\/\",\"logo\":{\"@type\":\"ImageObject\",\"inLanguage\":\"es\",\"@id\":\"https:\\\/\\\/patagoniambiental.com.ar\\\/info\\\/#\\\/schema\\\/logo\\\/image\\\/\",\"url\":\"https:\\\/\\\/patagoniambiental.com.ar\\\/info\\\/wp-content\\\/uploads\\\/2025\\\/05\\\/LOGO-PATAGONIA-AMBIENTAL.png\",\"contentUrl\":\"https:\\\/\\\/patagoniambiental.com.ar\\\/info\\\/wp-content\\\/uploads\\\/2025\\\/05\\\/LOGO-PATAGONIA-AMBIENTAL.png\",\"width\":433,\"height\":250,\"caption\":\"Patagonia Ambiental\"},\"image\":{\"@id\":\"https:\\\/\\\/patagoniambiental.com.ar\\\/info\\\/#\\\/schema\\\/logo\\\/image\\\/\"},\"sameAs\":[\"https:\\\/\\\/www.facebook.com\\\/patagonia.ambiental\",\"https:\\\/\\\/x.com\\\/PatAmb\"]},{\"@type\":\"Person\",\"@id\":\"https:\\\/\\\/patagoniambiental.com.ar\\\/info\\\/#\\\/schema\\\/person\\\/e5af09d700b2e82cb10c6b8800e0c691\",\"name\":\"BRAIAN ESTEVEZ\",\"sameAs\":[\"http:\\\/\\\/www.patagoniambiental.com.ar\"]}]}<\/script>\n<!-- \/ Yoast SEO Premium plugin. -->","yoast_head_json":{"title":"Acuerdos para la gesti\u00f3n de los residuos y ciudades sostenibles","robots":{"index":"index","follow":"follow","max-snippet":"max-snippet:-1","max-image-preview":"max-image-preview:large","max-video-preview":"max-video-preview:-1"},"canonical":"https:\/\/patagoniambiental.com.ar\/info\/acuerdos-para-la-gestion-de-los-residuos-y-ciudades-sostenibles\/","og_locale":"es_ES","og_type":"article","og_title":"Acuerdos para la gesti\u00f3n de los residuos y ciudades sostenibles","og_url":"https:\/\/patagoniambiental.com.ar\/info\/acuerdos-para-la-gestion-de-los-residuos-y-ciudades-sostenibles\/","og_site_name":"Patagonia Ambiental","article_publisher":"https:\/\/www.facebook.com\/patagonia.ambiental","article_published_time":"2022-09-12T10:00:00+00:00","article_modified_time":"2022-09-15T11:44:35+00:00","og_image":[{"width":800,"height":534,"url":"https:\/\/patagoniambiental.com.ar\/info\/wp-content\/uploads\/2022\/09\/234.jpg","type":"image\/jpeg"}],"author":"BRAIAN ESTEVEZ","twitter_card":"summary_large_image","twitter_creator":"@PatAmb","twitter_site":"@PatAmb","schema":{"@context":"https:\/\/schema.org","@graph":[{"@type":"Article","@id":"https:\/\/patagoniambiental.com.ar\/info\/acuerdos-para-la-gestion-de-los-residuos-y-ciudades-sostenibles\/#article","isPartOf":{"@id":"https:\/\/patagoniambiental.com.ar\/info\/acuerdos-para-la-gestion-de-los-residuos-y-ciudades-sostenibles\/"},"author":{"name":"BRAIAN ESTEVEZ","@id":"https:\/\/patagoniambiental.com.ar\/info\/#\/schema\/person\/e5af09d700b2e82cb10c6b8800e0c691"},"headline":"Acuerdos para la gesti\u00f3n de los residuos y ciudades sostenibles","datePublished":"2022-09-12T10:00:00+00:00","dateModified":"2022-09-15T11:44:35+00:00","mainEntityOfPage":{"@id":"https:\/\/patagoniambiental.com.ar\/info\/acuerdos-para-la-gestion-de-los-residuos-y-ciudades-sostenibles\/"},"wordCount":583,"commentCount":0,"publisher":{"@id":"https:\/\/patagoniambiental.com.ar\/info\/#organization"},"image":{"@id":"https:\/\/patagoniambiental.com.ar\/info\/acuerdos-para-la-gestion-de-los-residuos-y-ciudades-sostenibles\/#primaryimage"},"thumbnailUrl":"https:\/\/patagoniambiental.com.ar\/info\/wp-content\/uploads\/2022\/09\/234.jpg","articleSection":["Bolet\u00edn","GIRSU","Noticias","Provinciales","Rotador","Tierra del Fuego"],"inLanguage":"es","potentialAction":[{"@type":"CommentAction","name":"Comment","target":["https:\/\/patagoniambiental.com.ar\/info\/acuerdos-para-la-gestion-de-los-residuos-y-ciudades-sostenibles\/#respond"]}]},{"@type":"WebPage","@id":"https:\/\/patagoniambiental.com.ar\/info\/acuerdos-para-la-gestion-de-los-residuos-y-ciudades-sostenibles\/","url":"https:\/\/patagoniambiental.com.ar\/info\/acuerdos-para-la-gestion-de-los-residuos-y-ciudades-sostenibles\/","name":"Acuerdos para la gesti\u00f3n de los residuos y ciudades sostenibles","isPartOf":{"@id":"https:\/\/patagoniambiental.com.ar\/info\/#website"},"primaryImageOfPage":{"@id":"https:\/\/patagoniambiental.com.ar\/info\/acuerdos-para-la-gestion-de-los-residuos-y-ciudades-sostenibles\/#primaryimage"},"image":{"@id":"https:\/\/patagoniambiental.com.ar\/info\/acuerdos-para-la-gestion-de-los-residuos-y-ciudades-sostenibles\/#primaryimage"},"thumbnailUrl":"https:\/\/patagoniambiental.com.ar\/info\/wp-content\/uploads\/2022\/09\/234.jpg","datePublished":"2022-09-12T10:00:00+00:00","dateModified":"2022-09-15T11:44:35+00:00","breadcrumb":{"@id":"https:\/\/patagoniambiental.com.ar\/info\/acuerdos-para-la-gestion-de-los-residuos-y-ciudades-sostenibles\/#breadcrumb"},"inLanguage":"es","potentialAction":[{"@type":"ReadAction","target":["https:\/\/patagoniambiental.com.ar\/info\/acuerdos-para-la-gestion-de-los-residuos-y-ciudades-sostenibles\/"]}]},{"@type":"ImageObject","inLanguage":"es","@id":"https:\/\/patagoniambiental.com.ar\/info\/acuerdos-para-la-gestion-de-los-residuos-y-ciudades-sostenibles\/#primaryimage","url":"https:\/\/patagoniambiental.com.ar\/info\/wp-content\/uploads\/2022\/09\/234.jpg","contentUrl":"https:\/\/patagoniambiental.com.ar\/info\/wp-content\/uploads\/2022\/09\/234.jpg","width":800,"height":534},{"@type":"BreadcrumbList","@id":"https:\/\/patagoniambiental.com.ar\/info\/acuerdos-para-la-gestion-de-los-residuos-y-ciudades-sostenibles\/#breadcrumb","itemListElement":[{"@type":"ListItem","position":1,"name":"Inicio","item":"https:\/\/patagoniambiental.com.ar\/info\/"},{"@type":"ListItem","position":2,"name":"Acuerdos para la gesti\u00f3n de los residuos y ciudades sostenibles"}]},{"@type":"WebSite","@id":"https:\/\/patagoniambiental.com.ar\/info\/#website","url":"https:\/\/patagoniambiental.com.ar\/info\/","name":"Patagonia Ambiental","description":"Monitoreo y an\u00e1lisis de la situaci\u00f3n geopol\u00edtica en el mundo y su implicancia en la Patagonia","publisher":{"@id":"https:\/\/patagoniambiental.com.ar\/info\/#organization"},"potentialAction":[{"@type":"SearchAction","target":{"@type":"EntryPoint","urlTemplate":"https:\/\/patagoniambiental.com.ar\/info\/?s={search_term_string}"},"query-input":{"@type":"PropertyValueSpecification","valueRequired":true,"valueName":"search_term_string"}}],"inLanguage":"es"},{"@type":"Organization","@id":"https:\/\/patagoniambiental.com.ar\/info\/#organization","name":"Patagonia Ambiental","url":"https:\/\/patagoniambiental.com.ar\/info\/","logo":{"@type":"ImageObject","inLanguage":"es","@id":"https:\/\/patagoniambiental.com.ar\/info\/#\/schema\/logo\/image\/","url":"https:\/\/patagoniambiental.com.ar\/info\/wp-content\/uploads\/2025\/05\/LOGO-PATAGONIA-AMBIENTAL.png","contentUrl":"https:\/\/patagoniambiental.com.ar\/info\/wp-content\/uploads\/2025\/05\/LOGO-PATAGONIA-AMBIENTAL.png","width":433,"height":250,"caption":"Patagonia Ambiental"},"image":{"@id":"https:\/\/patagoniambiental.com.ar\/info\/#\/schema\/logo\/image\/"},"sameAs":["https:\/\/www.facebook.com\/patagonia.ambiental","https:\/\/x.com\/PatAmb"]},{"@type":"Person","@id":"https:\/\/patagoniambiental.com.ar\/info\/#\/schema\/person\/e5af09d700b2e82cb10c6b8800e0c691","name":"BRAIAN ESTEVEZ","sameAs":["http:\/\/www.patagoniambiental.com.ar"]}]}},"_links":{"self":[{"href":"https:\/\/patagoniambiental.com.ar\/info\/wp-json\/wp\/v2\/posts\/76326","targetHints":{"allow":["GET"]}}],"collection":[{"href":"https:\/\/patagoniambiental.com.ar\/info\/wp-json\/wp\/v2\/posts"}],"about":[{"href":"https:\/\/patagoniambiental.com.ar\/info\/wp-json\/wp\/v2\/types\/post"}],"author":[{"embeddable":true,"href":"https:\/\/patagoniambiental.com.ar\/info\/wp-json\/wp\/v2\/users\/6"}],"replies":[{"embeddable":true,"href":"https:\/\/patagoniambiental.com.ar\/info\/wp-json\/wp\/v2\/comments?post=76326"}],"version-history":[{"count":0,"href":"https:\/\/patagoniambiental.com.ar\/info\/wp-json\/wp\/v2\/posts\/76326\/revisions"}],"wp:featuredmedia":[{"embeddable":true,"href":"https:\/\/patagoniambiental.com.ar\/info\/wp-json\/wp\/v2\/media\/76327"}],"wp:attachment":[{"href":"https:\/\/patagoniambiental.com.ar\/info\/wp-json\/wp\/v2\/media?parent=76326"}],"wp:term":[{"taxonomy":"category","embeddable":true,"href":"https:\/\/patagoniambiental.com.ar\/info\/wp-json\/wp\/v2\/categories?post=76326"},{"taxonomy":"post_tag","embeddable":true,"href":"https:\/\/patagoniambiental.com.ar\/info\/wp-json\/wp\/v2\/tags?post=76326"}],"curies":[{"name":"wp","href":"https:\/\/api.w.org\/{rel}","templated":true}]}}