{"id":76353,"date":"2022-09-17T07:00:00","date_gmt":"2022-09-17T10:00:00","guid":{"rendered":"http:\/\/patagoniambiental.com.ar\/info\/?p=76353"},"modified":"2022-09-19T18:55:13","modified_gmt":"2022-09-19T21:55:13","slug":"malvinas-y-la-soberania-en-el-atlantica-sur","status":"publish","type":"post","link":"https:\/\/patagoniambiental.com.ar\/info\/malvinas-y-la-soberania-en-el-atlantica-sur\/","title":{"rendered":"MALVINAS Y LA SOBERAN\u00cdA EN EL ATL\u00c1NTICA SUR"},"content":{"rendered":"\n<!--more-->\n\n\n\n<h4 class=\"wp-block-heading\">CU\u00c1NDO<\/h4>\n\n\n\n<p>26 de Sep<\/p>\n\n\n\n<p>18 hs.<\/p>\n\n\n\n<h4 class=\"wp-block-heading\">D\u00d3NDE<\/h4>\n\n\n\n<p>Campus UNRN Sede Atl\u00e1ntica &#8211; Youtube\/UNRNOficial<\/p>\n\n\n\n<p>RP N\u00ba 1 y Rotonda Cooperaci\u00f3n, Viedma<a href=\"javascript:;\">Ver Mapa<\/a><\/p>\n\n\n\n<h4 class=\"wp-block-heading\">M\u00c1S INFORMACI\u00d3N<\/h4>\n\n\n\n<p>extensi\u00f3n.atlantica@unrn.edu.ar<a href=\"https:\/\/www.unrn.edu.ar\/home\">INICIO<\/a>\/&nbsp;<a href=\"https:\/\/www.unrn.edu.ar\/eventos\">EVENTOS<\/a>\/&nbsp;MALVINAS Y LA SOBERAN\u00cdA EN EL ATL\u00c1NTICA SUR<a href=\"https:\/\/www.unrn.edu.ar\/eventos\">&lt; M\u00c1S EVENTOS<\/a><\/p>\n\n\n\n<p>Tercer encuentro de la c\u00e1tedra libre coorganizada por la UNRN Sede Atl\u00e1ntica.<strong>E<\/strong><\/p>\n\n\n\n<p>n el marco de la c\u00e1tedra libre \u00abMalvinas y la soberan\u00eda en el Atl\u00e1ntico Sur\u00bb, dirigida por el Mgr. Eduardo Figueroa, se llevar\u00e1 adelante en forma presencial y con transmisi\u00f3n en vivo, el tercer encuentro con las conferencias \u201cMalvinas: algunas precisiones metodol\u00f3gicas\u00bb, a cargo de la Dra. Rosana Guber, seguido de \u201cDesarrollo de contenidos sobre la dimensi\u00f3n simb\u00f3lica. La Batalla cultural\u201d con la exposici\u00f3n de la Dra. Mar\u00eda Sof\u00eda Vassallo.<\/p>\n\n\n\n<p>Rosana Gruber es Antrop\u00f3loga (UBA), investigadora principal del CONICET, docente universitaria. Es mag\u00edster en Ciencias Sociales (FLACSO), y Master of Arts y&nbsp; Ph.D (Universidad Johns Hopkins, EE.UU).&nbsp;<\/p>\n\n\n\n<p>Mar\u00eda Sof\u00eda Vassallo es Doctora en Ciencias Sociales (UBA) y Magister en An\u00e1lisis del Discurso (UBA), investigadora del Observatorio Malvinas (UNLa), del Instituto de Investigaci\u00f3n y Experimentaci\u00f3n en Arte y Cr\u00edtica (UNA) y del Instituto de Investigaciones y Documentaci\u00f3n Hist\u00f3rica del Peronismo (UNLaM).&nbsp;<\/p>\n\n\n\n<p>En esta ocasi\u00f3n las conferencias tendr\u00e1n lugar en el Campus de la Sede Atl\u00e1ntica y ser\u00e1n transmitidas en vivo por el canal oficial de Youtube de la UNRN.&nbsp;<\/p>\n\n\n\n<p>La C\u00e1tedra Libre surge desde el Observatorio de Malvinas (OM) de la Legislatura de la Provincia de R\u00edo Negro, respondiendo a la necesidad de contar con actividades de formaci\u00f3n, intercambio y debate respecto al estudio de los aspectos relacionados con la soberan\u00eda nacional, derivadas de la ocupaci\u00f3n extranjera de las Islas Malvinas, de otros territorios insulares y del Atl\u00e1ntico Sur, para las diferentes \u00e1reas de inter\u00e9s y disciplinas acad\u00e9micas.La actividad es coorganizada por la Universidad Nacional de Lan\u00fas (UNLa), la Universidad Nacional del Comahue (UNCo\/CURZA), la UNRN Sede Atl\u00e1ntica, y la Legislatura de R\u00edo Negro.<\/p>\n\n\n\n<p>Para inscribirse, en forma gratuita,&nbsp;<strong><a href=\"https:\/\/forms.gle\/umJyBsnmbWcTxbFH6\" target=\"_blank\" rel=\"noreferrer noopener\">completar este formulario.<\/a><\/strong><\/p>\n\n\n\n<p><strong>Cronograma:<\/strong><\/p>\n\n\n\n<p><strong>Tercer encuentro virtual:<\/strong><\/p>\n\n\n\n<p>Fecha: Lunes 26 de septiembre, 18 a 20,30hs. Momento 1: Conferencia \u201cMalvinas: algunas precisiones metodol\u00f3gicas\u00bb Disertante: Dra. Rosana Guber. Momento 2: Desarrollo de contenidos sobre la dimensi\u00f3n simb\u00f3lica. La Batalla cultural. Docente a cargo: Dra. Mar\u00eda Sof\u00eda Vassallo (OM-UNLa).&nbsp;<strong><a href=\"https:\/\/youtu.be\/4_CPf_FQCyA\" target=\"_blank\" rel=\"noreferrer noopener\">Ver encuentro en Youtube\/UNRNOficial.<\/a><\/strong><\/p>\n\n\n\n<p><strong>Cuarto encuentro virtual y cierre:<\/strong><\/p>\n\n\n\n<p>Fecha: Martes 4 de octubre 2022, 18 a 20,30hs. Conferencia: Posguerra y desmalvinizaci\u00f3n. Disertantes: Dr. Francisco Pestanha, Director del Departamento de Pol\u00edticas P\u00fablicas y Planificaci\u00f3n DPyPP &#8211; UNLa VGM y Cesar Trejo Director Observatorio Malvinas OM- UNLa.<\/p>\n\n\n\n<p>Fuente: UNRN<\/p>\n","protected":false},"excerpt":{"rendered":"","protected":false},"author":6,"featured_media":65865,"comment_status":"open","ping_status":"open","sticky":false,"template":"","format":"standard","meta":{"site-sidebar-layout":"default","site-content-layout":"","ast-site-content-layout":"default","site-content-style":"default","site-sidebar-style":"default","ast-global-header-display":"","ast-banner-title-visibility":"","ast-main-header-display":"","ast-hfb-above-header-display":"","ast-hfb-below-header-display":"","ast-hfb-mobile-header-display":"","site-post-title":"","ast-breadcrumbs-content":"","ast-featured-img":"","footer-sml-layout":"","ast-disable-related-posts":"","theme-transparent-header-meta":"","adv-header-id-meta":"","stick-header-meta":"","header-above-stick-meta":"","header-main-stick-meta":"","header-below-stick-meta":"","astra-migrate-meta-layouts":"default","ast-page-background-enabled":"default","ast-page-background-meta":{"desktop":{"background-color":"var(--ast-global-color-5)","background-image":"","background-repeat":"repeat","background-position":"center center","background-size":"auto","background-attachment":"scroll","background-type":"","background-media":"","overlay-type":"","overlay-color":"","overlay-opacity":"","overlay-gradient":""},"tablet":{"background-color":"","background-image":"","background-repeat":"repeat","background-position":"center center","background-size":"auto","background-attachment":"scroll","background-type":"","background-media":"","overlay-type":"","overlay-color":"","overlay-opacity":"","overlay-gradient":""},"mobile":{"background-color":"","background-image":"","background-repeat":"repeat","background-position":"center center","background-size":"auto","background-attachment":"scroll","background-type":"","background-media":"","overlay-type":"","overlay-color":"","overlay-opacity":"","overlay-gradient":""}},"ast-content-background-meta":{"desktop":{"background-color":"var(--ast-global-color-4)","background-image":"","background-repeat":"repeat","background-position":"center center","background-size":"auto","background-attachment":"scroll","background-type":"","background-media":"","overlay-type":"","overlay-color":"","overlay-opacity":"","overlay-gradient":""},"tablet":{"background-color":"var(--ast-global-color-4)","background-image":"","background-repeat":"repeat","background-position":"center center","background-size":"auto","background-attachment":"scroll","background-type":"","background-media":"","overlay-type":"","overlay-color":"","overlay-opacity":"","overlay-gradient":""},"mobile":{"background-color":"var(--ast-global-color-4)","background-image":"","background-repeat":"repeat","background-position":"center center","background-size":"auto","background-attachment":"scroll","background-type":"","background-media":"","overlay-type":"","overlay-color":"","overlay-opacity":"","overlay-gradient":""}},"footnotes":""},"categories":[12,11,1,10],"tags":[],"class_list":["post-76353","post","type-post","status-publish","format-standard","has-post-thumbnail","hentry","category-agenda-ambiental","category-boletin","category-noticias","category-rotador"],"yoast_head":"<!-- This site is optimized with the Yoast SEO Premium plugin v23.0 (Yoast SEO v27.4) - https:\/\/yoast.com\/product\/yoast-seo-premium-wordpress\/ -->\n<title>MALVINAS Y LA SOBERAN\u00cdA EN EL ATL\u00c1NTICA SUR<\/title>\n<meta name=\"robots\" content=\"index, follow, max-snippet:-1, max-image-preview:large, max-video-preview:-1\" \/>\n<link rel=\"canonical\" href=\"https:\/\/patagoniambiental.com.ar\/info\/malvinas-y-la-soberania-en-el-atlantica-sur\/\" \/>\n<meta property=\"og:locale\" content=\"es_ES\" \/>\n<meta property=\"og:type\" content=\"article\" \/>\n<meta property=\"og:title\" content=\"MALVINAS Y LA SOBERAN\u00cdA EN EL ATL\u00c1NTICA SUR\" \/>\n<meta property=\"og:url\" content=\"https:\/\/patagoniambiental.com.ar\/info\/malvinas-y-la-soberania-en-el-atlantica-sur\/\" \/>\n<meta property=\"og:site_name\" content=\"Patagonia Ambiental\" \/>\n<meta property=\"article:publisher\" content=\"https:\/\/www.facebook.com\/patagonia.ambiental\" \/>\n<meta property=\"article:published_time\" content=\"2022-09-17T10:00:00+00:00\" \/>\n<meta property=\"article:modified_time\" content=\"2022-09-19T21:55:13+00:00\" \/>\n<meta property=\"og:image\" content=\"https:\/\/patagoniambiental.com.ar\/info\/wp-content\/uploads\/2020\/04\/placa_malvinas_a_fb.jpg\" \/>\n\t<meta property=\"og:image:width\" content=\"1200\" \/>\n\t<meta property=\"og:image:height\" content=\"630\" \/>\n\t<meta property=\"og:image:type\" content=\"image\/jpeg\" \/>\n<meta name=\"author\" content=\"BRAIAN ESTEVEZ\" \/>\n<meta name=\"twitter:card\" content=\"summary_large_image\" \/>\n<meta name=\"twitter:creator\" content=\"@PatAmb\" \/>\n<meta name=\"twitter:site\" content=\"@PatAmb\" \/>\n<script type=\"application\/ld+json\" class=\"yoast-schema-graph\">{\"@context\":\"https:\\\/\\\/schema.org\",\"@graph\":[{\"@type\":\"Article\",\"@id\":\"https:\\\/\\\/patagoniambiental.com.ar\\\/info\\\/malvinas-y-la-soberania-en-el-atlantica-sur\\\/#article\",\"isPartOf\":{\"@id\":\"https:\\\/\\\/patagoniambiental.com.ar\\\/info\\\/malvinas-y-la-soberania-en-el-atlantica-sur\\\/\"},\"author\":{\"name\":\"BRAIAN ESTEVEZ\",\"@id\":\"https:\\\/\\\/patagoniambiental.com.ar\\\/info\\\/#\\\/schema\\\/person\\\/e5af09d700b2e82cb10c6b8800e0c691\"},\"headline\":\"MALVINAS Y LA SOBERAN\u00cdA EN EL ATL\u00c1NTICA SUR\",\"datePublished\":\"2022-09-17T10:00:00+00:00\",\"dateModified\":\"2022-09-19T21:55:13+00:00\",\"mainEntityOfPage\":{\"@id\":\"https:\\\/\\\/patagoniambiental.com.ar\\\/info\\\/malvinas-y-la-soberania-en-el-atlantica-sur\\\/\"},\"wordCount\":485,\"commentCount\":0,\"publisher\":{\"@id\":\"https:\\\/\\\/patagoniambiental.com.ar\\\/info\\\/#organization\"},\"image\":{\"@id\":\"https:\\\/\\\/patagoniambiental.com.ar\\\/info\\\/malvinas-y-la-soberania-en-el-atlantica-sur\\\/#primaryimage\"},\"thumbnailUrl\":\"https:\\\/\\\/patagoniambiental.com.ar\\\/info\\\/wp-content\\\/uploads\\\/2020\\\/04\\\/placa_malvinas_a_fb.jpg\",\"articleSection\":[\"Agenda Ambiental\",\"Bolet\u00edn\",\"Noticias\",\"Rotador\"],\"inLanguage\":\"es\",\"potentialAction\":[{\"@type\":\"CommentAction\",\"name\":\"Comment\",\"target\":[\"https:\\\/\\\/patagoniambiental.com.ar\\\/info\\\/malvinas-y-la-soberania-en-el-atlantica-sur\\\/#respond\"]}]},{\"@type\":\"WebPage\",\"@id\":\"https:\\\/\\\/patagoniambiental.com.ar\\\/info\\\/malvinas-y-la-soberania-en-el-atlantica-sur\\\/\",\"url\":\"https:\\\/\\\/patagoniambiental.com.ar\\\/info\\\/malvinas-y-la-soberania-en-el-atlantica-sur\\\/\",\"name\":\"MALVINAS Y LA SOBERAN\u00cdA EN EL ATL\u00c1NTICA SUR\",\"isPartOf\":{\"@id\":\"https:\\\/\\\/patagoniambiental.com.ar\\\/info\\\/#website\"},\"primaryImageOfPage\":{\"@id\":\"https:\\\/\\\/patagoniambiental.com.ar\\\/info\\\/malvinas-y-la-soberania-en-el-atlantica-sur\\\/#primaryimage\"},\"image\":{\"@id\":\"https:\\\/\\\/patagoniambiental.com.ar\\\/info\\\/malvinas-y-la-soberania-en-el-atlantica-sur\\\/#primaryimage\"},\"thumbnailUrl\":\"https:\\\/\\\/patagoniambiental.com.ar\\\/info\\\/wp-content\\\/uploads\\\/2020\\\/04\\\/placa_malvinas_a_fb.jpg\",\"datePublished\":\"2022-09-17T10:00:00+00:00\",\"dateModified\":\"2022-09-19T21:55:13+00:00\",\"breadcrumb\":{\"@id\":\"https:\\\/\\\/patagoniambiental.com.ar\\\/info\\\/malvinas-y-la-soberania-en-el-atlantica-sur\\\/#breadcrumb\"},\"inLanguage\":\"es\",\"potentialAction\":[{\"@type\":\"ReadAction\",\"target\":[\"https:\\\/\\\/patagoniambiental.com.ar\\\/info\\\/malvinas-y-la-soberania-en-el-atlantica-sur\\\/\"]}]},{\"@type\":\"ImageObject\",\"inLanguage\":\"es\",\"@id\":\"https:\\\/\\\/patagoniambiental.com.ar\\\/info\\\/malvinas-y-la-soberania-en-el-atlantica-sur\\\/#primaryimage\",\"url\":\"https:\\\/\\\/patagoniambiental.com.ar\\\/info\\\/wp-content\\\/uploads\\\/2020\\\/04\\\/placa_malvinas_a_fb.jpg\",\"contentUrl\":\"https:\\\/\\\/patagoniambiental.com.ar\\\/info\\\/wp-content\\\/uploads\\\/2020\\\/04\\\/placa_malvinas_a_fb.jpg\",\"width\":1143,\"height\":600},{\"@type\":\"BreadcrumbList\",\"@id\":\"https:\\\/\\\/patagoniambiental.com.ar\\\/info\\\/malvinas-y-la-soberania-en-el-atlantica-sur\\\/#breadcrumb\",\"itemListElement\":[{\"@type\":\"ListItem\",\"position\":1,\"name\":\"Inicio\",\"item\":\"https:\\\/\\\/patagoniambiental.com.ar\\\/info\\\/\"},{\"@type\":\"ListItem\",\"position\":2,\"name\":\"MALVINAS Y LA SOBERAN\u00cdA EN EL ATL\u00c1NTICA SUR\"}]},{\"@type\":\"WebSite\",\"@id\":\"https:\\\/\\\/patagoniambiental.com.ar\\\/info\\\/#website\",\"url\":\"https:\\\/\\\/patagoniambiental.com.ar\\\/info\\\/\",\"name\":\"Patagonia Ambiental\",\"description\":\"Monitoreo y an\u00e1lisis de la situaci\u00f3n geopol\u00edtica en el mundo y su implicancia en la Patagonia\",\"publisher\":{\"@id\":\"https:\\\/\\\/patagoniambiental.com.ar\\\/info\\\/#organization\"},\"potentialAction\":[{\"@type\":\"SearchAction\",\"target\":{\"@type\":\"EntryPoint\",\"urlTemplate\":\"https:\\\/\\\/patagoniambiental.com.ar\\\/info\\\/?s={search_term_string}\"},\"query-input\":{\"@type\":\"PropertyValueSpecification\",\"valueRequired\":true,\"valueName\":\"search_term_string\"}}],\"inLanguage\":\"es\"},{\"@type\":\"Organization\",\"@id\":\"https:\\\/\\\/patagoniambiental.com.ar\\\/info\\\/#organization\",\"name\":\"Patagonia Ambiental\",\"url\":\"https:\\\/\\\/patagoniambiental.com.ar\\\/info\\\/\",\"logo\":{\"@type\":\"ImageObject\",\"inLanguage\":\"es\",\"@id\":\"https:\\\/\\\/patagoniambiental.com.ar\\\/info\\\/#\\\/schema\\\/logo\\\/image\\\/\",\"url\":\"https:\\\/\\\/patagoniambiental.com.ar\\\/info\\\/wp-content\\\/uploads\\\/2025\\\/05\\\/LOGO-PATAGONIA-AMBIENTAL.png\",\"contentUrl\":\"https:\\\/\\\/patagoniambiental.com.ar\\\/info\\\/wp-content\\\/uploads\\\/2025\\\/05\\\/LOGO-PATAGONIA-AMBIENTAL.png\",\"width\":433,\"height\":250,\"caption\":\"Patagonia Ambiental\"},\"image\":{\"@id\":\"https:\\\/\\\/patagoniambiental.com.ar\\\/info\\\/#\\\/schema\\\/logo\\\/image\\\/\"},\"sameAs\":[\"https:\\\/\\\/www.facebook.com\\\/patagonia.ambiental\",\"https:\\\/\\\/x.com\\\/PatAmb\"]},{\"@type\":\"Person\",\"@id\":\"https:\\\/\\\/patagoniambiental.com.ar\\\/info\\\/#\\\/schema\\\/person\\\/e5af09d700b2e82cb10c6b8800e0c691\",\"name\":\"BRAIAN ESTEVEZ\",\"sameAs\":[\"http:\\\/\\\/www.patagoniambiental.com.ar\"]}]}<\/script>\n<!-- \/ Yoast SEO Premium plugin. -->","yoast_head_json":{"title":"MALVINAS Y LA SOBERAN\u00cdA EN EL ATL\u00c1NTICA SUR","robots":{"index":"index","follow":"follow","max-snippet":"max-snippet:-1","max-image-preview":"max-image-preview:large","max-video-preview":"max-video-preview:-1"},"canonical":"https:\/\/patagoniambiental.com.ar\/info\/malvinas-y-la-soberania-en-el-atlantica-sur\/","og_locale":"es_ES","og_type":"article","og_title":"MALVINAS Y LA SOBERAN\u00cdA EN EL ATL\u00c1NTICA SUR","og_url":"https:\/\/patagoniambiental.com.ar\/info\/malvinas-y-la-soberania-en-el-atlantica-sur\/","og_site_name":"Patagonia Ambiental","article_publisher":"https:\/\/www.facebook.com\/patagonia.ambiental","article_published_time":"2022-09-17T10:00:00+00:00","article_modified_time":"2022-09-19T21:55:13+00:00","og_image":[{"width":1200,"height":630,"url":"https:\/\/patagoniambiental.com.ar\/info\/wp-content\/uploads\/2020\/04\/placa_malvinas_a_fb.jpg","type":"image\/jpeg"}],"author":"BRAIAN ESTEVEZ","twitter_card":"summary_large_image","twitter_creator":"@PatAmb","twitter_site":"@PatAmb","schema":{"@context":"https:\/\/schema.org","@graph":[{"@type":"Article","@id":"https:\/\/patagoniambiental.com.ar\/info\/malvinas-y-la-soberania-en-el-atlantica-sur\/#article","isPartOf":{"@id":"https:\/\/patagoniambiental.com.ar\/info\/malvinas-y-la-soberania-en-el-atlantica-sur\/"},"author":{"name":"BRAIAN ESTEVEZ","@id":"https:\/\/patagoniambiental.com.ar\/info\/#\/schema\/person\/e5af09d700b2e82cb10c6b8800e0c691"},"headline":"MALVINAS Y LA SOBERAN\u00cdA EN EL ATL\u00c1NTICA SUR","datePublished":"2022-09-17T10:00:00+00:00","dateModified":"2022-09-19T21:55:13+00:00","mainEntityOfPage":{"@id":"https:\/\/patagoniambiental.com.ar\/info\/malvinas-y-la-soberania-en-el-atlantica-sur\/"},"wordCount":485,"commentCount":0,"publisher":{"@id":"https:\/\/patagoniambiental.com.ar\/info\/#organization"},"image":{"@id":"https:\/\/patagoniambiental.com.ar\/info\/malvinas-y-la-soberania-en-el-atlantica-sur\/#primaryimage"},"thumbnailUrl":"https:\/\/patagoniambiental.com.ar\/info\/wp-content\/uploads\/2020\/04\/placa_malvinas_a_fb.jpg","articleSection":["Agenda Ambiental","Bolet\u00edn","Noticias","Rotador"],"inLanguage":"es","potentialAction":[{"@type":"CommentAction","name":"Comment","target":["https:\/\/patagoniambiental.com.ar\/info\/malvinas-y-la-soberania-en-el-atlantica-sur\/#respond"]}]},{"@type":"WebPage","@id":"https:\/\/patagoniambiental.com.ar\/info\/malvinas-y-la-soberania-en-el-atlantica-sur\/","url":"https:\/\/patagoniambiental.com.ar\/info\/malvinas-y-la-soberania-en-el-atlantica-sur\/","name":"MALVINAS Y LA SOBERAN\u00cdA EN EL ATL\u00c1NTICA SUR","isPartOf":{"@id":"https:\/\/patagoniambiental.com.ar\/info\/#website"},"primaryImageOfPage":{"@id":"https:\/\/patagoniambiental.com.ar\/info\/malvinas-y-la-soberania-en-el-atlantica-sur\/#primaryimage"},"image":{"@id":"https:\/\/patagoniambiental.com.ar\/info\/malvinas-y-la-soberania-en-el-atlantica-sur\/#primaryimage"},"thumbnailUrl":"https:\/\/patagoniambiental.com.ar\/info\/wp-content\/uploads\/2020\/04\/placa_malvinas_a_fb.jpg","datePublished":"2022-09-17T10:00:00+00:00","dateModified":"2022-09-19T21:55:13+00:00","breadcrumb":{"@id":"https:\/\/patagoniambiental.com.ar\/info\/malvinas-y-la-soberania-en-el-atlantica-sur\/#breadcrumb"},"inLanguage":"es","potentialAction":[{"@type":"ReadAction","target":["https:\/\/patagoniambiental.com.ar\/info\/malvinas-y-la-soberania-en-el-atlantica-sur\/"]}]},{"@type":"ImageObject","inLanguage":"es","@id":"https:\/\/patagoniambiental.com.ar\/info\/malvinas-y-la-soberania-en-el-atlantica-sur\/#primaryimage","url":"https:\/\/patagoniambiental.com.ar\/info\/wp-content\/uploads\/2020\/04\/placa_malvinas_a_fb.jpg","contentUrl":"https:\/\/patagoniambiental.com.ar\/info\/wp-content\/uploads\/2020\/04\/placa_malvinas_a_fb.jpg","width":1143,"height":600},{"@type":"BreadcrumbList","@id":"https:\/\/patagoniambiental.com.ar\/info\/malvinas-y-la-soberania-en-el-atlantica-sur\/#breadcrumb","itemListElement":[{"@type":"ListItem","position":1,"name":"Inicio","item":"https:\/\/patagoniambiental.com.ar\/info\/"},{"@type":"ListItem","position":2,"name":"MALVINAS Y LA SOBERAN\u00cdA EN EL ATL\u00c1NTICA SUR"}]},{"@type":"WebSite","@id":"https:\/\/patagoniambiental.com.ar\/info\/#website","url":"https:\/\/patagoniambiental.com.ar\/info\/","name":"Patagonia Ambiental","description":"Monitoreo y an\u00e1lisis de la situaci\u00f3n geopol\u00edtica en el mundo y su implicancia en la Patagonia","publisher":{"@id":"https:\/\/patagoniambiental.com.ar\/info\/#organization"},"potentialAction":[{"@type":"SearchAction","target":{"@type":"EntryPoint","urlTemplate":"https:\/\/patagoniambiental.com.ar\/info\/?s={search_term_string}"},"query-input":{"@type":"PropertyValueSpecification","valueRequired":true,"valueName":"search_term_string"}}],"inLanguage":"es"},{"@type":"Organization","@id":"https:\/\/patagoniambiental.com.ar\/info\/#organization","name":"Patagonia Ambiental","url":"https:\/\/patagoniambiental.com.ar\/info\/","logo":{"@type":"ImageObject","inLanguage":"es","@id":"https:\/\/patagoniambiental.com.ar\/info\/#\/schema\/logo\/image\/","url":"https:\/\/patagoniambiental.com.ar\/info\/wp-content\/uploads\/2025\/05\/LOGO-PATAGONIA-AMBIENTAL.png","contentUrl":"https:\/\/patagoniambiental.com.ar\/info\/wp-content\/uploads\/2025\/05\/LOGO-PATAGONIA-AMBIENTAL.png","width":433,"height":250,"caption":"Patagonia Ambiental"},"image":{"@id":"https:\/\/patagoniambiental.com.ar\/info\/#\/schema\/logo\/image\/"},"sameAs":["https:\/\/www.facebook.com\/patagonia.ambiental","https:\/\/x.com\/PatAmb"]},{"@type":"Person","@id":"https:\/\/patagoniambiental.com.ar\/info\/#\/schema\/person\/e5af09d700b2e82cb10c6b8800e0c691","name":"BRAIAN ESTEVEZ","sameAs":["http:\/\/www.patagoniambiental.com.ar"]}]}},"_links":{"self":[{"href":"https:\/\/patagoniambiental.com.ar\/info\/wp-json\/wp\/v2\/posts\/76353","targetHints":{"allow":["GET"]}}],"collection":[{"href":"https:\/\/patagoniambiental.com.ar\/info\/wp-json\/wp\/v2\/posts"}],"about":[{"href":"https:\/\/patagoniambiental.com.ar\/info\/wp-json\/wp\/v2\/types\/post"}],"author":[{"embeddable":true,"href":"https:\/\/patagoniambiental.com.ar\/info\/wp-json\/wp\/v2\/users\/6"}],"replies":[{"embeddable":true,"href":"https:\/\/patagoniambiental.com.ar\/info\/wp-json\/wp\/v2\/comments?post=76353"}],"version-history":[{"count":0,"href":"https:\/\/patagoniambiental.com.ar\/info\/wp-json\/wp\/v2\/posts\/76353\/revisions"}],"wp:featuredmedia":[{"embeddable":true,"href":"https:\/\/patagoniambiental.com.ar\/info\/wp-json\/wp\/v2\/media\/65865"}],"wp:attachment":[{"href":"https:\/\/patagoniambiental.com.ar\/info\/wp-json\/wp\/v2\/media?parent=76353"}],"wp:term":[{"taxonomy":"category","embeddable":true,"href":"https:\/\/patagoniambiental.com.ar\/info\/wp-json\/wp\/v2\/categories?post=76353"},{"taxonomy":"post_tag","embeddable":true,"href":"https:\/\/patagoniambiental.com.ar\/info\/wp-json\/wp\/v2\/tags?post=76353"}],"curies":[{"name":"wp","href":"https:\/\/api.w.org\/{rel}","templated":true}]}}