{"id":76362,"date":"2022-09-19T19:00:00","date_gmt":"2022-09-19T22:00:00","guid":{"rendered":"http:\/\/patagoniambiental.com.ar\/info\/?p=76362"},"modified":"2022-09-23T20:02:34","modified_gmt":"2022-09-23T23:02:34","slug":"el-corredor-bioceanico-presento-proyecto-portuario-en-un-congreso-nacional","status":"publish","type":"post","link":"https:\/\/patagoniambiental.com.ar\/info\/el-corredor-bioceanico-presento-proyecto-portuario-en-un-congreso-nacional\/","title":{"rendered":"El Corredor Bioce\u00e1nico present\u00f3 proyecto portuario en un Congreso Nacional"},"content":{"rendered":"\n<!--more-->\n\n\n\n<h4 class=\"wp-block-heading\">Por primera vez R\u00edo Negro particip\u00f3 en el XII Congreso Argentino de Ingenier\u00eda Portuaria, donde present\u00f3 el proyecto del Polo Log\u00edstico Pesquero y N\u00e1utico Deportivo a desarrollarse en el Puerto de SAE.<\/h4>\n\n\n\n<h6 class=\"wp-block-heading\">El Congreso tuvo lugar en Buenos Aires.Cr\u00e9dito:\u00a0Gobierno de R\u00edo Negro<\/h6>\n\n\n\n<p>Al haber tomado la provincia la iniciativa de encarar un proyecto portuario de tal magnitud, la Asociaci\u00f3n Argentina de Ingenieros Portuarios solicitaron al Corredor Bioce\u00e1nico Norpatag\u00f3nico exponer los alcances de las propuestas portuarias que est\u00e1 encarando el Gobierno rovincial.<\/p>\n\n\n\n<p>Al respecto, el presidente del Corredor Bioce\u00e1nico Norpatag\u00f3nico, Luis Giordano, expuso sobre los avances de los estudios para el desarrollo del Polo Log\u00edstico pesquero y n\u00e1utico Deportivo.<\/p>\n\n\n\n<p>El evento tuvo lugar en la Ciudad de Buenos Aires, organizado por la Asociaci\u00f3n Argentina de Ingenieros Portuarios (AADIP). Cont\u00f3 con la participaci\u00f3n de expertos nacionales e internacionales para intercambiar las mejores pr\u00e1cticas en la administraci\u00f3n de hidrov\u00edas, transporte fluvial, puertos, costas y medio ambiente.<\/p>\n\n\n\n<p>Giordano realiz\u00f3 una descripci\u00f3n del Puerto de San Antonio Este, \u00fanico puerto comercial en funcionamiento de la provincia, emplazado en el \u00c1rea Natural Protegida Bah\u00eda San Antonio visitada por miles de turistas al a\u00f1o.<\/p>\n\n\n\n<p>Explic\u00f3 que la actividad principal es la exportaci\u00f3n de fruta y jugo producidos en el Alto Valle y como los vol\u00famenes decrecientes movilizados durante los \u00faltimos 10 a\u00f1os est\u00e1n abreviando la estacionalidad de la operatoria portuaria, el Gobierno Provincial impuls\u00f3 la realizaci\u00f3n de un Estudio T\u00e9cnico tendiente a buscar alternativas comerciales que complementen la actividad actual y optimicen las condiciones de infraestructura existente, con el prop\u00f3sito de lograr incrementar la operatoria la mayor parte del a\u00f1o.<\/p>\n\n\n\n<p>El foco del Estudio se orient\u00f3 a la actividad pesquera llevada a cabo en la plataforma continental por ser relevante en t\u00e9rminos econ\u00f3micos, al requerir y absorber una importante cantidad de mano de obra en forma directa e indirecta, y por generar un volumen de actividades complementarias por el mantenimiento, la log\u00edstica, la guarda, las reparaciones y otros servicios vinculados. El puerto no dispone de la infraestructura ni servicios de apoyo que la actividad pesquera requiere, pero cuenta con el potencial necesario para consolidarse como el puerto pesquero m\u00e1s importante de la zona, satisfaciendo las necesidades de la flota que actualmente opera en varias pesquer\u00edas en la plataforma continental y que tienen a PSAE como uno de los m\u00e1s pr\u00f3ximos a la zona de operaci\u00f3n.<\/p>\n\n\n\n<p>Para desarrollar dicho potencial es de vital importancia la definici\u00f3n de estrategias y pol\u00edticas provinciales adecuadas y sostenidas en el tiempo. Es por ello que el estudio es el puntapi\u00e9 inicial para la definici\u00f3n de dichas estrategias.<\/p>\n\n\n\n<p>Fuente: https:\/\/corredorbioceanico.rionegro.gov.ar\/articulo\/43487\/el-corredor-bioceanico-presento-proyecto-portuario-en-un-congreso-nacional?n=NDQ0<\/p>\n","protected":false},"excerpt":{"rendered":"","protected":false},"author":6,"featured_media":76363,"comment_status":"open","ping_status":"open","sticky":false,"template":"","format":"standard","meta":{"site-sidebar-layout":"default","site-content-layout":"","ast-site-content-layout":"default","site-content-style":"default","site-sidebar-style":"default","ast-global-header-display":"","ast-banner-title-visibility":"","ast-main-header-display":"","ast-hfb-above-header-display":"","ast-hfb-below-header-display":"","ast-hfb-mobile-header-display":"","site-post-title":"","ast-breadcrumbs-content":"","ast-featured-img":"","footer-sml-layout":"","ast-disable-related-posts":"","theme-transparent-header-meta":"","adv-header-id-meta":"","stick-header-meta":"","header-above-stick-meta":"","header-main-stick-meta":"","header-below-stick-meta":"","astra-migrate-meta-layouts":"default","ast-page-background-enabled":"default","ast-page-background-meta":{"desktop":{"background-color":"var(--ast-global-color-5)","background-image":"","background-repeat":"repeat","background-position":"center center","background-size":"auto","background-attachment":"scroll","background-type":"","background-media":"","overlay-type":"","overlay-color":"","overlay-opacity":"","overlay-gradient":""},"tablet":{"background-color":"","background-image":"","background-repeat":"repeat","background-position":"center center","background-size":"auto","background-attachment":"scroll","background-type":"","background-media":"","overlay-type":"","overlay-color":"","overlay-opacity":"","overlay-gradient":""},"mobile":{"background-color":"","background-image":"","background-repeat":"repeat","background-position":"center center","background-size":"auto","background-attachment":"scroll","background-type":"","background-media":"","overlay-type":"","overlay-color":"","overlay-opacity":"","overlay-gradient":""}},"ast-content-background-meta":{"desktop":{"background-color":"var(--ast-global-color-4)","background-image":"","background-repeat":"repeat","background-position":"center center","background-size":"auto","background-attachment":"scroll","background-type":"","background-media":"","overlay-type":"","overlay-color":"","overlay-opacity":"","overlay-gradient":""},"tablet":{"background-color":"var(--ast-global-color-4)","background-image":"","background-repeat":"repeat","background-position":"center center","background-size":"auto","background-attachment":"scroll","background-type":"","background-media":"","overlay-type":"","overlay-color":"","overlay-opacity":"","overlay-gradient":""},"mobile":{"background-color":"var(--ast-global-color-4)","background-image":"","background-repeat":"repeat","background-position":"center center","background-size":"auto","background-attachment":"scroll","background-type":"","background-media":"","overlay-type":"","overlay-color":"","overlay-opacity":"","overlay-gradient":""}},"footnotes":""},"categories":[11,19,1,10],"tags":[],"class_list":["post-76362","post","type-post","status-publish","format-standard","has-post-thumbnail","hentry","category-boletin","category-nacionales","category-noticias","category-rotador"],"yoast_head":"<!-- This site is optimized with the Yoast SEO Premium plugin v23.0 (Yoast SEO v27.4) - https:\/\/yoast.com\/product\/yoast-seo-premium-wordpress\/ -->\n<title>El Corredor Bioce\u00e1nico present\u00f3 proyecto portuario en un Congreso Nacional<\/title>\n<meta name=\"robots\" content=\"index, follow, max-snippet:-1, max-image-preview:large, max-video-preview:-1\" \/>\n<link rel=\"canonical\" href=\"https:\/\/patagoniambiental.com.ar\/info\/el-corredor-bioceanico-presento-proyecto-portuario-en-un-congreso-nacional\/\" \/>\n<meta property=\"og:locale\" content=\"es_ES\" \/>\n<meta property=\"og:type\" content=\"article\" \/>\n<meta property=\"og:title\" content=\"El Corredor Bioce\u00e1nico present\u00f3 proyecto portuario en un Congreso Nacional\" \/>\n<meta property=\"og:url\" content=\"https:\/\/patagoniambiental.com.ar\/info\/el-corredor-bioceanico-presento-proyecto-portuario-en-un-congreso-nacional\/\" \/>\n<meta property=\"og:site_name\" content=\"Patagonia Ambiental\" \/>\n<meta property=\"article:publisher\" content=\"https:\/\/www.facebook.com\/patagonia.ambiental\" \/>\n<meta property=\"article:published_time\" content=\"2022-09-19T22:00:00+00:00\" \/>\n<meta property=\"article:modified_time\" content=\"2022-09-23T23:02:34+00:00\" \/>\n<meta property=\"og:image\" content=\"https:\/\/patagoniambiental.com.ar\/info\/wp-content\/uploads\/2022\/09\/Sin-titulo-4.png\" \/>\n\t<meta property=\"og:image:width\" content=\"985\" \/>\n\t<meta property=\"og:image:height\" content=\"512\" \/>\n\t<meta property=\"og:image:type\" content=\"image\/png\" \/>\n<meta name=\"author\" content=\"BRAIAN ESTEVEZ\" \/>\n<meta name=\"twitter:card\" content=\"summary_large_image\" \/>\n<meta name=\"twitter:creator\" content=\"@PatAmb\" \/>\n<meta name=\"twitter:site\" content=\"@PatAmb\" \/>\n<script type=\"application\/ld+json\" class=\"yoast-schema-graph\">{\"@context\":\"https:\\\/\\\/schema.org\",\"@graph\":[{\"@type\":\"Article\",\"@id\":\"https:\\\/\\\/patagoniambiental.com.ar\\\/info\\\/el-corredor-bioceanico-presento-proyecto-portuario-en-un-congreso-nacional\\\/#article\",\"isPartOf\":{\"@id\":\"https:\\\/\\\/patagoniambiental.com.ar\\\/info\\\/el-corredor-bioceanico-presento-proyecto-portuario-en-un-congreso-nacional\\\/\"},\"author\":{\"name\":\"BRAIAN ESTEVEZ\",\"@id\":\"https:\\\/\\\/patagoniambiental.com.ar\\\/info\\\/#\\\/schema\\\/person\\\/e5af09d700b2e82cb10c6b8800e0c691\"},\"headline\":\"El Corredor Bioce\u00e1nico present\u00f3 proyecto portuario en un Congreso Nacional\",\"datePublished\":\"2022-09-19T22:00:00+00:00\",\"dateModified\":\"2022-09-23T23:02:34+00:00\",\"mainEntityOfPage\":{\"@id\":\"https:\\\/\\\/patagoniambiental.com.ar\\\/info\\\/el-corredor-bioceanico-presento-proyecto-portuario-en-un-congreso-nacional\\\/\"},\"wordCount\":487,\"commentCount\":0,\"publisher\":{\"@id\":\"https:\\\/\\\/patagoniambiental.com.ar\\\/info\\\/#organization\"},\"image\":{\"@id\":\"https:\\\/\\\/patagoniambiental.com.ar\\\/info\\\/el-corredor-bioceanico-presento-proyecto-portuario-en-un-congreso-nacional\\\/#primaryimage\"},\"thumbnailUrl\":\"https:\\\/\\\/patagoniambiental.com.ar\\\/info\\\/wp-content\\\/uploads\\\/2022\\\/09\\\/Sin-titulo-4.png\",\"articleSection\":[\"Bolet\u00edn\",\"Nacionales\",\"Noticias\",\"Rotador\"],\"inLanguage\":\"es\",\"potentialAction\":[{\"@type\":\"CommentAction\",\"name\":\"Comment\",\"target\":[\"https:\\\/\\\/patagoniambiental.com.ar\\\/info\\\/el-corredor-bioceanico-presento-proyecto-portuario-en-un-congreso-nacional\\\/#respond\"]}]},{\"@type\":\"WebPage\",\"@id\":\"https:\\\/\\\/patagoniambiental.com.ar\\\/info\\\/el-corredor-bioceanico-presento-proyecto-portuario-en-un-congreso-nacional\\\/\",\"url\":\"https:\\\/\\\/patagoniambiental.com.ar\\\/info\\\/el-corredor-bioceanico-presento-proyecto-portuario-en-un-congreso-nacional\\\/\",\"name\":\"El Corredor Bioce\u00e1nico present\u00f3 proyecto portuario en un Congreso Nacional\",\"isPartOf\":{\"@id\":\"https:\\\/\\\/patagoniambiental.com.ar\\\/info\\\/#website\"},\"primaryImageOfPage\":{\"@id\":\"https:\\\/\\\/patagoniambiental.com.ar\\\/info\\\/el-corredor-bioceanico-presento-proyecto-portuario-en-un-congreso-nacional\\\/#primaryimage\"},\"image\":{\"@id\":\"https:\\\/\\\/patagoniambiental.com.ar\\\/info\\\/el-corredor-bioceanico-presento-proyecto-portuario-en-un-congreso-nacional\\\/#primaryimage\"},\"thumbnailUrl\":\"https:\\\/\\\/patagoniambiental.com.ar\\\/info\\\/wp-content\\\/uploads\\\/2022\\\/09\\\/Sin-titulo-4.png\",\"datePublished\":\"2022-09-19T22:00:00+00:00\",\"dateModified\":\"2022-09-23T23:02:34+00:00\",\"breadcrumb\":{\"@id\":\"https:\\\/\\\/patagoniambiental.com.ar\\\/info\\\/el-corredor-bioceanico-presento-proyecto-portuario-en-un-congreso-nacional\\\/#breadcrumb\"},\"inLanguage\":\"es\",\"potentialAction\":[{\"@type\":\"ReadAction\",\"target\":[\"https:\\\/\\\/patagoniambiental.com.ar\\\/info\\\/el-corredor-bioceanico-presento-proyecto-portuario-en-un-congreso-nacional\\\/\"]}]},{\"@type\":\"ImageObject\",\"inLanguage\":\"es\",\"@id\":\"https:\\\/\\\/patagoniambiental.com.ar\\\/info\\\/el-corredor-bioceanico-presento-proyecto-portuario-en-un-congreso-nacional\\\/#primaryimage\",\"url\":\"https:\\\/\\\/patagoniambiental.com.ar\\\/info\\\/wp-content\\\/uploads\\\/2022\\\/09\\\/Sin-titulo-4.png\",\"contentUrl\":\"https:\\\/\\\/patagoniambiental.com.ar\\\/info\\\/wp-content\\\/uploads\\\/2022\\\/09\\\/Sin-titulo-4.png\",\"width\":985,\"height\":512},{\"@type\":\"BreadcrumbList\",\"@id\":\"https:\\\/\\\/patagoniambiental.com.ar\\\/info\\\/el-corredor-bioceanico-presento-proyecto-portuario-en-un-congreso-nacional\\\/#breadcrumb\",\"itemListElement\":[{\"@type\":\"ListItem\",\"position\":1,\"name\":\"Inicio\",\"item\":\"https:\\\/\\\/patagoniambiental.com.ar\\\/info\\\/\"},{\"@type\":\"ListItem\",\"position\":2,\"name\":\"El Corredor Bioce\u00e1nico present\u00f3 proyecto portuario en un Congreso Nacional\"}]},{\"@type\":\"WebSite\",\"@id\":\"https:\\\/\\\/patagoniambiental.com.ar\\\/info\\\/#website\",\"url\":\"https:\\\/\\\/patagoniambiental.com.ar\\\/info\\\/\",\"name\":\"Patagonia Ambiental\",\"description\":\"Monitoreo y an\u00e1lisis de la situaci\u00f3n geopol\u00edtica en el mundo y su implicancia en la Patagonia\",\"publisher\":{\"@id\":\"https:\\\/\\\/patagoniambiental.com.ar\\\/info\\\/#organization\"},\"potentialAction\":[{\"@type\":\"SearchAction\",\"target\":{\"@type\":\"EntryPoint\",\"urlTemplate\":\"https:\\\/\\\/patagoniambiental.com.ar\\\/info\\\/?s={search_term_string}\"},\"query-input\":{\"@type\":\"PropertyValueSpecification\",\"valueRequired\":true,\"valueName\":\"search_term_string\"}}],\"inLanguage\":\"es\"},{\"@type\":\"Organization\",\"@id\":\"https:\\\/\\\/patagoniambiental.com.ar\\\/info\\\/#organization\",\"name\":\"Patagonia Ambiental\",\"url\":\"https:\\\/\\\/patagoniambiental.com.ar\\\/info\\\/\",\"logo\":{\"@type\":\"ImageObject\",\"inLanguage\":\"es\",\"@id\":\"https:\\\/\\\/patagoniambiental.com.ar\\\/info\\\/#\\\/schema\\\/logo\\\/image\\\/\",\"url\":\"https:\\\/\\\/patagoniambiental.com.ar\\\/info\\\/wp-content\\\/uploads\\\/2025\\\/05\\\/LOGO-PATAGONIA-AMBIENTAL.png\",\"contentUrl\":\"https:\\\/\\\/patagoniambiental.com.ar\\\/info\\\/wp-content\\\/uploads\\\/2025\\\/05\\\/LOGO-PATAGONIA-AMBIENTAL.png\",\"width\":433,\"height\":250,\"caption\":\"Patagonia Ambiental\"},\"image\":{\"@id\":\"https:\\\/\\\/patagoniambiental.com.ar\\\/info\\\/#\\\/schema\\\/logo\\\/image\\\/\"},\"sameAs\":[\"https:\\\/\\\/www.facebook.com\\\/patagonia.ambiental\",\"https:\\\/\\\/x.com\\\/PatAmb\"]},{\"@type\":\"Person\",\"@id\":\"https:\\\/\\\/patagoniambiental.com.ar\\\/info\\\/#\\\/schema\\\/person\\\/e5af09d700b2e82cb10c6b8800e0c691\",\"name\":\"BRAIAN ESTEVEZ\",\"sameAs\":[\"http:\\\/\\\/www.patagoniambiental.com.ar\"]}]}<\/script>\n<!-- \/ Yoast SEO Premium plugin. -->","yoast_head_json":{"title":"El Corredor Bioce\u00e1nico present\u00f3 proyecto portuario en un Congreso Nacional","robots":{"index":"index","follow":"follow","max-snippet":"max-snippet:-1","max-image-preview":"max-image-preview:large","max-video-preview":"max-video-preview:-1"},"canonical":"https:\/\/patagoniambiental.com.ar\/info\/el-corredor-bioceanico-presento-proyecto-portuario-en-un-congreso-nacional\/","og_locale":"es_ES","og_type":"article","og_title":"El Corredor Bioce\u00e1nico present\u00f3 proyecto portuario en un Congreso Nacional","og_url":"https:\/\/patagoniambiental.com.ar\/info\/el-corredor-bioceanico-presento-proyecto-portuario-en-un-congreso-nacional\/","og_site_name":"Patagonia Ambiental","article_publisher":"https:\/\/www.facebook.com\/patagonia.ambiental","article_published_time":"2022-09-19T22:00:00+00:00","article_modified_time":"2022-09-23T23:02:34+00:00","og_image":[{"width":985,"height":512,"url":"https:\/\/patagoniambiental.com.ar\/info\/wp-content\/uploads\/2022\/09\/Sin-titulo-4.png","type":"image\/png"}],"author":"BRAIAN ESTEVEZ","twitter_card":"summary_large_image","twitter_creator":"@PatAmb","twitter_site":"@PatAmb","schema":{"@context":"https:\/\/schema.org","@graph":[{"@type":"Article","@id":"https:\/\/patagoniambiental.com.ar\/info\/el-corredor-bioceanico-presento-proyecto-portuario-en-un-congreso-nacional\/#article","isPartOf":{"@id":"https:\/\/patagoniambiental.com.ar\/info\/el-corredor-bioceanico-presento-proyecto-portuario-en-un-congreso-nacional\/"},"author":{"name":"BRAIAN ESTEVEZ","@id":"https:\/\/patagoniambiental.com.ar\/info\/#\/schema\/person\/e5af09d700b2e82cb10c6b8800e0c691"},"headline":"El Corredor Bioce\u00e1nico present\u00f3 proyecto portuario en un Congreso Nacional","datePublished":"2022-09-19T22:00:00+00:00","dateModified":"2022-09-23T23:02:34+00:00","mainEntityOfPage":{"@id":"https:\/\/patagoniambiental.com.ar\/info\/el-corredor-bioceanico-presento-proyecto-portuario-en-un-congreso-nacional\/"},"wordCount":487,"commentCount":0,"publisher":{"@id":"https:\/\/patagoniambiental.com.ar\/info\/#organization"},"image":{"@id":"https:\/\/patagoniambiental.com.ar\/info\/el-corredor-bioceanico-presento-proyecto-portuario-en-un-congreso-nacional\/#primaryimage"},"thumbnailUrl":"https:\/\/patagoniambiental.com.ar\/info\/wp-content\/uploads\/2022\/09\/Sin-titulo-4.png","articleSection":["Bolet\u00edn","Nacionales","Noticias","Rotador"],"inLanguage":"es","potentialAction":[{"@type":"CommentAction","name":"Comment","target":["https:\/\/patagoniambiental.com.ar\/info\/el-corredor-bioceanico-presento-proyecto-portuario-en-un-congreso-nacional\/#respond"]}]},{"@type":"WebPage","@id":"https:\/\/patagoniambiental.com.ar\/info\/el-corredor-bioceanico-presento-proyecto-portuario-en-un-congreso-nacional\/","url":"https:\/\/patagoniambiental.com.ar\/info\/el-corredor-bioceanico-presento-proyecto-portuario-en-un-congreso-nacional\/","name":"El Corredor Bioce\u00e1nico present\u00f3 proyecto portuario en un Congreso Nacional","isPartOf":{"@id":"https:\/\/patagoniambiental.com.ar\/info\/#website"},"primaryImageOfPage":{"@id":"https:\/\/patagoniambiental.com.ar\/info\/el-corredor-bioceanico-presento-proyecto-portuario-en-un-congreso-nacional\/#primaryimage"},"image":{"@id":"https:\/\/patagoniambiental.com.ar\/info\/el-corredor-bioceanico-presento-proyecto-portuario-en-un-congreso-nacional\/#primaryimage"},"thumbnailUrl":"https:\/\/patagoniambiental.com.ar\/info\/wp-content\/uploads\/2022\/09\/Sin-titulo-4.png","datePublished":"2022-09-19T22:00:00+00:00","dateModified":"2022-09-23T23:02:34+00:00","breadcrumb":{"@id":"https:\/\/patagoniambiental.com.ar\/info\/el-corredor-bioceanico-presento-proyecto-portuario-en-un-congreso-nacional\/#breadcrumb"},"inLanguage":"es","potentialAction":[{"@type":"ReadAction","target":["https:\/\/patagoniambiental.com.ar\/info\/el-corredor-bioceanico-presento-proyecto-portuario-en-un-congreso-nacional\/"]}]},{"@type":"ImageObject","inLanguage":"es","@id":"https:\/\/patagoniambiental.com.ar\/info\/el-corredor-bioceanico-presento-proyecto-portuario-en-un-congreso-nacional\/#primaryimage","url":"https:\/\/patagoniambiental.com.ar\/info\/wp-content\/uploads\/2022\/09\/Sin-titulo-4.png","contentUrl":"https:\/\/patagoniambiental.com.ar\/info\/wp-content\/uploads\/2022\/09\/Sin-titulo-4.png","width":985,"height":512},{"@type":"BreadcrumbList","@id":"https:\/\/patagoniambiental.com.ar\/info\/el-corredor-bioceanico-presento-proyecto-portuario-en-un-congreso-nacional\/#breadcrumb","itemListElement":[{"@type":"ListItem","position":1,"name":"Inicio","item":"https:\/\/patagoniambiental.com.ar\/info\/"},{"@type":"ListItem","position":2,"name":"El Corredor Bioce\u00e1nico present\u00f3 proyecto portuario en un Congreso Nacional"}]},{"@type":"WebSite","@id":"https:\/\/patagoniambiental.com.ar\/info\/#website","url":"https:\/\/patagoniambiental.com.ar\/info\/","name":"Patagonia Ambiental","description":"Monitoreo y an\u00e1lisis de la situaci\u00f3n geopol\u00edtica en el mundo y su implicancia en la Patagonia","publisher":{"@id":"https:\/\/patagoniambiental.com.ar\/info\/#organization"},"potentialAction":[{"@type":"SearchAction","target":{"@type":"EntryPoint","urlTemplate":"https:\/\/patagoniambiental.com.ar\/info\/?s={search_term_string}"},"query-input":{"@type":"PropertyValueSpecification","valueRequired":true,"valueName":"search_term_string"}}],"inLanguage":"es"},{"@type":"Organization","@id":"https:\/\/patagoniambiental.com.ar\/info\/#organization","name":"Patagonia Ambiental","url":"https:\/\/patagoniambiental.com.ar\/info\/","logo":{"@type":"ImageObject","inLanguage":"es","@id":"https:\/\/patagoniambiental.com.ar\/info\/#\/schema\/logo\/image\/","url":"https:\/\/patagoniambiental.com.ar\/info\/wp-content\/uploads\/2025\/05\/LOGO-PATAGONIA-AMBIENTAL.png","contentUrl":"https:\/\/patagoniambiental.com.ar\/info\/wp-content\/uploads\/2025\/05\/LOGO-PATAGONIA-AMBIENTAL.png","width":433,"height":250,"caption":"Patagonia Ambiental"},"image":{"@id":"https:\/\/patagoniambiental.com.ar\/info\/#\/schema\/logo\/image\/"},"sameAs":["https:\/\/www.facebook.com\/patagonia.ambiental","https:\/\/x.com\/PatAmb"]},{"@type":"Person","@id":"https:\/\/patagoniambiental.com.ar\/info\/#\/schema\/person\/e5af09d700b2e82cb10c6b8800e0c691","name":"BRAIAN ESTEVEZ","sameAs":["http:\/\/www.patagoniambiental.com.ar"]}]}},"_links":{"self":[{"href":"https:\/\/patagoniambiental.com.ar\/info\/wp-json\/wp\/v2\/posts\/76362","targetHints":{"allow":["GET"]}}],"collection":[{"href":"https:\/\/patagoniambiental.com.ar\/info\/wp-json\/wp\/v2\/posts"}],"about":[{"href":"https:\/\/patagoniambiental.com.ar\/info\/wp-json\/wp\/v2\/types\/post"}],"author":[{"embeddable":true,"href":"https:\/\/patagoniambiental.com.ar\/info\/wp-json\/wp\/v2\/users\/6"}],"replies":[{"embeddable":true,"href":"https:\/\/patagoniambiental.com.ar\/info\/wp-json\/wp\/v2\/comments?post=76362"}],"version-history":[{"count":0,"href":"https:\/\/patagoniambiental.com.ar\/info\/wp-json\/wp\/v2\/posts\/76362\/revisions"}],"wp:featuredmedia":[{"embeddable":true,"href":"https:\/\/patagoniambiental.com.ar\/info\/wp-json\/wp\/v2\/media\/76363"}],"wp:attachment":[{"href":"https:\/\/patagoniambiental.com.ar\/info\/wp-json\/wp\/v2\/media?parent=76362"}],"wp:term":[{"taxonomy":"category","embeddable":true,"href":"https:\/\/patagoniambiental.com.ar\/info\/wp-json\/wp\/v2\/categories?post=76362"},{"taxonomy":"post_tag","embeddable":true,"href":"https:\/\/patagoniambiental.com.ar\/info\/wp-json\/wp\/v2\/tags?post=76362"}],"curies":[{"name":"wp","href":"https:\/\/api.w.org\/{rel}","templated":true}]}}