{"id":76374,"date":"2022-09-25T07:00:00","date_gmt":"2022-09-25T10:00:00","guid":{"rendered":"http:\/\/patagoniambiental.com.ar\/info\/?p=76374"},"modified":"2022-09-23T20:13:46","modified_gmt":"2022-09-23T23:13:46","slug":"neuquen-tiene-su-propia-ley-de-educacion-ambiental-integral","status":"publish","type":"post","link":"https:\/\/patagoniambiental.com.ar\/info\/neuquen-tiene-su-propia-ley-de-educacion-ambiental-integral\/","title":{"rendered":"Neuqu\u00e9n tiene su propia Ley de Educaci\u00f3n Ambiental Integral"},"content":{"rendered":"\n<!--more-->\n\n\n\n<h3 class=\"wp-block-heading\">La norma busca el equilibrio entre lo social, lo ecol\u00f3gico, lo pol\u00edtico y lo econ\u00f3mico, en el marco de una \u00e9tica que promueve una nueva forma de habitar nuestro planeta<\/h3>\n\n\n\n<p><a href=\"https:\/\/www.facebook.com\/sharer\/sharer.php?u=https%3A%2F%2Fwww.neuquenalinstante.com.ar%2Fnoticias%2F2022%2F09%2F23%2F92893-neuquen-tiene-su-propia-ley-de-educacion-ambiental-integral\" target=\"_blank\" rel=\"noreferrer noopener\">&nbsp;<\/a><a href=\"https:\/\/twitter.com\/share?text=Neuqu%C3%A9n%20tiene%20su%20propia%20Ley%20de%20Educaci%C3%B3n%20Ambiental%20Integral&amp;url=https%3A%2F%2Fwww.neuquenalinstante.com.ar%2Fnoticias%2F2022%2F09%2F23%2F92893-neuquen-tiene-su-propia-ley-de-educacion-ambiental-integral\" target=\"_blank\" rel=\"noreferrer noopener\">&nbsp;<\/a><a href=\"https:\/\/www.linkedin.com\/shareArticle?mini=true&amp;url=https%3A%2F%2Fwww.neuquenalinstante.com.ar%2Fnoticias%2F2022%2F09%2F23%2F92893-neuquen-tiene-su-propia-ley-de-educacion-ambiental-integral&amp;title=Neuqu%C3%A9n%20tiene%20su%20propia%20Ley%20de%20Educaci%C3%B3n%20Ambiental%20Integral&amp;summary=\" target=\"_blank\" rel=\"noreferrer noopener\">&nbsp;<\/a><a href=\"https:\/\/pinterest.com\/pin\/create\/button\/?url=https%3A%2F%2Fwww.neuquenalinstante.com.ar%2Fnoticias%2F2022%2F09%2F23%2F92893-neuquen-tiene-su-propia-ley-de-educacion-ambiental-integral&amp;description=Neuqu%C3%A9n%20tiene%20su%20propia%20Ley%20de%20Educaci%C3%B3n%20Ambiental%20Integral\" target=\"_blank\" rel=\"noreferrer noopener\"><\/a><\/p>\n\n\n\n<figure class=\"wp-block-image\"><img decoding=\"async\" src=\"https:\/\/neuquenalinstante-s2.cdn.net.ar\/st2i1700\/2022\/09\/neuquenalinstante2\/images\/02\/87\/28700_93ef5ab60ea684d0f4e07a0c522bef9734309fe518caef116cae4c583cd5a746\/md.jpg\" alt=\"Neuqu\u00e9n tiene su propia Ley de Educaci\u00f3n Ambiental Integral\" title=\"Neuqu\u00e9n tiene su propia Ley de Educaci\u00f3n Ambiental Integral\"\/><\/figure>\n\n\n\n<p><a href=\"https:\/\/www.neuquenalinstante.com.ar\/provinciales\" class=\"\">Provinciales<\/a><em>Viernes 23 de septiembre de 2022<\/em><\/p>\n\n\n\n<p>\u201cLa Educaci\u00f3n Ambiental Integral (EAI) es una aut\u00e9ntica pol\u00edtica de Estado que trasciende los l\u00edmites de una gesti\u00f3n de gobierno\u201d afirm\u00f3 la diputada por el MPN, Lorena Abdala, al momento del tratamiento en el recinto. La ley 3357 aprobada en la Legislatura del Neuqu\u00e9n, es una clara posici\u00f3n en defensa del ambiente de nuestra provincia. La legisladora destac\u00f3, adem\u00e1s, que \u201cno se sancion\u00f3 una norma que adhiera a la ley nacional sino que la provincia tiene una ley que representa los intereses particulares de la regi\u00f3n \u201d<\/p>\n\n\n\n<p>La ley neuquina nuclea la educaci\u00f3n formal, no formal e informal bajo un proceso permanente, integral y transversal en las diferentes actividades de las y los neuquinos. Abdala destac\u00f3 el proceso de construcci\u00f3n y consenso de la norma \u201cdesde el di\u00e1logo, la pluralidad de enfoques de los actores involucrados y desde un federalismo puro, que supo involucrar y receptar propuestas y posturas tanto de funcionarios nacionales, provinciales y organizaciones de la sociedad civil de nuestra provincia\u201d mencion\u00f3 la legisladora.<\/p>\n\n\n\n<p><br><strong>\u00bfQu\u00e9 es la Educaci\u00f3n Ambiental Integral?<\/strong><\/p>\n\n\n\n<p>Es el proceso educativo permanente con contenidos tem\u00e1ticos espec\u00edficos y transversales, que procura formar una concientizaci\u00f3n ambiental. El proceso est\u00e1 orientado a construir una racionalidad, en la cual distintos conocimientos, saberes, valores y pr\u00e1cticas, confluyan y aporten a la formaci\u00f3n ciudadana y al ejercicio del derecho a un ambiente sano, digno y diverso.<\/p>\n\n\n\n<p>Se trata de un proceso que defiende la sustentabilidad como proyecto social, el desarrollo con justicia social, preservaci\u00f3n de la naturaleza, igualdad de g\u00e9nero, protecci\u00f3n de la salud, democracia participativa y respeto por la diversidad cultural.<br><\/p>\n\n\n\n<figure class=\"wp-block-image\"><img decoding=\"async\" src=\"https:\/\/neuquenalinstante-s2.cdn.net.ar\/st2i1700\/2022\/09\/neuquenalinstante2\/images\/02\/86\/28689_702e28fe73b28bf74a89e79178e4d4dbb142de980c5ae452394c3dc8d1a05157\/lg.jpg\" alt=\"\"\/><\/figure>\n\n\n\n<p><strong>El proyecto se di\u00f3 un a\u00f1o de debate<\/strong><\/p>\n\n\n\n<p>El 13 de mayo de 2021 se sancion\u00f3 la ley 26.621 para la implementaci\u00f3n de la Educaci\u00f3n Ambiental Integral en la Rep\u00fablica Argentina. A partir de all\u00ed, surgieron iniciativas para lo que respecta a la provincia del Neuqu\u00e9n.<\/p>\n\n\n\n<p>El 21 de mayo de 2021 se present\u00f3 el proyecto de adhesi\u00f3n 14.375 firmado por el bloque del Frente de Todos, y posteriormente, el 30 de junio, fue presentado el proyecto de Ley 14.468 del Movimiento Popular Neuquino. El debate con ambos proyectos comenz\u00f3 en la Comisi\u00f3n de Medio Ambiente, Recursos Naturales y Desarrollo Sustentable, y luego de un consenso sobre el foco que se le quer\u00eda dar desde la provincia, se decidi\u00f3 que el debate contin\u00fae girando s\u00f3lo sobre el segundo proyecto, \u201csiempre abierto a todas las sugerencias que lo enriquezcan y lo conviertan en la mejor ley para nuestra provincia\u201d afirm\u00f3 la diputada Abdala, presidenta de la Comisi\u00f3n de Medio Ambiente.<\/p>\n\n\n\n<p>El debate sobre la ley de Educaci\u00f3n Ambiental Integral se llev\u00f3 adelante durante un a\u00f1o. En este sentido, Abdala se\u00f1al\u00f3 que el tiempo fue aprovechado para promover la coherencia necesaria entre las pol\u00edticas educativas de las instituciones gubernamentales y no gubernamentales, y el marco legal de la educaci\u00f3n ambiental integral que implementa la ley, dando lugar y voz a diferentes actores de la sociedad.<\/p>\n\n\n\n<p>Desde el Ministerio de Gobierno y Educaci\u00f3n de Neuqu\u00e9n, en su paso por la Comisi\u00f3n de Medio Ambiente para ofrecer su mirada y el trabajo que se lleva adelante desde all\u00ed, afirmaron que Neuqu\u00e9n es pionera en lo que respecta a educaci\u00f3n ambiental, como as\u00ed tambi\u00e9n del acompa\u00f1amiento que desde hace a\u00f1os realizan tanto en la formaci\u00f3n a docentes de todos los niveles y modalidades, como de estudiantes en su trayectoria educativa.<\/p>\n\n\n\n<p><strong>Datos relevantes de la Ley EAI<\/strong><\/p>\n\n\n\n<p>En el Art\u00edculo 2\u00b0 menciona las definiciones de las actividades que nuclea la ley.<\/p>\n\n\n\n<p>A) Educaci\u00f3n formal: actividades realizadas en los centros educativos p\u00fablicos o privados, incluyendo la educaci\u00f3n inicial, primaria, media y la superior en todos sus niveles, modalidades y especialidades.<\/p>\n\n\n\n<p>B) Educaci\u00f3n no formal: actividades que se llevan a cabo fuera del \u00e1mbito escolar y de la estructura del sistema escolarizado.<\/p>\n\n\n\n<p>C) Educaci\u00f3n informal: aquella que se realiza a trav\u00e9s de medios masivos de comunicaci\u00f3n e informaci\u00f3n.<\/p>\n\n\n\n<p>El art\u00edculo 7\u00ba por su parte, incorpora a la Universidad Nacional del Comahue como asesor externo de la Autoridad de Aplicaci\u00f3n para que asista y asesore en la elaboraci\u00f3n de pol\u00edticas p\u00fablicas relacionadas con la presente ley. Esto se debe a que la UNCo cuenta con una mirada regional que abarca no solo a Neuqu\u00e9n sino tambien a Rio Negro en su caracter nacional, y que adem\u00e1s, desde 2018 trabaja en la elaboraci\u00f3n de contenidos de educaci\u00f3n ambiental, d\u00e1ndole a la provincia una contribuci\u00f3n favorable a la hora de idear pol\u00edticas p\u00fablicas ambientales.<\/p>\n\n\n\n<p>Neuqu\u00e9n Al Instante<\/p>\n","protected":false},"excerpt":{"rendered":"","protected":false},"author":6,"featured_media":76375,"comment_status":"open","ping_status":"open","sticky":false,"template":"","format":"standard","meta":{"site-sidebar-layout":"default","site-content-layout":"","ast-site-content-layout":"default","site-content-style":"default","site-sidebar-style":"default","ast-global-header-display":"","ast-banner-title-visibility":"","ast-main-header-display":"","ast-hfb-above-header-display":"","ast-hfb-below-header-display":"","ast-hfb-mobile-header-display":"","site-post-title":"","ast-breadcrumbs-content":"","ast-featured-img":"","footer-sml-layout":"","ast-disable-related-posts":"","theme-transparent-header-meta":"","adv-header-id-meta":"","stick-header-meta":"","header-above-stick-meta":"","header-main-stick-meta":"","header-below-stick-meta":"","astra-migrate-meta-layouts":"default","ast-page-background-enabled":"default","ast-page-background-meta":{"desktop":{"background-color":"var(--ast-global-color-5)","background-image":"","background-repeat":"repeat","background-position":"center center","background-size":"auto","background-attachment":"scroll","background-type":"","background-media":"","overlay-type":"","overlay-color":"","overlay-opacity":"","overlay-gradient":""},"tablet":{"background-color":"","background-image":"","background-repeat":"repeat","background-position":"center center","background-size":"auto","background-attachment":"scroll","background-type":"","background-media":"","overlay-type":"","overlay-color":"","overlay-opacity":"","overlay-gradient":""},"mobile":{"background-color":"","background-image":"","background-repeat":"repeat","background-position":"center center","background-size":"auto","background-attachment":"scroll","background-type":"","background-media":"","overlay-type":"","overlay-color":"","overlay-opacity":"","overlay-gradient":""}},"ast-content-background-meta":{"desktop":{"background-color":"var(--ast-global-color-4)","background-image":"","background-repeat":"repeat","background-position":"center center","background-size":"auto","background-attachment":"scroll","background-type":"","background-media":"","overlay-type":"","overlay-color":"","overlay-opacity":"","overlay-gradient":""},"tablet":{"background-color":"var(--ast-global-color-4)","background-image":"","background-repeat":"repeat","background-position":"center center","background-size":"auto","background-attachment":"scroll","background-type":"","background-media":"","overlay-type":"","overlay-color":"","overlay-opacity":"","overlay-gradient":""},"mobile":{"background-color":"var(--ast-global-color-4)","background-image":"","background-repeat":"repeat","background-position":"center center","background-size":"auto","background-attachment":"scroll","background-type":"","background-media":"","overlay-type":"","overlay-color":"","overlay-opacity":"","overlay-gradient":""}},"footnotes":""},"categories":[11,18,13,10],"tags":[],"class_list":["post-76374","post","type-post","status-publish","format-standard","has-post-thumbnail","hentry","category-boletin","category-neuquen","category-provinciales","category-rotador"],"yoast_head":"<!-- This site is optimized with the Yoast SEO Premium plugin v23.0 (Yoast SEO v27.4) - https:\/\/yoast.com\/product\/yoast-seo-premium-wordpress\/ -->\n<title>Neuqu\u00e9n tiene su propia Ley de Educaci\u00f3n Ambiental Integral<\/title>\n<meta name=\"robots\" content=\"index, follow, max-snippet:-1, max-image-preview:large, max-video-preview:-1\" \/>\n<link rel=\"canonical\" href=\"https:\/\/patagoniambiental.com.ar\/info\/neuquen-tiene-su-propia-ley-de-educacion-ambiental-integral\/\" \/>\n<meta property=\"og:locale\" content=\"es_ES\" \/>\n<meta property=\"og:type\" content=\"article\" \/>\n<meta property=\"og:title\" content=\"Neuqu\u00e9n tiene su propia Ley de Educaci\u00f3n Ambiental Integral\" \/>\n<meta property=\"og:url\" content=\"https:\/\/patagoniambiental.com.ar\/info\/neuquen-tiene-su-propia-ley-de-educacion-ambiental-integral\/\" \/>\n<meta property=\"og:site_name\" content=\"Patagonia Ambiental\" \/>\n<meta property=\"article:publisher\" content=\"https:\/\/www.facebook.com\/patagonia.ambiental\" \/>\n<meta property=\"article:published_time\" content=\"2022-09-25T10:00:00+00:00\" \/>\n<meta property=\"og:image\" content=\"https:\/\/patagoniambiental.com.ar\/info\/wp-content\/uploads\/2022\/09\/md.jpg\" \/>\n\t<meta property=\"og:image:width\" content=\"992\" \/>\n\t<meta property=\"og:image:height\" content=\"489\" \/>\n\t<meta property=\"og:image:type\" content=\"image\/jpeg\" \/>\n<meta name=\"author\" content=\"BRAIAN ESTEVEZ\" \/>\n<meta name=\"twitter:card\" content=\"summary_large_image\" \/>\n<meta name=\"twitter:creator\" content=\"@PatAmb\" \/>\n<meta name=\"twitter:site\" content=\"@PatAmb\" \/>\n<script type=\"application\/ld+json\" class=\"yoast-schema-graph\">{\"@context\":\"https:\\\/\\\/schema.org\",\"@graph\":[{\"@type\":\"Article\",\"@id\":\"https:\\\/\\\/patagoniambiental.com.ar\\\/info\\\/neuquen-tiene-su-propia-ley-de-educacion-ambiental-integral\\\/#article\",\"isPartOf\":{\"@id\":\"https:\\\/\\\/patagoniambiental.com.ar\\\/info\\\/neuquen-tiene-su-propia-ley-de-educacion-ambiental-integral\\\/\"},\"author\":{\"name\":\"BRAIAN ESTEVEZ\",\"@id\":\"https:\\\/\\\/patagoniambiental.com.ar\\\/info\\\/#\\\/schema\\\/person\\\/e5af09d700b2e82cb10c6b8800e0c691\"},\"headline\":\"Neuqu\u00e9n tiene su propia Ley de Educaci\u00f3n Ambiental Integral\",\"datePublished\":\"2022-09-25T10:00:00+00:00\",\"mainEntityOfPage\":{\"@id\":\"https:\\\/\\\/patagoniambiental.com.ar\\\/info\\\/neuquen-tiene-su-propia-ley-de-educacion-ambiental-integral\\\/\"},\"wordCount\":845,\"commentCount\":0,\"publisher\":{\"@id\":\"https:\\\/\\\/patagoniambiental.com.ar\\\/info\\\/#organization\"},\"image\":{\"@id\":\"https:\\\/\\\/patagoniambiental.com.ar\\\/info\\\/neuquen-tiene-su-propia-ley-de-educacion-ambiental-integral\\\/#primaryimage\"},\"thumbnailUrl\":\"https:\\\/\\\/patagoniambiental.com.ar\\\/info\\\/wp-content\\\/uploads\\\/2022\\\/09\\\/md.jpg\",\"articleSection\":[\"Bolet\u00edn\",\"Neuqu\u00e9n\",\"Provinciales\",\"Rotador\"],\"inLanguage\":\"es\",\"potentialAction\":[{\"@type\":\"CommentAction\",\"name\":\"Comment\",\"target\":[\"https:\\\/\\\/patagoniambiental.com.ar\\\/info\\\/neuquen-tiene-su-propia-ley-de-educacion-ambiental-integral\\\/#respond\"]}]},{\"@type\":\"WebPage\",\"@id\":\"https:\\\/\\\/patagoniambiental.com.ar\\\/info\\\/neuquen-tiene-su-propia-ley-de-educacion-ambiental-integral\\\/\",\"url\":\"https:\\\/\\\/patagoniambiental.com.ar\\\/info\\\/neuquen-tiene-su-propia-ley-de-educacion-ambiental-integral\\\/\",\"name\":\"Neuqu\u00e9n tiene su propia Ley de Educaci\u00f3n Ambiental Integral\",\"isPartOf\":{\"@id\":\"https:\\\/\\\/patagoniambiental.com.ar\\\/info\\\/#website\"},\"primaryImageOfPage\":{\"@id\":\"https:\\\/\\\/patagoniambiental.com.ar\\\/info\\\/neuquen-tiene-su-propia-ley-de-educacion-ambiental-integral\\\/#primaryimage\"},\"image\":{\"@id\":\"https:\\\/\\\/patagoniambiental.com.ar\\\/info\\\/neuquen-tiene-su-propia-ley-de-educacion-ambiental-integral\\\/#primaryimage\"},\"thumbnailUrl\":\"https:\\\/\\\/patagoniambiental.com.ar\\\/info\\\/wp-content\\\/uploads\\\/2022\\\/09\\\/md.jpg\",\"datePublished\":\"2022-09-25T10:00:00+00:00\",\"breadcrumb\":{\"@id\":\"https:\\\/\\\/patagoniambiental.com.ar\\\/info\\\/neuquen-tiene-su-propia-ley-de-educacion-ambiental-integral\\\/#breadcrumb\"},\"inLanguage\":\"es\",\"potentialAction\":[{\"@type\":\"ReadAction\",\"target\":[\"https:\\\/\\\/patagoniambiental.com.ar\\\/info\\\/neuquen-tiene-su-propia-ley-de-educacion-ambiental-integral\\\/\"]}]},{\"@type\":\"ImageObject\",\"inLanguage\":\"es\",\"@id\":\"https:\\\/\\\/patagoniambiental.com.ar\\\/info\\\/neuquen-tiene-su-propia-ley-de-educacion-ambiental-integral\\\/#primaryimage\",\"url\":\"https:\\\/\\\/patagoniambiental.com.ar\\\/info\\\/wp-content\\\/uploads\\\/2022\\\/09\\\/md.jpg\",\"contentUrl\":\"https:\\\/\\\/patagoniambiental.com.ar\\\/info\\\/wp-content\\\/uploads\\\/2022\\\/09\\\/md.jpg\",\"width\":992,\"height\":489},{\"@type\":\"BreadcrumbList\",\"@id\":\"https:\\\/\\\/patagoniambiental.com.ar\\\/info\\\/neuquen-tiene-su-propia-ley-de-educacion-ambiental-integral\\\/#breadcrumb\",\"itemListElement\":[{\"@type\":\"ListItem\",\"position\":1,\"name\":\"Inicio\",\"item\":\"https:\\\/\\\/patagoniambiental.com.ar\\\/info\\\/\"},{\"@type\":\"ListItem\",\"position\":2,\"name\":\"Neuqu\u00e9n tiene su propia Ley de Educaci\u00f3n Ambiental Integral\"}]},{\"@type\":\"WebSite\",\"@id\":\"https:\\\/\\\/patagoniambiental.com.ar\\\/info\\\/#website\",\"url\":\"https:\\\/\\\/patagoniambiental.com.ar\\\/info\\\/\",\"name\":\"Patagonia Ambiental\",\"description\":\"Monitoreo y an\u00e1lisis de la situaci\u00f3n geopol\u00edtica en el mundo y su implicancia en la Patagonia\",\"publisher\":{\"@id\":\"https:\\\/\\\/patagoniambiental.com.ar\\\/info\\\/#organization\"},\"potentialAction\":[{\"@type\":\"SearchAction\",\"target\":{\"@type\":\"EntryPoint\",\"urlTemplate\":\"https:\\\/\\\/patagoniambiental.com.ar\\\/info\\\/?s={search_term_string}\"},\"query-input\":{\"@type\":\"PropertyValueSpecification\",\"valueRequired\":true,\"valueName\":\"search_term_string\"}}],\"inLanguage\":\"es\"},{\"@type\":\"Organization\",\"@id\":\"https:\\\/\\\/patagoniambiental.com.ar\\\/info\\\/#organization\",\"name\":\"Patagonia Ambiental\",\"url\":\"https:\\\/\\\/patagoniambiental.com.ar\\\/info\\\/\",\"logo\":{\"@type\":\"ImageObject\",\"inLanguage\":\"es\",\"@id\":\"https:\\\/\\\/patagoniambiental.com.ar\\\/info\\\/#\\\/schema\\\/logo\\\/image\\\/\",\"url\":\"https:\\\/\\\/patagoniambiental.com.ar\\\/info\\\/wp-content\\\/uploads\\\/2025\\\/05\\\/LOGO-PATAGONIA-AMBIENTAL.png\",\"contentUrl\":\"https:\\\/\\\/patagoniambiental.com.ar\\\/info\\\/wp-content\\\/uploads\\\/2025\\\/05\\\/LOGO-PATAGONIA-AMBIENTAL.png\",\"width\":433,\"height\":250,\"caption\":\"Patagonia Ambiental\"},\"image\":{\"@id\":\"https:\\\/\\\/patagoniambiental.com.ar\\\/info\\\/#\\\/schema\\\/logo\\\/image\\\/\"},\"sameAs\":[\"https:\\\/\\\/www.facebook.com\\\/patagonia.ambiental\",\"https:\\\/\\\/x.com\\\/PatAmb\"]},{\"@type\":\"Person\",\"@id\":\"https:\\\/\\\/patagoniambiental.com.ar\\\/info\\\/#\\\/schema\\\/person\\\/e5af09d700b2e82cb10c6b8800e0c691\",\"name\":\"BRAIAN ESTEVEZ\",\"sameAs\":[\"http:\\\/\\\/www.patagoniambiental.com.ar\"]}]}<\/script>\n<!-- \/ Yoast SEO Premium plugin. -->","yoast_head_json":{"title":"Neuqu\u00e9n tiene su propia Ley de Educaci\u00f3n Ambiental Integral","robots":{"index":"index","follow":"follow","max-snippet":"max-snippet:-1","max-image-preview":"max-image-preview:large","max-video-preview":"max-video-preview:-1"},"canonical":"https:\/\/patagoniambiental.com.ar\/info\/neuquen-tiene-su-propia-ley-de-educacion-ambiental-integral\/","og_locale":"es_ES","og_type":"article","og_title":"Neuqu\u00e9n tiene su propia Ley de Educaci\u00f3n Ambiental Integral","og_url":"https:\/\/patagoniambiental.com.ar\/info\/neuquen-tiene-su-propia-ley-de-educacion-ambiental-integral\/","og_site_name":"Patagonia Ambiental","article_publisher":"https:\/\/www.facebook.com\/patagonia.ambiental","article_published_time":"2022-09-25T10:00:00+00:00","og_image":[{"width":992,"height":489,"url":"https:\/\/patagoniambiental.com.ar\/info\/wp-content\/uploads\/2022\/09\/md.jpg","type":"image\/jpeg"}],"author":"BRAIAN ESTEVEZ","twitter_card":"summary_large_image","twitter_creator":"@PatAmb","twitter_site":"@PatAmb","schema":{"@context":"https:\/\/schema.org","@graph":[{"@type":"Article","@id":"https:\/\/patagoniambiental.com.ar\/info\/neuquen-tiene-su-propia-ley-de-educacion-ambiental-integral\/#article","isPartOf":{"@id":"https:\/\/patagoniambiental.com.ar\/info\/neuquen-tiene-su-propia-ley-de-educacion-ambiental-integral\/"},"author":{"name":"BRAIAN ESTEVEZ","@id":"https:\/\/patagoniambiental.com.ar\/info\/#\/schema\/person\/e5af09d700b2e82cb10c6b8800e0c691"},"headline":"Neuqu\u00e9n tiene su propia Ley de Educaci\u00f3n Ambiental Integral","datePublished":"2022-09-25T10:00:00+00:00","mainEntityOfPage":{"@id":"https:\/\/patagoniambiental.com.ar\/info\/neuquen-tiene-su-propia-ley-de-educacion-ambiental-integral\/"},"wordCount":845,"commentCount":0,"publisher":{"@id":"https:\/\/patagoniambiental.com.ar\/info\/#organization"},"image":{"@id":"https:\/\/patagoniambiental.com.ar\/info\/neuquen-tiene-su-propia-ley-de-educacion-ambiental-integral\/#primaryimage"},"thumbnailUrl":"https:\/\/patagoniambiental.com.ar\/info\/wp-content\/uploads\/2022\/09\/md.jpg","articleSection":["Bolet\u00edn","Neuqu\u00e9n","Provinciales","Rotador"],"inLanguage":"es","potentialAction":[{"@type":"CommentAction","name":"Comment","target":["https:\/\/patagoniambiental.com.ar\/info\/neuquen-tiene-su-propia-ley-de-educacion-ambiental-integral\/#respond"]}]},{"@type":"WebPage","@id":"https:\/\/patagoniambiental.com.ar\/info\/neuquen-tiene-su-propia-ley-de-educacion-ambiental-integral\/","url":"https:\/\/patagoniambiental.com.ar\/info\/neuquen-tiene-su-propia-ley-de-educacion-ambiental-integral\/","name":"Neuqu\u00e9n tiene su propia Ley de Educaci\u00f3n Ambiental Integral","isPartOf":{"@id":"https:\/\/patagoniambiental.com.ar\/info\/#website"},"primaryImageOfPage":{"@id":"https:\/\/patagoniambiental.com.ar\/info\/neuquen-tiene-su-propia-ley-de-educacion-ambiental-integral\/#primaryimage"},"image":{"@id":"https:\/\/patagoniambiental.com.ar\/info\/neuquen-tiene-su-propia-ley-de-educacion-ambiental-integral\/#primaryimage"},"thumbnailUrl":"https:\/\/patagoniambiental.com.ar\/info\/wp-content\/uploads\/2022\/09\/md.jpg","datePublished":"2022-09-25T10:00:00+00:00","breadcrumb":{"@id":"https:\/\/patagoniambiental.com.ar\/info\/neuquen-tiene-su-propia-ley-de-educacion-ambiental-integral\/#breadcrumb"},"inLanguage":"es","potentialAction":[{"@type":"ReadAction","target":["https:\/\/patagoniambiental.com.ar\/info\/neuquen-tiene-su-propia-ley-de-educacion-ambiental-integral\/"]}]},{"@type":"ImageObject","inLanguage":"es","@id":"https:\/\/patagoniambiental.com.ar\/info\/neuquen-tiene-su-propia-ley-de-educacion-ambiental-integral\/#primaryimage","url":"https:\/\/patagoniambiental.com.ar\/info\/wp-content\/uploads\/2022\/09\/md.jpg","contentUrl":"https:\/\/patagoniambiental.com.ar\/info\/wp-content\/uploads\/2022\/09\/md.jpg","width":992,"height":489},{"@type":"BreadcrumbList","@id":"https:\/\/patagoniambiental.com.ar\/info\/neuquen-tiene-su-propia-ley-de-educacion-ambiental-integral\/#breadcrumb","itemListElement":[{"@type":"ListItem","position":1,"name":"Inicio","item":"https:\/\/patagoniambiental.com.ar\/info\/"},{"@type":"ListItem","position":2,"name":"Neuqu\u00e9n tiene su propia Ley de Educaci\u00f3n Ambiental Integral"}]},{"@type":"WebSite","@id":"https:\/\/patagoniambiental.com.ar\/info\/#website","url":"https:\/\/patagoniambiental.com.ar\/info\/","name":"Patagonia Ambiental","description":"Monitoreo y an\u00e1lisis de la situaci\u00f3n geopol\u00edtica en el mundo y su implicancia en la Patagonia","publisher":{"@id":"https:\/\/patagoniambiental.com.ar\/info\/#organization"},"potentialAction":[{"@type":"SearchAction","target":{"@type":"EntryPoint","urlTemplate":"https:\/\/patagoniambiental.com.ar\/info\/?s={search_term_string}"},"query-input":{"@type":"PropertyValueSpecification","valueRequired":true,"valueName":"search_term_string"}}],"inLanguage":"es"},{"@type":"Organization","@id":"https:\/\/patagoniambiental.com.ar\/info\/#organization","name":"Patagonia Ambiental","url":"https:\/\/patagoniambiental.com.ar\/info\/","logo":{"@type":"ImageObject","inLanguage":"es","@id":"https:\/\/patagoniambiental.com.ar\/info\/#\/schema\/logo\/image\/","url":"https:\/\/patagoniambiental.com.ar\/info\/wp-content\/uploads\/2025\/05\/LOGO-PATAGONIA-AMBIENTAL.png","contentUrl":"https:\/\/patagoniambiental.com.ar\/info\/wp-content\/uploads\/2025\/05\/LOGO-PATAGONIA-AMBIENTAL.png","width":433,"height":250,"caption":"Patagonia Ambiental"},"image":{"@id":"https:\/\/patagoniambiental.com.ar\/info\/#\/schema\/logo\/image\/"},"sameAs":["https:\/\/www.facebook.com\/patagonia.ambiental","https:\/\/x.com\/PatAmb"]},{"@type":"Person","@id":"https:\/\/patagoniambiental.com.ar\/info\/#\/schema\/person\/e5af09d700b2e82cb10c6b8800e0c691","name":"BRAIAN ESTEVEZ","sameAs":["http:\/\/www.patagoniambiental.com.ar"]}]}},"_links":{"self":[{"href":"https:\/\/patagoniambiental.com.ar\/info\/wp-json\/wp\/v2\/posts\/76374","targetHints":{"allow":["GET"]}}],"collection":[{"href":"https:\/\/patagoniambiental.com.ar\/info\/wp-json\/wp\/v2\/posts"}],"about":[{"href":"https:\/\/patagoniambiental.com.ar\/info\/wp-json\/wp\/v2\/types\/post"}],"author":[{"embeddable":true,"href":"https:\/\/patagoniambiental.com.ar\/info\/wp-json\/wp\/v2\/users\/6"}],"replies":[{"embeddable":true,"href":"https:\/\/patagoniambiental.com.ar\/info\/wp-json\/wp\/v2\/comments?post=76374"}],"version-history":[{"count":0,"href":"https:\/\/patagoniambiental.com.ar\/info\/wp-json\/wp\/v2\/posts\/76374\/revisions"}],"wp:featuredmedia":[{"embeddable":true,"href":"https:\/\/patagoniambiental.com.ar\/info\/wp-json\/wp\/v2\/media\/76375"}],"wp:attachment":[{"href":"https:\/\/patagoniambiental.com.ar\/info\/wp-json\/wp\/v2\/media?parent=76374"}],"wp:term":[{"taxonomy":"category","embeddable":true,"href":"https:\/\/patagoniambiental.com.ar\/info\/wp-json\/wp\/v2\/categories?post=76374"},{"taxonomy":"post_tag","embeddable":true,"href":"https:\/\/patagoniambiental.com.ar\/info\/wp-json\/wp\/v2\/tags?post=76374"}],"curies":[{"name":"wp","href":"https:\/\/api.w.org\/{rel}","templated":true}]}}