{"id":76380,"date":"2022-09-26T07:00:00","date_gmt":"2022-09-26T10:00:00","guid":{"rendered":"http:\/\/patagoniambiental.com.ar\/info\/?p=76380"},"modified":"2022-09-27T11:58:58","modified_gmt":"2022-09-27T14:58:58","slug":"acceso-a-costas-cumbres-y-senderos-de-montana-en-nuestro-ordenamiento-juridico-2","status":"publish","type":"post","link":"https:\/\/patagoniambiental.com.ar\/info\/acceso-a-costas-cumbres-y-senderos-de-montana-en-nuestro-ordenamiento-juridico-2\/","title":{"rendered":"ACCESO A COSTAS, CUMBRES Y SENDEROS DE MONTA\u00d1A EN NUESTRO ORDENAMIENTO JUR\u00cdDICO"},"content":{"rendered":"\n<!--more-->\n\n\n\n<h4 class=\"wp-block-heading\">CU\u00c1NDO<\/h4>\n\n\n\n<p>26 de Sep<\/p>\n\n\n\n<p>18.30<\/p>\n\n\n\n<h4 class=\"wp-block-heading\">D\u00d3NDE<\/h4>\n\n\n\n<p>UNRN Sede Andina<\/p>\n\n\n\n<p>Anasagasti 1463, Bariloche<a href=\"javascript:;\">Ver Mapa<\/a><\/p>\n\n\n\n<h4 class=\"wp-block-heading\">M\u00c1S INFORMACI\u00d3N<\/h4>\n\n\n\n<p>La actividad es abierta y gratuita<a href=\"https:\/\/www.unrn.edu.ar\/home\">Inicio<\/a>\/ <a href=\"https:\/\/www.unrn.edu.ar\/eventos\">Eventos<\/a>\/ Acceso a costas, cumbres y senderos de monta\u00f1a en nuestro ordenamiento jur\u00eddico <a href=\"https:\/\/www.unrn.edu.ar\/eventos\">&lt; M\u00c1S EVENTOS<\/a> La charla forma parte del ciclo de charlas 2022 de la Escuela de Econom\u00eda, Administraci\u00f3n y Turismo de la Sede Andina y se organiza en conjunto con la Fundaci\u00f3n Ambiente, Desarrollo y H\u00e1bitat Sustentables.&nbsp; E<\/p>\n\n\n\n<p>n el marco del ciclo de charlas 2022, la Escuela de Econom\u00eda, Administraci\u00f3n y Turismo de la UNRN Sede Andina y la Fundaci\u00f3n Ambiente, Desarrollo y H\u00e1bitat Sustentables organizan una charla debate con el objetivo analizar diversos factores, jur\u00eddicos, econ\u00f3micos, culturales que operan sobre el libre acceso y tr\u00e1nsito en lugares de inter\u00e9s, como son las costas de los cursos de agua, las cumbres y los senderos de monta\u00f1a.<\/p>\n\n\n\n<p><strong>Exponen:<\/strong><\/p>\n\n\n\n<p>Sandra Guerrero.&nbsp;Ex concejal de San Carlos de Bariloche 2003-2007. Ex trabajadora judicial y dirigente del Sindicato de Trabajadores Judiciales. Investigadora en proyectos sobre acceso a derechos financiados por UNRN y CONICET. Actualmente elabora su tesina de la Licenciatura en Cs.&nbsp;Antropol\u00f3gicas&nbsp;(UNRN).<\/p>\n\n\n\n<p>Jorge Paolinelli.&nbsp;Abogado UBA. Fue Profesor Adjunto de Instituciones de Derecho P\u00fablico (UNRN).<\/p>\n\n\n\n<p>Julieta Wallace.\u00a0Abogada UBA. Concejala del Frente de Todos de San Carlos de Bariloche. Profesora Adjunta de Pol\u00edtica y Legislaci\u00f3n Ambiental UNRN.<\/p>\n\n\n\n<p>fUENTE: unrn<\/p>\n","protected":false},"excerpt":{"rendered":"","protected":false},"author":6,"featured_media":76381,"comment_status":"open","ping_status":"open","sticky":false,"template":"","format":"standard","meta":{"site-sidebar-layout":"default","site-content-layout":"","ast-site-content-layout":"default","site-content-style":"default","site-sidebar-style":"default","ast-global-header-display":"","ast-banner-title-visibility":"","ast-main-header-display":"","ast-hfb-above-header-display":"","ast-hfb-below-header-display":"","ast-hfb-mobile-header-display":"","site-post-title":"","ast-breadcrumbs-content":"","ast-featured-img":"","footer-sml-layout":"","ast-disable-related-posts":"","theme-transparent-header-meta":"","adv-header-id-meta":"","stick-header-meta":"","header-above-stick-meta":"","header-main-stick-meta":"","header-below-stick-meta":"","astra-migrate-meta-layouts":"default","ast-page-background-enabled":"default","ast-page-background-meta":{"desktop":{"background-color":"var(--ast-global-color-5)","background-image":"","background-repeat":"repeat","background-position":"center center","background-size":"auto","background-attachment":"scroll","background-type":"","background-media":"","overlay-type":"","overlay-color":"","overlay-opacity":"","overlay-gradient":""},"tablet":{"background-color":"","background-image":"","background-repeat":"repeat","background-position":"center center","background-size":"auto","background-attachment":"scroll","background-type":"","background-media":"","overlay-type":"","overlay-color":"","overlay-opacity":"","overlay-gradient":""},"mobile":{"background-color":"","background-image":"","background-repeat":"repeat","background-position":"center center","background-size":"auto","background-attachment":"scroll","background-type":"","background-media":"","overlay-type":"","overlay-color":"","overlay-opacity":"","overlay-gradient":""}},"ast-content-background-meta":{"desktop":{"background-color":"var(--ast-global-color-4)","background-image":"","background-repeat":"repeat","background-position":"center center","background-size":"auto","background-attachment":"scroll","background-type":"","background-media":"","overlay-type":"","overlay-color":"","overlay-opacity":"","overlay-gradient":""},"tablet":{"background-color":"var(--ast-global-color-4)","background-image":"","background-repeat":"repeat","background-position":"center center","background-size":"auto","background-attachment":"scroll","background-type":"","background-media":"","overlay-type":"","overlay-color":"","overlay-opacity":"","overlay-gradient":""},"mobile":{"background-color":"var(--ast-global-color-4)","background-image":"","background-repeat":"repeat","background-position":"center center","background-size":"auto","background-attachment":"scroll","background-type":"","background-media":"","overlay-type":"","overlay-color":"","overlay-opacity":"","overlay-gradient":""}},"footnotes":""},"categories":[12,11,1,10],"tags":[],"class_list":["post-76380","post","type-post","status-publish","format-standard","has-post-thumbnail","hentry","category-agenda-ambiental","category-boletin","category-noticias","category-rotador"],"yoast_head":"<!-- This site is optimized with the Yoast SEO Premium plugin v23.0 (Yoast SEO v27.4) - https:\/\/yoast.com\/product\/yoast-seo-premium-wordpress\/ -->\n<title>ACCESO A COSTAS, CUMBRES Y SENDEROS DE MONTA\u00d1A EN NUESTRO ORDENAMIENTO JUR\u00cdDICO<\/title>\n<meta name=\"robots\" content=\"index, follow, max-snippet:-1, max-image-preview:large, max-video-preview:-1\" \/>\n<link rel=\"canonical\" href=\"https:\/\/patagoniambiental.com.ar\/info\/acceso-a-costas-cumbres-y-senderos-de-montana-en-nuestro-ordenamiento-juridico-2\/\" \/>\n<meta property=\"og:locale\" content=\"es_ES\" \/>\n<meta property=\"og:type\" content=\"article\" \/>\n<meta property=\"og:title\" content=\"ACCESO A COSTAS, CUMBRES Y SENDEROS DE MONTA\u00d1A EN NUESTRO ORDENAMIENTO JUR\u00cdDICO\" \/>\n<meta property=\"og:url\" content=\"https:\/\/patagoniambiental.com.ar\/info\/acceso-a-costas-cumbres-y-senderos-de-montana-en-nuestro-ordenamiento-juridico-2\/\" \/>\n<meta property=\"og:site_name\" content=\"Patagonia Ambiental\" \/>\n<meta property=\"article:publisher\" content=\"https:\/\/www.facebook.com\/patagonia.ambiental\" \/>\n<meta property=\"article:published_time\" content=\"2022-09-26T10:00:00+00:00\" \/>\n<meta property=\"article:modified_time\" content=\"2022-09-27T14:58:58+00:00\" \/>\n<meta property=\"og:image\" content=\"https:\/\/patagoniambiental.com.ar\/info\/wp-content\/uploads\/2022\/09\/1-1.jpg\" \/>\n\t<meta property=\"og:image:width\" content=\"976\" \/>\n\t<meta property=\"og:image:height\" content=\"549\" \/>\n\t<meta property=\"og:image:type\" content=\"image\/jpeg\" \/>\n<meta name=\"author\" content=\"BRAIAN ESTEVEZ\" \/>\n<meta name=\"twitter:card\" content=\"summary_large_image\" \/>\n<meta name=\"twitter:creator\" content=\"@PatAmb\" \/>\n<meta name=\"twitter:site\" content=\"@PatAmb\" \/>\n<script type=\"application\/ld+json\" class=\"yoast-schema-graph\">{\"@context\":\"https:\\\/\\\/schema.org\",\"@graph\":[{\"@type\":\"Article\",\"@id\":\"https:\\\/\\\/patagoniambiental.com.ar\\\/info\\\/acceso-a-costas-cumbres-y-senderos-de-montana-en-nuestro-ordenamiento-juridico-2\\\/#article\",\"isPartOf\":{\"@id\":\"https:\\\/\\\/patagoniambiental.com.ar\\\/info\\\/acceso-a-costas-cumbres-y-senderos-de-montana-en-nuestro-ordenamiento-juridico-2\\\/\"},\"author\":{\"name\":\"BRAIAN ESTEVEZ\",\"@id\":\"https:\\\/\\\/patagoniambiental.com.ar\\\/info\\\/#\\\/schema\\\/person\\\/e5af09d700b2e82cb10c6b8800e0c691\"},\"headline\":\"ACCESO A COSTAS, CUMBRES Y SENDEROS DE MONTA\u00d1A EN NUESTRO ORDENAMIENTO JUR\u00cdDICO\",\"datePublished\":\"2022-09-26T10:00:00+00:00\",\"dateModified\":\"2022-09-27T14:58:58+00:00\",\"mainEntityOfPage\":{\"@id\":\"https:\\\/\\\/patagoniambiental.com.ar\\\/info\\\/acceso-a-costas-cumbres-y-senderos-de-montana-en-nuestro-ordenamiento-juridico-2\\\/\"},\"wordCount\":260,\"commentCount\":0,\"publisher\":{\"@id\":\"https:\\\/\\\/patagoniambiental.com.ar\\\/info\\\/#organization\"},\"image\":{\"@id\":\"https:\\\/\\\/patagoniambiental.com.ar\\\/info\\\/acceso-a-costas-cumbres-y-senderos-de-montana-en-nuestro-ordenamiento-juridico-2\\\/#primaryimage\"},\"thumbnailUrl\":\"https:\\\/\\\/patagoniambiental.com.ar\\\/info\\\/wp-content\\\/uploads\\\/2022\\\/09\\\/1-1.jpg\",\"articleSection\":[\"Agenda Ambiental\",\"Bolet\u00edn\",\"Noticias\",\"Rotador\"],\"inLanguage\":\"es\",\"potentialAction\":[{\"@type\":\"CommentAction\",\"name\":\"Comment\",\"target\":[\"https:\\\/\\\/patagoniambiental.com.ar\\\/info\\\/acceso-a-costas-cumbres-y-senderos-de-montana-en-nuestro-ordenamiento-juridico-2\\\/#respond\"]}]},{\"@type\":\"WebPage\",\"@id\":\"https:\\\/\\\/patagoniambiental.com.ar\\\/info\\\/acceso-a-costas-cumbres-y-senderos-de-montana-en-nuestro-ordenamiento-juridico-2\\\/\",\"url\":\"https:\\\/\\\/patagoniambiental.com.ar\\\/info\\\/acceso-a-costas-cumbres-y-senderos-de-montana-en-nuestro-ordenamiento-juridico-2\\\/\",\"name\":\"ACCESO A COSTAS, CUMBRES Y SENDEROS DE MONTA\u00d1A EN NUESTRO ORDENAMIENTO JUR\u00cdDICO\",\"isPartOf\":{\"@id\":\"https:\\\/\\\/patagoniambiental.com.ar\\\/info\\\/#website\"},\"primaryImageOfPage\":{\"@id\":\"https:\\\/\\\/patagoniambiental.com.ar\\\/info\\\/acceso-a-costas-cumbres-y-senderos-de-montana-en-nuestro-ordenamiento-juridico-2\\\/#primaryimage\"},\"image\":{\"@id\":\"https:\\\/\\\/patagoniambiental.com.ar\\\/info\\\/acceso-a-costas-cumbres-y-senderos-de-montana-en-nuestro-ordenamiento-juridico-2\\\/#primaryimage\"},\"thumbnailUrl\":\"https:\\\/\\\/patagoniambiental.com.ar\\\/info\\\/wp-content\\\/uploads\\\/2022\\\/09\\\/1-1.jpg\",\"datePublished\":\"2022-09-26T10:00:00+00:00\",\"dateModified\":\"2022-09-27T14:58:58+00:00\",\"breadcrumb\":{\"@id\":\"https:\\\/\\\/patagoniambiental.com.ar\\\/info\\\/acceso-a-costas-cumbres-y-senderos-de-montana-en-nuestro-ordenamiento-juridico-2\\\/#breadcrumb\"},\"inLanguage\":\"es\",\"potentialAction\":[{\"@type\":\"ReadAction\",\"target\":[\"https:\\\/\\\/patagoniambiental.com.ar\\\/info\\\/acceso-a-costas-cumbres-y-senderos-de-montana-en-nuestro-ordenamiento-juridico-2\\\/\"]}]},{\"@type\":\"ImageObject\",\"inLanguage\":\"es\",\"@id\":\"https:\\\/\\\/patagoniambiental.com.ar\\\/info\\\/acceso-a-costas-cumbres-y-senderos-de-montana-en-nuestro-ordenamiento-juridico-2\\\/#primaryimage\",\"url\":\"https:\\\/\\\/patagoniambiental.com.ar\\\/info\\\/wp-content\\\/uploads\\\/2022\\\/09\\\/1-1.jpg\",\"contentUrl\":\"https:\\\/\\\/patagoniambiental.com.ar\\\/info\\\/wp-content\\\/uploads\\\/2022\\\/09\\\/1-1.jpg\",\"width\":976,\"height\":549},{\"@type\":\"BreadcrumbList\",\"@id\":\"https:\\\/\\\/patagoniambiental.com.ar\\\/info\\\/acceso-a-costas-cumbres-y-senderos-de-montana-en-nuestro-ordenamiento-juridico-2\\\/#breadcrumb\",\"itemListElement\":[{\"@type\":\"ListItem\",\"position\":1,\"name\":\"Inicio\",\"item\":\"https:\\\/\\\/patagoniambiental.com.ar\\\/info\\\/\"},{\"@type\":\"ListItem\",\"position\":2,\"name\":\"ACCESO A COSTAS, CUMBRES Y SENDEROS DE MONTA\u00d1A EN NUESTRO ORDENAMIENTO JUR\u00cdDICO\"}]},{\"@type\":\"WebSite\",\"@id\":\"https:\\\/\\\/patagoniambiental.com.ar\\\/info\\\/#website\",\"url\":\"https:\\\/\\\/patagoniambiental.com.ar\\\/info\\\/\",\"name\":\"Patagonia Ambiental\",\"description\":\"Monitoreo y an\u00e1lisis de la situaci\u00f3n geopol\u00edtica en el mundo y su implicancia en la Patagonia\",\"publisher\":{\"@id\":\"https:\\\/\\\/patagoniambiental.com.ar\\\/info\\\/#organization\"},\"potentialAction\":[{\"@type\":\"SearchAction\",\"target\":{\"@type\":\"EntryPoint\",\"urlTemplate\":\"https:\\\/\\\/patagoniambiental.com.ar\\\/info\\\/?s={search_term_string}\"},\"query-input\":{\"@type\":\"PropertyValueSpecification\",\"valueRequired\":true,\"valueName\":\"search_term_string\"}}],\"inLanguage\":\"es\"},{\"@type\":\"Organization\",\"@id\":\"https:\\\/\\\/patagoniambiental.com.ar\\\/info\\\/#organization\",\"name\":\"Patagonia Ambiental\",\"url\":\"https:\\\/\\\/patagoniambiental.com.ar\\\/info\\\/\",\"logo\":{\"@type\":\"ImageObject\",\"inLanguage\":\"es\",\"@id\":\"https:\\\/\\\/patagoniambiental.com.ar\\\/info\\\/#\\\/schema\\\/logo\\\/image\\\/\",\"url\":\"https:\\\/\\\/patagoniambiental.com.ar\\\/info\\\/wp-content\\\/uploads\\\/2025\\\/05\\\/LOGO-PATAGONIA-AMBIENTAL.png\",\"contentUrl\":\"https:\\\/\\\/patagoniambiental.com.ar\\\/info\\\/wp-content\\\/uploads\\\/2025\\\/05\\\/LOGO-PATAGONIA-AMBIENTAL.png\",\"width\":433,\"height\":250,\"caption\":\"Patagonia Ambiental\"},\"image\":{\"@id\":\"https:\\\/\\\/patagoniambiental.com.ar\\\/info\\\/#\\\/schema\\\/logo\\\/image\\\/\"},\"sameAs\":[\"https:\\\/\\\/www.facebook.com\\\/patagonia.ambiental\",\"https:\\\/\\\/x.com\\\/PatAmb\"]},{\"@type\":\"Person\",\"@id\":\"https:\\\/\\\/patagoniambiental.com.ar\\\/info\\\/#\\\/schema\\\/person\\\/e5af09d700b2e82cb10c6b8800e0c691\",\"name\":\"BRAIAN ESTEVEZ\",\"sameAs\":[\"http:\\\/\\\/www.patagoniambiental.com.ar\"]}]}<\/script>\n<!-- \/ Yoast SEO Premium plugin. -->","yoast_head_json":{"title":"ACCESO A COSTAS, CUMBRES Y SENDEROS DE MONTA\u00d1A EN NUESTRO ORDENAMIENTO JUR\u00cdDICO","robots":{"index":"index","follow":"follow","max-snippet":"max-snippet:-1","max-image-preview":"max-image-preview:large","max-video-preview":"max-video-preview:-1"},"canonical":"https:\/\/patagoniambiental.com.ar\/info\/acceso-a-costas-cumbres-y-senderos-de-montana-en-nuestro-ordenamiento-juridico-2\/","og_locale":"es_ES","og_type":"article","og_title":"ACCESO A COSTAS, CUMBRES Y SENDEROS DE MONTA\u00d1A EN NUESTRO ORDENAMIENTO JUR\u00cdDICO","og_url":"https:\/\/patagoniambiental.com.ar\/info\/acceso-a-costas-cumbres-y-senderos-de-montana-en-nuestro-ordenamiento-juridico-2\/","og_site_name":"Patagonia Ambiental","article_publisher":"https:\/\/www.facebook.com\/patagonia.ambiental","article_published_time":"2022-09-26T10:00:00+00:00","article_modified_time":"2022-09-27T14:58:58+00:00","og_image":[{"width":976,"height":549,"url":"https:\/\/patagoniambiental.com.ar\/info\/wp-content\/uploads\/2022\/09\/1-1.jpg","type":"image\/jpeg"}],"author":"BRAIAN ESTEVEZ","twitter_card":"summary_large_image","twitter_creator":"@PatAmb","twitter_site":"@PatAmb","schema":{"@context":"https:\/\/schema.org","@graph":[{"@type":"Article","@id":"https:\/\/patagoniambiental.com.ar\/info\/acceso-a-costas-cumbres-y-senderos-de-montana-en-nuestro-ordenamiento-juridico-2\/#article","isPartOf":{"@id":"https:\/\/patagoniambiental.com.ar\/info\/acceso-a-costas-cumbres-y-senderos-de-montana-en-nuestro-ordenamiento-juridico-2\/"},"author":{"name":"BRAIAN ESTEVEZ","@id":"https:\/\/patagoniambiental.com.ar\/info\/#\/schema\/person\/e5af09d700b2e82cb10c6b8800e0c691"},"headline":"ACCESO A COSTAS, CUMBRES Y SENDEROS DE MONTA\u00d1A EN NUESTRO ORDENAMIENTO JUR\u00cdDICO","datePublished":"2022-09-26T10:00:00+00:00","dateModified":"2022-09-27T14:58:58+00:00","mainEntityOfPage":{"@id":"https:\/\/patagoniambiental.com.ar\/info\/acceso-a-costas-cumbres-y-senderos-de-montana-en-nuestro-ordenamiento-juridico-2\/"},"wordCount":260,"commentCount":0,"publisher":{"@id":"https:\/\/patagoniambiental.com.ar\/info\/#organization"},"image":{"@id":"https:\/\/patagoniambiental.com.ar\/info\/acceso-a-costas-cumbres-y-senderos-de-montana-en-nuestro-ordenamiento-juridico-2\/#primaryimage"},"thumbnailUrl":"https:\/\/patagoniambiental.com.ar\/info\/wp-content\/uploads\/2022\/09\/1-1.jpg","articleSection":["Agenda Ambiental","Bolet\u00edn","Noticias","Rotador"],"inLanguage":"es","potentialAction":[{"@type":"CommentAction","name":"Comment","target":["https:\/\/patagoniambiental.com.ar\/info\/acceso-a-costas-cumbres-y-senderos-de-montana-en-nuestro-ordenamiento-juridico-2\/#respond"]}]},{"@type":"WebPage","@id":"https:\/\/patagoniambiental.com.ar\/info\/acceso-a-costas-cumbres-y-senderos-de-montana-en-nuestro-ordenamiento-juridico-2\/","url":"https:\/\/patagoniambiental.com.ar\/info\/acceso-a-costas-cumbres-y-senderos-de-montana-en-nuestro-ordenamiento-juridico-2\/","name":"ACCESO A COSTAS, CUMBRES Y SENDEROS DE MONTA\u00d1A EN NUESTRO ORDENAMIENTO JUR\u00cdDICO","isPartOf":{"@id":"https:\/\/patagoniambiental.com.ar\/info\/#website"},"primaryImageOfPage":{"@id":"https:\/\/patagoniambiental.com.ar\/info\/acceso-a-costas-cumbres-y-senderos-de-montana-en-nuestro-ordenamiento-juridico-2\/#primaryimage"},"image":{"@id":"https:\/\/patagoniambiental.com.ar\/info\/acceso-a-costas-cumbres-y-senderos-de-montana-en-nuestro-ordenamiento-juridico-2\/#primaryimage"},"thumbnailUrl":"https:\/\/patagoniambiental.com.ar\/info\/wp-content\/uploads\/2022\/09\/1-1.jpg","datePublished":"2022-09-26T10:00:00+00:00","dateModified":"2022-09-27T14:58:58+00:00","breadcrumb":{"@id":"https:\/\/patagoniambiental.com.ar\/info\/acceso-a-costas-cumbres-y-senderos-de-montana-en-nuestro-ordenamiento-juridico-2\/#breadcrumb"},"inLanguage":"es","potentialAction":[{"@type":"ReadAction","target":["https:\/\/patagoniambiental.com.ar\/info\/acceso-a-costas-cumbres-y-senderos-de-montana-en-nuestro-ordenamiento-juridico-2\/"]}]},{"@type":"ImageObject","inLanguage":"es","@id":"https:\/\/patagoniambiental.com.ar\/info\/acceso-a-costas-cumbres-y-senderos-de-montana-en-nuestro-ordenamiento-juridico-2\/#primaryimage","url":"https:\/\/patagoniambiental.com.ar\/info\/wp-content\/uploads\/2022\/09\/1-1.jpg","contentUrl":"https:\/\/patagoniambiental.com.ar\/info\/wp-content\/uploads\/2022\/09\/1-1.jpg","width":976,"height":549},{"@type":"BreadcrumbList","@id":"https:\/\/patagoniambiental.com.ar\/info\/acceso-a-costas-cumbres-y-senderos-de-montana-en-nuestro-ordenamiento-juridico-2\/#breadcrumb","itemListElement":[{"@type":"ListItem","position":1,"name":"Inicio","item":"https:\/\/patagoniambiental.com.ar\/info\/"},{"@type":"ListItem","position":2,"name":"ACCESO A COSTAS, CUMBRES Y SENDEROS DE MONTA\u00d1A EN NUESTRO ORDENAMIENTO JUR\u00cdDICO"}]},{"@type":"WebSite","@id":"https:\/\/patagoniambiental.com.ar\/info\/#website","url":"https:\/\/patagoniambiental.com.ar\/info\/","name":"Patagonia Ambiental","description":"Monitoreo y an\u00e1lisis de la situaci\u00f3n geopol\u00edtica en el mundo y su implicancia en la Patagonia","publisher":{"@id":"https:\/\/patagoniambiental.com.ar\/info\/#organization"},"potentialAction":[{"@type":"SearchAction","target":{"@type":"EntryPoint","urlTemplate":"https:\/\/patagoniambiental.com.ar\/info\/?s={search_term_string}"},"query-input":{"@type":"PropertyValueSpecification","valueRequired":true,"valueName":"search_term_string"}}],"inLanguage":"es"},{"@type":"Organization","@id":"https:\/\/patagoniambiental.com.ar\/info\/#organization","name":"Patagonia Ambiental","url":"https:\/\/patagoniambiental.com.ar\/info\/","logo":{"@type":"ImageObject","inLanguage":"es","@id":"https:\/\/patagoniambiental.com.ar\/info\/#\/schema\/logo\/image\/","url":"https:\/\/patagoniambiental.com.ar\/info\/wp-content\/uploads\/2025\/05\/LOGO-PATAGONIA-AMBIENTAL.png","contentUrl":"https:\/\/patagoniambiental.com.ar\/info\/wp-content\/uploads\/2025\/05\/LOGO-PATAGONIA-AMBIENTAL.png","width":433,"height":250,"caption":"Patagonia Ambiental"},"image":{"@id":"https:\/\/patagoniambiental.com.ar\/info\/#\/schema\/logo\/image\/"},"sameAs":["https:\/\/www.facebook.com\/patagonia.ambiental","https:\/\/x.com\/PatAmb"]},{"@type":"Person","@id":"https:\/\/patagoniambiental.com.ar\/info\/#\/schema\/person\/e5af09d700b2e82cb10c6b8800e0c691","name":"BRAIAN ESTEVEZ","sameAs":["http:\/\/www.patagoniambiental.com.ar"]}]}},"_links":{"self":[{"href":"https:\/\/patagoniambiental.com.ar\/info\/wp-json\/wp\/v2\/posts\/76380","targetHints":{"allow":["GET"]}}],"collection":[{"href":"https:\/\/patagoniambiental.com.ar\/info\/wp-json\/wp\/v2\/posts"}],"about":[{"href":"https:\/\/patagoniambiental.com.ar\/info\/wp-json\/wp\/v2\/types\/post"}],"author":[{"embeddable":true,"href":"https:\/\/patagoniambiental.com.ar\/info\/wp-json\/wp\/v2\/users\/6"}],"replies":[{"embeddable":true,"href":"https:\/\/patagoniambiental.com.ar\/info\/wp-json\/wp\/v2\/comments?post=76380"}],"version-history":[{"count":0,"href":"https:\/\/patagoniambiental.com.ar\/info\/wp-json\/wp\/v2\/posts\/76380\/revisions"}],"wp:featuredmedia":[{"embeddable":true,"href":"https:\/\/patagoniambiental.com.ar\/info\/wp-json\/wp\/v2\/media\/76381"}],"wp:attachment":[{"href":"https:\/\/patagoniambiental.com.ar\/info\/wp-json\/wp\/v2\/media?parent=76380"}],"wp:term":[{"taxonomy":"category","embeddable":true,"href":"https:\/\/patagoniambiental.com.ar\/info\/wp-json\/wp\/v2\/categories?post=76380"},{"taxonomy":"post_tag","embeddable":true,"href":"https:\/\/patagoniambiental.com.ar\/info\/wp-json\/wp\/v2\/tags?post=76380"}],"curies":[{"name":"wp","href":"https:\/\/api.w.org\/{rel}","templated":true}]}}