{"id":76390,"date":"2022-09-30T07:00:00","date_gmt":"2022-09-30T10:00:00","guid":{"rendered":"http:\/\/patagoniambiental.com.ar\/info\/?p=76390"},"modified":"2022-09-29T20:07:38","modified_gmt":"2022-09-29T23:07:38","slug":"diputados-provinciales-estudian-como-reducir-la-utilizacion-de-plasticos-de-un-solo-uso","status":"publish","type":"post","link":"https:\/\/patagoniambiental.com.ar\/info\/diputados-provinciales-estudian-como-reducir-la-utilizacion-de-plasticos-de-un-solo-uso\/","title":{"rendered":"Diputados provinciales estudian c\u00f3mo reducir la utilizaci\u00f3n de pl\u00e1sticos de un solo uso"},"content":{"rendered":"\n<!--more-->\n\n\n\n<p>Neuquen.-La comisi\u00f3n de Medio Ambiente, Recursos Naturales y Desarrollo Sustentable (H) comenz\u00f3 a analizar cinco iniciativas de distintos bloques pol\u00edticos para avanzar en una normativa que permita reducir de manera progresiva la utilizaci\u00f3n de pl\u00e1sticos de un solo uso en todo el territorio provincial.<\/p>\n\n\n\n<p>Al respecto, la presidenta del cuerpo, la diputada Lorena Abdala (MPN) destac\u00f3 los puntos en com\u00fan que contemplan los proyectos en debate y adelant\u00f3 que la intenci\u00f3n es poder dedicar la pr\u00f3xima reuni\u00f3n a conocer las distintas posturas que pueden aportar las asociaciones ambientalistas, las c\u00e1maras que agrupan a la industria del pl\u00e1stico y las empresas regionales que se dedican al rubro.<\/p>\n\n\n\n<p>Abdala tambi\u00e9n especific\u00f3 que la intenci\u00f3n es poder incorporar a la normativa campa\u00f1as de concientizaci\u00f3n sobre el impacto que genera en el medioambiente la utilizaci\u00f3n de envases pl\u00e1sticos y la implementaci\u00f3n de un programa de reducci\u00f3n progresivo para poder, con el tiempo, sustituirlo por materiales alternativos.<\/p>\n\n\n\n<p>En igual sentido, Andr\u00e9s Peressini, del bloque Siempre, respald\u00f3 la decisi\u00f3n de avanzar en iniciativas que eviten y reduzcan la utilizaci\u00f3n de pl\u00e1sticos de un solo uso. Al respecto, se pronunci\u00f3 a favor de buscar alternativas de reemplazo y advirti\u00f3 que, pese a la posibilidad de reutilizaci\u00f3n que se esgrime como posible beneficio, el porcentaje de pl\u00e1stico recuperado resulta \u00ednfimo si se lo compara con la cantidad de material que se produce a diario.&nbsp;<\/p>\n\n\n\n<p>A la vez, el cuerpo tambi\u00e9n comenz\u00f3 a tratar la iniciativa que establece la restauraci\u00f3n de ambientes \u00e1ridos, semi\u00e1ridos y subh\u00famedos secos en la provincia, iniciativa destinada principalmente a que, tanto las empresas mineras como las operadoras hidrocarbur\u00edferas, planifiquen acciones de recomposici\u00f3n de la flora aut\u00f3ctona en las \u00e1reas en las cuales desarrollan o dejaron de desarrollar su actividad.<\/p>\n\n\n\n<p>Sobre este punto, el legislador Peressini asegur\u00f3 que la intenci\u00f3n del proyecto es poder pensar una instancia de restauraci\u00f3n de los suelos para \u201cevitar un deterioro mayor\u201d. Al hablar, puso especial \u00e9nfasis en las actividades extractivas que se realizan en la provincia y sostuvo que se debe establecer un marco regulatorio que prevea una inversi\u00f3n en t\u00e9rminos de restauraci\u00f3n del suelo en aquellas \u00e1reas que las propias concesionarias han contribuido a deteriorar.<\/p>\n\n\n\n<p>En otro orden, la comisi\u00f3n acord\u00f3 invitar a Leonardo Jakus, autor del libro \u00abEcolog\u00eda Pol\u00edtica, Gobernanza Ambiental y Pol\u00edticas P\u00fablicas\u00bb. El cuerpo tambi\u00e9n formaliz\u00f3 la recepci\u00f3n de un informe de parte de la Subsecretar\u00eda de Recursos H\u00eddricos referido a las obras de suministro de agua que se realizaron en el canal La Primavera, ubicado en la ciudad de Andacollo.&nbsp;<\/p>\n\n\n\n<p>Estuvieron presentes las legisladoras Lorena Abdala, Teresa Rioseco, Ludmila Gait\u00e1n, Blanca L\u00f3pez, Soledad Salaburu, Carina Riccomini y los diputados Germ\u00e1n Chapino y Andr\u00e9s Peressini.<\/p>\n\n\n\n<p>Fuente: https:\/\/www.diarioandino.com.ar\/noticias\/2022\/09\/28\/223475-diputados-provinciales-estudian-como-reducir-la-utilizacion-de-plasticos-de-un-solo-uso<\/p>\n","protected":false},"excerpt":{"rendered":"","protected":false},"author":6,"featured_media":76391,"comment_status":"open","ping_status":"open","sticky":false,"template":"","format":"standard","meta":{"site-sidebar-layout":"default","site-content-layout":"","ast-site-content-layout":"default","site-content-style":"default","site-sidebar-style":"default","ast-global-header-display":"","ast-banner-title-visibility":"","ast-main-header-display":"","ast-hfb-above-header-display":"","ast-hfb-below-header-display":"","ast-hfb-mobile-header-display":"","site-post-title":"","ast-breadcrumbs-content":"","ast-featured-img":"","footer-sml-layout":"","ast-disable-related-posts":"","theme-transparent-header-meta":"","adv-header-id-meta":"","stick-header-meta":"","header-above-stick-meta":"","header-main-stick-meta":"","header-below-stick-meta":"","astra-migrate-meta-layouts":"default","ast-page-background-enabled":"default","ast-page-background-meta":{"desktop":{"background-color":"var(--ast-global-color-5)","background-image":"","background-repeat":"repeat","background-position":"center center","background-size":"auto","background-attachment":"scroll","background-type":"","background-media":"","overlay-type":"","overlay-color":"","overlay-opacity":"","overlay-gradient":""},"tablet":{"background-color":"","background-image":"","background-repeat":"repeat","background-position":"center center","background-size":"auto","background-attachment":"scroll","background-type":"","background-media":"","overlay-type":"","overlay-color":"","overlay-opacity":"","overlay-gradient":""},"mobile":{"background-color":"","background-image":"","background-repeat":"repeat","background-position":"center center","background-size":"auto","background-attachment":"scroll","background-type":"","background-media":"","overlay-type":"","overlay-color":"","overlay-opacity":"","overlay-gradient":""}},"ast-content-background-meta":{"desktop":{"background-color":"var(--ast-global-color-4)","background-image":"","background-repeat":"repeat","background-position":"center center","background-size":"auto","background-attachment":"scroll","background-type":"","background-media":"","overlay-type":"","overlay-color":"","overlay-opacity":"","overlay-gradient":""},"tablet":{"background-color":"var(--ast-global-color-4)","background-image":"","background-repeat":"repeat","background-position":"center center","background-size":"auto","background-attachment":"scroll","background-type":"","background-media":"","overlay-type":"","overlay-color":"","overlay-opacity":"","overlay-gradient":""},"mobile":{"background-color":"var(--ast-global-color-4)","background-image":"","background-repeat":"repeat","background-position":"center center","background-size":"auto","background-attachment":"scroll","background-type":"","background-media":"","overlay-type":"","overlay-color":"","overlay-opacity":"","overlay-gradient":""}},"footnotes":""},"categories":[11,3357,18,1,13,10],"tags":[],"class_list":["post-76390","post","type-post","status-publish","format-standard","has-post-thumbnail","hentry","category-boletin","category-girsu","category-neuquen","category-noticias","category-provinciales","category-rotador"],"yoast_head":"<!-- This site is optimized with the Yoast SEO Premium plugin v23.0 (Yoast SEO v27.5) - https:\/\/yoast.com\/product\/yoast-seo-premium-wordpress\/ -->\n<title>Diputados provinciales estudian c\u00f3mo reducir la utilizaci\u00f3n de pl\u00e1sticos de un solo uso<\/title>\n<meta name=\"robots\" content=\"index, follow, max-snippet:-1, max-image-preview:large, max-video-preview:-1\" \/>\n<link rel=\"canonical\" href=\"https:\/\/patagoniambiental.com.ar\/info\/diputados-provinciales-estudian-como-reducir-la-utilizacion-de-plasticos-de-un-solo-uso\/\" \/>\n<meta property=\"og:locale\" content=\"es_ES\" \/>\n<meta property=\"og:type\" content=\"article\" \/>\n<meta property=\"og:title\" content=\"Diputados provinciales estudian c\u00f3mo reducir la utilizaci\u00f3n de pl\u00e1sticos de un solo uso\" \/>\n<meta property=\"og:url\" content=\"https:\/\/patagoniambiental.com.ar\/info\/diputados-provinciales-estudian-como-reducir-la-utilizacion-de-plasticos-de-un-solo-uso\/\" \/>\n<meta property=\"og:site_name\" content=\"Patagonia Ambiental\" \/>\n<meta property=\"article:publisher\" content=\"https:\/\/www.facebook.com\/patagonia.ambiental\" \/>\n<meta property=\"article:published_time\" content=\"2022-09-30T10:00:00+00:00\" \/>\n<meta property=\"og:image\" content=\"https:\/\/patagoniambiental.com.ar\/info\/wp-content\/uploads\/2022\/09\/xs.jpg\" \/>\n\t<meta property=\"og:image:width\" content=\"576\" \/>\n\t<meta property=\"og:image:height\" content=\"384\" \/>\n\t<meta property=\"og:image:type\" content=\"image\/jpeg\" \/>\n<meta name=\"author\" content=\"BRAIAN ESTEVEZ\" \/>\n<meta name=\"twitter:card\" content=\"summary_large_image\" \/>\n<meta name=\"twitter:creator\" content=\"@PatAmb\" \/>\n<meta name=\"twitter:site\" content=\"@PatAmb\" \/>\n<script type=\"application\/ld+json\" class=\"yoast-schema-graph\">{\"@context\":\"https:\\\/\\\/schema.org\",\"@graph\":[{\"@type\":\"Article\",\"@id\":\"https:\\\/\\\/patagoniambiental.com.ar\\\/info\\\/diputados-provinciales-estudian-como-reducir-la-utilizacion-de-plasticos-de-un-solo-uso\\\/#article\",\"isPartOf\":{\"@id\":\"https:\\\/\\\/patagoniambiental.com.ar\\\/info\\\/diputados-provinciales-estudian-como-reducir-la-utilizacion-de-plasticos-de-un-solo-uso\\\/\"},\"author\":{\"name\":\"BRAIAN ESTEVEZ\",\"@id\":\"https:\\\/\\\/patagoniambiental.com.ar\\\/info\\\/#\\\/schema\\\/person\\\/e5af09d700b2e82cb10c6b8800e0c691\"},\"headline\":\"Diputados provinciales estudian c\u00f3mo reducir la utilizaci\u00f3n de pl\u00e1sticos de un solo uso\",\"datePublished\":\"2022-09-30T10:00:00+00:00\",\"mainEntityOfPage\":{\"@id\":\"https:\\\/\\\/patagoniambiental.com.ar\\\/info\\\/diputados-provinciales-estudian-como-reducir-la-utilizacion-de-plasticos-de-un-solo-uso\\\/\"},\"wordCount\":516,\"commentCount\":0,\"publisher\":{\"@id\":\"https:\\\/\\\/patagoniambiental.com.ar\\\/info\\\/#organization\"},\"image\":{\"@id\":\"https:\\\/\\\/patagoniambiental.com.ar\\\/info\\\/diputados-provinciales-estudian-como-reducir-la-utilizacion-de-plasticos-de-un-solo-uso\\\/#primaryimage\"},\"thumbnailUrl\":\"https:\\\/\\\/patagoniambiental.com.ar\\\/info\\\/wp-content\\\/uploads\\\/2022\\\/09\\\/xs.jpg\",\"articleSection\":[\"Bolet\u00edn\",\"GIRSU\",\"Neuqu\u00e9n\",\"Noticias\",\"Provinciales\",\"Rotador\"],\"inLanguage\":\"es\",\"potentialAction\":[{\"@type\":\"CommentAction\",\"name\":\"Comment\",\"target\":[\"https:\\\/\\\/patagoniambiental.com.ar\\\/info\\\/diputados-provinciales-estudian-como-reducir-la-utilizacion-de-plasticos-de-un-solo-uso\\\/#respond\"]}]},{\"@type\":\"WebPage\",\"@id\":\"https:\\\/\\\/patagoniambiental.com.ar\\\/info\\\/diputados-provinciales-estudian-como-reducir-la-utilizacion-de-plasticos-de-un-solo-uso\\\/\",\"url\":\"https:\\\/\\\/patagoniambiental.com.ar\\\/info\\\/diputados-provinciales-estudian-como-reducir-la-utilizacion-de-plasticos-de-un-solo-uso\\\/\",\"name\":\"Diputados provinciales estudian c\u00f3mo reducir la utilizaci\u00f3n de pl\u00e1sticos de un solo uso\",\"isPartOf\":{\"@id\":\"https:\\\/\\\/patagoniambiental.com.ar\\\/info\\\/#website\"},\"primaryImageOfPage\":{\"@id\":\"https:\\\/\\\/patagoniambiental.com.ar\\\/info\\\/diputados-provinciales-estudian-como-reducir-la-utilizacion-de-plasticos-de-un-solo-uso\\\/#primaryimage\"},\"image\":{\"@id\":\"https:\\\/\\\/patagoniambiental.com.ar\\\/info\\\/diputados-provinciales-estudian-como-reducir-la-utilizacion-de-plasticos-de-un-solo-uso\\\/#primaryimage\"},\"thumbnailUrl\":\"https:\\\/\\\/patagoniambiental.com.ar\\\/info\\\/wp-content\\\/uploads\\\/2022\\\/09\\\/xs.jpg\",\"datePublished\":\"2022-09-30T10:00:00+00:00\",\"breadcrumb\":{\"@id\":\"https:\\\/\\\/patagoniambiental.com.ar\\\/info\\\/diputados-provinciales-estudian-como-reducir-la-utilizacion-de-plasticos-de-un-solo-uso\\\/#breadcrumb\"},\"inLanguage\":\"es\",\"potentialAction\":[{\"@type\":\"ReadAction\",\"target\":[\"https:\\\/\\\/patagoniambiental.com.ar\\\/info\\\/diputados-provinciales-estudian-como-reducir-la-utilizacion-de-plasticos-de-un-solo-uso\\\/\"]}]},{\"@type\":\"ImageObject\",\"inLanguage\":\"es\",\"@id\":\"https:\\\/\\\/patagoniambiental.com.ar\\\/info\\\/diputados-provinciales-estudian-como-reducir-la-utilizacion-de-plasticos-de-un-solo-uso\\\/#primaryimage\",\"url\":\"https:\\\/\\\/patagoniambiental.com.ar\\\/info\\\/wp-content\\\/uploads\\\/2022\\\/09\\\/xs.jpg\",\"contentUrl\":\"https:\\\/\\\/patagoniambiental.com.ar\\\/info\\\/wp-content\\\/uploads\\\/2022\\\/09\\\/xs.jpg\",\"width\":576,\"height\":384},{\"@type\":\"BreadcrumbList\",\"@id\":\"https:\\\/\\\/patagoniambiental.com.ar\\\/info\\\/diputados-provinciales-estudian-como-reducir-la-utilizacion-de-plasticos-de-un-solo-uso\\\/#breadcrumb\",\"itemListElement\":[{\"@type\":\"ListItem\",\"position\":1,\"name\":\"Inicio\",\"item\":\"https:\\\/\\\/patagoniambiental.com.ar\\\/info\\\/\"},{\"@type\":\"ListItem\",\"position\":2,\"name\":\"Diputados provinciales estudian c\u00f3mo reducir la utilizaci\u00f3n de pl\u00e1sticos de un solo uso\"}]},{\"@type\":\"WebSite\",\"@id\":\"https:\\\/\\\/patagoniambiental.com.ar\\\/info\\\/#website\",\"url\":\"https:\\\/\\\/patagoniambiental.com.ar\\\/info\\\/\",\"name\":\"Patagonia Ambiental\",\"description\":\"Monitoreo y an\u00e1lisis de la situaci\u00f3n geopol\u00edtica en el mundo y su implicancia en la Patagonia\",\"publisher\":{\"@id\":\"https:\\\/\\\/patagoniambiental.com.ar\\\/info\\\/#organization\"},\"potentialAction\":[{\"@type\":\"SearchAction\",\"target\":{\"@type\":\"EntryPoint\",\"urlTemplate\":\"https:\\\/\\\/patagoniambiental.com.ar\\\/info\\\/?s={search_term_string}\"},\"query-input\":{\"@type\":\"PropertyValueSpecification\",\"valueRequired\":true,\"valueName\":\"search_term_string\"}}],\"inLanguage\":\"es\"},{\"@type\":\"Organization\",\"@id\":\"https:\\\/\\\/patagoniambiental.com.ar\\\/info\\\/#organization\",\"name\":\"Patagonia Ambiental\",\"url\":\"https:\\\/\\\/patagoniambiental.com.ar\\\/info\\\/\",\"logo\":{\"@type\":\"ImageObject\",\"inLanguage\":\"es\",\"@id\":\"https:\\\/\\\/patagoniambiental.com.ar\\\/info\\\/#\\\/schema\\\/logo\\\/image\\\/\",\"url\":\"https:\\\/\\\/patagoniambiental.com.ar\\\/info\\\/wp-content\\\/uploads\\\/2025\\\/05\\\/LOGO-PATAGONIA-AMBIENTAL.png\",\"contentUrl\":\"https:\\\/\\\/patagoniambiental.com.ar\\\/info\\\/wp-content\\\/uploads\\\/2025\\\/05\\\/LOGO-PATAGONIA-AMBIENTAL.png\",\"width\":433,\"height\":250,\"caption\":\"Patagonia Ambiental\"},\"image\":{\"@id\":\"https:\\\/\\\/patagoniambiental.com.ar\\\/info\\\/#\\\/schema\\\/logo\\\/image\\\/\"},\"sameAs\":[\"https:\\\/\\\/www.facebook.com\\\/patagonia.ambiental\",\"https:\\\/\\\/x.com\\\/PatAmb\"]},{\"@type\":\"Person\",\"@id\":\"https:\\\/\\\/patagoniambiental.com.ar\\\/info\\\/#\\\/schema\\\/person\\\/e5af09d700b2e82cb10c6b8800e0c691\",\"name\":\"BRAIAN ESTEVEZ\",\"sameAs\":[\"http:\\\/\\\/www.patagoniambiental.com.ar\"]}]}<\/script>\n<!-- \/ Yoast SEO Premium plugin. -->","yoast_head_json":{"title":"Diputados provinciales estudian c\u00f3mo reducir la utilizaci\u00f3n de pl\u00e1sticos de un solo uso","robots":{"index":"index","follow":"follow","max-snippet":"max-snippet:-1","max-image-preview":"max-image-preview:large","max-video-preview":"max-video-preview:-1"},"canonical":"https:\/\/patagoniambiental.com.ar\/info\/diputados-provinciales-estudian-como-reducir-la-utilizacion-de-plasticos-de-un-solo-uso\/","og_locale":"es_ES","og_type":"article","og_title":"Diputados provinciales estudian c\u00f3mo reducir la utilizaci\u00f3n de pl\u00e1sticos de un solo uso","og_url":"https:\/\/patagoniambiental.com.ar\/info\/diputados-provinciales-estudian-como-reducir-la-utilizacion-de-plasticos-de-un-solo-uso\/","og_site_name":"Patagonia Ambiental","article_publisher":"https:\/\/www.facebook.com\/patagonia.ambiental","article_published_time":"2022-09-30T10:00:00+00:00","og_image":[{"width":576,"height":384,"url":"https:\/\/patagoniambiental.com.ar\/info\/wp-content\/uploads\/2022\/09\/xs.jpg","type":"image\/jpeg"}],"author":"BRAIAN ESTEVEZ","twitter_card":"summary_large_image","twitter_creator":"@PatAmb","twitter_site":"@PatAmb","schema":{"@context":"https:\/\/schema.org","@graph":[{"@type":"Article","@id":"https:\/\/patagoniambiental.com.ar\/info\/diputados-provinciales-estudian-como-reducir-la-utilizacion-de-plasticos-de-un-solo-uso\/#article","isPartOf":{"@id":"https:\/\/patagoniambiental.com.ar\/info\/diputados-provinciales-estudian-como-reducir-la-utilizacion-de-plasticos-de-un-solo-uso\/"},"author":{"name":"BRAIAN ESTEVEZ","@id":"https:\/\/patagoniambiental.com.ar\/info\/#\/schema\/person\/e5af09d700b2e82cb10c6b8800e0c691"},"headline":"Diputados provinciales estudian c\u00f3mo reducir la utilizaci\u00f3n de pl\u00e1sticos de un solo uso","datePublished":"2022-09-30T10:00:00+00:00","mainEntityOfPage":{"@id":"https:\/\/patagoniambiental.com.ar\/info\/diputados-provinciales-estudian-como-reducir-la-utilizacion-de-plasticos-de-un-solo-uso\/"},"wordCount":516,"commentCount":0,"publisher":{"@id":"https:\/\/patagoniambiental.com.ar\/info\/#organization"},"image":{"@id":"https:\/\/patagoniambiental.com.ar\/info\/diputados-provinciales-estudian-como-reducir-la-utilizacion-de-plasticos-de-un-solo-uso\/#primaryimage"},"thumbnailUrl":"https:\/\/patagoniambiental.com.ar\/info\/wp-content\/uploads\/2022\/09\/xs.jpg","articleSection":["Bolet\u00edn","GIRSU","Neuqu\u00e9n","Noticias","Provinciales","Rotador"],"inLanguage":"es","potentialAction":[{"@type":"CommentAction","name":"Comment","target":["https:\/\/patagoniambiental.com.ar\/info\/diputados-provinciales-estudian-como-reducir-la-utilizacion-de-plasticos-de-un-solo-uso\/#respond"]}]},{"@type":"WebPage","@id":"https:\/\/patagoniambiental.com.ar\/info\/diputados-provinciales-estudian-como-reducir-la-utilizacion-de-plasticos-de-un-solo-uso\/","url":"https:\/\/patagoniambiental.com.ar\/info\/diputados-provinciales-estudian-como-reducir-la-utilizacion-de-plasticos-de-un-solo-uso\/","name":"Diputados provinciales estudian c\u00f3mo reducir la utilizaci\u00f3n de pl\u00e1sticos de un solo uso","isPartOf":{"@id":"https:\/\/patagoniambiental.com.ar\/info\/#website"},"primaryImageOfPage":{"@id":"https:\/\/patagoniambiental.com.ar\/info\/diputados-provinciales-estudian-como-reducir-la-utilizacion-de-plasticos-de-un-solo-uso\/#primaryimage"},"image":{"@id":"https:\/\/patagoniambiental.com.ar\/info\/diputados-provinciales-estudian-como-reducir-la-utilizacion-de-plasticos-de-un-solo-uso\/#primaryimage"},"thumbnailUrl":"https:\/\/patagoniambiental.com.ar\/info\/wp-content\/uploads\/2022\/09\/xs.jpg","datePublished":"2022-09-30T10:00:00+00:00","breadcrumb":{"@id":"https:\/\/patagoniambiental.com.ar\/info\/diputados-provinciales-estudian-como-reducir-la-utilizacion-de-plasticos-de-un-solo-uso\/#breadcrumb"},"inLanguage":"es","potentialAction":[{"@type":"ReadAction","target":["https:\/\/patagoniambiental.com.ar\/info\/diputados-provinciales-estudian-como-reducir-la-utilizacion-de-plasticos-de-un-solo-uso\/"]}]},{"@type":"ImageObject","inLanguage":"es","@id":"https:\/\/patagoniambiental.com.ar\/info\/diputados-provinciales-estudian-como-reducir-la-utilizacion-de-plasticos-de-un-solo-uso\/#primaryimage","url":"https:\/\/patagoniambiental.com.ar\/info\/wp-content\/uploads\/2022\/09\/xs.jpg","contentUrl":"https:\/\/patagoniambiental.com.ar\/info\/wp-content\/uploads\/2022\/09\/xs.jpg","width":576,"height":384},{"@type":"BreadcrumbList","@id":"https:\/\/patagoniambiental.com.ar\/info\/diputados-provinciales-estudian-como-reducir-la-utilizacion-de-plasticos-de-un-solo-uso\/#breadcrumb","itemListElement":[{"@type":"ListItem","position":1,"name":"Inicio","item":"https:\/\/patagoniambiental.com.ar\/info\/"},{"@type":"ListItem","position":2,"name":"Diputados provinciales estudian c\u00f3mo reducir la utilizaci\u00f3n de pl\u00e1sticos de un solo uso"}]},{"@type":"WebSite","@id":"https:\/\/patagoniambiental.com.ar\/info\/#website","url":"https:\/\/patagoniambiental.com.ar\/info\/","name":"Patagonia Ambiental","description":"Monitoreo y an\u00e1lisis de la situaci\u00f3n geopol\u00edtica en el mundo y su implicancia en la Patagonia","publisher":{"@id":"https:\/\/patagoniambiental.com.ar\/info\/#organization"},"potentialAction":[{"@type":"SearchAction","target":{"@type":"EntryPoint","urlTemplate":"https:\/\/patagoniambiental.com.ar\/info\/?s={search_term_string}"},"query-input":{"@type":"PropertyValueSpecification","valueRequired":true,"valueName":"search_term_string"}}],"inLanguage":"es"},{"@type":"Organization","@id":"https:\/\/patagoniambiental.com.ar\/info\/#organization","name":"Patagonia Ambiental","url":"https:\/\/patagoniambiental.com.ar\/info\/","logo":{"@type":"ImageObject","inLanguage":"es","@id":"https:\/\/patagoniambiental.com.ar\/info\/#\/schema\/logo\/image\/","url":"https:\/\/patagoniambiental.com.ar\/info\/wp-content\/uploads\/2025\/05\/LOGO-PATAGONIA-AMBIENTAL.png","contentUrl":"https:\/\/patagoniambiental.com.ar\/info\/wp-content\/uploads\/2025\/05\/LOGO-PATAGONIA-AMBIENTAL.png","width":433,"height":250,"caption":"Patagonia Ambiental"},"image":{"@id":"https:\/\/patagoniambiental.com.ar\/info\/#\/schema\/logo\/image\/"},"sameAs":["https:\/\/www.facebook.com\/patagonia.ambiental","https:\/\/x.com\/PatAmb"]},{"@type":"Person","@id":"https:\/\/patagoniambiental.com.ar\/info\/#\/schema\/person\/e5af09d700b2e82cb10c6b8800e0c691","name":"BRAIAN ESTEVEZ","sameAs":["http:\/\/www.patagoniambiental.com.ar"]}]}},"_links":{"self":[{"href":"https:\/\/patagoniambiental.com.ar\/info\/wp-json\/wp\/v2\/posts\/76390","targetHints":{"allow":["GET"]}}],"collection":[{"href":"https:\/\/patagoniambiental.com.ar\/info\/wp-json\/wp\/v2\/posts"}],"about":[{"href":"https:\/\/patagoniambiental.com.ar\/info\/wp-json\/wp\/v2\/types\/post"}],"author":[{"embeddable":true,"href":"https:\/\/patagoniambiental.com.ar\/info\/wp-json\/wp\/v2\/users\/6"}],"replies":[{"embeddable":true,"href":"https:\/\/patagoniambiental.com.ar\/info\/wp-json\/wp\/v2\/comments?post=76390"}],"version-history":[{"count":0,"href":"https:\/\/patagoniambiental.com.ar\/info\/wp-json\/wp\/v2\/posts\/76390\/revisions"}],"wp:featuredmedia":[{"embeddable":true,"href":"https:\/\/patagoniambiental.com.ar\/info\/wp-json\/wp\/v2\/media\/76391"}],"wp:attachment":[{"href":"https:\/\/patagoniambiental.com.ar\/info\/wp-json\/wp\/v2\/media?parent=76390"}],"wp:term":[{"taxonomy":"category","embeddable":true,"href":"https:\/\/patagoniambiental.com.ar\/info\/wp-json\/wp\/v2\/categories?post=76390"},{"taxonomy":"post_tag","embeddable":true,"href":"https:\/\/patagoniambiental.com.ar\/info\/wp-json\/wp\/v2\/tags?post=76390"}],"curies":[{"name":"wp","href":"https:\/\/api.w.org\/{rel}","templated":true}]}}