{"id":76425,"date":"2022-10-12T07:00:00","date_gmt":"2022-10-12T10:00:00","guid":{"rendered":"http:\/\/patagoniambiental.com.ar\/info\/?p=76425"},"modified":"2022-10-04T07:45:06","modified_gmt":"2022-10-04T10:45:06","slug":"reconocidos-referentes-del-tema-ambiente-encabezaran-ciclo-de-conferencias","status":"publish","type":"post","link":"https:\/\/patagoniambiental.com.ar\/info\/reconocidos-referentes-del-tema-ambiente-encabezaran-ciclo-de-conferencias\/","title":{"rendered":"Reconocidos referentes del tema ambiente encabezar\u00e1n ciclo de conferencias"},"content":{"rendered":"\n<!--more-->\n\n\n\n<p>La Subsecretar\u00eda de Ambiente organiza el primer Ciclo de Conferencias Ambientales bajo el lema \u00bfY si hablamos de ambiente? &nbsp;Las mismas se realizar\u00e1n a partir del 17 hasta el 27 de octubre, en el Centro Cultural Provincial Medasur, de lunes a jueves a las 18:00.<br>El ciclo contar\u00e1 con la presencia de destacados referentes de diferentes tem\u00e1ticas ambientales. El programa se conforma de la siguiente manera:<\/p>\n\n\n\n<p>Lunes 17: Mora Lai\u00f1o: \u201cLa crisis clim\u00e1tica desde los lentes de g\u00e9nero y diversidad\u201d<br>Martes 18: Ana Liz Flores. \u201c\u00c1reas protegidas como motor de desarrollo sostenible\u201d<br>Mi\u00e9rcoles 19: Andr\u00e9s N\u00e1poli: \u201cEl desaf\u00edo de proteger el ambiente: El caso de la Ley de Humedales\u201d<br>Jueves 20: Claudio Bertonatti: \u201cDel desencuentro al reencuentro con la naturaleza\u201d<br>Lunes 24: J\u00f3venes por el Clima: \u201cPensar la crisis clim\u00e1tica desde la Argentina\u201d<br>Martes 25: Sol Azcona. Coordinadora de La Ley de Educaci\u00f3n Ambiental Integral, Ministerio de Ambiente y Desarrollo Sostenible de Naci\u00f3n. \u201cLey de Educaci\u00f3n Ambiental Integral\u201d<br>Mi\u00e9rcoles 26: Carlos Merenson. \u201c\u00bfQu\u00e9 es la ecolog\u00eda pol\u00edtica?\u201d<br>Jueves 27: Maristella Svampa. \u201cContra el colapso. Pensar la Transici\u00f3n Ecosocial\u00a0desde el Sur\u201d; Guillermo Folguera: \u201cProducci\u00f3n, problem\u00e1ticas socioambientales y saberes\u201d.<br>Las conferencias son para todo p\u00fablico, para participar solamente deber\u00e1n inscribirse en el siguiente link:<br><a href=\"https:\/\/docs.google.com\/forms\/d\/e\/1FAIpQLSfw8KZvibPtEPnmrVgZJw_AUok2fmdDt53ha3iLmn8p0JIIyw\/viewform\"><strong>https:\/\/docs.google.com\/forms\/d\/e\/1FAIpQLSfw8KZvibPtEPnmrVgZJw_AUok2fmdDt53ha3iLmn8p0JIIyw\/viewform<\/strong><\/a><br><br>Contacto:\u00a0<a href=\"mailto:subsecretariadeambiente@lapampa.gob.ar\">subsecretariadeambiente@lapampa.gob.ar<\/a><\/p>\n\n\n\n<p>Fuente: https:\/\/apn.lapampa.gob.ar\/nota\/detalle\/id\/18934\/Reconocidos-referentes-del-tema-ambiente-encabezarn-ciclo-de-conferencias<\/p>\n","protected":false},"excerpt":{"rendered":"","protected":false},"author":6,"featured_media":76426,"comment_status":"open","ping_status":"open","sticky":false,"template":"","format":"standard","meta":{"site-sidebar-layout":"default","site-content-layout":"","ast-site-content-layout":"default","site-content-style":"default","site-sidebar-style":"default","ast-global-header-display":"","ast-banner-title-visibility":"","ast-main-header-display":"","ast-hfb-above-header-display":"","ast-hfb-below-header-display":"","ast-hfb-mobile-header-display":"","site-post-title":"","ast-breadcrumbs-content":"","ast-featured-img":"","footer-sml-layout":"","ast-disable-related-posts":"","theme-transparent-header-meta":"","adv-header-id-meta":"","stick-header-meta":"","header-above-stick-meta":"","header-main-stick-meta":"","header-below-stick-meta":"","astra-migrate-meta-layouts":"default","ast-page-background-enabled":"default","ast-page-background-meta":{"desktop":{"background-color":"var(--ast-global-color-5)","background-image":"","background-repeat":"repeat","background-position":"center center","background-size":"auto","background-attachment":"scroll","background-type":"","background-media":"","overlay-type":"","overlay-color":"","overlay-opacity":"","overlay-gradient":""},"tablet":{"background-color":"","background-image":"","background-repeat":"repeat","background-position":"center center","background-size":"auto","background-attachment":"scroll","background-type":"","background-media":"","overlay-type":"","overlay-color":"","overlay-opacity":"","overlay-gradient":""},"mobile":{"background-color":"","background-image":"","background-repeat":"repeat","background-position":"center center","background-size":"auto","background-attachment":"scroll","background-type":"","background-media":"","overlay-type":"","overlay-color":"","overlay-opacity":"","overlay-gradient":""}},"ast-content-background-meta":{"desktop":{"background-color":"var(--ast-global-color-4)","background-image":"","background-repeat":"repeat","background-position":"center center","background-size":"auto","background-attachment":"scroll","background-type":"","background-media":"","overlay-type":"","overlay-color":"","overlay-opacity":"","overlay-gradient":""},"tablet":{"background-color":"var(--ast-global-color-4)","background-image":"","background-repeat":"repeat","background-position":"center center","background-size":"auto","background-attachment":"scroll","background-type":"","background-media":"","overlay-type":"","overlay-color":"","overlay-opacity":"","overlay-gradient":""},"mobile":{"background-color":"var(--ast-global-color-4)","background-image":"","background-repeat":"repeat","background-position":"center center","background-size":"auto","background-attachment":"scroll","background-type":"","background-media":"","overlay-type":"","overlay-color":"","overlay-opacity":"","overlay-gradient":""}},"footnotes":""},"categories":[12,11,1,10],"tags":[],"class_list":["post-76425","post","type-post","status-publish","format-standard","has-post-thumbnail","hentry","category-agenda-ambiental","category-boletin","category-noticias","category-rotador"],"yoast_head":"<!-- This site is optimized with the Yoast SEO Premium plugin v23.0 (Yoast SEO v27.5) - https:\/\/yoast.com\/product\/yoast-seo-premium-wordpress\/ -->\n<title>Reconocidos referentes del tema ambiente encabezar\u00e1n ciclo de conferencias<\/title>\n<meta name=\"robots\" content=\"index, follow, max-snippet:-1, max-image-preview:large, max-video-preview:-1\" \/>\n<link rel=\"canonical\" href=\"https:\/\/patagoniambiental.com.ar\/info\/reconocidos-referentes-del-tema-ambiente-encabezaran-ciclo-de-conferencias\/\" \/>\n<meta property=\"og:locale\" content=\"es_ES\" \/>\n<meta property=\"og:type\" content=\"article\" \/>\n<meta property=\"og:title\" content=\"Reconocidos referentes del tema ambiente encabezar\u00e1n ciclo de conferencias\" \/>\n<meta property=\"og:url\" content=\"https:\/\/patagoniambiental.com.ar\/info\/reconocidos-referentes-del-tema-ambiente-encabezaran-ciclo-de-conferencias\/\" \/>\n<meta property=\"og:site_name\" content=\"Patagonia Ambiental\" \/>\n<meta property=\"article:publisher\" content=\"https:\/\/www.facebook.com\/patagonia.ambiental\" \/>\n<meta property=\"article:published_time\" content=\"2022-10-12T10:00:00+00:00\" \/>\n<meta property=\"og:image\" content=\"https:\/\/patagoniambiental.com.ar\/info\/wp-content\/uploads\/2022\/10\/518129_01.cca-05.jpg\" \/>\n\t<meta property=\"og:image:width\" content=\"2501\" \/>\n\t<meta property=\"og:image:height\" content=\"2501\" \/>\n\t<meta property=\"og:image:type\" content=\"image\/jpeg\" \/>\n<meta name=\"author\" content=\"BRAIAN ESTEVEZ\" \/>\n<meta name=\"twitter:card\" content=\"summary_large_image\" \/>\n<meta name=\"twitter:creator\" content=\"@PatAmb\" \/>\n<meta name=\"twitter:site\" content=\"@PatAmb\" \/>\n<script type=\"application\/ld+json\" class=\"yoast-schema-graph\">{\"@context\":\"https:\\\/\\\/schema.org\",\"@graph\":[{\"@type\":\"Article\",\"@id\":\"https:\\\/\\\/patagoniambiental.com.ar\\\/info\\\/reconocidos-referentes-del-tema-ambiente-encabezaran-ciclo-de-conferencias\\\/#article\",\"isPartOf\":{\"@id\":\"https:\\\/\\\/patagoniambiental.com.ar\\\/info\\\/reconocidos-referentes-del-tema-ambiente-encabezaran-ciclo-de-conferencias\\\/\"},\"author\":{\"name\":\"BRAIAN ESTEVEZ\",\"@id\":\"https:\\\/\\\/patagoniambiental.com.ar\\\/info\\\/#\\\/schema\\\/person\\\/e5af09d700b2e82cb10c6b8800e0c691\"},\"headline\":\"Reconocidos referentes del tema ambiente encabezar\u00e1n ciclo de conferencias\",\"datePublished\":\"2022-10-12T10:00:00+00:00\",\"mainEntityOfPage\":{\"@id\":\"https:\\\/\\\/patagoniambiental.com.ar\\\/info\\\/reconocidos-referentes-del-tema-ambiente-encabezaran-ciclo-de-conferencias\\\/\"},\"wordCount\":257,\"commentCount\":0,\"publisher\":{\"@id\":\"https:\\\/\\\/patagoniambiental.com.ar\\\/info\\\/#organization\"},\"image\":{\"@id\":\"https:\\\/\\\/patagoniambiental.com.ar\\\/info\\\/reconocidos-referentes-del-tema-ambiente-encabezaran-ciclo-de-conferencias\\\/#primaryimage\"},\"thumbnailUrl\":\"https:\\\/\\\/patagoniambiental.com.ar\\\/info\\\/wp-content\\\/uploads\\\/2022\\\/10\\\/518129_01.cca-05.jpg\",\"articleSection\":[\"Agenda Ambiental\",\"Bolet\u00edn\",\"Noticias\",\"Rotador\"],\"inLanguage\":\"es\",\"potentialAction\":[{\"@type\":\"CommentAction\",\"name\":\"Comment\",\"target\":[\"https:\\\/\\\/patagoniambiental.com.ar\\\/info\\\/reconocidos-referentes-del-tema-ambiente-encabezaran-ciclo-de-conferencias\\\/#respond\"]}]},{\"@type\":\"WebPage\",\"@id\":\"https:\\\/\\\/patagoniambiental.com.ar\\\/info\\\/reconocidos-referentes-del-tema-ambiente-encabezaran-ciclo-de-conferencias\\\/\",\"url\":\"https:\\\/\\\/patagoniambiental.com.ar\\\/info\\\/reconocidos-referentes-del-tema-ambiente-encabezaran-ciclo-de-conferencias\\\/\",\"name\":\"Reconocidos referentes del tema ambiente encabezar\u00e1n ciclo de conferencias\",\"isPartOf\":{\"@id\":\"https:\\\/\\\/patagoniambiental.com.ar\\\/info\\\/#website\"},\"primaryImageOfPage\":{\"@id\":\"https:\\\/\\\/patagoniambiental.com.ar\\\/info\\\/reconocidos-referentes-del-tema-ambiente-encabezaran-ciclo-de-conferencias\\\/#primaryimage\"},\"image\":{\"@id\":\"https:\\\/\\\/patagoniambiental.com.ar\\\/info\\\/reconocidos-referentes-del-tema-ambiente-encabezaran-ciclo-de-conferencias\\\/#primaryimage\"},\"thumbnailUrl\":\"https:\\\/\\\/patagoniambiental.com.ar\\\/info\\\/wp-content\\\/uploads\\\/2022\\\/10\\\/518129_01.cca-05.jpg\",\"datePublished\":\"2022-10-12T10:00:00+00:00\",\"breadcrumb\":{\"@id\":\"https:\\\/\\\/patagoniambiental.com.ar\\\/info\\\/reconocidos-referentes-del-tema-ambiente-encabezaran-ciclo-de-conferencias\\\/#breadcrumb\"},\"inLanguage\":\"es\",\"potentialAction\":[{\"@type\":\"ReadAction\",\"target\":[\"https:\\\/\\\/patagoniambiental.com.ar\\\/info\\\/reconocidos-referentes-del-tema-ambiente-encabezaran-ciclo-de-conferencias\\\/\"]}]},{\"@type\":\"ImageObject\",\"inLanguage\":\"es\",\"@id\":\"https:\\\/\\\/patagoniambiental.com.ar\\\/info\\\/reconocidos-referentes-del-tema-ambiente-encabezaran-ciclo-de-conferencias\\\/#primaryimage\",\"url\":\"https:\\\/\\\/patagoniambiental.com.ar\\\/info\\\/wp-content\\\/uploads\\\/2022\\\/10\\\/518129_01.cca-05.jpg\",\"contentUrl\":\"https:\\\/\\\/patagoniambiental.com.ar\\\/info\\\/wp-content\\\/uploads\\\/2022\\\/10\\\/518129_01.cca-05.jpg\",\"width\":600,\"height\":600},{\"@type\":\"BreadcrumbList\",\"@id\":\"https:\\\/\\\/patagoniambiental.com.ar\\\/info\\\/reconocidos-referentes-del-tema-ambiente-encabezaran-ciclo-de-conferencias\\\/#breadcrumb\",\"itemListElement\":[{\"@type\":\"ListItem\",\"position\":1,\"name\":\"Inicio\",\"item\":\"https:\\\/\\\/patagoniambiental.com.ar\\\/info\\\/\"},{\"@type\":\"ListItem\",\"position\":2,\"name\":\"Reconocidos referentes del tema ambiente encabezar\u00e1n ciclo de conferencias\"}]},{\"@type\":\"WebSite\",\"@id\":\"https:\\\/\\\/patagoniambiental.com.ar\\\/info\\\/#website\",\"url\":\"https:\\\/\\\/patagoniambiental.com.ar\\\/info\\\/\",\"name\":\"Patagonia Ambiental\",\"description\":\"Monitoreo y an\u00e1lisis de la situaci\u00f3n geopol\u00edtica en el mundo y su implicancia en la Patagonia\",\"publisher\":{\"@id\":\"https:\\\/\\\/patagoniambiental.com.ar\\\/info\\\/#organization\"},\"potentialAction\":[{\"@type\":\"SearchAction\",\"target\":{\"@type\":\"EntryPoint\",\"urlTemplate\":\"https:\\\/\\\/patagoniambiental.com.ar\\\/info\\\/?s={search_term_string}\"},\"query-input\":{\"@type\":\"PropertyValueSpecification\",\"valueRequired\":true,\"valueName\":\"search_term_string\"}}],\"inLanguage\":\"es\"},{\"@type\":\"Organization\",\"@id\":\"https:\\\/\\\/patagoniambiental.com.ar\\\/info\\\/#organization\",\"name\":\"Patagonia Ambiental\",\"url\":\"https:\\\/\\\/patagoniambiental.com.ar\\\/info\\\/\",\"logo\":{\"@type\":\"ImageObject\",\"inLanguage\":\"es\",\"@id\":\"https:\\\/\\\/patagoniambiental.com.ar\\\/info\\\/#\\\/schema\\\/logo\\\/image\\\/\",\"url\":\"https:\\\/\\\/patagoniambiental.com.ar\\\/info\\\/wp-content\\\/uploads\\\/2025\\\/05\\\/LOGO-PATAGONIA-AMBIENTAL.png\",\"contentUrl\":\"https:\\\/\\\/patagoniambiental.com.ar\\\/info\\\/wp-content\\\/uploads\\\/2025\\\/05\\\/LOGO-PATAGONIA-AMBIENTAL.png\",\"width\":433,\"height\":250,\"caption\":\"Patagonia Ambiental\"},\"image\":{\"@id\":\"https:\\\/\\\/patagoniambiental.com.ar\\\/info\\\/#\\\/schema\\\/logo\\\/image\\\/\"},\"sameAs\":[\"https:\\\/\\\/www.facebook.com\\\/patagonia.ambiental\",\"https:\\\/\\\/x.com\\\/PatAmb\"]},{\"@type\":\"Person\",\"@id\":\"https:\\\/\\\/patagoniambiental.com.ar\\\/info\\\/#\\\/schema\\\/person\\\/e5af09d700b2e82cb10c6b8800e0c691\",\"name\":\"BRAIAN ESTEVEZ\",\"sameAs\":[\"http:\\\/\\\/www.patagoniambiental.com.ar\"]}]}<\/script>\n<!-- \/ Yoast SEO Premium plugin. -->","yoast_head_json":{"title":"Reconocidos referentes del tema ambiente encabezar\u00e1n ciclo de conferencias","robots":{"index":"index","follow":"follow","max-snippet":"max-snippet:-1","max-image-preview":"max-image-preview:large","max-video-preview":"max-video-preview:-1"},"canonical":"https:\/\/patagoniambiental.com.ar\/info\/reconocidos-referentes-del-tema-ambiente-encabezaran-ciclo-de-conferencias\/","og_locale":"es_ES","og_type":"article","og_title":"Reconocidos referentes del tema ambiente encabezar\u00e1n ciclo de conferencias","og_url":"https:\/\/patagoniambiental.com.ar\/info\/reconocidos-referentes-del-tema-ambiente-encabezaran-ciclo-de-conferencias\/","og_site_name":"Patagonia Ambiental","article_publisher":"https:\/\/www.facebook.com\/patagonia.ambiental","article_published_time":"2022-10-12T10:00:00+00:00","og_image":[{"width":2501,"height":2501,"url":"https:\/\/patagoniambiental.com.ar\/info\/wp-content\/uploads\/2022\/10\/518129_01.cca-05.jpg","type":"image\/jpeg"}],"author":"BRAIAN ESTEVEZ","twitter_card":"summary_large_image","twitter_creator":"@PatAmb","twitter_site":"@PatAmb","schema":{"@context":"https:\/\/schema.org","@graph":[{"@type":"Article","@id":"https:\/\/patagoniambiental.com.ar\/info\/reconocidos-referentes-del-tema-ambiente-encabezaran-ciclo-de-conferencias\/#article","isPartOf":{"@id":"https:\/\/patagoniambiental.com.ar\/info\/reconocidos-referentes-del-tema-ambiente-encabezaran-ciclo-de-conferencias\/"},"author":{"name":"BRAIAN ESTEVEZ","@id":"https:\/\/patagoniambiental.com.ar\/info\/#\/schema\/person\/e5af09d700b2e82cb10c6b8800e0c691"},"headline":"Reconocidos referentes del tema ambiente encabezar\u00e1n ciclo de conferencias","datePublished":"2022-10-12T10:00:00+00:00","mainEntityOfPage":{"@id":"https:\/\/patagoniambiental.com.ar\/info\/reconocidos-referentes-del-tema-ambiente-encabezaran-ciclo-de-conferencias\/"},"wordCount":257,"commentCount":0,"publisher":{"@id":"https:\/\/patagoniambiental.com.ar\/info\/#organization"},"image":{"@id":"https:\/\/patagoniambiental.com.ar\/info\/reconocidos-referentes-del-tema-ambiente-encabezaran-ciclo-de-conferencias\/#primaryimage"},"thumbnailUrl":"https:\/\/patagoniambiental.com.ar\/info\/wp-content\/uploads\/2022\/10\/518129_01.cca-05.jpg","articleSection":["Agenda Ambiental","Bolet\u00edn","Noticias","Rotador"],"inLanguage":"es","potentialAction":[{"@type":"CommentAction","name":"Comment","target":["https:\/\/patagoniambiental.com.ar\/info\/reconocidos-referentes-del-tema-ambiente-encabezaran-ciclo-de-conferencias\/#respond"]}]},{"@type":"WebPage","@id":"https:\/\/patagoniambiental.com.ar\/info\/reconocidos-referentes-del-tema-ambiente-encabezaran-ciclo-de-conferencias\/","url":"https:\/\/patagoniambiental.com.ar\/info\/reconocidos-referentes-del-tema-ambiente-encabezaran-ciclo-de-conferencias\/","name":"Reconocidos referentes del tema ambiente encabezar\u00e1n ciclo de conferencias","isPartOf":{"@id":"https:\/\/patagoniambiental.com.ar\/info\/#website"},"primaryImageOfPage":{"@id":"https:\/\/patagoniambiental.com.ar\/info\/reconocidos-referentes-del-tema-ambiente-encabezaran-ciclo-de-conferencias\/#primaryimage"},"image":{"@id":"https:\/\/patagoniambiental.com.ar\/info\/reconocidos-referentes-del-tema-ambiente-encabezaran-ciclo-de-conferencias\/#primaryimage"},"thumbnailUrl":"https:\/\/patagoniambiental.com.ar\/info\/wp-content\/uploads\/2022\/10\/518129_01.cca-05.jpg","datePublished":"2022-10-12T10:00:00+00:00","breadcrumb":{"@id":"https:\/\/patagoniambiental.com.ar\/info\/reconocidos-referentes-del-tema-ambiente-encabezaran-ciclo-de-conferencias\/#breadcrumb"},"inLanguage":"es","potentialAction":[{"@type":"ReadAction","target":["https:\/\/patagoniambiental.com.ar\/info\/reconocidos-referentes-del-tema-ambiente-encabezaran-ciclo-de-conferencias\/"]}]},{"@type":"ImageObject","inLanguage":"es","@id":"https:\/\/patagoniambiental.com.ar\/info\/reconocidos-referentes-del-tema-ambiente-encabezaran-ciclo-de-conferencias\/#primaryimage","url":"https:\/\/patagoniambiental.com.ar\/info\/wp-content\/uploads\/2022\/10\/518129_01.cca-05.jpg","contentUrl":"https:\/\/patagoniambiental.com.ar\/info\/wp-content\/uploads\/2022\/10\/518129_01.cca-05.jpg","width":600,"height":600},{"@type":"BreadcrumbList","@id":"https:\/\/patagoniambiental.com.ar\/info\/reconocidos-referentes-del-tema-ambiente-encabezaran-ciclo-de-conferencias\/#breadcrumb","itemListElement":[{"@type":"ListItem","position":1,"name":"Inicio","item":"https:\/\/patagoniambiental.com.ar\/info\/"},{"@type":"ListItem","position":2,"name":"Reconocidos referentes del tema ambiente encabezar\u00e1n ciclo de conferencias"}]},{"@type":"WebSite","@id":"https:\/\/patagoniambiental.com.ar\/info\/#website","url":"https:\/\/patagoniambiental.com.ar\/info\/","name":"Patagonia Ambiental","description":"Monitoreo y an\u00e1lisis de la situaci\u00f3n geopol\u00edtica en el mundo y su implicancia en la Patagonia","publisher":{"@id":"https:\/\/patagoniambiental.com.ar\/info\/#organization"},"potentialAction":[{"@type":"SearchAction","target":{"@type":"EntryPoint","urlTemplate":"https:\/\/patagoniambiental.com.ar\/info\/?s={search_term_string}"},"query-input":{"@type":"PropertyValueSpecification","valueRequired":true,"valueName":"search_term_string"}}],"inLanguage":"es"},{"@type":"Organization","@id":"https:\/\/patagoniambiental.com.ar\/info\/#organization","name":"Patagonia Ambiental","url":"https:\/\/patagoniambiental.com.ar\/info\/","logo":{"@type":"ImageObject","inLanguage":"es","@id":"https:\/\/patagoniambiental.com.ar\/info\/#\/schema\/logo\/image\/","url":"https:\/\/patagoniambiental.com.ar\/info\/wp-content\/uploads\/2025\/05\/LOGO-PATAGONIA-AMBIENTAL.png","contentUrl":"https:\/\/patagoniambiental.com.ar\/info\/wp-content\/uploads\/2025\/05\/LOGO-PATAGONIA-AMBIENTAL.png","width":433,"height":250,"caption":"Patagonia Ambiental"},"image":{"@id":"https:\/\/patagoniambiental.com.ar\/info\/#\/schema\/logo\/image\/"},"sameAs":["https:\/\/www.facebook.com\/patagonia.ambiental","https:\/\/x.com\/PatAmb"]},{"@type":"Person","@id":"https:\/\/patagoniambiental.com.ar\/info\/#\/schema\/person\/e5af09d700b2e82cb10c6b8800e0c691","name":"BRAIAN ESTEVEZ","sameAs":["http:\/\/www.patagoniambiental.com.ar"]}]}},"_links":{"self":[{"href":"https:\/\/patagoniambiental.com.ar\/info\/wp-json\/wp\/v2\/posts\/76425","targetHints":{"allow":["GET"]}}],"collection":[{"href":"https:\/\/patagoniambiental.com.ar\/info\/wp-json\/wp\/v2\/posts"}],"about":[{"href":"https:\/\/patagoniambiental.com.ar\/info\/wp-json\/wp\/v2\/types\/post"}],"author":[{"embeddable":true,"href":"https:\/\/patagoniambiental.com.ar\/info\/wp-json\/wp\/v2\/users\/6"}],"replies":[{"embeddable":true,"href":"https:\/\/patagoniambiental.com.ar\/info\/wp-json\/wp\/v2\/comments?post=76425"}],"version-history":[{"count":0,"href":"https:\/\/patagoniambiental.com.ar\/info\/wp-json\/wp\/v2\/posts\/76425\/revisions"}],"wp:featuredmedia":[{"embeddable":true,"href":"https:\/\/patagoniambiental.com.ar\/info\/wp-json\/wp\/v2\/media\/76426"}],"wp:attachment":[{"href":"https:\/\/patagoniambiental.com.ar\/info\/wp-json\/wp\/v2\/media?parent=76425"}],"wp:term":[{"taxonomy":"category","embeddable":true,"href":"https:\/\/patagoniambiental.com.ar\/info\/wp-json\/wp\/v2\/categories?post=76425"},{"taxonomy":"post_tag","embeddable":true,"href":"https:\/\/patagoniambiental.com.ar\/info\/wp-json\/wp\/v2\/tags?post=76425"}],"curies":[{"name":"wp","href":"https:\/\/api.w.org\/{rel}","templated":true}]}}