{"id":76429,"date":"2022-10-04T08:46:36","date_gmt":"2022-10-04T11:46:36","guid":{"rendered":"http:\/\/patagoniambiental.com.ar\/info\/?p=76429"},"modified":"2022-10-04T08:46:37","modified_gmt":"2022-10-04T11:46:37","slug":"la-secretaria-de-ambiente-de-tierra-del-fuego-recuerda-el-inicio-de-la-temporada-de-alto-riesgo-de-incendio-2022-2023","status":"publish","type":"post","link":"https:\/\/patagoniambiental.com.ar\/info\/la-secretaria-de-ambiente-de-tierra-del-fuego-recuerda-el-inicio-de-la-temporada-de-alto-riesgo-de-incendio-2022-2023\/","title":{"rendered":"LA SECRETAR\u00cdA DE AMBIENTE DE TIERRA DEL FUEGO RECUERDA EL INICIO DE LA TEMPORADA DE ALTO RIESGO DE INCENDIO 2022-2023"},"content":{"rendered":"\n<!--more-->\n\n\n\n<p>Rige desde este s\u00e1bado 1 de octubre hasta el 31 de marzo de 2023, por ello se recuerdan y renuevas las recomendaciones a fin de preservar los ambientes naturales.<\/p>\n\n\n\n<figure class=\"wp-block-image\"><img decoding=\"async\" src=\"https:\/\/i0.wp.com\/ecovidaambiente.com.ar\/wp-content\/uploads\/2022\/10\/WhatsApp-Image-2022-10-01-at-14.21.10.jpeg?resize=768%2C432&amp;ssl=1\" alt=\"\" class=\"wp-image-32841\"\/><\/figure>\n\n\n\n<p>Ushuaia 2 de Octubre de 2022<\/p>\n\n\n\n<p><strong><mark>Como todos los a\u00f1os, el 1 de octubre marca el inicio de la temporada de alto riesgo de incendios en la provincia de Tierra del Fuego Ant\u00e1rtida e Islas del Atl\u00e1ntico Sur, donde los d\u00edas m\u00e1s c\u00e1lidos y los fuertes vientos se hacen m\u00e1s frecuentes, lo que aumenta las probabilidades de que ocurran y se propaguen los incendios forestales.<\/mark><\/strong><\/p>\n\n\n\n<p>La Secretar\u00eda de Ambiente, a trav\u00e9s de su Direcci\u00f3n Provincial de Manejo del Fuego, estableci\u00f3 para esta temporada, mediante Resoluci\u00f3n 307\/22, los sitios habilitados para hacer fogones, las condiciones de seguridad que hay que respetar para hacerlos y la necesidad de consultar el \u00cdndice diario de peligro de incendios forestales antes de salir a la naturaleza.<\/p>\n\n\n\n<p>Al respecto, el director Provincial de Manejo del Fuego, Pablo Paredes manifest\u00f3 que \u201cen las \u00faltimas 2 temporadas hubo un total de 25 incendios, todos ellos lamentablemente a causa del descuido de las personas; los residuos, las colillas de cigarrillo y hacer fuego donde no se debe pueden hacer que un bosque, desaparezca en cuesti\u00f3n de minutos\u201d.<\/p>\n\n\n\n<p>\u201cEs importante que todas las personas que deseen salir a disfrutar esta temporada de la naturaleza, lo hagan con los recaudos correspondientes; les recordamos no utilizar ning\u00fan material combustible s\u00f3lido como carb\u00f3n y briquetas para iniciar fogones y hacer fuego s\u00f3lo en sitios habilitados y cu\u00e1ndo el \u00edndice lo permita. Otra opci\u00f3n que recomendamos siempre, es utilizar calentadores, que nos evitan utilizar le\u00f1a y tener que hacer el fuego\u201d, agreg\u00f3.<\/p>\n\n\n\n<p>Asimismo, se insta a la poblaci\u00f3n a ajustar y extremar los cuidados a la hora de hacer fuego en zonas agrestes y a estar atentos a posibles focos de incendio y su propagaci\u00f3n. En caso de observar que un fuego se est\u00e9 iniciando, dar aviso inmediato a las autoridades a trav\u00e9s del N\u00famero 103.<\/p>\n\n\n\n<p>\u201cSumate al compromiso fueguino, evitemos incendios forestales\u201d es el lema de la campa\u00f1a de este a\u00f1o; queremos que las y los fueguinos, y quienes nos visiten, se sumen al compromiso ambiental con la provincia y nos ayuden a prevenir m\u00e1s p\u00e9rdidas de nuestros bosques y ecosistemas\u201d, finaliz\u00f3 el director.<\/p>\n\n\n\n<p>Para m\u00e1s informaci\u00f3n acerca de los consejos para salir al campo, sitios habilitados y consultar el \u00edndice de peligrosidad de incendios, pueden acceder a la p\u00e1gina oficial de la Secretar\u00eda de Ambiente o al Facebook oficial del Ministerio de Producci\u00f3n y Ambiente.<\/p>\n\n\n\n<p>Fuente: Secretaria de Comunicaci\u00f3n Gobierno de TDF<\/p>\n","protected":false},"excerpt":{"rendered":"","protected":false},"author":6,"featured_media":0,"comment_status":"open","ping_status":"open","sticky":false,"template":"","format":"standard","meta":{"site-sidebar-layout":"default","site-content-layout":"","ast-site-content-layout":"default","site-content-style":"default","site-sidebar-style":"default","ast-global-header-display":"","ast-banner-title-visibility":"","ast-main-header-display":"","ast-hfb-above-header-display":"","ast-hfb-below-header-display":"","ast-hfb-mobile-header-display":"","site-post-title":"","ast-breadcrumbs-content":"","ast-featured-img":"","footer-sml-layout":"","ast-disable-related-posts":"","theme-transparent-header-meta":"","adv-header-id-meta":"","stick-header-meta":"","header-above-stick-meta":"","header-main-stick-meta":"","header-below-stick-meta":"","astra-migrate-meta-layouts":"default","ast-page-background-enabled":"default","ast-page-background-meta":{"desktop":{"background-color":"var(--ast-global-color-5)","background-image":"","background-repeat":"repeat","background-position":"center center","background-size":"auto","background-attachment":"scroll","background-type":"","background-media":"","overlay-type":"","overlay-color":"","overlay-opacity":"","overlay-gradient":""},"tablet":{"background-color":"","background-image":"","background-repeat":"repeat","background-position":"center center","background-size":"auto","background-attachment":"scroll","background-type":"","background-media":"","overlay-type":"","overlay-color":"","overlay-opacity":"","overlay-gradient":""},"mobile":{"background-color":"","background-image":"","background-repeat":"repeat","background-position":"center center","background-size":"auto","background-attachment":"scroll","background-type":"","background-media":"","overlay-type":"","overlay-color":"","overlay-opacity":"","overlay-gradient":""}},"ast-content-background-meta":{"desktop":{"background-color":"var(--ast-global-color-4)","background-image":"","background-repeat":"repeat","background-position":"center center","background-size":"auto","background-attachment":"scroll","background-type":"","background-media":"","overlay-type":"","overlay-color":"","overlay-opacity":"","overlay-gradient":""},"tablet":{"background-color":"var(--ast-global-color-4)","background-image":"","background-repeat":"repeat","background-position":"center center","background-size":"auto","background-attachment":"scroll","background-type":"","background-media":"","overlay-type":"","overlay-color":"","overlay-opacity":"","overlay-gradient":""},"mobile":{"background-color":"var(--ast-global-color-4)","background-image":"","background-repeat":"repeat","background-position":"center center","background-size":"auto","background-attachment":"scroll","background-type":"","background-media":"","overlay-type":"","overlay-color":"","overlay-opacity":"","overlay-gradient":""}},"footnotes":""},"categories":[1],"tags":[],"class_list":["post-76429","post","type-post","status-publish","format-standard","hentry","category-noticias"],"yoast_head":"<!-- This site is optimized with the Yoast SEO Premium plugin v23.0 (Yoast SEO v27.4) - https:\/\/yoast.com\/product\/yoast-seo-premium-wordpress\/ -->\n<title>LA SECRETAR\u00cdA DE AMBIENTE DE TIERRA DEL FUEGO RECUERDA EL INICIO DE LA TEMPORADA DE ALTO RIESGO DE INCENDIO 2022-2023<\/title>\n<meta name=\"robots\" content=\"index, follow, max-snippet:-1, max-image-preview:large, max-video-preview:-1\" \/>\n<link rel=\"canonical\" href=\"https:\/\/patagoniambiental.com.ar\/info\/la-secretaria-de-ambiente-de-tierra-del-fuego-recuerda-el-inicio-de-la-temporada-de-alto-riesgo-de-incendio-2022-2023\/\" \/>\n<meta property=\"og:locale\" content=\"es_ES\" \/>\n<meta property=\"og:type\" content=\"article\" \/>\n<meta property=\"og:title\" content=\"LA SECRETAR\u00cdA DE AMBIENTE DE TIERRA DEL FUEGO RECUERDA EL INICIO DE LA TEMPORADA DE ALTO RIESGO DE INCENDIO 2022-2023\" \/>\n<meta property=\"og:url\" content=\"https:\/\/patagoniambiental.com.ar\/info\/la-secretaria-de-ambiente-de-tierra-del-fuego-recuerda-el-inicio-de-la-temporada-de-alto-riesgo-de-incendio-2022-2023\/\" \/>\n<meta property=\"og:site_name\" content=\"Patagonia Ambiental\" \/>\n<meta property=\"article:publisher\" content=\"https:\/\/www.facebook.com\/patagonia.ambiental\" \/>\n<meta property=\"article:published_time\" content=\"2022-10-04T11:46:36+00:00\" \/>\n<meta property=\"article:modified_time\" content=\"2022-10-04T11:46:37+00:00\" \/>\n<meta property=\"og:image\" content=\"https:\/\/i0.wp.com\/ecovidaambiente.com.ar\/wp-content\/uploads\/2022\/10\/WhatsApp-Image-2022-10-01-at-14.21.10.jpeg?resize=768%2C432&amp;ssl=1\" \/>\n<meta name=\"author\" content=\"BRAIAN ESTEVEZ\" \/>\n<meta name=\"twitter:card\" content=\"summary_large_image\" \/>\n<meta name=\"twitter:creator\" content=\"@PatAmb\" \/>\n<meta name=\"twitter:site\" content=\"@PatAmb\" \/>\n<script type=\"application\/ld+json\" class=\"yoast-schema-graph\">{\"@context\":\"https:\\\/\\\/schema.org\",\"@graph\":[{\"@type\":\"Article\",\"@id\":\"https:\\\/\\\/patagoniambiental.com.ar\\\/info\\\/la-secretaria-de-ambiente-de-tierra-del-fuego-recuerda-el-inicio-de-la-temporada-de-alto-riesgo-de-incendio-2022-2023\\\/#article\",\"isPartOf\":{\"@id\":\"https:\\\/\\\/patagoniambiental.com.ar\\\/info\\\/la-secretaria-de-ambiente-de-tierra-del-fuego-recuerda-el-inicio-de-la-temporada-de-alto-riesgo-de-incendio-2022-2023\\\/\"},\"author\":{\"name\":\"BRAIAN ESTEVEZ\",\"@id\":\"https:\\\/\\\/patagoniambiental.com.ar\\\/info\\\/#\\\/schema\\\/person\\\/e5af09d700b2e82cb10c6b8800e0c691\"},\"headline\":\"LA SECRETAR\u00cdA DE AMBIENTE DE TIERRA DEL FUEGO RECUERDA EL INICIO DE LA TEMPORADA DE ALTO RIESGO DE INCENDIO 2022-2023\",\"datePublished\":\"2022-10-04T11:46:36+00:00\",\"dateModified\":\"2022-10-04T11:46:37+00:00\",\"mainEntityOfPage\":{\"@id\":\"https:\\\/\\\/patagoniambiental.com.ar\\\/info\\\/la-secretaria-de-ambiente-de-tierra-del-fuego-recuerda-el-inicio-de-la-temporada-de-alto-riesgo-de-incendio-2022-2023\\\/\"},\"wordCount\":474,\"commentCount\":0,\"publisher\":{\"@id\":\"https:\\\/\\\/patagoniambiental.com.ar\\\/info\\\/#organization\"},\"image\":{\"@id\":\"https:\\\/\\\/patagoniambiental.com.ar\\\/info\\\/la-secretaria-de-ambiente-de-tierra-del-fuego-recuerda-el-inicio-de-la-temporada-de-alto-riesgo-de-incendio-2022-2023\\\/#primaryimage\"},\"thumbnailUrl\":\"https:\\\/\\\/i0.wp.com\\\/ecovidaambiente.com.ar\\\/wp-content\\\/uploads\\\/2022\\\/10\\\/WhatsApp-Image-2022-10-01-at-14.21.10.jpeg?resize=768%2C432&amp;ssl=1\",\"articleSection\":[\"Noticias\"],\"inLanguage\":\"es\",\"potentialAction\":[{\"@type\":\"CommentAction\",\"name\":\"Comment\",\"target\":[\"https:\\\/\\\/patagoniambiental.com.ar\\\/info\\\/la-secretaria-de-ambiente-de-tierra-del-fuego-recuerda-el-inicio-de-la-temporada-de-alto-riesgo-de-incendio-2022-2023\\\/#respond\"]}]},{\"@type\":\"WebPage\",\"@id\":\"https:\\\/\\\/patagoniambiental.com.ar\\\/info\\\/la-secretaria-de-ambiente-de-tierra-del-fuego-recuerda-el-inicio-de-la-temporada-de-alto-riesgo-de-incendio-2022-2023\\\/\",\"url\":\"https:\\\/\\\/patagoniambiental.com.ar\\\/info\\\/la-secretaria-de-ambiente-de-tierra-del-fuego-recuerda-el-inicio-de-la-temporada-de-alto-riesgo-de-incendio-2022-2023\\\/\",\"name\":\"LA SECRETAR\u00cdA DE AMBIENTE DE TIERRA DEL FUEGO RECUERDA EL INICIO DE LA TEMPORADA DE ALTO RIESGO DE INCENDIO 2022-2023\",\"isPartOf\":{\"@id\":\"https:\\\/\\\/patagoniambiental.com.ar\\\/info\\\/#website\"},\"primaryImageOfPage\":{\"@id\":\"https:\\\/\\\/patagoniambiental.com.ar\\\/info\\\/la-secretaria-de-ambiente-de-tierra-del-fuego-recuerda-el-inicio-de-la-temporada-de-alto-riesgo-de-incendio-2022-2023\\\/#primaryimage\"},\"image\":{\"@id\":\"https:\\\/\\\/patagoniambiental.com.ar\\\/info\\\/la-secretaria-de-ambiente-de-tierra-del-fuego-recuerda-el-inicio-de-la-temporada-de-alto-riesgo-de-incendio-2022-2023\\\/#primaryimage\"},\"thumbnailUrl\":\"https:\\\/\\\/i0.wp.com\\\/ecovidaambiente.com.ar\\\/wp-content\\\/uploads\\\/2022\\\/10\\\/WhatsApp-Image-2022-10-01-at-14.21.10.jpeg?resize=768%2C432&amp;ssl=1\",\"datePublished\":\"2022-10-04T11:46:36+00:00\",\"dateModified\":\"2022-10-04T11:46:37+00:00\",\"breadcrumb\":{\"@id\":\"https:\\\/\\\/patagoniambiental.com.ar\\\/info\\\/la-secretaria-de-ambiente-de-tierra-del-fuego-recuerda-el-inicio-de-la-temporada-de-alto-riesgo-de-incendio-2022-2023\\\/#breadcrumb\"},\"inLanguage\":\"es\",\"potentialAction\":[{\"@type\":\"ReadAction\",\"target\":[\"https:\\\/\\\/patagoniambiental.com.ar\\\/info\\\/la-secretaria-de-ambiente-de-tierra-del-fuego-recuerda-el-inicio-de-la-temporada-de-alto-riesgo-de-incendio-2022-2023\\\/\"]}]},{\"@type\":\"ImageObject\",\"inLanguage\":\"es\",\"@id\":\"https:\\\/\\\/patagoniambiental.com.ar\\\/info\\\/la-secretaria-de-ambiente-de-tierra-del-fuego-recuerda-el-inicio-de-la-temporada-de-alto-riesgo-de-incendio-2022-2023\\\/#primaryimage\",\"url\":\"https:\\\/\\\/i0.wp.com\\\/ecovidaambiente.com.ar\\\/wp-content\\\/uploads\\\/2022\\\/10\\\/WhatsApp-Image-2022-10-01-at-14.21.10.jpeg?resize=768%2C432&amp;ssl=1\",\"contentUrl\":\"https:\\\/\\\/i0.wp.com\\\/ecovidaambiente.com.ar\\\/wp-content\\\/uploads\\\/2022\\\/10\\\/WhatsApp-Image-2022-10-01-at-14.21.10.jpeg?resize=768%2C432&amp;ssl=1\"},{\"@type\":\"BreadcrumbList\",\"@id\":\"https:\\\/\\\/patagoniambiental.com.ar\\\/info\\\/la-secretaria-de-ambiente-de-tierra-del-fuego-recuerda-el-inicio-de-la-temporada-de-alto-riesgo-de-incendio-2022-2023\\\/#breadcrumb\",\"itemListElement\":[{\"@type\":\"ListItem\",\"position\":1,\"name\":\"Inicio\",\"item\":\"https:\\\/\\\/patagoniambiental.com.ar\\\/info\\\/\"},{\"@type\":\"ListItem\",\"position\":2,\"name\":\"LA SECRETAR\u00cdA DE AMBIENTE DE TIERRA DEL FUEGO RECUERDA EL INICIO DE LA TEMPORADA DE ALTO RIESGO DE INCENDIO 2022-2023\"}]},{\"@type\":\"WebSite\",\"@id\":\"https:\\\/\\\/patagoniambiental.com.ar\\\/info\\\/#website\",\"url\":\"https:\\\/\\\/patagoniambiental.com.ar\\\/info\\\/\",\"name\":\"Patagonia Ambiental\",\"description\":\"Monitoreo y an\u00e1lisis de la situaci\u00f3n geopol\u00edtica en el mundo y su implicancia en la Patagonia\",\"publisher\":{\"@id\":\"https:\\\/\\\/patagoniambiental.com.ar\\\/info\\\/#organization\"},\"potentialAction\":[{\"@type\":\"SearchAction\",\"target\":{\"@type\":\"EntryPoint\",\"urlTemplate\":\"https:\\\/\\\/patagoniambiental.com.ar\\\/info\\\/?s={search_term_string}\"},\"query-input\":{\"@type\":\"PropertyValueSpecification\",\"valueRequired\":true,\"valueName\":\"search_term_string\"}}],\"inLanguage\":\"es\"},{\"@type\":\"Organization\",\"@id\":\"https:\\\/\\\/patagoniambiental.com.ar\\\/info\\\/#organization\",\"name\":\"Patagonia Ambiental\",\"url\":\"https:\\\/\\\/patagoniambiental.com.ar\\\/info\\\/\",\"logo\":{\"@type\":\"ImageObject\",\"inLanguage\":\"es\",\"@id\":\"https:\\\/\\\/patagoniambiental.com.ar\\\/info\\\/#\\\/schema\\\/logo\\\/image\\\/\",\"url\":\"https:\\\/\\\/patagoniambiental.com.ar\\\/info\\\/wp-content\\\/uploads\\\/2025\\\/05\\\/LOGO-PATAGONIA-AMBIENTAL.png\",\"contentUrl\":\"https:\\\/\\\/patagoniambiental.com.ar\\\/info\\\/wp-content\\\/uploads\\\/2025\\\/05\\\/LOGO-PATAGONIA-AMBIENTAL.png\",\"width\":433,\"height\":250,\"caption\":\"Patagonia Ambiental\"},\"image\":{\"@id\":\"https:\\\/\\\/patagoniambiental.com.ar\\\/info\\\/#\\\/schema\\\/logo\\\/image\\\/\"},\"sameAs\":[\"https:\\\/\\\/www.facebook.com\\\/patagonia.ambiental\",\"https:\\\/\\\/x.com\\\/PatAmb\"]},{\"@type\":\"Person\",\"@id\":\"https:\\\/\\\/patagoniambiental.com.ar\\\/info\\\/#\\\/schema\\\/person\\\/e5af09d700b2e82cb10c6b8800e0c691\",\"name\":\"BRAIAN ESTEVEZ\",\"sameAs\":[\"http:\\\/\\\/www.patagoniambiental.com.ar\"]}]}<\/script>\n<!-- \/ Yoast SEO Premium plugin. -->","yoast_head_json":{"title":"LA SECRETAR\u00cdA DE AMBIENTE DE TIERRA DEL FUEGO RECUERDA EL INICIO DE LA TEMPORADA DE ALTO RIESGO DE INCENDIO 2022-2023","robots":{"index":"index","follow":"follow","max-snippet":"max-snippet:-1","max-image-preview":"max-image-preview:large","max-video-preview":"max-video-preview:-1"},"canonical":"https:\/\/patagoniambiental.com.ar\/info\/la-secretaria-de-ambiente-de-tierra-del-fuego-recuerda-el-inicio-de-la-temporada-de-alto-riesgo-de-incendio-2022-2023\/","og_locale":"es_ES","og_type":"article","og_title":"LA SECRETAR\u00cdA DE AMBIENTE DE TIERRA DEL FUEGO RECUERDA EL INICIO DE LA TEMPORADA DE ALTO RIESGO DE INCENDIO 2022-2023","og_url":"https:\/\/patagoniambiental.com.ar\/info\/la-secretaria-de-ambiente-de-tierra-del-fuego-recuerda-el-inicio-de-la-temporada-de-alto-riesgo-de-incendio-2022-2023\/","og_site_name":"Patagonia Ambiental","article_publisher":"https:\/\/www.facebook.com\/patagonia.ambiental","article_published_time":"2022-10-04T11:46:36+00:00","article_modified_time":"2022-10-04T11:46:37+00:00","og_image":[{"url":"https:\/\/i0.wp.com\/ecovidaambiente.com.ar\/wp-content\/uploads\/2022\/10\/WhatsApp-Image-2022-10-01-at-14.21.10.jpeg?resize=768%2C432&amp;ssl=1","type":"","width":"","height":""}],"author":"BRAIAN ESTEVEZ","twitter_card":"summary_large_image","twitter_creator":"@PatAmb","twitter_site":"@PatAmb","schema":{"@context":"https:\/\/schema.org","@graph":[{"@type":"Article","@id":"https:\/\/patagoniambiental.com.ar\/info\/la-secretaria-de-ambiente-de-tierra-del-fuego-recuerda-el-inicio-de-la-temporada-de-alto-riesgo-de-incendio-2022-2023\/#article","isPartOf":{"@id":"https:\/\/patagoniambiental.com.ar\/info\/la-secretaria-de-ambiente-de-tierra-del-fuego-recuerda-el-inicio-de-la-temporada-de-alto-riesgo-de-incendio-2022-2023\/"},"author":{"name":"BRAIAN ESTEVEZ","@id":"https:\/\/patagoniambiental.com.ar\/info\/#\/schema\/person\/e5af09d700b2e82cb10c6b8800e0c691"},"headline":"LA SECRETAR\u00cdA DE AMBIENTE DE TIERRA DEL FUEGO RECUERDA EL INICIO DE LA TEMPORADA DE ALTO RIESGO DE INCENDIO 2022-2023","datePublished":"2022-10-04T11:46:36+00:00","dateModified":"2022-10-04T11:46:37+00:00","mainEntityOfPage":{"@id":"https:\/\/patagoniambiental.com.ar\/info\/la-secretaria-de-ambiente-de-tierra-del-fuego-recuerda-el-inicio-de-la-temporada-de-alto-riesgo-de-incendio-2022-2023\/"},"wordCount":474,"commentCount":0,"publisher":{"@id":"https:\/\/patagoniambiental.com.ar\/info\/#organization"},"image":{"@id":"https:\/\/patagoniambiental.com.ar\/info\/la-secretaria-de-ambiente-de-tierra-del-fuego-recuerda-el-inicio-de-la-temporada-de-alto-riesgo-de-incendio-2022-2023\/#primaryimage"},"thumbnailUrl":"https:\/\/i0.wp.com\/ecovidaambiente.com.ar\/wp-content\/uploads\/2022\/10\/WhatsApp-Image-2022-10-01-at-14.21.10.jpeg?resize=768%2C432&amp;ssl=1","articleSection":["Noticias"],"inLanguage":"es","potentialAction":[{"@type":"CommentAction","name":"Comment","target":["https:\/\/patagoniambiental.com.ar\/info\/la-secretaria-de-ambiente-de-tierra-del-fuego-recuerda-el-inicio-de-la-temporada-de-alto-riesgo-de-incendio-2022-2023\/#respond"]}]},{"@type":"WebPage","@id":"https:\/\/patagoniambiental.com.ar\/info\/la-secretaria-de-ambiente-de-tierra-del-fuego-recuerda-el-inicio-de-la-temporada-de-alto-riesgo-de-incendio-2022-2023\/","url":"https:\/\/patagoniambiental.com.ar\/info\/la-secretaria-de-ambiente-de-tierra-del-fuego-recuerda-el-inicio-de-la-temporada-de-alto-riesgo-de-incendio-2022-2023\/","name":"LA SECRETAR\u00cdA DE AMBIENTE DE TIERRA DEL FUEGO RECUERDA EL INICIO DE LA TEMPORADA DE ALTO RIESGO DE INCENDIO 2022-2023","isPartOf":{"@id":"https:\/\/patagoniambiental.com.ar\/info\/#website"},"primaryImageOfPage":{"@id":"https:\/\/patagoniambiental.com.ar\/info\/la-secretaria-de-ambiente-de-tierra-del-fuego-recuerda-el-inicio-de-la-temporada-de-alto-riesgo-de-incendio-2022-2023\/#primaryimage"},"image":{"@id":"https:\/\/patagoniambiental.com.ar\/info\/la-secretaria-de-ambiente-de-tierra-del-fuego-recuerda-el-inicio-de-la-temporada-de-alto-riesgo-de-incendio-2022-2023\/#primaryimage"},"thumbnailUrl":"https:\/\/i0.wp.com\/ecovidaambiente.com.ar\/wp-content\/uploads\/2022\/10\/WhatsApp-Image-2022-10-01-at-14.21.10.jpeg?resize=768%2C432&amp;ssl=1","datePublished":"2022-10-04T11:46:36+00:00","dateModified":"2022-10-04T11:46:37+00:00","breadcrumb":{"@id":"https:\/\/patagoniambiental.com.ar\/info\/la-secretaria-de-ambiente-de-tierra-del-fuego-recuerda-el-inicio-de-la-temporada-de-alto-riesgo-de-incendio-2022-2023\/#breadcrumb"},"inLanguage":"es","potentialAction":[{"@type":"ReadAction","target":["https:\/\/patagoniambiental.com.ar\/info\/la-secretaria-de-ambiente-de-tierra-del-fuego-recuerda-el-inicio-de-la-temporada-de-alto-riesgo-de-incendio-2022-2023\/"]}]},{"@type":"ImageObject","inLanguage":"es","@id":"https:\/\/patagoniambiental.com.ar\/info\/la-secretaria-de-ambiente-de-tierra-del-fuego-recuerda-el-inicio-de-la-temporada-de-alto-riesgo-de-incendio-2022-2023\/#primaryimage","url":"https:\/\/i0.wp.com\/ecovidaambiente.com.ar\/wp-content\/uploads\/2022\/10\/WhatsApp-Image-2022-10-01-at-14.21.10.jpeg?resize=768%2C432&amp;ssl=1","contentUrl":"https:\/\/i0.wp.com\/ecovidaambiente.com.ar\/wp-content\/uploads\/2022\/10\/WhatsApp-Image-2022-10-01-at-14.21.10.jpeg?resize=768%2C432&amp;ssl=1"},{"@type":"BreadcrumbList","@id":"https:\/\/patagoniambiental.com.ar\/info\/la-secretaria-de-ambiente-de-tierra-del-fuego-recuerda-el-inicio-de-la-temporada-de-alto-riesgo-de-incendio-2022-2023\/#breadcrumb","itemListElement":[{"@type":"ListItem","position":1,"name":"Inicio","item":"https:\/\/patagoniambiental.com.ar\/info\/"},{"@type":"ListItem","position":2,"name":"LA SECRETAR\u00cdA DE AMBIENTE DE TIERRA DEL FUEGO RECUERDA EL INICIO DE LA TEMPORADA DE ALTO RIESGO DE INCENDIO 2022-2023"}]},{"@type":"WebSite","@id":"https:\/\/patagoniambiental.com.ar\/info\/#website","url":"https:\/\/patagoniambiental.com.ar\/info\/","name":"Patagonia Ambiental","description":"Monitoreo y an\u00e1lisis de la situaci\u00f3n geopol\u00edtica en el mundo y su implicancia en la Patagonia","publisher":{"@id":"https:\/\/patagoniambiental.com.ar\/info\/#organization"},"potentialAction":[{"@type":"SearchAction","target":{"@type":"EntryPoint","urlTemplate":"https:\/\/patagoniambiental.com.ar\/info\/?s={search_term_string}"},"query-input":{"@type":"PropertyValueSpecification","valueRequired":true,"valueName":"search_term_string"}}],"inLanguage":"es"},{"@type":"Organization","@id":"https:\/\/patagoniambiental.com.ar\/info\/#organization","name":"Patagonia Ambiental","url":"https:\/\/patagoniambiental.com.ar\/info\/","logo":{"@type":"ImageObject","inLanguage":"es","@id":"https:\/\/patagoniambiental.com.ar\/info\/#\/schema\/logo\/image\/","url":"https:\/\/patagoniambiental.com.ar\/info\/wp-content\/uploads\/2025\/05\/LOGO-PATAGONIA-AMBIENTAL.png","contentUrl":"https:\/\/patagoniambiental.com.ar\/info\/wp-content\/uploads\/2025\/05\/LOGO-PATAGONIA-AMBIENTAL.png","width":433,"height":250,"caption":"Patagonia Ambiental"},"image":{"@id":"https:\/\/patagoniambiental.com.ar\/info\/#\/schema\/logo\/image\/"},"sameAs":["https:\/\/www.facebook.com\/patagonia.ambiental","https:\/\/x.com\/PatAmb"]},{"@type":"Person","@id":"https:\/\/patagoniambiental.com.ar\/info\/#\/schema\/person\/e5af09d700b2e82cb10c6b8800e0c691","name":"BRAIAN ESTEVEZ","sameAs":["http:\/\/www.patagoniambiental.com.ar"]}]}},"_links":{"self":[{"href":"https:\/\/patagoniambiental.com.ar\/info\/wp-json\/wp\/v2\/posts\/76429","targetHints":{"allow":["GET"]}}],"collection":[{"href":"https:\/\/patagoniambiental.com.ar\/info\/wp-json\/wp\/v2\/posts"}],"about":[{"href":"https:\/\/patagoniambiental.com.ar\/info\/wp-json\/wp\/v2\/types\/post"}],"author":[{"embeddable":true,"href":"https:\/\/patagoniambiental.com.ar\/info\/wp-json\/wp\/v2\/users\/6"}],"replies":[{"embeddable":true,"href":"https:\/\/patagoniambiental.com.ar\/info\/wp-json\/wp\/v2\/comments?post=76429"}],"version-history":[{"count":0,"href":"https:\/\/patagoniambiental.com.ar\/info\/wp-json\/wp\/v2\/posts\/76429\/revisions"}],"wp:attachment":[{"href":"https:\/\/patagoniambiental.com.ar\/info\/wp-json\/wp\/v2\/media?parent=76429"}],"wp:term":[{"taxonomy":"category","embeddable":true,"href":"https:\/\/patagoniambiental.com.ar\/info\/wp-json\/wp\/v2\/categories?post=76429"},{"taxonomy":"post_tag","embeddable":true,"href":"https:\/\/patagoniambiental.com.ar\/info\/wp-json\/wp\/v2\/tags?post=76429"}],"curies":[{"name":"wp","href":"https:\/\/api.w.org\/{rel}","templated":true}]}}