{"id":76440,"date":"2022-10-16T07:00:00","date_gmt":"2022-10-16T10:00:00","guid":{"rendered":"http:\/\/patagoniambiental.com.ar\/info\/?p=76440"},"modified":"2022-10-07T00:39:14","modified_gmt":"2022-10-07T03:39:14","slug":"preocupa-la-gran-magnitud-de-suelos-salinizados-en-el-norte-de-la-pampa","status":"publish","type":"post","link":"https:\/\/patagoniambiental.com.ar\/info\/preocupa-la-gran-magnitud-de-suelos-salinizados-en-el-norte-de-la-pampa\/","title":{"rendered":"Preocupa la \u00abgran magnitud\u00bb de suelos salinizados en el norte de La Pampa"},"content":{"rendered":"\n<!--more-->\n\n\n\n<p><strong>En la Estancia Santa Elena, cercana a General Pico, se realiz\u00f3 una jornada para analizar la problem\u00e1tica de la salinizaci\u00f3n de los suelos en la zona norte de La Pampa. La actividad fue organizada por el Consejo Asesor de Suelo.<\/strong><\/p>\n\n\n\n<p>Durante el encuentro del que participaron m\u00e1s de 140 personas, disertaron Pablo V\u00e1zquez del INTA Anguil, Cristian \u00c1lvarez de INTA General Pico y Horacio Videla del INTA Laboulaye.<\/p>\n\n\n\n<p><strong>\u201cBUEN DIAGN\u00d3STICO\u201d<\/strong><\/p>\n\n\n\n<p>El subsecretario de Asuntos Agrarios, Ricardo Baraldi, manifest\u00f3 que esta jornada &nbsp;a campo surgi\u00f3 por recomendaci\u00f3n del Consejo Asesor de Suelos, ante la presencia de una gran superficie de suelos salinos por el ascenso de las napas de agua.<\/p>\n\n\n\n<p>A su vez, se refiri\u00f3 al importante marco de p\u00fablico que convoc\u00f3 la actividad, porque asistieron alrededor de 140 personas entre &nbsp;productores y asesores t\u00e9cnicos.<\/p>\n\n\n\n<figure class=\"wp-block-image\"><img decoding=\"async\" src=\"https:\/\/i0.wp.com\/radiodon.com.ar\/wp-content\/uploads\/2022\/10\/jornada_salinizacion_tierras_GeneralPico_5octubre2022.jpg?resize=800%2C450&amp;ssl=1\" alt=\"\" class=\"wp-image-120224\"\/><\/figure>\n\n\n\n<p>\u201cEs muy importante porque esta ronda de intercambio nos va a permitir &nbsp;realizar un muy buen diagn\u00f3stico, para tratar esta problem\u00e1tica que remarcan tanto, los productores de la zona, como dem\u00e1s referentes de &nbsp;organismos integrantes de las diferentes &nbsp;Mesas del Ministerio de la Producci\u00f3n y continuar &nbsp;con las capacitaciones que &nbsp;vienen desarrollando las Direcciones de Extensi\u00f3n y de Agricultura de la Subsecretar\u00eda\u201d, explic\u00f3.<\/p>\n\n\n\n<p><strong>\u201cNAPAS CERCANAS A LA SUPERFICIE\u201d<\/strong><\/p>\n\n\n\n<p>Por su parte la directora de Agricultura, Natalia Ovando, indic\u00f3 que esta jornada en el establecimiento Santa Elena, ubicado al este de General Pico, fue pensada \u201cpara analizar la situaci\u00f3n en la zona, que tiene que ver con las napas cercanas a superficie y su posterior consecuencia de suelos salinos\u201d.&nbsp;<ins>https:\/\/googleads.g.doubleclick.net\/pagead\/ads?client=ca-pub-5687724411061918&amp;output=html&amp;h=280&amp;slotname=6161082461&amp;adk=4163706247&amp;adf=360047129&amp;pi=t.ma~as.6161082461&amp;w=798&amp;fwrn=4&amp;fwrnh=100&amp;lmt=1665113783&amp;rafmt=1&amp;psa=1&amp;format=798&#215;280&amp;url=https%3A%2F%2Fradiodon.com.ar%2F2022%2F10%2F06%2Fpreocupa-la-gran-magnitud-de-suelos-salinizados-en-el-norte-de-la-pampa%2F&amp;host=ca-host-pub-2644536267352236&amp;fwr=0&amp;fwrattr=true&amp;rpe=1&amp;resp_fmts=3&amp;wgl=1&amp;uach=WyJXaW5kb3dzIiwiMC4xLjAiLCJ4ODYiLCIiLCIxMDUuMC41MTk1LjEyNyIsW10sZmFsc2UsbnVsbCwiNjQiLFtbIkdvb2dsZSBDaHJvbWUiLCIxMDUuMC41MTk1LjEyNyJdLFsiTm90KUE7QnJhbmQiLCI4LjAuMC4wIl0sWyJDaHJvbWl1bSIsIjEwNS4wLjUxOTUuMTI3Il1dLGZhbHNlXQ..&amp;dt=1665113777570&amp;bpp=31&amp;bdt=6200&amp;idt=3937&amp;shv=r20221003&amp;mjsv=m202209290101&amp;ptt=9&amp;saldr=aa&amp;abxe=1&amp;cookie=ID%3D48f3033e4a1feb23-229c1914e67d00d6%3AT%3D1662348202%3ART%3D1662348202%3AS%3DALNI_MYQpZGO-SOP814Z72EEVXyotA-0Tw&amp;gpic=UID%3D00000936ac1d773a%3AT%3D1662348202%3ART%3D1665113781%3AS%3DALNI_MZemFuC9ctwKSeb_Q-jEmP3Rpq3ng&amp;prev_fmts=0x0%2C301x250%2C1349x568%2C301x250&amp;nras=2&amp;correlator=4365590424698&amp;frm=20&amp;pv=1&amp;ga_vid=1986216888.1662348202&amp;ga_sid=1665113781&amp;ga_hid=123465692&amp;ga_fc=1&amp;u_tz=-180&amp;u_his=1&amp;u_h=768&amp;u_w=1366&amp;u_ah=728&amp;u_aw=1366&amp;u_cd=24&amp;u_sd=1&amp;dmc=8&amp;adx=115&amp;ady=3346&amp;biw=1349&amp;bih=568&amp;scr_x=0&amp;scr_y=1100&amp;eid=44759876%2C44759927%2C44759842%2C31070198%2C42531706%2C44773747&amp;oid=2&amp;psts=APxP-9CRlb_2Fb9pKpj4peiNr6yAJlGaxHlOGgy4nIlK6gcq0CO_u6hj7UOntg_NcjceBgCZB0MU3avCwIVJNH8vjw%2CAPxP-9Dst9Vi8Z_Lxj0shuj1yOzTu0qKzQT5ssl4-rOxpp0qBeqrbAMNNOXelVpMJ9BkHmmx7TVKBh5KLn36ee5LnA&amp;pvsid=2238512840032789&amp;tmod=989997820&amp;uas=0&amp;nvt=1&amp;ref=https%3A%2F%2Fwww.google.com%2F&amp;eae=0&amp;fc=1920&amp;brdim=0%2C0%2C0%2C0%2C1366%2C0%2C1366%2C728%2C1366%2C568&amp;vis=1&amp;rsz=%7C%7CoEebr%7C&amp;abl=CS&amp;pfx=0&amp;fu=128&amp;bc=31&amp;ifi=2&amp;uci=a!2&amp;btvi=3&amp;fsb=1&amp;xpc=URWIYcrNMM&amp;p=https%3A\/\/radiodon.com.ar&amp;dtd=5924<\/ins><\/p>\n\n\n\n<p>\u201cSe &nbsp;intenta brindar herramientas con el fin de mitigar el efecto de las sales en los suelos y recuperar este recurso tan valioso que es generador y desarrollador de la actividad agr\u00edcola y que afecta a todos los que forman parte de los sistemas productivos\u201d, indic\u00f3.<\/p>\n\n\n\n<p><strong>GRAN MAGNITUD<\/strong><\/p>\n\n\n\n<p>Cristian \u00c1lvarez, de INTA General Pico, calific\u00f3 a esta problem\u00e1tica regional \u201cde gran magnitud\u201d, en ese sentido coment\u00f3 que \u201cen una superficie de alrededor de 2 millones de hect\u00e1reas, aproximadamente 400 mil cuentan con problemas de riesgo de anegamiento y sales\u201d.<\/p>\n\n\n\n<figure class=\"wp-block-image\"><img decoding=\"async\" src=\"https:\/\/i0.wp.com\/radiodon.com.ar\/wp-content\/uploads\/2022\/10\/jornada_salinizacion_tierras_GeneralPico_5octubre2022_1.jpg?resize=800%2C450&amp;ssl=1\" alt=\"\" class=\"wp-image-120223\"\/><\/figure>\n\n\n\n<p>\u201cEl encuentro busc\u00f3 mostrar &nbsp;alternativas productivas a esta situaci\u00f3n como el uso de cultivos de invierno, la intensificaci\u00f3n de la rotaci\u00f3n, la asociaci\u00f3n de los sistemas con pasturas, tratando de responder a esta problem\u00e1tica que nos viene atacando desde hace un par de &nbsp;a\u00f1os, desde abajo, ya sea por los ascensos fre\u00e1ticos asociados a recargas por precipitaciones en algunos momentos, o &nbsp;a las aguas residuales que quedan de una campa\u00f1a a la otra lo cual nos inhabilita muchas veces parte de la superficie\u201d, aconsej\u00f3.<\/p>\n\n\n\n<p>\u201cNo s\u00f3lo se debe mirar lo que el s\u00edntoma nos dice, como el anegamiento y las sales, sino ir m\u00e1s all\u00e1 -expres\u00f3 el ingeniero- y mirar los cultivos en cuanto a los mosaicos que se conforman, el degrade de colores, cambios importantes en la calidad de ambiente lo cual &nbsp;pudimos observar\u201d.<\/p>\n\n\n\n<p>Consider\u00f3 que una de las misiones es \u201cmitigar este efecto negativo que nos viene generando el encharcamiento y el ascenso de las napas fre\u00e1ticas asociado a manejos alternativos de los diferentes cultivos\u201d.<\/p>\n\n\n\n<h3 class=\"wp-block-heading\">COMPARTIR ESTA NOTICIA:<\/h3>\n\n\n\n<ul class=\"wp-block-list\"><li><a rel=\"noreferrer noopener\" href=\"https:\/\/radiodon.com.ar\/2022\/10\/06\/preocupa-la-gran-magnitud-de-suelos-salinizados-en-el-norte-de-la-pampa\/?share=facebook&amp;nb=1\" target=\"_blank\">Fuente: <\/a>https:\/\/radiodon.com.ar\/2022\/10\/06\/preocupa-la-gran-magnitud-de-suelos-salinizados-en-el-norte-de-la-pampa\/<\/li><li><\/li><\/ul>\n","protected":false},"excerpt":{"rendered":"","protected":false},"author":6,"featured_media":76441,"comment_status":"open","ping_status":"open","sticky":false,"template":"","format":"standard","meta":{"site-sidebar-layout":"default","site-content-layout":"","ast-site-content-layout":"default","site-content-style":"default","site-sidebar-style":"default","ast-global-header-display":"","ast-banner-title-visibility":"","ast-main-header-display":"","ast-hfb-above-header-display":"","ast-hfb-below-header-display":"","ast-hfb-mobile-header-display":"","site-post-title":"","ast-breadcrumbs-content":"","ast-featured-img":"","footer-sml-layout":"","ast-disable-related-posts":"","theme-transparent-header-meta":"","adv-header-id-meta":"","stick-header-meta":"","header-above-stick-meta":"","header-main-stick-meta":"","header-below-stick-meta":"","astra-migrate-meta-layouts":"default","ast-page-background-enabled":"default","ast-page-background-meta":{"desktop":{"background-color":"var(--ast-global-color-5)","background-image":"","background-repeat":"repeat","background-position":"center center","background-size":"auto","background-attachment":"scroll","background-type":"","background-media":"","overlay-type":"","overlay-color":"","overlay-opacity":"","overlay-gradient":""},"tablet":{"background-color":"","background-image":"","background-repeat":"repeat","background-position":"center center","background-size":"auto","background-attachment":"scroll","background-type":"","background-media":"","overlay-type":"","overlay-color":"","overlay-opacity":"","overlay-gradient":""},"mobile":{"background-color":"","background-image":"","background-repeat":"repeat","background-position":"center center","background-size":"auto","background-attachment":"scroll","background-type":"","background-media":"","overlay-type":"","overlay-color":"","overlay-opacity":"","overlay-gradient":""}},"ast-content-background-meta":{"desktop":{"background-color":"var(--ast-global-color-4)","background-image":"","background-repeat":"repeat","background-position":"center center","background-size":"auto","background-attachment":"scroll","background-type":"","background-media":"","overlay-type":"","overlay-color":"","overlay-opacity":"","overlay-gradient":""},"tablet":{"background-color":"var(--ast-global-color-4)","background-image":"","background-repeat":"repeat","background-position":"center center","background-size":"auto","background-attachment":"scroll","background-type":"","background-media":"","overlay-type":"","overlay-color":"","overlay-opacity":"","overlay-gradient":""},"mobile":{"background-color":"var(--ast-global-color-4)","background-image":"","background-repeat":"repeat","background-position":"center center","background-size":"auto","background-attachment":"scroll","background-type":"","background-media":"","overlay-type":"","overlay-color":"","overlay-opacity":"","overlay-gradient":""}},"footnotes":""},"categories":[11,59,1,13,10],"tags":[],"class_list":["post-76440","post","type-post","status-publish","format-standard","has-post-thumbnail","hentry","category-boletin","category-la-pampa","category-noticias","category-provinciales","category-rotador"],"yoast_head":"<!-- This site is optimized with the Yoast SEO Premium plugin v23.0 (Yoast SEO v27.4) - https:\/\/yoast.com\/product\/yoast-seo-premium-wordpress\/ -->\n<title>Preocupa la \u00abgran magnitud\u00bb de suelos salinizados en el norte de La Pampa<\/title>\n<meta name=\"robots\" content=\"index, follow, max-snippet:-1, max-image-preview:large, max-video-preview:-1\" \/>\n<link rel=\"canonical\" href=\"https:\/\/patagoniambiental.com.ar\/info\/preocupa-la-gran-magnitud-de-suelos-salinizados-en-el-norte-de-la-pampa\/\" \/>\n<meta property=\"og:locale\" content=\"es_ES\" \/>\n<meta property=\"og:type\" content=\"article\" \/>\n<meta property=\"og:title\" content=\"Preocupa la \u00abgran magnitud\u00bb de suelos salinizados en el norte de La Pampa\" \/>\n<meta property=\"og:url\" content=\"https:\/\/patagoniambiental.com.ar\/info\/preocupa-la-gran-magnitud-de-suelos-salinizados-en-el-norte-de-la-pampa\/\" \/>\n<meta property=\"og:site_name\" content=\"Patagonia Ambiental\" \/>\n<meta property=\"article:publisher\" content=\"https:\/\/www.facebook.com\/patagonia.ambiental\" \/>\n<meta property=\"article:published_time\" content=\"2022-10-16T10:00:00+00:00\" \/>\n<meta property=\"og:image\" content=\"https:\/\/patagoniambiental.com.ar\/info\/wp-content\/uploads\/2022\/10\/56.png\" \/>\n\t<meta property=\"og:image:width\" content=\"781\" \/>\n\t<meta property=\"og:image:height\" content=\"465\" \/>\n\t<meta property=\"og:image:type\" content=\"image\/png\" \/>\n<meta name=\"author\" content=\"BRAIAN ESTEVEZ\" \/>\n<meta name=\"twitter:card\" content=\"summary_large_image\" \/>\n<meta name=\"twitter:creator\" content=\"@PatAmb\" \/>\n<meta name=\"twitter:site\" content=\"@PatAmb\" \/>\n<script type=\"application\/ld+json\" class=\"yoast-schema-graph\">{\"@context\":\"https:\\\/\\\/schema.org\",\"@graph\":[{\"@type\":\"Article\",\"@id\":\"https:\\\/\\\/patagoniambiental.com.ar\\\/info\\\/preocupa-la-gran-magnitud-de-suelos-salinizados-en-el-norte-de-la-pampa\\\/#article\",\"isPartOf\":{\"@id\":\"https:\\\/\\\/patagoniambiental.com.ar\\\/info\\\/preocupa-la-gran-magnitud-de-suelos-salinizados-en-el-norte-de-la-pampa\\\/\"},\"author\":{\"name\":\"BRAIAN ESTEVEZ\",\"@id\":\"https:\\\/\\\/patagoniambiental.com.ar\\\/info\\\/#\\\/schema\\\/person\\\/e5af09d700b2e82cb10c6b8800e0c691\"},\"headline\":\"Preocupa la \u00abgran magnitud\u00bb de suelos salinizados en el norte de La Pampa\",\"datePublished\":\"2022-10-16T10:00:00+00:00\",\"mainEntityOfPage\":{\"@id\":\"https:\\\/\\\/patagoniambiental.com.ar\\\/info\\\/preocupa-la-gran-magnitud-de-suelos-salinizados-en-el-norte-de-la-pampa\\\/\"},\"wordCount\":905,\"commentCount\":0,\"publisher\":{\"@id\":\"https:\\\/\\\/patagoniambiental.com.ar\\\/info\\\/#organization\"},\"image\":{\"@id\":\"https:\\\/\\\/patagoniambiental.com.ar\\\/info\\\/preocupa-la-gran-magnitud-de-suelos-salinizados-en-el-norte-de-la-pampa\\\/#primaryimage\"},\"thumbnailUrl\":\"https:\\\/\\\/patagoniambiental.com.ar\\\/info\\\/wp-content\\\/uploads\\\/2022\\\/10\\\/56.png\",\"articleSection\":[\"Bolet\u00edn\",\"La Pampa\",\"Noticias\",\"Provinciales\",\"Rotador\"],\"inLanguage\":\"es\",\"potentialAction\":[{\"@type\":\"CommentAction\",\"name\":\"Comment\",\"target\":[\"https:\\\/\\\/patagoniambiental.com.ar\\\/info\\\/preocupa-la-gran-magnitud-de-suelos-salinizados-en-el-norte-de-la-pampa\\\/#respond\"]}]},{\"@type\":\"WebPage\",\"@id\":\"https:\\\/\\\/patagoniambiental.com.ar\\\/info\\\/preocupa-la-gran-magnitud-de-suelos-salinizados-en-el-norte-de-la-pampa\\\/\",\"url\":\"https:\\\/\\\/patagoniambiental.com.ar\\\/info\\\/preocupa-la-gran-magnitud-de-suelos-salinizados-en-el-norte-de-la-pampa\\\/\",\"name\":\"Preocupa la \u00abgran magnitud\u00bb de suelos salinizados en el norte de La Pampa\",\"isPartOf\":{\"@id\":\"https:\\\/\\\/patagoniambiental.com.ar\\\/info\\\/#website\"},\"primaryImageOfPage\":{\"@id\":\"https:\\\/\\\/patagoniambiental.com.ar\\\/info\\\/preocupa-la-gran-magnitud-de-suelos-salinizados-en-el-norte-de-la-pampa\\\/#primaryimage\"},\"image\":{\"@id\":\"https:\\\/\\\/patagoniambiental.com.ar\\\/info\\\/preocupa-la-gran-magnitud-de-suelos-salinizados-en-el-norte-de-la-pampa\\\/#primaryimage\"},\"thumbnailUrl\":\"https:\\\/\\\/patagoniambiental.com.ar\\\/info\\\/wp-content\\\/uploads\\\/2022\\\/10\\\/56.png\",\"datePublished\":\"2022-10-16T10:00:00+00:00\",\"breadcrumb\":{\"@id\":\"https:\\\/\\\/patagoniambiental.com.ar\\\/info\\\/preocupa-la-gran-magnitud-de-suelos-salinizados-en-el-norte-de-la-pampa\\\/#breadcrumb\"},\"inLanguage\":\"es\",\"potentialAction\":[{\"@type\":\"ReadAction\",\"target\":[\"https:\\\/\\\/patagoniambiental.com.ar\\\/info\\\/preocupa-la-gran-magnitud-de-suelos-salinizados-en-el-norte-de-la-pampa\\\/\"]}]},{\"@type\":\"ImageObject\",\"inLanguage\":\"es\",\"@id\":\"https:\\\/\\\/patagoniambiental.com.ar\\\/info\\\/preocupa-la-gran-magnitud-de-suelos-salinizados-en-el-norte-de-la-pampa\\\/#primaryimage\",\"url\":\"https:\\\/\\\/patagoniambiental.com.ar\\\/info\\\/wp-content\\\/uploads\\\/2022\\\/10\\\/56.png\",\"contentUrl\":\"https:\\\/\\\/patagoniambiental.com.ar\\\/info\\\/wp-content\\\/uploads\\\/2022\\\/10\\\/56.png\",\"width\":781,\"height\":465},{\"@type\":\"BreadcrumbList\",\"@id\":\"https:\\\/\\\/patagoniambiental.com.ar\\\/info\\\/preocupa-la-gran-magnitud-de-suelos-salinizados-en-el-norte-de-la-pampa\\\/#breadcrumb\",\"itemListElement\":[{\"@type\":\"ListItem\",\"position\":1,\"name\":\"Inicio\",\"item\":\"https:\\\/\\\/patagoniambiental.com.ar\\\/info\\\/\"},{\"@type\":\"ListItem\",\"position\":2,\"name\":\"Preocupa la \u00abgran magnitud\u00bb de suelos salinizados en el norte de La Pampa\"}]},{\"@type\":\"WebSite\",\"@id\":\"https:\\\/\\\/patagoniambiental.com.ar\\\/info\\\/#website\",\"url\":\"https:\\\/\\\/patagoniambiental.com.ar\\\/info\\\/\",\"name\":\"Patagonia Ambiental\",\"description\":\"Monitoreo y an\u00e1lisis de la situaci\u00f3n geopol\u00edtica en el mundo y su implicancia en la Patagonia\",\"publisher\":{\"@id\":\"https:\\\/\\\/patagoniambiental.com.ar\\\/info\\\/#organization\"},\"potentialAction\":[{\"@type\":\"SearchAction\",\"target\":{\"@type\":\"EntryPoint\",\"urlTemplate\":\"https:\\\/\\\/patagoniambiental.com.ar\\\/info\\\/?s={search_term_string}\"},\"query-input\":{\"@type\":\"PropertyValueSpecification\",\"valueRequired\":true,\"valueName\":\"search_term_string\"}}],\"inLanguage\":\"es\"},{\"@type\":\"Organization\",\"@id\":\"https:\\\/\\\/patagoniambiental.com.ar\\\/info\\\/#organization\",\"name\":\"Patagonia Ambiental\",\"url\":\"https:\\\/\\\/patagoniambiental.com.ar\\\/info\\\/\",\"logo\":{\"@type\":\"ImageObject\",\"inLanguage\":\"es\",\"@id\":\"https:\\\/\\\/patagoniambiental.com.ar\\\/info\\\/#\\\/schema\\\/logo\\\/image\\\/\",\"url\":\"https:\\\/\\\/patagoniambiental.com.ar\\\/info\\\/wp-content\\\/uploads\\\/2025\\\/05\\\/LOGO-PATAGONIA-AMBIENTAL.png\",\"contentUrl\":\"https:\\\/\\\/patagoniambiental.com.ar\\\/info\\\/wp-content\\\/uploads\\\/2025\\\/05\\\/LOGO-PATAGONIA-AMBIENTAL.png\",\"width\":433,\"height\":250,\"caption\":\"Patagonia Ambiental\"},\"image\":{\"@id\":\"https:\\\/\\\/patagoniambiental.com.ar\\\/info\\\/#\\\/schema\\\/logo\\\/image\\\/\"},\"sameAs\":[\"https:\\\/\\\/www.facebook.com\\\/patagonia.ambiental\",\"https:\\\/\\\/x.com\\\/PatAmb\"]},{\"@type\":\"Person\",\"@id\":\"https:\\\/\\\/patagoniambiental.com.ar\\\/info\\\/#\\\/schema\\\/person\\\/e5af09d700b2e82cb10c6b8800e0c691\",\"name\":\"BRAIAN ESTEVEZ\",\"sameAs\":[\"http:\\\/\\\/www.patagoniambiental.com.ar\"]}]}<\/script>\n<!-- \/ Yoast SEO Premium plugin. -->","yoast_head_json":{"title":"Preocupa la \u00abgran magnitud\u00bb de suelos salinizados en el norte de La Pampa","robots":{"index":"index","follow":"follow","max-snippet":"max-snippet:-1","max-image-preview":"max-image-preview:large","max-video-preview":"max-video-preview:-1"},"canonical":"https:\/\/patagoniambiental.com.ar\/info\/preocupa-la-gran-magnitud-de-suelos-salinizados-en-el-norte-de-la-pampa\/","og_locale":"es_ES","og_type":"article","og_title":"Preocupa la \u00abgran magnitud\u00bb de suelos salinizados en el norte de La Pampa","og_url":"https:\/\/patagoniambiental.com.ar\/info\/preocupa-la-gran-magnitud-de-suelos-salinizados-en-el-norte-de-la-pampa\/","og_site_name":"Patagonia Ambiental","article_publisher":"https:\/\/www.facebook.com\/patagonia.ambiental","article_published_time":"2022-10-16T10:00:00+00:00","og_image":[{"width":781,"height":465,"url":"https:\/\/patagoniambiental.com.ar\/info\/wp-content\/uploads\/2022\/10\/56.png","type":"image\/png"}],"author":"BRAIAN ESTEVEZ","twitter_card":"summary_large_image","twitter_creator":"@PatAmb","twitter_site":"@PatAmb","schema":{"@context":"https:\/\/schema.org","@graph":[{"@type":"Article","@id":"https:\/\/patagoniambiental.com.ar\/info\/preocupa-la-gran-magnitud-de-suelos-salinizados-en-el-norte-de-la-pampa\/#article","isPartOf":{"@id":"https:\/\/patagoniambiental.com.ar\/info\/preocupa-la-gran-magnitud-de-suelos-salinizados-en-el-norte-de-la-pampa\/"},"author":{"name":"BRAIAN ESTEVEZ","@id":"https:\/\/patagoniambiental.com.ar\/info\/#\/schema\/person\/e5af09d700b2e82cb10c6b8800e0c691"},"headline":"Preocupa la \u00abgran magnitud\u00bb de suelos salinizados en el norte de La Pampa","datePublished":"2022-10-16T10:00:00+00:00","mainEntityOfPage":{"@id":"https:\/\/patagoniambiental.com.ar\/info\/preocupa-la-gran-magnitud-de-suelos-salinizados-en-el-norte-de-la-pampa\/"},"wordCount":905,"commentCount":0,"publisher":{"@id":"https:\/\/patagoniambiental.com.ar\/info\/#organization"},"image":{"@id":"https:\/\/patagoniambiental.com.ar\/info\/preocupa-la-gran-magnitud-de-suelos-salinizados-en-el-norte-de-la-pampa\/#primaryimage"},"thumbnailUrl":"https:\/\/patagoniambiental.com.ar\/info\/wp-content\/uploads\/2022\/10\/56.png","articleSection":["Bolet\u00edn","La Pampa","Noticias","Provinciales","Rotador"],"inLanguage":"es","potentialAction":[{"@type":"CommentAction","name":"Comment","target":["https:\/\/patagoniambiental.com.ar\/info\/preocupa-la-gran-magnitud-de-suelos-salinizados-en-el-norte-de-la-pampa\/#respond"]}]},{"@type":"WebPage","@id":"https:\/\/patagoniambiental.com.ar\/info\/preocupa-la-gran-magnitud-de-suelos-salinizados-en-el-norte-de-la-pampa\/","url":"https:\/\/patagoniambiental.com.ar\/info\/preocupa-la-gran-magnitud-de-suelos-salinizados-en-el-norte-de-la-pampa\/","name":"Preocupa la \u00abgran magnitud\u00bb de suelos salinizados en el norte de La Pampa","isPartOf":{"@id":"https:\/\/patagoniambiental.com.ar\/info\/#website"},"primaryImageOfPage":{"@id":"https:\/\/patagoniambiental.com.ar\/info\/preocupa-la-gran-magnitud-de-suelos-salinizados-en-el-norte-de-la-pampa\/#primaryimage"},"image":{"@id":"https:\/\/patagoniambiental.com.ar\/info\/preocupa-la-gran-magnitud-de-suelos-salinizados-en-el-norte-de-la-pampa\/#primaryimage"},"thumbnailUrl":"https:\/\/patagoniambiental.com.ar\/info\/wp-content\/uploads\/2022\/10\/56.png","datePublished":"2022-10-16T10:00:00+00:00","breadcrumb":{"@id":"https:\/\/patagoniambiental.com.ar\/info\/preocupa-la-gran-magnitud-de-suelos-salinizados-en-el-norte-de-la-pampa\/#breadcrumb"},"inLanguage":"es","potentialAction":[{"@type":"ReadAction","target":["https:\/\/patagoniambiental.com.ar\/info\/preocupa-la-gran-magnitud-de-suelos-salinizados-en-el-norte-de-la-pampa\/"]}]},{"@type":"ImageObject","inLanguage":"es","@id":"https:\/\/patagoniambiental.com.ar\/info\/preocupa-la-gran-magnitud-de-suelos-salinizados-en-el-norte-de-la-pampa\/#primaryimage","url":"https:\/\/patagoniambiental.com.ar\/info\/wp-content\/uploads\/2022\/10\/56.png","contentUrl":"https:\/\/patagoniambiental.com.ar\/info\/wp-content\/uploads\/2022\/10\/56.png","width":781,"height":465},{"@type":"BreadcrumbList","@id":"https:\/\/patagoniambiental.com.ar\/info\/preocupa-la-gran-magnitud-de-suelos-salinizados-en-el-norte-de-la-pampa\/#breadcrumb","itemListElement":[{"@type":"ListItem","position":1,"name":"Inicio","item":"https:\/\/patagoniambiental.com.ar\/info\/"},{"@type":"ListItem","position":2,"name":"Preocupa la \u00abgran magnitud\u00bb de suelos salinizados en el norte de La Pampa"}]},{"@type":"WebSite","@id":"https:\/\/patagoniambiental.com.ar\/info\/#website","url":"https:\/\/patagoniambiental.com.ar\/info\/","name":"Patagonia Ambiental","description":"Monitoreo y an\u00e1lisis de la situaci\u00f3n geopol\u00edtica en el mundo y su implicancia en la Patagonia","publisher":{"@id":"https:\/\/patagoniambiental.com.ar\/info\/#organization"},"potentialAction":[{"@type":"SearchAction","target":{"@type":"EntryPoint","urlTemplate":"https:\/\/patagoniambiental.com.ar\/info\/?s={search_term_string}"},"query-input":{"@type":"PropertyValueSpecification","valueRequired":true,"valueName":"search_term_string"}}],"inLanguage":"es"},{"@type":"Organization","@id":"https:\/\/patagoniambiental.com.ar\/info\/#organization","name":"Patagonia Ambiental","url":"https:\/\/patagoniambiental.com.ar\/info\/","logo":{"@type":"ImageObject","inLanguage":"es","@id":"https:\/\/patagoniambiental.com.ar\/info\/#\/schema\/logo\/image\/","url":"https:\/\/patagoniambiental.com.ar\/info\/wp-content\/uploads\/2025\/05\/LOGO-PATAGONIA-AMBIENTAL.png","contentUrl":"https:\/\/patagoniambiental.com.ar\/info\/wp-content\/uploads\/2025\/05\/LOGO-PATAGONIA-AMBIENTAL.png","width":433,"height":250,"caption":"Patagonia Ambiental"},"image":{"@id":"https:\/\/patagoniambiental.com.ar\/info\/#\/schema\/logo\/image\/"},"sameAs":["https:\/\/www.facebook.com\/patagonia.ambiental","https:\/\/x.com\/PatAmb"]},{"@type":"Person","@id":"https:\/\/patagoniambiental.com.ar\/info\/#\/schema\/person\/e5af09d700b2e82cb10c6b8800e0c691","name":"BRAIAN ESTEVEZ","sameAs":["http:\/\/www.patagoniambiental.com.ar"]}]}},"_links":{"self":[{"href":"https:\/\/patagoniambiental.com.ar\/info\/wp-json\/wp\/v2\/posts\/76440","targetHints":{"allow":["GET"]}}],"collection":[{"href":"https:\/\/patagoniambiental.com.ar\/info\/wp-json\/wp\/v2\/posts"}],"about":[{"href":"https:\/\/patagoniambiental.com.ar\/info\/wp-json\/wp\/v2\/types\/post"}],"author":[{"embeddable":true,"href":"https:\/\/patagoniambiental.com.ar\/info\/wp-json\/wp\/v2\/users\/6"}],"replies":[{"embeddable":true,"href":"https:\/\/patagoniambiental.com.ar\/info\/wp-json\/wp\/v2\/comments?post=76440"}],"version-history":[{"count":0,"href":"https:\/\/patagoniambiental.com.ar\/info\/wp-json\/wp\/v2\/posts\/76440\/revisions"}],"wp:featuredmedia":[{"embeddable":true,"href":"https:\/\/patagoniambiental.com.ar\/info\/wp-json\/wp\/v2\/media\/76441"}],"wp:attachment":[{"href":"https:\/\/patagoniambiental.com.ar\/info\/wp-json\/wp\/v2\/media?parent=76440"}],"wp:term":[{"taxonomy":"category","embeddable":true,"href":"https:\/\/patagoniambiental.com.ar\/info\/wp-json\/wp\/v2\/categories?post=76440"},{"taxonomy":"post_tag","embeddable":true,"href":"https:\/\/patagoniambiental.com.ar\/info\/wp-json\/wp\/v2\/tags?post=76440"}],"curies":[{"name":"wp","href":"https:\/\/api.w.org\/{rel}","templated":true}]}}