{"id":76443,"date":"2022-10-10T07:00:00","date_gmt":"2022-10-10T10:00:00","guid":{"rendered":"http:\/\/patagoniambiental.com.ar\/info\/?p=76443"},"modified":"2022-10-07T00:42:43","modified_gmt":"2022-10-07T03:42:43","slug":"para-esta-gestion-la-defensa-del-ambiente-es-soberania","status":"publish","type":"post","link":"https:\/\/patagoniambiental.com.ar\/info\/para-esta-gestion-la-defensa-del-ambiente-es-soberania\/","title":{"rendered":"\u201cPara esta gesti\u00f3n la defensa del Ambiente es Soberan\u00eda\u201d"},"content":{"rendered":"\n<!--more-->\n\n\n\n<p>Lo asegur\u00f3 el Gobernador de Tierra del Fuego en la apertura del Consejo Federal de Medio Ambiente. Resalt\u00f3 el acompa\u00f1amiento del Gobierno Nacional en \u201ctodas las pol\u00edticas p\u00fablicas que implican desarrollo para la provincia y el pa\u00eds\u201d.&nbsp;<br>El Gobernador Gustavo Melella encabez\u00f3 el acto de apertura del Consejo Federal de Medio Ambiente donde destac\u00f3 que \u201cpara esta gesti\u00f3n la defensa del ambiente es soberan\u00eda\u201d. El mandatario estuvo acompa\u00f1ado por el ministro de Ambiente y Desarrollo Sostenible de Naci\u00f3n, Juan Cabandi\u00e9; el Presidente del COFEMA, Santiago Azulay&nbsp; y la secretaria de Ambiente de la Provincia, Eugenia \u00c1lvarez.<br><br>En ese sentido, Melella consider\u00f3 que \u201ces importante que en este proceso de recuperaci\u00f3n econ\u00f3mica, sepamos c\u00f3mo buscar ese equilibrio entre el desarrollo y el ambiente\u201d. A su vez, subray\u00f3 que \u201chay un prejuicio que el ambiente es la traba ante el desarrollo de alg\u00fan proyecto, por eso es clave el trabajo que tiene cada uno y una de ustedes\u201d, insistiendo que \u201cel ambiente es una oportunidad\u201d.<br><br>Por su parte, el Ministro de Naci\u00f3n, Juan Cabandi\u00e9 resalt\u00f3 la importancia del COFEMA, entendiendo que \u201ces el \u00e1mbito propicio para debatir la agenda federal de ambiente, tenemos una visi\u00f3n de pol\u00edticas p\u00fablicas que sea acorde a las distintas posiciones que tiene nuestro extenso y rico pa\u00eds\u201d.<br><br>\u201cLa agenda ambiental es una agenda geopol\u00edtica; de los Presidentes; de los encuentros internacionales; de compromisos y obligaciones, por eso queremos llevar nuestra postura, entendiendo la necesidad de exigir al mundo que financie la transici\u00f3n ecol\u00f3gica\u201d ponder\u00f3 Cabandi\u00e9.<br><br>Durante la apertura del Consejo Federal Medio Ambiente, el Gobierno de la Provincia rubric\u00f3 dos acuerdos con el Ministerio de Ambiente y Desarrollo Sostenible, referidos a la adquisici\u00f3n de equipamiento, insumos y contrataci\u00f3n de obras mediante el Fondo Nacional de Manejo de Fuego.<br><br>La secretaria de Ambiente, Eugenia \u00c1lvarez precis\u00f3 que \u00abhemos tenido -en esta oportunidad- la posibilidad de celebrar la firma y la subscripci\u00f3n de los dos primeros convenios espec\u00edficos, en el marco del convenio general que se firm\u00f3 hace algunas semanas para la transferencia del equipamiento y fortalecimiento de las jurisdicciones provinciales en materia de prevenci\u00f3n de incendios forestales\u00bb.<br><br>\u00abEstos 2 primeros convenios tienen por un lado 7 millones 100 mil pesos aproximadamente para la adquisici\u00f3n de equipamiento para las brigadas y por otro lado, 73 millones de pesos, asociados a la adquisici\u00f3n de autobombas y camionetas que son realmente equipamiento muy necesario para movernos en el territorio\u00bb se\u00f1al\u00f3.<br><br>De la apertura particip\u00f3, la Secretaria de Cambio Clim\u00e1tico, Desarrollo Sostenible e Innovaci\u00f3n, Cecilia Nicolini; el subsecretario Interjurisdiccional e Interinstitucional, Nicol\u00e1s Fern\u00e1ndez; legisladores y legisladoras; secretario de Hidrocarburos, Alejandro Aguirre; ministros e integrantes del Consejo Federal de Medio Ambiente de las distintas Provincias; secretarios y subsecretarios del Ministerio de Producci\u00f3n y Ambiente.<\/p>\n\n\n\n<p>Fuente: https:\/\/www.notitdf.com\/archivo\/48747\/para-esta-gestion-la-defensa-del-ambiente-es-soberania\/<a href=\"https:\/\/www.notitdf.com\/media\/news\/b1b9b48f-a6cc-4a82-80c9-a9087950d5e1.jpg\"><\/a><\/p>\n","protected":false},"excerpt":{"rendered":"","protected":false},"author":6,"featured_media":76444,"comment_status":"open","ping_status":"open","sticky":false,"template":"","format":"standard","meta":{"site-sidebar-layout":"default","site-content-layout":"","ast-site-content-layout":"default","site-content-style":"default","site-sidebar-style":"default","ast-global-header-display":"","ast-banner-title-visibility":"","ast-main-header-display":"","ast-hfb-above-header-display":"","ast-hfb-below-header-display":"","ast-hfb-mobile-header-display":"","site-post-title":"","ast-breadcrumbs-content":"","ast-featured-img":"","footer-sml-layout":"","ast-disable-related-posts":"","theme-transparent-header-meta":"","adv-header-id-meta":"","stick-header-meta":"","header-above-stick-meta":"","header-main-stick-meta":"","header-below-stick-meta":"","astra-migrate-meta-layouts":"default","ast-page-background-enabled":"default","ast-page-background-meta":{"desktop":{"background-color":"var(--ast-global-color-5)","background-image":"","background-repeat":"repeat","background-position":"center center","background-size":"auto","background-attachment":"scroll","background-type":"","background-media":"","overlay-type":"","overlay-color":"","overlay-opacity":"","overlay-gradient":""},"tablet":{"background-color":"","background-image":"","background-repeat":"repeat","background-position":"center center","background-size":"auto","background-attachment":"scroll","background-type":"","background-media":"","overlay-type":"","overlay-color":"","overlay-opacity":"","overlay-gradient":""},"mobile":{"background-color":"","background-image":"","background-repeat":"repeat","background-position":"center center","background-size":"auto","background-attachment":"scroll","background-type":"","background-media":"","overlay-type":"","overlay-color":"","overlay-opacity":"","overlay-gradient":""}},"ast-content-background-meta":{"desktop":{"background-color":"var(--ast-global-color-4)","background-image":"","background-repeat":"repeat","background-position":"center center","background-size":"auto","background-attachment":"scroll","background-type":"","background-media":"","overlay-type":"","overlay-color":"","overlay-opacity":"","overlay-gradient":""},"tablet":{"background-color":"var(--ast-global-color-4)","background-image":"","background-repeat":"repeat","background-position":"center center","background-size":"auto","background-attachment":"scroll","background-type":"","background-media":"","overlay-type":"","overlay-color":"","overlay-opacity":"","overlay-gradient":""},"mobile":{"background-color":"var(--ast-global-color-4)","background-image":"","background-repeat":"repeat","background-position":"center center","background-size":"auto","background-attachment":"scroll","background-type":"","background-media":"","overlay-type":"","overlay-color":"","overlay-opacity":"","overlay-gradient":""}},"footnotes":""},"categories":[1],"tags":[],"class_list":["post-76443","post","type-post","status-publish","format-standard","has-post-thumbnail","hentry","category-noticias"],"yoast_head":"<!-- This site is optimized with the Yoast SEO Premium plugin v23.0 (Yoast SEO v27.4) - https:\/\/yoast.com\/product\/yoast-seo-premium-wordpress\/ -->\n<title>\u201cPara esta gesti\u00f3n la defensa del Ambiente es Soberan\u00eda\u201d<\/title>\n<meta name=\"robots\" content=\"index, follow, max-snippet:-1, max-image-preview:large, max-video-preview:-1\" \/>\n<link rel=\"canonical\" href=\"https:\/\/patagoniambiental.com.ar\/info\/para-esta-gestion-la-defensa-del-ambiente-es-soberania\/\" \/>\n<meta property=\"og:locale\" content=\"es_ES\" \/>\n<meta property=\"og:type\" content=\"article\" \/>\n<meta property=\"og:title\" content=\"\u201cPara esta gesti\u00f3n la defensa del Ambiente es Soberan\u00eda\u201d\" \/>\n<meta property=\"og:url\" content=\"https:\/\/patagoniambiental.com.ar\/info\/para-esta-gestion-la-defensa-del-ambiente-es-soberania\/\" \/>\n<meta property=\"og:site_name\" content=\"Patagonia Ambiental\" \/>\n<meta property=\"article:publisher\" content=\"https:\/\/www.facebook.com\/patagonia.ambiental\" \/>\n<meta property=\"article:published_time\" content=\"2022-10-10T10:00:00+00:00\" \/>\n<meta property=\"og:image\" content=\"https:\/\/patagoniambiental.com.ar\/info\/wp-content\/uploads\/2022\/10\/b1b9b48f-a6cc-4a82-80c9-a9087950d5e1.jpg\" \/>\n\t<meta property=\"og:image:width\" content=\"1280\" \/>\n\t<meta property=\"og:image:height\" content=\"853\" \/>\n\t<meta property=\"og:image:type\" content=\"image\/jpeg\" \/>\n<meta name=\"author\" content=\"BRAIAN ESTEVEZ\" \/>\n<meta name=\"twitter:card\" content=\"summary_large_image\" \/>\n<meta name=\"twitter:creator\" content=\"@PatAmb\" \/>\n<meta name=\"twitter:site\" content=\"@PatAmb\" \/>\n<script type=\"application\/ld+json\" class=\"yoast-schema-graph\">{\"@context\":\"https:\\\/\\\/schema.org\",\"@graph\":[{\"@type\":\"Article\",\"@id\":\"https:\\\/\\\/patagoniambiental.com.ar\\\/info\\\/para-esta-gestion-la-defensa-del-ambiente-es-soberania\\\/#article\",\"isPartOf\":{\"@id\":\"https:\\\/\\\/patagoniambiental.com.ar\\\/info\\\/para-esta-gestion-la-defensa-del-ambiente-es-soberania\\\/\"},\"author\":{\"name\":\"BRAIAN ESTEVEZ\",\"@id\":\"https:\\\/\\\/patagoniambiental.com.ar\\\/info\\\/#\\\/schema\\\/person\\\/e5af09d700b2e82cb10c6b8800e0c691\"},\"headline\":\"\u201cPara esta gesti\u00f3n la defensa del Ambiente es Soberan\u00eda\u201d\",\"datePublished\":\"2022-10-10T10:00:00+00:00\",\"mainEntityOfPage\":{\"@id\":\"https:\\\/\\\/patagoniambiental.com.ar\\\/info\\\/para-esta-gestion-la-defensa-del-ambiente-es-soberania\\\/\"},\"wordCount\":500,\"commentCount\":0,\"publisher\":{\"@id\":\"https:\\\/\\\/patagoniambiental.com.ar\\\/info\\\/#organization\"},\"image\":{\"@id\":\"https:\\\/\\\/patagoniambiental.com.ar\\\/info\\\/para-esta-gestion-la-defensa-del-ambiente-es-soberania\\\/#primaryimage\"},\"thumbnailUrl\":\"https:\\\/\\\/patagoniambiental.com.ar\\\/info\\\/wp-content\\\/uploads\\\/2022\\\/10\\\/b1b9b48f-a6cc-4a82-80c9-a9087950d5e1.jpg\",\"articleSection\":[\"Noticias\"],\"inLanguage\":\"es\",\"potentialAction\":[{\"@type\":\"CommentAction\",\"name\":\"Comment\",\"target\":[\"https:\\\/\\\/patagoniambiental.com.ar\\\/info\\\/para-esta-gestion-la-defensa-del-ambiente-es-soberania\\\/#respond\"]}]},{\"@type\":\"WebPage\",\"@id\":\"https:\\\/\\\/patagoniambiental.com.ar\\\/info\\\/para-esta-gestion-la-defensa-del-ambiente-es-soberania\\\/\",\"url\":\"https:\\\/\\\/patagoniambiental.com.ar\\\/info\\\/para-esta-gestion-la-defensa-del-ambiente-es-soberania\\\/\",\"name\":\"\u201cPara esta gesti\u00f3n la defensa del Ambiente es Soberan\u00eda\u201d\",\"isPartOf\":{\"@id\":\"https:\\\/\\\/patagoniambiental.com.ar\\\/info\\\/#website\"},\"primaryImageOfPage\":{\"@id\":\"https:\\\/\\\/patagoniambiental.com.ar\\\/info\\\/para-esta-gestion-la-defensa-del-ambiente-es-soberania\\\/#primaryimage\"},\"image\":{\"@id\":\"https:\\\/\\\/patagoniambiental.com.ar\\\/info\\\/para-esta-gestion-la-defensa-del-ambiente-es-soberania\\\/#primaryimage\"},\"thumbnailUrl\":\"https:\\\/\\\/patagoniambiental.com.ar\\\/info\\\/wp-content\\\/uploads\\\/2022\\\/10\\\/b1b9b48f-a6cc-4a82-80c9-a9087950d5e1.jpg\",\"datePublished\":\"2022-10-10T10:00:00+00:00\",\"breadcrumb\":{\"@id\":\"https:\\\/\\\/patagoniambiental.com.ar\\\/info\\\/para-esta-gestion-la-defensa-del-ambiente-es-soberania\\\/#breadcrumb\"},\"inLanguage\":\"es\",\"potentialAction\":[{\"@type\":\"ReadAction\",\"target\":[\"https:\\\/\\\/patagoniambiental.com.ar\\\/info\\\/para-esta-gestion-la-defensa-del-ambiente-es-soberania\\\/\"]}]},{\"@type\":\"ImageObject\",\"inLanguage\":\"es\",\"@id\":\"https:\\\/\\\/patagoniambiental.com.ar\\\/info\\\/para-esta-gestion-la-defensa-del-ambiente-es-soberania\\\/#primaryimage\",\"url\":\"https:\\\/\\\/patagoniambiental.com.ar\\\/info\\\/wp-content\\\/uploads\\\/2022\\\/10\\\/b1b9b48f-a6cc-4a82-80c9-a9087950d5e1.jpg\",\"contentUrl\":\"https:\\\/\\\/patagoniambiental.com.ar\\\/info\\\/wp-content\\\/uploads\\\/2022\\\/10\\\/b1b9b48f-a6cc-4a82-80c9-a9087950d5e1.jpg\",\"width\":900,\"height\":600},{\"@type\":\"BreadcrumbList\",\"@id\":\"https:\\\/\\\/patagoniambiental.com.ar\\\/info\\\/para-esta-gestion-la-defensa-del-ambiente-es-soberania\\\/#breadcrumb\",\"itemListElement\":[{\"@type\":\"ListItem\",\"position\":1,\"name\":\"Inicio\",\"item\":\"https:\\\/\\\/patagoniambiental.com.ar\\\/info\\\/\"},{\"@type\":\"ListItem\",\"position\":2,\"name\":\"\u201cPara esta gesti\u00f3n la defensa del Ambiente es Soberan\u00eda\u201d\"}]},{\"@type\":\"WebSite\",\"@id\":\"https:\\\/\\\/patagoniambiental.com.ar\\\/info\\\/#website\",\"url\":\"https:\\\/\\\/patagoniambiental.com.ar\\\/info\\\/\",\"name\":\"Patagonia Ambiental\",\"description\":\"Monitoreo y an\u00e1lisis de la situaci\u00f3n geopol\u00edtica en el mundo y su implicancia en la Patagonia\",\"publisher\":{\"@id\":\"https:\\\/\\\/patagoniambiental.com.ar\\\/info\\\/#organization\"},\"potentialAction\":[{\"@type\":\"SearchAction\",\"target\":{\"@type\":\"EntryPoint\",\"urlTemplate\":\"https:\\\/\\\/patagoniambiental.com.ar\\\/info\\\/?s={search_term_string}\"},\"query-input\":{\"@type\":\"PropertyValueSpecification\",\"valueRequired\":true,\"valueName\":\"search_term_string\"}}],\"inLanguage\":\"es\"},{\"@type\":\"Organization\",\"@id\":\"https:\\\/\\\/patagoniambiental.com.ar\\\/info\\\/#organization\",\"name\":\"Patagonia Ambiental\",\"url\":\"https:\\\/\\\/patagoniambiental.com.ar\\\/info\\\/\",\"logo\":{\"@type\":\"ImageObject\",\"inLanguage\":\"es\",\"@id\":\"https:\\\/\\\/patagoniambiental.com.ar\\\/info\\\/#\\\/schema\\\/logo\\\/image\\\/\",\"url\":\"https:\\\/\\\/patagoniambiental.com.ar\\\/info\\\/wp-content\\\/uploads\\\/2025\\\/05\\\/LOGO-PATAGONIA-AMBIENTAL.png\",\"contentUrl\":\"https:\\\/\\\/patagoniambiental.com.ar\\\/info\\\/wp-content\\\/uploads\\\/2025\\\/05\\\/LOGO-PATAGONIA-AMBIENTAL.png\",\"width\":433,\"height\":250,\"caption\":\"Patagonia Ambiental\"},\"image\":{\"@id\":\"https:\\\/\\\/patagoniambiental.com.ar\\\/info\\\/#\\\/schema\\\/logo\\\/image\\\/\"},\"sameAs\":[\"https:\\\/\\\/www.facebook.com\\\/patagonia.ambiental\",\"https:\\\/\\\/x.com\\\/PatAmb\"]},{\"@type\":\"Person\",\"@id\":\"https:\\\/\\\/patagoniambiental.com.ar\\\/info\\\/#\\\/schema\\\/person\\\/e5af09d700b2e82cb10c6b8800e0c691\",\"name\":\"BRAIAN ESTEVEZ\",\"sameAs\":[\"http:\\\/\\\/www.patagoniambiental.com.ar\"]}]}<\/script>\n<!-- \/ Yoast SEO Premium plugin. -->","yoast_head_json":{"title":"\u201cPara esta gesti\u00f3n la defensa del Ambiente es Soberan\u00eda\u201d","robots":{"index":"index","follow":"follow","max-snippet":"max-snippet:-1","max-image-preview":"max-image-preview:large","max-video-preview":"max-video-preview:-1"},"canonical":"https:\/\/patagoniambiental.com.ar\/info\/para-esta-gestion-la-defensa-del-ambiente-es-soberania\/","og_locale":"es_ES","og_type":"article","og_title":"\u201cPara esta gesti\u00f3n la defensa del Ambiente es Soberan\u00eda\u201d","og_url":"https:\/\/patagoniambiental.com.ar\/info\/para-esta-gestion-la-defensa-del-ambiente-es-soberania\/","og_site_name":"Patagonia Ambiental","article_publisher":"https:\/\/www.facebook.com\/patagonia.ambiental","article_published_time":"2022-10-10T10:00:00+00:00","og_image":[{"width":1280,"height":853,"url":"https:\/\/patagoniambiental.com.ar\/info\/wp-content\/uploads\/2022\/10\/b1b9b48f-a6cc-4a82-80c9-a9087950d5e1.jpg","type":"image\/jpeg"}],"author":"BRAIAN ESTEVEZ","twitter_card":"summary_large_image","twitter_creator":"@PatAmb","twitter_site":"@PatAmb","schema":{"@context":"https:\/\/schema.org","@graph":[{"@type":"Article","@id":"https:\/\/patagoniambiental.com.ar\/info\/para-esta-gestion-la-defensa-del-ambiente-es-soberania\/#article","isPartOf":{"@id":"https:\/\/patagoniambiental.com.ar\/info\/para-esta-gestion-la-defensa-del-ambiente-es-soberania\/"},"author":{"name":"BRAIAN ESTEVEZ","@id":"https:\/\/patagoniambiental.com.ar\/info\/#\/schema\/person\/e5af09d700b2e82cb10c6b8800e0c691"},"headline":"\u201cPara esta gesti\u00f3n la defensa del Ambiente es Soberan\u00eda\u201d","datePublished":"2022-10-10T10:00:00+00:00","mainEntityOfPage":{"@id":"https:\/\/patagoniambiental.com.ar\/info\/para-esta-gestion-la-defensa-del-ambiente-es-soberania\/"},"wordCount":500,"commentCount":0,"publisher":{"@id":"https:\/\/patagoniambiental.com.ar\/info\/#organization"},"image":{"@id":"https:\/\/patagoniambiental.com.ar\/info\/para-esta-gestion-la-defensa-del-ambiente-es-soberania\/#primaryimage"},"thumbnailUrl":"https:\/\/patagoniambiental.com.ar\/info\/wp-content\/uploads\/2022\/10\/b1b9b48f-a6cc-4a82-80c9-a9087950d5e1.jpg","articleSection":["Noticias"],"inLanguage":"es","potentialAction":[{"@type":"CommentAction","name":"Comment","target":["https:\/\/patagoniambiental.com.ar\/info\/para-esta-gestion-la-defensa-del-ambiente-es-soberania\/#respond"]}]},{"@type":"WebPage","@id":"https:\/\/patagoniambiental.com.ar\/info\/para-esta-gestion-la-defensa-del-ambiente-es-soberania\/","url":"https:\/\/patagoniambiental.com.ar\/info\/para-esta-gestion-la-defensa-del-ambiente-es-soberania\/","name":"\u201cPara esta gesti\u00f3n la defensa del Ambiente es Soberan\u00eda\u201d","isPartOf":{"@id":"https:\/\/patagoniambiental.com.ar\/info\/#website"},"primaryImageOfPage":{"@id":"https:\/\/patagoniambiental.com.ar\/info\/para-esta-gestion-la-defensa-del-ambiente-es-soberania\/#primaryimage"},"image":{"@id":"https:\/\/patagoniambiental.com.ar\/info\/para-esta-gestion-la-defensa-del-ambiente-es-soberania\/#primaryimage"},"thumbnailUrl":"https:\/\/patagoniambiental.com.ar\/info\/wp-content\/uploads\/2022\/10\/b1b9b48f-a6cc-4a82-80c9-a9087950d5e1.jpg","datePublished":"2022-10-10T10:00:00+00:00","breadcrumb":{"@id":"https:\/\/patagoniambiental.com.ar\/info\/para-esta-gestion-la-defensa-del-ambiente-es-soberania\/#breadcrumb"},"inLanguage":"es","potentialAction":[{"@type":"ReadAction","target":["https:\/\/patagoniambiental.com.ar\/info\/para-esta-gestion-la-defensa-del-ambiente-es-soberania\/"]}]},{"@type":"ImageObject","inLanguage":"es","@id":"https:\/\/patagoniambiental.com.ar\/info\/para-esta-gestion-la-defensa-del-ambiente-es-soberania\/#primaryimage","url":"https:\/\/patagoniambiental.com.ar\/info\/wp-content\/uploads\/2022\/10\/b1b9b48f-a6cc-4a82-80c9-a9087950d5e1.jpg","contentUrl":"https:\/\/patagoniambiental.com.ar\/info\/wp-content\/uploads\/2022\/10\/b1b9b48f-a6cc-4a82-80c9-a9087950d5e1.jpg","width":900,"height":600},{"@type":"BreadcrumbList","@id":"https:\/\/patagoniambiental.com.ar\/info\/para-esta-gestion-la-defensa-del-ambiente-es-soberania\/#breadcrumb","itemListElement":[{"@type":"ListItem","position":1,"name":"Inicio","item":"https:\/\/patagoniambiental.com.ar\/info\/"},{"@type":"ListItem","position":2,"name":"\u201cPara esta gesti\u00f3n la defensa del Ambiente es Soberan\u00eda\u201d"}]},{"@type":"WebSite","@id":"https:\/\/patagoniambiental.com.ar\/info\/#website","url":"https:\/\/patagoniambiental.com.ar\/info\/","name":"Patagonia Ambiental","description":"Monitoreo y an\u00e1lisis de la situaci\u00f3n geopol\u00edtica en el mundo y su implicancia en la Patagonia","publisher":{"@id":"https:\/\/patagoniambiental.com.ar\/info\/#organization"},"potentialAction":[{"@type":"SearchAction","target":{"@type":"EntryPoint","urlTemplate":"https:\/\/patagoniambiental.com.ar\/info\/?s={search_term_string}"},"query-input":{"@type":"PropertyValueSpecification","valueRequired":true,"valueName":"search_term_string"}}],"inLanguage":"es"},{"@type":"Organization","@id":"https:\/\/patagoniambiental.com.ar\/info\/#organization","name":"Patagonia Ambiental","url":"https:\/\/patagoniambiental.com.ar\/info\/","logo":{"@type":"ImageObject","inLanguage":"es","@id":"https:\/\/patagoniambiental.com.ar\/info\/#\/schema\/logo\/image\/","url":"https:\/\/patagoniambiental.com.ar\/info\/wp-content\/uploads\/2025\/05\/LOGO-PATAGONIA-AMBIENTAL.png","contentUrl":"https:\/\/patagoniambiental.com.ar\/info\/wp-content\/uploads\/2025\/05\/LOGO-PATAGONIA-AMBIENTAL.png","width":433,"height":250,"caption":"Patagonia Ambiental"},"image":{"@id":"https:\/\/patagoniambiental.com.ar\/info\/#\/schema\/logo\/image\/"},"sameAs":["https:\/\/www.facebook.com\/patagonia.ambiental","https:\/\/x.com\/PatAmb"]},{"@type":"Person","@id":"https:\/\/patagoniambiental.com.ar\/info\/#\/schema\/person\/e5af09d700b2e82cb10c6b8800e0c691","name":"BRAIAN ESTEVEZ","sameAs":["http:\/\/www.patagoniambiental.com.ar"]}]}},"_links":{"self":[{"href":"https:\/\/patagoniambiental.com.ar\/info\/wp-json\/wp\/v2\/posts\/76443","targetHints":{"allow":["GET"]}}],"collection":[{"href":"https:\/\/patagoniambiental.com.ar\/info\/wp-json\/wp\/v2\/posts"}],"about":[{"href":"https:\/\/patagoniambiental.com.ar\/info\/wp-json\/wp\/v2\/types\/post"}],"author":[{"embeddable":true,"href":"https:\/\/patagoniambiental.com.ar\/info\/wp-json\/wp\/v2\/users\/6"}],"replies":[{"embeddable":true,"href":"https:\/\/patagoniambiental.com.ar\/info\/wp-json\/wp\/v2\/comments?post=76443"}],"version-history":[{"count":0,"href":"https:\/\/patagoniambiental.com.ar\/info\/wp-json\/wp\/v2\/posts\/76443\/revisions"}],"wp:featuredmedia":[{"embeddable":true,"href":"https:\/\/patagoniambiental.com.ar\/info\/wp-json\/wp\/v2\/media\/76444"}],"wp:attachment":[{"href":"https:\/\/patagoniambiental.com.ar\/info\/wp-json\/wp\/v2\/media?parent=76443"}],"wp:term":[{"taxonomy":"category","embeddable":true,"href":"https:\/\/patagoniambiental.com.ar\/info\/wp-json\/wp\/v2\/categories?post=76443"},{"taxonomy":"post_tag","embeddable":true,"href":"https:\/\/patagoniambiental.com.ar\/info\/wp-json\/wp\/v2\/tags?post=76443"}],"curies":[{"name":"wp","href":"https:\/\/api.w.org\/{rel}","templated":true}]}}