{"id":76452,"date":"2022-10-20T07:00:00","date_gmt":"2022-10-20T10:00:00","guid":{"rendered":"http:\/\/patagoniambiental.com.ar\/info\/?p=76452"},"modified":"2022-10-07T00:53:53","modified_gmt":"2022-10-07T03:53:53","slug":"con-vision-bicontinental-el-inta-crea-una-estacion-experimental-en-tierra-del-fuego","status":"publish","type":"post","link":"https:\/\/patagoniambiental.com.ar\/info\/con-vision-bicontinental-el-inta-crea-una-estacion-experimental-en-tierra-del-fuego\/","title":{"rendered":"Con visi\u00f3n bicontinental, el INTA crea una estaci\u00f3n experimental en Tierra del Fuego"},"content":{"rendered":"\n<!--more-->\n\n\n\n<p>Ubicada en el rinc\u00f3n m\u00e1s austral del pa\u00eds, la nueva unidad del Instituto permitir\u00e1 la investigaci\u00f3n aplicada y la experimentaci\u00f3n con una visi\u00f3n bicontinental. La creaci\u00f3n fue aprobada por el Consejo Directivo del organismo.<\/p>\n\n\n\n<p>Con una preponderante visi\u00f3n bicontinental, el Consejo Directivo del INTA aprob\u00f3 la creaci\u00f3n de la nueva Estaci\u00f3n Experimental Agropecuaria Tierra del Fuego. Ubicada en el rinc\u00f3n m\u00e1s austral del pa\u00eds, sus acciones bregar\u00e1n por fortalecer la soberan\u00eda y seguridad alimentaria de la regi\u00f3n, un trabajo articulado con gobiernos provinciales y municipales junto con otras instituciones.<\/p>\n\n\n\n<p>En este sentido, Mariano Garmendia, presidente del INTA, se\u00f1al\u00f3 que \u201cel objetivo es trabajar con toda la regi\u00f3n de una manera integral para articular y generar l\u00edneas de investigaci\u00f3n y trabajo vinculadas a la Ant\u00e1rtida, Islas Malvinas y la provincia de Tierra del Fuego\u201d.<\/p>\n\n\n\n<p>De acuerdo con el nuevo mapa geogr\u00e1fico nacional, Ushuaia se convierte en el centro del pa\u00eds con una fuerte identidad bicontinental que reivindica la soberan\u00eda sobre nuevos espacios. \u201cLa nueva Estaci\u00f3n Experimental Agropecuaria tendr\u00e1 un \u00e1rea abocada al estudio del rol bicontinental de la isla; deber\u00e1 trabajar en conjunto con el Comando Ant\u00e1rtico y con los laboratorios que est\u00e1n en las nueve bases argentinas en la Ant\u00e1rtida\u201d, agreg\u00f3 Garmendia.<\/p>\n\n\n\n<figure class=\"wp-block-image\"><a href=\"http:\/\/todolactea.com.ar\/lecheria\/macho-holando\/\" target=\"_blank\" rel=\"noreferrer noopener\"><img decoding=\"async\" src=\"https:\/\/www.todoagro.com.ar\/wp-content\/uploads\/2022\/09\/macho-holando-336x280-1.gif\" alt=\"\"\/><\/a><\/figure>\n\n\n\n<p>Adem\u00e1s, adelant\u00f3 que el programa de trabajo ser\u00e1 presentado en 90 d\u00edas, ocasi\u00f3n en la que se conocer\u00e1 m\u00e1s en detalle la conformaci\u00f3n de la nueva estaci\u00f3n experimental.<\/p>\n\n\n\n<p>Nicol\u00e1s Ciano, director del Centro Regional Patagonia Sur del INTA, destac\u00f3: \u201cSomos el brazo t\u00e9cnico de las pol\u00edticas agropecuarias del Estado Nacional, por lo que esta nueva institucionalidad le da m\u00e1s fortaleza al INTA en el territorio y es tambi\u00e9n una representaci\u00f3n importante para los gobiernos provinciales y municipales\u201d.<\/p>\n\n\n\n<p>\u201cEl principal objetivo es colaborar con el desarrollo del sistema agroalimentario de Tierra del Fuego\u201d, expres\u00f3 Ciano. Y agreg\u00f3 que \u201cdesde el INTA trabajamos de manera articulada con los sectores vinculados a la ganader\u00eda, a los recursos naturales y a la producci\u00f3n de alimentos frescos, importantes para el desarrollo del territorio\u201d.<\/p>\n\n\n\n<p>Los alimentos patag\u00f3nicos contienen un importante valor agregado dado por su calidad, inocuidad y su producci\u00f3n en armon\u00eda con el ambiente. Enrique Livraghi, coordinador territorial del INTA Ushuaia -Tierra del Fuego-, remarc\u00f3 que \u201clas caracter\u00edsticas de la isla son \u00fanicas y requieren un abordaje espec\u00edfico, el INTA tiene mucho para dar en ese sentido\u201d.<\/p>\n\n\n\n<p>De esta manera, Livraghi destac\u00f3 que al ser una isla ubicada en un lugar remoto necesita trabajar sobre la soberan\u00eda y seguridad alimentaria. Y agreg\u00f3: \u201cQue Tierra del Fuego logre abastecerse de sus propios alimentos significa tambi\u00e9n generar m\u00e1s puestos de trabajo y aportar al desarrollo de la provincia y la regi\u00f3n\u201d.<\/p>\n\n\n\n<p>\u201cSiempre es una buena noticia que el INTA crezca en alg\u00fan lugar del pa\u00eds\u201d, sostuvo Livraghi y agreg\u00f3: \u201cEstamos contentos, no solo los trabajadores del INTA, sino tambi\u00e9n toda la comunidad\u201d.<\/p>\n\n\n\n<p>La creaci\u00f3n de esta estaci\u00f3n experimental agropecuaria es la continuidad de un proceso de trabajo conjunto con otras instituciones. \u201cTrabajar con todos los actores del territorio, con una visi\u00f3n com\u00fan, es esencial para lograr un verdadero desarrollo que contribuya a que nuestra provincia bicontinental encuentre definitivamente su rumbo, su raz\u00f3n de ser\u201d, concluy\u00f3 el t\u00e9cnico.<\/p>\n\n\n\n<p>Fuente: https:\/\/www.todoagro.com.ar\/con-vision-bicontinental-el-inta-crea-una-estacion-experimental-en-tierra-del-fuego\/<\/p>\n","protected":false},"excerpt":{"rendered":"","protected":false},"author":6,"featured_media":76453,"comment_status":"open","ping_status":"open","sticky":false,"template":"","format":"standard","meta":{"site-sidebar-layout":"default","site-content-layout":"","ast-site-content-layout":"default","site-content-style":"default","site-sidebar-style":"default","ast-global-header-display":"","ast-banner-title-visibility":"","ast-main-header-display":"","ast-hfb-above-header-display":"","ast-hfb-below-header-display":"","ast-hfb-mobile-header-display":"","site-post-title":"","ast-breadcrumbs-content":"","ast-featured-img":"","footer-sml-layout":"","ast-disable-related-posts":"","theme-transparent-header-meta":"","adv-header-id-meta":"","stick-header-meta":"","header-above-stick-meta":"","header-main-stick-meta":"","header-below-stick-meta":"","astra-migrate-meta-layouts":"default","ast-page-background-enabled":"default","ast-page-background-meta":{"desktop":{"background-color":"var(--ast-global-color-5)","background-image":"","background-repeat":"repeat","background-position":"center center","background-size":"auto","background-attachment":"scroll","background-type":"","background-media":"","overlay-type":"","overlay-color":"","overlay-opacity":"","overlay-gradient":""},"tablet":{"background-color":"","background-image":"","background-repeat":"repeat","background-position":"center center","background-size":"auto","background-attachment":"scroll","background-type":"","background-media":"","overlay-type":"","overlay-color":"","overlay-opacity":"","overlay-gradient":""},"mobile":{"background-color":"","background-image":"","background-repeat":"repeat","background-position":"center center","background-size":"auto","background-attachment":"scroll","background-type":"","background-media":"","overlay-type":"","overlay-color":"","overlay-opacity":"","overlay-gradient":""}},"ast-content-background-meta":{"desktop":{"background-color":"var(--ast-global-color-4)","background-image":"","background-repeat":"repeat","background-position":"center center","background-size":"auto","background-attachment":"scroll","background-type":"","background-media":"","overlay-type":"","overlay-color":"","overlay-opacity":"","overlay-gradient":""},"tablet":{"background-color":"var(--ast-global-color-4)","background-image":"","background-repeat":"repeat","background-position":"center center","background-size":"auto","background-attachment":"scroll","background-type":"","background-media":"","overlay-type":"","overlay-color":"","overlay-opacity":"","overlay-gradient":""},"mobile":{"background-color":"var(--ast-global-color-4)","background-image":"","background-repeat":"repeat","background-position":"center center","background-size":"auto","background-attachment":"scroll","background-type":"","background-media":"","overlay-type":"","overlay-color":"","overlay-opacity":"","overlay-gradient":""}},"footnotes":""},"categories":[11,1,13,10,25],"tags":[],"class_list":["post-76452","post","type-post","status-publish","format-standard","has-post-thumbnail","hentry","category-boletin","category-noticias","category-provinciales","category-rotador","category-tierra-del-fuego"],"yoast_head":"<!-- This site is optimized with the Yoast SEO Premium plugin v23.0 (Yoast SEO v27.5) - https:\/\/yoast.com\/product\/yoast-seo-premium-wordpress\/ -->\n<title>Con visi\u00f3n bicontinental, el INTA crea una estaci\u00f3n experimental en Tierra del Fuego<\/title>\n<meta name=\"robots\" content=\"index, follow, max-snippet:-1, max-image-preview:large, max-video-preview:-1\" \/>\n<link rel=\"canonical\" href=\"https:\/\/patagoniambiental.com.ar\/info\/con-vision-bicontinental-el-inta-crea-una-estacion-experimental-en-tierra-del-fuego\/\" \/>\n<meta property=\"og:locale\" content=\"es_ES\" \/>\n<meta property=\"og:type\" content=\"article\" \/>\n<meta property=\"og:title\" content=\"Con visi\u00f3n bicontinental, el INTA crea una estaci\u00f3n experimental en Tierra del Fuego\" \/>\n<meta property=\"og:url\" content=\"https:\/\/patagoniambiental.com.ar\/info\/con-vision-bicontinental-el-inta-crea-una-estacion-experimental-en-tierra-del-fuego\/\" \/>\n<meta property=\"og:site_name\" content=\"Patagonia Ambiental\" \/>\n<meta property=\"article:publisher\" content=\"https:\/\/www.facebook.com\/patagonia.ambiental\" \/>\n<meta property=\"article:published_time\" content=\"2022-10-20T10:00:00+00:00\" \/>\n<meta property=\"og:image\" content=\"https:\/\/patagoniambiental.com.ar\/info\/wp-content\/uploads\/2022\/10\/inta-imagen.jpg\" \/>\n\t<meta property=\"og:image:width\" content=\"1024\" \/>\n\t<meta property=\"og:image:height\" content=\"576\" \/>\n\t<meta property=\"og:image:type\" content=\"image\/jpeg\" \/>\n<meta name=\"author\" content=\"BRAIAN ESTEVEZ\" \/>\n<meta name=\"twitter:card\" content=\"summary_large_image\" \/>\n<meta name=\"twitter:creator\" content=\"@PatAmb\" \/>\n<meta name=\"twitter:site\" content=\"@PatAmb\" \/>\n<script type=\"application\/ld+json\" class=\"yoast-schema-graph\">{\"@context\":\"https:\\\/\\\/schema.org\",\"@graph\":[{\"@type\":\"Article\",\"@id\":\"https:\\\/\\\/patagoniambiental.com.ar\\\/info\\\/con-vision-bicontinental-el-inta-crea-una-estacion-experimental-en-tierra-del-fuego\\\/#article\",\"isPartOf\":{\"@id\":\"https:\\\/\\\/patagoniambiental.com.ar\\\/info\\\/con-vision-bicontinental-el-inta-crea-una-estacion-experimental-en-tierra-del-fuego\\\/\"},\"author\":{\"name\":\"BRAIAN ESTEVEZ\",\"@id\":\"https:\\\/\\\/patagoniambiental.com.ar\\\/info\\\/#\\\/schema\\\/person\\\/e5af09d700b2e82cb10c6b8800e0c691\"},\"headline\":\"Con visi\u00f3n bicontinental, el INTA crea una estaci\u00f3n experimental en Tierra del Fuego\",\"datePublished\":\"2022-10-20T10:00:00+00:00\",\"mainEntityOfPage\":{\"@id\":\"https:\\\/\\\/patagoniambiental.com.ar\\\/info\\\/con-vision-bicontinental-el-inta-crea-una-estacion-experimental-en-tierra-del-fuego\\\/\"},\"wordCount\":603,\"commentCount\":0,\"publisher\":{\"@id\":\"https:\\\/\\\/patagoniambiental.com.ar\\\/info\\\/#organization\"},\"image\":{\"@id\":\"https:\\\/\\\/patagoniambiental.com.ar\\\/info\\\/con-vision-bicontinental-el-inta-crea-una-estacion-experimental-en-tierra-del-fuego\\\/#primaryimage\"},\"thumbnailUrl\":\"https:\\\/\\\/patagoniambiental.com.ar\\\/info\\\/wp-content\\\/uploads\\\/2022\\\/10\\\/inta-imagen.jpg\",\"articleSection\":[\"Bolet\u00edn\",\"Noticias\",\"Provinciales\",\"Rotador\",\"Tierra del Fuego\"],\"inLanguage\":\"es\",\"potentialAction\":[{\"@type\":\"CommentAction\",\"name\":\"Comment\",\"target\":[\"https:\\\/\\\/patagoniambiental.com.ar\\\/info\\\/con-vision-bicontinental-el-inta-crea-una-estacion-experimental-en-tierra-del-fuego\\\/#respond\"]}]},{\"@type\":\"WebPage\",\"@id\":\"https:\\\/\\\/patagoniambiental.com.ar\\\/info\\\/con-vision-bicontinental-el-inta-crea-una-estacion-experimental-en-tierra-del-fuego\\\/\",\"url\":\"https:\\\/\\\/patagoniambiental.com.ar\\\/info\\\/con-vision-bicontinental-el-inta-crea-una-estacion-experimental-en-tierra-del-fuego\\\/\",\"name\":\"Con visi\u00f3n bicontinental, el INTA crea una estaci\u00f3n experimental en Tierra del Fuego\",\"isPartOf\":{\"@id\":\"https:\\\/\\\/patagoniambiental.com.ar\\\/info\\\/#website\"},\"primaryImageOfPage\":{\"@id\":\"https:\\\/\\\/patagoniambiental.com.ar\\\/info\\\/con-vision-bicontinental-el-inta-crea-una-estacion-experimental-en-tierra-del-fuego\\\/#primaryimage\"},\"image\":{\"@id\":\"https:\\\/\\\/patagoniambiental.com.ar\\\/info\\\/con-vision-bicontinental-el-inta-crea-una-estacion-experimental-en-tierra-del-fuego\\\/#primaryimage\"},\"thumbnailUrl\":\"https:\\\/\\\/patagoniambiental.com.ar\\\/info\\\/wp-content\\\/uploads\\\/2022\\\/10\\\/inta-imagen.jpg\",\"datePublished\":\"2022-10-20T10:00:00+00:00\",\"breadcrumb\":{\"@id\":\"https:\\\/\\\/patagoniambiental.com.ar\\\/info\\\/con-vision-bicontinental-el-inta-crea-una-estacion-experimental-en-tierra-del-fuego\\\/#breadcrumb\"},\"inLanguage\":\"es\",\"potentialAction\":[{\"@type\":\"ReadAction\",\"target\":[\"https:\\\/\\\/patagoniambiental.com.ar\\\/info\\\/con-vision-bicontinental-el-inta-crea-una-estacion-experimental-en-tierra-del-fuego\\\/\"]}]},{\"@type\":\"ImageObject\",\"inLanguage\":\"es\",\"@id\":\"https:\\\/\\\/patagoniambiental.com.ar\\\/info\\\/con-vision-bicontinental-el-inta-crea-una-estacion-experimental-en-tierra-del-fuego\\\/#primaryimage\",\"url\":\"https:\\\/\\\/patagoniambiental.com.ar\\\/info\\\/wp-content\\\/uploads\\\/2022\\\/10\\\/inta-imagen.jpg\",\"contentUrl\":\"https:\\\/\\\/patagoniambiental.com.ar\\\/info\\\/wp-content\\\/uploads\\\/2022\\\/10\\\/inta-imagen.jpg\",\"width\":1024,\"height\":576},{\"@type\":\"BreadcrumbList\",\"@id\":\"https:\\\/\\\/patagoniambiental.com.ar\\\/info\\\/con-vision-bicontinental-el-inta-crea-una-estacion-experimental-en-tierra-del-fuego\\\/#breadcrumb\",\"itemListElement\":[{\"@type\":\"ListItem\",\"position\":1,\"name\":\"Inicio\",\"item\":\"https:\\\/\\\/patagoniambiental.com.ar\\\/info\\\/\"},{\"@type\":\"ListItem\",\"position\":2,\"name\":\"Con visi\u00f3n bicontinental, el INTA crea una estaci\u00f3n experimental en Tierra del Fuego\"}]},{\"@type\":\"WebSite\",\"@id\":\"https:\\\/\\\/patagoniambiental.com.ar\\\/info\\\/#website\",\"url\":\"https:\\\/\\\/patagoniambiental.com.ar\\\/info\\\/\",\"name\":\"Patagonia Ambiental\",\"description\":\"Monitoreo y an\u00e1lisis de la situaci\u00f3n geopol\u00edtica en el mundo y su implicancia en la Patagonia\",\"publisher\":{\"@id\":\"https:\\\/\\\/patagoniambiental.com.ar\\\/info\\\/#organization\"},\"potentialAction\":[{\"@type\":\"SearchAction\",\"target\":{\"@type\":\"EntryPoint\",\"urlTemplate\":\"https:\\\/\\\/patagoniambiental.com.ar\\\/info\\\/?s={search_term_string}\"},\"query-input\":{\"@type\":\"PropertyValueSpecification\",\"valueRequired\":true,\"valueName\":\"search_term_string\"}}],\"inLanguage\":\"es\"},{\"@type\":\"Organization\",\"@id\":\"https:\\\/\\\/patagoniambiental.com.ar\\\/info\\\/#organization\",\"name\":\"Patagonia Ambiental\",\"url\":\"https:\\\/\\\/patagoniambiental.com.ar\\\/info\\\/\",\"logo\":{\"@type\":\"ImageObject\",\"inLanguage\":\"es\",\"@id\":\"https:\\\/\\\/patagoniambiental.com.ar\\\/info\\\/#\\\/schema\\\/logo\\\/image\\\/\",\"url\":\"https:\\\/\\\/patagoniambiental.com.ar\\\/info\\\/wp-content\\\/uploads\\\/2025\\\/05\\\/LOGO-PATAGONIA-AMBIENTAL.png\",\"contentUrl\":\"https:\\\/\\\/patagoniambiental.com.ar\\\/info\\\/wp-content\\\/uploads\\\/2025\\\/05\\\/LOGO-PATAGONIA-AMBIENTAL.png\",\"width\":433,\"height\":250,\"caption\":\"Patagonia Ambiental\"},\"image\":{\"@id\":\"https:\\\/\\\/patagoniambiental.com.ar\\\/info\\\/#\\\/schema\\\/logo\\\/image\\\/\"},\"sameAs\":[\"https:\\\/\\\/www.facebook.com\\\/patagonia.ambiental\",\"https:\\\/\\\/x.com\\\/PatAmb\"]},{\"@type\":\"Person\",\"@id\":\"https:\\\/\\\/patagoniambiental.com.ar\\\/info\\\/#\\\/schema\\\/person\\\/e5af09d700b2e82cb10c6b8800e0c691\",\"name\":\"BRAIAN ESTEVEZ\",\"sameAs\":[\"http:\\\/\\\/www.patagoniambiental.com.ar\"]}]}<\/script>\n<!-- \/ Yoast SEO Premium plugin. -->","yoast_head_json":{"title":"Con visi\u00f3n bicontinental, el INTA crea una estaci\u00f3n experimental en Tierra del Fuego","robots":{"index":"index","follow":"follow","max-snippet":"max-snippet:-1","max-image-preview":"max-image-preview:large","max-video-preview":"max-video-preview:-1"},"canonical":"https:\/\/patagoniambiental.com.ar\/info\/con-vision-bicontinental-el-inta-crea-una-estacion-experimental-en-tierra-del-fuego\/","og_locale":"es_ES","og_type":"article","og_title":"Con visi\u00f3n bicontinental, el INTA crea una estaci\u00f3n experimental en Tierra del Fuego","og_url":"https:\/\/patagoniambiental.com.ar\/info\/con-vision-bicontinental-el-inta-crea-una-estacion-experimental-en-tierra-del-fuego\/","og_site_name":"Patagonia Ambiental","article_publisher":"https:\/\/www.facebook.com\/patagonia.ambiental","article_published_time":"2022-10-20T10:00:00+00:00","og_image":[{"width":1024,"height":576,"url":"https:\/\/patagoniambiental.com.ar\/info\/wp-content\/uploads\/2022\/10\/inta-imagen.jpg","type":"image\/jpeg"}],"author":"BRAIAN ESTEVEZ","twitter_card":"summary_large_image","twitter_creator":"@PatAmb","twitter_site":"@PatAmb","schema":{"@context":"https:\/\/schema.org","@graph":[{"@type":"Article","@id":"https:\/\/patagoniambiental.com.ar\/info\/con-vision-bicontinental-el-inta-crea-una-estacion-experimental-en-tierra-del-fuego\/#article","isPartOf":{"@id":"https:\/\/patagoniambiental.com.ar\/info\/con-vision-bicontinental-el-inta-crea-una-estacion-experimental-en-tierra-del-fuego\/"},"author":{"name":"BRAIAN ESTEVEZ","@id":"https:\/\/patagoniambiental.com.ar\/info\/#\/schema\/person\/e5af09d700b2e82cb10c6b8800e0c691"},"headline":"Con visi\u00f3n bicontinental, el INTA crea una estaci\u00f3n experimental en Tierra del Fuego","datePublished":"2022-10-20T10:00:00+00:00","mainEntityOfPage":{"@id":"https:\/\/patagoniambiental.com.ar\/info\/con-vision-bicontinental-el-inta-crea-una-estacion-experimental-en-tierra-del-fuego\/"},"wordCount":603,"commentCount":0,"publisher":{"@id":"https:\/\/patagoniambiental.com.ar\/info\/#organization"},"image":{"@id":"https:\/\/patagoniambiental.com.ar\/info\/con-vision-bicontinental-el-inta-crea-una-estacion-experimental-en-tierra-del-fuego\/#primaryimage"},"thumbnailUrl":"https:\/\/patagoniambiental.com.ar\/info\/wp-content\/uploads\/2022\/10\/inta-imagen.jpg","articleSection":["Bolet\u00edn","Noticias","Provinciales","Rotador","Tierra del Fuego"],"inLanguage":"es","potentialAction":[{"@type":"CommentAction","name":"Comment","target":["https:\/\/patagoniambiental.com.ar\/info\/con-vision-bicontinental-el-inta-crea-una-estacion-experimental-en-tierra-del-fuego\/#respond"]}]},{"@type":"WebPage","@id":"https:\/\/patagoniambiental.com.ar\/info\/con-vision-bicontinental-el-inta-crea-una-estacion-experimental-en-tierra-del-fuego\/","url":"https:\/\/patagoniambiental.com.ar\/info\/con-vision-bicontinental-el-inta-crea-una-estacion-experimental-en-tierra-del-fuego\/","name":"Con visi\u00f3n bicontinental, el INTA crea una estaci\u00f3n experimental en Tierra del Fuego","isPartOf":{"@id":"https:\/\/patagoniambiental.com.ar\/info\/#website"},"primaryImageOfPage":{"@id":"https:\/\/patagoniambiental.com.ar\/info\/con-vision-bicontinental-el-inta-crea-una-estacion-experimental-en-tierra-del-fuego\/#primaryimage"},"image":{"@id":"https:\/\/patagoniambiental.com.ar\/info\/con-vision-bicontinental-el-inta-crea-una-estacion-experimental-en-tierra-del-fuego\/#primaryimage"},"thumbnailUrl":"https:\/\/patagoniambiental.com.ar\/info\/wp-content\/uploads\/2022\/10\/inta-imagen.jpg","datePublished":"2022-10-20T10:00:00+00:00","breadcrumb":{"@id":"https:\/\/patagoniambiental.com.ar\/info\/con-vision-bicontinental-el-inta-crea-una-estacion-experimental-en-tierra-del-fuego\/#breadcrumb"},"inLanguage":"es","potentialAction":[{"@type":"ReadAction","target":["https:\/\/patagoniambiental.com.ar\/info\/con-vision-bicontinental-el-inta-crea-una-estacion-experimental-en-tierra-del-fuego\/"]}]},{"@type":"ImageObject","inLanguage":"es","@id":"https:\/\/patagoniambiental.com.ar\/info\/con-vision-bicontinental-el-inta-crea-una-estacion-experimental-en-tierra-del-fuego\/#primaryimage","url":"https:\/\/patagoniambiental.com.ar\/info\/wp-content\/uploads\/2022\/10\/inta-imagen.jpg","contentUrl":"https:\/\/patagoniambiental.com.ar\/info\/wp-content\/uploads\/2022\/10\/inta-imagen.jpg","width":1024,"height":576},{"@type":"BreadcrumbList","@id":"https:\/\/patagoniambiental.com.ar\/info\/con-vision-bicontinental-el-inta-crea-una-estacion-experimental-en-tierra-del-fuego\/#breadcrumb","itemListElement":[{"@type":"ListItem","position":1,"name":"Inicio","item":"https:\/\/patagoniambiental.com.ar\/info\/"},{"@type":"ListItem","position":2,"name":"Con visi\u00f3n bicontinental, el INTA crea una estaci\u00f3n experimental en Tierra del Fuego"}]},{"@type":"WebSite","@id":"https:\/\/patagoniambiental.com.ar\/info\/#website","url":"https:\/\/patagoniambiental.com.ar\/info\/","name":"Patagonia Ambiental","description":"Monitoreo y an\u00e1lisis de la situaci\u00f3n geopol\u00edtica en el mundo y su implicancia en la Patagonia","publisher":{"@id":"https:\/\/patagoniambiental.com.ar\/info\/#organization"},"potentialAction":[{"@type":"SearchAction","target":{"@type":"EntryPoint","urlTemplate":"https:\/\/patagoniambiental.com.ar\/info\/?s={search_term_string}"},"query-input":{"@type":"PropertyValueSpecification","valueRequired":true,"valueName":"search_term_string"}}],"inLanguage":"es"},{"@type":"Organization","@id":"https:\/\/patagoniambiental.com.ar\/info\/#organization","name":"Patagonia Ambiental","url":"https:\/\/patagoniambiental.com.ar\/info\/","logo":{"@type":"ImageObject","inLanguage":"es","@id":"https:\/\/patagoniambiental.com.ar\/info\/#\/schema\/logo\/image\/","url":"https:\/\/patagoniambiental.com.ar\/info\/wp-content\/uploads\/2025\/05\/LOGO-PATAGONIA-AMBIENTAL.png","contentUrl":"https:\/\/patagoniambiental.com.ar\/info\/wp-content\/uploads\/2025\/05\/LOGO-PATAGONIA-AMBIENTAL.png","width":433,"height":250,"caption":"Patagonia Ambiental"},"image":{"@id":"https:\/\/patagoniambiental.com.ar\/info\/#\/schema\/logo\/image\/"},"sameAs":["https:\/\/www.facebook.com\/patagonia.ambiental","https:\/\/x.com\/PatAmb"]},{"@type":"Person","@id":"https:\/\/patagoniambiental.com.ar\/info\/#\/schema\/person\/e5af09d700b2e82cb10c6b8800e0c691","name":"BRAIAN ESTEVEZ","sameAs":["http:\/\/www.patagoniambiental.com.ar"]}]}},"_links":{"self":[{"href":"https:\/\/patagoniambiental.com.ar\/info\/wp-json\/wp\/v2\/posts\/76452","targetHints":{"allow":["GET"]}}],"collection":[{"href":"https:\/\/patagoniambiental.com.ar\/info\/wp-json\/wp\/v2\/posts"}],"about":[{"href":"https:\/\/patagoniambiental.com.ar\/info\/wp-json\/wp\/v2\/types\/post"}],"author":[{"embeddable":true,"href":"https:\/\/patagoniambiental.com.ar\/info\/wp-json\/wp\/v2\/users\/6"}],"replies":[{"embeddable":true,"href":"https:\/\/patagoniambiental.com.ar\/info\/wp-json\/wp\/v2\/comments?post=76452"}],"version-history":[{"count":0,"href":"https:\/\/patagoniambiental.com.ar\/info\/wp-json\/wp\/v2\/posts\/76452\/revisions"}],"wp:featuredmedia":[{"embeddable":true,"href":"https:\/\/patagoniambiental.com.ar\/info\/wp-json\/wp\/v2\/media\/76453"}],"wp:attachment":[{"href":"https:\/\/patagoniambiental.com.ar\/info\/wp-json\/wp\/v2\/media?parent=76452"}],"wp:term":[{"taxonomy":"category","embeddable":true,"href":"https:\/\/patagoniambiental.com.ar\/info\/wp-json\/wp\/v2\/categories?post=76452"},{"taxonomy":"post_tag","embeddable":true,"href":"https:\/\/patagoniambiental.com.ar\/info\/wp-json\/wp\/v2\/tags?post=76452"}],"curies":[{"name":"wp","href":"https:\/\/api.w.org\/{rel}","templated":true}]}}