{"id":76455,"date":"2022-10-21T07:00:00","date_gmt":"2022-10-21T10:00:00","guid":{"rendered":"http:\/\/patagoniambiental.com.ar\/info\/?p=76455"},"modified":"2022-10-07T00:58:21","modified_gmt":"2022-10-07T03:58:21","slug":"parque-fotovoltaico-estaria-en-funcionamiento-en-9-meses","status":"publish","type":"post","link":"https:\/\/patagoniambiental.com.ar\/info\/parque-fotovoltaico-estaria-en-funcionamiento-en-9-meses\/","title":{"rendered":"Parque Fotovoltaico: estar\u00eda en funcionamiento en 9 meses"},"content":{"rendered":"\n<!--more-->\n\n\n\n<p>El directorio de Pampetrol anunci\u00f3 que en nueve meses estar\u00e1 constru\u00eddo el Parque Fotovoltaico en Victorica para abastecer de energ\u00eda a 4.300 hogares pampeanos. Es el puntapi\u00e9 inicial de Pampetrol en el negocio de las energ\u00edas limpias.<\/p>\n\n\n\n<figure class=\"wp-block-embed is-type-rich is-provider-gestor-del-servicio wp-block-embed-gestor-del-servicio wp-embed-aspect-16-9 wp-has-aspect-ratio\"><div class=\"wp-block-embed__wrapper\">\nhttps:\/\/youtube.com\/watch?v=IOg4i30eEmc\n<\/div><\/figure>\n\n\n\n<p>El anuncio fue realizado por la presidente del directorio Mar\u00eda de los \u00c1ngeles Roveda, el director Hugo P\u00e9rez y la gerenta de Nuevos Negocios, Laura Giumelli.<\/p>\n\n\n\n<figure class=\"wp-block-image\"><img decoding=\"async\" src=\"https:\/\/www.eldiariodelapampa.com.ar\/\/img\/publicaciones\/2022\/10\/06\/alta\/211368-t.jpg\" alt=\"\"\/><\/figure>\n\n\n\n<p>\u00abEs un hito en la Provincia\u00bb, dijo Roveda. \u00abEs una soluci\u00f3n de abastecimiento eficiente, con energ\u00eda limpia. Mejora el sistema el\u00e9ctrico provencial en cuanto a tensi\u00f3n, potencia y capacidad\u00bb, dijo.<\/p>\n\n\n\n<p>Roveda afirm\u00f3 que \u00abesto es una pol\u00edtica de Estado, no una pol\u00edtica p\u00fablica porque est\u00e1n todos los sectores\u00bb. Mencion\u00f3 al director P\u00e9rez y al director de las cooperativas, Carlos Santarrosa.<\/p>\n\n\n\n<p>Anunci\u00f3 que el parque generar\u00e1 7 megavatios de potencia. Pampetrol entregar\u00e1 la energ\u00eda a APE, que la distribuir\u00e1 en el sistema.<\/p>\n\n\n\n<p>Laura Giumelli dijo que \u00abel parque tiene que gsarantizar un minimo de 16 mil megavarios horas. Representa el 15% de la energ\u00eda que consumen los grandes usarios. Representa unos 4.300 hogares pampeanos y el doble de los hogares que tiene Victorica\u00bb, detall\u00f3.&nbsp;<\/p>\n\n\n\n<figure class=\"wp-block-image\"><img decoding=\"async\" src=\"https:\/\/www.eldiariodelapampa.com.ar\/\/img\/publicaciones\/2022\/10\/06\/alta\/211370-t.jpg\" alt=\"\"\/><\/figure>\n\n\n\n<p>El director Hugo P\u00e9rez destac\u00f3 que hubo siete empresas que compraron el pliego y cuatro que se presentaron. \u00abDos quedaron calificadas y no hubo impugnaciones a pesar que fue una disputa ardua\u00bb, dijo el exdiputado que hab??ia cuestionado otra licitaci\u00f3n anterior realizada por Pampetrol.<\/p>\n\n\n\n<p>La adjudicaci\u00f3n se fund\u00f3 en el dictamen un\u00e1nime emitido por la Comisi\u00f3n evaluadora, integrada por el director Hugo P\u00e9rez, la gerente de Nuevos Negocios, Laura Giumelli, el representante por el Poder Ejecutivo Provincial, Alejandro Vicente, el director Carlos Santarrosa y la presidente de Pampetrol SAPEM, Mar\u00eda de los \u00c1ngeles Roveda.<\/p>\n\n\n\n<figure class=\"wp-block-image\"><img decoding=\"async\" src=\"https:\/\/www.eldiariodelapampa.com.ar\/\/img\/publicaciones\/2022\/10\/06\/alta\/211374-t.jpg\" alt=\"\"\/><\/figure>\n\n\n\n<p>La construcci\u00f3n del parque fotovolt\u00e1ico de Victorica se adjudic\u00f3 a la firma Ingalfa S.A. . En orden de m\u00e9rito qued\u00f3 en segundo lugar la firma Ambiente y Energ\u00eda S.A.S &#8211; Riva S.A.I.I.C.F.A (UT). Asimismo, la Comisi\u00f3n concluy\u00f3 conveniente rechazar la propuesta de Powerchina Ltd. Sucursal Argentina, integrada por muchos componentes dolarizados, y en el caso de Teyma Abengoa S.A &#8211; Chint Electrics Limited por el alto costo de la oferta presentada.<\/p>\n\n\n\n<p>La oferta seleccionada tiene un monto de obra que asciende a U$S 8.168.620 y un plazo de ejecuci\u00f3n estimado de 270 d\u00edas.<\/p>\n\n\n\n<p>Fuente: https:\/\/www.eldiariodelapampa.com.ar\/la-pampa\/6431\/parque-fotovoltaico&#8211;estaria-en-funcionamiento-en-9-meses<\/p>\n","protected":false},"excerpt":{"rendered":"","protected":false},"author":6,"featured_media":76457,"comment_status":"open","ping_status":"open","sticky":false,"template":"","format":"standard","meta":{"site-sidebar-layout":"default","site-content-layout":"","ast-site-content-layout":"default","site-content-style":"default","site-sidebar-style":"default","ast-global-header-display":"","ast-banner-title-visibility":"","ast-main-header-display":"","ast-hfb-above-header-display":"","ast-hfb-below-header-display":"","ast-hfb-mobile-header-display":"","site-post-title":"","ast-breadcrumbs-content":"","ast-featured-img":"","footer-sml-layout":"","ast-disable-related-posts":"","theme-transparent-header-meta":"","adv-header-id-meta":"","stick-header-meta":"","header-above-stick-meta":"","header-main-stick-meta":"","header-below-stick-meta":"","astra-migrate-meta-layouts":"default","ast-page-background-enabled":"default","ast-page-background-meta":{"desktop":{"background-color":"var(--ast-global-color-5)","background-image":"","background-repeat":"repeat","background-position":"center center","background-size":"auto","background-attachment":"scroll","background-type":"","background-media":"","overlay-type":"","overlay-color":"","overlay-opacity":"","overlay-gradient":""},"tablet":{"background-color":"","background-image":"","background-repeat":"repeat","background-position":"center center","background-size":"auto","background-attachment":"scroll","background-type":"","background-media":"","overlay-type":"","overlay-color":"","overlay-opacity":"","overlay-gradient":""},"mobile":{"background-color":"","background-image":"","background-repeat":"repeat","background-position":"center center","background-size":"auto","background-attachment":"scroll","background-type":"","background-media":"","overlay-type":"","overlay-color":"","overlay-opacity":"","overlay-gradient":""}},"ast-content-background-meta":{"desktop":{"background-color":"var(--ast-global-color-4)","background-image":"","background-repeat":"repeat","background-position":"center center","background-size":"auto","background-attachment":"scroll","background-type":"","background-media":"","overlay-type":"","overlay-color":"","overlay-opacity":"","overlay-gradient":""},"tablet":{"background-color":"var(--ast-global-color-4)","background-image":"","background-repeat":"repeat","background-position":"center center","background-size":"auto","background-attachment":"scroll","background-type":"","background-media":"","overlay-type":"","overlay-color":"","overlay-opacity":"","overlay-gradient":""},"mobile":{"background-color":"var(--ast-global-color-4)","background-image":"","background-repeat":"repeat","background-position":"center center","background-size":"auto","background-attachment":"scroll","background-type":"","background-media":"","overlay-type":"","overlay-color":"","overlay-opacity":"","overlay-gradient":""}},"footnotes":""},"categories":[1],"tags":[],"class_list":["post-76455","post","type-post","status-publish","format-standard","has-post-thumbnail","hentry","category-noticias"],"yoast_head":"<!-- This site is optimized with the Yoast SEO Premium plugin v23.0 (Yoast SEO v27.4) - https:\/\/yoast.com\/product\/yoast-seo-premium-wordpress\/ -->\n<title>Parque Fotovoltaico: estar\u00eda en funcionamiento en 9 meses<\/title>\n<meta name=\"robots\" content=\"index, follow, max-snippet:-1, max-image-preview:large, max-video-preview:-1\" \/>\n<link rel=\"canonical\" href=\"https:\/\/patagoniambiental.com.ar\/info\/parque-fotovoltaico-estaria-en-funcionamiento-en-9-meses\/\" \/>\n<meta property=\"og:locale\" content=\"es_ES\" \/>\n<meta property=\"og:type\" content=\"article\" \/>\n<meta property=\"og:title\" content=\"Parque Fotovoltaico: estar\u00eda en funcionamiento en 9 meses\" \/>\n<meta property=\"og:url\" content=\"https:\/\/patagoniambiental.com.ar\/info\/parque-fotovoltaico-estaria-en-funcionamiento-en-9-meses\/\" \/>\n<meta property=\"og:site_name\" content=\"Patagonia Ambiental\" \/>\n<meta property=\"article:publisher\" content=\"https:\/\/www.facebook.com\/patagonia.ambiental\" \/>\n<meta property=\"article:published_time\" content=\"2022-10-21T10:00:00+00:00\" \/>\n<meta property=\"og:image\" content=\"https:\/\/patagoniambiental.com.ar\/info\/wp-content\/uploads\/2022\/10\/Sin-titulollnl.png\" \/>\n\t<meta property=\"og:image:width\" content=\"772\" \/>\n\t<meta property=\"og:image:height\" content=\"385\" \/>\n\t<meta property=\"og:image:type\" content=\"image\/png\" \/>\n<meta name=\"author\" content=\"BRAIAN ESTEVEZ\" \/>\n<meta name=\"twitter:card\" content=\"summary_large_image\" \/>\n<meta name=\"twitter:creator\" content=\"@PatAmb\" \/>\n<meta name=\"twitter:site\" content=\"@PatAmb\" \/>\n<script type=\"application\/ld+json\" class=\"yoast-schema-graph\">{\"@context\":\"https:\\\/\\\/schema.org\",\"@graph\":[{\"@type\":\"Article\",\"@id\":\"https:\\\/\\\/patagoniambiental.com.ar\\\/info\\\/parque-fotovoltaico-estaria-en-funcionamiento-en-9-meses\\\/#article\",\"isPartOf\":{\"@id\":\"https:\\\/\\\/patagoniambiental.com.ar\\\/info\\\/parque-fotovoltaico-estaria-en-funcionamiento-en-9-meses\\\/\"},\"author\":{\"name\":\"BRAIAN ESTEVEZ\",\"@id\":\"https:\\\/\\\/patagoniambiental.com.ar\\\/info\\\/#\\\/schema\\\/person\\\/e5af09d700b2e82cb10c6b8800e0c691\"},\"headline\":\"Parque Fotovoltaico: estar\u00eda en funcionamiento en 9 meses\",\"datePublished\":\"2022-10-21T10:00:00+00:00\",\"mainEntityOfPage\":{\"@id\":\"https:\\\/\\\/patagoniambiental.com.ar\\\/info\\\/parque-fotovoltaico-estaria-en-funcionamiento-en-9-meses\\\/\"},\"wordCount\":433,\"commentCount\":0,\"publisher\":{\"@id\":\"https:\\\/\\\/patagoniambiental.com.ar\\\/info\\\/#organization\"},\"image\":{\"@id\":\"https:\\\/\\\/patagoniambiental.com.ar\\\/info\\\/parque-fotovoltaico-estaria-en-funcionamiento-en-9-meses\\\/#primaryimage\"},\"thumbnailUrl\":\"https:\\\/\\\/patagoniambiental.com.ar\\\/info\\\/wp-content\\\/uploads\\\/2022\\\/10\\\/Sin-titulollnl.png\",\"articleSection\":[\"Noticias\"],\"inLanguage\":\"es\",\"potentialAction\":[{\"@type\":\"CommentAction\",\"name\":\"Comment\",\"target\":[\"https:\\\/\\\/patagoniambiental.com.ar\\\/info\\\/parque-fotovoltaico-estaria-en-funcionamiento-en-9-meses\\\/#respond\"]}]},{\"@type\":\"WebPage\",\"@id\":\"https:\\\/\\\/patagoniambiental.com.ar\\\/info\\\/parque-fotovoltaico-estaria-en-funcionamiento-en-9-meses\\\/\",\"url\":\"https:\\\/\\\/patagoniambiental.com.ar\\\/info\\\/parque-fotovoltaico-estaria-en-funcionamiento-en-9-meses\\\/\",\"name\":\"Parque Fotovoltaico: estar\u00eda en funcionamiento en 9 meses\",\"isPartOf\":{\"@id\":\"https:\\\/\\\/patagoniambiental.com.ar\\\/info\\\/#website\"},\"primaryImageOfPage\":{\"@id\":\"https:\\\/\\\/patagoniambiental.com.ar\\\/info\\\/parque-fotovoltaico-estaria-en-funcionamiento-en-9-meses\\\/#primaryimage\"},\"image\":{\"@id\":\"https:\\\/\\\/patagoniambiental.com.ar\\\/info\\\/parque-fotovoltaico-estaria-en-funcionamiento-en-9-meses\\\/#primaryimage\"},\"thumbnailUrl\":\"https:\\\/\\\/patagoniambiental.com.ar\\\/info\\\/wp-content\\\/uploads\\\/2022\\\/10\\\/Sin-titulollnl.png\",\"datePublished\":\"2022-10-21T10:00:00+00:00\",\"breadcrumb\":{\"@id\":\"https:\\\/\\\/patagoniambiental.com.ar\\\/info\\\/parque-fotovoltaico-estaria-en-funcionamiento-en-9-meses\\\/#breadcrumb\"},\"inLanguage\":\"es\",\"potentialAction\":[{\"@type\":\"ReadAction\",\"target\":[\"https:\\\/\\\/patagoniambiental.com.ar\\\/info\\\/parque-fotovoltaico-estaria-en-funcionamiento-en-9-meses\\\/\"]}]},{\"@type\":\"ImageObject\",\"inLanguage\":\"es\",\"@id\":\"https:\\\/\\\/patagoniambiental.com.ar\\\/info\\\/parque-fotovoltaico-estaria-en-funcionamiento-en-9-meses\\\/#primaryimage\",\"url\":\"https:\\\/\\\/patagoniambiental.com.ar\\\/info\\\/wp-content\\\/uploads\\\/2022\\\/10\\\/Sin-titulollnl.png\",\"contentUrl\":\"https:\\\/\\\/patagoniambiental.com.ar\\\/info\\\/wp-content\\\/uploads\\\/2022\\\/10\\\/Sin-titulollnl.png\",\"width\":772,\"height\":385},{\"@type\":\"BreadcrumbList\",\"@id\":\"https:\\\/\\\/patagoniambiental.com.ar\\\/info\\\/parque-fotovoltaico-estaria-en-funcionamiento-en-9-meses\\\/#breadcrumb\",\"itemListElement\":[{\"@type\":\"ListItem\",\"position\":1,\"name\":\"Inicio\",\"item\":\"https:\\\/\\\/patagoniambiental.com.ar\\\/info\\\/\"},{\"@type\":\"ListItem\",\"position\":2,\"name\":\"Parque Fotovoltaico: estar\u00eda en funcionamiento en 9 meses\"}]},{\"@type\":\"WebSite\",\"@id\":\"https:\\\/\\\/patagoniambiental.com.ar\\\/info\\\/#website\",\"url\":\"https:\\\/\\\/patagoniambiental.com.ar\\\/info\\\/\",\"name\":\"Patagonia Ambiental\",\"description\":\"Monitoreo y an\u00e1lisis de la situaci\u00f3n geopol\u00edtica en el mundo y su implicancia en la Patagonia\",\"publisher\":{\"@id\":\"https:\\\/\\\/patagoniambiental.com.ar\\\/info\\\/#organization\"},\"potentialAction\":[{\"@type\":\"SearchAction\",\"target\":{\"@type\":\"EntryPoint\",\"urlTemplate\":\"https:\\\/\\\/patagoniambiental.com.ar\\\/info\\\/?s={search_term_string}\"},\"query-input\":{\"@type\":\"PropertyValueSpecification\",\"valueRequired\":true,\"valueName\":\"search_term_string\"}}],\"inLanguage\":\"es\"},{\"@type\":\"Organization\",\"@id\":\"https:\\\/\\\/patagoniambiental.com.ar\\\/info\\\/#organization\",\"name\":\"Patagonia Ambiental\",\"url\":\"https:\\\/\\\/patagoniambiental.com.ar\\\/info\\\/\",\"logo\":{\"@type\":\"ImageObject\",\"inLanguage\":\"es\",\"@id\":\"https:\\\/\\\/patagoniambiental.com.ar\\\/info\\\/#\\\/schema\\\/logo\\\/image\\\/\",\"url\":\"https:\\\/\\\/patagoniambiental.com.ar\\\/info\\\/wp-content\\\/uploads\\\/2025\\\/05\\\/LOGO-PATAGONIA-AMBIENTAL.png\",\"contentUrl\":\"https:\\\/\\\/patagoniambiental.com.ar\\\/info\\\/wp-content\\\/uploads\\\/2025\\\/05\\\/LOGO-PATAGONIA-AMBIENTAL.png\",\"width\":433,\"height\":250,\"caption\":\"Patagonia Ambiental\"},\"image\":{\"@id\":\"https:\\\/\\\/patagoniambiental.com.ar\\\/info\\\/#\\\/schema\\\/logo\\\/image\\\/\"},\"sameAs\":[\"https:\\\/\\\/www.facebook.com\\\/patagonia.ambiental\",\"https:\\\/\\\/x.com\\\/PatAmb\"]},{\"@type\":\"Person\",\"@id\":\"https:\\\/\\\/patagoniambiental.com.ar\\\/info\\\/#\\\/schema\\\/person\\\/e5af09d700b2e82cb10c6b8800e0c691\",\"name\":\"BRAIAN ESTEVEZ\",\"sameAs\":[\"http:\\\/\\\/www.patagoniambiental.com.ar\"]}]}<\/script>\n<!-- \/ Yoast SEO Premium plugin. -->","yoast_head_json":{"title":"Parque Fotovoltaico: estar\u00eda en funcionamiento en 9 meses","robots":{"index":"index","follow":"follow","max-snippet":"max-snippet:-1","max-image-preview":"max-image-preview:large","max-video-preview":"max-video-preview:-1"},"canonical":"https:\/\/patagoniambiental.com.ar\/info\/parque-fotovoltaico-estaria-en-funcionamiento-en-9-meses\/","og_locale":"es_ES","og_type":"article","og_title":"Parque Fotovoltaico: estar\u00eda en funcionamiento en 9 meses","og_url":"https:\/\/patagoniambiental.com.ar\/info\/parque-fotovoltaico-estaria-en-funcionamiento-en-9-meses\/","og_site_name":"Patagonia Ambiental","article_publisher":"https:\/\/www.facebook.com\/patagonia.ambiental","article_published_time":"2022-10-21T10:00:00+00:00","og_image":[{"width":772,"height":385,"url":"https:\/\/patagoniambiental.com.ar\/info\/wp-content\/uploads\/2022\/10\/Sin-titulollnl.png","type":"image\/png"}],"author":"BRAIAN ESTEVEZ","twitter_card":"summary_large_image","twitter_creator":"@PatAmb","twitter_site":"@PatAmb","schema":{"@context":"https:\/\/schema.org","@graph":[{"@type":"Article","@id":"https:\/\/patagoniambiental.com.ar\/info\/parque-fotovoltaico-estaria-en-funcionamiento-en-9-meses\/#article","isPartOf":{"@id":"https:\/\/patagoniambiental.com.ar\/info\/parque-fotovoltaico-estaria-en-funcionamiento-en-9-meses\/"},"author":{"name":"BRAIAN ESTEVEZ","@id":"https:\/\/patagoniambiental.com.ar\/info\/#\/schema\/person\/e5af09d700b2e82cb10c6b8800e0c691"},"headline":"Parque Fotovoltaico: estar\u00eda en funcionamiento en 9 meses","datePublished":"2022-10-21T10:00:00+00:00","mainEntityOfPage":{"@id":"https:\/\/patagoniambiental.com.ar\/info\/parque-fotovoltaico-estaria-en-funcionamiento-en-9-meses\/"},"wordCount":433,"commentCount":0,"publisher":{"@id":"https:\/\/patagoniambiental.com.ar\/info\/#organization"},"image":{"@id":"https:\/\/patagoniambiental.com.ar\/info\/parque-fotovoltaico-estaria-en-funcionamiento-en-9-meses\/#primaryimage"},"thumbnailUrl":"https:\/\/patagoniambiental.com.ar\/info\/wp-content\/uploads\/2022\/10\/Sin-titulollnl.png","articleSection":["Noticias"],"inLanguage":"es","potentialAction":[{"@type":"CommentAction","name":"Comment","target":["https:\/\/patagoniambiental.com.ar\/info\/parque-fotovoltaico-estaria-en-funcionamiento-en-9-meses\/#respond"]}]},{"@type":"WebPage","@id":"https:\/\/patagoniambiental.com.ar\/info\/parque-fotovoltaico-estaria-en-funcionamiento-en-9-meses\/","url":"https:\/\/patagoniambiental.com.ar\/info\/parque-fotovoltaico-estaria-en-funcionamiento-en-9-meses\/","name":"Parque Fotovoltaico: estar\u00eda en funcionamiento en 9 meses","isPartOf":{"@id":"https:\/\/patagoniambiental.com.ar\/info\/#website"},"primaryImageOfPage":{"@id":"https:\/\/patagoniambiental.com.ar\/info\/parque-fotovoltaico-estaria-en-funcionamiento-en-9-meses\/#primaryimage"},"image":{"@id":"https:\/\/patagoniambiental.com.ar\/info\/parque-fotovoltaico-estaria-en-funcionamiento-en-9-meses\/#primaryimage"},"thumbnailUrl":"https:\/\/patagoniambiental.com.ar\/info\/wp-content\/uploads\/2022\/10\/Sin-titulollnl.png","datePublished":"2022-10-21T10:00:00+00:00","breadcrumb":{"@id":"https:\/\/patagoniambiental.com.ar\/info\/parque-fotovoltaico-estaria-en-funcionamiento-en-9-meses\/#breadcrumb"},"inLanguage":"es","potentialAction":[{"@type":"ReadAction","target":["https:\/\/patagoniambiental.com.ar\/info\/parque-fotovoltaico-estaria-en-funcionamiento-en-9-meses\/"]}]},{"@type":"ImageObject","inLanguage":"es","@id":"https:\/\/patagoniambiental.com.ar\/info\/parque-fotovoltaico-estaria-en-funcionamiento-en-9-meses\/#primaryimage","url":"https:\/\/patagoniambiental.com.ar\/info\/wp-content\/uploads\/2022\/10\/Sin-titulollnl.png","contentUrl":"https:\/\/patagoniambiental.com.ar\/info\/wp-content\/uploads\/2022\/10\/Sin-titulollnl.png","width":772,"height":385},{"@type":"BreadcrumbList","@id":"https:\/\/patagoniambiental.com.ar\/info\/parque-fotovoltaico-estaria-en-funcionamiento-en-9-meses\/#breadcrumb","itemListElement":[{"@type":"ListItem","position":1,"name":"Inicio","item":"https:\/\/patagoniambiental.com.ar\/info\/"},{"@type":"ListItem","position":2,"name":"Parque Fotovoltaico: estar\u00eda en funcionamiento en 9 meses"}]},{"@type":"WebSite","@id":"https:\/\/patagoniambiental.com.ar\/info\/#website","url":"https:\/\/patagoniambiental.com.ar\/info\/","name":"Patagonia Ambiental","description":"Monitoreo y an\u00e1lisis de la situaci\u00f3n geopol\u00edtica en el mundo y su implicancia en la Patagonia","publisher":{"@id":"https:\/\/patagoniambiental.com.ar\/info\/#organization"},"potentialAction":[{"@type":"SearchAction","target":{"@type":"EntryPoint","urlTemplate":"https:\/\/patagoniambiental.com.ar\/info\/?s={search_term_string}"},"query-input":{"@type":"PropertyValueSpecification","valueRequired":true,"valueName":"search_term_string"}}],"inLanguage":"es"},{"@type":"Organization","@id":"https:\/\/patagoniambiental.com.ar\/info\/#organization","name":"Patagonia Ambiental","url":"https:\/\/patagoniambiental.com.ar\/info\/","logo":{"@type":"ImageObject","inLanguage":"es","@id":"https:\/\/patagoniambiental.com.ar\/info\/#\/schema\/logo\/image\/","url":"https:\/\/patagoniambiental.com.ar\/info\/wp-content\/uploads\/2025\/05\/LOGO-PATAGONIA-AMBIENTAL.png","contentUrl":"https:\/\/patagoniambiental.com.ar\/info\/wp-content\/uploads\/2025\/05\/LOGO-PATAGONIA-AMBIENTAL.png","width":433,"height":250,"caption":"Patagonia Ambiental"},"image":{"@id":"https:\/\/patagoniambiental.com.ar\/info\/#\/schema\/logo\/image\/"},"sameAs":["https:\/\/www.facebook.com\/patagonia.ambiental","https:\/\/x.com\/PatAmb"]},{"@type":"Person","@id":"https:\/\/patagoniambiental.com.ar\/info\/#\/schema\/person\/e5af09d700b2e82cb10c6b8800e0c691","name":"BRAIAN ESTEVEZ","sameAs":["http:\/\/www.patagoniambiental.com.ar"]}]}},"_links":{"self":[{"href":"https:\/\/patagoniambiental.com.ar\/info\/wp-json\/wp\/v2\/posts\/76455","targetHints":{"allow":["GET"]}}],"collection":[{"href":"https:\/\/patagoniambiental.com.ar\/info\/wp-json\/wp\/v2\/posts"}],"about":[{"href":"https:\/\/patagoniambiental.com.ar\/info\/wp-json\/wp\/v2\/types\/post"}],"author":[{"embeddable":true,"href":"https:\/\/patagoniambiental.com.ar\/info\/wp-json\/wp\/v2\/users\/6"}],"replies":[{"embeddable":true,"href":"https:\/\/patagoniambiental.com.ar\/info\/wp-json\/wp\/v2\/comments?post=76455"}],"version-history":[{"count":0,"href":"https:\/\/patagoniambiental.com.ar\/info\/wp-json\/wp\/v2\/posts\/76455\/revisions"}],"wp:featuredmedia":[{"embeddable":true,"href":"https:\/\/patagoniambiental.com.ar\/info\/wp-json\/wp\/v2\/media\/76457"}],"wp:attachment":[{"href":"https:\/\/patagoniambiental.com.ar\/info\/wp-json\/wp\/v2\/media?parent=76455"}],"wp:term":[{"taxonomy":"category","embeddable":true,"href":"https:\/\/patagoniambiental.com.ar\/info\/wp-json\/wp\/v2\/categories?post=76455"},{"taxonomy":"post_tag","embeddable":true,"href":"https:\/\/patagoniambiental.com.ar\/info\/wp-json\/wp\/v2\/tags?post=76455"}],"curies":[{"name":"wp","href":"https:\/\/api.w.org\/{rel}","templated":true}]}}